{"id":10960,"date":"2025-10-28T21:17:14","date_gmt":"2025-10-28T20:17:14","guid":{"rendered":"https:\/\/vieassociative.be\/actualites\/netanyahu-annonce-des-attaques-intenses-dans-la-bande-de-gaza\/"},"modified":"2025-10-28T21:17:14","modified_gmt":"2025-10-28T20:17:14","slug":"netanyahu-annonce-des-attaques-intenses-dans-la-bande-de-gaza","status":"publish","type":"post","link":"https:\/\/vieassociative.be\/actualites\/netanyahu-annonce-des-attaques-intenses-dans-la-bande-de-gaza\/","title":{"rendered":"Netanyahu annonce des \u00ab attaques intenses \u00bb dans la bande de Gaza"},"content":{"rendered":"<p><strong>Malgr\u00e9 un cessez-le-feu, la situation dans la bande de Gaza s&rsquo;aggrave \u00e0 nouveau. Apr\u00e8s des informations faisant \u00e9tat d&rsquo;\u00e9changes de tirs, le Premier ministre isra\u00e9lien ordonne de nouvelles attaques dans la bande c\u00f4ti\u00e8re en grande partie d\u00e9truite.<\/strong><\/p>\n<p><span id=\"more-428297\"><\/span>Le Premier ministre isra\u00e9lien Benjamin Netanyahu a ordonn\u00e9 \u00e0 l&rsquo;arm\u00e9e de mener imm\u00e9diatement des \u00ab attaques intenses \u00bb dans la bande de Gaza. Le bureau de Netanyahu l&rsquo;a annonc\u00e9 apr\u00e8s une consultation sur la s\u00e9curit\u00e9 avec le chef du gouvernement.<\/p>\n<p>Selon les m\u00e9dias, des \u00e9changes de tirs avaient d\u00e9j\u00e0 \u00e9clat\u00e9 dans le sud de la bande de Gaza malgr\u00e9 le cessez-le-feu. La radio militaire isra\u00e9lienne a rapport\u00e9 que des membres arm\u00e9s de l&rsquo;organisation terroriste Hamas avaient tir\u00e9 sur des soldats isra\u00e9liens. <\/p>\n<p>Selon des t\u00e9moins oculaires palestiniens, plusieurs zones de la r\u00e9gion de Rafah ont ensuite \u00e9t\u00e9 pilonn\u00e9es par l&rsquo;artillerie. Toutes les informations ne peuvent actuellement pas \u00eatre v\u00e9rifi\u00e9es de mani\u00e8re ind\u00e9pendante.<\/p>\n<div id=\"attachment_428299\" class=\"wp-caption alignnone\" style=\"max-width: 300px\"><img fetchpriority=\"high\" decoding=\"async\" class=\"size-medium wp-image-428299\" src=\"https:\/\/vieassociative.be\/actualites\/wp-content\/uploads\/2025\/10\/Netanyahu-annonce-des-attaques-intenses-dans-la-bande.jpg\" alt=\"\" width=\"300\" height=\"200\"><\/div>\n<p><strong>\u2013 Plus de 90 Palestiniens d\u00e9j\u00e0 tu\u00e9s malgr\u00e9 le cessez-le-feu :<\/strong> Des incidents meurtriers se sont r\u00e9p\u00e9t\u00e9s depuis le d\u00e9but du cessez-le-feu entre Isra\u00ebl et le Hamas le 10 octobre dans le cadre du plan de paix du pr\u00e9sident am\u00e9ricain Donald Trump. Selon les autorit\u00e9s sanitaires contr\u00f4l\u00e9es par le Hamas, plus de 90 Palestiniens ont d\u00e9j\u00e0 \u00e9t\u00e9 tu\u00e9s. Il y a un peu plus d&rsquo;une semaine, deux soldats isra\u00e9liens ont \u00e9t\u00e9 tu\u00e9s dans une attaque \u00e0 la grenade propuls\u00e9e par une roquette.<\/p>\n<p><strong>\u2013 Le Hamas annonce la remise d\u2019un autre corps d\u2019otage :<\/strong> Apr\u00e8s avoir remis les restes d&rsquo;un otage d\u00e9j\u00e0 enterr\u00e9, le Hamas a annonc\u00e9 qu&rsquo;il remettrait un autre corps. Celui-ci devrait \u00eatre remis \u00e0 20 heures. heure locale (19 heures CET), selon un message de la branche militaire du Hamas, les Brigades Qassam, sur Telegram. Le corps a \u00e9t\u00e9 retrouv\u00e9 dans un tunnel.<\/p>\n<div id=\"attachment_428302\" class=\"wp-caption alignleft\" style=\"max-width: 300px\"><img decoding=\"async\" class=\"wp-image-428302 size-medium\" src=\"https:\/\/vieassociative.be\/actualites\/wp-content\/uploads\/2025\/10\/1761682634_301_Netanyahu-annonce-des-attaques-intenses-dans-la-bande.jpg\" alt=\"\" width=\"300\" height=\"200\"><\/div>\n<p>Jusqu&rsquo;\u00e0 pr\u00e9sent, les restes des otages ont toujours \u00e9t\u00e9 remis par les repr\u00e9sentants du Comit\u00e9 international de la Croix-Rouge (CICR). Lundi soir, le Hamas a de nouveau restitu\u00e9 les restes. Cependant, des enqu\u00eates m\u00e9dico-l\u00e9gales en Isra\u00ebl ont r\u00e9v\u00e9l\u00e9 qu&rsquo;il s&rsquo;agissait d&rsquo;un Isra\u00e9lien dont l&rsquo;arm\u00e9e avait d\u00e9j\u00e0 amen\u00e9 le corps en Isra\u00ebl \u00e0 l&rsquo;automne 2023. Cela a suscit\u00e9 une grande col\u00e8re et une grande indignation en Isra\u00ebl et a \u00e9t\u00e9 la raison de la consultation de s\u00e9curit\u00e9 de Netanyahu pour discuter de la mani\u00e8re de proc\u00e9der.<\/p>\n<p>Retard dans la remise des corps d&rsquo;otages : dans le cadre du plan de paix du pr\u00e9sident am\u00e9ricain Donald Trump, le Hamas aurait d\u00fb remettre un total de 28 corps d&rsquo;otages il y a plus de deux semaines. Cependant, l&rsquo;organisation terroriste n&rsquo;a pas encore restitu\u00e9 13 corps et explique cela par les conditions difficiles sur place. Selon les m\u00e9dias, Isra\u00ebl envisagerait d\u00e9sormais, entre autres choses, d\u2019\u00e9tendre la zone qu\u2019il contr\u00f4le encore dans la bande c\u00f4ti\u00e8re en r\u00e9ponse \u00e0 ce retard.<\/p>\n","protected":false},"excerpt":{"rendered":"<p>Malgr\u00e9 un cessez-le-feu, la situation dans la bande de Gaza s&rsquo;aggrave \u00e0 nouveau. Apr\u00e8s des informations faisant \u00e9tat d&rsquo;\u00e9changes de tirs, le Premier ministre isra\u00e9lien<\/p>\n","protected":false},"author":1,"featured_media":10961,"comment_status":"","ping_status":"","sticky":false,"template":"","format":"standard","meta":{"footnotes":""},"categories":[298],"tags":[1987,2959,4945,166,29,4755,9066,7658],"class_list":["post-10960","post","type-post","status-publish","format-standard","has-post-thumbnail","hentry","category-belgique","tag-annonce","tag-attaques","tag-bande","tag-dans","tag-des","tag-gaza","tag-intenses","tag-netanyahu","generate-columns","tablet-grid-50","mobile-grid-100","grid-parent","grid-33"],"yoast_head":"<!-- This site is optimized with the Yoast SEO plugin v24.0 - https:\/\/yoast.com\/wordpress\/plugins\/seo\/ -->\n<title>Netanyahu annonce des \u00ab attaques intenses \u00bb dans la bande de Gaza | Vie Associative<\/title>\n<meta name=\"robots\" content=\"index, follow, max-snippet:-1, max-image-preview:large, max-video-preview:-1\" \/>\n<link rel=\"canonical\" href=\"https:\/\/vieassociative.be\/actualites\/netanyahu-annonce-des-attaques-intenses-dans-la-bande-de-gaza\/\" \/>\n<meta property=\"og:locale\" content=\"fr_FR\" \/>\n<meta property=\"og:type\" content=\"article\" \/>\n<meta property=\"og:title\" content=\"Netanyahu annonce des \u00ab attaques intenses \u00bb dans la bande de Gaza | Vie Associative\" \/>\n<meta property=\"og:description\" content=\"Malgr\u00e9 un cessez-le-feu, la situation dans la bande de Gaza s&rsquo;aggrave \u00e0 nouveau. Apr\u00e8s des informations faisant \u00e9tat d&rsquo;\u00e9changes de tirs, le Premier ministre isra\u00e9lien\" \/>\n<meta property=\"og:url\" content=\"https:\/\/vieassociative.be\/actualites\/netanyahu-annonce-des-attaques-intenses-dans-la-bande-de-gaza\/\" \/>\n<meta property=\"og:site_name\" content=\"Vie Associative\" \/>\n<meta property=\"article:published_time\" content=\"2025-10-28T20:17:14+00:00\" \/>\n<meta property=\"og:image\" content=\"https:\/\/vieassociative.be\/actualites\/wp-content\/uploads\/2024\/09\/header_backgroundk-01-e1726694325946.png\" \/>\n\t<meta property=\"og:image:width\" content=\"279\" \/>\n\t<meta property=\"og:image:height\" content=\"92\" \/>\n\t<meta property=\"og:image:type\" content=\"image\/png\" \/>\n<meta name=\"author\" content=\"Julien\" \/>\n<meta name=\"twitter:card\" content=\"summary_large_image\" \/>\n<meta name=\"twitter:label1\" content=\"\u00c9crit par\" \/>\n\t<meta name=\"twitter:data1\" content=\"Julien\" \/>\n\t<meta name=\"twitter:label2\" content=\"Dur\u00e9e de lecture est.\" \/>\n\t<meta name=\"twitter:data2\" content=\"3 minutes\" \/>\n<script type=\"application\/ld+json\" class=\"yoast-schema-graph\">{\"@context\":\"https:\/\/schema.org\",\"@graph\":[{\"@type\":\"Article\",\"@id\":\"https:\/\/vieassociative.be\/actualites\/netanyahu-annonce-des-attaques-intenses-dans-la-bande-de-gaza\/#article\",\"isPartOf\":{\"@id\":\"https:\/\/vieassociative.be\/actualites\/netanyahu-annonce-des-attaques-intenses-dans-la-bande-de-gaza\/\"},\"author\":{\"name\":\"Julien\",\"@id\":\"https:\/\/vieassociative.be\/actualites\/#\/schema\/person\/b87ac4f82f9d4e7b7cec7395b679edc4\"},\"headline\":\"Netanyahu annonce des \u00ab attaques intenses \u00bb dans la bande de Gaza\",\"datePublished\":\"2025-10-28T20:17:14+00:00\",\"dateModified\":\"2025-10-28T20:17:14+00:00\",\"mainEntityOfPage\":{\"@id\":\"https:\/\/vieassociative.be\/actualites\/netanyahu-annonce-des-attaques-intenses-dans-la-bande-de-gaza\/\"},\"wordCount\":536,\"publisher\":{\"@id\":\"https:\/\/vieassociative.be\/actualites\/#organization\"},\"image\":{\"@id\":\"https:\/\/vieassociative.be\/actualites\/netanyahu-annonce-des-attaques-intenses-dans-la-bande-de-gaza\/#primaryimage\"},\"thumbnailUrl\":\"https:\/\/vieassociative.be\/actualites\/wp-content\/uploads\/2025\/10\/1761682635_Netanyahu-annonce-des-attaques-intenses-dans-la-bande.jpg\",\"keywords\":[\"annonce\",\"attaques\",\"bande\",\"dans\",\"Des\",\"Gaza\",\"intenses\",\"Netanyahu\"],\"articleSection\":[\"Belgique\"],\"inLanguage\":\"fr-BE\"},{\"@type\":\"WebPage\",\"@id\":\"https:\/\/vieassociative.be\/actualites\/netanyahu-annonce-des-attaques-intenses-dans-la-bande-de-gaza\/\",\"url\":\"https:\/\/vieassociative.be\/actualites\/netanyahu-annonce-des-attaques-intenses-dans-la-bande-de-gaza\/\",\"name\":\"Netanyahu annonce des \u00ab attaques intenses \u00bb dans la bande de Gaza | Vie Associative\",\"isPartOf\":{\"@id\":\"https:\/\/vieassociative.be\/actualites\/#website\"},\"primaryImageOfPage\":{\"@id\":\"https:\/\/vieassociative.be\/actualites\/netanyahu-annonce-des-attaques-intenses-dans-la-bande-de-gaza\/#primaryimage\"},\"image\":{\"@id\":\"https:\/\/vieassociative.be\/actualites\/netanyahu-annonce-des-attaques-intenses-dans-la-bande-de-gaza\/#primaryimage\"},\"thumbnailUrl\":\"https:\/\/vieassociative.be\/actualites\/wp-content\/uploads\/2025\/10\/1761682635_Netanyahu-annonce-des-attaques-intenses-dans-la-bande.jpg\",\"datePublished\":\"2025-10-28T20:17:14+00:00\",\"dateModified\":\"2025-10-28T20:17:14+00:00\",\"breadcrumb\":{\"@id\":\"https:\/\/vieassociative.be\/actualites\/netanyahu-annonce-des-attaques-intenses-dans-la-bande-de-gaza\/#breadcrumb\"},\"inLanguage\":\"fr-BE\",\"potentialAction\":[{\"@type\":\"ReadAction\",\"target\":[\"https:\/\/vieassociative.be\/actualites\/netanyahu-annonce-des-attaques-intenses-dans-la-bande-de-gaza\/\"]}]},{\"@type\":\"ImageObject\",\"inLanguage\":\"fr-BE\",\"@id\":\"https:\/\/vieassociative.be\/actualites\/netanyahu-annonce-des-attaques-intenses-dans-la-bande-de-gaza\/#primaryimage\",\"url\":\"https:\/\/vieassociative.be\/actualites\/wp-content\/uploads\/2025\/10\/1761682635_Netanyahu-annonce-des-attaques-intenses-dans-la-bande.jpg\",\"contentUrl\":\"https:\/\/vieassociative.be\/actualites\/wp-content\/uploads\/2025\/10\/1761682635_Netanyahu-annonce-des-attaques-intenses-dans-la-bande.jpg\",\"width\":1200,\"height\":800,\"caption\":\"Netanyahu annonce des \u00ab attaques intenses \u00bb dans la bande de Gaza\"},{\"@type\":\"BreadcrumbList\",\"@id\":\"https:\/\/vieassociative.be\/actualites\/netanyahu-annonce-des-attaques-intenses-dans-la-bande-de-gaza\/#breadcrumb\",\"itemListElement\":[{\"@type\":\"ListItem\",\"position\":1,\"name\":\"Accueil\",\"item\":\"https:\/\/vieassociative.be\/actualites\/\"},{\"@type\":\"ListItem\",\"position\":2,\"name\":\"Netanyahu annonce des \u00ab attaques intenses \u00bb dans la bande de Gaza\"}]},{\"@type\":\"WebSite\",\"@id\":\"https:\/\/vieassociative.be\/actualites\/#website\",\"url\":\"https:\/\/vieassociative.be\/actualites\/\",\"name\":\"Vie Associative\",\"description\":\"\",\"publisher\":{\"@id\":\"https:\/\/vieassociative.be\/actualites\/#organization\"},\"potentialAction\":[{\"@type\":\"SearchAction\",\"target\":{\"@type\":\"EntryPoint\",\"urlTemplate\":\"https:\/\/vieassociative.be\/actualites\/?s={search_term_string}\"},\"query-input\":{\"@type\":\"PropertyValueSpecification\",\"valueRequired\":true,\"valueName\":\"search_term_string\"}}],\"inLanguage\":\"fr-BE\"},{\"@type\":\"Organization\",\"@id\":\"https:\/\/vieassociative.be\/actualites\/#organization\",\"name\":\"Vie Associative\",\"url\":\"https:\/\/vieassociative.be\/actualites\/\",\"logo\":{\"@type\":\"ImageObject\",\"inLanguage\":\"fr-BE\",\"@id\":\"https:\/\/vieassociative.be\/actualites\/#\/schema\/logo\/image\/\",\"url\":\"https:\/\/vieassociative.be\/actualites\/wp-content\/uploads\/2024\/09\/cropped-vieassociative_favicon.ico.png\",\"contentUrl\":\"https:\/\/vieassociative.be\/actualites\/wp-content\/uploads\/2024\/09\/cropped-vieassociative_favicon.ico.png\",\"width\":512,\"height\":512,\"caption\":\"Vie Associative\"},\"image\":{\"@id\":\"https:\/\/vieassociative.be\/actualites\/#\/schema\/logo\/image\/\"}},{\"@type\":\"Person\",\"@id\":\"https:\/\/vieassociative.be\/actualites\/#\/schema\/person\/b87ac4f82f9d4e7b7cec7395b679edc4\",\"name\":\"Julien\",\"image\":{\"@type\":\"ImageObject\",\"inLanguage\":\"fr-BE\",\"@id\":\"https:\/\/vieassociative.be\/actualites\/#\/schema\/person\/image\/\",\"url\":\"https:\/\/vieassociative.be\/actualites\/wp-content\/uploads\/2024\/09\/vie-associative-1-150x150.jpg\",\"contentUrl\":\"https:\/\/vieassociative.be\/actualites\/wp-content\/uploads\/2024\/09\/vie-associative-1-150x150.jpg\",\"caption\":\"Julien\"},\"description\":\"Je suis Julien, r\u00e9dacteur pour Vie Associative. Passionn\u00e9 par le monde associatif depuis plus de 10 ans, j'ai \u00e0 c\u0153ur de partager des histoires inspirantes et de mettre en lumi\u00e8re les initiatives locales. Mon objectif est de sensibiliser et d'encourager l'engagement communautaire \u00e0 travers mes articles.\",\"sameAs\":[\"https:\/\/vieassociative.be\/\"]}]}<\/script>\n<!-- \/ Yoast SEO plugin. -->","yoast_head_json":{"title":"Netanyahu annonce des \u00ab attaques intenses \u00bb dans la bande de Gaza | Vie Associative","robots":{"index":"index","follow":"follow","max-snippet":"max-snippet:-1","max-image-preview":"max-image-preview:large","max-video-preview":"max-video-preview:-1"},"canonical":"https:\/\/vieassociative.be\/actualites\/netanyahu-annonce-des-attaques-intenses-dans-la-bande-de-gaza\/","og_locale":"fr_FR","og_type":"article","og_title":"Netanyahu annonce des \u00ab attaques intenses \u00bb dans la bande de Gaza | Vie Associative","og_description":"Malgr\u00e9 un cessez-le-feu, la situation dans la bande de Gaza s&rsquo;aggrave \u00e0 nouveau. Apr\u00e8s des informations faisant \u00e9tat d&rsquo;\u00e9changes de tirs, le Premier ministre isra\u00e9lien","og_url":"https:\/\/vieassociative.be\/actualites\/netanyahu-annonce-des-attaques-intenses-dans-la-bande-de-gaza\/","og_site_name":"Vie Associative","article_published_time":"2025-10-28T20:17:14+00:00","og_image":[{"width":279,"height":92,"url":"https:\/\/vieassociative.be\/actualites\/wp-content\/uploads\/2024\/09\/header_backgroundk-01-e1726694325946.png","type":"image\/png"}],"author":"Julien","twitter_card":"summary_large_image","twitter_misc":{"\u00c9crit par":"Julien","Dur\u00e9e de lecture est.":"3 minutes"},"schema":{"@context":"https:\/\/schema.org","@graph":[{"@type":"Article","@id":"https:\/\/vieassociative.be\/actualites\/netanyahu-annonce-des-attaques-intenses-dans-la-bande-de-gaza\/#article","isPartOf":{"@id":"https:\/\/vieassociative.be\/actualites\/netanyahu-annonce-des-attaques-intenses-dans-la-bande-de-gaza\/"},"author":{"name":"Julien","@id":"https:\/\/vieassociative.be\/actualites\/#\/schema\/person\/b87ac4f82f9d4e7b7cec7395b679edc4"},"headline":"Netanyahu annonce des \u00ab attaques intenses \u00bb dans la bande de Gaza","datePublished":"2025-10-28T20:17:14+00:00","dateModified":"2025-10-28T20:17:14+00:00","mainEntityOfPage":{"@id":"https:\/\/vieassociative.be\/actualites\/netanyahu-annonce-des-attaques-intenses-dans-la-bande-de-gaza\/"},"wordCount":536,"publisher":{"@id":"https:\/\/vieassociative.be\/actualites\/#organization"},"image":{"@id":"https:\/\/vieassociative.be\/actualites\/netanyahu-annonce-des-attaques-intenses-dans-la-bande-de-gaza\/#primaryimage"},"thumbnailUrl":"https:\/\/vieassociative.be\/actualites\/wp-content\/uploads\/2025\/10\/1761682635_Netanyahu-annonce-des-attaques-intenses-dans-la-bande.jpg","keywords":["annonce","attaques","bande","dans","Des","Gaza","intenses","Netanyahu"],"articleSection":["Belgique"],"inLanguage":"fr-BE"},{"@type":"WebPage","@id":"https:\/\/vieassociative.be\/actualites\/netanyahu-annonce-des-attaques-intenses-dans-la-bande-de-gaza\/","url":"https:\/\/vieassociative.be\/actualites\/netanyahu-annonce-des-attaques-intenses-dans-la-bande-de-gaza\/","name":"Netanyahu annonce des \u00ab attaques intenses \u00bb dans la bande de Gaza | Vie Associative","isPartOf":{"@id":"https:\/\/vieassociative.be\/actualites\/#website"},"primaryImageOfPage":{"@id":"https:\/\/vieassociative.be\/actualites\/netanyahu-annonce-des-attaques-intenses-dans-la-bande-de-gaza\/#primaryimage"},"image":{"@id":"https:\/\/vieassociative.be\/actualites\/netanyahu-annonce-des-attaques-intenses-dans-la-bande-de-gaza\/#primaryimage"},"thumbnailUrl":"https:\/\/vieassociative.be\/actualites\/wp-content\/uploads\/2025\/10\/1761682635_Netanyahu-annonce-des-attaques-intenses-dans-la-bande.jpg","datePublished":"2025-10-28T20:17:14+00:00","dateModified":"2025-10-28T20:17:14+00:00","breadcrumb":{"@id":"https:\/\/vieassociative.be\/actualites\/netanyahu-annonce-des-attaques-intenses-dans-la-bande-de-gaza\/#breadcrumb"},"inLanguage":"fr-BE","potentialAction":[{"@type":"ReadAction","target":["https:\/\/vieassociative.be\/actualites\/netanyahu-annonce-des-attaques-intenses-dans-la-bande-de-gaza\/"]}]},{"@type":"ImageObject","inLanguage":"fr-BE","@id":"https:\/\/vieassociative.be\/actualites\/netanyahu-annonce-des-attaques-intenses-dans-la-bande-de-gaza\/#primaryimage","url":"https:\/\/vieassociative.be\/actualites\/wp-content\/uploads\/2025\/10\/1761682635_Netanyahu-annonce-des-attaques-intenses-dans-la-bande.jpg","contentUrl":"https:\/\/vieassociative.be\/actualites\/wp-content\/uploads\/2025\/10\/1761682635_Netanyahu-annonce-des-attaques-intenses-dans-la-bande.jpg","width":1200,"height":800,"caption":"Netanyahu annonce des \u00ab attaques intenses \u00bb dans la bande de Gaza"},{"@type":"BreadcrumbList","@id":"https:\/\/vieassociative.be\/actualites\/netanyahu-annonce-des-attaques-intenses-dans-la-bande-de-gaza\/#breadcrumb","itemListElement":[{"@type":"ListItem","position":1,"name":"Accueil","item":"https:\/\/vieassociative.be\/actualites\/"},{"@type":"ListItem","position":2,"name":"Netanyahu annonce des \u00ab attaques intenses \u00bb dans la bande de Gaza"}]},{"@type":"WebSite","@id":"https:\/\/vieassociative.be\/actualites\/#website","url":"https:\/\/vieassociative.be\/actualites\/","name":"Vie Associative","description":"","publisher":{"@id":"https:\/\/vieassociative.be\/actualites\/#organization"},"potentialAction":[{"@type":"SearchAction","target":{"@type":"EntryPoint","urlTemplate":"https:\/\/vieassociative.be\/actualites\/?s={search_term_string}"},"query-input":{"@type":"PropertyValueSpecification","valueRequired":true,"valueName":"search_term_string"}}],"inLanguage":"fr-BE"},{"@type":"Organization","@id":"https:\/\/vieassociative.be\/actualites\/#organization","name":"Vie Associative","url":"https:\/\/vieassociative.be\/actualites\/","logo":{"@type":"ImageObject","inLanguage":"fr-BE","@id":"https:\/\/vieassociative.be\/actualites\/#\/schema\/logo\/image\/","url":"https:\/\/vieassociative.be\/actualites\/wp-content\/uploads\/2024\/09\/cropped-vieassociative_favicon.ico.png","contentUrl":"https:\/\/vieassociative.be\/actualites\/wp-content\/uploads\/2024\/09\/cropped-vieassociative_favicon.ico.png","width":512,"height":512,"caption":"Vie Associative"},"image":{"@id":"https:\/\/vieassociative.be\/actualites\/#\/schema\/logo\/image\/"}},{"@type":"Person","@id":"https:\/\/vieassociative.be\/actualites\/#\/schema\/person\/b87ac4f82f9d4e7b7cec7395b679edc4","name":"Julien","image":{"@type":"ImageObject","inLanguage":"fr-BE","@id":"https:\/\/vieassociative.be\/actualites\/#\/schema\/person\/image\/","url":"https:\/\/vieassociative.be\/actualites\/wp-content\/uploads\/2024\/09\/vie-associative-1-150x150.jpg","contentUrl":"https:\/\/vieassociative.be\/actualites\/wp-content\/uploads\/2024\/09\/vie-associative-1-150x150.jpg","caption":"Julien"},"description":"Je suis Julien, r\u00e9dacteur pour Vie Associative. Passionn\u00e9 par le monde associatif depuis plus de 10 ans, j'ai \u00e0 c\u0153ur de partager des histoires inspirantes et de mettre en lumi\u00e8re les initiatives locales. Mon objectif est de sensibiliser et d'encourager l'engagement communautaire \u00e0 travers mes articles.","sameAs":["https:\/\/vieassociative.be\/"]}]}},"_links":{"self":[{"href":"https:\/\/vieassociative.be\/actualites\/wp-json\/wp\/v2\/posts\/10960"}],"collection":[{"href":"https:\/\/vieassociative.be\/actualites\/wp-json\/wp\/v2\/posts"}],"about":[{"href":"https:\/\/vieassociative.be\/actualites\/wp-json\/wp\/v2\/types\/post"}],"author":[{"embeddable":true,"href":"https:\/\/vieassociative.be\/actualites\/wp-json\/wp\/v2\/users\/1"}],"replies":[{"embeddable":true,"href":"https:\/\/vieassociative.be\/actualites\/wp-json\/wp\/v2\/comments?post=10960"}],"version-history":[{"count":0,"href":"https:\/\/vieassociative.be\/actualites\/wp-json\/wp\/v2\/posts\/10960\/revisions"}],"wp:featuredmedia":[{"embeddable":true,"href":"https:\/\/vieassociative.be\/actualites\/wp-json\/wp\/v2\/media\/10961"}],"wp:attachment":[{"href":"https:\/\/vieassociative.be\/actualites\/wp-json\/wp\/v2\/media?parent=10960"}],"wp:term":[{"taxonomy":"category","embeddable":true,"href":"https:\/\/vieassociative.be\/actualites\/wp-json\/wp\/v2\/categories?post=10960"},{"taxonomy":"post_tag","embeddable":true,"href":"https:\/\/vieassociative.be\/actualites\/wp-json\/wp\/v2\/tags?post=10960"}],"curies":[{"name":"wp","href":"https:\/\/api.w.org\/{rel}","templated":true}]}}