{"id":10952,"date":"2025-10-28T15:18:38","date_gmt":"2025-10-28T14:18:38","guid":{"rendered":"https:\/\/vieassociative.be\/actualites\/pourquoi-la-reine-mathilde-est-lune-des-huit-femmes-dans-le-monde-autorisees-a-apparaitre-devant-le-pape-en-blanc\/"},"modified":"2025-10-28T15:18:38","modified_gmt":"2025-10-28T14:18:38","slug":"pourquoi-la-reine-mathilde-est-lune-des-huit-femmes-dans-le-monde-autorisees-a-apparaitre-devant-le-pape-en-blanc","status":"publish","type":"post","link":"https:\/\/vieassociative.be\/actualites\/pourquoi-la-reine-mathilde-est-lune-des-huit-femmes-dans-le-monde-autorisees-a-apparaitre-devant-le-pape-en-blanc\/","title":{"rendered":"Pourquoi la reine Mathilde est l&rsquo;une des huit femmes dans le monde autoris\u00e9es \u00e0 appara\u00eetre devant le pape en blanc"},"content":{"rendered":"<p><strong>Le couple royal belge a \u00e9t\u00e9 re\u00e7u lundi apr\u00e8s-midi par le pape L\u00e9on XIV au Vatican pour une audience priv\u00e9e. Pour cette occasion, la reine Mathilde portait une robe blanche avec un voile. En tant que reine catholique, elle est l\u2019une des huit femmes dans le monde \u00e0 b\u00e9n\u00e9ficier du soi-disant \u00ab privil\u00e8ge de la blancheur \u00bb.<\/strong><\/p>\n<p><span id=\"more-428262\"><\/span>Selon le protocole du Vatican, les femmes doivent g\u00e9n\u00e9ralement porter une longue robe noire \u00e0 manches longues, avec un voile ou une mantille couvrant la t\u00eate. La couleur noire symbolise la pi\u00e9t\u00e9 et l&rsquo;humilit\u00e9.<\/p>\n<p>Il existe cependant une exception : le \u00ab privil\u00e8ge blanc \u00bb, c\u2019est-\u00e0-dire le droit d\u2019appara\u00eetre en blanc lors d\u2019une audience papale. Ce privil\u00e8ge est r\u00e9serv\u00e9 exclusivement aux dirigeants catholiques ou aux \u00e9pouses catholiques de dirigeants catholiques.<\/p>\n<div id=\"attachment_428273\" class=\"wp-caption alignleft\" style=\"max-width: 300px\"><img fetchpriority=\"high\" decoding=\"async\" class=\"wp-image-428273 size-medium\" src=\"https:\/\/vieassociative.be\/actualites\/wp-content\/uploads\/2025\/10\/Pourquoi-la-reine-Mathilde-est-lune-des-huit-femmes-dans.jpg\" alt=\"\" width=\"300\" height=\"200\"><\/div>\n<p>Une r\u00e8gle non \u00e9crite stipule \u00e9galement que la femme qui b\u00e9n\u00e9ficie de ce privil\u00e8ge doit \u00eatre connue pour sa foi catholique sinc\u00e8re. C&rsquo;est sans doute le cas de la reine Mathilde. Le Pape doit \u00e9galement donner son consentement personnel.<\/p>\n<p>Seules huit femmes r\u00e9pondent \u00e0 ces crit\u00e8res : les deux reines de Belgique Paola et Mathilde, les grandes-duchesses Maria Teresa et St\u00e9phanie de Lannoy de Luxembourg, les reines d&rsquo;Espagne Sofia et Letizia, Marina Doria, princesse de Savoie (et reine d&rsquo;Italie si l&rsquo;Italie \u00e9tait encore une monarchie) et la princesse Charl\u00e8ne de Monaco. <\/p>\n<p>Cependant, la princesse Charl\u00e8ne de Monaco n&rsquo;a re\u00e7u l&rsquo;approbation du pape qu&rsquo;en 2013, ce qui explique pourquoi la princesse Grace de Monaco est toujours apparue en noir lors de ses audiences. Et bien que la reine M\u00e1xima des Pays-Bas soit catholique, elle doit \u00e9galement porter des v\u00eatements noirs lorsqu&rsquo;elle assiste \u00e0 une audience avec le pape, car son mari est protestant.<\/p>\n<div id=\"attachment_428275\" class=\"wp-caption alignleft\" style=\"max-width: 300px\"><img decoding=\"async\" class=\"wp-image-428275 size-medium\" src=\"https:\/\/vieassociative.be\/actualites\/wp-content\/uploads\/2025\/10\/1761661118_831_Pourquoi-la-reine-Mathilde-est-lune-des-huit-femmes-dans.jpg\" alt=\"\" width=\"300\" height=\"200\"><\/div>\n<p>Le roi Philippe et la reine Mathilde avaient apport\u00e9 un cadeau au pape L\u00e9on XIV. Le chef de l&rsquo;Etat belge a remis au pontife une bo\u00eete de chocolats belges de la marque Neuhaus. Ces chocolats sont tr\u00e8s appr\u00e9ci\u00e9s \u00e0 l\u2019\u00e9tranger, notamment aux \u00c9tats-Unis, pays d\u2019origine du pape.<\/p>\n<p>La semaine derni\u00e8re, le pape a re\u00e7u le roi Charles III, chef de l&rsquo;\u00c9glise d&rsquo;Angleterre, et la reine Camilla. Charles a \u00e9t\u00e9 le premier monarque britannique \u00e0 prier publiquement avec un pape depuis le schisme anglican du XVIe si\u00e8cle, soit pr\u00e8s de 500 ans, lors d&rsquo;une c\u00e9r\u00e9monie dirig\u00e9e par le pape dans la chapelle Sixtine.<\/p>\n<p>D\u00e9but mai, Robert Francis Pr\u00e9vost a \u00e9t\u00e9 \u00e9lu premier pape d&rsquo;origine am\u00e9ricaine et chef spirituel d&rsquo;environ 1,4 milliard de catholiques. Il succ\u00e8de au pape Fran\u00e7ois, d\u00e9c\u00e9d\u00e9 le 21 avril. (cr\u00e9er)<\/p>\n","protected":false},"excerpt":{"rendered":"<p>Le couple royal belge a \u00e9t\u00e9 re\u00e7u lundi apr\u00e8s-midi par le pape L\u00e9on XIV au Vatican pour une audience priv\u00e9e. Pour cette occasion, la reine<\/p>\n","protected":false},"author":1,"featured_media":10953,"comment_status":"","ping_status":"","sticky":false,"template":"","format":"standard","meta":{"footnotes":""},"categories":[298],"tags":[9063,9062,104,166,29,2381,76,1842,78,1820,8728,237,4201,734,7586],"class_list":["post-10952","post","type-post","status-publish","format-standard","has-post-thumbnail","hentry","category-belgique","tag-apparaitre","tag-autorisees","tag-blanc","tag-dans","tag-des","tag-devant","tag-est","tag-femmes","tag-huit","tag-lune","tag-mathilde","tag-monde","tag-pape","tag-pourquoi","tag-reine","generate-columns","tablet-grid-50","mobile-grid-100","grid-parent","grid-33"],"yoast_head":"<!-- This site is optimized with the Yoast SEO plugin v24.0 - https:\/\/yoast.com\/wordpress\/plugins\/seo\/ -->\n<title>Pourquoi la reine Mathilde est l&#039;une des huit femmes dans le monde autoris\u00e9es \u00e0 appara\u00eetre devant le pape en blanc | Vie Associative<\/title>\n<meta name=\"robots\" content=\"index, follow, max-snippet:-1, max-image-preview:large, max-video-preview:-1\" \/>\n<link rel=\"canonical\" href=\"https:\/\/vieassociative.be\/actualites\/pourquoi-la-reine-mathilde-est-lune-des-huit-femmes-dans-le-monde-autorisees-a-apparaitre-devant-le-pape-en-blanc\/\" \/>\n<meta property=\"og:locale\" content=\"fr_FR\" \/>\n<meta property=\"og:type\" content=\"article\" \/>\n<meta property=\"og:title\" content=\"Pourquoi la reine Mathilde est l&#039;une des huit femmes dans le monde autoris\u00e9es \u00e0 appara\u00eetre devant le pape en blanc | Vie Associative\" \/>\n<meta property=\"og:description\" content=\"Le couple royal belge a \u00e9t\u00e9 re\u00e7u lundi apr\u00e8s-midi par le pape L\u00e9on XIV au Vatican pour une audience priv\u00e9e. Pour cette occasion, la reine\" \/>\n<meta property=\"og:url\" content=\"https:\/\/vieassociative.be\/actualites\/pourquoi-la-reine-mathilde-est-lune-des-huit-femmes-dans-le-monde-autorisees-a-apparaitre-devant-le-pape-en-blanc\/\" \/>\n<meta property=\"og:site_name\" content=\"Vie Associative\" \/>\n<meta property=\"article:published_time\" content=\"2025-10-28T14:18:38+00:00\" \/>\n<meta property=\"og:image\" content=\"https:\/\/vieassociative.be\/actualites\/wp-content\/uploads\/2024\/09\/header_backgroundk-01-e1726694325946.png\" \/>\n\t<meta property=\"og:image:width\" content=\"279\" \/>\n\t<meta property=\"og:image:height\" content=\"92\" \/>\n\t<meta property=\"og:image:type\" content=\"image\/png\" \/>\n<meta name=\"author\" content=\"Julien\" \/>\n<meta name=\"twitter:card\" content=\"summary_large_image\" \/>\n<meta name=\"twitter:label1\" content=\"\u00c9crit par\" \/>\n\t<meta name=\"twitter:data1\" content=\"Julien\" \/>\n\t<meta name=\"twitter:label2\" content=\"Dur\u00e9e de lecture est.\" \/>\n\t<meta name=\"twitter:data2\" content=\"2 minutes\" \/>\n<script type=\"application\/ld+json\" class=\"yoast-schema-graph\">{\"@context\":\"https:\/\/schema.org\",\"@graph\":[{\"@type\":\"Article\",\"@id\":\"https:\/\/vieassociative.be\/actualites\/pourquoi-la-reine-mathilde-est-lune-des-huit-femmes-dans-le-monde-autorisees-a-apparaitre-devant-le-pape-en-blanc\/#article\",\"isPartOf\":{\"@id\":\"https:\/\/vieassociative.be\/actualites\/pourquoi-la-reine-mathilde-est-lune-des-huit-femmes-dans-le-monde-autorisees-a-apparaitre-devant-le-pape-en-blanc\/\"},\"author\":{\"name\":\"Julien\",\"@id\":\"https:\/\/vieassociative.be\/actualites\/#\/schema\/person\/b87ac4f82f9d4e7b7cec7395b679edc4\"},\"headline\":\"Pourquoi la reine Mathilde est l&rsquo;une des huit femmes dans le monde autoris\u00e9es \u00e0 appara\u00eetre devant le pape en blanc\",\"datePublished\":\"2025-10-28T14:18:38+00:00\",\"dateModified\":\"2025-10-28T14:18:38+00:00\",\"mainEntityOfPage\":{\"@id\":\"https:\/\/vieassociative.be\/actualites\/pourquoi-la-reine-mathilde-est-lune-des-huit-femmes-dans-le-monde-autorisees-a-apparaitre-devant-le-pape-en-blanc\/\"},\"wordCount\":487,\"publisher\":{\"@id\":\"https:\/\/vieassociative.be\/actualites\/#organization\"},\"image\":{\"@id\":\"https:\/\/vieassociative.be\/actualites\/pourquoi-la-reine-mathilde-est-lune-des-huit-femmes-dans-le-monde-autorisees-a-apparaitre-devant-le-pape-en-blanc\/#primaryimage\"},\"thumbnailUrl\":\"https:\/\/vieassociative.be\/actualites\/wp-content\/uploads\/2025\/10\/1761661119_Pourquoi-la-reine-Mathilde-est-lune-des-huit-femmes-dans.jpg\",\"keywords\":[\"appara\u00eetre\",\"autoris\u00e9es\",\"blanc\",\"dans\",\"Des\",\"devant\",\"est\",\"femmes\",\"Huit\",\"lune\",\"Mathilde\",\"monde\",\"pape\",\"Pourquoi\",\"reine\"],\"articleSection\":[\"Belgique\"],\"inLanguage\":\"fr-BE\"},{\"@type\":\"WebPage\",\"@id\":\"https:\/\/vieassociative.be\/actualites\/pourquoi-la-reine-mathilde-est-lune-des-huit-femmes-dans-le-monde-autorisees-a-apparaitre-devant-le-pape-en-blanc\/\",\"url\":\"https:\/\/vieassociative.be\/actualites\/pourquoi-la-reine-mathilde-est-lune-des-huit-femmes-dans-le-monde-autorisees-a-apparaitre-devant-le-pape-en-blanc\/\",\"name\":\"Pourquoi la reine Mathilde est l'une des huit femmes dans le monde autoris\u00e9es \u00e0 appara\u00eetre devant le pape en blanc | Vie Associative\",\"isPartOf\":{\"@id\":\"https:\/\/vieassociative.be\/actualites\/#website\"},\"primaryImageOfPage\":{\"@id\":\"https:\/\/vieassociative.be\/actualites\/pourquoi-la-reine-mathilde-est-lune-des-huit-femmes-dans-le-monde-autorisees-a-apparaitre-devant-le-pape-en-blanc\/#primaryimage\"},\"image\":{\"@id\":\"https:\/\/vieassociative.be\/actualites\/pourquoi-la-reine-mathilde-est-lune-des-huit-femmes-dans-le-monde-autorisees-a-apparaitre-devant-le-pape-en-blanc\/#primaryimage\"},\"thumbnailUrl\":\"https:\/\/vieassociative.be\/actualites\/wp-content\/uploads\/2025\/10\/1761661119_Pourquoi-la-reine-Mathilde-est-lune-des-huit-femmes-dans.jpg\",\"datePublished\":\"2025-10-28T14:18:38+00:00\",\"dateModified\":\"2025-10-28T14:18:38+00:00\",\"breadcrumb\":{\"@id\":\"https:\/\/vieassociative.be\/actualites\/pourquoi-la-reine-mathilde-est-lune-des-huit-femmes-dans-le-monde-autorisees-a-apparaitre-devant-le-pape-en-blanc\/#breadcrumb\"},\"inLanguage\":\"fr-BE\",\"potentialAction\":[{\"@type\":\"ReadAction\",\"target\":[\"https:\/\/vieassociative.be\/actualites\/pourquoi-la-reine-mathilde-est-lune-des-huit-femmes-dans-le-monde-autorisees-a-apparaitre-devant-le-pape-en-blanc\/\"]}]},{\"@type\":\"ImageObject\",\"inLanguage\":\"fr-BE\",\"@id\":\"https:\/\/vieassociative.be\/actualites\/pourquoi-la-reine-mathilde-est-lune-des-huit-femmes-dans-le-monde-autorisees-a-apparaitre-devant-le-pape-en-blanc\/#primaryimage\",\"url\":\"https:\/\/vieassociative.be\/actualites\/wp-content\/uploads\/2025\/10\/1761661119_Pourquoi-la-reine-Mathilde-est-lune-des-huit-femmes-dans.jpg\",\"contentUrl\":\"https:\/\/vieassociative.be\/actualites\/wp-content\/uploads\/2025\/10\/1761661119_Pourquoi-la-reine-Mathilde-est-lune-des-huit-femmes-dans.jpg\",\"width\":1200,\"height\":800,\"caption\":\"Pourquoi la reine Mathilde est l'une des huit femmes dans le monde autoris\u00e9es \u00e0 appara\u00eetre devant le pape en blanc\"},{\"@type\":\"BreadcrumbList\",\"@id\":\"https:\/\/vieassociative.be\/actualites\/pourquoi-la-reine-mathilde-est-lune-des-huit-femmes-dans-le-monde-autorisees-a-apparaitre-devant-le-pape-en-blanc\/#breadcrumb\",\"itemListElement\":[{\"@type\":\"ListItem\",\"position\":1,\"name\":\"Accueil\",\"item\":\"https:\/\/vieassociative.be\/actualites\/\"},{\"@type\":\"ListItem\",\"position\":2,\"name\":\"Pourquoi la reine Mathilde est l&rsquo;une des huit femmes dans le monde autoris\u00e9es \u00e0 appara\u00eetre devant le pape en blanc\"}]},{\"@type\":\"WebSite\",\"@id\":\"https:\/\/vieassociative.be\/actualites\/#website\",\"url\":\"https:\/\/vieassociative.be\/actualites\/\",\"name\":\"Vie Associative\",\"description\":\"\",\"publisher\":{\"@id\":\"https:\/\/vieassociative.be\/actualites\/#organization\"},\"potentialAction\":[{\"@type\":\"SearchAction\",\"target\":{\"@type\":\"EntryPoint\",\"urlTemplate\":\"https:\/\/vieassociative.be\/actualites\/?s={search_term_string}\"},\"query-input\":{\"@type\":\"PropertyValueSpecification\",\"valueRequired\":true,\"valueName\":\"search_term_string\"}}],\"inLanguage\":\"fr-BE\"},{\"@type\":\"Organization\",\"@id\":\"https:\/\/vieassociative.be\/actualites\/#organization\",\"name\":\"Vie Associative\",\"url\":\"https:\/\/vieassociative.be\/actualites\/\",\"logo\":{\"@type\":\"ImageObject\",\"inLanguage\":\"fr-BE\",\"@id\":\"https:\/\/vieassociative.be\/actualites\/#\/schema\/logo\/image\/\",\"url\":\"https:\/\/vieassociative.be\/actualites\/wp-content\/uploads\/2024\/09\/cropped-vieassociative_favicon.ico.png\",\"contentUrl\":\"https:\/\/vieassociative.be\/actualites\/wp-content\/uploads\/2024\/09\/cropped-vieassociative_favicon.ico.png\",\"width\":512,\"height\":512,\"caption\":\"Vie Associative\"},\"image\":{\"@id\":\"https:\/\/vieassociative.be\/actualites\/#\/schema\/logo\/image\/\"}},{\"@type\":\"Person\",\"@id\":\"https:\/\/vieassociative.be\/actualites\/#\/schema\/person\/b87ac4f82f9d4e7b7cec7395b679edc4\",\"name\":\"Julien\",\"image\":{\"@type\":\"ImageObject\",\"inLanguage\":\"fr-BE\",\"@id\":\"https:\/\/vieassociative.be\/actualites\/#\/schema\/person\/image\/\",\"url\":\"https:\/\/vieassociative.be\/actualites\/wp-content\/uploads\/2024\/09\/vie-associative-1-150x150.jpg\",\"contentUrl\":\"https:\/\/vieassociative.be\/actualites\/wp-content\/uploads\/2024\/09\/vie-associative-1-150x150.jpg\",\"caption\":\"Julien\"},\"description\":\"Je suis Julien, r\u00e9dacteur pour Vie Associative. Passionn\u00e9 par le monde associatif depuis plus de 10 ans, j'ai \u00e0 c\u0153ur de partager des histoires inspirantes et de mettre en lumi\u00e8re les initiatives locales. Mon objectif est de sensibiliser et d'encourager l'engagement communautaire \u00e0 travers mes articles.\",\"sameAs\":[\"https:\/\/vieassociative.be\/\"]}]}<\/script>\n<!-- \/ Yoast SEO plugin. -->","yoast_head_json":{"title":"Pourquoi la reine Mathilde est l'une des huit femmes dans le monde autoris\u00e9es \u00e0 appara\u00eetre devant le pape en blanc | Vie Associative","robots":{"index":"index","follow":"follow","max-snippet":"max-snippet:-1","max-image-preview":"max-image-preview:large","max-video-preview":"max-video-preview:-1"},"canonical":"https:\/\/vieassociative.be\/actualites\/pourquoi-la-reine-mathilde-est-lune-des-huit-femmes-dans-le-monde-autorisees-a-apparaitre-devant-le-pape-en-blanc\/","og_locale":"fr_FR","og_type":"article","og_title":"Pourquoi la reine Mathilde est l'une des huit femmes dans le monde autoris\u00e9es \u00e0 appara\u00eetre devant le pape en blanc | Vie Associative","og_description":"Le couple royal belge a \u00e9t\u00e9 re\u00e7u lundi apr\u00e8s-midi par le pape L\u00e9on XIV au Vatican pour une audience priv\u00e9e. Pour cette occasion, la reine","og_url":"https:\/\/vieassociative.be\/actualites\/pourquoi-la-reine-mathilde-est-lune-des-huit-femmes-dans-le-monde-autorisees-a-apparaitre-devant-le-pape-en-blanc\/","og_site_name":"Vie Associative","article_published_time":"2025-10-28T14:18:38+00:00","og_image":[{"width":279,"height":92,"url":"https:\/\/vieassociative.be\/actualites\/wp-content\/uploads\/2024\/09\/header_backgroundk-01-e1726694325946.png","type":"image\/png"}],"author":"Julien","twitter_card":"summary_large_image","twitter_misc":{"\u00c9crit par":"Julien","Dur\u00e9e de lecture est.":"2 minutes"},"schema":{"@context":"https:\/\/schema.org","@graph":[{"@type":"Article","@id":"https:\/\/vieassociative.be\/actualites\/pourquoi-la-reine-mathilde-est-lune-des-huit-femmes-dans-le-monde-autorisees-a-apparaitre-devant-le-pape-en-blanc\/#article","isPartOf":{"@id":"https:\/\/vieassociative.be\/actualites\/pourquoi-la-reine-mathilde-est-lune-des-huit-femmes-dans-le-monde-autorisees-a-apparaitre-devant-le-pape-en-blanc\/"},"author":{"name":"Julien","@id":"https:\/\/vieassociative.be\/actualites\/#\/schema\/person\/b87ac4f82f9d4e7b7cec7395b679edc4"},"headline":"Pourquoi la reine Mathilde est l&rsquo;une des huit femmes dans le monde autoris\u00e9es \u00e0 appara\u00eetre devant le pape en blanc","datePublished":"2025-10-28T14:18:38+00:00","dateModified":"2025-10-28T14:18:38+00:00","mainEntityOfPage":{"@id":"https:\/\/vieassociative.be\/actualites\/pourquoi-la-reine-mathilde-est-lune-des-huit-femmes-dans-le-monde-autorisees-a-apparaitre-devant-le-pape-en-blanc\/"},"wordCount":487,"publisher":{"@id":"https:\/\/vieassociative.be\/actualites\/#organization"},"image":{"@id":"https:\/\/vieassociative.be\/actualites\/pourquoi-la-reine-mathilde-est-lune-des-huit-femmes-dans-le-monde-autorisees-a-apparaitre-devant-le-pape-en-blanc\/#primaryimage"},"thumbnailUrl":"https:\/\/vieassociative.be\/actualites\/wp-content\/uploads\/2025\/10\/1761661119_Pourquoi-la-reine-Mathilde-est-lune-des-huit-femmes-dans.jpg","keywords":["appara\u00eetre","autoris\u00e9es","blanc","dans","Des","devant","est","femmes","Huit","lune","Mathilde","monde","pape","Pourquoi","reine"],"articleSection":["Belgique"],"inLanguage":"fr-BE"},{"@type":"WebPage","@id":"https:\/\/vieassociative.be\/actualites\/pourquoi-la-reine-mathilde-est-lune-des-huit-femmes-dans-le-monde-autorisees-a-apparaitre-devant-le-pape-en-blanc\/","url":"https:\/\/vieassociative.be\/actualites\/pourquoi-la-reine-mathilde-est-lune-des-huit-femmes-dans-le-monde-autorisees-a-apparaitre-devant-le-pape-en-blanc\/","name":"Pourquoi la reine Mathilde est l'une des huit femmes dans le monde autoris\u00e9es \u00e0 appara\u00eetre devant le pape en blanc | Vie Associative","isPartOf":{"@id":"https:\/\/vieassociative.be\/actualites\/#website"},"primaryImageOfPage":{"@id":"https:\/\/vieassociative.be\/actualites\/pourquoi-la-reine-mathilde-est-lune-des-huit-femmes-dans-le-monde-autorisees-a-apparaitre-devant-le-pape-en-blanc\/#primaryimage"},"image":{"@id":"https:\/\/vieassociative.be\/actualites\/pourquoi-la-reine-mathilde-est-lune-des-huit-femmes-dans-le-monde-autorisees-a-apparaitre-devant-le-pape-en-blanc\/#primaryimage"},"thumbnailUrl":"https:\/\/vieassociative.be\/actualites\/wp-content\/uploads\/2025\/10\/1761661119_Pourquoi-la-reine-Mathilde-est-lune-des-huit-femmes-dans.jpg","datePublished":"2025-10-28T14:18:38+00:00","dateModified":"2025-10-28T14:18:38+00:00","breadcrumb":{"@id":"https:\/\/vieassociative.be\/actualites\/pourquoi-la-reine-mathilde-est-lune-des-huit-femmes-dans-le-monde-autorisees-a-apparaitre-devant-le-pape-en-blanc\/#breadcrumb"},"inLanguage":"fr-BE","potentialAction":[{"@type":"ReadAction","target":["https:\/\/vieassociative.be\/actualites\/pourquoi-la-reine-mathilde-est-lune-des-huit-femmes-dans-le-monde-autorisees-a-apparaitre-devant-le-pape-en-blanc\/"]}]},{"@type":"ImageObject","inLanguage":"fr-BE","@id":"https:\/\/vieassociative.be\/actualites\/pourquoi-la-reine-mathilde-est-lune-des-huit-femmes-dans-le-monde-autorisees-a-apparaitre-devant-le-pape-en-blanc\/#primaryimage","url":"https:\/\/vieassociative.be\/actualites\/wp-content\/uploads\/2025\/10\/1761661119_Pourquoi-la-reine-Mathilde-est-lune-des-huit-femmes-dans.jpg","contentUrl":"https:\/\/vieassociative.be\/actualites\/wp-content\/uploads\/2025\/10\/1761661119_Pourquoi-la-reine-Mathilde-est-lune-des-huit-femmes-dans.jpg","width":1200,"height":800,"caption":"Pourquoi la reine Mathilde est l'une des huit femmes dans le monde autoris\u00e9es \u00e0 appara\u00eetre devant le pape en blanc"},{"@type":"BreadcrumbList","@id":"https:\/\/vieassociative.be\/actualites\/pourquoi-la-reine-mathilde-est-lune-des-huit-femmes-dans-le-monde-autorisees-a-apparaitre-devant-le-pape-en-blanc\/#breadcrumb","itemListElement":[{"@type":"ListItem","position":1,"name":"Accueil","item":"https:\/\/vieassociative.be\/actualites\/"},{"@type":"ListItem","position":2,"name":"Pourquoi la reine Mathilde est l&rsquo;une des huit femmes dans le monde autoris\u00e9es \u00e0 appara\u00eetre devant le pape en blanc"}]},{"@type":"WebSite","@id":"https:\/\/vieassociative.be\/actualites\/#website","url":"https:\/\/vieassociative.be\/actualites\/","name":"Vie Associative","description":"","publisher":{"@id":"https:\/\/vieassociative.be\/actualites\/#organization"},"potentialAction":[{"@type":"SearchAction","target":{"@type":"EntryPoint","urlTemplate":"https:\/\/vieassociative.be\/actualites\/?s={search_term_string}"},"query-input":{"@type":"PropertyValueSpecification","valueRequired":true,"valueName":"search_term_string"}}],"inLanguage":"fr-BE"},{"@type":"Organization","@id":"https:\/\/vieassociative.be\/actualites\/#organization","name":"Vie Associative","url":"https:\/\/vieassociative.be\/actualites\/","logo":{"@type":"ImageObject","inLanguage":"fr-BE","@id":"https:\/\/vieassociative.be\/actualites\/#\/schema\/logo\/image\/","url":"https:\/\/vieassociative.be\/actualites\/wp-content\/uploads\/2024\/09\/cropped-vieassociative_favicon.ico.png","contentUrl":"https:\/\/vieassociative.be\/actualites\/wp-content\/uploads\/2024\/09\/cropped-vieassociative_favicon.ico.png","width":512,"height":512,"caption":"Vie Associative"},"image":{"@id":"https:\/\/vieassociative.be\/actualites\/#\/schema\/logo\/image\/"}},{"@type":"Person","@id":"https:\/\/vieassociative.be\/actualites\/#\/schema\/person\/b87ac4f82f9d4e7b7cec7395b679edc4","name":"Julien","image":{"@type":"ImageObject","inLanguage":"fr-BE","@id":"https:\/\/vieassociative.be\/actualites\/#\/schema\/person\/image\/","url":"https:\/\/vieassociative.be\/actualites\/wp-content\/uploads\/2024\/09\/vie-associative-1-150x150.jpg","contentUrl":"https:\/\/vieassociative.be\/actualites\/wp-content\/uploads\/2024\/09\/vie-associative-1-150x150.jpg","caption":"Julien"},"description":"Je suis Julien, r\u00e9dacteur pour Vie Associative. Passionn\u00e9 par le monde associatif depuis plus de 10 ans, j'ai \u00e0 c\u0153ur de partager des histoires inspirantes et de mettre en lumi\u00e8re les initiatives locales. Mon objectif est de sensibiliser et d'encourager l'engagement communautaire \u00e0 travers mes articles.","sameAs":["https:\/\/vieassociative.be\/"]}]}},"_links":{"self":[{"href":"https:\/\/vieassociative.be\/actualites\/wp-json\/wp\/v2\/posts\/10952"}],"collection":[{"href":"https:\/\/vieassociative.be\/actualites\/wp-json\/wp\/v2\/posts"}],"about":[{"href":"https:\/\/vieassociative.be\/actualites\/wp-json\/wp\/v2\/types\/post"}],"author":[{"embeddable":true,"href":"https:\/\/vieassociative.be\/actualites\/wp-json\/wp\/v2\/users\/1"}],"replies":[{"embeddable":true,"href":"https:\/\/vieassociative.be\/actualites\/wp-json\/wp\/v2\/comments?post=10952"}],"version-history":[{"count":0,"href":"https:\/\/vieassociative.be\/actualites\/wp-json\/wp\/v2\/posts\/10952\/revisions"}],"wp:featuredmedia":[{"embeddable":true,"href":"https:\/\/vieassociative.be\/actualites\/wp-json\/wp\/v2\/media\/10953"}],"wp:attachment":[{"href":"https:\/\/vieassociative.be\/actualites\/wp-json\/wp\/v2\/media?parent=10952"}],"wp:term":[{"taxonomy":"category","embeddable":true,"href":"https:\/\/vieassociative.be\/actualites\/wp-json\/wp\/v2\/categories?post=10952"},{"taxonomy":"post_tag","embeddable":true,"href":"https:\/\/vieassociative.be\/actualites\/wp-json\/wp\/v2\/tags?post=10952"}],"curies":[{"name":"wp","href":"https:\/\/api.w.org\/{rel}","templated":true}]}}