{"id":10950,"date":"2025-10-28T14:17:59","date_gmt":"2025-10-28T13:17:59","guid":{"rendered":"https:\/\/vieassociative.be\/actualites\/ces-ecouteurs-sony-anc-sont-actuellement-a-plus-de-100-de-reduction\/"},"modified":"2025-10-28T14:17:59","modified_gmt":"2025-10-28T13:17:59","slug":"ces-ecouteurs-sony-anc-sont-actuellement-a-plus-de-100-de-reduction","status":"publish","type":"post","link":"https:\/\/vieassociative.be\/actualites\/ces-ecouteurs-sony-anc-sont-actuellement-a-plus-de-100-de-reduction\/","title":{"rendered":"Ces \u00e9couteurs Sony ANC sont actuellement \u00e0 plus de 100 $ de r\u00e9duction"},"content":{"rendered":"<div class=\"mt-4 leading-6 md:mb-8\">Les performances de r\u00e9duction du bruit de Sony restent parmi les meilleures du secteur.<\/div>\n<p><\/p>\n<p>La s\u00e9rie WH-1000XM de Sony est depuis longtemps la r\u00e9f\u00e9rence en mati\u00e8re d&rsquo;\u00e9couteurs antibruit, et m\u00eame si le nouveau WH-1000XM6 a pris le devant de la sc\u00e8ne, le WH-1000XM5 reste un mod\u00e8le remarquable, surtout \u00e0 un prix inf\u00e9rieur. \u00c0 l&rsquo;heure actuelle, ils sont tomb\u00e9s \u00e0 284,99 $ chez Walmart, une baisse notable par rapport \u00e0 leur prix catalogue habituel de 399,99 $ et inf\u00e9rieur au prix actuel de 328 $ d&rsquo;Amazon. <\/p>\n<div class=\"pogoClear mb-12 mt-10 rounded-md border-2 border-gray-100 py-7 shadow-xl md:py-6\">\n<div class=\"flex flex-wrap justify-between px-7 text-black no-underline md:flex-nowrap md:px-8\">\n<div class=\"order-1 mx-auto flex flex-col justify-center md:order-2 md:ml-4 md:w-full md:grow\">\n<div class=\"block cursor-pointer text-center font-akshar text-2xl font-medium leading-7 text-brand-green duration-200 ease-in-out hover:text-brand-green-700 md:text-left md:text-xl md:leading-6\">Casque Sony WH-1000XM5\n                <\/div>\n<div class=\"mt-4 hidden md:flex md:justify-between\">\n<div class=\"self-end\">\n<div class=\"mb-0 h-11 md:flex md:flex-col md:justify-center\">\n<div class=\" font-sans leading-4 text-black\">\n<div class=\"flex flex-wrap items-center justify-center gap-1 md:justify-start\">\n        <span class=\"font-bold\"><\/p>\n<p>            284,99\u00a0$<br \/>\n                            <span class=\"font-medium\">chez Walmart <\/span><br \/>\n                    <\/span>\n            <\/div>\n<div class=\"flex items-center justify-center gap-x-1 font-bold md:justify-start\">\n            <span class=\"text-sm line-through\">399,99\u00a0$<\/span><br \/>\n            <span class=\"text-sm text-brand-green\">\u00c9conomisez 115,00\u00a0$<\/span>\n        <\/div>\n<\/p><\/div>\n<\/p><\/div>\n<\/p><\/div>\n<div class=\"w-44 self-end\">\n                            <button class=\"flex justify-center items-center w-full bg-brand-green text-white text-base font-sans font-medium rounded-md hover:bg-brand-green-700 hover:cursor-pointer md:text-sm h-11\"><\/p>\n<p>    Obtenez une offre<br \/>\n<\/button>\n                        <\/div>\n<\/p><\/div>\n<\/p><\/div>\n<div class=\"order-2 mt-5 h-auto w-full md:order-1 md:mt-0 md:hidden\">\n<div class=\"flex aspect-video items-center justify-center\">\n                                            <img decoding=\"async\" class=\"m-0 max-h-full max-w-full rounded-md\" src=\"https:\/\/vieassociative.be\/actualites\/wp-content\/uploads\/2025\/10\/Ces-ecouteurs-Sony-ANC-sont-actuellement-a-plus-de-100.png\" alt=\"Casque Sony WH-1000XM5\" width=\"auto\" height=\"auto\" loading=\"lazy\">\n                                    <\/div>\n<\/p><\/div>\n<div class=\"order-2 ml-2 hidden w-32 shrink-0 items-center md:order-1 md:ml-0 md:flex\">\n<div class=\"flex aspect-video items-center justify-center\">\n                                            <img decoding=\"async\" class=\"m-0 max-h-full max-w-full rounded-md\" src=\"https:\/\/vieassociative.be\/actualites\/wp-content\/uploads\/2025\/10\/Ces-ecouteurs-Sony-ANC-sont-actuellement-a-plus-de-100.png\" alt=\"Casque Sony WH-1000XM5\" width=\"auto\" height=\"auto\" loading=\"lazy\">\n                                    <\/div>\n<\/p><\/div>\n<div class=\"order-3 flex grow flex-wrap md:hidden md:grow-0\">\n<div class=\"mt-4 w-full\">\n                        <button class=\"flex justify-center items-center w-full bg-brand-green text-white text-base font-sans font-medium rounded-md hover:bg-brand-green-700 hover:cursor-pointer md:text-sm h-11\"><\/p>\n<p>    Obtenez une offre<br \/>\n<\/button>\n                    <\/div>\n<div class=\"mx-2 mt-4 w-full\">\n<div class=\" font-sans leading-4 text-black\">\n<div class=\"flex flex-wrap items-center justify-center gap-1 md:justify-start\">\n        <span class=\"font-bold\"><\/p>\n<p>            284,99\u00a0$<br \/>\n                            <span class=\"font-medium\">chez Walmart <\/span><br \/>\n                    <\/span>\n            <\/div>\n<div class=\"flex items-center justify-center gap-x-1 font-bold md:justify-start\">\n            <span class=\"text-sm line-through\">399,99\u00a0$<\/span><br \/>\n            <span class=\"text-sm text-brand-green\">\u00c9conomisez 115,00\u00a0$<\/span>\n        <\/div>\n<\/p><\/div>\n<\/p><\/div>\n<\/p><\/div>\n<\/p><\/div>\n<\/div>\n<p>Ce sont les m\u00eames \u00e9couteurs prim\u00e9s qui ont \u00e9t\u00e9 salu\u00e9s lors de leur lancement en 2022, PCMag leur attribuant 4,5 \u00e9toiles sur 5 pour leur son, leur suppression du bruit et leur confort. Ils se classent toujours parmi les meilleurs \u00e9couteurs sans fil disponibles, et cette r\u00e9duction en fait un achat plus intelligent que jamais pour tous ceux qui n&rsquo;ont pas besoin du tout dernier mod\u00e8le.<\/p>\n<p>Le WH-1000XM5 utilise des haut-parleurs en fibre de carbone de 30 mm aliment\u00e9s par le processeur int\u00e9gr\u00e9 V1 de Sony, et ce combo sonne toujours parfaitement en 2025. La musique a de la profondeur et de l&rsquo;\u00e9quilibre, avec suffisamment de punch pour g\u00e9rer des pistes riches en basses sans perdre de d\u00e9tails dans les voix ou les instruments. Ce qui est impressionnant, c&rsquo;est \u00e0 quel point la qualit\u00e9 audio change peu lorsque l&rsquo;ANC est activ\u00e9, ce avec lequel les mod\u00e8les moins chers ont souvent du mal. La suppression du bruit elle-m\u00eame est parmi les plus puissantes que vous puissiez trouver, supprimant facilement les bourdonnements basse fr\u00e9quence des moteurs ou les bavardages dans les espaces publics. En ce qui concerne la connectivit\u00e9, ces \u00e9couteurs se connectent via Bluetooth 5.2 et prennent en charge les codecs AAC, SBC et LDAC (ce qui signifie que vous obtenez un son haute r\u00e9solution via Bluetooth, \u00e0 condition que votre appareil le prenne en charge), ainsi que le couplage multipoint si vous jonglez entre les appareils.<\/p>\n<p>Le confort et le design sont d\u2019autres atouts. Le cadre l\u00e9ger et les \u00e9couteurs en cuir souple facilitent les longues sessions, que vous travailliez, que vous vous d\u00e9placiez ou que vous vous d\u00e9placiez en avion. Cela dit, les commandes tactiles sur les \u00e9couteurs peuvent prendre un certain temps pour s&rsquo;habituer (glisser pour le volume, appuyer pour lire\/pause), mais vous pouvez les affiner dans l&rsquo;application Sony Sound Connect, qui vous permet \u00e9galement de modifier les param\u00e8tres d&rsquo;\u00e9galisation et la sensibilit\u00e9 ANC. La dur\u00e9e de vie de la batterie est solide, environ 30 heures avec ANC activ\u00e9, et elle se charge rapidement via USB-C. Il existe \u00e9galement une prise audio 3,5 mm pour une \u00e9coute filaire lorsque vous ne voulez pas penser \u00e0 la dur\u00e9e de vie de la batterie.<\/p>\n<hr>\n","protected":false},"excerpt":{"rendered":"<p>Les performances de r\u00e9duction du bruit de Sony restent parmi les meilleures du secteur. La s\u00e9rie WH-1000XM de Sony est depuis longtemps la r\u00e9f\u00e9rence en<\/p>\n","protected":false},"author":1,"featured_media":10951,"comment_status":"","ping_status":"","sticky":false,"template":"","format":"standard","meta":{"footnotes":""},"categories":[13],"tags":[19,8375,248,1537,308,18,2243],"class_list":["post-10950","post","type-post","status-publish","format-standard","has-post-thumbnail","hentry","category-technologie","tag-actuellement","tag-anc","tag-ces","tag-ecouteurs","tag-reduction","tag-sont","tag-sony","generate-columns","tablet-grid-50","mobile-grid-100","grid-parent","grid-33"],"yoast_head":"<!-- This site is optimized with the Yoast SEO plugin v24.0 - https:\/\/yoast.com\/wordpress\/plugins\/seo\/ -->\n<title>Ces \u00e9couteurs Sony ANC sont actuellement \u00e0 plus de 100 $ de r\u00e9duction | Vie Associative<\/title>\n<meta name=\"robots\" content=\"index, follow, max-snippet:-1, max-image-preview:large, max-video-preview:-1\" \/>\n<link rel=\"canonical\" href=\"https:\/\/vieassociative.be\/actualites\/ces-ecouteurs-sony-anc-sont-actuellement-a-plus-de-100-de-reduction\/\" \/>\n<meta property=\"og:locale\" content=\"fr_FR\" \/>\n<meta property=\"og:type\" content=\"article\" \/>\n<meta property=\"og:title\" content=\"Ces \u00e9couteurs Sony ANC sont actuellement \u00e0 plus de 100 $ de r\u00e9duction | Vie Associative\" \/>\n<meta property=\"og:description\" content=\"Les performances de r\u00e9duction du bruit de Sony restent parmi les meilleures du secteur. La s\u00e9rie WH-1000XM de Sony est depuis longtemps la r\u00e9f\u00e9rence en\" \/>\n<meta property=\"og:url\" content=\"https:\/\/vieassociative.be\/actualites\/ces-ecouteurs-sony-anc-sont-actuellement-a-plus-de-100-de-reduction\/\" \/>\n<meta property=\"og:site_name\" content=\"Vie Associative\" \/>\n<meta property=\"article:published_time\" content=\"2025-10-28T13:17:59+00:00\" \/>\n<meta property=\"og:image\" content=\"https:\/\/vieassociative.be\/actualites\/wp-content\/uploads\/2025\/10\/Ces-ecouteurs-Sony-ANC-sont-actuellement-a-plus-de-100.png\" \/>\n<meta name=\"author\" content=\"Julien\" \/>\n<meta name=\"twitter:card\" content=\"summary_large_image\" \/>\n<meta name=\"twitter:label1\" content=\"\u00c9crit par\" \/>\n\t<meta name=\"twitter:data1\" content=\"Julien\" \/>\n\t<meta name=\"twitter:label2\" content=\"Dur\u00e9e de lecture est.\" \/>\n\t<meta name=\"twitter:data2\" content=\"2 minutes\" \/>\n<script type=\"application\/ld+json\" class=\"yoast-schema-graph\">{\"@context\":\"https:\/\/schema.org\",\"@graph\":[{\"@type\":\"Article\",\"@id\":\"https:\/\/vieassociative.be\/actualites\/ces-ecouteurs-sony-anc-sont-actuellement-a-plus-de-100-de-reduction\/#article\",\"isPartOf\":{\"@id\":\"https:\/\/vieassociative.be\/actualites\/ces-ecouteurs-sony-anc-sont-actuellement-a-plus-de-100-de-reduction\/\"},\"author\":{\"name\":\"Julien\",\"@id\":\"https:\/\/vieassociative.be\/actualites\/#\/schema\/person\/b87ac4f82f9d4e7b7cec7395b679edc4\"},\"headline\":\"Ces \u00e9couteurs Sony ANC sont actuellement \u00e0 plus de 100 $ de r\u00e9duction\",\"datePublished\":\"2025-10-28T13:17:59+00:00\",\"dateModified\":\"2025-10-28T13:17:59+00:00\",\"mainEntityOfPage\":{\"@id\":\"https:\/\/vieassociative.be\/actualites\/ces-ecouteurs-sony-anc-sont-actuellement-a-plus-de-100-de-reduction\/\"},\"wordCount\":501,\"publisher\":{\"@id\":\"https:\/\/vieassociative.be\/actualites\/#organization\"},\"image\":{\"@id\":\"https:\/\/vieassociative.be\/actualites\/ces-ecouteurs-sony-anc-sont-actuellement-a-plus-de-100-de-reduction\/#primaryimage\"},\"thumbnailUrl\":\"https:\/\/vieassociative.be\/actualites\/wp-content\/uploads\/2025\/10\/1761657480_Ces-ecouteurs-Sony-ANC-sont-actuellement-a-plus-de-100.png\",\"keywords\":[\"actuellement\",\"ANC\",\"ces\",\"\u00e9couteurs\",\"r\u00e9duction\",\"sont\",\"Sony\"],\"articleSection\":[\"Technologie\"],\"inLanguage\":\"fr-BE\"},{\"@type\":\"WebPage\",\"@id\":\"https:\/\/vieassociative.be\/actualites\/ces-ecouteurs-sony-anc-sont-actuellement-a-plus-de-100-de-reduction\/\",\"url\":\"https:\/\/vieassociative.be\/actualites\/ces-ecouteurs-sony-anc-sont-actuellement-a-plus-de-100-de-reduction\/\",\"name\":\"Ces \u00e9couteurs Sony ANC sont actuellement \u00e0 plus de 100 $ de r\u00e9duction | Vie Associative\",\"isPartOf\":{\"@id\":\"https:\/\/vieassociative.be\/actualites\/#website\"},\"primaryImageOfPage\":{\"@id\":\"https:\/\/vieassociative.be\/actualites\/ces-ecouteurs-sony-anc-sont-actuellement-a-plus-de-100-de-reduction\/#primaryimage\"},\"image\":{\"@id\":\"https:\/\/vieassociative.be\/actualites\/ces-ecouteurs-sony-anc-sont-actuellement-a-plus-de-100-de-reduction\/#primaryimage\"},\"thumbnailUrl\":\"https:\/\/vieassociative.be\/actualites\/wp-content\/uploads\/2025\/10\/1761657480_Ces-ecouteurs-Sony-ANC-sont-actuellement-a-plus-de-100.png\",\"datePublished\":\"2025-10-28T13:17:59+00:00\",\"dateModified\":\"2025-10-28T13:17:59+00:00\",\"breadcrumb\":{\"@id\":\"https:\/\/vieassociative.be\/actualites\/ces-ecouteurs-sony-anc-sont-actuellement-a-plus-de-100-de-reduction\/#breadcrumb\"},\"inLanguage\":\"fr-BE\",\"potentialAction\":[{\"@type\":\"ReadAction\",\"target\":[\"https:\/\/vieassociative.be\/actualites\/ces-ecouteurs-sony-anc-sont-actuellement-a-plus-de-100-de-reduction\/\"]}]},{\"@type\":\"ImageObject\",\"inLanguage\":\"fr-BE\",\"@id\":\"https:\/\/vieassociative.be\/actualites\/ces-ecouteurs-sony-anc-sont-actuellement-a-plus-de-100-de-reduction\/#primaryimage\",\"url\":\"https:\/\/vieassociative.be\/actualites\/wp-content\/uploads\/2025\/10\/1761657480_Ces-ecouteurs-Sony-ANC-sont-actuellement-a-plus-de-100.png\",\"contentUrl\":\"https:\/\/vieassociative.be\/actualites\/wp-content\/uploads\/2025\/10\/1761657480_Ces-ecouteurs-Sony-ANC-sont-actuellement-a-plus-de-100.png\",\"width\":1200,\"height\":675,\"caption\":\"Ces \u00e9couteurs Sony ANC sont actuellement \u00e0 plus de 100 $ de r\u00e9duction\"},{\"@type\":\"BreadcrumbList\",\"@id\":\"https:\/\/vieassociative.be\/actualites\/ces-ecouteurs-sony-anc-sont-actuellement-a-plus-de-100-de-reduction\/#breadcrumb\",\"itemListElement\":[{\"@type\":\"ListItem\",\"position\":1,\"name\":\"Accueil\",\"item\":\"https:\/\/vieassociative.be\/actualites\/\"},{\"@type\":\"ListItem\",\"position\":2,\"name\":\"Ces \u00e9couteurs Sony ANC sont actuellement \u00e0 plus de 100 $ de r\u00e9duction\"}]},{\"@type\":\"WebSite\",\"@id\":\"https:\/\/vieassociative.be\/actualites\/#website\",\"url\":\"https:\/\/vieassociative.be\/actualites\/\",\"name\":\"Vie Associative\",\"description\":\"\",\"publisher\":{\"@id\":\"https:\/\/vieassociative.be\/actualites\/#organization\"},\"potentialAction\":[{\"@type\":\"SearchAction\",\"target\":{\"@type\":\"EntryPoint\",\"urlTemplate\":\"https:\/\/vieassociative.be\/actualites\/?s={search_term_string}\"},\"query-input\":{\"@type\":\"PropertyValueSpecification\",\"valueRequired\":true,\"valueName\":\"search_term_string\"}}],\"inLanguage\":\"fr-BE\"},{\"@type\":\"Organization\",\"@id\":\"https:\/\/vieassociative.be\/actualites\/#organization\",\"name\":\"Vie Associative\",\"url\":\"https:\/\/vieassociative.be\/actualites\/\",\"logo\":{\"@type\":\"ImageObject\",\"inLanguage\":\"fr-BE\",\"@id\":\"https:\/\/vieassociative.be\/actualites\/#\/schema\/logo\/image\/\",\"url\":\"https:\/\/vieassociative.be\/actualites\/wp-content\/uploads\/2024\/09\/cropped-vieassociative_favicon.ico.png\",\"contentUrl\":\"https:\/\/vieassociative.be\/actualites\/wp-content\/uploads\/2024\/09\/cropped-vieassociative_favicon.ico.png\",\"width\":512,\"height\":512,\"caption\":\"Vie Associative\"},\"image\":{\"@id\":\"https:\/\/vieassociative.be\/actualites\/#\/schema\/logo\/image\/\"}},{\"@type\":\"Person\",\"@id\":\"https:\/\/vieassociative.be\/actualites\/#\/schema\/person\/b87ac4f82f9d4e7b7cec7395b679edc4\",\"name\":\"Julien\",\"image\":{\"@type\":\"ImageObject\",\"inLanguage\":\"fr-BE\",\"@id\":\"https:\/\/vieassociative.be\/actualites\/#\/schema\/person\/image\/\",\"url\":\"https:\/\/vieassociative.be\/actualites\/wp-content\/uploads\/2024\/09\/vie-associative-1-150x150.jpg\",\"contentUrl\":\"https:\/\/vieassociative.be\/actualites\/wp-content\/uploads\/2024\/09\/vie-associative-1-150x150.jpg\",\"caption\":\"Julien\"},\"description\":\"Je suis Julien, r\u00e9dacteur pour Vie Associative. Passionn\u00e9 par le monde associatif depuis plus de 10 ans, j'ai \u00e0 c\u0153ur de partager des histoires inspirantes et de mettre en lumi\u00e8re les initiatives locales. Mon objectif est de sensibiliser et d'encourager l'engagement communautaire \u00e0 travers mes articles.\",\"sameAs\":[\"https:\/\/vieassociative.be\/\"]}]}<\/script>\n<!-- \/ Yoast SEO plugin. -->","yoast_head_json":{"title":"Ces \u00e9couteurs Sony ANC sont actuellement \u00e0 plus de 100 $ de r\u00e9duction | Vie Associative","robots":{"index":"index","follow":"follow","max-snippet":"max-snippet:-1","max-image-preview":"max-image-preview:large","max-video-preview":"max-video-preview:-1"},"canonical":"https:\/\/vieassociative.be\/actualites\/ces-ecouteurs-sony-anc-sont-actuellement-a-plus-de-100-de-reduction\/","og_locale":"fr_FR","og_type":"article","og_title":"Ces \u00e9couteurs Sony ANC sont actuellement \u00e0 plus de 100 $ de r\u00e9duction | Vie Associative","og_description":"Les performances de r\u00e9duction du bruit de Sony restent parmi les meilleures du secteur. La s\u00e9rie WH-1000XM de Sony est depuis longtemps la r\u00e9f\u00e9rence en","og_url":"https:\/\/vieassociative.be\/actualites\/ces-ecouteurs-sony-anc-sont-actuellement-a-plus-de-100-de-reduction\/","og_site_name":"Vie Associative","article_published_time":"2025-10-28T13:17:59+00:00","og_image":[{"url":"https:\/\/vieassociative.be\/actualites\/wp-content\/uploads\/2025\/10\/Ces-ecouteurs-Sony-ANC-sont-actuellement-a-plus-de-100.png","type":"","width":"","height":""}],"author":"Julien","twitter_card":"summary_large_image","twitter_misc":{"\u00c9crit par":"Julien","Dur\u00e9e de lecture est.":"2 minutes"},"schema":{"@context":"https:\/\/schema.org","@graph":[{"@type":"Article","@id":"https:\/\/vieassociative.be\/actualites\/ces-ecouteurs-sony-anc-sont-actuellement-a-plus-de-100-de-reduction\/#article","isPartOf":{"@id":"https:\/\/vieassociative.be\/actualites\/ces-ecouteurs-sony-anc-sont-actuellement-a-plus-de-100-de-reduction\/"},"author":{"name":"Julien","@id":"https:\/\/vieassociative.be\/actualites\/#\/schema\/person\/b87ac4f82f9d4e7b7cec7395b679edc4"},"headline":"Ces \u00e9couteurs Sony ANC sont actuellement \u00e0 plus de 100 $ de r\u00e9duction","datePublished":"2025-10-28T13:17:59+00:00","dateModified":"2025-10-28T13:17:59+00:00","mainEntityOfPage":{"@id":"https:\/\/vieassociative.be\/actualites\/ces-ecouteurs-sony-anc-sont-actuellement-a-plus-de-100-de-reduction\/"},"wordCount":501,"publisher":{"@id":"https:\/\/vieassociative.be\/actualites\/#organization"},"image":{"@id":"https:\/\/vieassociative.be\/actualites\/ces-ecouteurs-sony-anc-sont-actuellement-a-plus-de-100-de-reduction\/#primaryimage"},"thumbnailUrl":"https:\/\/vieassociative.be\/actualites\/wp-content\/uploads\/2025\/10\/1761657480_Ces-ecouteurs-Sony-ANC-sont-actuellement-a-plus-de-100.png","keywords":["actuellement","ANC","ces","\u00e9couteurs","r\u00e9duction","sont","Sony"],"articleSection":["Technologie"],"inLanguage":"fr-BE"},{"@type":"WebPage","@id":"https:\/\/vieassociative.be\/actualites\/ces-ecouteurs-sony-anc-sont-actuellement-a-plus-de-100-de-reduction\/","url":"https:\/\/vieassociative.be\/actualites\/ces-ecouteurs-sony-anc-sont-actuellement-a-plus-de-100-de-reduction\/","name":"Ces \u00e9couteurs Sony ANC sont actuellement \u00e0 plus de 100 $ de r\u00e9duction | Vie Associative","isPartOf":{"@id":"https:\/\/vieassociative.be\/actualites\/#website"},"primaryImageOfPage":{"@id":"https:\/\/vieassociative.be\/actualites\/ces-ecouteurs-sony-anc-sont-actuellement-a-plus-de-100-de-reduction\/#primaryimage"},"image":{"@id":"https:\/\/vieassociative.be\/actualites\/ces-ecouteurs-sony-anc-sont-actuellement-a-plus-de-100-de-reduction\/#primaryimage"},"thumbnailUrl":"https:\/\/vieassociative.be\/actualites\/wp-content\/uploads\/2025\/10\/1761657480_Ces-ecouteurs-Sony-ANC-sont-actuellement-a-plus-de-100.png","datePublished":"2025-10-28T13:17:59+00:00","dateModified":"2025-10-28T13:17:59+00:00","breadcrumb":{"@id":"https:\/\/vieassociative.be\/actualites\/ces-ecouteurs-sony-anc-sont-actuellement-a-plus-de-100-de-reduction\/#breadcrumb"},"inLanguage":"fr-BE","potentialAction":[{"@type":"ReadAction","target":["https:\/\/vieassociative.be\/actualites\/ces-ecouteurs-sony-anc-sont-actuellement-a-plus-de-100-de-reduction\/"]}]},{"@type":"ImageObject","inLanguage":"fr-BE","@id":"https:\/\/vieassociative.be\/actualites\/ces-ecouteurs-sony-anc-sont-actuellement-a-plus-de-100-de-reduction\/#primaryimage","url":"https:\/\/vieassociative.be\/actualites\/wp-content\/uploads\/2025\/10\/1761657480_Ces-ecouteurs-Sony-ANC-sont-actuellement-a-plus-de-100.png","contentUrl":"https:\/\/vieassociative.be\/actualites\/wp-content\/uploads\/2025\/10\/1761657480_Ces-ecouteurs-Sony-ANC-sont-actuellement-a-plus-de-100.png","width":1200,"height":675,"caption":"Ces \u00e9couteurs Sony ANC sont actuellement \u00e0 plus de 100 $ de r\u00e9duction"},{"@type":"BreadcrumbList","@id":"https:\/\/vieassociative.be\/actualites\/ces-ecouteurs-sony-anc-sont-actuellement-a-plus-de-100-de-reduction\/#breadcrumb","itemListElement":[{"@type":"ListItem","position":1,"name":"Accueil","item":"https:\/\/vieassociative.be\/actualites\/"},{"@type":"ListItem","position":2,"name":"Ces \u00e9couteurs Sony ANC sont actuellement \u00e0 plus de 100 $ de r\u00e9duction"}]},{"@type":"WebSite","@id":"https:\/\/vieassociative.be\/actualites\/#website","url":"https:\/\/vieassociative.be\/actualites\/","name":"Vie Associative","description":"","publisher":{"@id":"https:\/\/vieassociative.be\/actualites\/#organization"},"potentialAction":[{"@type":"SearchAction","target":{"@type":"EntryPoint","urlTemplate":"https:\/\/vieassociative.be\/actualites\/?s={search_term_string}"},"query-input":{"@type":"PropertyValueSpecification","valueRequired":true,"valueName":"search_term_string"}}],"inLanguage":"fr-BE"},{"@type":"Organization","@id":"https:\/\/vieassociative.be\/actualites\/#organization","name":"Vie Associative","url":"https:\/\/vieassociative.be\/actualites\/","logo":{"@type":"ImageObject","inLanguage":"fr-BE","@id":"https:\/\/vieassociative.be\/actualites\/#\/schema\/logo\/image\/","url":"https:\/\/vieassociative.be\/actualites\/wp-content\/uploads\/2024\/09\/cropped-vieassociative_favicon.ico.png","contentUrl":"https:\/\/vieassociative.be\/actualites\/wp-content\/uploads\/2024\/09\/cropped-vieassociative_favicon.ico.png","width":512,"height":512,"caption":"Vie Associative"},"image":{"@id":"https:\/\/vieassociative.be\/actualites\/#\/schema\/logo\/image\/"}},{"@type":"Person","@id":"https:\/\/vieassociative.be\/actualites\/#\/schema\/person\/b87ac4f82f9d4e7b7cec7395b679edc4","name":"Julien","image":{"@type":"ImageObject","inLanguage":"fr-BE","@id":"https:\/\/vieassociative.be\/actualites\/#\/schema\/person\/image\/","url":"https:\/\/vieassociative.be\/actualites\/wp-content\/uploads\/2024\/09\/vie-associative-1-150x150.jpg","contentUrl":"https:\/\/vieassociative.be\/actualites\/wp-content\/uploads\/2024\/09\/vie-associative-1-150x150.jpg","caption":"Julien"},"description":"Je suis Julien, r\u00e9dacteur pour Vie Associative. Passionn\u00e9 par le monde associatif depuis plus de 10 ans, j'ai \u00e0 c\u0153ur de partager des histoires inspirantes et de mettre en lumi\u00e8re les initiatives locales. Mon objectif est de sensibiliser et d'encourager l'engagement communautaire \u00e0 travers mes articles.","sameAs":["https:\/\/vieassociative.be\/"]}]}},"_links":{"self":[{"href":"https:\/\/vieassociative.be\/actualites\/wp-json\/wp\/v2\/posts\/10950"}],"collection":[{"href":"https:\/\/vieassociative.be\/actualites\/wp-json\/wp\/v2\/posts"}],"about":[{"href":"https:\/\/vieassociative.be\/actualites\/wp-json\/wp\/v2\/types\/post"}],"author":[{"embeddable":true,"href":"https:\/\/vieassociative.be\/actualites\/wp-json\/wp\/v2\/users\/1"}],"replies":[{"embeddable":true,"href":"https:\/\/vieassociative.be\/actualites\/wp-json\/wp\/v2\/comments?post=10950"}],"version-history":[{"count":0,"href":"https:\/\/vieassociative.be\/actualites\/wp-json\/wp\/v2\/posts\/10950\/revisions"}],"wp:featuredmedia":[{"embeddable":true,"href":"https:\/\/vieassociative.be\/actualites\/wp-json\/wp\/v2\/media\/10951"}],"wp:attachment":[{"href":"https:\/\/vieassociative.be\/actualites\/wp-json\/wp\/v2\/media?parent=10950"}],"wp:term":[{"taxonomy":"category","embeddable":true,"href":"https:\/\/vieassociative.be\/actualites\/wp-json\/wp\/v2\/categories?post=10950"},{"taxonomy":"post_tag","embeddable":true,"href":"https:\/\/vieassociative.be\/actualites\/wp-json\/wp\/v2\/tags?post=10950"}],"curies":[{"name":"wp","href":"https:\/\/api.w.org\/{rel}","templated":true}]}}