{"id":10948,"date":"2025-10-28T12:17:53","date_gmt":"2025-10-28T11:17:53","guid":{"rendered":"https:\/\/vieassociative.be\/actualites\/le-guide-de-la-culture-des-enfants-pour-les-adultes-deconnectes-quest-ce-que-le-groupe-7\/"},"modified":"2025-10-28T12:17:53","modified_gmt":"2025-10-28T11:17:53","slug":"le-guide-de-la-culture-des-enfants-pour-les-adultes-deconnectes-quest-ce-que-le-groupe-7","status":"publish","type":"post","link":"https:\/\/vieassociative.be\/actualites\/le-guide-de-la-culture-des-enfants-pour-les-adultes-deconnectes-quest-ce-que-le-groupe-7\/","title":{"rendered":"Le guide de la culture des enfants pour les adultes d\u00e9connect\u00e9s\u00a0: qu&rsquo;est-ce que le groupe 7\u00a0?"},"content":{"rendered":"<div class=\"mt-4 leading-6 md:mb-8\">Je me tiens ici dans le groupe 5.<\/div>\n<p><\/p>\n<p>C&rsquo;est ce qu&rsquo;on appelle la saison effrayante, et il n&rsquo;y a rien de plus effrayant que de r\u00e9aliser \u00e0 quel point vous \u00eates devenu d\u00e9connect\u00e9, alors permettez-moi de vous lancer une bou\u00e9e de sauvetage avec une explication sur les sujets tendances de la semaine avec les jeunes. Cette semaine, tout le monde parle de son appartenance \u00e0 un groupe en ligne compl\u00e8tement arbitraire, pr\u00e9pare des costumes d&rsquo;Halloween que peu de personnes de plus de 30 ans comprendront et essaie des v\u00eatements \u00ab historiquement pr\u00e9cis \u00bb datant de 2005. <\/p>\n<h2 id=\"what-is-group-7-on-tiktok\">Qu\u2019est-ce que le \u00ab Groupe 7 \u00bb sur TikTok ?<\/h2>\n<blockquote class=\"tiktokEmbed tiktok-embed\" data-video-id=\"7562061800192183583\" style=\"max-width: 605px;min-width: 325px;\">\n<section><\/section>\n<\/blockquote>\n<p>Cette semaine, tout le monde sur TikTok publie des articles sur le \u00ab Groupe 7 \u00bb. Voici ce qui se passe : le 17 octobre, la chanteuse de 26 ans Sophia James a fait une petite exp\u00e9rience sociale pour promouvoir son nouveau single, \u00ab\u00a0So Unfair\u00a0\u00bb. Elle a publi\u00e9 sept vid\u00e9os pr\u00e9sentant la chanson pour voir laquelle gagnerait le plus de popularit\u00e9 et de port\u00e9e. Le septi\u00e8me est devenu viral, \u00e0 hauteur de plus de 75 millions d&rsquo;\u00e9coutes. Et puis il a pris son essor, avec plus de 600 000 vid\u00e9os finalement publi\u00e9es sous le tag Groupe 7. <\/p>\n<p>Dans la vid\u00e9o originale du G7, James dit : \u00ab\u00a0Je ne sais pas ce que cela dit de vous. Mais vous \u00eates dans le groupe 7.\u00a0\u00bb Les gens ont commenc\u00e9 \u00e0 d\u00e9finir ce que l&rsquo;appartenance au groupe 7 signifie pour eux \u2013 m\u00eame si c&rsquo;est al\u00e9atoire \u2013 et \u00e0 \u00e9num\u00e9rer les qualit\u00e9s que les membres du groupe 7 sont cens\u00e9s poss\u00e9der. D&rsquo;apr\u00e8s cette vid\u00e9o, les membres du Groupe 7 s&rsquo;aiment, \u00ab\u00a0on rit, on partage, on regarde des vid\u00e9os jusqu&rsquo;au bout\u00a0\u00bb. <\/p>\n<div class=\"mx-auto mb-12 mt-5 w-full max-w-3xl rounded-md border-2 border-gray-100 p-3 shadow-md md:px-7 md:pb-7 md:pt-5\" id=\"related-video\">\n<div class=\"mb-3 flex items-center md:mb-5\">\n        <img decoding=\"async\" class=\"mr-4 mt-0 h-10 w-10 md:mr-5 md:h-12 md:w-12\" src=\"https:\/\/vieassociative.be\/actualites\/wp-content\/uploads\/2025\/09\/1757726237_608_Meta-pourrait-devoiler-une-montre-intelligente-pour-controler-ses-lunettes.jpg\" alt=\"Logo du pirate de la vie\"><\/p><\/div>\n<div class=\"aspect-video w-full overflow-hidden rounded-md\">\n<div id=\"video-container-01K8N8A9YBC9TDMMV15DCW15YX\"><\/div>\n<\/p><\/div>\n<\/div>\n<p>Alors que de nombreux TikTokers consid\u00e8rent leur appartenance au Groupe 7 comme une plaisanterie, une partie croissante (et plut\u00f4t triste) du Groupe 7 semble convaincue de son importance. Qu&rsquo;ils ont \u00e9t\u00e9 choisis. Le d\u00e9sir d\u2019un sentiment d\u2019appartenance est palpable. Il y a aussi l&rsquo;id\u00e9e que si tous les membres du groupe se suivent, cela signifierait \u00ab\u00a0ne jamais avoir \u00e0 trouver un travail normal\u00a0\u00bb. <\/p>\n<p>Mais ce ne sera pas le cas. Les \u00ab follow-chains \u00bb ne sont pas nouvelles sur Internet et elles ne fonctionnent pas. Ce qui va r\u00e9ellement se passer, c&rsquo;est que l&rsquo;algorithme finira par d\u00e9cider que les gens en ont assez que leurs flux soient remplis de vid\u00e9os du groupe 7 et freinera leur propagation. Dans quelques semaines, tout le monde dira : \u00ab Tu te souviens de ce truc bizarre du \u00ab Groupe 7 \u00bb ? C\u2019est le cycle de vie in\u00e9vitable des m\u00e8mes Internet. <\/p>\n<h2 id=\"hbo-max-adds-six-seven-category\">HBO Max ajoute la cat\u00e9gorie \u00ab six sept \u00bb<\/h2>\n<p>En parlant de m\u00e8mes arbitraires bas\u00e9s sur des nombres, le mot d&rsquo;argot de l&rsquo;ann\u00e9e \u00ab\u00a06-7\u00a0\u00bb continue de cro\u00eetre et de se propager de mani\u00e8re inattendue, y compris sur la plateforme de streaming HBO Max, qui a ajout\u00e9 une cat\u00e9gorie de films \u00ab\u00a0Six Seveeeeen\u00a0\u00bb sur son service. <\/p>\n<p>L&rsquo;expression ne veut rien dire, ce qui rend un film \u00ab\u00a06-7\u00a0\u00bb difficile \u00e0 d\u00e9finir, alors Max a d\u00e9cid\u00e9 de choisir la voie la plus facile en incluant des films avec \u00ab\u00a0six\u00a0\u00bb ou \u00ab\u00a0sept\u00a0\u00bb dans leurs titres. Les films de la collection incluent des entr\u00e9es attendues comme <em>Le sixi\u00e8me sens<\/em>, <em>Sept<\/em>et les sixi\u00e8me et septi\u00e8me films Harry Potter (<em>Six jours sept nuits<\/em> n&rsquo;est malheureusement pas disponible sur HBO Max, et aussi, vous avez probablement oubli\u00e9 qu&rsquo;il existait de toute fa\u00e7on). Mis \u00e0 part les fruits \u00e0 port\u00e9e de main, il existe \u00e9galement des choix inspir\u00e9s, comme celui d&rsquo;Akira Kurosawa. <em>Les Sept Samoura\u00efs <\/em>et celui d&rsquo;Ingmar Bergman <em>Le septi\u00e8me sceau<\/em>. Comme toutes les tentatives de \u00ab comment allez-vous, mes camarades \u00bb visant \u00e0 coopter l&rsquo;argot des jeunes, le coup de HBO est ennuyeux et sourd, et peut-\u00eatre un signal que toute cette histoire de six heures sur sept se termine enfin, mais j&rsquo;aime l&rsquo;id\u00e9e qu&rsquo;un enfant pourri au cerveau va regarder <em>Le septi\u00e8me sceau<\/em> et vraiment <em>se rapporter<\/em> au match d&rsquo;\u00e9checs du soldat contre la mort. <\/p>\n<h2 id=\"meme-based-costumes-to-watch-for-on-halloween\">Costumes bas\u00e9s sur des m\u00e8mes \u00e0 surveiller pour Halloween<\/h2>\n<p>M\u00eame avant Internet, Halloween \u00e9tait une f\u00eate m\u00e8me, avec des costumes de personnalit\u00e9s de la culture pop en t\u00eate des ventes chez Spencer&rsquo;s Gifts chaque ann\u00e9e. Mais c&rsquo;est devenu ridicule en 2025. Recherchez que tous les autres enfants qui sonnent \u00e0 votre porte cette ann\u00e9e portent une tenue inspir\u00e9e d&rsquo;une tendance populaire en ligne et que les fant\u00f4mes et les Draculas sont aussi rares que les observations de monstres du Loch Ness. <\/p>\n<p>Voici quelques costumes bas\u00e9s sur des m\u00e8mes qui seront probablement populaires cet Halloween\u00a0:<\/p>\n<h3>Laboubu<\/h3>\n<div class=\"mx-auto mt-8 w-full max-w-4xl aspect-video\">\n<div id=\"video-container-01K8N8A9YC5B8446B6MPKK4R62\"><\/div>\n<\/div>\n<p>Se d\u00e9guiser comme l&rsquo;un de ces jouets \u00e0 la mode est une \u00e9vidence, m\u00eame si les efforts n\u00e9cessaires pour bien le faire sont consid\u00e9rables. Heureusement, il existe des tonnes de tutoriels en ligne comme celui li\u00e9 ci-dessus. <\/p>\n<h3>Fille Lorax<\/h3>\n<div class=\"mx-auto mt-8 w-full max-w-4xl aspect-video\">\n<div id=\"video-container-01K8N8A9YC5B8446B6MPKK4R63\"><\/div>\n<\/div>\n<p>Si vous vous demandez pourquoi tant de jeunes femmes se d\u00e9guisent en personnage principal du film de 2012 <em>Le Lorax<\/em>c&rsquo;est tout un truc. Le costume est devenu si populaire au cours des derni\u00e8res ann\u00e9es qu\u2019il suscite une r\u00e9action l\u00e9gitime. <\/p>\n<h3>Chasseurs de d\u00e9mons KPop<\/h3>\n<div class=\"mx-auto mt-8 w-full max-w-4xl aspect-video\">\n<div id=\"video-container-01K8N8A9YDXNMQ3PSC20ZSKYS7\"><\/div>\n<\/div>\n<p>Les tenues flashy du film d&rsquo;animation au succ\u00e8s incroyable de Netflix conviennent parfaitement pour Halloween, mais sont susceptibles de susciter le plus de r\u00e9ponses du type \u00ab\u00a0qu&rsquo;\u00eates-vous cens\u00e9 \u00eatre\u00a0\u00bb de la part des personnes \u00e2g\u00e9es. <\/p>\n<h3>Poulet Jockey<\/h3>\n<div class=\"mx-auto mt-8 w-full max-w-4xl aspect-video\">\n<div id=\"video-container-01K8N8A9YDXNMQ3PSC20ZSKYS8\"><\/div>\n<\/div>\n<p>Comme le jeu qui l&rsquo;a inspir\u00e9, <em>Le film Minecraft<\/em> reste tr\u00e8s populaire aupr\u00e8s des jeunes, alors recherchez les repr\u00e9sentations de l&#8217;embl\u00e9matique \u00ab\u00a0Chicken Jockey!\u00a0\u00bb sc\u00e8ne sous forme de costume le 31 octobre. Si vous voulez bien faire les choses, vous devez le fabriquer vous-m\u00eame, mais vous pouvez acheter une tenue Minecraft Chicken Jockey chez Walmart si vous voulez gagner du temps. <\/p>\n<h3>Grenouille de protestation gonflable<\/h3>\n<div class=\"mx-auto mt-8 w-full max-w-4xl aspect-video\">\n<div id=\"video-container-01K8N8A9YDXNMQ3PSC20ZSKYS9\"><\/div>\n<\/div>\n<p>Les manifestations sur glace \u00e0 Portland ont donn\u00e9 naissance \u00e0 un h\u00e9ros viral et underground : la grenouille de protestation, alors recherchez des imitateurs qui arborent ce costume embl\u00e9matique \u00e0 Halloween. C&rsquo;est un bon choix pour les paresseux dans la mesure o\u00f9 il fait une d\u00e9claration sans aucun effort. Vous pouvez simplement acheter un costume de grenouille gonflable sur Amazon. <\/p>\n<h2 id=\"viral-video-of-the-week-trying-on-low-rise-jeans\">Vid\u00e9o virale de la semaine : \u00ab\u00a0essayer un jean taille basse\u00a0\u00bb<\/h2>\n<blockquote class=\"tiktokEmbed tiktok-embed\" data-video-id=\"7562748096833228062\" style=\"max-width: 605px;min-width: 325px;\">\n<section><\/section>\n<\/blockquote>\n<p>Attention\u00a0: la vid\u00e9o virale de cette semaine vous fera probablement sentir vieux. Dans ce document, le jeune utilisateur de TikTok @vintageprincessxoxo essaie des \u00ab jeans taille basse historiquement pr\u00e9cis \u00bb. Elle est clairement surprise par la fa\u00e7on dont <em>faible<\/em> les jeans taille basse le sont en fait, mais comme de nombreuses personnes \u00e2g\u00e9es l&rsquo;ont soulign\u00e9 dans les commentaires, la paire \u00ab historiquement exacte \u00bb qu&rsquo;elle essaie n&rsquo;est m\u00eame pas si basse. \u00ab\u00a0Ch\u00e9ri, ils sont taille haute avec des doubles boutons\u00a0\u00bb, souligne un internaute. La section des commentaires est remplie de campagnes \u00e9ducatives interg\u00e9n\u00e9rationnelles similaires, avec des mentors du mill\u00e9naire expliquant aux jeunes les queues de baleine et l&rsquo;importance de porter une ceinture. (\u00ab Historiquement exact \u00bb, cependant ? A\u00efe.)<\/p>\n<p><script async src=\"\/\/www.tiktok.com\/embed.js\"><\/script><\/p>\n","protected":false},"excerpt":{"rendered":"<p>Je me tiens ici dans le groupe 5. C&rsquo;est ce qu&rsquo;on appelle la saison effrayante, et il n&rsquo;y a rien de plus effrayant que de<\/p>\n","protected":false},"author":1,"featured_media":10949,"comment_status":"","ping_status":"","sticky":false,"template":"","format":"standard","meta":{"footnotes":""},"categories":[36],"tags":[899,2805,2806,29,324,1827,461,14,81,2006],"class_list":["post-10948","post","type-post","status-publish","format-standard","has-post-thumbnail","hentry","category-divertissement","tag-adultes","tag-culture","tag-deconnectes","tag-des","tag-enfants","tag-groupe","tag-guide","tag-les","tag-pour","tag-questce","generate-columns","tablet-grid-50","mobile-grid-100","grid-parent","grid-33"],"yoast_head":"<!-- This site is optimized with the Yoast SEO plugin v24.0 - https:\/\/yoast.com\/wordpress\/plugins\/seo\/ -->\n<title>Le guide de la culture des enfants pour les adultes d\u00e9connect\u00e9s\u00a0: qu&#039;est-ce que le groupe 7\u00a0? | Vie Associative<\/title>\n<meta name=\"robots\" content=\"index, follow, max-snippet:-1, max-image-preview:large, max-video-preview:-1\" \/>\n<link rel=\"canonical\" href=\"https:\/\/vieassociative.be\/actualites\/le-guide-de-la-culture-des-enfants-pour-les-adultes-deconnectes-quest-ce-que-le-groupe-7\/\" \/>\n<meta property=\"og:locale\" content=\"fr_FR\" \/>\n<meta property=\"og:type\" content=\"article\" \/>\n<meta property=\"og:title\" content=\"Le guide de la culture des enfants pour les adultes d\u00e9connect\u00e9s\u00a0: qu&#039;est-ce que le groupe 7\u00a0? | Vie Associative\" \/>\n<meta property=\"og:description\" content=\"Je me tiens ici dans le groupe 5. C&rsquo;est ce qu&rsquo;on appelle la saison effrayante, et il n&rsquo;y a rien de plus effrayant que de\" \/>\n<meta property=\"og:url\" content=\"https:\/\/vieassociative.be\/actualites\/le-guide-de-la-culture-des-enfants-pour-les-adultes-deconnectes-quest-ce-que-le-groupe-7\/\" \/>\n<meta property=\"og:site_name\" content=\"Vie Associative\" \/>\n<meta property=\"article:published_time\" content=\"2025-10-28T11:17:53+00:00\" \/>\n<meta property=\"og:image\" content=\"https:\/\/vieassociative.be\/actualites\/wp-content\/uploads\/2025\/09\/1757726237_608_Meta-pourrait-devoiler-une-montre-intelligente-pour-controler-ses-lunettes.jpg\" \/>\n<meta name=\"author\" content=\"Julien\" \/>\n<meta name=\"twitter:card\" content=\"summary_large_image\" \/>\n<meta name=\"twitter:label1\" content=\"\u00c9crit par\" \/>\n\t<meta name=\"twitter:data1\" content=\"Julien\" \/>\n\t<meta name=\"twitter:label2\" content=\"Dur\u00e9e de lecture est.\" \/>\n\t<meta name=\"twitter:data2\" content=\"6 minutes\" \/>\n<script type=\"application\/ld+json\" class=\"yoast-schema-graph\">{\"@context\":\"https:\/\/schema.org\",\"@graph\":[{\"@type\":\"Article\",\"@id\":\"https:\/\/vieassociative.be\/actualites\/le-guide-de-la-culture-des-enfants-pour-les-adultes-deconnectes-quest-ce-que-le-groupe-7\/#article\",\"isPartOf\":{\"@id\":\"https:\/\/vieassociative.be\/actualites\/le-guide-de-la-culture-des-enfants-pour-les-adultes-deconnectes-quest-ce-que-le-groupe-7\/\"},\"author\":{\"name\":\"Julien\",\"@id\":\"https:\/\/vieassociative.be\/actualites\/#\/schema\/person\/b87ac4f82f9d4e7b7cec7395b679edc4\"},\"headline\":\"Le guide de la culture des enfants pour les adultes d\u00e9connect\u00e9s\u00a0: qu&rsquo;est-ce que le groupe 7\u00a0?\",\"datePublished\":\"2025-10-28T11:17:53+00:00\",\"dateModified\":\"2025-10-28T11:17:53+00:00\",\"mainEntityOfPage\":{\"@id\":\"https:\/\/vieassociative.be\/actualites\/le-guide-de-la-culture-des-enfants-pour-les-adultes-deconnectes-quest-ce-que-le-groupe-7\/\"},\"wordCount\":1223,\"publisher\":{\"@id\":\"https:\/\/vieassociative.be\/actualites\/#organization\"},\"image\":{\"@id\":\"https:\/\/vieassociative.be\/actualites\/le-guide-de-la-culture-des-enfants-pour-les-adultes-deconnectes-quest-ce-que-le-groupe-7\/#primaryimage\"},\"thumbnailUrl\":\"https:\/\/vieassociative.be\/actualites\/wp-content\/uploads\/2025\/10\/Le-guide-de-la-culture-des-enfants-pour-les-adultes.png\",\"keywords\":[\"adultes\",\"culture\",\"d\u00e9connect\u00e9s\",\"Des\",\"enfants\",\"groupe\",\"Guide\",\"Les\",\"pour\",\"Questce\"],\"articleSection\":[\"Divertissement\"],\"inLanguage\":\"fr-BE\"},{\"@type\":\"WebPage\",\"@id\":\"https:\/\/vieassociative.be\/actualites\/le-guide-de-la-culture-des-enfants-pour-les-adultes-deconnectes-quest-ce-que-le-groupe-7\/\",\"url\":\"https:\/\/vieassociative.be\/actualites\/le-guide-de-la-culture-des-enfants-pour-les-adultes-deconnectes-quest-ce-que-le-groupe-7\/\",\"name\":\"Le guide de la culture des enfants pour les adultes d\u00e9connect\u00e9s\u00a0: qu'est-ce que le groupe 7\u00a0? | Vie Associative\",\"isPartOf\":{\"@id\":\"https:\/\/vieassociative.be\/actualites\/#website\"},\"primaryImageOfPage\":{\"@id\":\"https:\/\/vieassociative.be\/actualites\/le-guide-de-la-culture-des-enfants-pour-les-adultes-deconnectes-quest-ce-que-le-groupe-7\/#primaryimage\"},\"image\":{\"@id\":\"https:\/\/vieassociative.be\/actualites\/le-guide-de-la-culture-des-enfants-pour-les-adultes-deconnectes-quest-ce-que-le-groupe-7\/#primaryimage\"},\"thumbnailUrl\":\"https:\/\/vieassociative.be\/actualites\/wp-content\/uploads\/2025\/10\/Le-guide-de-la-culture-des-enfants-pour-les-adultes.png\",\"datePublished\":\"2025-10-28T11:17:53+00:00\",\"dateModified\":\"2025-10-28T11:17:53+00:00\",\"breadcrumb\":{\"@id\":\"https:\/\/vieassociative.be\/actualites\/le-guide-de-la-culture-des-enfants-pour-les-adultes-deconnectes-quest-ce-que-le-groupe-7\/#breadcrumb\"},\"inLanguage\":\"fr-BE\",\"potentialAction\":[{\"@type\":\"ReadAction\",\"target\":[\"https:\/\/vieassociative.be\/actualites\/le-guide-de-la-culture-des-enfants-pour-les-adultes-deconnectes-quest-ce-que-le-groupe-7\/\"]}]},{\"@type\":\"ImageObject\",\"inLanguage\":\"fr-BE\",\"@id\":\"https:\/\/vieassociative.be\/actualites\/le-guide-de-la-culture-des-enfants-pour-les-adultes-deconnectes-quest-ce-que-le-groupe-7\/#primaryimage\",\"url\":\"https:\/\/vieassociative.be\/actualites\/wp-content\/uploads\/2025\/10\/Le-guide-de-la-culture-des-enfants-pour-les-adultes.png\",\"contentUrl\":\"https:\/\/vieassociative.be\/actualites\/wp-content\/uploads\/2025\/10\/Le-guide-de-la-culture-des-enfants-pour-les-adultes.png\",\"width\":1200,\"height\":675,\"caption\":\"Le guide de la culture des enfants pour les adultes d\u00e9connect\u00e9s\u00a0: qu'est-ce que le groupe 7\u00a0?\"},{\"@type\":\"BreadcrumbList\",\"@id\":\"https:\/\/vieassociative.be\/actualites\/le-guide-de-la-culture-des-enfants-pour-les-adultes-deconnectes-quest-ce-que-le-groupe-7\/#breadcrumb\",\"itemListElement\":[{\"@type\":\"ListItem\",\"position\":1,\"name\":\"Accueil\",\"item\":\"https:\/\/vieassociative.be\/actualites\/\"},{\"@type\":\"ListItem\",\"position\":2,\"name\":\"Le guide de la culture des enfants pour les adultes d\u00e9connect\u00e9s\u00a0: qu&rsquo;est-ce que le groupe 7\u00a0?\"}]},{\"@type\":\"WebSite\",\"@id\":\"https:\/\/vieassociative.be\/actualites\/#website\",\"url\":\"https:\/\/vieassociative.be\/actualites\/\",\"name\":\"Vie Associative\",\"description\":\"\",\"publisher\":{\"@id\":\"https:\/\/vieassociative.be\/actualites\/#organization\"},\"potentialAction\":[{\"@type\":\"SearchAction\",\"target\":{\"@type\":\"EntryPoint\",\"urlTemplate\":\"https:\/\/vieassociative.be\/actualites\/?s={search_term_string}\"},\"query-input\":{\"@type\":\"PropertyValueSpecification\",\"valueRequired\":true,\"valueName\":\"search_term_string\"}}],\"inLanguage\":\"fr-BE\"},{\"@type\":\"Organization\",\"@id\":\"https:\/\/vieassociative.be\/actualites\/#organization\",\"name\":\"Vie Associative\",\"url\":\"https:\/\/vieassociative.be\/actualites\/\",\"logo\":{\"@type\":\"ImageObject\",\"inLanguage\":\"fr-BE\",\"@id\":\"https:\/\/vieassociative.be\/actualites\/#\/schema\/logo\/image\/\",\"url\":\"https:\/\/vieassociative.be\/actualites\/wp-content\/uploads\/2024\/09\/cropped-vieassociative_favicon.ico.png\",\"contentUrl\":\"https:\/\/vieassociative.be\/actualites\/wp-content\/uploads\/2024\/09\/cropped-vieassociative_favicon.ico.png\",\"width\":512,\"height\":512,\"caption\":\"Vie Associative\"},\"image\":{\"@id\":\"https:\/\/vieassociative.be\/actualites\/#\/schema\/logo\/image\/\"}},{\"@type\":\"Person\",\"@id\":\"https:\/\/vieassociative.be\/actualites\/#\/schema\/person\/b87ac4f82f9d4e7b7cec7395b679edc4\",\"name\":\"Julien\",\"image\":{\"@type\":\"ImageObject\",\"inLanguage\":\"fr-BE\",\"@id\":\"https:\/\/vieassociative.be\/actualites\/#\/schema\/person\/image\/\",\"url\":\"https:\/\/vieassociative.be\/actualites\/wp-content\/uploads\/2024\/09\/vie-associative-1-150x150.jpg\",\"contentUrl\":\"https:\/\/vieassociative.be\/actualites\/wp-content\/uploads\/2024\/09\/vie-associative-1-150x150.jpg\",\"caption\":\"Julien\"},\"description\":\"Je suis Julien, r\u00e9dacteur pour Vie Associative. Passionn\u00e9 par le monde associatif depuis plus de 10 ans, j'ai \u00e0 c\u0153ur de partager des histoires inspirantes et de mettre en lumi\u00e8re les initiatives locales. Mon objectif est de sensibiliser et d'encourager l'engagement communautaire \u00e0 travers mes articles.\",\"sameAs\":[\"https:\/\/vieassociative.be\/\"]}]}<\/script>\n<!-- \/ Yoast SEO plugin. -->","yoast_head_json":{"title":"Le guide de la culture des enfants pour les adultes d\u00e9connect\u00e9s\u00a0: qu'est-ce que le groupe 7\u00a0? | Vie Associative","robots":{"index":"index","follow":"follow","max-snippet":"max-snippet:-1","max-image-preview":"max-image-preview:large","max-video-preview":"max-video-preview:-1"},"canonical":"https:\/\/vieassociative.be\/actualites\/le-guide-de-la-culture-des-enfants-pour-les-adultes-deconnectes-quest-ce-que-le-groupe-7\/","og_locale":"fr_FR","og_type":"article","og_title":"Le guide de la culture des enfants pour les adultes d\u00e9connect\u00e9s\u00a0: qu'est-ce que le groupe 7\u00a0? | Vie Associative","og_description":"Je me tiens ici dans le groupe 5. C&rsquo;est ce qu&rsquo;on appelle la saison effrayante, et il n&rsquo;y a rien de plus effrayant que de","og_url":"https:\/\/vieassociative.be\/actualites\/le-guide-de-la-culture-des-enfants-pour-les-adultes-deconnectes-quest-ce-que-le-groupe-7\/","og_site_name":"Vie Associative","article_published_time":"2025-10-28T11:17:53+00:00","og_image":[{"url":"https:\/\/vieassociative.be\/actualites\/wp-content\/uploads\/2025\/09\/1757726237_608_Meta-pourrait-devoiler-une-montre-intelligente-pour-controler-ses-lunettes.jpg","type":"","width":"","height":""}],"author":"Julien","twitter_card":"summary_large_image","twitter_misc":{"\u00c9crit par":"Julien","Dur\u00e9e de lecture est.":"6 minutes"},"schema":{"@context":"https:\/\/schema.org","@graph":[{"@type":"Article","@id":"https:\/\/vieassociative.be\/actualites\/le-guide-de-la-culture-des-enfants-pour-les-adultes-deconnectes-quest-ce-que-le-groupe-7\/#article","isPartOf":{"@id":"https:\/\/vieassociative.be\/actualites\/le-guide-de-la-culture-des-enfants-pour-les-adultes-deconnectes-quest-ce-que-le-groupe-7\/"},"author":{"name":"Julien","@id":"https:\/\/vieassociative.be\/actualites\/#\/schema\/person\/b87ac4f82f9d4e7b7cec7395b679edc4"},"headline":"Le guide de la culture des enfants pour les adultes d\u00e9connect\u00e9s\u00a0: qu&rsquo;est-ce que le groupe 7\u00a0?","datePublished":"2025-10-28T11:17:53+00:00","dateModified":"2025-10-28T11:17:53+00:00","mainEntityOfPage":{"@id":"https:\/\/vieassociative.be\/actualites\/le-guide-de-la-culture-des-enfants-pour-les-adultes-deconnectes-quest-ce-que-le-groupe-7\/"},"wordCount":1223,"publisher":{"@id":"https:\/\/vieassociative.be\/actualites\/#organization"},"image":{"@id":"https:\/\/vieassociative.be\/actualites\/le-guide-de-la-culture-des-enfants-pour-les-adultes-deconnectes-quest-ce-que-le-groupe-7\/#primaryimage"},"thumbnailUrl":"https:\/\/vieassociative.be\/actualites\/wp-content\/uploads\/2025\/10\/Le-guide-de-la-culture-des-enfants-pour-les-adultes.png","keywords":["adultes","culture","d\u00e9connect\u00e9s","Des","enfants","groupe","Guide","Les","pour","Questce"],"articleSection":["Divertissement"],"inLanguage":"fr-BE"},{"@type":"WebPage","@id":"https:\/\/vieassociative.be\/actualites\/le-guide-de-la-culture-des-enfants-pour-les-adultes-deconnectes-quest-ce-que-le-groupe-7\/","url":"https:\/\/vieassociative.be\/actualites\/le-guide-de-la-culture-des-enfants-pour-les-adultes-deconnectes-quest-ce-que-le-groupe-7\/","name":"Le guide de la culture des enfants pour les adultes d\u00e9connect\u00e9s\u00a0: qu'est-ce que le groupe 7\u00a0? | Vie Associative","isPartOf":{"@id":"https:\/\/vieassociative.be\/actualites\/#website"},"primaryImageOfPage":{"@id":"https:\/\/vieassociative.be\/actualites\/le-guide-de-la-culture-des-enfants-pour-les-adultes-deconnectes-quest-ce-que-le-groupe-7\/#primaryimage"},"image":{"@id":"https:\/\/vieassociative.be\/actualites\/le-guide-de-la-culture-des-enfants-pour-les-adultes-deconnectes-quest-ce-que-le-groupe-7\/#primaryimage"},"thumbnailUrl":"https:\/\/vieassociative.be\/actualites\/wp-content\/uploads\/2025\/10\/Le-guide-de-la-culture-des-enfants-pour-les-adultes.png","datePublished":"2025-10-28T11:17:53+00:00","dateModified":"2025-10-28T11:17:53+00:00","breadcrumb":{"@id":"https:\/\/vieassociative.be\/actualites\/le-guide-de-la-culture-des-enfants-pour-les-adultes-deconnectes-quest-ce-que-le-groupe-7\/#breadcrumb"},"inLanguage":"fr-BE","potentialAction":[{"@type":"ReadAction","target":["https:\/\/vieassociative.be\/actualites\/le-guide-de-la-culture-des-enfants-pour-les-adultes-deconnectes-quest-ce-que-le-groupe-7\/"]}]},{"@type":"ImageObject","inLanguage":"fr-BE","@id":"https:\/\/vieassociative.be\/actualites\/le-guide-de-la-culture-des-enfants-pour-les-adultes-deconnectes-quest-ce-que-le-groupe-7\/#primaryimage","url":"https:\/\/vieassociative.be\/actualites\/wp-content\/uploads\/2025\/10\/Le-guide-de-la-culture-des-enfants-pour-les-adultes.png","contentUrl":"https:\/\/vieassociative.be\/actualites\/wp-content\/uploads\/2025\/10\/Le-guide-de-la-culture-des-enfants-pour-les-adultes.png","width":1200,"height":675,"caption":"Le guide de la culture des enfants pour les adultes d\u00e9connect\u00e9s\u00a0: qu'est-ce que le groupe 7\u00a0?"},{"@type":"BreadcrumbList","@id":"https:\/\/vieassociative.be\/actualites\/le-guide-de-la-culture-des-enfants-pour-les-adultes-deconnectes-quest-ce-que-le-groupe-7\/#breadcrumb","itemListElement":[{"@type":"ListItem","position":1,"name":"Accueil","item":"https:\/\/vieassociative.be\/actualites\/"},{"@type":"ListItem","position":2,"name":"Le guide de la culture des enfants pour les adultes d\u00e9connect\u00e9s\u00a0: qu&rsquo;est-ce que le groupe 7\u00a0?"}]},{"@type":"WebSite","@id":"https:\/\/vieassociative.be\/actualites\/#website","url":"https:\/\/vieassociative.be\/actualites\/","name":"Vie Associative","description":"","publisher":{"@id":"https:\/\/vieassociative.be\/actualites\/#organization"},"potentialAction":[{"@type":"SearchAction","target":{"@type":"EntryPoint","urlTemplate":"https:\/\/vieassociative.be\/actualites\/?s={search_term_string}"},"query-input":{"@type":"PropertyValueSpecification","valueRequired":true,"valueName":"search_term_string"}}],"inLanguage":"fr-BE"},{"@type":"Organization","@id":"https:\/\/vieassociative.be\/actualites\/#organization","name":"Vie Associative","url":"https:\/\/vieassociative.be\/actualites\/","logo":{"@type":"ImageObject","inLanguage":"fr-BE","@id":"https:\/\/vieassociative.be\/actualites\/#\/schema\/logo\/image\/","url":"https:\/\/vieassociative.be\/actualites\/wp-content\/uploads\/2024\/09\/cropped-vieassociative_favicon.ico.png","contentUrl":"https:\/\/vieassociative.be\/actualites\/wp-content\/uploads\/2024\/09\/cropped-vieassociative_favicon.ico.png","width":512,"height":512,"caption":"Vie Associative"},"image":{"@id":"https:\/\/vieassociative.be\/actualites\/#\/schema\/logo\/image\/"}},{"@type":"Person","@id":"https:\/\/vieassociative.be\/actualites\/#\/schema\/person\/b87ac4f82f9d4e7b7cec7395b679edc4","name":"Julien","image":{"@type":"ImageObject","inLanguage":"fr-BE","@id":"https:\/\/vieassociative.be\/actualites\/#\/schema\/person\/image\/","url":"https:\/\/vieassociative.be\/actualites\/wp-content\/uploads\/2024\/09\/vie-associative-1-150x150.jpg","contentUrl":"https:\/\/vieassociative.be\/actualites\/wp-content\/uploads\/2024\/09\/vie-associative-1-150x150.jpg","caption":"Julien"},"description":"Je suis Julien, r\u00e9dacteur pour Vie Associative. Passionn\u00e9 par le monde associatif depuis plus de 10 ans, j'ai \u00e0 c\u0153ur de partager des histoires inspirantes et de mettre en lumi\u00e8re les initiatives locales. Mon objectif est de sensibiliser et d'encourager l'engagement communautaire \u00e0 travers mes articles.","sameAs":["https:\/\/vieassociative.be\/"]}]}},"_links":{"self":[{"href":"https:\/\/vieassociative.be\/actualites\/wp-json\/wp\/v2\/posts\/10948"}],"collection":[{"href":"https:\/\/vieassociative.be\/actualites\/wp-json\/wp\/v2\/posts"}],"about":[{"href":"https:\/\/vieassociative.be\/actualites\/wp-json\/wp\/v2\/types\/post"}],"author":[{"embeddable":true,"href":"https:\/\/vieassociative.be\/actualites\/wp-json\/wp\/v2\/users\/1"}],"replies":[{"embeddable":true,"href":"https:\/\/vieassociative.be\/actualites\/wp-json\/wp\/v2\/comments?post=10948"}],"version-history":[{"count":0,"href":"https:\/\/vieassociative.be\/actualites\/wp-json\/wp\/v2\/posts\/10948\/revisions"}],"wp:featuredmedia":[{"embeddable":true,"href":"https:\/\/vieassociative.be\/actualites\/wp-json\/wp\/v2\/media\/10949"}],"wp:attachment":[{"href":"https:\/\/vieassociative.be\/actualites\/wp-json\/wp\/v2\/media?parent=10948"}],"wp:term":[{"taxonomy":"category","embeddable":true,"href":"https:\/\/vieassociative.be\/actualites\/wp-json\/wp\/v2\/categories?post=10948"},{"taxonomy":"post_tag","embeddable":true,"href":"https:\/\/vieassociative.be\/actualites\/wp-json\/wp\/v2\/tags?post=10948"}],"curies":[{"name":"wp","href":"https:\/\/api.w.org\/{rel}","templated":true}]}}