{"id":10946,"date":"2025-10-28T08:18:17","date_gmt":"2025-10-28T07:18:17","guid":{"rendered":"https:\/\/vieassociative.be\/actualites\/cet-ensemble-de-thermostat-nest-et-de-capteur-de-temperature-est-a-70-de-reduction\/"},"modified":"2025-10-28T08:18:17","modified_gmt":"2025-10-28T07:18:17","slug":"cet-ensemble-de-thermostat-nest-et-de-capteur-de-temperature-est-a-70-de-reduction","status":"publish","type":"post","link":"https:\/\/vieassociative.be\/actualites\/cet-ensemble-de-thermostat-nest-et-de-capteur-de-temperature-est-a-70-de-reduction\/","title":{"rendered":"Cet ensemble de thermostat Nest et de capteur de temp\u00e9rature est \u00e0 70\u00a0$ de r\u00e9duction"},"content":{"rendered":"<div class=\"mt-4 leading-6 md:mb-8\">Il s&rsquo;agit d&rsquo;un thermostat intelligent de Google avec apprentissage de l&rsquo;IA et d\u00e9tection de pi\u00e8ce \u00e0 distance.<\/div>\n<p><\/p>\n<p>Juste \u00e0 temps pour l&rsquo;hiver, un ensemble comprenant le Google Nest Learning Thermostat de quatri\u00e8me g\u00e9n\u00e9ration et un capteur de temp\u00e9rature Nest de deuxi\u00e8me g\u00e9n\u00e9ration est de 70 $ de r\u00e9duction chez Walmart. Cela ram\u00e8ne le prix \u00e0 209,55 $ (initialement 279,99 $). Le thermostat intelligent vous permet de personnaliser le programme de chauffage et de climatisation de votre maison gr\u00e2ce \u00e0 l&rsquo;IA, \u00e9conomisant ainsi l&rsquo;\u00e9nergie et garantissant des temp\u00e9ratures constantes dans toute votre maison.<\/p>\n<div class=\"pogoClear mb-12 mt-10 rounded-md border-2 border-gray-100 py-7 shadow-xl md:py-6\">\n<div class=\"flex flex-wrap justify-between px-7 text-black no-underline md:flex-nowrap md:px-8\">\n<div class=\"order-1 mx-auto flex flex-col justify-center md:order-2 md:ml-4 md:w-full md:grow\">\n<div class=\"block cursor-pointer text-center font-akshar text-2xl font-medium leading-7 text-brand-green duration-200 ease-in-out hover:text-brand-green-700 md:text-left md:text-xl md:leading-6\">Google Nest Learning Thermostat (4e g\u00e9n\u00e9ration) avec capteur de temp\u00e9rature Nest (2e g\u00e9n\u00e9ration)\n                <\/div>\n<div class=\"mt-4 hidden md:flex md:justify-between\">\n<div class=\"self-end\">\n<div class=\"mb-0 h-11 md:flex md:flex-col md:justify-center\">\n<div class=\" font-sans leading-4 text-black\">\n<div class=\"flex flex-wrap items-center justify-center gap-1 md:justify-start\">\n        <span class=\"font-bold\"><\/p>\n<p>            209,55\u00a0$<br \/>\n                            <span class=\"font-medium\">chez Walmart<\/span><br \/>\n                    <\/span>\n            <\/div>\n<div class=\"flex items-center justify-center gap-x-1 font-bold md:justify-start\">\n            <span class=\"text-sm line-through\">279,99\u00a0$<\/span><br \/>\n            <span class=\"text-sm text-brand-green\">\u00c9conomisez 70,44 $<\/span>\n        <\/div>\n<\/p><\/div>\n<\/p><\/div>\n<\/p><\/div>\n<div class=\"w-44 self-end\">\n                            <button class=\"flex justify-center items-center w-full bg-brand-green text-white text-base font-sans font-medium rounded-md hover:bg-brand-green-700 hover:cursor-pointer md:text-sm h-11\"><\/p>\n<p>    Obtenez une offre<br \/>\n<\/button>\n                        <\/div>\n<\/p><\/div>\n<\/p><\/div>\n<div class=\"order-2 mt-5 h-auto w-full md:order-1 md:mt-0 md:hidden\">\n<div class=\"flex aspect-video items-center justify-center\">\n                                            <img decoding=\"async\" class=\"m-0 max-h-full max-w-full rounded-md\" src=\"https:\/\/vieassociative.be\/actualites\/wp-content\/uploads\/2025\/10\/Cet-ensemble-de-thermostat-Nest-et-de-capteur-de-temperature.jpg\" alt=\"Google Nest Learning Thermostat (4e g\u00e9n\u00e9ration) avec capteur de temp\u00e9rature Nest (2e g\u00e9n\u00e9ration)\" width=\"auto\" height=\"auto\" loading=\"lazy\">\n                                    <\/div>\n<\/p><\/div>\n<div class=\"order-2 ml-2 hidden w-32 shrink-0 items-center md:order-1 md:ml-0 md:flex\">\n<div class=\"flex aspect-video items-center justify-center\">\n                                            <img decoding=\"async\" class=\"m-0 max-h-full max-w-full rounded-md\" src=\"https:\/\/vieassociative.be\/actualites\/wp-content\/uploads\/2025\/10\/Cet-ensemble-de-thermostat-Nest-et-de-capteur-de-temperature.jpg\" alt=\"Google Nest Learning Thermostat (4e g\u00e9n\u00e9ration) avec capteur de temp\u00e9rature Nest (2e g\u00e9n\u00e9ration)\" width=\"auto\" height=\"auto\" loading=\"lazy\">\n                                    <\/div>\n<\/p><\/div>\n<div class=\"order-3 flex grow flex-wrap md:hidden md:grow-0\">\n<div class=\"mt-4 w-full\">\n                        <button class=\"flex justify-center items-center w-full bg-brand-green text-white text-base font-sans font-medium rounded-md hover:bg-brand-green-700 hover:cursor-pointer md:text-sm h-11\"><\/p>\n<p>    Obtenez une offre<br \/>\n<\/button>\n                    <\/div>\n<div class=\"mx-2 mt-4 w-full\">\n<div class=\" font-sans leading-4 text-black\">\n<div class=\"flex flex-wrap items-center justify-center gap-1 md:justify-start\">\n        <span class=\"font-bold\"><\/p>\n<p>            209,55\u00a0$<br \/>\n                            <span class=\"font-medium\">chez Walmart<\/span><br \/>\n                    <\/span>\n            <\/div>\n<div class=\"flex items-center justify-center gap-x-1 font-bold md:justify-start\">\n            <span class=\"text-sm line-through\">279,99\u00a0$<\/span><br \/>\n            <span class=\"text-sm text-brand-green\">\u00c9conomisez 70,44 $<\/span>\n        <\/div>\n<\/p><\/div>\n<\/p><\/div>\n<\/p><\/div>\n<\/p><\/div>\n<\/div>\n<p>Ce thermostat Nest de quatri\u00e8me g\u00e9n\u00e9ration propose plusieurs mises \u00e0 jour par rapport \u00e0 son pr\u00e9d\u00e9cesseur, notamment la prise en charge de Matter, qui permet la compatibilit\u00e9 avec un large \u00e9ventail d&rsquo;\u00e9cosyst\u00e8mes de maison intelligente (bien qu&rsquo;il ne prenne pas en charge Thread). Selon cette revue PCMag, il est simple \u00e0 installer, est livr\u00e9 avec un capteur d&rsquo;ambiance \u00e0 distance et utilise l&rsquo;IA pour apprendre les pr\u00e9f\u00e9rences et cr\u00e9er un programme de chauffage et de refroidissement personnalis\u00e9 qui s&rsquo;ajuste en fonction des changements de votre routine, bien que vous puissiez \u00e9galement apporter manuellement des modifications et rejeter les ajustements sugg\u00e9r\u00e9s.<\/p>\n<p>Il poss\u00e8de un \u00e9cran plus grand que la g\u00e9n\u00e9ration pr\u00e9c\u00e9dente (2,7 pouces avec une r\u00e9solution de 600 x 600 pixels, contre 2,1 pouces avec une r\u00e9solution de 480 x 480 pixels) avec un mince anneau en acier inoxydable qui vous permet de faire d\u00e9filer les options de menu et d&rsquo;ajuster les param\u00e8tres de temp\u00e9rature ou de basculer entre des modes comme Confort, Eco et Sommeil. Le thermostat fonctionne avec la plupart des syst\u00e8mes de chauffage et de refroidissement 24 V et comprend des capteurs de lumi\u00e8re ambiante, d&rsquo;humidit\u00e9, de mouvement et de temp\u00e9rature. Vous pouvez le contr\u00f4ler via l&rsquo;application Google Home ou les commandes vocales de Google Assistant. <\/p>\n<p>Ce mod\u00e8le dispose \u00e9galement d&rsquo;une nouvelle version de la technologie Farsight de Nest, qui utilise un capteur de mouvement pour allumer l&rsquo;\u00e9cran lorsque vous entrez dans la pi\u00e8ce et adapte ce qui est affich\u00e9 en fonction de la distance \u00e0 laquelle vous vous trouvez du thermostat, affichant plus de d\u00e9tails \u00e0 mesure que vous vous rapprochez. Contrairement aux options plus riches en fonctionnalit\u00e9s comme le Ecobee Smart Thermostat Premium<strong>, <\/strong>il ne peut pas d\u00e9tecter la qualit\u00e9 de l&rsquo;air ni servir de centre de s\u00e9curit\u00e9 domestique lorsqu&rsquo;il est associ\u00e9 \u00e0 des capteurs et des cam\u00e9ras.  <\/p>\n<p>En fin de compte, cet ensemble (actuellement \u00e0 environ 25 % de r\u00e9duction) en vaut la peine si vous recherchez un thermostat intelligent avec un grand \u00e9cran, une esth\u00e9tique \u00e9l\u00e9gante et une d\u00e9tection de pi\u00e8ce \u00e0 distance. Si vous privil\u00e9giez le design et la simplicit\u00e9 plut\u00f4t que des fonctionnalit\u00e9s maximales, c&rsquo;est un meilleur choix que l&rsquo;Ecobee Smart Thermostat Premium.<\/p>\n","protected":false},"excerpt":{"rendered":"<p>Il s&rsquo;agit d&rsquo;un thermostat intelligent de Google avec apprentissage de l&rsquo;IA et d\u00e9tection de pi\u00e8ce \u00e0 distance. Juste \u00e0 temps pour l&rsquo;hiver, un ensemble comprenant<\/p>\n","protected":false},"author":1,"featured_media":10947,"comment_status":"","ping_status":"","sticky":false,"template":"","format":"standard","meta":{"footnotes":""},"categories":[13],"tags":[1526,216,1921,76,1082,308,4049,9061],"class_list":["post-10946","post","type-post","status-publish","format-standard","has-post-thumbnail","hentry","category-technologie","tag-capteur","tag-cet","tag-ensemble","tag-est","tag-nest","tag-reduction","tag-temperature","tag-thermostat","generate-columns","tablet-grid-50","mobile-grid-100","grid-parent","grid-33"],"yoast_head":"<!-- This site is optimized with the Yoast SEO plugin v24.0 - https:\/\/yoast.com\/wordpress\/plugins\/seo\/ -->\n<title>Cet ensemble de thermostat Nest et de capteur de temp\u00e9rature est \u00e0 70\u00a0$ de r\u00e9duction | Vie Associative<\/title>\n<meta name=\"robots\" content=\"index, follow, max-snippet:-1, max-image-preview:large, max-video-preview:-1\" \/>\n<link rel=\"canonical\" href=\"https:\/\/vieassociative.be\/actualites\/cet-ensemble-de-thermostat-nest-et-de-capteur-de-temperature-est-a-70-de-reduction\/\" \/>\n<meta property=\"og:locale\" content=\"fr_FR\" \/>\n<meta property=\"og:type\" content=\"article\" \/>\n<meta property=\"og:title\" content=\"Cet ensemble de thermostat Nest et de capteur de temp\u00e9rature est \u00e0 70\u00a0$ de r\u00e9duction | Vie Associative\" \/>\n<meta property=\"og:description\" content=\"Il s&rsquo;agit d&rsquo;un thermostat intelligent de Google avec apprentissage de l&rsquo;IA et d\u00e9tection de pi\u00e8ce \u00e0 distance. Juste \u00e0 temps pour l&rsquo;hiver, un ensemble comprenant\" \/>\n<meta property=\"og:url\" content=\"https:\/\/vieassociative.be\/actualites\/cet-ensemble-de-thermostat-nest-et-de-capteur-de-temperature-est-a-70-de-reduction\/\" \/>\n<meta property=\"og:site_name\" content=\"Vie Associative\" \/>\n<meta property=\"article:published_time\" content=\"2025-10-28T07:18:17+00:00\" \/>\n<meta property=\"og:image\" content=\"https:\/\/vieassociative.be\/actualites\/wp-content\/uploads\/2025\/10\/Cet-ensemble-de-thermostat-Nest-et-de-capteur-de-temperature.jpg\" \/>\n<meta name=\"author\" content=\"Julien\" \/>\n<meta name=\"twitter:card\" content=\"summary_large_image\" \/>\n<meta name=\"twitter:label1\" content=\"\u00c9crit par\" \/>\n\t<meta name=\"twitter:data1\" content=\"Julien\" \/>\n\t<meta name=\"twitter:label2\" content=\"Dur\u00e9e de lecture est.\" \/>\n\t<meta name=\"twitter:data2\" content=\"3 minutes\" \/>\n<script type=\"application\/ld+json\" class=\"yoast-schema-graph\">{\"@context\":\"https:\/\/schema.org\",\"@graph\":[{\"@type\":\"Article\",\"@id\":\"https:\/\/vieassociative.be\/actualites\/cet-ensemble-de-thermostat-nest-et-de-capteur-de-temperature-est-a-70-de-reduction\/#article\",\"isPartOf\":{\"@id\":\"https:\/\/vieassociative.be\/actualites\/cet-ensemble-de-thermostat-nest-et-de-capteur-de-temperature-est-a-70-de-reduction\/\"},\"author\":{\"name\":\"Julien\",\"@id\":\"https:\/\/vieassociative.be\/actualites\/#\/schema\/person\/b87ac4f82f9d4e7b7cec7395b679edc4\"},\"headline\":\"Cet ensemble de thermostat Nest et de capteur de temp\u00e9rature est \u00e0 70\u00a0$ de r\u00e9duction\",\"datePublished\":\"2025-10-28T07:18:17+00:00\",\"dateModified\":\"2025-10-28T07:18:17+00:00\",\"mainEntityOfPage\":{\"@id\":\"https:\/\/vieassociative.be\/actualites\/cet-ensemble-de-thermostat-nest-et-de-capteur-de-temperature-est-a-70-de-reduction\/\"},\"wordCount\":543,\"publisher\":{\"@id\":\"https:\/\/vieassociative.be\/actualites\/#organization\"},\"image\":{\"@id\":\"https:\/\/vieassociative.be\/actualites\/cet-ensemble-de-thermostat-nest-et-de-capteur-de-temperature-est-a-70-de-reduction\/#primaryimage\"},\"thumbnailUrl\":\"https:\/\/vieassociative.be\/actualites\/wp-content\/uploads\/2025\/10\/Cet-ensemble-de-thermostat-Nest-et-de-capteur-de-temperature.png\",\"keywords\":[\"capteur\",\"cet\",\"ensemble\",\"est\",\"nest\",\"r\u00e9duction\",\"temp\u00e9rature\",\"thermostat\"],\"articleSection\":[\"Technologie\"],\"inLanguage\":\"fr-BE\"},{\"@type\":\"WebPage\",\"@id\":\"https:\/\/vieassociative.be\/actualites\/cet-ensemble-de-thermostat-nest-et-de-capteur-de-temperature-est-a-70-de-reduction\/\",\"url\":\"https:\/\/vieassociative.be\/actualites\/cet-ensemble-de-thermostat-nest-et-de-capteur-de-temperature-est-a-70-de-reduction\/\",\"name\":\"Cet ensemble de thermostat Nest et de capteur de temp\u00e9rature est \u00e0 70\u00a0$ de r\u00e9duction | Vie Associative\",\"isPartOf\":{\"@id\":\"https:\/\/vieassociative.be\/actualites\/#website\"},\"primaryImageOfPage\":{\"@id\":\"https:\/\/vieassociative.be\/actualites\/cet-ensemble-de-thermostat-nest-et-de-capteur-de-temperature-est-a-70-de-reduction\/#primaryimage\"},\"image\":{\"@id\":\"https:\/\/vieassociative.be\/actualites\/cet-ensemble-de-thermostat-nest-et-de-capteur-de-temperature-est-a-70-de-reduction\/#primaryimage\"},\"thumbnailUrl\":\"https:\/\/vieassociative.be\/actualites\/wp-content\/uploads\/2025\/10\/Cet-ensemble-de-thermostat-Nest-et-de-capteur-de-temperature.png\",\"datePublished\":\"2025-10-28T07:18:17+00:00\",\"dateModified\":\"2025-10-28T07:18:17+00:00\",\"breadcrumb\":{\"@id\":\"https:\/\/vieassociative.be\/actualites\/cet-ensemble-de-thermostat-nest-et-de-capteur-de-temperature-est-a-70-de-reduction\/#breadcrumb\"},\"inLanguage\":\"fr-BE\",\"potentialAction\":[{\"@type\":\"ReadAction\",\"target\":[\"https:\/\/vieassociative.be\/actualites\/cet-ensemble-de-thermostat-nest-et-de-capteur-de-temperature-est-a-70-de-reduction\/\"]}]},{\"@type\":\"ImageObject\",\"inLanguage\":\"fr-BE\",\"@id\":\"https:\/\/vieassociative.be\/actualites\/cet-ensemble-de-thermostat-nest-et-de-capteur-de-temperature-est-a-70-de-reduction\/#primaryimage\",\"url\":\"https:\/\/vieassociative.be\/actualites\/wp-content\/uploads\/2025\/10\/Cet-ensemble-de-thermostat-Nest-et-de-capteur-de-temperature.png\",\"contentUrl\":\"https:\/\/vieassociative.be\/actualites\/wp-content\/uploads\/2025\/10\/Cet-ensemble-de-thermostat-Nest-et-de-capteur-de-temperature.png\",\"width\":1200,\"height\":675,\"caption\":\"Cet ensemble de thermostat Nest et de capteur de temp\u00e9rature est \u00e0 70\u00a0$ de r\u00e9duction\"},{\"@type\":\"BreadcrumbList\",\"@id\":\"https:\/\/vieassociative.be\/actualites\/cet-ensemble-de-thermostat-nest-et-de-capteur-de-temperature-est-a-70-de-reduction\/#breadcrumb\",\"itemListElement\":[{\"@type\":\"ListItem\",\"position\":1,\"name\":\"Accueil\",\"item\":\"https:\/\/vieassociative.be\/actualites\/\"},{\"@type\":\"ListItem\",\"position\":2,\"name\":\"Cet ensemble de thermostat Nest et de capteur de temp\u00e9rature est \u00e0 70\u00a0$ de r\u00e9duction\"}]},{\"@type\":\"WebSite\",\"@id\":\"https:\/\/vieassociative.be\/actualites\/#website\",\"url\":\"https:\/\/vieassociative.be\/actualites\/\",\"name\":\"Vie Associative\",\"description\":\"\",\"publisher\":{\"@id\":\"https:\/\/vieassociative.be\/actualites\/#organization\"},\"potentialAction\":[{\"@type\":\"SearchAction\",\"target\":{\"@type\":\"EntryPoint\",\"urlTemplate\":\"https:\/\/vieassociative.be\/actualites\/?s={search_term_string}\"},\"query-input\":{\"@type\":\"PropertyValueSpecification\",\"valueRequired\":true,\"valueName\":\"search_term_string\"}}],\"inLanguage\":\"fr-BE\"},{\"@type\":\"Organization\",\"@id\":\"https:\/\/vieassociative.be\/actualites\/#organization\",\"name\":\"Vie Associative\",\"url\":\"https:\/\/vieassociative.be\/actualites\/\",\"logo\":{\"@type\":\"ImageObject\",\"inLanguage\":\"fr-BE\",\"@id\":\"https:\/\/vieassociative.be\/actualites\/#\/schema\/logo\/image\/\",\"url\":\"https:\/\/vieassociative.be\/actualites\/wp-content\/uploads\/2024\/09\/cropped-vieassociative_favicon.ico.png\",\"contentUrl\":\"https:\/\/vieassociative.be\/actualites\/wp-content\/uploads\/2024\/09\/cropped-vieassociative_favicon.ico.png\",\"width\":512,\"height\":512,\"caption\":\"Vie Associative\"},\"image\":{\"@id\":\"https:\/\/vieassociative.be\/actualites\/#\/schema\/logo\/image\/\"}},{\"@type\":\"Person\",\"@id\":\"https:\/\/vieassociative.be\/actualites\/#\/schema\/person\/b87ac4f82f9d4e7b7cec7395b679edc4\",\"name\":\"Julien\",\"image\":{\"@type\":\"ImageObject\",\"inLanguage\":\"fr-BE\",\"@id\":\"https:\/\/vieassociative.be\/actualites\/#\/schema\/person\/image\/\",\"url\":\"https:\/\/vieassociative.be\/actualites\/wp-content\/uploads\/2024\/09\/vie-associative-1-150x150.jpg\",\"contentUrl\":\"https:\/\/vieassociative.be\/actualites\/wp-content\/uploads\/2024\/09\/vie-associative-1-150x150.jpg\",\"caption\":\"Julien\"},\"description\":\"Je suis Julien, r\u00e9dacteur pour Vie Associative. Passionn\u00e9 par le monde associatif depuis plus de 10 ans, j'ai \u00e0 c\u0153ur de partager des histoires inspirantes et de mettre en lumi\u00e8re les initiatives locales. Mon objectif est de sensibiliser et d'encourager l'engagement communautaire \u00e0 travers mes articles.\",\"sameAs\":[\"https:\/\/vieassociative.be\/\"]}]}<\/script>\n<!-- \/ Yoast SEO plugin. -->","yoast_head_json":{"title":"Cet ensemble de thermostat Nest et de capteur de temp\u00e9rature est \u00e0 70\u00a0$ de r\u00e9duction | Vie Associative","robots":{"index":"index","follow":"follow","max-snippet":"max-snippet:-1","max-image-preview":"max-image-preview:large","max-video-preview":"max-video-preview:-1"},"canonical":"https:\/\/vieassociative.be\/actualites\/cet-ensemble-de-thermostat-nest-et-de-capteur-de-temperature-est-a-70-de-reduction\/","og_locale":"fr_FR","og_type":"article","og_title":"Cet ensemble de thermostat Nest et de capteur de temp\u00e9rature est \u00e0 70\u00a0$ de r\u00e9duction | Vie Associative","og_description":"Il s&rsquo;agit d&rsquo;un thermostat intelligent de Google avec apprentissage de l&rsquo;IA et d\u00e9tection de pi\u00e8ce \u00e0 distance. Juste \u00e0 temps pour l&rsquo;hiver, un ensemble comprenant","og_url":"https:\/\/vieassociative.be\/actualites\/cet-ensemble-de-thermostat-nest-et-de-capteur-de-temperature-est-a-70-de-reduction\/","og_site_name":"Vie Associative","article_published_time":"2025-10-28T07:18:17+00:00","og_image":[{"url":"https:\/\/vieassociative.be\/actualites\/wp-content\/uploads\/2025\/10\/Cet-ensemble-de-thermostat-Nest-et-de-capteur-de-temperature.jpg","type":"","width":"","height":""}],"author":"Julien","twitter_card":"summary_large_image","twitter_misc":{"\u00c9crit par":"Julien","Dur\u00e9e de lecture est.":"3 minutes"},"schema":{"@context":"https:\/\/schema.org","@graph":[{"@type":"Article","@id":"https:\/\/vieassociative.be\/actualites\/cet-ensemble-de-thermostat-nest-et-de-capteur-de-temperature-est-a-70-de-reduction\/#article","isPartOf":{"@id":"https:\/\/vieassociative.be\/actualites\/cet-ensemble-de-thermostat-nest-et-de-capteur-de-temperature-est-a-70-de-reduction\/"},"author":{"name":"Julien","@id":"https:\/\/vieassociative.be\/actualites\/#\/schema\/person\/b87ac4f82f9d4e7b7cec7395b679edc4"},"headline":"Cet ensemble de thermostat Nest et de capteur de temp\u00e9rature est \u00e0 70\u00a0$ de r\u00e9duction","datePublished":"2025-10-28T07:18:17+00:00","dateModified":"2025-10-28T07:18:17+00:00","mainEntityOfPage":{"@id":"https:\/\/vieassociative.be\/actualites\/cet-ensemble-de-thermostat-nest-et-de-capteur-de-temperature-est-a-70-de-reduction\/"},"wordCount":543,"publisher":{"@id":"https:\/\/vieassociative.be\/actualites\/#organization"},"image":{"@id":"https:\/\/vieassociative.be\/actualites\/cet-ensemble-de-thermostat-nest-et-de-capteur-de-temperature-est-a-70-de-reduction\/#primaryimage"},"thumbnailUrl":"https:\/\/vieassociative.be\/actualites\/wp-content\/uploads\/2025\/10\/Cet-ensemble-de-thermostat-Nest-et-de-capteur-de-temperature.png","keywords":["capteur","cet","ensemble","est","nest","r\u00e9duction","temp\u00e9rature","thermostat"],"articleSection":["Technologie"],"inLanguage":"fr-BE"},{"@type":"WebPage","@id":"https:\/\/vieassociative.be\/actualites\/cet-ensemble-de-thermostat-nest-et-de-capteur-de-temperature-est-a-70-de-reduction\/","url":"https:\/\/vieassociative.be\/actualites\/cet-ensemble-de-thermostat-nest-et-de-capteur-de-temperature-est-a-70-de-reduction\/","name":"Cet ensemble de thermostat Nest et de capteur de temp\u00e9rature est \u00e0 70\u00a0$ de r\u00e9duction | Vie Associative","isPartOf":{"@id":"https:\/\/vieassociative.be\/actualites\/#website"},"primaryImageOfPage":{"@id":"https:\/\/vieassociative.be\/actualites\/cet-ensemble-de-thermostat-nest-et-de-capteur-de-temperature-est-a-70-de-reduction\/#primaryimage"},"image":{"@id":"https:\/\/vieassociative.be\/actualites\/cet-ensemble-de-thermostat-nest-et-de-capteur-de-temperature-est-a-70-de-reduction\/#primaryimage"},"thumbnailUrl":"https:\/\/vieassociative.be\/actualites\/wp-content\/uploads\/2025\/10\/Cet-ensemble-de-thermostat-Nest-et-de-capteur-de-temperature.png","datePublished":"2025-10-28T07:18:17+00:00","dateModified":"2025-10-28T07:18:17+00:00","breadcrumb":{"@id":"https:\/\/vieassociative.be\/actualites\/cet-ensemble-de-thermostat-nest-et-de-capteur-de-temperature-est-a-70-de-reduction\/#breadcrumb"},"inLanguage":"fr-BE","potentialAction":[{"@type":"ReadAction","target":["https:\/\/vieassociative.be\/actualites\/cet-ensemble-de-thermostat-nest-et-de-capteur-de-temperature-est-a-70-de-reduction\/"]}]},{"@type":"ImageObject","inLanguage":"fr-BE","@id":"https:\/\/vieassociative.be\/actualites\/cet-ensemble-de-thermostat-nest-et-de-capteur-de-temperature-est-a-70-de-reduction\/#primaryimage","url":"https:\/\/vieassociative.be\/actualites\/wp-content\/uploads\/2025\/10\/Cet-ensemble-de-thermostat-Nest-et-de-capteur-de-temperature.png","contentUrl":"https:\/\/vieassociative.be\/actualites\/wp-content\/uploads\/2025\/10\/Cet-ensemble-de-thermostat-Nest-et-de-capteur-de-temperature.png","width":1200,"height":675,"caption":"Cet ensemble de thermostat Nest et de capteur de temp\u00e9rature est \u00e0 70\u00a0$ de r\u00e9duction"},{"@type":"BreadcrumbList","@id":"https:\/\/vieassociative.be\/actualites\/cet-ensemble-de-thermostat-nest-et-de-capteur-de-temperature-est-a-70-de-reduction\/#breadcrumb","itemListElement":[{"@type":"ListItem","position":1,"name":"Accueil","item":"https:\/\/vieassociative.be\/actualites\/"},{"@type":"ListItem","position":2,"name":"Cet ensemble de thermostat Nest et de capteur de temp\u00e9rature est \u00e0 70\u00a0$ de r\u00e9duction"}]},{"@type":"WebSite","@id":"https:\/\/vieassociative.be\/actualites\/#website","url":"https:\/\/vieassociative.be\/actualites\/","name":"Vie Associative","description":"","publisher":{"@id":"https:\/\/vieassociative.be\/actualites\/#organization"},"potentialAction":[{"@type":"SearchAction","target":{"@type":"EntryPoint","urlTemplate":"https:\/\/vieassociative.be\/actualites\/?s={search_term_string}"},"query-input":{"@type":"PropertyValueSpecification","valueRequired":true,"valueName":"search_term_string"}}],"inLanguage":"fr-BE"},{"@type":"Organization","@id":"https:\/\/vieassociative.be\/actualites\/#organization","name":"Vie Associative","url":"https:\/\/vieassociative.be\/actualites\/","logo":{"@type":"ImageObject","inLanguage":"fr-BE","@id":"https:\/\/vieassociative.be\/actualites\/#\/schema\/logo\/image\/","url":"https:\/\/vieassociative.be\/actualites\/wp-content\/uploads\/2024\/09\/cropped-vieassociative_favicon.ico.png","contentUrl":"https:\/\/vieassociative.be\/actualites\/wp-content\/uploads\/2024\/09\/cropped-vieassociative_favicon.ico.png","width":512,"height":512,"caption":"Vie Associative"},"image":{"@id":"https:\/\/vieassociative.be\/actualites\/#\/schema\/logo\/image\/"}},{"@type":"Person","@id":"https:\/\/vieassociative.be\/actualites\/#\/schema\/person\/b87ac4f82f9d4e7b7cec7395b679edc4","name":"Julien","image":{"@type":"ImageObject","inLanguage":"fr-BE","@id":"https:\/\/vieassociative.be\/actualites\/#\/schema\/person\/image\/","url":"https:\/\/vieassociative.be\/actualites\/wp-content\/uploads\/2024\/09\/vie-associative-1-150x150.jpg","contentUrl":"https:\/\/vieassociative.be\/actualites\/wp-content\/uploads\/2024\/09\/vie-associative-1-150x150.jpg","caption":"Julien"},"description":"Je suis Julien, r\u00e9dacteur pour Vie Associative. Passionn\u00e9 par le monde associatif depuis plus de 10 ans, j'ai \u00e0 c\u0153ur de partager des histoires inspirantes et de mettre en lumi\u00e8re les initiatives locales. Mon objectif est de sensibiliser et d'encourager l'engagement communautaire \u00e0 travers mes articles.","sameAs":["https:\/\/vieassociative.be\/"]}]}},"_links":{"self":[{"href":"https:\/\/vieassociative.be\/actualites\/wp-json\/wp\/v2\/posts\/10946"}],"collection":[{"href":"https:\/\/vieassociative.be\/actualites\/wp-json\/wp\/v2\/posts"}],"about":[{"href":"https:\/\/vieassociative.be\/actualites\/wp-json\/wp\/v2\/types\/post"}],"author":[{"embeddable":true,"href":"https:\/\/vieassociative.be\/actualites\/wp-json\/wp\/v2\/users\/1"}],"replies":[{"embeddable":true,"href":"https:\/\/vieassociative.be\/actualites\/wp-json\/wp\/v2\/comments?post=10946"}],"version-history":[{"count":0,"href":"https:\/\/vieassociative.be\/actualites\/wp-json\/wp\/v2\/posts\/10946\/revisions"}],"wp:featuredmedia":[{"embeddable":true,"href":"https:\/\/vieassociative.be\/actualites\/wp-json\/wp\/v2\/media\/10947"}],"wp:attachment":[{"href":"https:\/\/vieassociative.be\/actualites\/wp-json\/wp\/v2\/media?parent=10946"}],"wp:term":[{"taxonomy":"category","embeddable":true,"href":"https:\/\/vieassociative.be\/actualites\/wp-json\/wp\/v2\/categories?post=10946"},{"taxonomy":"post_tag","embeddable":true,"href":"https:\/\/vieassociative.be\/actualites\/wp-json\/wp\/v2\/tags?post=10946"}],"curies":[{"name":"wp","href":"https:\/\/api.w.org\/{rel}","templated":true}]}}