{"id":10943,"date":"2025-10-28T02:17:32","date_gmt":"2025-10-28T01:17:32","guid":{"rendered":"https:\/\/vieassociative.be\/actualites\/cette-microsoft-surface-pro-7-2-en-1-est-actuellement-en-vente-pour-seulement-660\/"},"modified":"2025-10-28T02:17:32","modified_gmt":"2025-10-28T01:17:32","slug":"cette-microsoft-surface-pro-7-2-en-1-est-actuellement-en-vente-pour-seulement-660","status":"publish","type":"post","link":"https:\/\/vieassociative.be\/actualites\/cette-microsoft-surface-pro-7-2-en-1-est-actuellement-en-vente-pour-seulement-660\/","title":{"rendered":"Cette Microsoft Surface Pro 7 2-en-1 est actuellement en vente pour seulement 660 $"},"content":{"rendered":"<div class=\"mt-4 leading-6 md:mb-8\">La Microsoft Surface Pro 7 reste une option fiable en 2025.<\/div>\n<p><\/p>\n<p>Cette toute nouvelle Microsoft Surface Pro 7 offre une portabilit\u00e9, une flexibilit\u00e9 et une puissance qui conviennent toujours \u00e0 la plupart des personnes qui souhaitent une machine Windows fiable sans payer trop cher, et elle est actuellement en vente au prix de 659,99 $ chez StackSocial. L&rsquo;\u00e9cran tactile PixelSense de 12,3 pouces reste net et r\u00e9actif, avec une r\u00e9solution de 2\u00a0736 x 1\u00a0824 qui rend les documents, les feuilles de calcul et le streaming nets. Il est l\u00e9ger (1,7 livre) et la b\u00e9quille int\u00e9gr\u00e9e le transforme de tablette en ordinateur portable \u00e0 la demande, ce que la gamme Surface a toujours r\u00e9ussi.<\/p>\n<p>La Surface Pro 7 est aliment\u00e9e par un processeur Intel Core i5 de 10e g\u00e9n\u00e9ration, associ\u00e9 \u00e0 8 Go de RAM et un SSD de 256 Go. Cette combinaison n&rsquo;est plus \u00e0 la pointe, mais elle reste suffisante pour les t\u00e2ches quotidiennes comme l&rsquo;\u00e9criture, la navigation, les appels vid\u00e9o et les projets cr\u00e9atifs l\u00e9gers. La batterie a une autonomie allant jusqu&rsquo;\u00e0 10,5 heures, ce qui signifie que vous passerez probablement une journ\u00e9e de travail avant de devoir la recharger. Vous b\u00e9n\u00e9ficiez \u00e9galement d&rsquo;un m\u00e9lange de ports que les appareils plus r\u00e9cents ignorent parfois\u00a0: USB-A et USB-C, une prise casque et m\u00eame un lecteur de carte microSDXC pour une extension rapide du stockage. Le Wifi 6 et le Bluetooth 5.0 garantissent des connexions modernes, et pour ceux qui investissent dans l&rsquo;\u00e9cosyst\u00e8me Surface, il fonctionne toujours avec des accessoires tels que le clavier Type Cover et le Surface Pen, bien qu&rsquo;ils soient vendus s\u00e9par\u00e9ment.<\/p>\n<p>Ce mod\u00e8le ne rivalisera pas avec la derni\u00e8re Surface Pro 11 ou les ultrabooks haut de gamme si vous recherchez une vitesse brute, et les cam\u00e9ras atteignent une vid\u00e9o 1080p alors que de nombreux ordinateurs portables sont d\u00e9sormais livr\u00e9s avec des webcams 1080p ou m\u00eame 4K. Il n\u2019est pas non plus accompagn\u00e9 de garantie, le prix refl\u00e8te donc un accord de vente finale. N\u00e9anmoins, pour quelqu&rsquo;un qui a besoin d&rsquo;un 2-en-1 qui \u00e9quilibre la portabilit\u00e9 de la tablette et les fonctionnalit\u00e9s d&rsquo;un ordinateur portable, la Surface Pro 7 reste un choix solide. C&rsquo;est un moyen d&rsquo;obtenir un tout nouvel appareil Microsoft avec des sp\u00e9cifications d\u00e9centes \u00e0 un co\u00fbt raisonnable, si vous \u00eates pr\u00eat \u00e0 accepter qu&rsquo;il ne s&rsquo;agit plus du dernier n\u00e9 du quartier.<\/p>\n","protected":false},"excerpt":{"rendered":"<p>La Microsoft Surface Pro 7 reste une option fiable en 2025. Cette toute nouvelle Microsoft Surface Pro 7 offre une portabilit\u00e9, une flexibilit\u00e9 et une<\/p>\n","protected":false},"author":1,"featured_media":10944,"comment_status":"","ping_status":"","sticky":false,"template":"","format":"standard","meta":{"footnotes":""},"categories":[13],"tags":[9060,19,206,76,1190,81,630,2583,4166,223],"class_list":["post-10943","post","type-post","status-publish","format-standard","has-post-thumbnail","hentry","category-technologie","tag-2en1","tag-actuellement","tag-cette","tag-est","tag-microsoft","tag-pour","tag-pro","tag-seulement","tag-surface","tag-vente","generate-columns","tablet-grid-50","mobile-grid-100","grid-parent","grid-33"],"yoast_head":"<!-- This site is optimized with the Yoast SEO plugin v24.0 - https:\/\/yoast.com\/wordpress\/plugins\/seo\/ -->\n<title>Cette Microsoft Surface Pro 7 2-en-1 est actuellement en vente pour seulement 660 $ | Vie Associative<\/title>\n<meta name=\"robots\" content=\"index, follow, max-snippet:-1, max-image-preview:large, max-video-preview:-1\" \/>\n<link rel=\"canonical\" href=\"https:\/\/vieassociative.be\/actualites\/cette-microsoft-surface-pro-7-2-en-1-est-actuellement-en-vente-pour-seulement-660\/\" \/>\n<meta property=\"og:locale\" content=\"fr_FR\" \/>\n<meta property=\"og:type\" content=\"article\" \/>\n<meta property=\"og:title\" content=\"Cette Microsoft Surface Pro 7 2-en-1 est actuellement en vente pour seulement 660 $ | Vie Associative\" \/>\n<meta property=\"og:description\" content=\"La Microsoft Surface Pro 7 reste une option fiable en 2025. Cette toute nouvelle Microsoft Surface Pro 7 offre une portabilit\u00e9, une flexibilit\u00e9 et une\" \/>\n<meta property=\"og:url\" content=\"https:\/\/vieassociative.be\/actualites\/cette-microsoft-surface-pro-7-2-en-1-est-actuellement-en-vente-pour-seulement-660\/\" \/>\n<meta property=\"og:site_name\" content=\"Vie Associative\" \/>\n<meta property=\"article:published_time\" content=\"2025-10-28T01:17:32+00:00\" \/>\n<meta property=\"og:image\" content=\"https:\/\/vieassociative.be\/actualites\/wp-content\/uploads\/2024\/09\/header_backgroundk-01-e1726694325946.png\" \/>\n\t<meta property=\"og:image:width\" content=\"279\" \/>\n\t<meta property=\"og:image:height\" content=\"92\" \/>\n\t<meta property=\"og:image:type\" content=\"image\/png\" \/>\n<meta name=\"author\" content=\"Julien\" \/>\n<meta name=\"twitter:card\" content=\"summary_large_image\" \/>\n<meta name=\"twitter:label1\" content=\"\u00c9crit par\" \/>\n\t<meta name=\"twitter:data1\" content=\"Julien\" \/>\n\t<meta name=\"twitter:label2\" content=\"Dur\u00e9e de lecture est.\" \/>\n\t<meta name=\"twitter:data2\" content=\"2 minutes\" \/>\n<script type=\"application\/ld+json\" class=\"yoast-schema-graph\">{\"@context\":\"https:\/\/schema.org\",\"@graph\":[{\"@type\":\"Article\",\"@id\":\"https:\/\/vieassociative.be\/actualites\/cette-microsoft-surface-pro-7-2-en-1-est-actuellement-en-vente-pour-seulement-660\/#article\",\"isPartOf\":{\"@id\":\"https:\/\/vieassociative.be\/actualites\/cette-microsoft-surface-pro-7-2-en-1-est-actuellement-en-vente-pour-seulement-660\/\"},\"author\":{\"name\":\"Julien\",\"@id\":\"https:\/\/vieassociative.be\/actualites\/#\/schema\/person\/b87ac4f82f9d4e7b7cec7395b679edc4\"},\"headline\":\"Cette Microsoft Surface Pro 7 2-en-1 est actuellement en vente pour seulement 660 $\",\"datePublished\":\"2025-10-28T01:17:32+00:00\",\"dateModified\":\"2025-10-28T01:17:32+00:00\",\"mainEntityOfPage\":{\"@id\":\"https:\/\/vieassociative.be\/actualites\/cette-microsoft-surface-pro-7-2-en-1-est-actuellement-en-vente-pour-seulement-660\/\"},\"wordCount\":428,\"publisher\":{\"@id\":\"https:\/\/vieassociative.be\/actualites\/#organization\"},\"image\":{\"@id\":\"https:\/\/vieassociative.be\/actualites\/cette-microsoft-surface-pro-7-2-en-1-est-actuellement-en-vente-pour-seulement-660\/#primaryimage\"},\"thumbnailUrl\":\"https:\/\/vieassociative.be\/actualites\/wp-content\/uploads\/2025\/10\/Cette-Microsoft-Surface-Pro-7-2-en-1-est-actuellement-en-vente.png\",\"keywords\":[\"2en1\",\"actuellement\",\"cette\",\"est\",\"Microsoft\",\"pour\",\"Pro\",\"seulement\",\"Surface\",\"vente\"],\"articleSection\":[\"Technologie\"],\"inLanguage\":\"fr-BE\"},{\"@type\":\"WebPage\",\"@id\":\"https:\/\/vieassociative.be\/actualites\/cette-microsoft-surface-pro-7-2-en-1-est-actuellement-en-vente-pour-seulement-660\/\",\"url\":\"https:\/\/vieassociative.be\/actualites\/cette-microsoft-surface-pro-7-2-en-1-est-actuellement-en-vente-pour-seulement-660\/\",\"name\":\"Cette Microsoft Surface Pro 7 2-en-1 est actuellement en vente pour seulement 660 $ | Vie Associative\",\"isPartOf\":{\"@id\":\"https:\/\/vieassociative.be\/actualites\/#website\"},\"primaryImageOfPage\":{\"@id\":\"https:\/\/vieassociative.be\/actualites\/cette-microsoft-surface-pro-7-2-en-1-est-actuellement-en-vente-pour-seulement-660\/#primaryimage\"},\"image\":{\"@id\":\"https:\/\/vieassociative.be\/actualites\/cette-microsoft-surface-pro-7-2-en-1-est-actuellement-en-vente-pour-seulement-660\/#primaryimage\"},\"thumbnailUrl\":\"https:\/\/vieassociative.be\/actualites\/wp-content\/uploads\/2025\/10\/Cette-Microsoft-Surface-Pro-7-2-en-1-est-actuellement-en-vente.png\",\"datePublished\":\"2025-10-28T01:17:32+00:00\",\"dateModified\":\"2025-10-28T01:17:32+00:00\",\"breadcrumb\":{\"@id\":\"https:\/\/vieassociative.be\/actualites\/cette-microsoft-surface-pro-7-2-en-1-est-actuellement-en-vente-pour-seulement-660\/#breadcrumb\"},\"inLanguage\":\"fr-BE\",\"potentialAction\":[{\"@type\":\"ReadAction\",\"target\":[\"https:\/\/vieassociative.be\/actualites\/cette-microsoft-surface-pro-7-2-en-1-est-actuellement-en-vente-pour-seulement-660\/\"]}]},{\"@type\":\"ImageObject\",\"inLanguage\":\"fr-BE\",\"@id\":\"https:\/\/vieassociative.be\/actualites\/cette-microsoft-surface-pro-7-2-en-1-est-actuellement-en-vente-pour-seulement-660\/#primaryimage\",\"url\":\"https:\/\/vieassociative.be\/actualites\/wp-content\/uploads\/2025\/10\/Cette-Microsoft-Surface-Pro-7-2-en-1-est-actuellement-en-vente.png\",\"contentUrl\":\"https:\/\/vieassociative.be\/actualites\/wp-content\/uploads\/2025\/10\/Cette-Microsoft-Surface-Pro-7-2-en-1-est-actuellement-en-vente.png\",\"width\":1200,\"height\":675,\"caption\":\"Cette Microsoft Surface Pro 7 2-en-1 est actuellement en vente pour seulement 660 $\"},{\"@type\":\"BreadcrumbList\",\"@id\":\"https:\/\/vieassociative.be\/actualites\/cette-microsoft-surface-pro-7-2-en-1-est-actuellement-en-vente-pour-seulement-660\/#breadcrumb\",\"itemListElement\":[{\"@type\":\"ListItem\",\"position\":1,\"name\":\"Accueil\",\"item\":\"https:\/\/vieassociative.be\/actualites\/\"},{\"@type\":\"ListItem\",\"position\":2,\"name\":\"Cette Microsoft Surface Pro 7 2-en-1 est actuellement en vente pour seulement 660 $\"}]},{\"@type\":\"WebSite\",\"@id\":\"https:\/\/vieassociative.be\/actualites\/#website\",\"url\":\"https:\/\/vieassociative.be\/actualites\/\",\"name\":\"Vie Associative\",\"description\":\"\",\"publisher\":{\"@id\":\"https:\/\/vieassociative.be\/actualites\/#organization\"},\"potentialAction\":[{\"@type\":\"SearchAction\",\"target\":{\"@type\":\"EntryPoint\",\"urlTemplate\":\"https:\/\/vieassociative.be\/actualites\/?s={search_term_string}\"},\"query-input\":{\"@type\":\"PropertyValueSpecification\",\"valueRequired\":true,\"valueName\":\"search_term_string\"}}],\"inLanguage\":\"fr-BE\"},{\"@type\":\"Organization\",\"@id\":\"https:\/\/vieassociative.be\/actualites\/#organization\",\"name\":\"Vie Associative\",\"url\":\"https:\/\/vieassociative.be\/actualites\/\",\"logo\":{\"@type\":\"ImageObject\",\"inLanguage\":\"fr-BE\",\"@id\":\"https:\/\/vieassociative.be\/actualites\/#\/schema\/logo\/image\/\",\"url\":\"https:\/\/vieassociative.be\/actualites\/wp-content\/uploads\/2024\/09\/cropped-vieassociative_favicon.ico.png\",\"contentUrl\":\"https:\/\/vieassociative.be\/actualites\/wp-content\/uploads\/2024\/09\/cropped-vieassociative_favicon.ico.png\",\"width\":512,\"height\":512,\"caption\":\"Vie Associative\"},\"image\":{\"@id\":\"https:\/\/vieassociative.be\/actualites\/#\/schema\/logo\/image\/\"}},{\"@type\":\"Person\",\"@id\":\"https:\/\/vieassociative.be\/actualites\/#\/schema\/person\/b87ac4f82f9d4e7b7cec7395b679edc4\",\"name\":\"Julien\",\"image\":{\"@type\":\"ImageObject\",\"inLanguage\":\"fr-BE\",\"@id\":\"https:\/\/vieassociative.be\/actualites\/#\/schema\/person\/image\/\",\"url\":\"https:\/\/vieassociative.be\/actualites\/wp-content\/uploads\/2024\/09\/vie-associative-1-150x150.jpg\",\"contentUrl\":\"https:\/\/vieassociative.be\/actualites\/wp-content\/uploads\/2024\/09\/vie-associative-1-150x150.jpg\",\"caption\":\"Julien\"},\"description\":\"Je suis Julien, r\u00e9dacteur pour Vie Associative. Passionn\u00e9 par le monde associatif depuis plus de 10 ans, j'ai \u00e0 c\u0153ur de partager des histoires inspirantes et de mettre en lumi\u00e8re les initiatives locales. Mon objectif est de sensibiliser et d'encourager l'engagement communautaire \u00e0 travers mes articles.\",\"sameAs\":[\"https:\/\/vieassociative.be\/\"]}]}<\/script>\n<!-- \/ Yoast SEO plugin. -->","yoast_head_json":{"title":"Cette Microsoft Surface Pro 7 2-en-1 est actuellement en vente pour seulement 660 $ | Vie Associative","robots":{"index":"index","follow":"follow","max-snippet":"max-snippet:-1","max-image-preview":"max-image-preview:large","max-video-preview":"max-video-preview:-1"},"canonical":"https:\/\/vieassociative.be\/actualites\/cette-microsoft-surface-pro-7-2-en-1-est-actuellement-en-vente-pour-seulement-660\/","og_locale":"fr_FR","og_type":"article","og_title":"Cette Microsoft Surface Pro 7 2-en-1 est actuellement en vente pour seulement 660 $ | Vie Associative","og_description":"La Microsoft Surface Pro 7 reste une option fiable en 2025. Cette toute nouvelle Microsoft Surface Pro 7 offre une portabilit\u00e9, une flexibilit\u00e9 et une","og_url":"https:\/\/vieassociative.be\/actualites\/cette-microsoft-surface-pro-7-2-en-1-est-actuellement-en-vente-pour-seulement-660\/","og_site_name":"Vie Associative","article_published_time":"2025-10-28T01:17:32+00:00","og_image":[{"width":279,"height":92,"url":"https:\/\/vieassociative.be\/actualites\/wp-content\/uploads\/2024\/09\/header_backgroundk-01-e1726694325946.png","type":"image\/png"}],"author":"Julien","twitter_card":"summary_large_image","twitter_misc":{"\u00c9crit par":"Julien","Dur\u00e9e de lecture est.":"2 minutes"},"schema":{"@context":"https:\/\/schema.org","@graph":[{"@type":"Article","@id":"https:\/\/vieassociative.be\/actualites\/cette-microsoft-surface-pro-7-2-en-1-est-actuellement-en-vente-pour-seulement-660\/#article","isPartOf":{"@id":"https:\/\/vieassociative.be\/actualites\/cette-microsoft-surface-pro-7-2-en-1-est-actuellement-en-vente-pour-seulement-660\/"},"author":{"name":"Julien","@id":"https:\/\/vieassociative.be\/actualites\/#\/schema\/person\/b87ac4f82f9d4e7b7cec7395b679edc4"},"headline":"Cette Microsoft Surface Pro 7 2-en-1 est actuellement en vente pour seulement 660 $","datePublished":"2025-10-28T01:17:32+00:00","dateModified":"2025-10-28T01:17:32+00:00","mainEntityOfPage":{"@id":"https:\/\/vieassociative.be\/actualites\/cette-microsoft-surface-pro-7-2-en-1-est-actuellement-en-vente-pour-seulement-660\/"},"wordCount":428,"publisher":{"@id":"https:\/\/vieassociative.be\/actualites\/#organization"},"image":{"@id":"https:\/\/vieassociative.be\/actualites\/cette-microsoft-surface-pro-7-2-en-1-est-actuellement-en-vente-pour-seulement-660\/#primaryimage"},"thumbnailUrl":"https:\/\/vieassociative.be\/actualites\/wp-content\/uploads\/2025\/10\/Cette-Microsoft-Surface-Pro-7-2-en-1-est-actuellement-en-vente.png","keywords":["2en1","actuellement","cette","est","Microsoft","pour","Pro","seulement","Surface","vente"],"articleSection":["Technologie"],"inLanguage":"fr-BE"},{"@type":"WebPage","@id":"https:\/\/vieassociative.be\/actualites\/cette-microsoft-surface-pro-7-2-en-1-est-actuellement-en-vente-pour-seulement-660\/","url":"https:\/\/vieassociative.be\/actualites\/cette-microsoft-surface-pro-7-2-en-1-est-actuellement-en-vente-pour-seulement-660\/","name":"Cette Microsoft Surface Pro 7 2-en-1 est actuellement en vente pour seulement 660 $ | Vie Associative","isPartOf":{"@id":"https:\/\/vieassociative.be\/actualites\/#website"},"primaryImageOfPage":{"@id":"https:\/\/vieassociative.be\/actualites\/cette-microsoft-surface-pro-7-2-en-1-est-actuellement-en-vente-pour-seulement-660\/#primaryimage"},"image":{"@id":"https:\/\/vieassociative.be\/actualites\/cette-microsoft-surface-pro-7-2-en-1-est-actuellement-en-vente-pour-seulement-660\/#primaryimage"},"thumbnailUrl":"https:\/\/vieassociative.be\/actualites\/wp-content\/uploads\/2025\/10\/Cette-Microsoft-Surface-Pro-7-2-en-1-est-actuellement-en-vente.png","datePublished":"2025-10-28T01:17:32+00:00","dateModified":"2025-10-28T01:17:32+00:00","breadcrumb":{"@id":"https:\/\/vieassociative.be\/actualites\/cette-microsoft-surface-pro-7-2-en-1-est-actuellement-en-vente-pour-seulement-660\/#breadcrumb"},"inLanguage":"fr-BE","potentialAction":[{"@type":"ReadAction","target":["https:\/\/vieassociative.be\/actualites\/cette-microsoft-surface-pro-7-2-en-1-est-actuellement-en-vente-pour-seulement-660\/"]}]},{"@type":"ImageObject","inLanguage":"fr-BE","@id":"https:\/\/vieassociative.be\/actualites\/cette-microsoft-surface-pro-7-2-en-1-est-actuellement-en-vente-pour-seulement-660\/#primaryimage","url":"https:\/\/vieassociative.be\/actualites\/wp-content\/uploads\/2025\/10\/Cette-Microsoft-Surface-Pro-7-2-en-1-est-actuellement-en-vente.png","contentUrl":"https:\/\/vieassociative.be\/actualites\/wp-content\/uploads\/2025\/10\/Cette-Microsoft-Surface-Pro-7-2-en-1-est-actuellement-en-vente.png","width":1200,"height":675,"caption":"Cette Microsoft Surface Pro 7 2-en-1 est actuellement en vente pour seulement 660 $"},{"@type":"BreadcrumbList","@id":"https:\/\/vieassociative.be\/actualites\/cette-microsoft-surface-pro-7-2-en-1-est-actuellement-en-vente-pour-seulement-660\/#breadcrumb","itemListElement":[{"@type":"ListItem","position":1,"name":"Accueil","item":"https:\/\/vieassociative.be\/actualites\/"},{"@type":"ListItem","position":2,"name":"Cette Microsoft Surface Pro 7 2-en-1 est actuellement en vente pour seulement 660 $"}]},{"@type":"WebSite","@id":"https:\/\/vieassociative.be\/actualites\/#website","url":"https:\/\/vieassociative.be\/actualites\/","name":"Vie Associative","description":"","publisher":{"@id":"https:\/\/vieassociative.be\/actualites\/#organization"},"potentialAction":[{"@type":"SearchAction","target":{"@type":"EntryPoint","urlTemplate":"https:\/\/vieassociative.be\/actualites\/?s={search_term_string}"},"query-input":{"@type":"PropertyValueSpecification","valueRequired":true,"valueName":"search_term_string"}}],"inLanguage":"fr-BE"},{"@type":"Organization","@id":"https:\/\/vieassociative.be\/actualites\/#organization","name":"Vie Associative","url":"https:\/\/vieassociative.be\/actualites\/","logo":{"@type":"ImageObject","inLanguage":"fr-BE","@id":"https:\/\/vieassociative.be\/actualites\/#\/schema\/logo\/image\/","url":"https:\/\/vieassociative.be\/actualites\/wp-content\/uploads\/2024\/09\/cropped-vieassociative_favicon.ico.png","contentUrl":"https:\/\/vieassociative.be\/actualites\/wp-content\/uploads\/2024\/09\/cropped-vieassociative_favicon.ico.png","width":512,"height":512,"caption":"Vie Associative"},"image":{"@id":"https:\/\/vieassociative.be\/actualites\/#\/schema\/logo\/image\/"}},{"@type":"Person","@id":"https:\/\/vieassociative.be\/actualites\/#\/schema\/person\/b87ac4f82f9d4e7b7cec7395b679edc4","name":"Julien","image":{"@type":"ImageObject","inLanguage":"fr-BE","@id":"https:\/\/vieassociative.be\/actualites\/#\/schema\/person\/image\/","url":"https:\/\/vieassociative.be\/actualites\/wp-content\/uploads\/2024\/09\/vie-associative-1-150x150.jpg","contentUrl":"https:\/\/vieassociative.be\/actualites\/wp-content\/uploads\/2024\/09\/vie-associative-1-150x150.jpg","caption":"Julien"},"description":"Je suis Julien, r\u00e9dacteur pour Vie Associative. Passionn\u00e9 par le monde associatif depuis plus de 10 ans, j'ai \u00e0 c\u0153ur de partager des histoires inspirantes et de mettre en lumi\u00e8re les initiatives locales. Mon objectif est de sensibiliser et d'encourager l'engagement communautaire \u00e0 travers mes articles.","sameAs":["https:\/\/vieassociative.be\/"]}]}},"_links":{"self":[{"href":"https:\/\/vieassociative.be\/actualites\/wp-json\/wp\/v2\/posts\/10943"}],"collection":[{"href":"https:\/\/vieassociative.be\/actualites\/wp-json\/wp\/v2\/posts"}],"about":[{"href":"https:\/\/vieassociative.be\/actualites\/wp-json\/wp\/v2\/types\/post"}],"author":[{"embeddable":true,"href":"https:\/\/vieassociative.be\/actualites\/wp-json\/wp\/v2\/users\/1"}],"replies":[{"embeddable":true,"href":"https:\/\/vieassociative.be\/actualites\/wp-json\/wp\/v2\/comments?post=10943"}],"version-history":[{"count":0,"href":"https:\/\/vieassociative.be\/actualites\/wp-json\/wp\/v2\/posts\/10943\/revisions"}],"wp:featuredmedia":[{"embeddable":true,"href":"https:\/\/vieassociative.be\/actualites\/wp-json\/wp\/v2\/media\/10944"}],"wp:attachment":[{"href":"https:\/\/vieassociative.be\/actualites\/wp-json\/wp\/v2\/media?parent=10943"}],"wp:term":[{"taxonomy":"category","embeddable":true,"href":"https:\/\/vieassociative.be\/actualites\/wp-json\/wp\/v2\/categories?post=10943"},{"taxonomy":"post_tag","embeddable":true,"href":"https:\/\/vieassociative.be\/actualites\/wp-json\/wp\/v2\/tags?post=10943"}],"curies":[{"name":"wp","href":"https:\/\/api.w.org\/{rel}","templated":true}]}}