{"id":10941,"date":"2025-10-28T00:19:18","date_gmt":"2025-10-27T23:19:18","guid":{"rendered":"https:\/\/vieassociative.be\/actualites\/les-etats-unis-ont-conclu-un-accord-final-sur-tiktok-avec-la-chine\/"},"modified":"2025-10-28T00:19:18","modified_gmt":"2025-10-27T23:19:18","slug":"les-etats-unis-ont-conclu-un-accord-final-sur-tiktok-avec-la-chine","status":"publish","type":"post","link":"https:\/\/vieassociative.be\/actualites\/les-etats-unis-ont-conclu-un-accord-final-sur-tiktok-avec-la-chine\/","title":{"rendered":"Les \u00c9tats-Unis ont conclu un accord \u00ab final \u00bb sur TikTok avec la Chine"},"content":{"rendered":"<div class=\"mt-4 leading-6 md:mb-8\">Il semble que TikTok se vendra vraiment apr\u00e8s tout.<\/div>\n<p><\/p>\n<p>TikTok et la saga am\u00e9ricaine \u00ab\u00a0vont-ils, n&rsquo;est-ce pas\u00a0\u00bb pourraient enfin toucher \u00e0 leur fin. Apr\u00e8s neuf mois de tentatives, les \u00c9tats-Unis auraient conclu un accord avec la Chine pour permettre \u00e0 TikTok de continuer \u00e0 op\u00e9rer aux \u00c9tats-Unis, ce qui devrait \u00eatre une bonne nouvelle pour le tiers des Am\u00e9ricains qui utilisent l&rsquo;application.   <\/p>\n<p>Le secr\u00e9taire am\u00e9ricain au Tr\u00e9sor, Scott Bessent, a confirm\u00e9 cette \u00e9volution lors d&rsquo;une apparition face \u00e0 la nation dimanche. Bessent a d\u00e9clar\u00e9 \u00e0 Margaret Brennan que les \u00c9tats-Unis \u00ab\u00a0ont conclu un accord final sur TikTok. Nous en sommes parvenus \u00e0 Madrid, et je pense qu&rsquo;\u00e0 partir d&rsquo;aujourd&rsquo;hui, tous les d\u00e9tails sont r\u00e9gl\u00e9s, et il appartiendra aux deux dirigeants de conclure cet accord jeudi en Cor\u00e9e\u00a0\u00bb. <\/p>\n<p>Le secr\u00e9taire d\u2019\u00c9tat n\u2019a donn\u00e9 aucun d\u00e9tail suppl\u00e9mentaire sur l\u2019accord, mais nous savons ce que les \u00c9tats-Unis avaient en t\u00eate avant d\u2019entamer les n\u00e9gociations. Le mois dernier, le pr\u00e9sident Trump a sign\u00e9 un d\u00e9cret d\u00e9crivant \u00e0 quoi ressemblerait l&rsquo;avenir de TikTok aux \u00c9tats-Unis, en supposant qu&rsquo;un accord avec sa soci\u00e9t\u00e9 m\u00e8re ByteDance et le gouvernement chinois soit conclu.  <\/p>\n<div class=\"mx-auto mb-12 mt-5 w-full max-w-3xl rounded-md border-2 border-gray-100 p-3 shadow-md md:px-7 md:pb-7 md:pt-5\" id=\"related-video\">\n<div class=\"mb-3 flex items-center md:mb-5\">\n        <img decoding=\"async\" class=\"mr-4 mt-0 h-10 w-10 md:mr-5 md:h-12 md:w-12\" src=\"https:\/\/vieassociative.be\/actualites\/wp-content\/uploads\/2025\/09\/1757726237_608_Meta-pourrait-devoiler-une-montre-intelligente-pour-controler-ses-lunettes.jpg\" alt=\"Logo du pirate de la vie\"><\/p><\/div>\n<div class=\"aspect-video w-full overflow-hidden rounded-md\">\n<div id=\"video-container-01K8KZ9SFKJVH7ND06R8V9CH6R\"><\/div>\n<\/p><\/div>\n<\/div>\n<p>Conform\u00e9ment \u00e0 la loi sign\u00e9e par le pr\u00e9sident Biden l&rsquo;ann\u00e9e derni\u00e8re, TikTok doit vendre \u00e0 une entreprise am\u00e9ricaine sous peine d&rsquo;\u00eatre interdite aux \u00c9tats-Unis. Selon le d\u00e9cret de Trump, il s&rsquo;agit d&rsquo;une coentreprise de diff\u00e9rents investisseurs et d&rsquo;entreprises am\u00e9ricaines, notamment Oracle, qui d\u00e9tiendra d\u00e9sormais une participation majoritaire dans l&rsquo;entreprise. ByteDance continuera \u00e0 d\u00e9tenir une participation minoritaire, contr\u00f4lant moins de 20 % de la soci\u00e9t\u00e9. <\/p>\n<p>Nous savons \u00e9galement, gr\u00e2ce \u00e0 des rapports ant\u00e9rieurs, qu&rsquo;il est tr\u00e8s probable que les utilisateurs devront t\u00e9l\u00e9charger une nouvelle version de TikTok. Cette it\u00e9ration am\u00e9ricaine de l&rsquo;application aurait la m\u00eame apparence, mais serait finalement livr\u00e9e avec un nouvel algorithme \u00ab recycl\u00e9 et surveill\u00e9 \u00bb par des \u00ab partenaires de s\u00e9curit\u00e9 de confiance \u00bb des \u00c9tats-Unis. Vos donn\u00e9es ne seraient plus non plus collect\u00e9es et stock\u00e9es par des soci\u00e9t\u00e9s bas\u00e9es en Chine ; au lieu de cela, vos informations TikTok seront collect\u00e9es et stock\u00e9es dans un environnement cloud contr\u00f4l\u00e9 par une soci\u00e9t\u00e9 am\u00e9ricaine. <\/p>\n<p>Nous ne conna\u00eetrons pas les d\u00e9tails tant que l\u2019accord ne sera pas public, mais si l\u2019on en croit le secr\u00e9taire, l\u2019accord est au moins officiel. Bient\u00f4t, TikTok sera autoris\u00e9 \u00e0 fonctionner aux \u00c9tats-Unis sans risque d\u2019\u00eatre interdit, m\u00eame si les risques pour la vie priv\u00e9e qu\u2019il pose pourraient bien avoir simplement migr\u00e9 d\u2019un pays \u00e0 un autre.  <\/p>\n","protected":false},"excerpt":{"rendered":"<p>Il semble que TikTok se vendra vraiment apr\u00e8s tout. TikTok et la saga am\u00e9ricaine \u00ab\u00a0vont-ils, n&rsquo;est-ce pas\u00a0\u00bb pourraient enfin toucher \u00e0 leur fin. Apr\u00e8s neuf<\/p>\n","protected":false},"author":1,"featured_media":10942,"comment_status":"","ping_status":"","sticky":false,"template":"","format":"standard","meta":{"footnotes":""},"categories":[13],"tags":[1628,61,5008,9059,290,3354,14,1374,33,75],"class_list":["post-10941","post","type-post","status-publish","format-standard","has-post-thumbnail","hentry","category-technologie","tag-accord","tag-avec","tag-chine","tag-conclu","tag-etatsunis","tag-final","tag-les","tag-ont","tag-sur","tag-tiktok","generate-columns","tablet-grid-50","mobile-grid-100","grid-parent","grid-33"],"yoast_head":"<!-- This site is optimized with the Yoast SEO plugin v24.0 - https:\/\/yoast.com\/wordpress\/plugins\/seo\/ -->\n<title>Les \u00c9tats-Unis ont conclu un accord \u00ab final \u00bb sur TikTok avec la Chine | Vie Associative<\/title>\n<meta name=\"robots\" content=\"index, follow, max-snippet:-1, max-image-preview:large, max-video-preview:-1\" \/>\n<link rel=\"canonical\" href=\"https:\/\/vieassociative.be\/actualites\/les-etats-unis-ont-conclu-un-accord-final-sur-tiktok-avec-la-chine\/\" \/>\n<meta property=\"og:locale\" content=\"fr_FR\" \/>\n<meta property=\"og:type\" content=\"article\" \/>\n<meta property=\"og:title\" content=\"Les \u00c9tats-Unis ont conclu un accord \u00ab final \u00bb sur TikTok avec la Chine | Vie Associative\" \/>\n<meta property=\"og:description\" content=\"Il semble que TikTok se vendra vraiment apr\u00e8s tout. TikTok et la saga am\u00e9ricaine \u00ab\u00a0vont-ils, n&rsquo;est-ce pas\u00a0\u00bb pourraient enfin toucher \u00e0 leur fin. Apr\u00e8s neuf\" \/>\n<meta property=\"og:url\" content=\"https:\/\/vieassociative.be\/actualites\/les-etats-unis-ont-conclu-un-accord-final-sur-tiktok-avec-la-chine\/\" \/>\n<meta property=\"og:site_name\" content=\"Vie Associative\" \/>\n<meta property=\"article:published_time\" content=\"2025-10-27T23:19:18+00:00\" \/>\n<meta property=\"og:image\" content=\"https:\/\/vieassociative.be\/actualites\/wp-content\/uploads\/2025\/09\/1757726237_608_Meta-pourrait-devoiler-une-montre-intelligente-pour-controler-ses-lunettes.jpg\" \/>\n<meta name=\"author\" content=\"Julien\" \/>\n<meta name=\"twitter:card\" content=\"summary_large_image\" \/>\n<meta name=\"twitter:label1\" content=\"\u00c9crit par\" \/>\n\t<meta name=\"twitter:data1\" content=\"Julien\" \/>\n\t<meta name=\"twitter:label2\" content=\"Dur\u00e9e de lecture est.\" \/>\n\t<meta name=\"twitter:data2\" content=\"2 minutes\" \/>\n<script type=\"application\/ld+json\" class=\"yoast-schema-graph\">{\"@context\":\"https:\/\/schema.org\",\"@graph\":[{\"@type\":\"Article\",\"@id\":\"https:\/\/vieassociative.be\/actualites\/les-etats-unis-ont-conclu-un-accord-final-sur-tiktok-avec-la-chine\/#article\",\"isPartOf\":{\"@id\":\"https:\/\/vieassociative.be\/actualites\/les-etats-unis-ont-conclu-un-accord-final-sur-tiktok-avec-la-chine\/\"},\"author\":{\"name\":\"Julien\",\"@id\":\"https:\/\/vieassociative.be\/actualites\/#\/schema\/person\/b87ac4f82f9d4e7b7cec7395b679edc4\"},\"headline\":\"Les \u00c9tats-Unis ont conclu un accord \u00ab final \u00bb sur TikTok avec la Chine\",\"datePublished\":\"2025-10-27T23:19:18+00:00\",\"dateModified\":\"2025-10-27T23:19:18+00:00\",\"mainEntityOfPage\":{\"@id\":\"https:\/\/vieassociative.be\/actualites\/les-etats-unis-ont-conclu-un-accord-final-sur-tiktok-avec-la-chine\/\"},\"wordCount\":479,\"publisher\":{\"@id\":\"https:\/\/vieassociative.be\/actualites\/#organization\"},\"image\":{\"@id\":\"https:\/\/vieassociative.be\/actualites\/les-etats-unis-ont-conclu-un-accord-final-sur-tiktok-avec-la-chine\/#primaryimage\"},\"thumbnailUrl\":\"https:\/\/vieassociative.be\/actualites\/wp-content\/uploads\/2025\/10\/Les-Etats-Unis-ont-conclu-un-accord-final-sur.jpg\",\"keywords\":[\"accord\",\"avec\",\"Chine\",\"conclu\",\"\u00c9tatsUnis\",\"final\",\"Les\",\"ont\",\"sur\",\"TikTok\"],\"articleSection\":[\"Technologie\"],\"inLanguage\":\"fr-BE\"},{\"@type\":\"WebPage\",\"@id\":\"https:\/\/vieassociative.be\/actualites\/les-etats-unis-ont-conclu-un-accord-final-sur-tiktok-avec-la-chine\/\",\"url\":\"https:\/\/vieassociative.be\/actualites\/les-etats-unis-ont-conclu-un-accord-final-sur-tiktok-avec-la-chine\/\",\"name\":\"Les \u00c9tats-Unis ont conclu un accord \u00ab final \u00bb sur TikTok avec la Chine | Vie Associative\",\"isPartOf\":{\"@id\":\"https:\/\/vieassociative.be\/actualites\/#website\"},\"primaryImageOfPage\":{\"@id\":\"https:\/\/vieassociative.be\/actualites\/les-etats-unis-ont-conclu-un-accord-final-sur-tiktok-avec-la-chine\/#primaryimage\"},\"image\":{\"@id\":\"https:\/\/vieassociative.be\/actualites\/les-etats-unis-ont-conclu-un-accord-final-sur-tiktok-avec-la-chine\/#primaryimage\"},\"thumbnailUrl\":\"https:\/\/vieassociative.be\/actualites\/wp-content\/uploads\/2025\/10\/Les-Etats-Unis-ont-conclu-un-accord-final-sur.jpg\",\"datePublished\":\"2025-10-27T23:19:18+00:00\",\"dateModified\":\"2025-10-27T23:19:18+00:00\",\"breadcrumb\":{\"@id\":\"https:\/\/vieassociative.be\/actualites\/les-etats-unis-ont-conclu-un-accord-final-sur-tiktok-avec-la-chine\/#breadcrumb\"},\"inLanguage\":\"fr-BE\",\"potentialAction\":[{\"@type\":\"ReadAction\",\"target\":[\"https:\/\/vieassociative.be\/actualites\/les-etats-unis-ont-conclu-un-accord-final-sur-tiktok-avec-la-chine\/\"]}]},{\"@type\":\"ImageObject\",\"inLanguage\":\"fr-BE\",\"@id\":\"https:\/\/vieassociative.be\/actualites\/les-etats-unis-ont-conclu-un-accord-final-sur-tiktok-avec-la-chine\/#primaryimage\",\"url\":\"https:\/\/vieassociative.be\/actualites\/wp-content\/uploads\/2025\/10\/Les-Etats-Unis-ont-conclu-un-accord-final-sur.jpg\",\"contentUrl\":\"https:\/\/vieassociative.be\/actualites\/wp-content\/uploads\/2025\/10\/Les-Etats-Unis-ont-conclu-un-accord-final-sur.jpg\",\"width\":1200,\"height\":675,\"caption\":\"Les \u00c9tats-Unis ont conclu un accord \u00ab final \u00bb sur TikTok avec la Chine\"},{\"@type\":\"BreadcrumbList\",\"@id\":\"https:\/\/vieassociative.be\/actualites\/les-etats-unis-ont-conclu-un-accord-final-sur-tiktok-avec-la-chine\/#breadcrumb\",\"itemListElement\":[{\"@type\":\"ListItem\",\"position\":1,\"name\":\"Accueil\",\"item\":\"https:\/\/vieassociative.be\/actualites\/\"},{\"@type\":\"ListItem\",\"position\":2,\"name\":\"Les \u00c9tats-Unis ont conclu un accord \u00ab final \u00bb sur TikTok avec la Chine\"}]},{\"@type\":\"WebSite\",\"@id\":\"https:\/\/vieassociative.be\/actualites\/#website\",\"url\":\"https:\/\/vieassociative.be\/actualites\/\",\"name\":\"Vie Associative\",\"description\":\"\",\"publisher\":{\"@id\":\"https:\/\/vieassociative.be\/actualites\/#organization\"},\"potentialAction\":[{\"@type\":\"SearchAction\",\"target\":{\"@type\":\"EntryPoint\",\"urlTemplate\":\"https:\/\/vieassociative.be\/actualites\/?s={search_term_string}\"},\"query-input\":{\"@type\":\"PropertyValueSpecification\",\"valueRequired\":true,\"valueName\":\"search_term_string\"}}],\"inLanguage\":\"fr-BE\"},{\"@type\":\"Organization\",\"@id\":\"https:\/\/vieassociative.be\/actualites\/#organization\",\"name\":\"Vie Associative\",\"url\":\"https:\/\/vieassociative.be\/actualites\/\",\"logo\":{\"@type\":\"ImageObject\",\"inLanguage\":\"fr-BE\",\"@id\":\"https:\/\/vieassociative.be\/actualites\/#\/schema\/logo\/image\/\",\"url\":\"https:\/\/vieassociative.be\/actualites\/wp-content\/uploads\/2024\/09\/cropped-vieassociative_favicon.ico.png\",\"contentUrl\":\"https:\/\/vieassociative.be\/actualites\/wp-content\/uploads\/2024\/09\/cropped-vieassociative_favicon.ico.png\",\"width\":512,\"height\":512,\"caption\":\"Vie Associative\"},\"image\":{\"@id\":\"https:\/\/vieassociative.be\/actualites\/#\/schema\/logo\/image\/\"}},{\"@type\":\"Person\",\"@id\":\"https:\/\/vieassociative.be\/actualites\/#\/schema\/person\/b87ac4f82f9d4e7b7cec7395b679edc4\",\"name\":\"Julien\",\"image\":{\"@type\":\"ImageObject\",\"inLanguage\":\"fr-BE\",\"@id\":\"https:\/\/vieassociative.be\/actualites\/#\/schema\/person\/image\/\",\"url\":\"https:\/\/vieassociative.be\/actualites\/wp-content\/uploads\/2024\/09\/vie-associative-1-150x150.jpg\",\"contentUrl\":\"https:\/\/vieassociative.be\/actualites\/wp-content\/uploads\/2024\/09\/vie-associative-1-150x150.jpg\",\"caption\":\"Julien\"},\"description\":\"Je suis Julien, r\u00e9dacteur pour Vie Associative. Passionn\u00e9 par le monde associatif depuis plus de 10 ans, j'ai \u00e0 c\u0153ur de partager des histoires inspirantes et de mettre en lumi\u00e8re les initiatives locales. Mon objectif est de sensibiliser et d'encourager l'engagement communautaire \u00e0 travers mes articles.\",\"sameAs\":[\"https:\/\/vieassociative.be\/\"]}]}<\/script>\n<!-- \/ Yoast SEO plugin. -->","yoast_head_json":{"title":"Les \u00c9tats-Unis ont conclu un accord \u00ab final \u00bb sur TikTok avec la Chine | Vie Associative","robots":{"index":"index","follow":"follow","max-snippet":"max-snippet:-1","max-image-preview":"max-image-preview:large","max-video-preview":"max-video-preview:-1"},"canonical":"https:\/\/vieassociative.be\/actualites\/les-etats-unis-ont-conclu-un-accord-final-sur-tiktok-avec-la-chine\/","og_locale":"fr_FR","og_type":"article","og_title":"Les \u00c9tats-Unis ont conclu un accord \u00ab final \u00bb sur TikTok avec la Chine | Vie Associative","og_description":"Il semble que TikTok se vendra vraiment apr\u00e8s tout. TikTok et la saga am\u00e9ricaine \u00ab\u00a0vont-ils, n&rsquo;est-ce pas\u00a0\u00bb pourraient enfin toucher \u00e0 leur fin. Apr\u00e8s neuf","og_url":"https:\/\/vieassociative.be\/actualites\/les-etats-unis-ont-conclu-un-accord-final-sur-tiktok-avec-la-chine\/","og_site_name":"Vie Associative","article_published_time":"2025-10-27T23:19:18+00:00","og_image":[{"url":"https:\/\/vieassociative.be\/actualites\/wp-content\/uploads\/2025\/09\/1757726237_608_Meta-pourrait-devoiler-une-montre-intelligente-pour-controler-ses-lunettes.jpg","type":"","width":"","height":""}],"author":"Julien","twitter_card":"summary_large_image","twitter_misc":{"\u00c9crit par":"Julien","Dur\u00e9e de lecture est.":"2 minutes"},"schema":{"@context":"https:\/\/schema.org","@graph":[{"@type":"Article","@id":"https:\/\/vieassociative.be\/actualites\/les-etats-unis-ont-conclu-un-accord-final-sur-tiktok-avec-la-chine\/#article","isPartOf":{"@id":"https:\/\/vieassociative.be\/actualites\/les-etats-unis-ont-conclu-un-accord-final-sur-tiktok-avec-la-chine\/"},"author":{"name":"Julien","@id":"https:\/\/vieassociative.be\/actualites\/#\/schema\/person\/b87ac4f82f9d4e7b7cec7395b679edc4"},"headline":"Les \u00c9tats-Unis ont conclu un accord \u00ab final \u00bb sur TikTok avec la Chine","datePublished":"2025-10-27T23:19:18+00:00","dateModified":"2025-10-27T23:19:18+00:00","mainEntityOfPage":{"@id":"https:\/\/vieassociative.be\/actualites\/les-etats-unis-ont-conclu-un-accord-final-sur-tiktok-avec-la-chine\/"},"wordCount":479,"publisher":{"@id":"https:\/\/vieassociative.be\/actualites\/#organization"},"image":{"@id":"https:\/\/vieassociative.be\/actualites\/les-etats-unis-ont-conclu-un-accord-final-sur-tiktok-avec-la-chine\/#primaryimage"},"thumbnailUrl":"https:\/\/vieassociative.be\/actualites\/wp-content\/uploads\/2025\/10\/Les-Etats-Unis-ont-conclu-un-accord-final-sur.jpg","keywords":["accord","avec","Chine","conclu","\u00c9tatsUnis","final","Les","ont","sur","TikTok"],"articleSection":["Technologie"],"inLanguage":"fr-BE"},{"@type":"WebPage","@id":"https:\/\/vieassociative.be\/actualites\/les-etats-unis-ont-conclu-un-accord-final-sur-tiktok-avec-la-chine\/","url":"https:\/\/vieassociative.be\/actualites\/les-etats-unis-ont-conclu-un-accord-final-sur-tiktok-avec-la-chine\/","name":"Les \u00c9tats-Unis ont conclu un accord \u00ab final \u00bb sur TikTok avec la Chine | Vie Associative","isPartOf":{"@id":"https:\/\/vieassociative.be\/actualites\/#website"},"primaryImageOfPage":{"@id":"https:\/\/vieassociative.be\/actualites\/les-etats-unis-ont-conclu-un-accord-final-sur-tiktok-avec-la-chine\/#primaryimage"},"image":{"@id":"https:\/\/vieassociative.be\/actualites\/les-etats-unis-ont-conclu-un-accord-final-sur-tiktok-avec-la-chine\/#primaryimage"},"thumbnailUrl":"https:\/\/vieassociative.be\/actualites\/wp-content\/uploads\/2025\/10\/Les-Etats-Unis-ont-conclu-un-accord-final-sur.jpg","datePublished":"2025-10-27T23:19:18+00:00","dateModified":"2025-10-27T23:19:18+00:00","breadcrumb":{"@id":"https:\/\/vieassociative.be\/actualites\/les-etats-unis-ont-conclu-un-accord-final-sur-tiktok-avec-la-chine\/#breadcrumb"},"inLanguage":"fr-BE","potentialAction":[{"@type":"ReadAction","target":["https:\/\/vieassociative.be\/actualites\/les-etats-unis-ont-conclu-un-accord-final-sur-tiktok-avec-la-chine\/"]}]},{"@type":"ImageObject","inLanguage":"fr-BE","@id":"https:\/\/vieassociative.be\/actualites\/les-etats-unis-ont-conclu-un-accord-final-sur-tiktok-avec-la-chine\/#primaryimage","url":"https:\/\/vieassociative.be\/actualites\/wp-content\/uploads\/2025\/10\/Les-Etats-Unis-ont-conclu-un-accord-final-sur.jpg","contentUrl":"https:\/\/vieassociative.be\/actualites\/wp-content\/uploads\/2025\/10\/Les-Etats-Unis-ont-conclu-un-accord-final-sur.jpg","width":1200,"height":675,"caption":"Les \u00c9tats-Unis ont conclu un accord \u00ab final \u00bb sur TikTok avec la Chine"},{"@type":"BreadcrumbList","@id":"https:\/\/vieassociative.be\/actualites\/les-etats-unis-ont-conclu-un-accord-final-sur-tiktok-avec-la-chine\/#breadcrumb","itemListElement":[{"@type":"ListItem","position":1,"name":"Accueil","item":"https:\/\/vieassociative.be\/actualites\/"},{"@type":"ListItem","position":2,"name":"Les \u00c9tats-Unis ont conclu un accord \u00ab final \u00bb sur TikTok avec la Chine"}]},{"@type":"WebSite","@id":"https:\/\/vieassociative.be\/actualites\/#website","url":"https:\/\/vieassociative.be\/actualites\/","name":"Vie Associative","description":"","publisher":{"@id":"https:\/\/vieassociative.be\/actualites\/#organization"},"potentialAction":[{"@type":"SearchAction","target":{"@type":"EntryPoint","urlTemplate":"https:\/\/vieassociative.be\/actualites\/?s={search_term_string}"},"query-input":{"@type":"PropertyValueSpecification","valueRequired":true,"valueName":"search_term_string"}}],"inLanguage":"fr-BE"},{"@type":"Organization","@id":"https:\/\/vieassociative.be\/actualites\/#organization","name":"Vie Associative","url":"https:\/\/vieassociative.be\/actualites\/","logo":{"@type":"ImageObject","inLanguage":"fr-BE","@id":"https:\/\/vieassociative.be\/actualites\/#\/schema\/logo\/image\/","url":"https:\/\/vieassociative.be\/actualites\/wp-content\/uploads\/2024\/09\/cropped-vieassociative_favicon.ico.png","contentUrl":"https:\/\/vieassociative.be\/actualites\/wp-content\/uploads\/2024\/09\/cropped-vieassociative_favicon.ico.png","width":512,"height":512,"caption":"Vie Associative"},"image":{"@id":"https:\/\/vieassociative.be\/actualites\/#\/schema\/logo\/image\/"}},{"@type":"Person","@id":"https:\/\/vieassociative.be\/actualites\/#\/schema\/person\/b87ac4f82f9d4e7b7cec7395b679edc4","name":"Julien","image":{"@type":"ImageObject","inLanguage":"fr-BE","@id":"https:\/\/vieassociative.be\/actualites\/#\/schema\/person\/image\/","url":"https:\/\/vieassociative.be\/actualites\/wp-content\/uploads\/2024\/09\/vie-associative-1-150x150.jpg","contentUrl":"https:\/\/vieassociative.be\/actualites\/wp-content\/uploads\/2024\/09\/vie-associative-1-150x150.jpg","caption":"Julien"},"description":"Je suis Julien, r\u00e9dacteur pour Vie Associative. Passionn\u00e9 par le monde associatif depuis plus de 10 ans, j'ai \u00e0 c\u0153ur de partager des histoires inspirantes et de mettre en lumi\u00e8re les initiatives locales. Mon objectif est de sensibiliser et d'encourager l'engagement communautaire \u00e0 travers mes articles.","sameAs":["https:\/\/vieassociative.be\/"]}]}},"_links":{"self":[{"href":"https:\/\/vieassociative.be\/actualites\/wp-json\/wp\/v2\/posts\/10941"}],"collection":[{"href":"https:\/\/vieassociative.be\/actualites\/wp-json\/wp\/v2\/posts"}],"about":[{"href":"https:\/\/vieassociative.be\/actualites\/wp-json\/wp\/v2\/types\/post"}],"author":[{"embeddable":true,"href":"https:\/\/vieassociative.be\/actualites\/wp-json\/wp\/v2\/users\/1"}],"replies":[{"embeddable":true,"href":"https:\/\/vieassociative.be\/actualites\/wp-json\/wp\/v2\/comments?post=10941"}],"version-history":[{"count":0,"href":"https:\/\/vieassociative.be\/actualites\/wp-json\/wp\/v2\/posts\/10941\/revisions"}],"wp:featuredmedia":[{"embeddable":true,"href":"https:\/\/vieassociative.be\/actualites\/wp-json\/wp\/v2\/media\/10942"}],"wp:attachment":[{"href":"https:\/\/vieassociative.be\/actualites\/wp-json\/wp\/v2\/media?parent=10941"}],"wp:term":[{"taxonomy":"category","embeddable":true,"href":"https:\/\/vieassociative.be\/actualites\/wp-json\/wp\/v2\/categories?post=10941"},{"taxonomy":"post_tag","embeddable":true,"href":"https:\/\/vieassociative.be\/actualites\/wp-json\/wp\/v2\/tags?post=10941"}],"curies":[{"name":"wp","href":"https:\/\/api.w.org\/{rel}","templated":true}]}}