{"id":10939,"date":"2025-10-27T21:17:38","date_gmt":"2025-10-27T20:17:38","guid":{"rendered":"https:\/\/vieassociative.be\/actualites\/aux-pays-bas-lailier-droit-geert-wilders-serait-le-favori-des-elections-de-mercredi-selon-un-sondage\/"},"modified":"2025-10-27T21:17:38","modified_gmt":"2025-10-27T20:17:38","slug":"aux-pays-bas-lailier-droit-geert-wilders-serait-le-favori-des-elections-de-mercredi-selon-un-sondage","status":"publish","type":"post","link":"https:\/\/vieassociative.be\/actualites\/aux-pays-bas-lailier-droit-geert-wilders-serait-le-favori-des-elections-de-mercredi-selon-un-sondage\/","title":{"rendered":"Aux Pays-Bas, l&rsquo;ailier droit Geert Wilders serait le favori des \u00e9lections de mercredi, selon un sondage."},"content":{"rendered":"<p><strong>Les Pays-Bas traversent une p\u00e9riode difficile. Apr\u00e8s l&rsquo;\u00e9clatement de la coalition quadripartite au bout d&rsquo;un peu moins d&rsquo;un an, de nouvelles \u00e9lections sont pr\u00e9vues mercredi. Selon un sondage, le populiste de droite Geert Wilders est une nouvelle fois le grand favori.<\/strong><\/p>\n<p><span id=\"more-428189\"><\/span>L&rsquo;extr\u00e9miste de droite et son Parti pour la libert\u00e9 (PVV) ont remport\u00e9 34 des 150 si\u00e8ges du Parlement lors d&rsquo;une enqu\u00eate repr\u00e9sentative men\u00e9e par l&rsquo;Institut Verian pour le compte du magazine t\u00e9l\u00e9vis\u00e9 EenVandaag. Cela ferait du parti, de loin, la force la plus puissante, tout comme il l\u2019\u00e9tait lors des \u00e9lections d\u2019il y a environ deux ans.<\/p>\n<p>En juin, la coalition quadripartite s\u2019est effondr\u00e9e onze mois seulement apr\u00e8s que Wilders ait retir\u00e9 ses ministres du gouvernement.<\/p>\n<div id=\"attachment_416960\" class=\"wp-caption alignleft\" style=\"max-width: 300px\"><img fetchpriority=\"high\" decoding=\"async\" class=\"wp-image-416960 size-medium\" src=\"https:\/\/vieassociative.be\/actualites\/wp-content\/uploads\/2025\/10\/Aux-Pays-Bas-lailier-droit-Geert-Wilders-serait-le-favori-des.jpg\" alt=\"\" width=\"300\" height=\"200\"><\/div>\n<p>La raison en \u00e9tait un diff\u00e9rend sur des lois d&rsquo;asile plus strictes. Alors que ses anciens partenaires de coalition doivent compter avec de lourdes pertes selon les sondages, les \u00e9lecteurs restent fid\u00e8les \u00e0 Wilders.<\/p>\n<p>Mais il est peu probable que le parti anti-islam parvienne \u00e0 r\u00e9int\u00e9grer le gouvernement. Tous les partis \u00e9tablis ont refus\u00e9 de travailler avec lui. Le gouvernement \u00e9tait dirig\u00e9 par l&rsquo;ancien responsable sans parti, Dick Schoof.<\/p>\n<p>Derri\u00e8re le PVV, l&rsquo;alliance rouge-verte avec 25 si\u00e8ges et les chr\u00e9tiens-d\u00e9mocrates avec 23 si\u00e8ges sont stables aux deuxi\u00e8me et troisi\u00e8me places, soit une augmentation de 18 mandats par rapport \u00e0 2023. De gros gains sont \u00e9galement attendus pour le parti lib\u00e9ral de gauche D66. Cependant, le parti lib\u00e9ral de droite VVD, d\u00e9sormais parti au pouvoir, doit s&rsquo;attendre \u00e0 de lourdes pertes.<\/p>\n<p>Selon les sondeurs, de nombreux \u00e9lecteurs ne savent toujours pas pour qui ils voteront mercredi. L&rsquo;Institut Verian parle de pr\u00e8s de la moiti\u00e9 des votants. Les principaux th\u00e8mes de la campagne \u00e9lectorale sont l&rsquo;asile et la migration ainsi que la grave p\u00e9nurie de logements. (dpa\/cr\u00e9)<\/p>\n","protected":false},"excerpt":{"rendered":"<p>Les Pays-Bas traversent une p\u00e9riode difficile. Apr\u00e8s l&rsquo;\u00e9clatement de la coalition quadripartite au bout d&rsquo;un peu moins d&rsquo;un an, de nouvelles \u00e9lections sont pr\u00e9vues mercredi.<\/p>\n","protected":false},"author":1,"featured_media":10940,"comment_status":"","ping_status":"","sticky":false,"template":"","format":"standard","meta":{"footnotes":""},"categories":[298],"tags":[289,29,4072,2569,9058,9056,9055,719,3172,507,5456,7957,9057],"class_list":["post-10939","post","type-post","status-publish","format-standard","has-post-thumbnail","hentry","category-belgique","tag-aux","tag-des","tag-droit","tag-elections","tag-favori","tag-geert","tag-lailier","tag-mercredi","tag-paysbas","tag-selon","tag-serait","tag-sondage","tag-wilders","generate-columns","tablet-grid-50","mobile-grid-100","grid-parent","grid-33"],"yoast_head":"<!-- This site is optimized with the Yoast SEO plugin v24.0 - https:\/\/yoast.com\/wordpress\/plugins\/seo\/ -->\n<title>Aux Pays-Bas, l&#039;ailier droit Geert Wilders serait le favori des \u00e9lections de mercredi, selon un sondage. | Vie Associative<\/title>\n<meta name=\"robots\" content=\"index, follow, max-snippet:-1, max-image-preview:large, max-video-preview:-1\" \/>\n<link rel=\"canonical\" href=\"https:\/\/vieassociative.be\/actualites\/aux-pays-bas-lailier-droit-geert-wilders-serait-le-favori-des-elections-de-mercredi-selon-un-sondage\/\" \/>\n<meta property=\"og:locale\" content=\"fr_FR\" \/>\n<meta property=\"og:type\" content=\"article\" \/>\n<meta property=\"og:title\" content=\"Aux Pays-Bas, l&#039;ailier droit Geert Wilders serait le favori des \u00e9lections de mercredi, selon un sondage. | Vie Associative\" \/>\n<meta property=\"og:description\" content=\"Les Pays-Bas traversent une p\u00e9riode difficile. Apr\u00e8s l&rsquo;\u00e9clatement de la coalition quadripartite au bout d&rsquo;un peu moins d&rsquo;un an, de nouvelles \u00e9lections sont pr\u00e9vues mercredi.\" \/>\n<meta property=\"og:url\" content=\"https:\/\/vieassociative.be\/actualites\/aux-pays-bas-lailier-droit-geert-wilders-serait-le-favori-des-elections-de-mercredi-selon-un-sondage\/\" \/>\n<meta property=\"og:site_name\" content=\"Vie Associative\" \/>\n<meta property=\"article:published_time\" content=\"2025-10-27T20:17:38+00:00\" \/>\n<meta property=\"og:image\" content=\"https:\/\/vieassociative.be\/actualites\/wp-content\/uploads\/2024\/09\/header_backgroundk-01-e1726694325946.png\" \/>\n\t<meta property=\"og:image:width\" content=\"279\" \/>\n\t<meta property=\"og:image:height\" content=\"92\" \/>\n\t<meta property=\"og:image:type\" content=\"image\/png\" \/>\n<meta name=\"author\" content=\"Julien\" \/>\n<meta name=\"twitter:card\" content=\"summary_large_image\" \/>\n<meta name=\"twitter:label1\" content=\"\u00c9crit par\" \/>\n\t<meta name=\"twitter:data1\" content=\"Julien\" \/>\n\t<meta name=\"twitter:label2\" content=\"Dur\u00e9e de lecture est.\" \/>\n\t<meta name=\"twitter:data2\" content=\"2 minutes\" \/>\n<script type=\"application\/ld+json\" class=\"yoast-schema-graph\">{\"@context\":\"https:\/\/schema.org\",\"@graph\":[{\"@type\":\"Article\",\"@id\":\"https:\/\/vieassociative.be\/actualites\/aux-pays-bas-lailier-droit-geert-wilders-serait-le-favori-des-elections-de-mercredi-selon-un-sondage\/#article\",\"isPartOf\":{\"@id\":\"https:\/\/vieassociative.be\/actualites\/aux-pays-bas-lailier-droit-geert-wilders-serait-le-favori-des-elections-de-mercredi-selon-un-sondage\/\"},\"author\":{\"name\":\"Julien\",\"@id\":\"https:\/\/vieassociative.be\/actualites\/#\/schema\/person\/b87ac4f82f9d4e7b7cec7395b679edc4\"},\"headline\":\"Aux Pays-Bas, l&rsquo;ailier droit Geert Wilders serait le favori des \u00e9lections de mercredi, selon un sondage.\",\"datePublished\":\"2025-10-27T20:17:38+00:00\",\"dateModified\":\"2025-10-27T20:17:38+00:00\",\"mainEntityOfPage\":{\"@id\":\"https:\/\/vieassociative.be\/actualites\/aux-pays-bas-lailier-droit-geert-wilders-serait-le-favori-des-elections-de-mercredi-selon-un-sondage\/\"},\"wordCount\":344,\"publisher\":{\"@id\":\"https:\/\/vieassociative.be\/actualites\/#organization\"},\"image\":{\"@id\":\"https:\/\/vieassociative.be\/actualites\/aux-pays-bas-lailier-droit-geert-wilders-serait-le-favori-des-elections-de-mercredi-selon-un-sondage\/#primaryimage\"},\"thumbnailUrl\":\"https:\/\/vieassociative.be\/actualites\/wp-content\/uploads\/2025\/10\/1761596258_Aux-Pays-Bas-lailier-droit-Geert-Wilders-serait-le-favori-des.jpg\",\"keywords\":[\"aux\",\"Des\",\"droit\",\"\u00e9lections\",\"favori\",\"Geert\",\"lailier\",\"mercredi\",\"PaysBas\",\"selon\",\"serait\",\"sondage\",\"Wilders\"],\"articleSection\":[\"Belgique\"],\"inLanguage\":\"fr-BE\"},{\"@type\":\"WebPage\",\"@id\":\"https:\/\/vieassociative.be\/actualites\/aux-pays-bas-lailier-droit-geert-wilders-serait-le-favori-des-elections-de-mercredi-selon-un-sondage\/\",\"url\":\"https:\/\/vieassociative.be\/actualites\/aux-pays-bas-lailier-droit-geert-wilders-serait-le-favori-des-elections-de-mercredi-selon-un-sondage\/\",\"name\":\"Aux Pays-Bas, l'ailier droit Geert Wilders serait le favori des \u00e9lections de mercredi, selon un sondage. | Vie Associative\",\"isPartOf\":{\"@id\":\"https:\/\/vieassociative.be\/actualites\/#website\"},\"primaryImageOfPage\":{\"@id\":\"https:\/\/vieassociative.be\/actualites\/aux-pays-bas-lailier-droit-geert-wilders-serait-le-favori-des-elections-de-mercredi-selon-un-sondage\/#primaryimage\"},\"image\":{\"@id\":\"https:\/\/vieassociative.be\/actualites\/aux-pays-bas-lailier-droit-geert-wilders-serait-le-favori-des-elections-de-mercredi-selon-un-sondage\/#primaryimage\"},\"thumbnailUrl\":\"https:\/\/vieassociative.be\/actualites\/wp-content\/uploads\/2025\/10\/1761596258_Aux-Pays-Bas-lailier-droit-Geert-Wilders-serait-le-favori-des.jpg\",\"datePublished\":\"2025-10-27T20:17:38+00:00\",\"dateModified\":\"2025-10-27T20:17:38+00:00\",\"breadcrumb\":{\"@id\":\"https:\/\/vieassociative.be\/actualites\/aux-pays-bas-lailier-droit-geert-wilders-serait-le-favori-des-elections-de-mercredi-selon-un-sondage\/#breadcrumb\"},\"inLanguage\":\"fr-BE\",\"potentialAction\":[{\"@type\":\"ReadAction\",\"target\":[\"https:\/\/vieassociative.be\/actualites\/aux-pays-bas-lailier-droit-geert-wilders-serait-le-favori-des-elections-de-mercredi-selon-un-sondage\/\"]}]},{\"@type\":\"ImageObject\",\"inLanguage\":\"fr-BE\",\"@id\":\"https:\/\/vieassociative.be\/actualites\/aux-pays-bas-lailier-droit-geert-wilders-serait-le-favori-des-elections-de-mercredi-selon-un-sondage\/#primaryimage\",\"url\":\"https:\/\/vieassociative.be\/actualites\/wp-content\/uploads\/2025\/10\/1761596258_Aux-Pays-Bas-lailier-droit-Geert-Wilders-serait-le-favori-des.jpg\",\"contentUrl\":\"https:\/\/vieassociative.be\/actualites\/wp-content\/uploads\/2025\/10\/1761596258_Aux-Pays-Bas-lailier-droit-Geert-Wilders-serait-le-favori-des.jpg\",\"width\":1200,\"height\":800,\"caption\":\"Aux Pays-Bas, l'ailier droit Geert Wilders serait le favori des \u00e9lections de mercredi, selon un sondage.\"},{\"@type\":\"BreadcrumbList\",\"@id\":\"https:\/\/vieassociative.be\/actualites\/aux-pays-bas-lailier-droit-geert-wilders-serait-le-favori-des-elections-de-mercredi-selon-un-sondage\/#breadcrumb\",\"itemListElement\":[{\"@type\":\"ListItem\",\"position\":1,\"name\":\"Accueil\",\"item\":\"https:\/\/vieassociative.be\/actualites\/\"},{\"@type\":\"ListItem\",\"position\":2,\"name\":\"Aux Pays-Bas, l&rsquo;ailier droit Geert Wilders serait le favori des \u00e9lections de mercredi, selon un sondage.\"}]},{\"@type\":\"WebSite\",\"@id\":\"https:\/\/vieassociative.be\/actualites\/#website\",\"url\":\"https:\/\/vieassociative.be\/actualites\/\",\"name\":\"Vie Associative\",\"description\":\"\",\"publisher\":{\"@id\":\"https:\/\/vieassociative.be\/actualites\/#organization\"},\"potentialAction\":[{\"@type\":\"SearchAction\",\"target\":{\"@type\":\"EntryPoint\",\"urlTemplate\":\"https:\/\/vieassociative.be\/actualites\/?s={search_term_string}\"},\"query-input\":{\"@type\":\"PropertyValueSpecification\",\"valueRequired\":true,\"valueName\":\"search_term_string\"}}],\"inLanguage\":\"fr-BE\"},{\"@type\":\"Organization\",\"@id\":\"https:\/\/vieassociative.be\/actualites\/#organization\",\"name\":\"Vie Associative\",\"url\":\"https:\/\/vieassociative.be\/actualites\/\",\"logo\":{\"@type\":\"ImageObject\",\"inLanguage\":\"fr-BE\",\"@id\":\"https:\/\/vieassociative.be\/actualites\/#\/schema\/logo\/image\/\",\"url\":\"https:\/\/vieassociative.be\/actualites\/wp-content\/uploads\/2024\/09\/cropped-vieassociative_favicon.ico.png\",\"contentUrl\":\"https:\/\/vieassociative.be\/actualites\/wp-content\/uploads\/2024\/09\/cropped-vieassociative_favicon.ico.png\",\"width\":512,\"height\":512,\"caption\":\"Vie Associative\"},\"image\":{\"@id\":\"https:\/\/vieassociative.be\/actualites\/#\/schema\/logo\/image\/\"}},{\"@type\":\"Person\",\"@id\":\"https:\/\/vieassociative.be\/actualites\/#\/schema\/person\/b87ac4f82f9d4e7b7cec7395b679edc4\",\"name\":\"Julien\",\"image\":{\"@type\":\"ImageObject\",\"inLanguage\":\"fr-BE\",\"@id\":\"https:\/\/vieassociative.be\/actualites\/#\/schema\/person\/image\/\",\"url\":\"https:\/\/vieassociative.be\/actualites\/wp-content\/uploads\/2024\/09\/vie-associative-1-150x150.jpg\",\"contentUrl\":\"https:\/\/vieassociative.be\/actualites\/wp-content\/uploads\/2024\/09\/vie-associative-1-150x150.jpg\",\"caption\":\"Julien\"},\"description\":\"Je suis Julien, r\u00e9dacteur pour Vie Associative. Passionn\u00e9 par le monde associatif depuis plus de 10 ans, j'ai \u00e0 c\u0153ur de partager des histoires inspirantes et de mettre en lumi\u00e8re les initiatives locales. Mon objectif est de sensibiliser et d'encourager l'engagement communautaire \u00e0 travers mes articles.\",\"sameAs\":[\"https:\/\/vieassociative.be\/\"]}]}<\/script>\n<!-- \/ Yoast SEO plugin. -->","yoast_head_json":{"title":"Aux Pays-Bas, l'ailier droit Geert Wilders serait le favori des \u00e9lections de mercredi, selon un sondage. | Vie Associative","robots":{"index":"index","follow":"follow","max-snippet":"max-snippet:-1","max-image-preview":"max-image-preview:large","max-video-preview":"max-video-preview:-1"},"canonical":"https:\/\/vieassociative.be\/actualites\/aux-pays-bas-lailier-droit-geert-wilders-serait-le-favori-des-elections-de-mercredi-selon-un-sondage\/","og_locale":"fr_FR","og_type":"article","og_title":"Aux Pays-Bas, l'ailier droit Geert Wilders serait le favori des \u00e9lections de mercredi, selon un sondage. | Vie Associative","og_description":"Les Pays-Bas traversent une p\u00e9riode difficile. Apr\u00e8s l&rsquo;\u00e9clatement de la coalition quadripartite au bout d&rsquo;un peu moins d&rsquo;un an, de nouvelles \u00e9lections sont pr\u00e9vues mercredi.","og_url":"https:\/\/vieassociative.be\/actualites\/aux-pays-bas-lailier-droit-geert-wilders-serait-le-favori-des-elections-de-mercredi-selon-un-sondage\/","og_site_name":"Vie Associative","article_published_time":"2025-10-27T20:17:38+00:00","og_image":[{"width":279,"height":92,"url":"https:\/\/vieassociative.be\/actualites\/wp-content\/uploads\/2024\/09\/header_backgroundk-01-e1726694325946.png","type":"image\/png"}],"author":"Julien","twitter_card":"summary_large_image","twitter_misc":{"\u00c9crit par":"Julien","Dur\u00e9e de lecture est.":"2 minutes"},"schema":{"@context":"https:\/\/schema.org","@graph":[{"@type":"Article","@id":"https:\/\/vieassociative.be\/actualites\/aux-pays-bas-lailier-droit-geert-wilders-serait-le-favori-des-elections-de-mercredi-selon-un-sondage\/#article","isPartOf":{"@id":"https:\/\/vieassociative.be\/actualites\/aux-pays-bas-lailier-droit-geert-wilders-serait-le-favori-des-elections-de-mercredi-selon-un-sondage\/"},"author":{"name":"Julien","@id":"https:\/\/vieassociative.be\/actualites\/#\/schema\/person\/b87ac4f82f9d4e7b7cec7395b679edc4"},"headline":"Aux Pays-Bas, l&rsquo;ailier droit Geert Wilders serait le favori des \u00e9lections de mercredi, selon un sondage.","datePublished":"2025-10-27T20:17:38+00:00","dateModified":"2025-10-27T20:17:38+00:00","mainEntityOfPage":{"@id":"https:\/\/vieassociative.be\/actualites\/aux-pays-bas-lailier-droit-geert-wilders-serait-le-favori-des-elections-de-mercredi-selon-un-sondage\/"},"wordCount":344,"publisher":{"@id":"https:\/\/vieassociative.be\/actualites\/#organization"},"image":{"@id":"https:\/\/vieassociative.be\/actualites\/aux-pays-bas-lailier-droit-geert-wilders-serait-le-favori-des-elections-de-mercredi-selon-un-sondage\/#primaryimage"},"thumbnailUrl":"https:\/\/vieassociative.be\/actualites\/wp-content\/uploads\/2025\/10\/1761596258_Aux-Pays-Bas-lailier-droit-Geert-Wilders-serait-le-favori-des.jpg","keywords":["aux","Des","droit","\u00e9lections","favori","Geert","lailier","mercredi","PaysBas","selon","serait","sondage","Wilders"],"articleSection":["Belgique"],"inLanguage":"fr-BE"},{"@type":"WebPage","@id":"https:\/\/vieassociative.be\/actualites\/aux-pays-bas-lailier-droit-geert-wilders-serait-le-favori-des-elections-de-mercredi-selon-un-sondage\/","url":"https:\/\/vieassociative.be\/actualites\/aux-pays-bas-lailier-droit-geert-wilders-serait-le-favori-des-elections-de-mercredi-selon-un-sondage\/","name":"Aux Pays-Bas, l'ailier droit Geert Wilders serait le favori des \u00e9lections de mercredi, selon un sondage. | Vie Associative","isPartOf":{"@id":"https:\/\/vieassociative.be\/actualites\/#website"},"primaryImageOfPage":{"@id":"https:\/\/vieassociative.be\/actualites\/aux-pays-bas-lailier-droit-geert-wilders-serait-le-favori-des-elections-de-mercredi-selon-un-sondage\/#primaryimage"},"image":{"@id":"https:\/\/vieassociative.be\/actualites\/aux-pays-bas-lailier-droit-geert-wilders-serait-le-favori-des-elections-de-mercredi-selon-un-sondage\/#primaryimage"},"thumbnailUrl":"https:\/\/vieassociative.be\/actualites\/wp-content\/uploads\/2025\/10\/1761596258_Aux-Pays-Bas-lailier-droit-Geert-Wilders-serait-le-favori-des.jpg","datePublished":"2025-10-27T20:17:38+00:00","dateModified":"2025-10-27T20:17:38+00:00","breadcrumb":{"@id":"https:\/\/vieassociative.be\/actualites\/aux-pays-bas-lailier-droit-geert-wilders-serait-le-favori-des-elections-de-mercredi-selon-un-sondage\/#breadcrumb"},"inLanguage":"fr-BE","potentialAction":[{"@type":"ReadAction","target":["https:\/\/vieassociative.be\/actualites\/aux-pays-bas-lailier-droit-geert-wilders-serait-le-favori-des-elections-de-mercredi-selon-un-sondage\/"]}]},{"@type":"ImageObject","inLanguage":"fr-BE","@id":"https:\/\/vieassociative.be\/actualites\/aux-pays-bas-lailier-droit-geert-wilders-serait-le-favori-des-elections-de-mercredi-selon-un-sondage\/#primaryimage","url":"https:\/\/vieassociative.be\/actualites\/wp-content\/uploads\/2025\/10\/1761596258_Aux-Pays-Bas-lailier-droit-Geert-Wilders-serait-le-favori-des.jpg","contentUrl":"https:\/\/vieassociative.be\/actualites\/wp-content\/uploads\/2025\/10\/1761596258_Aux-Pays-Bas-lailier-droit-Geert-Wilders-serait-le-favori-des.jpg","width":1200,"height":800,"caption":"Aux Pays-Bas, l'ailier droit Geert Wilders serait le favori des \u00e9lections de mercredi, selon un sondage."},{"@type":"BreadcrumbList","@id":"https:\/\/vieassociative.be\/actualites\/aux-pays-bas-lailier-droit-geert-wilders-serait-le-favori-des-elections-de-mercredi-selon-un-sondage\/#breadcrumb","itemListElement":[{"@type":"ListItem","position":1,"name":"Accueil","item":"https:\/\/vieassociative.be\/actualites\/"},{"@type":"ListItem","position":2,"name":"Aux Pays-Bas, l&rsquo;ailier droit Geert Wilders serait le favori des \u00e9lections de mercredi, selon un sondage."}]},{"@type":"WebSite","@id":"https:\/\/vieassociative.be\/actualites\/#website","url":"https:\/\/vieassociative.be\/actualites\/","name":"Vie Associative","description":"","publisher":{"@id":"https:\/\/vieassociative.be\/actualites\/#organization"},"potentialAction":[{"@type":"SearchAction","target":{"@type":"EntryPoint","urlTemplate":"https:\/\/vieassociative.be\/actualites\/?s={search_term_string}"},"query-input":{"@type":"PropertyValueSpecification","valueRequired":true,"valueName":"search_term_string"}}],"inLanguage":"fr-BE"},{"@type":"Organization","@id":"https:\/\/vieassociative.be\/actualites\/#organization","name":"Vie Associative","url":"https:\/\/vieassociative.be\/actualites\/","logo":{"@type":"ImageObject","inLanguage":"fr-BE","@id":"https:\/\/vieassociative.be\/actualites\/#\/schema\/logo\/image\/","url":"https:\/\/vieassociative.be\/actualites\/wp-content\/uploads\/2024\/09\/cropped-vieassociative_favicon.ico.png","contentUrl":"https:\/\/vieassociative.be\/actualites\/wp-content\/uploads\/2024\/09\/cropped-vieassociative_favicon.ico.png","width":512,"height":512,"caption":"Vie Associative"},"image":{"@id":"https:\/\/vieassociative.be\/actualites\/#\/schema\/logo\/image\/"}},{"@type":"Person","@id":"https:\/\/vieassociative.be\/actualites\/#\/schema\/person\/b87ac4f82f9d4e7b7cec7395b679edc4","name":"Julien","image":{"@type":"ImageObject","inLanguage":"fr-BE","@id":"https:\/\/vieassociative.be\/actualites\/#\/schema\/person\/image\/","url":"https:\/\/vieassociative.be\/actualites\/wp-content\/uploads\/2024\/09\/vie-associative-1-150x150.jpg","contentUrl":"https:\/\/vieassociative.be\/actualites\/wp-content\/uploads\/2024\/09\/vie-associative-1-150x150.jpg","caption":"Julien"},"description":"Je suis Julien, r\u00e9dacteur pour Vie Associative. Passionn\u00e9 par le monde associatif depuis plus de 10 ans, j'ai \u00e0 c\u0153ur de partager des histoires inspirantes et de mettre en lumi\u00e8re les initiatives locales. Mon objectif est de sensibiliser et d'encourager l'engagement communautaire \u00e0 travers mes articles.","sameAs":["https:\/\/vieassociative.be\/"]}]}},"_links":{"self":[{"href":"https:\/\/vieassociative.be\/actualites\/wp-json\/wp\/v2\/posts\/10939"}],"collection":[{"href":"https:\/\/vieassociative.be\/actualites\/wp-json\/wp\/v2\/posts"}],"about":[{"href":"https:\/\/vieassociative.be\/actualites\/wp-json\/wp\/v2\/types\/post"}],"author":[{"embeddable":true,"href":"https:\/\/vieassociative.be\/actualites\/wp-json\/wp\/v2\/users\/1"}],"replies":[{"embeddable":true,"href":"https:\/\/vieassociative.be\/actualites\/wp-json\/wp\/v2\/comments?post=10939"}],"version-history":[{"count":0,"href":"https:\/\/vieassociative.be\/actualites\/wp-json\/wp\/v2\/posts\/10939\/revisions"}],"wp:featuredmedia":[{"embeddable":true,"href":"https:\/\/vieassociative.be\/actualites\/wp-json\/wp\/v2\/media\/10940"}],"wp:attachment":[{"href":"https:\/\/vieassociative.be\/actualites\/wp-json\/wp\/v2\/media?parent=10939"}],"wp:term":[{"taxonomy":"category","embeddable":true,"href":"https:\/\/vieassociative.be\/actualites\/wp-json\/wp\/v2\/categories?post=10939"},{"taxonomy":"post_tag","embeddable":true,"href":"https:\/\/vieassociative.be\/actualites\/wp-json\/wp\/v2\/tags?post=10939"}],"curies":[{"name":"wp","href":"https:\/\/api.w.org\/{rel}","templated":true}]}}