{"id":10937,"date":"2025-10-27T20:18:34","date_gmt":"2025-10-27T19:18:34","guid":{"rendered":"https:\/\/vieassociative.be\/actualites\/apple-maps-pourrait-recevoir-des-publicites-lannee-prochaine\/"},"modified":"2025-10-27T20:18:34","modified_gmt":"2025-10-27T19:18:34","slug":"apple-maps-pourrait-recevoir-des-publicites-lannee-prochaine","status":"publish","type":"post","link":"https:\/\/vieassociative.be\/actualites\/apple-maps-pourrait-recevoir-des-publicites-lannee-prochaine\/","title":{"rendered":"Apple Maps pourrait recevoir des publicit\u00e9s l&rsquo;ann\u00e9e prochaine"},"content":{"rendered":"<div class=\"mt-4 leading-6 md:mb-8\">Ce serait la derni\u00e8re application Apple \u00e0 commencer \u00e0 diffuser des publicit\u00e9s.<\/div>\n<p><\/p>\n<p>Il fut un temps o\u00f9 les applications et exp\u00e9riences propri\u00e9taires sur les appareils Apple \u00e9taient exempt\u00e9es de publicit\u00e9. D&rsquo;autres march\u00e9s d&rsquo;applications peuvent volontiers vous montrer des publicit\u00e9s, mais pas l&rsquo;App Store. La plupart des sites d&rsquo;actualit\u00e9s placent des publicit\u00e9s entre tous les autres paragraphes, mais Apple News \u00e9tait une exp\u00e9rience sans publicit\u00e9. Dites ce que vous vouliez sur Apple et ses produits, mais vous avez certainement eu affaire \u00e0 beaucoup moins de publicit\u00e9s que sur d&rsquo;autres plateformes. Malheureusement, ce n&rsquo;est plus le cas. <\/p>\n<p>Apple a progressivement int\u00e9gr\u00e9 la publicit\u00e9 \u00e0 son mod\u00e8le commercial afin d&rsquo;augmenter ses revenus. Vous les avez peut-\u00eatre d\u00e9j\u00e0 remarqu\u00e9s en parcourant les articles dans News ou en recherchant un nouveau jeu sur l&rsquo;App Store. M\u00eame l&rsquo;application Wallet a envoy\u00e9 aux utilisateurs des notifications lorsque l&rsquo;Apple TV sort un nouveau film. C&rsquo;est une dichotomie \u00e9trange : \u00e0 une \u00e9poque o\u00f9 les MacBook d&rsquo;Apple n&rsquo;ont jamais \u00e9t\u00e9 d&rsquo;une meilleure valeur globale, les logiciels de l&rsquo;entreprise commencent \u00e0 se sentir moins ax\u00e9s sur l&rsquo;utilisateur que jamais. <\/p>\n<p>Ces publicit\u00e9s ne font \u00e9galement que se d\u00e9velopper. Selon Mark Gurman de Bloomberg, Apple pourrait diffuser davantage de publicit\u00e9s sur ses plateformes \u00ab d\u00e8s l&rsquo;ann\u00e9e prochaine \u00bb. Si tel est le cas, il semble que la soci\u00e9t\u00e9 commencera avec Apple Maps. Gurman dit qu&rsquo;Apple permettra aux restaurants et aux entreprises de payer un suppl\u00e9ment pour que leurs r\u00e9sultats apparaissent en haut des recherches. Si vous avez r\u00e9cemment recherch\u00e9 une application dans l&rsquo;App Store d&rsquo;Apple, vous devriez \u00eatre familier avec cette exp\u00e9rience\u00a0: lorsque j&rsquo;ouvre l&rsquo;onglet de recherche, par exemple, je vois Instagram en haut de la page, avec une \u00e9tiquette \u00ab\u00a0Annonce\u00a0\u00bb en dessous, au-dessus de deux autres applications non annonc\u00e9es. Ensuite, lorsque je recherche une application comme Reddit, elle appara\u00eet en deuxi\u00e8me position, sous un emplacement publicitaire pour DuckDuckGo. <\/p>\n<div class=\"mx-auto mb-12 mt-5 w-full max-w-3xl rounded-md border-2 border-gray-100 p-3 shadow-md md:px-7 md:pb-7 md:pt-5\" id=\"related-video\">\n<div class=\"mb-3 flex items-center md:mb-5\">\n        <img decoding=\"async\" class=\"mr-4 mt-0 h-10 w-10 md:mr-5 md:h-12 md:w-12\" src=\"https:\/\/vieassociative.be\/actualites\/wp-content\/uploads\/2025\/09\/1757726237_608_Meta-pourrait-devoiler-une-montre-intelligente-pour-controler-ses-lunettes.jpg\" alt=\"Logo du pirate de la vie\"><\/p><\/div>\n<div class=\"aspect-video w-full overflow-hidden rounded-md\">\n<div id=\"video-container-01K8KHHNHXZD7EPBYSQFECCCF3\"><\/div>\n<\/p><\/div>\n<\/div>\n<p>Gurman dit que le plan d&rsquo;Apple ici est de rendre l&rsquo;exp\u00e9rience meilleure que d&rsquo;autres applications de navigation qui proposent des publicit\u00e9s similaires (je pense imm\u00e9diatement \u00e0 Waze, qui diffusera des publicit\u00e9s pour les restaurants et les entreprises chaque fois que vous arr\u00eaterez la voiture) et utilisera l&rsquo;IA pour diffuser des publicit\u00e9s plus pertinentes \u00e0 l&rsquo;utilisateur \u2013 bien que la technologie d&rsquo;IA d&rsquo;Apple laisse \u00e0 d\u00e9sirer.  <\/p>\n<p>Je ne suis pas s\u00fbr que cette d\u00e9cision fera grand-chose pour pousser les utilisateurs d&rsquo;Apple Maps vers d&rsquo;autres options. Si l&rsquo;exp\u00e9rience publicitaire dans Apple Maps est vraiment d&rsquo;un niveau similaire \u00e0 celle de l&rsquo;App Store, j&rsquo;imagine que la plupart des utilisateurs n&rsquo;y pr\u00eateront pas beaucoup d&rsquo;attention. Soit ils ignoreront tous les r\u00e9sultats qui apparaissent avec ce libell\u00e9 \u00ab\u00a0Annonce\u00a0\u00bb, soit ils cliqueront sur les r\u00e9sultats qui semblent les plus pertinents pour leur recherche. De plus, les alternatives les plus \u00e9videntes contiennent \u00e9galement des publicit\u00e9s, ce n&rsquo;est donc pas comme si quelqu&rsquo;un qui en avait marre de voir des publicit\u00e9s dans Apple Maps trouverait n\u00e9cessairement Google Maps ou Waze plus attrayants.  <\/p>\n<p>Pourtant, le principe selon lequel Apple ajoute <em>plus<\/em> les publicit\u00e9s sur une exp\u00e9rience intrins\u00e8quement co\u00fbteuse me laissent un go\u00fbt un peu amer dans la bouche. Personnellement, je pr\u00e9f\u00e8re les autres applications de navigation \u00e0 Apple Maps, mais l&rsquo;application d&rsquo;Apple m&rsquo;a sembl\u00e9 \u00eatre un choix solide ces derni\u00e8res ann\u00e9es, notamment en termes de confidentialit\u00e9. L&rsquo;ajout de publicit\u00e9s au m\u00e9lange change cela, et non seulement d\u00e9pr\u00e9cie l&rsquo;exp\u00e9rience, mais me fait me demander ce qu&rsquo;Apple envisage de faire avec mes donn\u00e9es de navigation et de localisation ici. J&rsquo;esp\u00e8re que la soci\u00e9t\u00e9 qui fabrique l&rsquo;une des seules bo\u00eetes de streaming quelque peu priv\u00e9es du march\u00e9 trouvera un moyen de garder Maps priv\u00e9e tout en diffusant des publicit\u00e9s, mais seul le temps nous le dira.   <\/p>\n","protected":false},"excerpt":{"rendered":"<p>Ce serait la derni\u00e8re application Apple \u00e0 commencer \u00e0 diffuser des publicit\u00e9s. Il fut un temps o\u00f9 les applications et exp\u00e9riences propri\u00e9taires sur les appareils<\/p>\n","protected":false},"author":1,"featured_media":10938,"comment_status":"","ping_status":"","sticky":false,"template":"","format":"standard","meta":{"footnotes":""},"categories":[13],"tags":[54,29,396,6950,1041,773,1053,3381],"class_list":["post-10937","post","type-post","status-publish","format-standard","has-post-thumbnail","hentry","category-technologie","tag-apple","tag-des","tag-lannee","tag-maps","tag-pourrait","tag-prochaine","tag-publicites","tag-recevoir","generate-columns","tablet-grid-50","mobile-grid-100","grid-parent","grid-33"],"yoast_head":"<!-- This site is optimized with the Yoast SEO plugin v24.0 - https:\/\/yoast.com\/wordpress\/plugins\/seo\/ -->\n<title>Apple Maps pourrait recevoir des publicit\u00e9s l&#039;ann\u00e9e prochaine | Vie Associative<\/title>\n<meta name=\"robots\" content=\"index, follow, max-snippet:-1, max-image-preview:large, max-video-preview:-1\" \/>\n<link rel=\"canonical\" href=\"https:\/\/vieassociative.be\/actualites\/apple-maps-pourrait-recevoir-des-publicites-lannee-prochaine\/\" \/>\n<meta property=\"og:locale\" content=\"fr_FR\" \/>\n<meta property=\"og:type\" content=\"article\" \/>\n<meta property=\"og:title\" content=\"Apple Maps pourrait recevoir des publicit\u00e9s l&#039;ann\u00e9e prochaine | Vie Associative\" \/>\n<meta property=\"og:description\" content=\"Ce serait la derni\u00e8re application Apple \u00e0 commencer \u00e0 diffuser des publicit\u00e9s. Il fut un temps o\u00f9 les applications et exp\u00e9riences propri\u00e9taires sur les appareils\" \/>\n<meta property=\"og:url\" content=\"https:\/\/vieassociative.be\/actualites\/apple-maps-pourrait-recevoir-des-publicites-lannee-prochaine\/\" \/>\n<meta property=\"og:site_name\" content=\"Vie Associative\" \/>\n<meta property=\"article:published_time\" content=\"2025-10-27T19:18:34+00:00\" \/>\n<meta property=\"og:image\" content=\"https:\/\/vieassociative.be\/actualites\/wp-content\/uploads\/2025\/09\/1757726237_608_Meta-pourrait-devoiler-une-montre-intelligente-pour-controler-ses-lunettes.jpg\" \/>\n<meta name=\"author\" content=\"Julien\" \/>\n<meta name=\"twitter:card\" content=\"summary_large_image\" \/>\n<meta name=\"twitter:label1\" content=\"\u00c9crit par\" \/>\n\t<meta name=\"twitter:data1\" content=\"Julien\" \/>\n\t<meta name=\"twitter:label2\" content=\"Dur\u00e9e de lecture est.\" \/>\n\t<meta name=\"twitter:data2\" content=\"3 minutes\" \/>\n<script type=\"application\/ld+json\" class=\"yoast-schema-graph\">{\"@context\":\"https:\/\/schema.org\",\"@graph\":[{\"@type\":\"Article\",\"@id\":\"https:\/\/vieassociative.be\/actualites\/apple-maps-pourrait-recevoir-des-publicites-lannee-prochaine\/#article\",\"isPartOf\":{\"@id\":\"https:\/\/vieassociative.be\/actualites\/apple-maps-pourrait-recevoir-des-publicites-lannee-prochaine\/\"},\"author\":{\"name\":\"Julien\",\"@id\":\"https:\/\/vieassociative.be\/actualites\/#\/schema\/person\/b87ac4f82f9d4e7b7cec7395b679edc4\"},\"headline\":\"Apple Maps pourrait recevoir des publicit\u00e9s l&rsquo;ann\u00e9e prochaine\",\"datePublished\":\"2025-10-27T19:18:34+00:00\",\"dateModified\":\"2025-10-27T19:18:34+00:00\",\"mainEntityOfPage\":{\"@id\":\"https:\/\/vieassociative.be\/actualites\/apple-maps-pourrait-recevoir-des-publicites-lannee-prochaine\/\"},\"wordCount\":712,\"publisher\":{\"@id\":\"https:\/\/vieassociative.be\/actualites\/#organization\"},\"image\":{\"@id\":\"https:\/\/vieassociative.be\/actualites\/apple-maps-pourrait-recevoir-des-publicites-lannee-prochaine\/#primaryimage\"},\"thumbnailUrl\":\"https:\/\/vieassociative.be\/actualites\/wp-content\/uploads\/2025\/10\/Apple-Maps-pourrait-recevoir-des-publicites-lannee-prochaine.jpg\",\"keywords\":[\"Apple\",\"Des\",\"lann\u00e9e\",\"Maps\",\"pourrait\",\"prochaine\",\"publicit\u00e9s\",\"recevoir\"],\"articleSection\":[\"Technologie\"],\"inLanguage\":\"fr-BE\"},{\"@type\":\"WebPage\",\"@id\":\"https:\/\/vieassociative.be\/actualites\/apple-maps-pourrait-recevoir-des-publicites-lannee-prochaine\/\",\"url\":\"https:\/\/vieassociative.be\/actualites\/apple-maps-pourrait-recevoir-des-publicites-lannee-prochaine\/\",\"name\":\"Apple Maps pourrait recevoir des publicit\u00e9s l'ann\u00e9e prochaine | Vie Associative\",\"isPartOf\":{\"@id\":\"https:\/\/vieassociative.be\/actualites\/#website\"},\"primaryImageOfPage\":{\"@id\":\"https:\/\/vieassociative.be\/actualites\/apple-maps-pourrait-recevoir-des-publicites-lannee-prochaine\/#primaryimage\"},\"image\":{\"@id\":\"https:\/\/vieassociative.be\/actualites\/apple-maps-pourrait-recevoir-des-publicites-lannee-prochaine\/#primaryimage\"},\"thumbnailUrl\":\"https:\/\/vieassociative.be\/actualites\/wp-content\/uploads\/2025\/10\/Apple-Maps-pourrait-recevoir-des-publicites-lannee-prochaine.jpg\",\"datePublished\":\"2025-10-27T19:18:34+00:00\",\"dateModified\":\"2025-10-27T19:18:34+00:00\",\"breadcrumb\":{\"@id\":\"https:\/\/vieassociative.be\/actualites\/apple-maps-pourrait-recevoir-des-publicites-lannee-prochaine\/#breadcrumb\"},\"inLanguage\":\"fr-BE\",\"potentialAction\":[{\"@type\":\"ReadAction\",\"target\":[\"https:\/\/vieassociative.be\/actualites\/apple-maps-pourrait-recevoir-des-publicites-lannee-prochaine\/\"]}]},{\"@type\":\"ImageObject\",\"inLanguage\":\"fr-BE\",\"@id\":\"https:\/\/vieassociative.be\/actualites\/apple-maps-pourrait-recevoir-des-publicites-lannee-prochaine\/#primaryimage\",\"url\":\"https:\/\/vieassociative.be\/actualites\/wp-content\/uploads\/2025\/10\/Apple-Maps-pourrait-recevoir-des-publicites-lannee-prochaine.jpg\",\"contentUrl\":\"https:\/\/vieassociative.be\/actualites\/wp-content\/uploads\/2025\/10\/Apple-Maps-pourrait-recevoir-des-publicites-lannee-prochaine.jpg\",\"width\":1200,\"height\":675,\"caption\":\"Apple Maps pourrait recevoir des publicit\u00e9s l'ann\u00e9e prochaine\"},{\"@type\":\"BreadcrumbList\",\"@id\":\"https:\/\/vieassociative.be\/actualites\/apple-maps-pourrait-recevoir-des-publicites-lannee-prochaine\/#breadcrumb\",\"itemListElement\":[{\"@type\":\"ListItem\",\"position\":1,\"name\":\"Accueil\",\"item\":\"https:\/\/vieassociative.be\/actualites\/\"},{\"@type\":\"ListItem\",\"position\":2,\"name\":\"Apple Maps pourrait recevoir des publicit\u00e9s l&rsquo;ann\u00e9e prochaine\"}]},{\"@type\":\"WebSite\",\"@id\":\"https:\/\/vieassociative.be\/actualites\/#website\",\"url\":\"https:\/\/vieassociative.be\/actualites\/\",\"name\":\"Vie Associative\",\"description\":\"\",\"publisher\":{\"@id\":\"https:\/\/vieassociative.be\/actualites\/#organization\"},\"potentialAction\":[{\"@type\":\"SearchAction\",\"target\":{\"@type\":\"EntryPoint\",\"urlTemplate\":\"https:\/\/vieassociative.be\/actualites\/?s={search_term_string}\"},\"query-input\":{\"@type\":\"PropertyValueSpecification\",\"valueRequired\":true,\"valueName\":\"search_term_string\"}}],\"inLanguage\":\"fr-BE\"},{\"@type\":\"Organization\",\"@id\":\"https:\/\/vieassociative.be\/actualites\/#organization\",\"name\":\"Vie Associative\",\"url\":\"https:\/\/vieassociative.be\/actualites\/\",\"logo\":{\"@type\":\"ImageObject\",\"inLanguage\":\"fr-BE\",\"@id\":\"https:\/\/vieassociative.be\/actualites\/#\/schema\/logo\/image\/\",\"url\":\"https:\/\/vieassociative.be\/actualites\/wp-content\/uploads\/2024\/09\/cropped-vieassociative_favicon.ico.png\",\"contentUrl\":\"https:\/\/vieassociative.be\/actualites\/wp-content\/uploads\/2024\/09\/cropped-vieassociative_favicon.ico.png\",\"width\":512,\"height\":512,\"caption\":\"Vie Associative\"},\"image\":{\"@id\":\"https:\/\/vieassociative.be\/actualites\/#\/schema\/logo\/image\/\"}},{\"@type\":\"Person\",\"@id\":\"https:\/\/vieassociative.be\/actualites\/#\/schema\/person\/b87ac4f82f9d4e7b7cec7395b679edc4\",\"name\":\"Julien\",\"image\":{\"@type\":\"ImageObject\",\"inLanguage\":\"fr-BE\",\"@id\":\"https:\/\/vieassociative.be\/actualites\/#\/schema\/person\/image\/\",\"url\":\"https:\/\/vieassociative.be\/actualites\/wp-content\/uploads\/2024\/09\/vie-associative-1-150x150.jpg\",\"contentUrl\":\"https:\/\/vieassociative.be\/actualites\/wp-content\/uploads\/2024\/09\/vie-associative-1-150x150.jpg\",\"caption\":\"Julien\"},\"description\":\"Je suis Julien, r\u00e9dacteur pour Vie Associative. Passionn\u00e9 par le monde associatif depuis plus de 10 ans, j'ai \u00e0 c\u0153ur de partager des histoires inspirantes et de mettre en lumi\u00e8re les initiatives locales. Mon objectif est de sensibiliser et d'encourager l'engagement communautaire \u00e0 travers mes articles.\",\"sameAs\":[\"https:\/\/vieassociative.be\/\"]}]}<\/script>\n<!-- \/ Yoast SEO plugin. -->","yoast_head_json":{"title":"Apple Maps pourrait recevoir des publicit\u00e9s l'ann\u00e9e prochaine | Vie Associative","robots":{"index":"index","follow":"follow","max-snippet":"max-snippet:-1","max-image-preview":"max-image-preview:large","max-video-preview":"max-video-preview:-1"},"canonical":"https:\/\/vieassociative.be\/actualites\/apple-maps-pourrait-recevoir-des-publicites-lannee-prochaine\/","og_locale":"fr_FR","og_type":"article","og_title":"Apple Maps pourrait recevoir des publicit\u00e9s l'ann\u00e9e prochaine | Vie Associative","og_description":"Ce serait la derni\u00e8re application Apple \u00e0 commencer \u00e0 diffuser des publicit\u00e9s. Il fut un temps o\u00f9 les applications et exp\u00e9riences propri\u00e9taires sur les appareils","og_url":"https:\/\/vieassociative.be\/actualites\/apple-maps-pourrait-recevoir-des-publicites-lannee-prochaine\/","og_site_name":"Vie Associative","article_published_time":"2025-10-27T19:18:34+00:00","og_image":[{"url":"https:\/\/vieassociative.be\/actualites\/wp-content\/uploads\/2025\/09\/1757726237_608_Meta-pourrait-devoiler-une-montre-intelligente-pour-controler-ses-lunettes.jpg","type":"","width":"","height":""}],"author":"Julien","twitter_card":"summary_large_image","twitter_misc":{"\u00c9crit par":"Julien","Dur\u00e9e de lecture est.":"3 minutes"},"schema":{"@context":"https:\/\/schema.org","@graph":[{"@type":"Article","@id":"https:\/\/vieassociative.be\/actualites\/apple-maps-pourrait-recevoir-des-publicites-lannee-prochaine\/#article","isPartOf":{"@id":"https:\/\/vieassociative.be\/actualites\/apple-maps-pourrait-recevoir-des-publicites-lannee-prochaine\/"},"author":{"name":"Julien","@id":"https:\/\/vieassociative.be\/actualites\/#\/schema\/person\/b87ac4f82f9d4e7b7cec7395b679edc4"},"headline":"Apple Maps pourrait recevoir des publicit\u00e9s l&rsquo;ann\u00e9e prochaine","datePublished":"2025-10-27T19:18:34+00:00","dateModified":"2025-10-27T19:18:34+00:00","mainEntityOfPage":{"@id":"https:\/\/vieassociative.be\/actualites\/apple-maps-pourrait-recevoir-des-publicites-lannee-prochaine\/"},"wordCount":712,"publisher":{"@id":"https:\/\/vieassociative.be\/actualites\/#organization"},"image":{"@id":"https:\/\/vieassociative.be\/actualites\/apple-maps-pourrait-recevoir-des-publicites-lannee-prochaine\/#primaryimage"},"thumbnailUrl":"https:\/\/vieassociative.be\/actualites\/wp-content\/uploads\/2025\/10\/Apple-Maps-pourrait-recevoir-des-publicites-lannee-prochaine.jpg","keywords":["Apple","Des","lann\u00e9e","Maps","pourrait","prochaine","publicit\u00e9s","recevoir"],"articleSection":["Technologie"],"inLanguage":"fr-BE"},{"@type":"WebPage","@id":"https:\/\/vieassociative.be\/actualites\/apple-maps-pourrait-recevoir-des-publicites-lannee-prochaine\/","url":"https:\/\/vieassociative.be\/actualites\/apple-maps-pourrait-recevoir-des-publicites-lannee-prochaine\/","name":"Apple Maps pourrait recevoir des publicit\u00e9s l'ann\u00e9e prochaine | Vie Associative","isPartOf":{"@id":"https:\/\/vieassociative.be\/actualites\/#website"},"primaryImageOfPage":{"@id":"https:\/\/vieassociative.be\/actualites\/apple-maps-pourrait-recevoir-des-publicites-lannee-prochaine\/#primaryimage"},"image":{"@id":"https:\/\/vieassociative.be\/actualites\/apple-maps-pourrait-recevoir-des-publicites-lannee-prochaine\/#primaryimage"},"thumbnailUrl":"https:\/\/vieassociative.be\/actualites\/wp-content\/uploads\/2025\/10\/Apple-Maps-pourrait-recevoir-des-publicites-lannee-prochaine.jpg","datePublished":"2025-10-27T19:18:34+00:00","dateModified":"2025-10-27T19:18:34+00:00","breadcrumb":{"@id":"https:\/\/vieassociative.be\/actualites\/apple-maps-pourrait-recevoir-des-publicites-lannee-prochaine\/#breadcrumb"},"inLanguage":"fr-BE","potentialAction":[{"@type":"ReadAction","target":["https:\/\/vieassociative.be\/actualites\/apple-maps-pourrait-recevoir-des-publicites-lannee-prochaine\/"]}]},{"@type":"ImageObject","inLanguage":"fr-BE","@id":"https:\/\/vieassociative.be\/actualites\/apple-maps-pourrait-recevoir-des-publicites-lannee-prochaine\/#primaryimage","url":"https:\/\/vieassociative.be\/actualites\/wp-content\/uploads\/2025\/10\/Apple-Maps-pourrait-recevoir-des-publicites-lannee-prochaine.jpg","contentUrl":"https:\/\/vieassociative.be\/actualites\/wp-content\/uploads\/2025\/10\/Apple-Maps-pourrait-recevoir-des-publicites-lannee-prochaine.jpg","width":1200,"height":675,"caption":"Apple Maps pourrait recevoir des publicit\u00e9s l'ann\u00e9e prochaine"},{"@type":"BreadcrumbList","@id":"https:\/\/vieassociative.be\/actualites\/apple-maps-pourrait-recevoir-des-publicites-lannee-prochaine\/#breadcrumb","itemListElement":[{"@type":"ListItem","position":1,"name":"Accueil","item":"https:\/\/vieassociative.be\/actualites\/"},{"@type":"ListItem","position":2,"name":"Apple Maps pourrait recevoir des publicit\u00e9s l&rsquo;ann\u00e9e prochaine"}]},{"@type":"WebSite","@id":"https:\/\/vieassociative.be\/actualites\/#website","url":"https:\/\/vieassociative.be\/actualites\/","name":"Vie Associative","description":"","publisher":{"@id":"https:\/\/vieassociative.be\/actualites\/#organization"},"potentialAction":[{"@type":"SearchAction","target":{"@type":"EntryPoint","urlTemplate":"https:\/\/vieassociative.be\/actualites\/?s={search_term_string}"},"query-input":{"@type":"PropertyValueSpecification","valueRequired":true,"valueName":"search_term_string"}}],"inLanguage":"fr-BE"},{"@type":"Organization","@id":"https:\/\/vieassociative.be\/actualites\/#organization","name":"Vie Associative","url":"https:\/\/vieassociative.be\/actualites\/","logo":{"@type":"ImageObject","inLanguage":"fr-BE","@id":"https:\/\/vieassociative.be\/actualites\/#\/schema\/logo\/image\/","url":"https:\/\/vieassociative.be\/actualites\/wp-content\/uploads\/2024\/09\/cropped-vieassociative_favicon.ico.png","contentUrl":"https:\/\/vieassociative.be\/actualites\/wp-content\/uploads\/2024\/09\/cropped-vieassociative_favicon.ico.png","width":512,"height":512,"caption":"Vie Associative"},"image":{"@id":"https:\/\/vieassociative.be\/actualites\/#\/schema\/logo\/image\/"}},{"@type":"Person","@id":"https:\/\/vieassociative.be\/actualites\/#\/schema\/person\/b87ac4f82f9d4e7b7cec7395b679edc4","name":"Julien","image":{"@type":"ImageObject","inLanguage":"fr-BE","@id":"https:\/\/vieassociative.be\/actualites\/#\/schema\/person\/image\/","url":"https:\/\/vieassociative.be\/actualites\/wp-content\/uploads\/2024\/09\/vie-associative-1-150x150.jpg","contentUrl":"https:\/\/vieassociative.be\/actualites\/wp-content\/uploads\/2024\/09\/vie-associative-1-150x150.jpg","caption":"Julien"},"description":"Je suis Julien, r\u00e9dacteur pour Vie Associative. Passionn\u00e9 par le monde associatif depuis plus de 10 ans, j'ai \u00e0 c\u0153ur de partager des histoires inspirantes et de mettre en lumi\u00e8re les initiatives locales. Mon objectif est de sensibiliser et d'encourager l'engagement communautaire \u00e0 travers mes articles.","sameAs":["https:\/\/vieassociative.be\/"]}]}},"_links":{"self":[{"href":"https:\/\/vieassociative.be\/actualites\/wp-json\/wp\/v2\/posts\/10937"}],"collection":[{"href":"https:\/\/vieassociative.be\/actualites\/wp-json\/wp\/v2\/posts"}],"about":[{"href":"https:\/\/vieassociative.be\/actualites\/wp-json\/wp\/v2\/types\/post"}],"author":[{"embeddable":true,"href":"https:\/\/vieassociative.be\/actualites\/wp-json\/wp\/v2\/users\/1"}],"replies":[{"embeddable":true,"href":"https:\/\/vieassociative.be\/actualites\/wp-json\/wp\/v2\/comments?post=10937"}],"version-history":[{"count":0,"href":"https:\/\/vieassociative.be\/actualites\/wp-json\/wp\/v2\/posts\/10937\/revisions"}],"wp:featuredmedia":[{"embeddable":true,"href":"https:\/\/vieassociative.be\/actualites\/wp-json\/wp\/v2\/media\/10938"}],"wp:attachment":[{"href":"https:\/\/vieassociative.be\/actualites\/wp-json\/wp\/v2\/media?parent=10937"}],"wp:term":[{"taxonomy":"category","embeddable":true,"href":"https:\/\/vieassociative.be\/actualites\/wp-json\/wp\/v2\/categories?post=10937"},{"taxonomy":"post_tag","embeddable":true,"href":"https:\/\/vieassociative.be\/actualites\/wp-json\/wp\/v2\/tags?post=10937"}],"curies":[{"name":"wp","href":"https:\/\/api.w.org\/{rel}","templated":true}]}}