{"id":10935,"date":"2025-10-27T15:17:03","date_gmt":"2025-10-27T14:17:03","guid":{"rendered":"https:\/\/vieassociative.be\/actualites\/10-personnes-au-tribunal-de-paris-pour-avoir-repandu-des-rumeurs-trans-sur-brigitte-lepouse-de-macron\/"},"modified":"2025-10-27T15:17:03","modified_gmt":"2025-10-27T14:17:03","slug":"10-personnes-au-tribunal-de-paris-pour-avoir-repandu-des-rumeurs-trans-sur-brigitte-lepouse-de-macron","status":"publish","type":"post","link":"https:\/\/vieassociative.be\/actualites\/10-personnes-au-tribunal-de-paris-pour-avoir-repandu-des-rumeurs-trans-sur-brigitte-lepouse-de-macron\/","title":{"rendered":"10 personnes au tribunal de Paris pour avoir r\u00e9pandu des rumeurs trans sur Brigitte, l&rsquo;\u00e9pouse de Macron"},"content":{"rendered":"<p><strong>Harc\u00e8lement en ligne contre Brigitte Macron : dix personnes accus\u00e9es d&rsquo;avoir r\u00e9pandu la rumeur selon laquelle l&rsquo;\u00e9pouse du pr\u00e9sident fran\u00e7ais \u00e9tait un homme ou une femme transgenre sont jug\u00e9es \u00e0 Paris.<\/strong><\/p>\n<p><span id=\"more-428198\"><\/span>Dix personnes sont jug\u00e9es \u00e0 Paris pour cyberharc\u00e8lement sexiste contre Brigitte Macron. Ils sont accus\u00e9s d&rsquo;avoir r\u00e9pandu une rumeur transphobe sur l&rsquo;\u00e9pouse du pr\u00e9sident fran\u00e7ais.<\/p>\n<p>Cette affaire, n\u00e9e d\u2019un canular devenu viral \u00e0 l\u2019\u00e9chelle internationale, marque une r\u00e9ponse juridique sans pr\u00e9c\u00e9dent aux campagnes complotistes en ligne. Dix personnes compara\u00eetront lundi et mardi devant le tribunal correctionnel de Paris pour des accusations de cyberharc\u00e8lement sexiste contre l&rsquo;\u00e9pouse du pr\u00e9sident fran\u00e7ais, Brigitte Macron, qui a \u00e9t\u00e9 la cible d&rsquo;un canular qui a fait le tour du monde pr\u00e9tendant qu&rsquo;elle \u00e9tait un homme ou une femme transgenre.<\/p>\n<div id=\"attachment_428215\" class=\"wp-caption alignleft\" style=\"max-width: 300px\"><img fetchpriority=\"high\" decoding=\"async\" class=\"wp-image-428215 size-medium\" src=\"https:\/\/vieassociative.be\/actualites\/wp-content\/uploads\/2025\/10\/10-personnes-au-tribunal-de-Paris-pour-avoir-repandu-des.jpg\" alt=\"\" width=\"300\" height=\"200\"><\/div>\n<p>Cette r\u00e9ponse judiciaire en France, accompagn\u00e9e d&rsquo;un proc\u00e8s aux \u00c9tats-Unis, intervient apr\u00e8s quatre ann\u00e9es de pol\u00e9miques et de rumeurs de plus en plus aliment\u00e9es et diffus\u00e9es par les r\u00e9seaux complotistes et d&rsquo;extr\u00eame droite.<\/p>\n<p>Selon le parquet de Paris, huit hommes et deux femmes \u00e2g\u00e9s de 41 \u00e0 60 ans sont soup\u00e7onn\u00e9s d&rsquo;avoir tenu plusieurs propos d\u00e9sobligeants \u00e0 l&rsquo;\u00e9gard de Brigitte Macron sur son \u00ab\u00a0genre\u00a0\u00bb et sa \u00ab\u00a0sexualit\u00e9\u00a0\u00bb et d&rsquo;avoir assimil\u00e9 sa diff\u00e9rence d&rsquo;\u00e2ge avec son mari \u00e0 de la \u00ab\u00a0p\u00e9dophilie\u00a0\u00bb.<\/p>\n<p>Le canular transphobe est apparu imm\u00e9diatement apr\u00e8s l&rsquo;\u00e9lection d&rsquo;Emmanuel Macron en 2017 et s&rsquo;est r\u00e9pandu de mani\u00e8re particuli\u00e8rement virale aux \u00c9tats-Unis, o\u00f9 le couple pr\u00e9sidentiel a d\u00e9pos\u00e9 cet \u00e9t\u00e9 un proc\u00e8s en diffamation contre la podcasteuse pro-Trump Candace Owens, proche du milieu conservateur MAGA (MAGA : Make America Great Again) et pour ses positions antis\u00e9mites et pro-russes.<\/p>\n<div id=\"attachment_173990\" class=\"wp-caption alignleft\" style=\"max-width: 300px\"><img decoding=\"async\" class=\"wp-image-173990 size-medium\" src=\"https:\/\/vieassociative.be\/actualites\/wp-content\/uploads\/2025\/10\/10-personnes-au-tribunal-de-Paris-pour-avoir-repandu-des.jpeg\" alt=\"\" width=\"300\" height=\"256\"  ><\/div>\n<p>Plusieurs des personnes condamn\u00e9es pour cyberharc\u00e8lement \u00e0 Paris avaient partag\u00e9 avec des millions de followers sur les r\u00e9seaux sociaux les posts de l&rsquo;influenceur am\u00e9ricain, qui est \u00e9galement auteur d&rsquo;une s\u00e9rie de vid\u00e9os intitul\u00e9e \u00ab Devenir Brigitte \u00bb. Comme par exemple cette couverture modifi\u00e9e du magazine Time, sur laquelle Brigitte Macron appara\u00eet comme \u00ab l&rsquo;Homme de l&rsquo;ann\u00e9e \u00bb, accompagn\u00e9e du commentaire \u00ab Excellent \u00bb.<\/p>\n<p>Dans une autre publication, l&rsquo;un des pr\u00e9venus rapporte que \u00ab\u00a02.000 personnes\u00a0\u00bb sont pr\u00eates \u00e0 \u00ab\u00a0faire du porte-\u00e0-porte \u00e0 Amiens (la ville du nord de la France d&rsquo;o\u00f9 est originaire le couple Macron, ndlr) pour clarifier l&rsquo;affaire Brigitte\u00a0\u00bb et promet la participation de blogueurs am\u00e9ricains.<\/p>\n<p>L&rsquo;enqu\u00eate a d\u00e9but\u00e9 apr\u00e8s une plainte de Brigitte Macron le 27 ao\u00fbt 2024 et a donn\u00e9 lieu \u00e0 plusieurs vagues d&rsquo;interpellations, notamment en d\u00e9cembre 2024 et f\u00e9vrier 2025.<\/p>\n<p>Sollicit\u00e9 par l&rsquo;AFP pour commentaires, l&rsquo;avocat de Brigitte Macron, Jean Ennochi, n&rsquo;a pas r\u00e9pondu ni pr\u00e9cis\u00e9 si la premi\u00e8re dame fran\u00e7aise serait pr\u00e9sente \u00e0 l&rsquo;audience.<\/p>\n<p>Parmi les pr\u00e9venus figure l&rsquo;annonceur Aur\u00e9lien Poirson-Atlan, 41 ans, connu sur les r\u00e9seaux sociaux sous le pseudonyme de \u00ab Zo\u00e9 Sagan \u00bb et qui compte de nombreux followers. Son compte X, d\u00e9sormais interdit, a fait l&rsquo;objet de plusieurs plaintes et est souvent associ\u00e9 \u00e0 des th\u00e9oriciens du complot.<\/p>\n<div id=\"attachment_223293\" class=\"wp-caption alignleft\" style=\"max-width: 300px\"><img decoding=\"async\" class=\"wp-image-223293 size-medium\" src=\"https:\/\/vieassociative.be\/actualites\/wp-content\/uploads\/2024\/11\/Les-choses-vont-elles-devenir-inconfortables-pour-lEurope-apres-la-victoire.jpeg\" alt=\"\" width=\"300\" height=\"200\"  ><\/div>\n<p>La journaliste et lanceuse d&rsquo;alerte pr\u00e9sum\u00e9e Delphine J., connue sous le pseudonyme d&rsquo;Amandine Roy, \u00e2g\u00e9e de 51 ans, sera \u00e9galement jug\u00e9e. Elle a contribu\u00e9 \u00e0 r\u00e9pandre la rumeur selon laquelle Brigitte Macron, n\u00e9e Trogneux, n&rsquo;a jamais exist\u00e9 et que son fr\u00e8re Jean-Michel a adopt\u00e9 cette identit\u00e9 apr\u00e8s son changement de sexe. Delphine J. ne faisait que \u00ab r\u00e9agir \u00e0 l\u2019actualit\u00e9 \u00bb, selon son avocate Maud Marian, qui ajoute qu\u2019\u00ab aucun message direct n\u2019a \u00e9t\u00e9 envoy\u00e9 \u00e0 Mme Macron \u00bb. Elle a \u00e9t\u00e9 condamn\u00e9e en septembre 2024 par la justice fran\u00e7aise en premi\u00e8re instance pour diffamation \u00e0 verser des indemnit\u00e9s de plusieurs milliers d&rsquo;euros \u00e0 Brigitte Macron et de 5 000 euros \u00e0 Jean-Michel Trogneux, mais a \u00e9t\u00e9 acquitt\u00e9e en appel le 10 juillet dernier. Mme Macron et son fr\u00e8re ont fait appel de cette d\u00e9cision.<\/p>\n<p>Les pr\u00e9venus, parmi lesquels un homme politique, un galeriste et un enseignant, risquent jusqu&rsquo;\u00e0 deux ans de prison. Plusieurs femmes politiques du monde entier ont d\u00e9j\u00e0 \u00e9t\u00e9 victimes de fausses nouvelles transphobes, notamment l&rsquo;ancienne Premi\u00e8re dame des \u00c9tats-Unis Michelle Obama, l&rsquo;ancienne vice-pr\u00e9sidente am\u00e9ricaine Kamala Harris et l&rsquo;ancienne Premi\u00e8re ministre n\u00e9o-z\u00e9landaise Jacinda Ardern. (cr\u00e9er)<\/p>\n","protected":false},"excerpt":{"rendered":"<p>Harc\u00e8lement en ligne contre Brigitte Macron : dix personnes accus\u00e9es d&rsquo;avoir r\u00e9pandu la rumeur selon laquelle l&rsquo;\u00e9pouse du pr\u00e9sident fran\u00e7ais \u00e9tait un homme ou une<\/p>\n","protected":false},"author":1,"featured_media":10936,"comment_status":"","ping_status":"","sticky":false,"template":"","format":"standard","meta":{"footnotes":""},"categories":[298],"tags":[224,7160,29,9054,3988,2447,714,81,9053,1844,33,5205,8360],"class_list":["post-10935","post","type-post","status-publish","format-standard","has-post-thumbnail","hentry","category-belgique","tag-avoir","tag-brigitte","tag-des","tag-lepouse","tag-macron","tag-paris","tag-personnes","tag-pour","tag-repandu","tag-rumeurs","tag-sur","tag-trans","tag-tribunal","generate-columns","tablet-grid-50","mobile-grid-100","grid-parent","grid-33"],"yoast_head":"<!-- This site is optimized with the Yoast SEO plugin v24.0 - https:\/\/yoast.com\/wordpress\/plugins\/seo\/ -->\n<title>10 personnes au tribunal de Paris pour avoir r\u00e9pandu des rumeurs trans sur Brigitte, l&#039;\u00e9pouse de Macron | Vie Associative<\/title>\n<meta name=\"robots\" content=\"index, follow, max-snippet:-1, max-image-preview:large, max-video-preview:-1\" \/>\n<link rel=\"canonical\" href=\"https:\/\/vieassociative.be\/actualites\/10-personnes-au-tribunal-de-paris-pour-avoir-repandu-des-rumeurs-trans-sur-brigitte-lepouse-de-macron\/\" \/>\n<meta property=\"og:locale\" content=\"fr_FR\" \/>\n<meta property=\"og:type\" content=\"article\" \/>\n<meta property=\"og:title\" content=\"10 personnes au tribunal de Paris pour avoir r\u00e9pandu des rumeurs trans sur Brigitte, l&#039;\u00e9pouse de Macron | Vie Associative\" \/>\n<meta property=\"og:description\" content=\"Harc\u00e8lement en ligne contre Brigitte Macron : dix personnes accus\u00e9es d&rsquo;avoir r\u00e9pandu la rumeur selon laquelle l&rsquo;\u00e9pouse du pr\u00e9sident fran\u00e7ais \u00e9tait un homme ou une\" \/>\n<meta property=\"og:url\" content=\"https:\/\/vieassociative.be\/actualites\/10-personnes-au-tribunal-de-paris-pour-avoir-repandu-des-rumeurs-trans-sur-brigitte-lepouse-de-macron\/\" \/>\n<meta property=\"og:site_name\" content=\"Vie Associative\" \/>\n<meta property=\"article:published_time\" content=\"2025-10-27T14:17:03+00:00\" \/>\n<meta property=\"og:image\" content=\"https:\/\/vieassociative.be\/actualites\/wp-content\/uploads\/2024\/09\/header_backgroundk-01-e1726694325946.png\" \/>\n\t<meta property=\"og:image:width\" content=\"279\" \/>\n\t<meta property=\"og:image:height\" content=\"92\" \/>\n\t<meta property=\"og:image:type\" content=\"image\/png\" \/>\n<meta name=\"author\" content=\"Julien\" \/>\n<meta name=\"twitter:card\" content=\"summary_large_image\" \/>\n<meta name=\"twitter:label1\" content=\"\u00c9crit par\" \/>\n\t<meta name=\"twitter:data1\" content=\"Julien\" \/>\n\t<meta name=\"twitter:label2\" content=\"Dur\u00e9e de lecture est.\" \/>\n\t<meta name=\"twitter:data2\" content=\"4 minutes\" \/>\n<script type=\"application\/ld+json\" class=\"yoast-schema-graph\">{\"@context\":\"https:\/\/schema.org\",\"@graph\":[{\"@type\":\"Article\",\"@id\":\"https:\/\/vieassociative.be\/actualites\/10-personnes-au-tribunal-de-paris-pour-avoir-repandu-des-rumeurs-trans-sur-brigitte-lepouse-de-macron\/#article\",\"isPartOf\":{\"@id\":\"https:\/\/vieassociative.be\/actualites\/10-personnes-au-tribunal-de-paris-pour-avoir-repandu-des-rumeurs-trans-sur-brigitte-lepouse-de-macron\/\"},\"author\":{\"name\":\"Julien\",\"@id\":\"https:\/\/vieassociative.be\/actualites\/#\/schema\/person\/b87ac4f82f9d4e7b7cec7395b679edc4\"},\"headline\":\"10 personnes au tribunal de Paris pour avoir r\u00e9pandu des rumeurs trans sur Brigitte, l&rsquo;\u00e9pouse de Macron\",\"datePublished\":\"2025-10-27T14:17:03+00:00\",\"dateModified\":\"2025-10-27T14:17:03+00:00\",\"mainEntityOfPage\":{\"@id\":\"https:\/\/vieassociative.be\/actualites\/10-personnes-au-tribunal-de-paris-pour-avoir-repandu-des-rumeurs-trans-sur-brigitte-lepouse-de-macron\/\"},\"wordCount\":775,\"publisher\":{\"@id\":\"https:\/\/vieassociative.be\/actualites\/#organization\"},\"image\":{\"@id\":\"https:\/\/vieassociative.be\/actualites\/10-personnes-au-tribunal-de-paris-pour-avoir-repandu-des-rumeurs-trans-sur-brigitte-lepouse-de-macron\/#primaryimage\"},\"thumbnailUrl\":\"https:\/\/vieassociative.be\/actualites\/wp-content\/uploads\/2025\/10\/1761574623_10-personnes-au-tribunal-de-Paris-pour-avoir-repandu-des.jpg\",\"keywords\":[\"avoir\",\"Brigitte\",\"Des\",\"l\u00e9pouse\",\"Macron\",\"Paris\",\"personnes\",\"pour\",\"r\u00e9pandu\",\"rumeurs\",\"sur\",\"trans\",\"tribunal\"],\"articleSection\":[\"Belgique\"],\"inLanguage\":\"fr-BE\"},{\"@type\":\"WebPage\",\"@id\":\"https:\/\/vieassociative.be\/actualites\/10-personnes-au-tribunal-de-paris-pour-avoir-repandu-des-rumeurs-trans-sur-brigitte-lepouse-de-macron\/\",\"url\":\"https:\/\/vieassociative.be\/actualites\/10-personnes-au-tribunal-de-paris-pour-avoir-repandu-des-rumeurs-trans-sur-brigitte-lepouse-de-macron\/\",\"name\":\"10 personnes au tribunal de Paris pour avoir r\u00e9pandu des rumeurs trans sur Brigitte, l'\u00e9pouse de Macron | Vie Associative\",\"isPartOf\":{\"@id\":\"https:\/\/vieassociative.be\/actualites\/#website\"},\"primaryImageOfPage\":{\"@id\":\"https:\/\/vieassociative.be\/actualites\/10-personnes-au-tribunal-de-paris-pour-avoir-repandu-des-rumeurs-trans-sur-brigitte-lepouse-de-macron\/#primaryimage\"},\"image\":{\"@id\":\"https:\/\/vieassociative.be\/actualites\/10-personnes-au-tribunal-de-paris-pour-avoir-repandu-des-rumeurs-trans-sur-brigitte-lepouse-de-macron\/#primaryimage\"},\"thumbnailUrl\":\"https:\/\/vieassociative.be\/actualites\/wp-content\/uploads\/2025\/10\/1761574623_10-personnes-au-tribunal-de-Paris-pour-avoir-repandu-des.jpg\",\"datePublished\":\"2025-10-27T14:17:03+00:00\",\"dateModified\":\"2025-10-27T14:17:03+00:00\",\"breadcrumb\":{\"@id\":\"https:\/\/vieassociative.be\/actualites\/10-personnes-au-tribunal-de-paris-pour-avoir-repandu-des-rumeurs-trans-sur-brigitte-lepouse-de-macron\/#breadcrumb\"},\"inLanguage\":\"fr-BE\",\"potentialAction\":[{\"@type\":\"ReadAction\",\"target\":[\"https:\/\/vieassociative.be\/actualites\/10-personnes-au-tribunal-de-paris-pour-avoir-repandu-des-rumeurs-trans-sur-brigitte-lepouse-de-macron\/\"]}]},{\"@type\":\"ImageObject\",\"inLanguage\":\"fr-BE\",\"@id\":\"https:\/\/vieassociative.be\/actualites\/10-personnes-au-tribunal-de-paris-pour-avoir-repandu-des-rumeurs-trans-sur-brigitte-lepouse-de-macron\/#primaryimage\",\"url\":\"https:\/\/vieassociative.be\/actualites\/wp-content\/uploads\/2025\/10\/1761574623_10-personnes-au-tribunal-de-Paris-pour-avoir-repandu-des.jpg\",\"contentUrl\":\"https:\/\/vieassociative.be\/actualites\/wp-content\/uploads\/2025\/10\/1761574623_10-personnes-au-tribunal-de-Paris-pour-avoir-repandu-des.jpg\",\"width\":1200,\"height\":800,\"caption\":\"10 personnes au tribunal de Paris pour avoir r\u00e9pandu des rumeurs trans sur Brigitte, l'\u00e9pouse de Macron\"},{\"@type\":\"BreadcrumbList\",\"@id\":\"https:\/\/vieassociative.be\/actualites\/10-personnes-au-tribunal-de-paris-pour-avoir-repandu-des-rumeurs-trans-sur-brigitte-lepouse-de-macron\/#breadcrumb\",\"itemListElement\":[{\"@type\":\"ListItem\",\"position\":1,\"name\":\"Accueil\",\"item\":\"https:\/\/vieassociative.be\/actualites\/\"},{\"@type\":\"ListItem\",\"position\":2,\"name\":\"10 personnes au tribunal de Paris pour avoir r\u00e9pandu des rumeurs trans sur Brigitte, l&rsquo;\u00e9pouse de Macron\"}]},{\"@type\":\"WebSite\",\"@id\":\"https:\/\/vieassociative.be\/actualites\/#website\",\"url\":\"https:\/\/vieassociative.be\/actualites\/\",\"name\":\"Vie Associative\",\"description\":\"\",\"publisher\":{\"@id\":\"https:\/\/vieassociative.be\/actualites\/#organization\"},\"potentialAction\":[{\"@type\":\"SearchAction\",\"target\":{\"@type\":\"EntryPoint\",\"urlTemplate\":\"https:\/\/vieassociative.be\/actualites\/?s={search_term_string}\"},\"query-input\":{\"@type\":\"PropertyValueSpecification\",\"valueRequired\":true,\"valueName\":\"search_term_string\"}}],\"inLanguage\":\"fr-BE\"},{\"@type\":\"Organization\",\"@id\":\"https:\/\/vieassociative.be\/actualites\/#organization\",\"name\":\"Vie Associative\",\"url\":\"https:\/\/vieassociative.be\/actualites\/\",\"logo\":{\"@type\":\"ImageObject\",\"inLanguage\":\"fr-BE\",\"@id\":\"https:\/\/vieassociative.be\/actualites\/#\/schema\/logo\/image\/\",\"url\":\"https:\/\/vieassociative.be\/actualites\/wp-content\/uploads\/2024\/09\/cropped-vieassociative_favicon.ico.png\",\"contentUrl\":\"https:\/\/vieassociative.be\/actualites\/wp-content\/uploads\/2024\/09\/cropped-vieassociative_favicon.ico.png\",\"width\":512,\"height\":512,\"caption\":\"Vie Associative\"},\"image\":{\"@id\":\"https:\/\/vieassociative.be\/actualites\/#\/schema\/logo\/image\/\"}},{\"@type\":\"Person\",\"@id\":\"https:\/\/vieassociative.be\/actualites\/#\/schema\/person\/b87ac4f82f9d4e7b7cec7395b679edc4\",\"name\":\"Julien\",\"image\":{\"@type\":\"ImageObject\",\"inLanguage\":\"fr-BE\",\"@id\":\"https:\/\/vieassociative.be\/actualites\/#\/schema\/person\/image\/\",\"url\":\"https:\/\/vieassociative.be\/actualites\/wp-content\/uploads\/2024\/09\/vie-associative-1-150x150.jpg\",\"contentUrl\":\"https:\/\/vieassociative.be\/actualites\/wp-content\/uploads\/2024\/09\/vie-associative-1-150x150.jpg\",\"caption\":\"Julien\"},\"description\":\"Je suis Julien, r\u00e9dacteur pour Vie Associative. Passionn\u00e9 par le monde associatif depuis plus de 10 ans, j'ai \u00e0 c\u0153ur de partager des histoires inspirantes et de mettre en lumi\u00e8re les initiatives locales. Mon objectif est de sensibiliser et d'encourager l'engagement communautaire \u00e0 travers mes articles.\",\"sameAs\":[\"https:\/\/vieassociative.be\/\"]}]}<\/script>\n<!-- \/ Yoast SEO plugin. -->","yoast_head_json":{"title":"10 personnes au tribunal de Paris pour avoir r\u00e9pandu des rumeurs trans sur Brigitte, l'\u00e9pouse de Macron | Vie Associative","robots":{"index":"index","follow":"follow","max-snippet":"max-snippet:-1","max-image-preview":"max-image-preview:large","max-video-preview":"max-video-preview:-1"},"canonical":"https:\/\/vieassociative.be\/actualites\/10-personnes-au-tribunal-de-paris-pour-avoir-repandu-des-rumeurs-trans-sur-brigitte-lepouse-de-macron\/","og_locale":"fr_FR","og_type":"article","og_title":"10 personnes au tribunal de Paris pour avoir r\u00e9pandu des rumeurs trans sur Brigitte, l'\u00e9pouse de Macron | Vie Associative","og_description":"Harc\u00e8lement en ligne contre Brigitte Macron : dix personnes accus\u00e9es d&rsquo;avoir r\u00e9pandu la rumeur selon laquelle l&rsquo;\u00e9pouse du pr\u00e9sident fran\u00e7ais \u00e9tait un homme ou une","og_url":"https:\/\/vieassociative.be\/actualites\/10-personnes-au-tribunal-de-paris-pour-avoir-repandu-des-rumeurs-trans-sur-brigitte-lepouse-de-macron\/","og_site_name":"Vie Associative","article_published_time":"2025-10-27T14:17:03+00:00","og_image":[{"width":279,"height":92,"url":"https:\/\/vieassociative.be\/actualites\/wp-content\/uploads\/2024\/09\/header_backgroundk-01-e1726694325946.png","type":"image\/png"}],"author":"Julien","twitter_card":"summary_large_image","twitter_misc":{"\u00c9crit par":"Julien","Dur\u00e9e de lecture est.":"4 minutes"},"schema":{"@context":"https:\/\/schema.org","@graph":[{"@type":"Article","@id":"https:\/\/vieassociative.be\/actualites\/10-personnes-au-tribunal-de-paris-pour-avoir-repandu-des-rumeurs-trans-sur-brigitte-lepouse-de-macron\/#article","isPartOf":{"@id":"https:\/\/vieassociative.be\/actualites\/10-personnes-au-tribunal-de-paris-pour-avoir-repandu-des-rumeurs-trans-sur-brigitte-lepouse-de-macron\/"},"author":{"name":"Julien","@id":"https:\/\/vieassociative.be\/actualites\/#\/schema\/person\/b87ac4f82f9d4e7b7cec7395b679edc4"},"headline":"10 personnes au tribunal de Paris pour avoir r\u00e9pandu des rumeurs trans sur Brigitte, l&rsquo;\u00e9pouse de Macron","datePublished":"2025-10-27T14:17:03+00:00","dateModified":"2025-10-27T14:17:03+00:00","mainEntityOfPage":{"@id":"https:\/\/vieassociative.be\/actualites\/10-personnes-au-tribunal-de-paris-pour-avoir-repandu-des-rumeurs-trans-sur-brigitte-lepouse-de-macron\/"},"wordCount":775,"publisher":{"@id":"https:\/\/vieassociative.be\/actualites\/#organization"},"image":{"@id":"https:\/\/vieassociative.be\/actualites\/10-personnes-au-tribunal-de-paris-pour-avoir-repandu-des-rumeurs-trans-sur-brigitte-lepouse-de-macron\/#primaryimage"},"thumbnailUrl":"https:\/\/vieassociative.be\/actualites\/wp-content\/uploads\/2025\/10\/1761574623_10-personnes-au-tribunal-de-Paris-pour-avoir-repandu-des.jpg","keywords":["avoir","Brigitte","Des","l\u00e9pouse","Macron","Paris","personnes","pour","r\u00e9pandu","rumeurs","sur","trans","tribunal"],"articleSection":["Belgique"],"inLanguage":"fr-BE"},{"@type":"WebPage","@id":"https:\/\/vieassociative.be\/actualites\/10-personnes-au-tribunal-de-paris-pour-avoir-repandu-des-rumeurs-trans-sur-brigitte-lepouse-de-macron\/","url":"https:\/\/vieassociative.be\/actualites\/10-personnes-au-tribunal-de-paris-pour-avoir-repandu-des-rumeurs-trans-sur-brigitte-lepouse-de-macron\/","name":"10 personnes au tribunal de Paris pour avoir r\u00e9pandu des rumeurs trans sur Brigitte, l'\u00e9pouse de Macron | Vie Associative","isPartOf":{"@id":"https:\/\/vieassociative.be\/actualites\/#website"},"primaryImageOfPage":{"@id":"https:\/\/vieassociative.be\/actualites\/10-personnes-au-tribunal-de-paris-pour-avoir-repandu-des-rumeurs-trans-sur-brigitte-lepouse-de-macron\/#primaryimage"},"image":{"@id":"https:\/\/vieassociative.be\/actualites\/10-personnes-au-tribunal-de-paris-pour-avoir-repandu-des-rumeurs-trans-sur-brigitte-lepouse-de-macron\/#primaryimage"},"thumbnailUrl":"https:\/\/vieassociative.be\/actualites\/wp-content\/uploads\/2025\/10\/1761574623_10-personnes-au-tribunal-de-Paris-pour-avoir-repandu-des.jpg","datePublished":"2025-10-27T14:17:03+00:00","dateModified":"2025-10-27T14:17:03+00:00","breadcrumb":{"@id":"https:\/\/vieassociative.be\/actualites\/10-personnes-au-tribunal-de-paris-pour-avoir-repandu-des-rumeurs-trans-sur-brigitte-lepouse-de-macron\/#breadcrumb"},"inLanguage":"fr-BE","potentialAction":[{"@type":"ReadAction","target":["https:\/\/vieassociative.be\/actualites\/10-personnes-au-tribunal-de-paris-pour-avoir-repandu-des-rumeurs-trans-sur-brigitte-lepouse-de-macron\/"]}]},{"@type":"ImageObject","inLanguage":"fr-BE","@id":"https:\/\/vieassociative.be\/actualites\/10-personnes-au-tribunal-de-paris-pour-avoir-repandu-des-rumeurs-trans-sur-brigitte-lepouse-de-macron\/#primaryimage","url":"https:\/\/vieassociative.be\/actualites\/wp-content\/uploads\/2025\/10\/1761574623_10-personnes-au-tribunal-de-Paris-pour-avoir-repandu-des.jpg","contentUrl":"https:\/\/vieassociative.be\/actualites\/wp-content\/uploads\/2025\/10\/1761574623_10-personnes-au-tribunal-de-Paris-pour-avoir-repandu-des.jpg","width":1200,"height":800,"caption":"10 personnes au tribunal de Paris pour avoir r\u00e9pandu des rumeurs trans sur Brigitte, l'\u00e9pouse de Macron"},{"@type":"BreadcrumbList","@id":"https:\/\/vieassociative.be\/actualites\/10-personnes-au-tribunal-de-paris-pour-avoir-repandu-des-rumeurs-trans-sur-brigitte-lepouse-de-macron\/#breadcrumb","itemListElement":[{"@type":"ListItem","position":1,"name":"Accueil","item":"https:\/\/vieassociative.be\/actualites\/"},{"@type":"ListItem","position":2,"name":"10 personnes au tribunal de Paris pour avoir r\u00e9pandu des rumeurs trans sur Brigitte, l&rsquo;\u00e9pouse de Macron"}]},{"@type":"WebSite","@id":"https:\/\/vieassociative.be\/actualites\/#website","url":"https:\/\/vieassociative.be\/actualites\/","name":"Vie Associative","description":"","publisher":{"@id":"https:\/\/vieassociative.be\/actualites\/#organization"},"potentialAction":[{"@type":"SearchAction","target":{"@type":"EntryPoint","urlTemplate":"https:\/\/vieassociative.be\/actualites\/?s={search_term_string}"},"query-input":{"@type":"PropertyValueSpecification","valueRequired":true,"valueName":"search_term_string"}}],"inLanguage":"fr-BE"},{"@type":"Organization","@id":"https:\/\/vieassociative.be\/actualites\/#organization","name":"Vie Associative","url":"https:\/\/vieassociative.be\/actualites\/","logo":{"@type":"ImageObject","inLanguage":"fr-BE","@id":"https:\/\/vieassociative.be\/actualites\/#\/schema\/logo\/image\/","url":"https:\/\/vieassociative.be\/actualites\/wp-content\/uploads\/2024\/09\/cropped-vieassociative_favicon.ico.png","contentUrl":"https:\/\/vieassociative.be\/actualites\/wp-content\/uploads\/2024\/09\/cropped-vieassociative_favicon.ico.png","width":512,"height":512,"caption":"Vie Associative"},"image":{"@id":"https:\/\/vieassociative.be\/actualites\/#\/schema\/logo\/image\/"}},{"@type":"Person","@id":"https:\/\/vieassociative.be\/actualites\/#\/schema\/person\/b87ac4f82f9d4e7b7cec7395b679edc4","name":"Julien","image":{"@type":"ImageObject","inLanguage":"fr-BE","@id":"https:\/\/vieassociative.be\/actualites\/#\/schema\/person\/image\/","url":"https:\/\/vieassociative.be\/actualites\/wp-content\/uploads\/2024\/09\/vie-associative-1-150x150.jpg","contentUrl":"https:\/\/vieassociative.be\/actualites\/wp-content\/uploads\/2024\/09\/vie-associative-1-150x150.jpg","caption":"Julien"},"description":"Je suis Julien, r\u00e9dacteur pour Vie Associative. Passionn\u00e9 par le monde associatif depuis plus de 10 ans, j'ai \u00e0 c\u0153ur de partager des histoires inspirantes et de mettre en lumi\u00e8re les initiatives locales. Mon objectif est de sensibiliser et d'encourager l'engagement communautaire \u00e0 travers mes articles.","sameAs":["https:\/\/vieassociative.be\/"]}]}},"_links":{"self":[{"href":"https:\/\/vieassociative.be\/actualites\/wp-json\/wp\/v2\/posts\/10935"}],"collection":[{"href":"https:\/\/vieassociative.be\/actualites\/wp-json\/wp\/v2\/posts"}],"about":[{"href":"https:\/\/vieassociative.be\/actualites\/wp-json\/wp\/v2\/types\/post"}],"author":[{"embeddable":true,"href":"https:\/\/vieassociative.be\/actualites\/wp-json\/wp\/v2\/users\/1"}],"replies":[{"embeddable":true,"href":"https:\/\/vieassociative.be\/actualites\/wp-json\/wp\/v2\/comments?post=10935"}],"version-history":[{"count":0,"href":"https:\/\/vieassociative.be\/actualites\/wp-json\/wp\/v2\/posts\/10935\/revisions"}],"wp:featuredmedia":[{"embeddable":true,"href":"https:\/\/vieassociative.be\/actualites\/wp-json\/wp\/v2\/media\/10936"}],"wp:attachment":[{"href":"https:\/\/vieassociative.be\/actualites\/wp-json\/wp\/v2\/media?parent=10935"}],"wp:term":[{"taxonomy":"category","embeddable":true,"href":"https:\/\/vieassociative.be\/actualites\/wp-json\/wp\/v2\/categories?post=10935"},{"taxonomy":"post_tag","embeddable":true,"href":"https:\/\/vieassociative.be\/actualites\/wp-json\/wp\/v2\/tags?post=10935"}],"curies":[{"name":"wp","href":"https:\/\/api.w.org\/{rel}","templated":true}]}}