{"id":10933,"date":"2025-10-27T14:18:06","date_gmt":"2025-10-27T13:18:06","guid":{"rendered":"https:\/\/vieassociative.be\/actualites\/cette-camera-de-securite-exterieure-eufy-sans-abonnement-coute-actuellement-plus-de-100\/"},"modified":"2025-10-27T14:18:06","modified_gmt":"2025-10-27T13:18:06","slug":"cette-camera-de-securite-exterieure-eufy-sans-abonnement-coute-actuellement-plus-de-100","status":"publish","type":"post","link":"https:\/\/vieassociative.be\/actualites\/cette-camera-de-securite-exterieure-eufy-sans-abonnement-coute-actuellement-plus-de-100\/","title":{"rendered":"Cette cam\u00e9ra de s\u00e9curit\u00e9 ext\u00e9rieure Eufy sans abonnement co\u00fbte actuellement plus de 100 $"},"content":{"rendered":"<div class=\"mt-4 leading-6 md:mb-8\">Un choix solide \u00e0 long terme pour tous ceux qui souhaitent une surveillance intelligente sans frais permanents.<\/div>\n<p><\/p>\n<p>L&rsquo;Eufy SoloCam S340 est con\u00e7ue pour les personnes qui souhaitent un contr\u00f4le total sur la s\u00e9curit\u00e9 de leur maison sans engagement d&rsquo;abonnement mensuel. D\u00e9sormais \u00e0 223,99 $ chez Walmart, contre 349,99 $, soit environ 55 $ de moins que le prix actuel d&rsquo;Amazon de 279,98 $ (et un plus bas historique, selon les trackers de prix), cette cam\u00e9ra de s\u00e9curit\u00e9 ext\u00e9rieure pour la maison offre une r\u00e9solution 3K, une couverture \u00e0 360 degr\u00e9s et un fonctionnement \u00e0 l&rsquo;\u00e9nergie solaire. Sa configuration \u00e0 deux objectifs capture \u00e0 la fois des images grand angle et zoom\u00e9es avec une clart\u00e9 surprenante. Vous pouvez facilement l&rsquo;installer n&rsquo;importe o\u00f9 : le panneau solaire se connecte via un c\u00e2ble USB-C de 10 pieds ou se place parfaitement sur le dessus, la configuration est donc aussi simple que de choisir un endroit. Comme notre critique l&rsquo;a dit dans sa critique, \u00ab\u00a0choisir o\u00f9 placer la SoloCam S340 sera la partie la plus difficile de son installation\u00a0\u00bb.<\/p>\n<div class=\"pogoClear mb-12 mt-10 rounded-md border-2 border-gray-100 py-7 shadow-xl md:py-6\">\n<div class=\"flex flex-wrap justify-between px-7 text-black no-underline md:flex-nowrap md:px-8\">\n<div class=\"order-1 mx-auto flex flex-col justify-center md:order-2 md:ml-4 md:w-full md:grow\">\n<div class=\"block cursor-pointer text-center font-akshar text-2xl font-medium leading-7 text-brand-green duration-200 ease-in-out hover:text-brand-green-700 md:text-left md:text-xl md:leading-6\">eufy Security SoloCam S340 avec HomeBase 3, surveillance \u00e0 360\u00b0, Wi-Fi 2,4 GHz, sans frais mensuels\n                <\/div>\n<div class=\"mt-4 hidden md:flex md:justify-between\">\n<div class=\"self-end\">\n<div class=\"mb-0 h-11 md:flex md:flex-col md:justify-center\">\n<div class=\" font-sans leading-4 text-black\">\n<div class=\"flex flex-wrap items-center justify-center gap-1 md:justify-start\">\n        <span class=\"font-bold\"><\/p>\n<p>            223,99\u00a0$<br \/>\n                            <span class=\"font-medium\">chez Walmart<\/span><br \/>\n                    <\/span>\n            <\/div>\n<div class=\"flex items-center justify-center gap-x-1 font-bold md:justify-start\">\n            <span class=\"text-sm line-through\">349,99\u00a0$<\/span><br \/>\n            <span class=\"text-sm text-brand-green\">\u00c9conomisez 126,00\u00a0$<\/span>\n        <\/div>\n<\/p><\/div>\n<\/p><\/div>\n<\/p><\/div>\n<div class=\"w-44 self-end\">\n                            <button class=\"flex justify-center items-center w-full bg-brand-green text-white text-base font-sans font-medium rounded-md hover:bg-brand-green-700 hover:cursor-pointer md:text-sm h-11\"><\/p>\n<p>    Obtenez une offre<br \/>\n<\/button>\n                        <\/div>\n<\/p><\/div>\n<\/p><\/div>\n<div class=\"order-2 mt-5 h-auto w-full md:order-1 md:mt-0 md:hidden\">\n<div class=\"flex aspect-video items-center justify-center\">\n                                            <img decoding=\"async\" class=\"m-0 max-h-full max-w-full rounded-md\" src=\"https:\/\/vieassociative.be\/actualites\/wp-content\/uploads\/2025\/10\/Cette-camera-de-securite-exterieure-Eufy-sans-abonnement-coute-actuellement.png\" alt=\"eufy Security SoloCam S340 avec HomeBase 3, surveillance \u00e0 360\u00b0, Wi-Fi 2,4 GHz, sans frais mensuels\" width=\"auto\" height=\"auto\" loading=\"lazy\">\n                                    <\/div>\n<\/p><\/div>\n<div class=\"order-2 ml-2 hidden w-32 shrink-0 items-center md:order-1 md:ml-0 md:flex\">\n<div class=\"flex aspect-video items-center justify-center\">\n                                            <img decoding=\"async\" class=\"m-0 max-h-full max-w-full rounded-md\" src=\"https:\/\/vieassociative.be\/actualites\/wp-content\/uploads\/2025\/10\/Cette-camera-de-securite-exterieure-Eufy-sans-abonnement-coute-actuellement.png\" alt=\"eufy Security SoloCam S340 avec HomeBase 3, surveillance \u00e0 360\u00b0, Wi-Fi 2,4 GHz, sans frais mensuels\" width=\"auto\" height=\"auto\" loading=\"lazy\">\n                                    <\/div>\n<\/p><\/div>\n<div class=\"order-3 flex grow flex-wrap md:hidden md:grow-0\">\n<div class=\"mt-4 w-full\">\n                        <button class=\"flex justify-center items-center w-full bg-brand-green text-white text-base font-sans font-medium rounded-md hover:bg-brand-green-700 hover:cursor-pointer md:text-sm h-11\"><\/p>\n<p>    Obtenez une offre<br \/>\n<\/button>\n                    <\/div>\n<div class=\"mx-2 mt-4 w-full\">\n<div class=\" font-sans leading-4 text-black\">\n<div class=\"flex flex-wrap items-center justify-center gap-1 md:justify-start\">\n        <span class=\"font-bold\"><\/p>\n<p>            223,99\u00a0$<br \/>\n                            <span class=\"font-medium\">chez Walmart<\/span><br \/>\n                    <\/span>\n            <\/div>\n<div class=\"flex items-center justify-center gap-x-1 font-bold md:justify-start\">\n            <span class=\"text-sm line-through\">349,99\u00a0$<\/span><br \/>\n            <span class=\"text-sm text-brand-green\">\u00c9conomisez 126,00\u00a0$<\/span>\n        <\/div>\n<\/p><\/div>\n<\/p><\/div>\n<\/p><\/div>\n<\/p><\/div>\n<\/div>\n<p>Du point de vue de la conception, l\u2019appareil photo semble aussi robuste qu\u2019il semble. Le bo\u00eetier r\u00e9sistant aux intemp\u00e9ries class\u00e9 IP67 le rend s\u00fbr pour toutes les saisons, et la base motoris\u00e9e permet un panoramique horizontal \u00e0 360 degr\u00e9s et une inclinaison verticale \u00e0 70 degr\u00e9s. Cette flexibilit\u00e9 vous offre une couverture compl\u00e8te de la cour ou de l&rsquo;all\u00e9e, et vous pouvez contr\u00f4ler la vue \u00e0 distance via l&rsquo;application Eufy Security, dot\u00e9e d&rsquo;un joystick virtuel et de \u00ab stations \u00bb pr\u00e9d\u00e9finies pour un repositionnement rapide. La configuration \u00e0 double objectif signifie que vous pouvez voir \u00e0 la fois la vue d&rsquo;ensemble et les d\u00e9tails fins que vous manqueriez normalement, comme la plaque d&rsquo;immatriculation d&rsquo;une voiture qui passe ou un \u00e9cureuil qui attaque vos plantes. La vision nocturne couleur et le projecteur int\u00e9gr\u00e9 rendent la surveillance en basse lumi\u00e8re \u00e9tonnamment claire, tandis que l&rsquo;audio bidirectionnel vous permet de parler \u00e0 travers la cam\u00e9ra en temps r\u00e9el.<\/p>\n<p>Tout est enregistr\u00e9 localement, gr\u00e2ce au stockage int\u00e9gr\u00e9 ou au hub HomeBase 3 inclus, qui peut contenir jusqu&rsquo;\u00e0 16 To via USB. Cela signifie que vous b\u00e9n\u00e9ficiez d&rsquo;une d\u00e9tection de mouvement intelligente, d&rsquo;alertes humaines et de v\u00e9hicules et d&rsquo;un acc\u00e8s complet aux enregistrements sans jamais payer de frais d&rsquo;abonnement mensuels. Cela dit, il y a quelques \u00e9l\u00e9ments \u00e0 consid\u00e9rer. Il ne prend pas en charge Apple HomeKit ou Matter, et le chargement des clips et l&rsquo;acc\u00e8s aux flux en direct peuvent parfois \u00eatre retard\u00e9s, notamment \u00e0 distance. Mais associ\u00e9 \u00e0 Alexa ou Google Assistant, il est toujours facile de g\u00e9rer les mains libres, note cette revue PCMag.<\/p>\n<hr>\n","protected":false},"excerpt":{"rendered":"<p>Un choix solide \u00e0 long terme pour tous ceux qui souhaitent une surveillance intelligente sans frais permanents. L&rsquo;Eufy SoloCam S340 est con\u00e7ue pour les personnes<\/p>\n","protected":false},"author":1,"featured_media":10934,"comment_status":"","ping_status":"","sticky":false,"template":"","format":"standard","meta":{"footnotes":""},"categories":[13],"tags":[228,19,1487,206,1122,8585,7167,130,151],"class_list":["post-10933","post","type-post","status-publish","format-standard","has-post-thumbnail","hentry","category-technologie","tag-abonnement","tag-actuellement","tag-camera","tag-cette","tag-coute","tag-eufy","tag-exterieure","tag-sans","tag-securite","generate-columns","tablet-grid-50","mobile-grid-100","grid-parent","grid-33"],"yoast_head":"<!-- This site is optimized with the Yoast SEO plugin v24.0 - https:\/\/yoast.com\/wordpress\/plugins\/seo\/ -->\n<title>Cette cam\u00e9ra de s\u00e9curit\u00e9 ext\u00e9rieure Eufy sans abonnement co\u00fbte actuellement plus de 100 $ | Vie Associative<\/title>\n<meta name=\"robots\" content=\"index, follow, max-snippet:-1, max-image-preview:large, max-video-preview:-1\" \/>\n<link rel=\"canonical\" href=\"https:\/\/vieassociative.be\/actualites\/cette-camera-de-securite-exterieure-eufy-sans-abonnement-coute-actuellement-plus-de-100\/\" \/>\n<meta property=\"og:locale\" content=\"fr_FR\" \/>\n<meta property=\"og:type\" content=\"article\" \/>\n<meta property=\"og:title\" content=\"Cette cam\u00e9ra de s\u00e9curit\u00e9 ext\u00e9rieure Eufy sans abonnement co\u00fbte actuellement plus de 100 $ | Vie Associative\" \/>\n<meta property=\"og:description\" content=\"Un choix solide \u00e0 long terme pour tous ceux qui souhaitent une surveillance intelligente sans frais permanents. L&rsquo;Eufy SoloCam S340 est con\u00e7ue pour les personnes\" \/>\n<meta property=\"og:url\" content=\"https:\/\/vieassociative.be\/actualites\/cette-camera-de-securite-exterieure-eufy-sans-abonnement-coute-actuellement-plus-de-100\/\" \/>\n<meta property=\"og:site_name\" content=\"Vie Associative\" \/>\n<meta property=\"article:published_time\" content=\"2025-10-27T13:18:06+00:00\" \/>\n<meta property=\"og:image\" content=\"https:\/\/vieassociative.be\/actualites\/wp-content\/uploads\/2025\/10\/Cette-camera-de-securite-exterieure-Eufy-sans-abonnement-coute-actuellement.png\" \/>\n<meta name=\"author\" content=\"Julien\" \/>\n<meta name=\"twitter:card\" content=\"summary_large_image\" \/>\n<meta name=\"twitter:label1\" content=\"\u00c9crit par\" \/>\n\t<meta name=\"twitter:data1\" content=\"Julien\" \/>\n\t<meta name=\"twitter:label2\" content=\"Dur\u00e9e de lecture est.\" \/>\n\t<meta name=\"twitter:data2\" content=\"2 minutes\" \/>\n<script type=\"application\/ld+json\" class=\"yoast-schema-graph\">{\"@context\":\"https:\/\/schema.org\",\"@graph\":[{\"@type\":\"Article\",\"@id\":\"https:\/\/vieassociative.be\/actualites\/cette-camera-de-securite-exterieure-eufy-sans-abonnement-coute-actuellement-plus-de-100\/#article\",\"isPartOf\":{\"@id\":\"https:\/\/vieassociative.be\/actualites\/cette-camera-de-securite-exterieure-eufy-sans-abonnement-coute-actuellement-plus-de-100\/\"},\"author\":{\"name\":\"Julien\",\"@id\":\"https:\/\/vieassociative.be\/actualites\/#\/schema\/person\/b87ac4f82f9d4e7b7cec7395b679edc4\"},\"headline\":\"Cette cam\u00e9ra de s\u00e9curit\u00e9 ext\u00e9rieure Eufy sans abonnement co\u00fbte actuellement plus de 100 $\",\"datePublished\":\"2025-10-27T13:18:06+00:00\",\"dateModified\":\"2025-10-27T13:18:06+00:00\",\"mainEntityOfPage\":{\"@id\":\"https:\/\/vieassociative.be\/actualites\/cette-camera-de-securite-exterieure-eufy-sans-abonnement-coute-actuellement-plus-de-100\/\"},\"wordCount\":507,\"publisher\":{\"@id\":\"https:\/\/vieassociative.be\/actualites\/#organization\"},\"image\":{\"@id\":\"https:\/\/vieassociative.be\/actualites\/cette-camera-de-securite-exterieure-eufy-sans-abonnement-coute-actuellement-plus-de-100\/#primaryimage\"},\"thumbnailUrl\":\"https:\/\/vieassociative.be\/actualites\/wp-content\/uploads\/2025\/10\/1761571087_Cette-camera-de-securite-exterieure-Eufy-sans-abonnement-coute-actuellement.png\",\"keywords\":[\"abonnement\",\"actuellement\",\"cam\u00e9ra\",\"cette\",\"co\u00fbte\",\"EUFY\",\"ext\u00e9rieure\",\"sans\",\"s\u00e9curit\u00e9\"],\"articleSection\":[\"Technologie\"],\"inLanguage\":\"fr-BE\"},{\"@type\":\"WebPage\",\"@id\":\"https:\/\/vieassociative.be\/actualites\/cette-camera-de-securite-exterieure-eufy-sans-abonnement-coute-actuellement-plus-de-100\/\",\"url\":\"https:\/\/vieassociative.be\/actualites\/cette-camera-de-securite-exterieure-eufy-sans-abonnement-coute-actuellement-plus-de-100\/\",\"name\":\"Cette cam\u00e9ra de s\u00e9curit\u00e9 ext\u00e9rieure Eufy sans abonnement co\u00fbte actuellement plus de 100 $ | Vie Associative\",\"isPartOf\":{\"@id\":\"https:\/\/vieassociative.be\/actualites\/#website\"},\"primaryImageOfPage\":{\"@id\":\"https:\/\/vieassociative.be\/actualites\/cette-camera-de-securite-exterieure-eufy-sans-abonnement-coute-actuellement-plus-de-100\/#primaryimage\"},\"image\":{\"@id\":\"https:\/\/vieassociative.be\/actualites\/cette-camera-de-securite-exterieure-eufy-sans-abonnement-coute-actuellement-plus-de-100\/#primaryimage\"},\"thumbnailUrl\":\"https:\/\/vieassociative.be\/actualites\/wp-content\/uploads\/2025\/10\/1761571087_Cette-camera-de-securite-exterieure-Eufy-sans-abonnement-coute-actuellement.png\",\"datePublished\":\"2025-10-27T13:18:06+00:00\",\"dateModified\":\"2025-10-27T13:18:06+00:00\",\"breadcrumb\":{\"@id\":\"https:\/\/vieassociative.be\/actualites\/cette-camera-de-securite-exterieure-eufy-sans-abonnement-coute-actuellement-plus-de-100\/#breadcrumb\"},\"inLanguage\":\"fr-BE\",\"potentialAction\":[{\"@type\":\"ReadAction\",\"target\":[\"https:\/\/vieassociative.be\/actualites\/cette-camera-de-securite-exterieure-eufy-sans-abonnement-coute-actuellement-plus-de-100\/\"]}]},{\"@type\":\"ImageObject\",\"inLanguage\":\"fr-BE\",\"@id\":\"https:\/\/vieassociative.be\/actualites\/cette-camera-de-securite-exterieure-eufy-sans-abonnement-coute-actuellement-plus-de-100\/#primaryimage\",\"url\":\"https:\/\/vieassociative.be\/actualites\/wp-content\/uploads\/2025\/10\/1761571087_Cette-camera-de-securite-exterieure-Eufy-sans-abonnement-coute-actuellement.png\",\"contentUrl\":\"https:\/\/vieassociative.be\/actualites\/wp-content\/uploads\/2025\/10\/1761571087_Cette-camera-de-securite-exterieure-Eufy-sans-abonnement-coute-actuellement.png\",\"width\":1200,\"height\":675,\"caption\":\"Cette cam\u00e9ra de s\u00e9curit\u00e9 ext\u00e9rieure Eufy sans abonnement co\u00fbte actuellement plus de 100 $\"},{\"@type\":\"BreadcrumbList\",\"@id\":\"https:\/\/vieassociative.be\/actualites\/cette-camera-de-securite-exterieure-eufy-sans-abonnement-coute-actuellement-plus-de-100\/#breadcrumb\",\"itemListElement\":[{\"@type\":\"ListItem\",\"position\":1,\"name\":\"Accueil\",\"item\":\"https:\/\/vieassociative.be\/actualites\/\"},{\"@type\":\"ListItem\",\"position\":2,\"name\":\"Cette cam\u00e9ra de s\u00e9curit\u00e9 ext\u00e9rieure Eufy sans abonnement co\u00fbte actuellement plus de 100 $\"}]},{\"@type\":\"WebSite\",\"@id\":\"https:\/\/vieassociative.be\/actualites\/#website\",\"url\":\"https:\/\/vieassociative.be\/actualites\/\",\"name\":\"Vie Associative\",\"description\":\"\",\"publisher\":{\"@id\":\"https:\/\/vieassociative.be\/actualites\/#organization\"},\"potentialAction\":[{\"@type\":\"SearchAction\",\"target\":{\"@type\":\"EntryPoint\",\"urlTemplate\":\"https:\/\/vieassociative.be\/actualites\/?s={search_term_string}\"},\"query-input\":{\"@type\":\"PropertyValueSpecification\",\"valueRequired\":true,\"valueName\":\"search_term_string\"}}],\"inLanguage\":\"fr-BE\"},{\"@type\":\"Organization\",\"@id\":\"https:\/\/vieassociative.be\/actualites\/#organization\",\"name\":\"Vie Associative\",\"url\":\"https:\/\/vieassociative.be\/actualites\/\",\"logo\":{\"@type\":\"ImageObject\",\"inLanguage\":\"fr-BE\",\"@id\":\"https:\/\/vieassociative.be\/actualites\/#\/schema\/logo\/image\/\",\"url\":\"https:\/\/vieassociative.be\/actualites\/wp-content\/uploads\/2024\/09\/cropped-vieassociative_favicon.ico.png\",\"contentUrl\":\"https:\/\/vieassociative.be\/actualites\/wp-content\/uploads\/2024\/09\/cropped-vieassociative_favicon.ico.png\",\"width\":512,\"height\":512,\"caption\":\"Vie Associative\"},\"image\":{\"@id\":\"https:\/\/vieassociative.be\/actualites\/#\/schema\/logo\/image\/\"}},{\"@type\":\"Person\",\"@id\":\"https:\/\/vieassociative.be\/actualites\/#\/schema\/person\/b87ac4f82f9d4e7b7cec7395b679edc4\",\"name\":\"Julien\",\"image\":{\"@type\":\"ImageObject\",\"inLanguage\":\"fr-BE\",\"@id\":\"https:\/\/vieassociative.be\/actualites\/#\/schema\/person\/image\/\",\"url\":\"https:\/\/vieassociative.be\/actualites\/wp-content\/uploads\/2024\/09\/vie-associative-1-150x150.jpg\",\"contentUrl\":\"https:\/\/vieassociative.be\/actualites\/wp-content\/uploads\/2024\/09\/vie-associative-1-150x150.jpg\",\"caption\":\"Julien\"},\"description\":\"Je suis Julien, r\u00e9dacteur pour Vie Associative. Passionn\u00e9 par le monde associatif depuis plus de 10 ans, j'ai \u00e0 c\u0153ur de partager des histoires inspirantes et de mettre en lumi\u00e8re les initiatives locales. Mon objectif est de sensibiliser et d'encourager l'engagement communautaire \u00e0 travers mes articles.\",\"sameAs\":[\"https:\/\/vieassociative.be\/\"]}]}<\/script>\n<!-- \/ Yoast SEO plugin. -->","yoast_head_json":{"title":"Cette cam\u00e9ra de s\u00e9curit\u00e9 ext\u00e9rieure Eufy sans abonnement co\u00fbte actuellement plus de 100 $ | Vie Associative","robots":{"index":"index","follow":"follow","max-snippet":"max-snippet:-1","max-image-preview":"max-image-preview:large","max-video-preview":"max-video-preview:-1"},"canonical":"https:\/\/vieassociative.be\/actualites\/cette-camera-de-securite-exterieure-eufy-sans-abonnement-coute-actuellement-plus-de-100\/","og_locale":"fr_FR","og_type":"article","og_title":"Cette cam\u00e9ra de s\u00e9curit\u00e9 ext\u00e9rieure Eufy sans abonnement co\u00fbte actuellement plus de 100 $ | Vie Associative","og_description":"Un choix solide \u00e0 long terme pour tous ceux qui souhaitent une surveillance intelligente sans frais permanents. L&rsquo;Eufy SoloCam S340 est con\u00e7ue pour les personnes","og_url":"https:\/\/vieassociative.be\/actualites\/cette-camera-de-securite-exterieure-eufy-sans-abonnement-coute-actuellement-plus-de-100\/","og_site_name":"Vie Associative","article_published_time":"2025-10-27T13:18:06+00:00","og_image":[{"url":"https:\/\/vieassociative.be\/actualites\/wp-content\/uploads\/2025\/10\/Cette-camera-de-securite-exterieure-Eufy-sans-abonnement-coute-actuellement.png","type":"","width":"","height":""}],"author":"Julien","twitter_card":"summary_large_image","twitter_misc":{"\u00c9crit par":"Julien","Dur\u00e9e de lecture est.":"2 minutes"},"schema":{"@context":"https:\/\/schema.org","@graph":[{"@type":"Article","@id":"https:\/\/vieassociative.be\/actualites\/cette-camera-de-securite-exterieure-eufy-sans-abonnement-coute-actuellement-plus-de-100\/#article","isPartOf":{"@id":"https:\/\/vieassociative.be\/actualites\/cette-camera-de-securite-exterieure-eufy-sans-abonnement-coute-actuellement-plus-de-100\/"},"author":{"name":"Julien","@id":"https:\/\/vieassociative.be\/actualites\/#\/schema\/person\/b87ac4f82f9d4e7b7cec7395b679edc4"},"headline":"Cette cam\u00e9ra de s\u00e9curit\u00e9 ext\u00e9rieure Eufy sans abonnement co\u00fbte actuellement plus de 100 $","datePublished":"2025-10-27T13:18:06+00:00","dateModified":"2025-10-27T13:18:06+00:00","mainEntityOfPage":{"@id":"https:\/\/vieassociative.be\/actualites\/cette-camera-de-securite-exterieure-eufy-sans-abonnement-coute-actuellement-plus-de-100\/"},"wordCount":507,"publisher":{"@id":"https:\/\/vieassociative.be\/actualites\/#organization"},"image":{"@id":"https:\/\/vieassociative.be\/actualites\/cette-camera-de-securite-exterieure-eufy-sans-abonnement-coute-actuellement-plus-de-100\/#primaryimage"},"thumbnailUrl":"https:\/\/vieassociative.be\/actualites\/wp-content\/uploads\/2025\/10\/1761571087_Cette-camera-de-securite-exterieure-Eufy-sans-abonnement-coute-actuellement.png","keywords":["abonnement","actuellement","cam\u00e9ra","cette","co\u00fbte","EUFY","ext\u00e9rieure","sans","s\u00e9curit\u00e9"],"articleSection":["Technologie"],"inLanguage":"fr-BE"},{"@type":"WebPage","@id":"https:\/\/vieassociative.be\/actualites\/cette-camera-de-securite-exterieure-eufy-sans-abonnement-coute-actuellement-plus-de-100\/","url":"https:\/\/vieassociative.be\/actualites\/cette-camera-de-securite-exterieure-eufy-sans-abonnement-coute-actuellement-plus-de-100\/","name":"Cette cam\u00e9ra de s\u00e9curit\u00e9 ext\u00e9rieure Eufy sans abonnement co\u00fbte actuellement plus de 100 $ | Vie Associative","isPartOf":{"@id":"https:\/\/vieassociative.be\/actualites\/#website"},"primaryImageOfPage":{"@id":"https:\/\/vieassociative.be\/actualites\/cette-camera-de-securite-exterieure-eufy-sans-abonnement-coute-actuellement-plus-de-100\/#primaryimage"},"image":{"@id":"https:\/\/vieassociative.be\/actualites\/cette-camera-de-securite-exterieure-eufy-sans-abonnement-coute-actuellement-plus-de-100\/#primaryimage"},"thumbnailUrl":"https:\/\/vieassociative.be\/actualites\/wp-content\/uploads\/2025\/10\/1761571087_Cette-camera-de-securite-exterieure-Eufy-sans-abonnement-coute-actuellement.png","datePublished":"2025-10-27T13:18:06+00:00","dateModified":"2025-10-27T13:18:06+00:00","breadcrumb":{"@id":"https:\/\/vieassociative.be\/actualites\/cette-camera-de-securite-exterieure-eufy-sans-abonnement-coute-actuellement-plus-de-100\/#breadcrumb"},"inLanguage":"fr-BE","potentialAction":[{"@type":"ReadAction","target":["https:\/\/vieassociative.be\/actualites\/cette-camera-de-securite-exterieure-eufy-sans-abonnement-coute-actuellement-plus-de-100\/"]}]},{"@type":"ImageObject","inLanguage":"fr-BE","@id":"https:\/\/vieassociative.be\/actualites\/cette-camera-de-securite-exterieure-eufy-sans-abonnement-coute-actuellement-plus-de-100\/#primaryimage","url":"https:\/\/vieassociative.be\/actualites\/wp-content\/uploads\/2025\/10\/1761571087_Cette-camera-de-securite-exterieure-Eufy-sans-abonnement-coute-actuellement.png","contentUrl":"https:\/\/vieassociative.be\/actualites\/wp-content\/uploads\/2025\/10\/1761571087_Cette-camera-de-securite-exterieure-Eufy-sans-abonnement-coute-actuellement.png","width":1200,"height":675,"caption":"Cette cam\u00e9ra de s\u00e9curit\u00e9 ext\u00e9rieure Eufy sans abonnement co\u00fbte actuellement plus de 100 $"},{"@type":"BreadcrumbList","@id":"https:\/\/vieassociative.be\/actualites\/cette-camera-de-securite-exterieure-eufy-sans-abonnement-coute-actuellement-plus-de-100\/#breadcrumb","itemListElement":[{"@type":"ListItem","position":1,"name":"Accueil","item":"https:\/\/vieassociative.be\/actualites\/"},{"@type":"ListItem","position":2,"name":"Cette cam\u00e9ra de s\u00e9curit\u00e9 ext\u00e9rieure Eufy sans abonnement co\u00fbte actuellement plus de 100 $"}]},{"@type":"WebSite","@id":"https:\/\/vieassociative.be\/actualites\/#website","url":"https:\/\/vieassociative.be\/actualites\/","name":"Vie Associative","description":"","publisher":{"@id":"https:\/\/vieassociative.be\/actualites\/#organization"},"potentialAction":[{"@type":"SearchAction","target":{"@type":"EntryPoint","urlTemplate":"https:\/\/vieassociative.be\/actualites\/?s={search_term_string}"},"query-input":{"@type":"PropertyValueSpecification","valueRequired":true,"valueName":"search_term_string"}}],"inLanguage":"fr-BE"},{"@type":"Organization","@id":"https:\/\/vieassociative.be\/actualites\/#organization","name":"Vie Associative","url":"https:\/\/vieassociative.be\/actualites\/","logo":{"@type":"ImageObject","inLanguage":"fr-BE","@id":"https:\/\/vieassociative.be\/actualites\/#\/schema\/logo\/image\/","url":"https:\/\/vieassociative.be\/actualites\/wp-content\/uploads\/2024\/09\/cropped-vieassociative_favicon.ico.png","contentUrl":"https:\/\/vieassociative.be\/actualites\/wp-content\/uploads\/2024\/09\/cropped-vieassociative_favicon.ico.png","width":512,"height":512,"caption":"Vie Associative"},"image":{"@id":"https:\/\/vieassociative.be\/actualites\/#\/schema\/logo\/image\/"}},{"@type":"Person","@id":"https:\/\/vieassociative.be\/actualites\/#\/schema\/person\/b87ac4f82f9d4e7b7cec7395b679edc4","name":"Julien","image":{"@type":"ImageObject","inLanguage":"fr-BE","@id":"https:\/\/vieassociative.be\/actualites\/#\/schema\/person\/image\/","url":"https:\/\/vieassociative.be\/actualites\/wp-content\/uploads\/2024\/09\/vie-associative-1-150x150.jpg","contentUrl":"https:\/\/vieassociative.be\/actualites\/wp-content\/uploads\/2024\/09\/vie-associative-1-150x150.jpg","caption":"Julien"},"description":"Je suis Julien, r\u00e9dacteur pour Vie Associative. Passionn\u00e9 par le monde associatif depuis plus de 10 ans, j'ai \u00e0 c\u0153ur de partager des histoires inspirantes et de mettre en lumi\u00e8re les initiatives locales. Mon objectif est de sensibiliser et d'encourager l'engagement communautaire \u00e0 travers mes articles.","sameAs":["https:\/\/vieassociative.be\/"]}]}},"_links":{"self":[{"href":"https:\/\/vieassociative.be\/actualites\/wp-json\/wp\/v2\/posts\/10933"}],"collection":[{"href":"https:\/\/vieassociative.be\/actualites\/wp-json\/wp\/v2\/posts"}],"about":[{"href":"https:\/\/vieassociative.be\/actualites\/wp-json\/wp\/v2\/types\/post"}],"author":[{"embeddable":true,"href":"https:\/\/vieassociative.be\/actualites\/wp-json\/wp\/v2\/users\/1"}],"replies":[{"embeddable":true,"href":"https:\/\/vieassociative.be\/actualites\/wp-json\/wp\/v2\/comments?post=10933"}],"version-history":[{"count":0,"href":"https:\/\/vieassociative.be\/actualites\/wp-json\/wp\/v2\/posts\/10933\/revisions"}],"wp:featuredmedia":[{"embeddable":true,"href":"https:\/\/vieassociative.be\/actualites\/wp-json\/wp\/v2\/media\/10934"}],"wp:attachment":[{"href":"https:\/\/vieassociative.be\/actualites\/wp-json\/wp\/v2\/media?parent=10933"}],"wp:term":[{"taxonomy":"category","embeddable":true,"href":"https:\/\/vieassociative.be\/actualites\/wp-json\/wp\/v2\/categories?post=10933"},{"taxonomy":"post_tag","embeddable":true,"href":"https:\/\/vieassociative.be\/actualites\/wp-json\/wp\/v2\/tags?post=10933"}],"curies":[{"name":"wp","href":"https:\/\/api.w.org\/{rel}","templated":true}]}}