{"id":10928,"date":"2025-10-27T08:18:23","date_gmt":"2025-10-27T07:18:23","guid":{"rendered":"https:\/\/vieassociative.be\/actualites\/vous-pouvez-utiliser-votre-iphone-comme-identifiant-dans-ces-12-etats\/"},"modified":"2025-10-27T08:18:23","modified_gmt":"2025-10-27T07:18:23","slug":"vous-pouvez-utiliser-votre-iphone-comme-identifiant-dans-ces-12-etats","status":"publish","type":"post","link":"https:\/\/vieassociative.be\/actualites\/vous-pouvez-utiliser-votre-iphone-comme-identifiant-dans-ces-12-etats\/","title":{"rendered":"Vous pouvez utiliser votre iPhone comme identifiant dans ces 12 \u00c9tats"},"content":{"rendered":"<div class=\"mt-4 leading-6 md:mb-8\">Puis-je arr\u00eater de porter mon permis de conduire partout o\u00f9 je vais\u00a0?<\/div>\n<p><\/p>\n<p>Pourquoi ai-je toujours un portefeuille sur moi ? Mon iPhone peut g\u00e9rer \u00e0 peu pr\u00e8s tout ce pour quoi vous aviez besoin d\u2019un portefeuille traditionnel. La plupart (sinon la totalit\u00e9) de mes achats sont effectu\u00e9s via Apple Pay ou un code QR, mon t\u00e9l\u00e9phone contient toutes mes photos et la plupart de mes re\u00e7us vont directement \u00e0 ma messagerie \u00e9lectronique. Fondamentalement, la seule chose que je garde avec mon portefeuille est de porter ma carte d&rsquo;identit\u00e9. Cependant, une fois que mon \u00c9tat commencera \u00e0 prendre en charge la fonction d&rsquo;identification num\u00e9rique d&rsquo;Apple, les choses changeront entre moi et mon portefeuille, \u00e0 condition que ce support arrive un jour.<\/p>\n<p>Depuis iOS 15.4, Apple vous permet d&rsquo;ajouter un permis de conduire ou une autre pi\u00e8ce d&rsquo;identit\u00e9 d&rsquo;\u00c9tat au portefeuille num\u00e9rique de votre iPhone. Cela ne signifie pas que vous transportez inutilement votre pi\u00e8ce d&rsquo;identit\u00e9 depuis lors\u00a0: les \u00c9tats ont mis du temps \u00e0 d\u00e9ployer leur propre prise en charge de la fonctionnalit\u00e9, et la plupart n&rsquo;ont pas encore sign\u00e9. <\/p>\n<p>Lorsque j\u2019ai abord\u00e9 cette fonctionnalit\u00e9 pour la premi\u00e8re fois en 2022, seuls deux \u00c9tats vous autorisaient activement \u00e0 ajouter votre identifiant \u00e0 votre iPhone, tandis que 10 autres (plus Porto Rico) avaient confirm\u00e9 leur intention d\u2019offrir l\u2019option \u00e0 terme, selon un calendrier vague de \u00ab bient\u00f4t \u00bb. Trois ans plus tard, seuls 9 \u00c9tats et un territoire vous autorisent d\u00e9sormais officiellement \u00e0 ajouter des identifiants \u00e0 Wallet.<\/p>\n<div class=\"mx-auto mb-12 mt-5 w-full max-w-3xl rounded-md border-2 border-gray-100 p-3 shadow-md md:px-7 md:pb-7 md:pt-5\" id=\"related-video\">\n<div class=\"mb-3 flex items-center md:mb-5\">\n        <img decoding=\"async\" class=\"mr-4 mt-0 h-10 w-10 md:mr-5 md:h-12 md:w-12\" src=\"https:\/\/vieassociative.be\/actualites\/wp-content\/uploads\/2025\/09\/1757726237_608_Meta-pourrait-devoiler-une-montre-intelligente-pour-controler-ses-lunettes.jpg\" alt=\"Logo du pirate de la vie\"><\/p><\/div>\n<div class=\"aspect-video w-full overflow-hidden rounded-md\">\n<div id=\"video-container-01K8J8650K4JPPTFWKDJD616JS\"><\/div>\n<\/p><\/div>\n<\/div>\n<h2 id=\"these-states-support-digital-id-now\">Ces \u00c9tats prennent d\u00e9sormais en charge l&rsquo;identification num\u00e9rique<\/h2>\n<p>Voici la liste compl\u00e8te telle qu&rsquo;elle existe en juin 2025\u00a0:<\/p>\n<ul>\n<li>\n<p>Arizona<\/p>\n<\/li>\n<li>\n<p>Californie<\/p>\n<\/li>\n<li>\n<p>Colorado<\/p>\n<\/li>\n<li>\n<p>G\u00e9orgie<\/p>\n<\/li>\n<li>\n<p>Hawaii<\/p>\n<\/li>\n<li>\n<p>Iowa<\/p>\n<\/li>\n<li>\n<p>Maryland<\/p>\n<\/li>\n<li>\n<p>Montana<\/p>\n<\/li>\n<li>\n<p>New Mexico<\/p>\n<\/li>\n<li>\n<p>Dakota du Nord<\/p>\n<\/li>\n<li>\n<p>Ohio<\/p>\n<\/li>\n<li>\n<p>Porto Rico<\/p>\n<\/li>\n<li>\n<p>Virginie occidentale<\/p>\n<\/li>\n<\/ul>\n<h2 id=\"support-is-still-coming-soon-in-these-states\">Le soutien est toujours \u00ab \u00e0 venir \u00bb dans ces \u00c9tats<\/h2>\n<p>Ces \u00c9tats s&rsquo;\u00e9taient initialement engag\u00e9s \u00e0 ce que leur soutien \u00ab arrive bient\u00f4t \u00bb, mais apr\u00e8s pr\u00e8s de trois ans, ils ne se sont toujours pas engag\u00e9s :<\/p>\n<ul>\n<li>\n<p>Connecticut<\/p>\n<\/li>\n<li>\n<p>Kentucky<\/p>\n<\/li>\n<li>\n<p>Mississippi<\/p>\n<\/li>\n<li>\n<p>Oklahoma <\/p>\n<\/li>\n<li>\n<p>Utah<\/p>\n<\/li>\n<\/ul>\n<h2 id=\"airports-where-you-can-use-a-digital-id-in-apple-wallet\">A\u00e9roports o\u00f9 vous pouvez utiliser une identification num\u00e9rique dans Apple Wallet<\/h2>\n<p>Maintenant, soyez pr\u00e9venu\u00a0: vous ne pouvez pas simplement remettre votre iPhone \u00e0 un flic lorsque vous \u00eates arr\u00eat\u00e9. Il existe des cas d&rsquo;utilisation sp\u00e9cifiques et limit\u00e9s pour cette fonctionnalit\u00e9. \u00c0 l\u2019heure actuelle, cela signifie vous identifier \u00e0 l\u2019a\u00e9roport ainsi que dans certaines entreprises. Apple a travaill\u00e9 avec la TSA pour y parvenir, et m\u00eame si elle maintenait une liste active des airpots pris en charge, elle semble l&rsquo;avoir supprim\u00e9e. Voici la liste telle qu&rsquo;elle a \u00e9t\u00e9 mise \u00e0 jour\u00a0:<\/p>\n<ul>\n<li>\n<p>A\u00e9roport international Thurgood Marshall de Baltimore-Washington (BWI)<\/p>\n<\/li>\n<li>\n<p>A\u00e9roport de Cincinnati\/Northern Kentucky (CVG)<\/p>\n<\/li>\n<li>\n<p>A\u00e9roport international Daniel K. Inouye (HNL)<\/p>\n<\/li>\n<li>\n<p>A\u00e9roport international de Denver (DEN)<\/p>\n<\/li>\n<li>\n<p>A\u00e9roport international de Des Moines (DSM)<\/p>\n<\/li>\n<li>\n<p>A\u00e9roport de l&rsquo;Est de l&rsquo;Iowa (CID)<\/p>\n<\/li>\n<li>\n<p>A\u00e9roport international Hartsfield-Jackson d&rsquo;Atlanta (ATL)<\/p>\n<\/li>\n<li>\n<p>A\u00e9roport international John Glenn de Columbus (CMH)<\/p>\n<\/li>\n<li>\n<p>A\u00e9roport international de Los Angeles (LAX)<\/p>\n<\/li>\n<li>\n<p>A\u00e9roport international Luis Mu\u00f1oz Mar\u00edn (SJU)<\/p>\n<\/li>\n<li>\n<p>A\u00e9roport national Ronald Reagan de Washington (DCA)<\/p>\n<\/li>\n<li>\n<p>A\u00e9roport international de Phoenix-Sky Harbor (PHX)<\/p>\n<\/li>\n<li>\n<p>A\u00e9roport international de San Francisco (SFO)<\/p>\n<\/li>\n<li>\n<p>International de San Jos\u00e9 Mineta (SJC)<\/p>\n<\/li>\n<li>\n<p>A\u00e9roport international de Missoula (MSO)<\/p>\n<\/li>\n<li>\n<p>A\u00e9roport international de Great Falls (GTF)<\/p>\n<\/li>\n<li>\n<p>A\u00e9roport international de Bozeman Yellowstone (BZN)<\/p>\n<\/li>\n<li>\n<p>A\u00e9roport international Billings-Logan (BIL)<\/p>\n<\/li>\n<li>\n<p>A\u00e9roport r\u00e9gional du comt\u00e9 de Lea (HOB)<\/p>\n<\/li>\n<li>\n<p>Port solaire international d&rsquo;Albuquerque (ABQ)<\/p>\n<\/li>\n<\/ul>\n<p>Cette fonctionnalit\u00e9 fonctionnera \u00e9galement avec les entreprises participantes pour v\u00e9rifier votre \u00e2ge, notamment les bars, les restaurants, les magasins d&rsquo;alcool, les festivals, les concerts et certaines applications soumises \u00e0 une limite d&rsquo;\u00e2ge. Cependant, il n\u2019existe aucune liste de sites prenant en charge cette fonctionnalit\u00e9.<\/p>\n<h2 id=\"how-to-add-a-digital-id-to-your-iphone\">Comment ajouter une identification num\u00e9rique \u00e0 votre iPhone<\/h2>\n<p>Si vous vivez dans un \u00e9tat pris en charge, la configuration de la fonctionnalit\u00e9 est simple. Ouvrez Wallet, puis appuyez sur le (+) en haut \u00e0 droite, puis choisissez \u00ab\u00a0Permis de conduire et cartes d&rsquo;identit\u00e9\u00a0\u00bb. Choisissez votre \u00e9tat, puis choisissez si vous souhaitez ajouter l&rsquo;identifiant \u00e0 votre iPhone 8 ou version ult\u00e9rieure, ainsi qu&rsquo;\u00e0 votre Apple Watch Series 4 ou version ult\u00e9rieure. (Il y a des mises en garde ici\u00a0: la Californie n\u00e9cessite un iPhone XS ou version ult\u00e9rieure ex\u00e9cutant iOS 17.5 ou version ult\u00e9rieure, ou une Apple Watch Series 4 ex\u00e9cutant au moins watchOS 10. Porto Rico n\u00e9cessite un iPhone XS ou version ult\u00e9rieure ex\u00e9cutant iOS 18.1 ou version ult\u00e9rieure, ou une Apple Watch Series 6 ou version ult\u00e9rieure ex\u00e9cutant watchOS 11 ou version ult\u00e9rieure.)   <\/p>\n<p>Quoi qu&rsquo;il en soit, vous devrez scanner votre pi\u00e8ce d&rsquo;identit\u00e9 avec l&rsquo;appareil photo de votre iPhone, puis scanner votre visage pour prouver votre identit\u00e9. Une fois termin\u00e9, envoyez toutes les informations \u00e0 votre \u00e9tat pour confirmer. Si vous habitez dans le Dakota du Nord, vous devrez payer des frais de 5\u00a0$ pour utiliser cette fonctionnalit\u00e9.  <\/p>\n<div class=\"eloquent-imagery-image\">\n<div class=\"flex justify-center\">\n                    <img decoding=\"async\" class=\"border border-gray-100\" src=\"https:\/\/vieassociative.be\/actualites\/wp-content\/uploads\/2025\/10\/Vous-pouvez-utiliser-votre-iPhone-comme-identifiant-dans-ces-12.png\" alt=\"cartes d'identit\u00e9\" width=\"2000\" height=\"1125\" loading=\"lazy\"  >\n            <\/div>\n<\/p><\/div>\n<p>La prochaine fois que vous prendrez un vol depuis un a\u00e9roport participant, vous pourrez d\u00e9verrouiller votre iPhone et le placer \u00e0 c\u00f4t\u00e9 du scanner d&rsquo;identit\u00e9. Vous verrez votre identification num\u00e9rique appara\u00eetre, avec toutes les informations que vous partagerez avec la TSA si vous l&rsquo;approuvez (nom, date de naissance, sexe, autorit\u00e9 de d\u00e9livrance et dates de d\u00e9livrance et d&rsquo;expiration).<\/p>\n","protected":false},"excerpt":{"rendered":"<p>Puis-je arr\u00eater de porter mon permis de conduire partout o\u00f9 je vais\u00a0? Pourquoi ai-je toujours un portefeuille sur moi ? Mon iPhone peut g\u00e9rer \u00e0<\/p>\n","protected":false},"author":1,"featured_media":10929,"comment_status":"","ping_status":"","sticky":false,"template":"","format":"standard","meta":{"footnotes":""},"categories":[13],"tags":[248,1254,166,3821,9052,652,5,239,8,4],"class_list":["post-10928","post","type-post","status-publish","format-standard","has-post-thumbnail","hentry","category-technologie","tag-ces","tag-comme","tag-dans","tag-etats","tag-identifiant","tag-iphone","tag-pouvez","tag-utiliser","tag-votre","tag-vous","generate-columns","tablet-grid-50","mobile-grid-100","grid-parent","grid-33"],"yoast_head":"<!-- This site is optimized with the Yoast SEO plugin v24.0 - https:\/\/yoast.com\/wordpress\/plugins\/seo\/ -->\n<title>Vous pouvez utiliser votre iPhone comme identifiant dans ces 12 \u00c9tats | Vie Associative<\/title>\n<meta name=\"robots\" content=\"index, follow, max-snippet:-1, max-image-preview:large, max-video-preview:-1\" \/>\n<link rel=\"canonical\" href=\"https:\/\/vieassociative.be\/actualites\/vous-pouvez-utiliser-votre-iphone-comme-identifiant-dans-ces-12-etats\/\" \/>\n<meta property=\"og:locale\" content=\"fr_FR\" \/>\n<meta property=\"og:type\" content=\"article\" \/>\n<meta property=\"og:title\" content=\"Vous pouvez utiliser votre iPhone comme identifiant dans ces 12 \u00c9tats | Vie Associative\" \/>\n<meta property=\"og:description\" content=\"Puis-je arr\u00eater de porter mon permis de conduire partout o\u00f9 je vais\u00a0? Pourquoi ai-je toujours un portefeuille sur moi ? Mon iPhone peut g\u00e9rer \u00e0\" \/>\n<meta property=\"og:url\" content=\"https:\/\/vieassociative.be\/actualites\/vous-pouvez-utiliser-votre-iphone-comme-identifiant-dans-ces-12-etats\/\" \/>\n<meta property=\"og:site_name\" content=\"Vie Associative\" \/>\n<meta property=\"article:published_time\" content=\"2025-10-27T07:18:23+00:00\" \/>\n<meta property=\"og:image\" content=\"https:\/\/vieassociative.be\/actualites\/wp-content\/uploads\/2025\/09\/1757726237_608_Meta-pourrait-devoiler-une-montre-intelligente-pour-controler-ses-lunettes.jpg\" \/>\n<meta name=\"author\" content=\"Julien\" \/>\n<meta name=\"twitter:card\" content=\"summary_large_image\" \/>\n<meta name=\"twitter:label1\" content=\"\u00c9crit par\" \/>\n\t<meta name=\"twitter:data1\" content=\"Julien\" \/>\n\t<meta name=\"twitter:label2\" content=\"Dur\u00e9e de lecture est.\" \/>\n\t<meta name=\"twitter:data2\" content=\"4 minutes\" \/>\n<script type=\"application\/ld+json\" class=\"yoast-schema-graph\">{\"@context\":\"https:\/\/schema.org\",\"@graph\":[{\"@type\":\"Article\",\"@id\":\"https:\/\/vieassociative.be\/actualites\/vous-pouvez-utiliser-votre-iphone-comme-identifiant-dans-ces-12-etats\/#article\",\"isPartOf\":{\"@id\":\"https:\/\/vieassociative.be\/actualites\/vous-pouvez-utiliser-votre-iphone-comme-identifiant-dans-ces-12-etats\/\"},\"author\":{\"name\":\"Julien\",\"@id\":\"https:\/\/vieassociative.be\/actualites\/#\/schema\/person\/b87ac4f82f9d4e7b7cec7395b679edc4\"},\"headline\":\"Vous pouvez utiliser votre iPhone comme identifiant dans ces 12 \u00c9tats\",\"datePublished\":\"2025-10-27T07:18:23+00:00\",\"dateModified\":\"2025-10-27T07:18:23+00:00\",\"mainEntityOfPage\":{\"@id\":\"https:\/\/vieassociative.be\/actualites\/vous-pouvez-utiliser-votre-iphone-comme-identifiant-dans-ces-12-etats\/\"},\"wordCount\":903,\"publisher\":{\"@id\":\"https:\/\/vieassociative.be\/actualites\/#organization\"},\"image\":{\"@id\":\"https:\/\/vieassociative.be\/actualites\/vous-pouvez-utiliser-votre-iphone-comme-identifiant-dans-ces-12-etats\/#primaryimage\"},\"thumbnailUrl\":\"https:\/\/vieassociative.be\/actualites\/wp-content\/uploads\/2025\/10\/1761549504_Vous-pouvez-utiliser-votre-iPhone-comme-identifiant-dans-ces-12.png\",\"keywords\":[\"ces\",\"comme\",\"dans\",\"\u00c9tats\",\"identifiant\",\"iPhone\",\"pouvez\",\"utiliser\",\"votre\",\"Vous\"],\"articleSection\":[\"Technologie\"],\"inLanguage\":\"fr-BE\"},{\"@type\":\"WebPage\",\"@id\":\"https:\/\/vieassociative.be\/actualites\/vous-pouvez-utiliser-votre-iphone-comme-identifiant-dans-ces-12-etats\/\",\"url\":\"https:\/\/vieassociative.be\/actualites\/vous-pouvez-utiliser-votre-iphone-comme-identifiant-dans-ces-12-etats\/\",\"name\":\"Vous pouvez utiliser votre iPhone comme identifiant dans ces 12 \u00c9tats | Vie Associative\",\"isPartOf\":{\"@id\":\"https:\/\/vieassociative.be\/actualites\/#website\"},\"primaryImageOfPage\":{\"@id\":\"https:\/\/vieassociative.be\/actualites\/vous-pouvez-utiliser-votre-iphone-comme-identifiant-dans-ces-12-etats\/#primaryimage\"},\"image\":{\"@id\":\"https:\/\/vieassociative.be\/actualites\/vous-pouvez-utiliser-votre-iphone-comme-identifiant-dans-ces-12-etats\/#primaryimage\"},\"thumbnailUrl\":\"https:\/\/vieassociative.be\/actualites\/wp-content\/uploads\/2025\/10\/1761549504_Vous-pouvez-utiliser-votre-iPhone-comme-identifiant-dans-ces-12.png\",\"datePublished\":\"2025-10-27T07:18:23+00:00\",\"dateModified\":\"2025-10-27T07:18:23+00:00\",\"breadcrumb\":{\"@id\":\"https:\/\/vieassociative.be\/actualites\/vous-pouvez-utiliser-votre-iphone-comme-identifiant-dans-ces-12-etats\/#breadcrumb\"},\"inLanguage\":\"fr-BE\",\"potentialAction\":[{\"@type\":\"ReadAction\",\"target\":[\"https:\/\/vieassociative.be\/actualites\/vous-pouvez-utiliser-votre-iphone-comme-identifiant-dans-ces-12-etats\/\"]}]},{\"@type\":\"ImageObject\",\"inLanguage\":\"fr-BE\",\"@id\":\"https:\/\/vieassociative.be\/actualites\/vous-pouvez-utiliser-votre-iphone-comme-identifiant-dans-ces-12-etats\/#primaryimage\",\"url\":\"https:\/\/vieassociative.be\/actualites\/wp-content\/uploads\/2025\/10\/1761549504_Vous-pouvez-utiliser-votre-iPhone-comme-identifiant-dans-ces-12.png\",\"contentUrl\":\"https:\/\/vieassociative.be\/actualites\/wp-content\/uploads\/2025\/10\/1761549504_Vous-pouvez-utiliser-votre-iPhone-comme-identifiant-dans-ces-12.png\",\"width\":1200,\"height\":675,\"caption\":\"Vous pouvez utiliser votre iPhone comme identifiant dans ces 12 \u00c9tats\"},{\"@type\":\"BreadcrumbList\",\"@id\":\"https:\/\/vieassociative.be\/actualites\/vous-pouvez-utiliser-votre-iphone-comme-identifiant-dans-ces-12-etats\/#breadcrumb\",\"itemListElement\":[{\"@type\":\"ListItem\",\"position\":1,\"name\":\"Accueil\",\"item\":\"https:\/\/vieassociative.be\/actualites\/\"},{\"@type\":\"ListItem\",\"position\":2,\"name\":\"Vous pouvez utiliser votre iPhone comme identifiant dans ces 12 \u00c9tats\"}]},{\"@type\":\"WebSite\",\"@id\":\"https:\/\/vieassociative.be\/actualites\/#website\",\"url\":\"https:\/\/vieassociative.be\/actualites\/\",\"name\":\"Vie Associative\",\"description\":\"\",\"publisher\":{\"@id\":\"https:\/\/vieassociative.be\/actualites\/#organization\"},\"potentialAction\":[{\"@type\":\"SearchAction\",\"target\":{\"@type\":\"EntryPoint\",\"urlTemplate\":\"https:\/\/vieassociative.be\/actualites\/?s={search_term_string}\"},\"query-input\":{\"@type\":\"PropertyValueSpecification\",\"valueRequired\":true,\"valueName\":\"search_term_string\"}}],\"inLanguage\":\"fr-BE\"},{\"@type\":\"Organization\",\"@id\":\"https:\/\/vieassociative.be\/actualites\/#organization\",\"name\":\"Vie Associative\",\"url\":\"https:\/\/vieassociative.be\/actualites\/\",\"logo\":{\"@type\":\"ImageObject\",\"inLanguage\":\"fr-BE\",\"@id\":\"https:\/\/vieassociative.be\/actualites\/#\/schema\/logo\/image\/\",\"url\":\"https:\/\/vieassociative.be\/actualites\/wp-content\/uploads\/2024\/09\/cropped-vieassociative_favicon.ico.png\",\"contentUrl\":\"https:\/\/vieassociative.be\/actualites\/wp-content\/uploads\/2024\/09\/cropped-vieassociative_favicon.ico.png\",\"width\":512,\"height\":512,\"caption\":\"Vie Associative\"},\"image\":{\"@id\":\"https:\/\/vieassociative.be\/actualites\/#\/schema\/logo\/image\/\"}},{\"@type\":\"Person\",\"@id\":\"https:\/\/vieassociative.be\/actualites\/#\/schema\/person\/b87ac4f82f9d4e7b7cec7395b679edc4\",\"name\":\"Julien\",\"image\":{\"@type\":\"ImageObject\",\"inLanguage\":\"fr-BE\",\"@id\":\"https:\/\/vieassociative.be\/actualites\/#\/schema\/person\/image\/\",\"url\":\"https:\/\/vieassociative.be\/actualites\/wp-content\/uploads\/2024\/09\/vie-associative-1-150x150.jpg\",\"contentUrl\":\"https:\/\/vieassociative.be\/actualites\/wp-content\/uploads\/2024\/09\/vie-associative-1-150x150.jpg\",\"caption\":\"Julien\"},\"description\":\"Je suis Julien, r\u00e9dacteur pour Vie Associative. Passionn\u00e9 par le monde associatif depuis plus de 10 ans, j'ai \u00e0 c\u0153ur de partager des histoires inspirantes et de mettre en lumi\u00e8re les initiatives locales. Mon objectif est de sensibiliser et d'encourager l'engagement communautaire \u00e0 travers mes articles.\",\"sameAs\":[\"https:\/\/vieassociative.be\/\"]}]}<\/script>\n<!-- \/ Yoast SEO plugin. -->","yoast_head_json":{"title":"Vous pouvez utiliser votre iPhone comme identifiant dans ces 12 \u00c9tats | Vie Associative","robots":{"index":"index","follow":"follow","max-snippet":"max-snippet:-1","max-image-preview":"max-image-preview:large","max-video-preview":"max-video-preview:-1"},"canonical":"https:\/\/vieassociative.be\/actualites\/vous-pouvez-utiliser-votre-iphone-comme-identifiant-dans-ces-12-etats\/","og_locale":"fr_FR","og_type":"article","og_title":"Vous pouvez utiliser votre iPhone comme identifiant dans ces 12 \u00c9tats | Vie Associative","og_description":"Puis-je arr\u00eater de porter mon permis de conduire partout o\u00f9 je vais\u00a0? Pourquoi ai-je toujours un portefeuille sur moi ? Mon iPhone peut g\u00e9rer \u00e0","og_url":"https:\/\/vieassociative.be\/actualites\/vous-pouvez-utiliser-votre-iphone-comme-identifiant-dans-ces-12-etats\/","og_site_name":"Vie Associative","article_published_time":"2025-10-27T07:18:23+00:00","og_image":[{"url":"https:\/\/vieassociative.be\/actualites\/wp-content\/uploads\/2025\/09\/1757726237_608_Meta-pourrait-devoiler-une-montre-intelligente-pour-controler-ses-lunettes.jpg","type":"","width":"","height":""}],"author":"Julien","twitter_card":"summary_large_image","twitter_misc":{"\u00c9crit par":"Julien","Dur\u00e9e de lecture est.":"4 minutes"},"schema":{"@context":"https:\/\/schema.org","@graph":[{"@type":"Article","@id":"https:\/\/vieassociative.be\/actualites\/vous-pouvez-utiliser-votre-iphone-comme-identifiant-dans-ces-12-etats\/#article","isPartOf":{"@id":"https:\/\/vieassociative.be\/actualites\/vous-pouvez-utiliser-votre-iphone-comme-identifiant-dans-ces-12-etats\/"},"author":{"name":"Julien","@id":"https:\/\/vieassociative.be\/actualites\/#\/schema\/person\/b87ac4f82f9d4e7b7cec7395b679edc4"},"headline":"Vous pouvez utiliser votre iPhone comme identifiant dans ces 12 \u00c9tats","datePublished":"2025-10-27T07:18:23+00:00","dateModified":"2025-10-27T07:18:23+00:00","mainEntityOfPage":{"@id":"https:\/\/vieassociative.be\/actualites\/vous-pouvez-utiliser-votre-iphone-comme-identifiant-dans-ces-12-etats\/"},"wordCount":903,"publisher":{"@id":"https:\/\/vieassociative.be\/actualites\/#organization"},"image":{"@id":"https:\/\/vieassociative.be\/actualites\/vous-pouvez-utiliser-votre-iphone-comme-identifiant-dans-ces-12-etats\/#primaryimage"},"thumbnailUrl":"https:\/\/vieassociative.be\/actualites\/wp-content\/uploads\/2025\/10\/1761549504_Vous-pouvez-utiliser-votre-iPhone-comme-identifiant-dans-ces-12.png","keywords":["ces","comme","dans","\u00c9tats","identifiant","iPhone","pouvez","utiliser","votre","Vous"],"articleSection":["Technologie"],"inLanguage":"fr-BE"},{"@type":"WebPage","@id":"https:\/\/vieassociative.be\/actualites\/vous-pouvez-utiliser-votre-iphone-comme-identifiant-dans-ces-12-etats\/","url":"https:\/\/vieassociative.be\/actualites\/vous-pouvez-utiliser-votre-iphone-comme-identifiant-dans-ces-12-etats\/","name":"Vous pouvez utiliser votre iPhone comme identifiant dans ces 12 \u00c9tats | Vie Associative","isPartOf":{"@id":"https:\/\/vieassociative.be\/actualites\/#website"},"primaryImageOfPage":{"@id":"https:\/\/vieassociative.be\/actualites\/vous-pouvez-utiliser-votre-iphone-comme-identifiant-dans-ces-12-etats\/#primaryimage"},"image":{"@id":"https:\/\/vieassociative.be\/actualites\/vous-pouvez-utiliser-votre-iphone-comme-identifiant-dans-ces-12-etats\/#primaryimage"},"thumbnailUrl":"https:\/\/vieassociative.be\/actualites\/wp-content\/uploads\/2025\/10\/1761549504_Vous-pouvez-utiliser-votre-iPhone-comme-identifiant-dans-ces-12.png","datePublished":"2025-10-27T07:18:23+00:00","dateModified":"2025-10-27T07:18:23+00:00","breadcrumb":{"@id":"https:\/\/vieassociative.be\/actualites\/vous-pouvez-utiliser-votre-iphone-comme-identifiant-dans-ces-12-etats\/#breadcrumb"},"inLanguage":"fr-BE","potentialAction":[{"@type":"ReadAction","target":["https:\/\/vieassociative.be\/actualites\/vous-pouvez-utiliser-votre-iphone-comme-identifiant-dans-ces-12-etats\/"]}]},{"@type":"ImageObject","inLanguage":"fr-BE","@id":"https:\/\/vieassociative.be\/actualites\/vous-pouvez-utiliser-votre-iphone-comme-identifiant-dans-ces-12-etats\/#primaryimage","url":"https:\/\/vieassociative.be\/actualites\/wp-content\/uploads\/2025\/10\/1761549504_Vous-pouvez-utiliser-votre-iPhone-comme-identifiant-dans-ces-12.png","contentUrl":"https:\/\/vieassociative.be\/actualites\/wp-content\/uploads\/2025\/10\/1761549504_Vous-pouvez-utiliser-votre-iPhone-comme-identifiant-dans-ces-12.png","width":1200,"height":675,"caption":"Vous pouvez utiliser votre iPhone comme identifiant dans ces 12 \u00c9tats"},{"@type":"BreadcrumbList","@id":"https:\/\/vieassociative.be\/actualites\/vous-pouvez-utiliser-votre-iphone-comme-identifiant-dans-ces-12-etats\/#breadcrumb","itemListElement":[{"@type":"ListItem","position":1,"name":"Accueil","item":"https:\/\/vieassociative.be\/actualites\/"},{"@type":"ListItem","position":2,"name":"Vous pouvez utiliser votre iPhone comme identifiant dans ces 12 \u00c9tats"}]},{"@type":"WebSite","@id":"https:\/\/vieassociative.be\/actualites\/#website","url":"https:\/\/vieassociative.be\/actualites\/","name":"Vie Associative","description":"","publisher":{"@id":"https:\/\/vieassociative.be\/actualites\/#organization"},"potentialAction":[{"@type":"SearchAction","target":{"@type":"EntryPoint","urlTemplate":"https:\/\/vieassociative.be\/actualites\/?s={search_term_string}"},"query-input":{"@type":"PropertyValueSpecification","valueRequired":true,"valueName":"search_term_string"}}],"inLanguage":"fr-BE"},{"@type":"Organization","@id":"https:\/\/vieassociative.be\/actualites\/#organization","name":"Vie Associative","url":"https:\/\/vieassociative.be\/actualites\/","logo":{"@type":"ImageObject","inLanguage":"fr-BE","@id":"https:\/\/vieassociative.be\/actualites\/#\/schema\/logo\/image\/","url":"https:\/\/vieassociative.be\/actualites\/wp-content\/uploads\/2024\/09\/cropped-vieassociative_favicon.ico.png","contentUrl":"https:\/\/vieassociative.be\/actualites\/wp-content\/uploads\/2024\/09\/cropped-vieassociative_favicon.ico.png","width":512,"height":512,"caption":"Vie Associative"},"image":{"@id":"https:\/\/vieassociative.be\/actualites\/#\/schema\/logo\/image\/"}},{"@type":"Person","@id":"https:\/\/vieassociative.be\/actualites\/#\/schema\/person\/b87ac4f82f9d4e7b7cec7395b679edc4","name":"Julien","image":{"@type":"ImageObject","inLanguage":"fr-BE","@id":"https:\/\/vieassociative.be\/actualites\/#\/schema\/person\/image\/","url":"https:\/\/vieassociative.be\/actualites\/wp-content\/uploads\/2024\/09\/vie-associative-1-150x150.jpg","contentUrl":"https:\/\/vieassociative.be\/actualites\/wp-content\/uploads\/2024\/09\/vie-associative-1-150x150.jpg","caption":"Julien"},"description":"Je suis Julien, r\u00e9dacteur pour Vie Associative. Passionn\u00e9 par le monde associatif depuis plus de 10 ans, j'ai \u00e0 c\u0153ur de partager des histoires inspirantes et de mettre en lumi\u00e8re les initiatives locales. Mon objectif est de sensibiliser et d'encourager l'engagement communautaire \u00e0 travers mes articles.","sameAs":["https:\/\/vieassociative.be\/"]}]}},"_links":{"self":[{"href":"https:\/\/vieassociative.be\/actualites\/wp-json\/wp\/v2\/posts\/10928"}],"collection":[{"href":"https:\/\/vieassociative.be\/actualites\/wp-json\/wp\/v2\/posts"}],"about":[{"href":"https:\/\/vieassociative.be\/actualites\/wp-json\/wp\/v2\/types\/post"}],"author":[{"embeddable":true,"href":"https:\/\/vieassociative.be\/actualites\/wp-json\/wp\/v2\/users\/1"}],"replies":[{"embeddable":true,"href":"https:\/\/vieassociative.be\/actualites\/wp-json\/wp\/v2\/comments?post=10928"}],"version-history":[{"count":0,"href":"https:\/\/vieassociative.be\/actualites\/wp-json\/wp\/v2\/posts\/10928\/revisions"}],"wp:featuredmedia":[{"embeddable":true,"href":"https:\/\/vieassociative.be\/actualites\/wp-json\/wp\/v2\/media\/10929"}],"wp:attachment":[{"href":"https:\/\/vieassociative.be\/actualites\/wp-json\/wp\/v2\/media?parent=10928"}],"wp:term":[{"taxonomy":"category","embeddable":true,"href":"https:\/\/vieassociative.be\/actualites\/wp-json\/wp\/v2\/categories?post=10928"},{"taxonomy":"post_tag","embeddable":true,"href":"https:\/\/vieassociative.be\/actualites\/wp-json\/wp\/v2\/tags?post=10928"}],"curies":[{"name":"wp","href":"https:\/\/api.w.org\/{rel}","templated":true}]}}