{"id":10924,"date":"2025-10-27T03:17:04","date_gmt":"2025-10-27T02:17:04","guid":{"rendered":"https:\/\/vieassociative.be\/actualites\/irrite-par-le-clip-publicitaire-anti-tarif-le-president-americain-trump-impose-des-droits-de-douane-supplementaires-au-canada\/"},"modified":"2025-10-27T03:17:04","modified_gmt":"2025-10-27T02:17:04","slug":"irrite-par-le-clip-publicitaire-anti-tarif-le-president-americain-trump-impose-des-droits-de-douane-supplementaires-au-canada","status":"publish","type":"post","link":"https:\/\/vieassociative.be\/actualites\/irrite-par-le-clip-publicitaire-anti-tarif-le-president-americain-trump-impose-des-droits-de-douane-supplementaires-au-canada\/","title":{"rendered":"Irrit\u00e9 par le clip publicitaire anti-tarif, le pr\u00e9sident am\u00e9ricain Trump impose des droits de douane suppl\u00e9mentaires au Canada"},"content":{"rendered":"<p><strong>Apr\u00e8s de vives critiques de la part de Trump, la province canadienne de l&rsquo;Ontario a d\u00e9j\u00e0 annonc\u00e9 qu&rsquo;elle suspendrait la diffusion d&rsquo;un clip publicitaire anti-tarif &#8211; mais Trump ne l&rsquo;a pas fait assez rapidement. Maintenant, il r\u00e9agit.<\/strong><\/p>\n<p><span id=\"more-428124\"><\/span>Le pr\u00e9sident am\u00e9ricain Donald Trump a annonc\u00e9 des droits de douane suppl\u00e9mentaires de dix pour cent contre le Canada. La raison invoqu\u00e9e par le r\u00e9publicain sur la plateforme Truth Social \u00e9tait qu&rsquo;une campagne publicitaire canadienne pr\u00e9tendument trompeuse contre les tarifs douaniers n&rsquo;avait pas \u00e9t\u00e9 imm\u00e9diatement supprim\u00e9e. Au lieu de cela, il a \u00e9t\u00e9 diffus\u00e9 hier soir lors d\u2019un match de baseball des World Series, a \u00e9crit Trump.<\/p>\n<p>Vendredi, la province canadienne de l&rsquo;Ontario a suspendu la diffusion du clip publicitaire anti-tarif suite aux vives critiques de Trump \u2013 mais pas avec effet imm\u00e9diat. Le premier ministre de l&rsquo;Ontario, Doug Ford, a annonc\u00e9 sur Platform X qu&rsquo;\u00e0 la suite d&rsquo;une conversation avec le premier ministre canadien Mark Carney, l&rsquo;Ontario suspendrait sa campagne publicitaire \u00e0 partir de lundi.<\/p>\n<div id=\"attachment_428127\" class=\"wp-caption alignleft\" style=\"max-width: 300px\"><img fetchpriority=\"high\" decoding=\"async\" class=\"wp-image-428127 size-medium\" src=\"https:\/\/vieassociative.be\/actualites\/wp-content\/uploads\/2025\/10\/Irrite-par-le-clip-publicitaire-anti-tarif-le-president-americain-Trump.jpg\" alt=\"\" width=\"300\" height=\"200\"><\/div>\n<p>Trump avait d\u00e9j\u00e0 interrompu les n\u00e9gociations commerciales avec le pays voisin \u00e0 cause du clip publicitaire. Ford a justifi\u00e9 la pause du clip publicitaire en affirmant que cela permettrait de reprendre les discussions. Il est d\u00e9sormais clair que cela ne fonctionnera pas au d\u00e9but.<\/p>\n<p>Le premier ministre de l&rsquo;Ontario avait d\u00e9j\u00e0 annonc\u00e9 que la campagne publicitaire continuerait d&rsquo;\u00eatre diffus\u00e9e ce week-end. L&rsquo;objectif a \u00e9t\u00e9 atteint en touchant le public am\u00e9ricain au plus haut niveau. L&rsquo;intention \u00e9tait d&rsquo;ouvrir un d\u00e9bat sur les cons\u00e9quences des tarifs douaniers sur les salari\u00e9s et les entreprises.<\/p>\n<p><strong>\u2013 L\u2019ancien pr\u00e9sident Reagan a entendu dans une publicit\u00e9 :<\/strong> M\u00eame lorsque Trump a annonc\u00e9 l\u2019arr\u00eat des n\u00e9gociations commerciales avec le pays voisin, il a accus\u00e9 le Canada de mener une campagne publicitaire trompeuse. Dans la vid\u00e9o diffus\u00e9e par le gouvernement de la province canadienne de l&rsquo;Ontario, on peut entendre la voix de l&rsquo;ancien pr\u00e9sident am\u00e9ricain Ronald Reagan commentant les inconv\u00e9nients des tarifs douaniers. Les droits de douane sont l\u2019un des instruments de politique \u00e9trang\u00e8re pr\u00e9f\u00e9r\u00e9s de Trump, comme il le souligne \u00e0 plusieurs reprises.<\/p>\n<p>L&rsquo;organisation am\u00e9ricaine The Ronald Reagan Presidential Foundation &#038; Institute s&rsquo;\u00e9tait d\u00e9j\u00e0 plainte du fait que les enregistrements d&rsquo;un discours radiophonique ant\u00e9rieur de Reagan datant de 1987 avaient \u00e9t\u00e9 utilis\u00e9s pour le clip publicitaire sans autorisation &#8211; et que les cr\u00e9ateurs de la vid\u00e9o avaient incorpor\u00e9 de mani\u00e8re trompeuse dans la vid\u00e9o les d\u00e9clarations \u00ab\u00a0utilis\u00e9es de mani\u00e8re s\u00e9lective\u00a0\u00bb du r\u00e9publicain d\u00e9c\u00e9d\u00e9 en 2004. Une action en justice est envisag\u00e9e, a \u00e9crit l&rsquo;organisation dans un communiqu\u00e9 publi\u00e9 sur X.<\/p>\n<div id=\"attachment_135486\" class=\"wp-caption alignleft\" style=\"max-width: 300px\"><img decoding=\"async\" class=\"wp-image-135486 size-medium\" src=\"https:\/\/vieassociative.be\/actualites\/wp-content\/uploads\/2025\/10\/1761531424_720_Irrite-par-le-clip-publicitaire-anti-tarif-le-president-americain-Trump.jpg\" alt=\"\" width=\"300\" height=\"203\"  ><\/div>\n<p>Dans son message le plus r\u00e9cent, Trump a accus\u00e9 le Canada non seulement de fausses d\u00e9clarations, mais aussi d\u2019\u00ab acte hostile \u00bb. Il a \u00e9galement laiss\u00e9 entendre que le Canada voulait influencer les juges am\u00e9ricains charg\u00e9s des questions de droits de douane.<\/p>\n<p>Trump faisait r\u00e9f\u00e9rence au plus haut tribunal des \u00c9tats-Unis. La Cour supr\u00eame examine actuellement la politique douani\u00e8re de Trump \u00e0 la demande du gouvernement am\u00e9ricain. Le pr\u00e9sident am\u00e9ricain esp\u00e8re le soutien des juges apr\u00e8s avoir essuy\u00e9 des d\u00e9faites devant les tribunaux inf\u00e9rieurs.<\/p>\n<p>Il y a quelques semaines, Trump a re\u00e7u le Premier ministre canadien Carney \u00e0 la Maison Blanche et lui a adress\u00e9 des paroles aimables. Ils ont d\u00e9clar\u00e9 vouloir parvenir \u00e0 des accords b\u00e9n\u00e9fiques pour les deux pays. Trump a \u00e9galement \u00e9voqu\u00e9 les progr\u00e8s r\u00e9alis\u00e9s ces derniers mois.<\/p>\n<p>Auparavant, des droits de douane am\u00e9ricains de 35 pour cent sur de nombreuses importations en provenance du Canada \u00e9taient entr\u00e9s en vigueur en ao\u00fbt. Trump a justifi\u00e9 cette d\u00e9cision en affirmant que le Canada n&rsquo;en faisait pas assez pour lutter contre le trafic de drogue et que la drogue traversait la fronti\u00e8re am\u00e9ricaine. Lors de la visite de Carney il y a quelques semaines, Trump a promis que le pays prendrait d\u00e9sormais des mesures plus \u00e9nergiques contre le trafic de drogue. (dpa)<\/p>\n","protected":false},"excerpt":{"rendered":"<p>Apr\u00e8s de vives critiques de la part de Trump, la province canadienne de l&rsquo;Ontario a d\u00e9j\u00e0 annonc\u00e9 qu&rsquo;elle suspendrait la diffusion d&rsquo;un clip publicitaire anti-tarif<\/p>\n","protected":false},"author":1,"featured_media":10925,"comment_status":"","ping_status":"","sticky":false,"template":"","format":"standard","meta":{"footnotes":""},"categories":[298],"tags":[10,9050,3770,9049,29,9051,779,7620,8294,676,3075,2534,3099,2425],"class_list":["post-10924","post","type-post","status-publish","format-standard","has-post-thumbnail","hentry","category-belgique","tag-americain","tag-antitarif","tag-canada","tag-clip","tag-des","tag-douane","tag-droits","tag-impose","tag-irrite","tag-par","tag-president","tag-publicitaire","tag-supplementaires","tag-trump","generate-columns","tablet-grid-50","mobile-grid-100","grid-parent","grid-33"],"yoast_head":"<!-- This site is optimized with the Yoast SEO plugin v24.0 - https:\/\/yoast.com\/wordpress\/plugins\/seo\/ -->\n<title>Irrit\u00e9 par le clip publicitaire anti-tarif, le pr\u00e9sident am\u00e9ricain Trump impose des droits de douane suppl\u00e9mentaires au Canada | Vie Associative<\/title>\n<meta name=\"robots\" content=\"index, follow, max-snippet:-1, max-image-preview:large, max-video-preview:-1\" \/>\n<link rel=\"canonical\" href=\"https:\/\/vieassociative.be\/actualites\/irrite-par-le-clip-publicitaire-anti-tarif-le-president-americain-trump-impose-des-droits-de-douane-supplementaires-au-canada\/\" \/>\n<meta property=\"og:locale\" content=\"fr_FR\" \/>\n<meta property=\"og:type\" content=\"article\" \/>\n<meta property=\"og:title\" content=\"Irrit\u00e9 par le clip publicitaire anti-tarif, le pr\u00e9sident am\u00e9ricain Trump impose des droits de douane suppl\u00e9mentaires au Canada | Vie Associative\" \/>\n<meta property=\"og:description\" content=\"Apr\u00e8s de vives critiques de la part de Trump, la province canadienne de l&rsquo;Ontario a d\u00e9j\u00e0 annonc\u00e9 qu&rsquo;elle suspendrait la diffusion d&rsquo;un clip publicitaire anti-tarif\" \/>\n<meta property=\"og:url\" content=\"https:\/\/vieassociative.be\/actualites\/irrite-par-le-clip-publicitaire-anti-tarif-le-president-americain-trump-impose-des-droits-de-douane-supplementaires-au-canada\/\" \/>\n<meta property=\"og:site_name\" content=\"Vie Associative\" \/>\n<meta property=\"article:published_time\" content=\"2025-10-27T02:17:04+00:00\" \/>\n<meta property=\"og:image\" content=\"https:\/\/vieassociative.be\/actualites\/wp-content\/uploads\/2024\/09\/header_backgroundk-01-e1726694325946.png\" \/>\n\t<meta property=\"og:image:width\" content=\"279\" \/>\n\t<meta property=\"og:image:height\" content=\"92\" \/>\n\t<meta property=\"og:image:type\" content=\"image\/png\" \/>\n<meta name=\"author\" content=\"Julien\" \/>\n<meta name=\"twitter:card\" content=\"summary_large_image\" \/>\n<meta name=\"twitter:label1\" content=\"\u00c9crit par\" \/>\n\t<meta name=\"twitter:data1\" content=\"Julien\" \/>\n\t<meta name=\"twitter:label2\" content=\"Dur\u00e9e de lecture est.\" \/>\n\t<meta name=\"twitter:data2\" content=\"4 minutes\" \/>\n<script type=\"application\/ld+json\" class=\"yoast-schema-graph\">{\"@context\":\"https:\/\/schema.org\",\"@graph\":[{\"@type\":\"Article\",\"@id\":\"https:\/\/vieassociative.be\/actualites\/irrite-par-le-clip-publicitaire-anti-tarif-le-president-americain-trump-impose-des-droits-de-douane-supplementaires-au-canada\/#article\",\"isPartOf\":{\"@id\":\"https:\/\/vieassociative.be\/actualites\/irrite-par-le-clip-publicitaire-anti-tarif-le-president-americain-trump-impose-des-droits-de-douane-supplementaires-au-canada\/\"},\"author\":{\"name\":\"Julien\",\"@id\":\"https:\/\/vieassociative.be\/actualites\/#\/schema\/person\/b87ac4f82f9d4e7b7cec7395b679edc4\"},\"headline\":\"Irrit\u00e9 par le clip publicitaire anti-tarif, le pr\u00e9sident am\u00e9ricain Trump impose des droits de douane suppl\u00e9mentaires au Canada\",\"datePublished\":\"2025-10-27T02:17:04+00:00\",\"dateModified\":\"2025-10-27T02:17:04+00:00\",\"mainEntityOfPage\":{\"@id\":\"https:\/\/vieassociative.be\/actualites\/irrite-par-le-clip-publicitaire-anti-tarif-le-president-americain-trump-impose-des-droits-de-douane-supplementaires-au-canada\/\"},\"wordCount\":742,\"publisher\":{\"@id\":\"https:\/\/vieassociative.be\/actualites\/#organization\"},\"image\":{\"@id\":\"https:\/\/vieassociative.be\/actualites\/irrite-par-le-clip-publicitaire-anti-tarif-le-president-americain-trump-impose-des-droits-de-douane-supplementaires-au-canada\/#primaryimage\"},\"thumbnailUrl\":\"https:\/\/vieassociative.be\/actualites\/wp-content\/uploads\/2025\/10\/1761531425_Irrite-par-le-clip-publicitaire-anti-tarif-le-president-americain-Trump.jpg\",\"keywords\":[\"am\u00e9ricain\",\"antitarif\",\"Canada\",\"clip\",\"Des\",\"douane\",\"droits\",\"impose\",\"irrit\u00e9\",\"par\",\"pr\u00e9sident\",\"publicitaire\",\"suppl\u00e9mentaires\",\"Trump\"],\"articleSection\":[\"Belgique\"],\"inLanguage\":\"fr-BE\"},{\"@type\":\"WebPage\",\"@id\":\"https:\/\/vieassociative.be\/actualites\/irrite-par-le-clip-publicitaire-anti-tarif-le-president-americain-trump-impose-des-droits-de-douane-supplementaires-au-canada\/\",\"url\":\"https:\/\/vieassociative.be\/actualites\/irrite-par-le-clip-publicitaire-anti-tarif-le-president-americain-trump-impose-des-droits-de-douane-supplementaires-au-canada\/\",\"name\":\"Irrit\u00e9 par le clip publicitaire anti-tarif, le pr\u00e9sident am\u00e9ricain Trump impose des droits de douane suppl\u00e9mentaires au Canada | Vie Associative\",\"isPartOf\":{\"@id\":\"https:\/\/vieassociative.be\/actualites\/#website\"},\"primaryImageOfPage\":{\"@id\":\"https:\/\/vieassociative.be\/actualites\/irrite-par-le-clip-publicitaire-anti-tarif-le-president-americain-trump-impose-des-droits-de-douane-supplementaires-au-canada\/#primaryimage\"},\"image\":{\"@id\":\"https:\/\/vieassociative.be\/actualites\/irrite-par-le-clip-publicitaire-anti-tarif-le-president-americain-trump-impose-des-droits-de-douane-supplementaires-au-canada\/#primaryimage\"},\"thumbnailUrl\":\"https:\/\/vieassociative.be\/actualites\/wp-content\/uploads\/2025\/10\/1761531425_Irrite-par-le-clip-publicitaire-anti-tarif-le-president-americain-Trump.jpg\",\"datePublished\":\"2025-10-27T02:17:04+00:00\",\"dateModified\":\"2025-10-27T02:17:04+00:00\",\"breadcrumb\":{\"@id\":\"https:\/\/vieassociative.be\/actualites\/irrite-par-le-clip-publicitaire-anti-tarif-le-president-americain-trump-impose-des-droits-de-douane-supplementaires-au-canada\/#breadcrumb\"},\"inLanguage\":\"fr-BE\",\"potentialAction\":[{\"@type\":\"ReadAction\",\"target\":[\"https:\/\/vieassociative.be\/actualites\/irrite-par-le-clip-publicitaire-anti-tarif-le-president-americain-trump-impose-des-droits-de-douane-supplementaires-au-canada\/\"]}]},{\"@type\":\"ImageObject\",\"inLanguage\":\"fr-BE\",\"@id\":\"https:\/\/vieassociative.be\/actualites\/irrite-par-le-clip-publicitaire-anti-tarif-le-president-americain-trump-impose-des-droits-de-douane-supplementaires-au-canada\/#primaryimage\",\"url\":\"https:\/\/vieassociative.be\/actualites\/wp-content\/uploads\/2025\/10\/1761531425_Irrite-par-le-clip-publicitaire-anti-tarif-le-president-americain-Trump.jpg\",\"contentUrl\":\"https:\/\/vieassociative.be\/actualites\/wp-content\/uploads\/2025\/10\/1761531425_Irrite-par-le-clip-publicitaire-anti-tarif-le-president-americain-Trump.jpg\",\"width\":1200,\"height\":800,\"caption\":\"Irrit\u00e9 par le clip publicitaire anti-tarif, le pr\u00e9sident am\u00e9ricain Trump impose des droits de douane suppl\u00e9mentaires au Canada\"},{\"@type\":\"BreadcrumbList\",\"@id\":\"https:\/\/vieassociative.be\/actualites\/irrite-par-le-clip-publicitaire-anti-tarif-le-president-americain-trump-impose-des-droits-de-douane-supplementaires-au-canada\/#breadcrumb\",\"itemListElement\":[{\"@type\":\"ListItem\",\"position\":1,\"name\":\"Accueil\",\"item\":\"https:\/\/vieassociative.be\/actualites\/\"},{\"@type\":\"ListItem\",\"position\":2,\"name\":\"Irrit\u00e9 par le clip publicitaire anti-tarif, le pr\u00e9sident am\u00e9ricain Trump impose des droits de douane suppl\u00e9mentaires au Canada\"}]},{\"@type\":\"WebSite\",\"@id\":\"https:\/\/vieassociative.be\/actualites\/#website\",\"url\":\"https:\/\/vieassociative.be\/actualites\/\",\"name\":\"Vie Associative\",\"description\":\"\",\"publisher\":{\"@id\":\"https:\/\/vieassociative.be\/actualites\/#organization\"},\"potentialAction\":[{\"@type\":\"SearchAction\",\"target\":{\"@type\":\"EntryPoint\",\"urlTemplate\":\"https:\/\/vieassociative.be\/actualites\/?s={search_term_string}\"},\"query-input\":{\"@type\":\"PropertyValueSpecification\",\"valueRequired\":true,\"valueName\":\"search_term_string\"}}],\"inLanguage\":\"fr-BE\"},{\"@type\":\"Organization\",\"@id\":\"https:\/\/vieassociative.be\/actualites\/#organization\",\"name\":\"Vie Associative\",\"url\":\"https:\/\/vieassociative.be\/actualites\/\",\"logo\":{\"@type\":\"ImageObject\",\"inLanguage\":\"fr-BE\",\"@id\":\"https:\/\/vieassociative.be\/actualites\/#\/schema\/logo\/image\/\",\"url\":\"https:\/\/vieassociative.be\/actualites\/wp-content\/uploads\/2024\/09\/cropped-vieassociative_favicon.ico.png\",\"contentUrl\":\"https:\/\/vieassociative.be\/actualites\/wp-content\/uploads\/2024\/09\/cropped-vieassociative_favicon.ico.png\",\"width\":512,\"height\":512,\"caption\":\"Vie Associative\"},\"image\":{\"@id\":\"https:\/\/vieassociative.be\/actualites\/#\/schema\/logo\/image\/\"}},{\"@type\":\"Person\",\"@id\":\"https:\/\/vieassociative.be\/actualites\/#\/schema\/person\/b87ac4f82f9d4e7b7cec7395b679edc4\",\"name\":\"Julien\",\"image\":{\"@type\":\"ImageObject\",\"inLanguage\":\"fr-BE\",\"@id\":\"https:\/\/vieassociative.be\/actualites\/#\/schema\/person\/image\/\",\"url\":\"https:\/\/vieassociative.be\/actualites\/wp-content\/uploads\/2024\/09\/vie-associative-1-150x150.jpg\",\"contentUrl\":\"https:\/\/vieassociative.be\/actualites\/wp-content\/uploads\/2024\/09\/vie-associative-1-150x150.jpg\",\"caption\":\"Julien\"},\"description\":\"Je suis Julien, r\u00e9dacteur pour Vie Associative. Passionn\u00e9 par le monde associatif depuis plus de 10 ans, j'ai \u00e0 c\u0153ur de partager des histoires inspirantes et de mettre en lumi\u00e8re les initiatives locales. Mon objectif est de sensibiliser et d'encourager l'engagement communautaire \u00e0 travers mes articles.\",\"sameAs\":[\"https:\/\/vieassociative.be\/\"]}]}<\/script>\n<!-- \/ Yoast SEO plugin. -->","yoast_head_json":{"title":"Irrit\u00e9 par le clip publicitaire anti-tarif, le pr\u00e9sident am\u00e9ricain Trump impose des droits de douane suppl\u00e9mentaires au Canada | Vie Associative","robots":{"index":"index","follow":"follow","max-snippet":"max-snippet:-1","max-image-preview":"max-image-preview:large","max-video-preview":"max-video-preview:-1"},"canonical":"https:\/\/vieassociative.be\/actualites\/irrite-par-le-clip-publicitaire-anti-tarif-le-president-americain-trump-impose-des-droits-de-douane-supplementaires-au-canada\/","og_locale":"fr_FR","og_type":"article","og_title":"Irrit\u00e9 par le clip publicitaire anti-tarif, le pr\u00e9sident am\u00e9ricain Trump impose des droits de douane suppl\u00e9mentaires au Canada | Vie Associative","og_description":"Apr\u00e8s de vives critiques de la part de Trump, la province canadienne de l&rsquo;Ontario a d\u00e9j\u00e0 annonc\u00e9 qu&rsquo;elle suspendrait la diffusion d&rsquo;un clip publicitaire anti-tarif","og_url":"https:\/\/vieassociative.be\/actualites\/irrite-par-le-clip-publicitaire-anti-tarif-le-president-americain-trump-impose-des-droits-de-douane-supplementaires-au-canada\/","og_site_name":"Vie Associative","article_published_time":"2025-10-27T02:17:04+00:00","og_image":[{"width":279,"height":92,"url":"https:\/\/vieassociative.be\/actualites\/wp-content\/uploads\/2024\/09\/header_backgroundk-01-e1726694325946.png","type":"image\/png"}],"author":"Julien","twitter_card":"summary_large_image","twitter_misc":{"\u00c9crit par":"Julien","Dur\u00e9e de lecture est.":"4 minutes"},"schema":{"@context":"https:\/\/schema.org","@graph":[{"@type":"Article","@id":"https:\/\/vieassociative.be\/actualites\/irrite-par-le-clip-publicitaire-anti-tarif-le-president-americain-trump-impose-des-droits-de-douane-supplementaires-au-canada\/#article","isPartOf":{"@id":"https:\/\/vieassociative.be\/actualites\/irrite-par-le-clip-publicitaire-anti-tarif-le-president-americain-trump-impose-des-droits-de-douane-supplementaires-au-canada\/"},"author":{"name":"Julien","@id":"https:\/\/vieassociative.be\/actualites\/#\/schema\/person\/b87ac4f82f9d4e7b7cec7395b679edc4"},"headline":"Irrit\u00e9 par le clip publicitaire anti-tarif, le pr\u00e9sident am\u00e9ricain Trump impose des droits de douane suppl\u00e9mentaires au Canada","datePublished":"2025-10-27T02:17:04+00:00","dateModified":"2025-10-27T02:17:04+00:00","mainEntityOfPage":{"@id":"https:\/\/vieassociative.be\/actualites\/irrite-par-le-clip-publicitaire-anti-tarif-le-president-americain-trump-impose-des-droits-de-douane-supplementaires-au-canada\/"},"wordCount":742,"publisher":{"@id":"https:\/\/vieassociative.be\/actualites\/#organization"},"image":{"@id":"https:\/\/vieassociative.be\/actualites\/irrite-par-le-clip-publicitaire-anti-tarif-le-president-americain-trump-impose-des-droits-de-douane-supplementaires-au-canada\/#primaryimage"},"thumbnailUrl":"https:\/\/vieassociative.be\/actualites\/wp-content\/uploads\/2025\/10\/1761531425_Irrite-par-le-clip-publicitaire-anti-tarif-le-president-americain-Trump.jpg","keywords":["am\u00e9ricain","antitarif","Canada","clip","Des","douane","droits","impose","irrit\u00e9","par","pr\u00e9sident","publicitaire","suppl\u00e9mentaires","Trump"],"articleSection":["Belgique"],"inLanguage":"fr-BE"},{"@type":"WebPage","@id":"https:\/\/vieassociative.be\/actualites\/irrite-par-le-clip-publicitaire-anti-tarif-le-president-americain-trump-impose-des-droits-de-douane-supplementaires-au-canada\/","url":"https:\/\/vieassociative.be\/actualites\/irrite-par-le-clip-publicitaire-anti-tarif-le-president-americain-trump-impose-des-droits-de-douane-supplementaires-au-canada\/","name":"Irrit\u00e9 par le clip publicitaire anti-tarif, le pr\u00e9sident am\u00e9ricain Trump impose des droits de douane suppl\u00e9mentaires au Canada | Vie Associative","isPartOf":{"@id":"https:\/\/vieassociative.be\/actualites\/#website"},"primaryImageOfPage":{"@id":"https:\/\/vieassociative.be\/actualites\/irrite-par-le-clip-publicitaire-anti-tarif-le-president-americain-trump-impose-des-droits-de-douane-supplementaires-au-canada\/#primaryimage"},"image":{"@id":"https:\/\/vieassociative.be\/actualites\/irrite-par-le-clip-publicitaire-anti-tarif-le-president-americain-trump-impose-des-droits-de-douane-supplementaires-au-canada\/#primaryimage"},"thumbnailUrl":"https:\/\/vieassociative.be\/actualites\/wp-content\/uploads\/2025\/10\/1761531425_Irrite-par-le-clip-publicitaire-anti-tarif-le-president-americain-Trump.jpg","datePublished":"2025-10-27T02:17:04+00:00","dateModified":"2025-10-27T02:17:04+00:00","breadcrumb":{"@id":"https:\/\/vieassociative.be\/actualites\/irrite-par-le-clip-publicitaire-anti-tarif-le-president-americain-trump-impose-des-droits-de-douane-supplementaires-au-canada\/#breadcrumb"},"inLanguage":"fr-BE","potentialAction":[{"@type":"ReadAction","target":["https:\/\/vieassociative.be\/actualites\/irrite-par-le-clip-publicitaire-anti-tarif-le-president-americain-trump-impose-des-droits-de-douane-supplementaires-au-canada\/"]}]},{"@type":"ImageObject","inLanguage":"fr-BE","@id":"https:\/\/vieassociative.be\/actualites\/irrite-par-le-clip-publicitaire-anti-tarif-le-president-americain-trump-impose-des-droits-de-douane-supplementaires-au-canada\/#primaryimage","url":"https:\/\/vieassociative.be\/actualites\/wp-content\/uploads\/2025\/10\/1761531425_Irrite-par-le-clip-publicitaire-anti-tarif-le-president-americain-Trump.jpg","contentUrl":"https:\/\/vieassociative.be\/actualites\/wp-content\/uploads\/2025\/10\/1761531425_Irrite-par-le-clip-publicitaire-anti-tarif-le-president-americain-Trump.jpg","width":1200,"height":800,"caption":"Irrit\u00e9 par le clip publicitaire anti-tarif, le pr\u00e9sident am\u00e9ricain Trump impose des droits de douane suppl\u00e9mentaires au Canada"},{"@type":"BreadcrumbList","@id":"https:\/\/vieassociative.be\/actualites\/irrite-par-le-clip-publicitaire-anti-tarif-le-president-americain-trump-impose-des-droits-de-douane-supplementaires-au-canada\/#breadcrumb","itemListElement":[{"@type":"ListItem","position":1,"name":"Accueil","item":"https:\/\/vieassociative.be\/actualites\/"},{"@type":"ListItem","position":2,"name":"Irrit\u00e9 par le clip publicitaire anti-tarif, le pr\u00e9sident am\u00e9ricain Trump impose des droits de douane suppl\u00e9mentaires au Canada"}]},{"@type":"WebSite","@id":"https:\/\/vieassociative.be\/actualites\/#website","url":"https:\/\/vieassociative.be\/actualites\/","name":"Vie Associative","description":"","publisher":{"@id":"https:\/\/vieassociative.be\/actualites\/#organization"},"potentialAction":[{"@type":"SearchAction","target":{"@type":"EntryPoint","urlTemplate":"https:\/\/vieassociative.be\/actualites\/?s={search_term_string}"},"query-input":{"@type":"PropertyValueSpecification","valueRequired":true,"valueName":"search_term_string"}}],"inLanguage":"fr-BE"},{"@type":"Organization","@id":"https:\/\/vieassociative.be\/actualites\/#organization","name":"Vie Associative","url":"https:\/\/vieassociative.be\/actualites\/","logo":{"@type":"ImageObject","inLanguage":"fr-BE","@id":"https:\/\/vieassociative.be\/actualites\/#\/schema\/logo\/image\/","url":"https:\/\/vieassociative.be\/actualites\/wp-content\/uploads\/2024\/09\/cropped-vieassociative_favicon.ico.png","contentUrl":"https:\/\/vieassociative.be\/actualites\/wp-content\/uploads\/2024\/09\/cropped-vieassociative_favicon.ico.png","width":512,"height":512,"caption":"Vie Associative"},"image":{"@id":"https:\/\/vieassociative.be\/actualites\/#\/schema\/logo\/image\/"}},{"@type":"Person","@id":"https:\/\/vieassociative.be\/actualites\/#\/schema\/person\/b87ac4f82f9d4e7b7cec7395b679edc4","name":"Julien","image":{"@type":"ImageObject","inLanguage":"fr-BE","@id":"https:\/\/vieassociative.be\/actualites\/#\/schema\/person\/image\/","url":"https:\/\/vieassociative.be\/actualites\/wp-content\/uploads\/2024\/09\/vie-associative-1-150x150.jpg","contentUrl":"https:\/\/vieassociative.be\/actualites\/wp-content\/uploads\/2024\/09\/vie-associative-1-150x150.jpg","caption":"Julien"},"description":"Je suis Julien, r\u00e9dacteur pour Vie Associative. Passionn\u00e9 par le monde associatif depuis plus de 10 ans, j'ai \u00e0 c\u0153ur de partager des histoires inspirantes et de mettre en lumi\u00e8re les initiatives locales. Mon objectif est de sensibiliser et d'encourager l'engagement communautaire \u00e0 travers mes articles.","sameAs":["https:\/\/vieassociative.be\/"]}]}},"_links":{"self":[{"href":"https:\/\/vieassociative.be\/actualites\/wp-json\/wp\/v2\/posts\/10924"}],"collection":[{"href":"https:\/\/vieassociative.be\/actualites\/wp-json\/wp\/v2\/posts"}],"about":[{"href":"https:\/\/vieassociative.be\/actualites\/wp-json\/wp\/v2\/types\/post"}],"author":[{"embeddable":true,"href":"https:\/\/vieassociative.be\/actualites\/wp-json\/wp\/v2\/users\/1"}],"replies":[{"embeddable":true,"href":"https:\/\/vieassociative.be\/actualites\/wp-json\/wp\/v2\/comments?post=10924"}],"version-history":[{"count":0,"href":"https:\/\/vieassociative.be\/actualites\/wp-json\/wp\/v2\/posts\/10924\/revisions"}],"wp:featuredmedia":[{"embeddable":true,"href":"https:\/\/vieassociative.be\/actualites\/wp-json\/wp\/v2\/media\/10925"}],"wp:attachment":[{"href":"https:\/\/vieassociative.be\/actualites\/wp-json\/wp\/v2\/media?parent=10924"}],"wp:term":[{"taxonomy":"category","embeddable":true,"href":"https:\/\/vieassociative.be\/actualites\/wp-json\/wp\/v2\/categories?post=10924"},{"taxonomy":"post_tag","embeddable":true,"href":"https:\/\/vieassociative.be\/actualites\/wp-json\/wp\/v2\/tags?post=10924"}],"curies":[{"name":"wp","href":"https:\/\/api.w.org\/{rel}","templated":true}]}}