{"id":10920,"date":"2025-10-26T21:17:06","date_gmt":"2025-10-26T20:17:06","guid":{"rendered":"https:\/\/vieassociative.be\/actualites\/budget-2026-vivant-et-ecolo-serieusement-decus-par-la-dg-gouvernement-balter-paasch-est-un-eblouissant\/"},"modified":"2025-10-26T21:17:06","modified_gmt":"2025-10-26T20:17:06","slug":"budget-2026-vivant-et-ecolo-serieusement-decus-par-la-dg-gouvernement-balter-paasch-est-un-eblouissant","status":"publish","type":"post","link":"https:\/\/vieassociative.be\/actualites\/budget-2026-vivant-et-ecolo-serieusement-decus-par-la-dg-gouvernement-balter-paasch-est-un-eblouissant\/","title":{"rendered":"Budget 2026 : Vivant et Ecolo s\u00e9rieusement d\u00e9\u00e7us par la DG gouvernement \u2013 \u200b\u200bBalter : \u00ab Paasch est un \u00e9blouissant \u00bb"},"content":{"rendered":"<p><strong>La pr\u00e9sentation du budget 2026 de la DG par le Premier ministre Oliver Paasch (ProDG) lundi dernier a marqu\u00e9 le d\u00e9but des discussions budg\u00e9taires au sein des commissions parlementaires. Celles-ci se terminent par quatre s\u00e9ances pl\u00e9ni\u00e8res d\u00e9but d\u00e9cembre, o\u00f9 le contenu est discut\u00e9 et le budget est finalement vot\u00e9.<\/strong><\/p>\n<p><span id=\"more-427975\"><\/span>C&rsquo;est peut-\u00eatre la premi\u00e8re fois, en sa qualit\u00e9 de chef du gouvernement de la DG, que Paasch ne s&rsquo;approche plus du podium avec autant de confiance qu&rsquo;il l&rsquo;avait fait lors des d\u00e9lib\u00e9rations budg\u00e9taires entre 2014 et 2024.<\/p>\n<p>Tant que l&rsquo;argent coulait \u00e0 flots et qu&rsquo;il pouvait r\u00e9guli\u00e8rement annoncer que la DG r\u00e9alisait quelque chose qu&rsquo;aucune autre communaut\u00e9 en Belgique n&rsquo;avait jamais r\u00e9alis\u00e9, le Premier ministre avait du mal \u00e0 gouverner. La montagne de dettes devenait de plus en plus grande, mais tant que tout le monde pouvait \u00eatre rembours\u00e9, cela semblait \u00ab g\u00e9rable \u00bb.<\/p>\n<\/p>\n<div id=\"attachment_417891\" class=\"wp-caption alignleft\" style=\"max-width: 300px\"><img fetchpriority=\"high\" decoding=\"async\" class=\"wp-image-417891 size-medium\" src=\"https:\/\/vieassociative.be\/actualites\/wp-content\/uploads\/2025\/09\/Oliver-Paasch-Aucune-communaute-en-Belgique-ne-traite-aussi-de.jpg\" alt=\"\" width=\"300\" height=\"201\"  ><\/div>\n<p>Bien que Paasch le pr\u00e9tende encore, il lui est beaucoup plus difficile de convaincre le public de l&rsquo;exactitude de cette affirmation.<\/p>\n<p>Dans les commissions, l&rsquo;opposition tentera de faire passer au moins certaines de ses revendications. Lors des s\u00e9ances pl\u00e9ni\u00e8res de d\u00e9cembre, elle ne se souciera pas du projet de budget du gouvernement pour 2026. Cela vaut certainement pour Vivant et Ecolo.<\/p>\n<p>Paasch est \u00ab un \u00e9blouissant \u00bb, critique Michael Balter, porte-parole du groupe parlementaire Vivant. La mani\u00e8re dont Paasch a pr\u00e9sent\u00e9 le budget \u00e9tait \u00ab\u00a0tout simplement douteuse\u00a0\u00bb compte tenu de la situation budg\u00e9taire extr\u00eamement tendue et des nombreuses inconnues &#8211; en particulier l&rsquo;incertitude quant \u00e0 la mani\u00e8re et \u00e0 ce que pr\u00e9voit l&rsquo;\u00c9tat f\u00e9d\u00e9ral et dans quelle mesure les \u00c9tats membres seraient affect\u00e9s par d&rsquo;autres mesures f\u00e9d\u00e9rales &#8211; a d\u00e9clar\u00e9 le chef du groupe parlementaire Vivant. L\u2019\u00e9norme dette n\u2019est ni g\u00e9rable ni la charge d\u2019int\u00e9r\u00eats \u00ab sans probl\u00e8me \u00bb.<\/p>\n<p>Balter : \u00ab\u00a0Apr\u00e8s toutes les ann\u00e9es de gaspillage et le caract\u00e8re parfois d\u00e9cadent des subventions, Paasch n&rsquo;a pas un seul mot d&rsquo;aveu ou d&rsquo;autor\u00e9flexion. Nous profiterons des r\u00e9unions des commissions pour approfondir la question et y r\u00e9pondre en d\u00e9tail en d\u00e9cembre, de mani\u00e8re pragmatique et habituelle, et faire des propositions alternatives.\u00a0\u00bb<\/p>\n<div id=\"attachment_395311\" class=\"wp-caption alignleft\" style=\"max-width: 300px\"><img decoding=\"async\" class=\"wp-image-395311 size-medium\" src=\"https:\/\/vieassociative.be\/actualites\/wp-content\/uploads\/2025\/10\/Budget-2026-Vivant-et-Ecolo-serieusement-decus-par-la.jpg\" alt=\"\" width=\"300\" height=\"201\"  ><\/div>\n<p>Le groupe Ecolo \u00e9tait \u00e9galement d\u00e9\u00e7u avant m\u00eame le d\u00e9but des d\u00e9lib\u00e9rations. \u00ab\u00a0Nous attendions du gouvernement qu&rsquo;il prenne un certain nombre de mesures concr\u00e8tes qui ont \u00e9t\u00e9 discut\u00e9es depuis un certain temps. Malheureusement, cela ne se produit pas du tout ou seulement sans enthousiasme\u00a0\u00bb, a d\u00e9clar\u00e9 la pr\u00e9sidente du groupe parlementaire Fabienne Colling.<\/p>\n<p>Les Verts estiment toutefois que des mesures d\u00e9cisives sont n\u00e9cessaires d\u00e8s maintenant. \u00ab\u00a0Le gouvernement lui-m\u00eame consid\u00e8re l&rsquo;allocation de soins comme inabordable. Nous le disons depuis longtemps. Une r\u00e9forme est envisag\u00e9e, mais il n&rsquo;y a pas de calendrier concret. Les cotisations parentales du ZKB restent bien trop faibles pour les tranches de revenus \u00e9lev\u00e9es. La DG ne peut pas non plus se le permettre, m\u00eame si elle a \u00e9t\u00e9 introduite il y a seulement deux bonnes ann\u00e9es. Enfin, l&rsquo;introduction d&rsquo;un plafond salarial pour les primes \u00e9nerg\u00e9tiques est une mesure tr\u00e8s timide et sans r\u00e9el impact sur eux. DG. Cela ne garantit ni une r\u00e9partition socialement plus \u00e9quitable des fonds limit\u00e9s, ni ne limite les effets d\u2019aubaine pour des projets qui auraient \u00e9t\u00e9 r\u00e9alis\u00e9s de toute fa\u00e7on \u00bb, a soulign\u00e9 Colling.<\/p>\n<p>En ce qui concerne le PS, la question se pose de savoir si les socialistes et les sociaux-d\u00e9mocrates sont d\u00e9j\u00e0 devenus l&rsquo;opposition apr\u00e8s 34 ans de gouvernement. Charles Servaty, qui a remplac\u00e9 Kirsten Neycken-Bartholemy au Parlement, doit encore apprendre ce que signifie \u00eatre dans l&rsquo;opposition. Apr\u00e8s tout, il \u00e9tait encore pr\u00e9sident du Parlement \u00e0 la fin de la derni\u00e8re l\u00e9gislature.<\/p>\n<p>Il n&rsquo;est pas \u00e9tonnant que le SP se retient encore de commenter le budget 2026 de la DG. \u00ab\u00a0Nous attendrons l&rsquo;\u00e9volution des diff\u00e9rents contenus au sein des commissions. Nous r\u00e9agirons alors au plus tard en d\u00e9cembre\u00a0\u00bb, a d\u00e9clar\u00e9 succinctement la pr\u00e9sidente du SP Linda Zwartbol. (cr\u00e9er)<\/p>\n","protected":false},"excerpt":{"rendered":"<p>La pr\u00e9sentation du budget 2026 de la DG par le Premier ministre Oliver Paasch (ProDG) lundi dernier a marqu\u00e9 le d\u00e9but des discussions budg\u00e9taires au<\/p>\n","protected":false},"author":1,"featured_media":10921,"comment_status":"","ping_status":"","sticky":false,"template":"","format":"standard","meta":{"footnotes":""},"categories":[298],"tags":[3527,5216,9045,9046,2607,76,615,2553,676,4543,3138],"class_list":["post-10920","post","type-post","status-publish","format-standard","has-post-thumbnail","hentry","category-belgique","tag-balter","tag-budget","tag-decus","tag-eblouissant","tag-ecolo","tag-est","tag-gouvernement","tag-paasch","tag-par","tag-serieusement","tag-vivant","generate-columns","tablet-grid-50","mobile-grid-100","grid-parent","grid-33"],"yoast_head":"<!-- This site is optimized with the Yoast SEO plugin v24.0 - https:\/\/yoast.com\/wordpress\/plugins\/seo\/ -->\n<title>Budget 2026 : Vivant et Ecolo s\u00e9rieusement d\u00e9\u00e7us par la DG gouvernement \u2013 \u200b\u200bBalter : \u00ab Paasch est un \u00e9blouissant \u00bb | Vie Associative<\/title>\n<meta name=\"robots\" content=\"index, follow, max-snippet:-1, max-image-preview:large, max-video-preview:-1\" \/>\n<link rel=\"canonical\" href=\"https:\/\/vieassociative.be\/actualites\/budget-2026-vivant-et-ecolo-serieusement-decus-par-la-dg-gouvernement-balter-paasch-est-un-eblouissant\/\" \/>\n<meta property=\"og:locale\" content=\"fr_FR\" \/>\n<meta property=\"og:type\" content=\"article\" \/>\n<meta property=\"og:title\" content=\"Budget 2026 : Vivant et Ecolo s\u00e9rieusement d\u00e9\u00e7us par la DG gouvernement \u2013 \u200b\u200bBalter : \u00ab Paasch est un \u00e9blouissant \u00bb | Vie Associative\" \/>\n<meta property=\"og:description\" content=\"La pr\u00e9sentation du budget 2026 de la DG par le Premier ministre Oliver Paasch (ProDG) lundi dernier a marqu\u00e9 le d\u00e9but des discussions budg\u00e9taires au\" \/>\n<meta property=\"og:url\" content=\"https:\/\/vieassociative.be\/actualites\/budget-2026-vivant-et-ecolo-serieusement-decus-par-la-dg-gouvernement-balter-paasch-est-un-eblouissant\/\" \/>\n<meta property=\"og:site_name\" content=\"Vie Associative\" \/>\n<meta property=\"article:published_time\" content=\"2025-10-26T20:17:06+00:00\" \/>\n<meta property=\"og:image\" content=\"https:\/\/vieassociative.be\/actualites\/wp-content\/uploads\/2024\/09\/header_backgroundk-01-e1726694325946.png\" \/>\n\t<meta property=\"og:image:width\" content=\"279\" \/>\n\t<meta property=\"og:image:height\" content=\"92\" \/>\n\t<meta property=\"og:image:type\" content=\"image\/png\" \/>\n<meta name=\"author\" content=\"Julien\" \/>\n<meta name=\"twitter:card\" content=\"summary_large_image\" \/>\n<meta name=\"twitter:label1\" content=\"\u00c9crit par\" \/>\n\t<meta name=\"twitter:data1\" content=\"Julien\" \/>\n\t<meta name=\"twitter:label2\" content=\"Dur\u00e9e de lecture est.\" \/>\n\t<meta name=\"twitter:data2\" content=\"4 minutes\" \/>\n<script type=\"application\/ld+json\" class=\"yoast-schema-graph\">{\"@context\":\"https:\/\/schema.org\",\"@graph\":[{\"@type\":\"Article\",\"@id\":\"https:\/\/vieassociative.be\/actualites\/budget-2026-vivant-et-ecolo-serieusement-decus-par-la-dg-gouvernement-balter-paasch-est-un-eblouissant\/#article\",\"isPartOf\":{\"@id\":\"https:\/\/vieassociative.be\/actualites\/budget-2026-vivant-et-ecolo-serieusement-decus-par-la-dg-gouvernement-balter-paasch-est-un-eblouissant\/\"},\"author\":{\"name\":\"Julien\",\"@id\":\"https:\/\/vieassociative.be\/actualites\/#\/schema\/person\/b87ac4f82f9d4e7b7cec7395b679edc4\"},\"headline\":\"Budget 2026 : Vivant et Ecolo s\u00e9rieusement d\u00e9\u00e7us par la DG gouvernement \u2013 \u200b\u200bBalter : \u00ab Paasch est un \u00e9blouissant \u00bb\",\"datePublished\":\"2025-10-26T20:17:06+00:00\",\"dateModified\":\"2025-10-26T20:17:06+00:00\",\"mainEntityOfPage\":{\"@id\":\"https:\/\/vieassociative.be\/actualites\/budget-2026-vivant-et-ecolo-serieusement-decus-par-la-dg-gouvernement-balter-paasch-est-un-eblouissant\/\"},\"wordCount\":747,\"publisher\":{\"@id\":\"https:\/\/vieassociative.be\/actualites\/#organization\"},\"image\":{\"@id\":\"https:\/\/vieassociative.be\/actualites\/budget-2026-vivant-et-ecolo-serieusement-decus-par-la-dg-gouvernement-balter-paasch-est-un-eblouissant\/#primaryimage\"},\"thumbnailUrl\":\"https:\/\/vieassociative.be\/actualites\/wp-content\/uploads\/2025\/10\/1761509826_Budget-2026-Vivant-et-Ecolo-serieusement-decus-par-la.jpg\",\"keywords\":[\"Balter\",\"budget\",\"d\u00e9\u00e7us\",\"\u00e9blouissant\",\"Ecolo\",\"est\",\"gouvernement\",\"Paasch\",\"par\",\"S\u00e9rieusement\",\"Vivant\"],\"articleSection\":[\"Belgique\"],\"inLanguage\":\"fr-BE\"},{\"@type\":\"WebPage\",\"@id\":\"https:\/\/vieassociative.be\/actualites\/budget-2026-vivant-et-ecolo-serieusement-decus-par-la-dg-gouvernement-balter-paasch-est-un-eblouissant\/\",\"url\":\"https:\/\/vieassociative.be\/actualites\/budget-2026-vivant-et-ecolo-serieusement-decus-par-la-dg-gouvernement-balter-paasch-est-un-eblouissant\/\",\"name\":\"Budget 2026 : Vivant et Ecolo s\u00e9rieusement d\u00e9\u00e7us par la DG gouvernement \u2013 \u200b\u200bBalter : \u00ab Paasch est un \u00e9blouissant \u00bb | Vie Associative\",\"isPartOf\":{\"@id\":\"https:\/\/vieassociative.be\/actualites\/#website\"},\"primaryImageOfPage\":{\"@id\":\"https:\/\/vieassociative.be\/actualites\/budget-2026-vivant-et-ecolo-serieusement-decus-par-la-dg-gouvernement-balter-paasch-est-un-eblouissant\/#primaryimage\"},\"image\":{\"@id\":\"https:\/\/vieassociative.be\/actualites\/budget-2026-vivant-et-ecolo-serieusement-decus-par-la-dg-gouvernement-balter-paasch-est-un-eblouissant\/#primaryimage\"},\"thumbnailUrl\":\"https:\/\/vieassociative.be\/actualites\/wp-content\/uploads\/2025\/10\/1761509826_Budget-2026-Vivant-et-Ecolo-serieusement-decus-par-la.jpg\",\"datePublished\":\"2025-10-26T20:17:06+00:00\",\"dateModified\":\"2025-10-26T20:17:06+00:00\",\"breadcrumb\":{\"@id\":\"https:\/\/vieassociative.be\/actualites\/budget-2026-vivant-et-ecolo-serieusement-decus-par-la-dg-gouvernement-balter-paasch-est-un-eblouissant\/#breadcrumb\"},\"inLanguage\":\"fr-BE\",\"potentialAction\":[{\"@type\":\"ReadAction\",\"target\":[\"https:\/\/vieassociative.be\/actualites\/budget-2026-vivant-et-ecolo-serieusement-decus-par-la-dg-gouvernement-balter-paasch-est-un-eblouissant\/\"]}]},{\"@type\":\"ImageObject\",\"inLanguage\":\"fr-BE\",\"@id\":\"https:\/\/vieassociative.be\/actualites\/budget-2026-vivant-et-ecolo-serieusement-decus-par-la-dg-gouvernement-balter-paasch-est-un-eblouissant\/#primaryimage\",\"url\":\"https:\/\/vieassociative.be\/actualites\/wp-content\/uploads\/2025\/10\/1761509826_Budget-2026-Vivant-et-Ecolo-serieusement-decus-par-la.jpg\",\"contentUrl\":\"https:\/\/vieassociative.be\/actualites\/wp-content\/uploads\/2025\/10\/1761509826_Budget-2026-Vivant-et-Ecolo-serieusement-decus-par-la.jpg\",\"width\":1200,\"height\":800,\"caption\":\"Budget 2026 : Vivant et Ecolo s\u00e9rieusement d\u00e9\u00e7us par la DG gouvernement \u2013 \u200b\u200bBalter : \u00ab Paasch est un \u00e9blouissant \u00bb\"},{\"@type\":\"BreadcrumbList\",\"@id\":\"https:\/\/vieassociative.be\/actualites\/budget-2026-vivant-et-ecolo-serieusement-decus-par-la-dg-gouvernement-balter-paasch-est-un-eblouissant\/#breadcrumb\",\"itemListElement\":[{\"@type\":\"ListItem\",\"position\":1,\"name\":\"Accueil\",\"item\":\"https:\/\/vieassociative.be\/actualites\/\"},{\"@type\":\"ListItem\",\"position\":2,\"name\":\"Budget 2026 : Vivant et Ecolo s\u00e9rieusement d\u00e9\u00e7us par la DG gouvernement \u2013 \u200b\u200bBalter : \u00ab Paasch est un \u00e9blouissant \u00bb\"}]},{\"@type\":\"WebSite\",\"@id\":\"https:\/\/vieassociative.be\/actualites\/#website\",\"url\":\"https:\/\/vieassociative.be\/actualites\/\",\"name\":\"Vie Associative\",\"description\":\"\",\"publisher\":{\"@id\":\"https:\/\/vieassociative.be\/actualites\/#organization\"},\"potentialAction\":[{\"@type\":\"SearchAction\",\"target\":{\"@type\":\"EntryPoint\",\"urlTemplate\":\"https:\/\/vieassociative.be\/actualites\/?s={search_term_string}\"},\"query-input\":{\"@type\":\"PropertyValueSpecification\",\"valueRequired\":true,\"valueName\":\"search_term_string\"}}],\"inLanguage\":\"fr-BE\"},{\"@type\":\"Organization\",\"@id\":\"https:\/\/vieassociative.be\/actualites\/#organization\",\"name\":\"Vie Associative\",\"url\":\"https:\/\/vieassociative.be\/actualites\/\",\"logo\":{\"@type\":\"ImageObject\",\"inLanguage\":\"fr-BE\",\"@id\":\"https:\/\/vieassociative.be\/actualites\/#\/schema\/logo\/image\/\",\"url\":\"https:\/\/vieassociative.be\/actualites\/wp-content\/uploads\/2024\/09\/cropped-vieassociative_favicon.ico.png\",\"contentUrl\":\"https:\/\/vieassociative.be\/actualites\/wp-content\/uploads\/2024\/09\/cropped-vieassociative_favicon.ico.png\",\"width\":512,\"height\":512,\"caption\":\"Vie Associative\"},\"image\":{\"@id\":\"https:\/\/vieassociative.be\/actualites\/#\/schema\/logo\/image\/\"}},{\"@type\":\"Person\",\"@id\":\"https:\/\/vieassociative.be\/actualites\/#\/schema\/person\/b87ac4f82f9d4e7b7cec7395b679edc4\",\"name\":\"Julien\",\"image\":{\"@type\":\"ImageObject\",\"inLanguage\":\"fr-BE\",\"@id\":\"https:\/\/vieassociative.be\/actualites\/#\/schema\/person\/image\/\",\"url\":\"https:\/\/vieassociative.be\/actualites\/wp-content\/uploads\/2024\/09\/vie-associative-1-150x150.jpg\",\"contentUrl\":\"https:\/\/vieassociative.be\/actualites\/wp-content\/uploads\/2024\/09\/vie-associative-1-150x150.jpg\",\"caption\":\"Julien\"},\"description\":\"Je suis Julien, r\u00e9dacteur pour Vie Associative. Passionn\u00e9 par le monde associatif depuis plus de 10 ans, j'ai \u00e0 c\u0153ur de partager des histoires inspirantes et de mettre en lumi\u00e8re les initiatives locales. Mon objectif est de sensibiliser et d'encourager l'engagement communautaire \u00e0 travers mes articles.\",\"sameAs\":[\"https:\/\/vieassociative.be\/\"]}]}<\/script>\n<!-- \/ Yoast SEO plugin. -->","yoast_head_json":{"title":"Budget 2026 : Vivant et Ecolo s\u00e9rieusement d\u00e9\u00e7us par la DG gouvernement \u2013 \u200b\u200bBalter : \u00ab Paasch est un \u00e9blouissant \u00bb | Vie Associative","robots":{"index":"index","follow":"follow","max-snippet":"max-snippet:-1","max-image-preview":"max-image-preview:large","max-video-preview":"max-video-preview:-1"},"canonical":"https:\/\/vieassociative.be\/actualites\/budget-2026-vivant-et-ecolo-serieusement-decus-par-la-dg-gouvernement-balter-paasch-est-un-eblouissant\/","og_locale":"fr_FR","og_type":"article","og_title":"Budget 2026 : Vivant et Ecolo s\u00e9rieusement d\u00e9\u00e7us par la DG gouvernement \u2013 \u200b\u200bBalter : \u00ab Paasch est un \u00e9blouissant \u00bb | Vie Associative","og_description":"La pr\u00e9sentation du budget 2026 de la DG par le Premier ministre Oliver Paasch (ProDG) lundi dernier a marqu\u00e9 le d\u00e9but des discussions budg\u00e9taires au","og_url":"https:\/\/vieassociative.be\/actualites\/budget-2026-vivant-et-ecolo-serieusement-decus-par-la-dg-gouvernement-balter-paasch-est-un-eblouissant\/","og_site_name":"Vie Associative","article_published_time":"2025-10-26T20:17:06+00:00","og_image":[{"width":279,"height":92,"url":"https:\/\/vieassociative.be\/actualites\/wp-content\/uploads\/2024\/09\/header_backgroundk-01-e1726694325946.png","type":"image\/png"}],"author":"Julien","twitter_card":"summary_large_image","twitter_misc":{"\u00c9crit par":"Julien","Dur\u00e9e de lecture est.":"4 minutes"},"schema":{"@context":"https:\/\/schema.org","@graph":[{"@type":"Article","@id":"https:\/\/vieassociative.be\/actualites\/budget-2026-vivant-et-ecolo-serieusement-decus-par-la-dg-gouvernement-balter-paasch-est-un-eblouissant\/#article","isPartOf":{"@id":"https:\/\/vieassociative.be\/actualites\/budget-2026-vivant-et-ecolo-serieusement-decus-par-la-dg-gouvernement-balter-paasch-est-un-eblouissant\/"},"author":{"name":"Julien","@id":"https:\/\/vieassociative.be\/actualites\/#\/schema\/person\/b87ac4f82f9d4e7b7cec7395b679edc4"},"headline":"Budget 2026 : Vivant et Ecolo s\u00e9rieusement d\u00e9\u00e7us par la DG gouvernement \u2013 \u200b\u200bBalter : \u00ab Paasch est un \u00e9blouissant \u00bb","datePublished":"2025-10-26T20:17:06+00:00","dateModified":"2025-10-26T20:17:06+00:00","mainEntityOfPage":{"@id":"https:\/\/vieassociative.be\/actualites\/budget-2026-vivant-et-ecolo-serieusement-decus-par-la-dg-gouvernement-balter-paasch-est-un-eblouissant\/"},"wordCount":747,"publisher":{"@id":"https:\/\/vieassociative.be\/actualites\/#organization"},"image":{"@id":"https:\/\/vieassociative.be\/actualites\/budget-2026-vivant-et-ecolo-serieusement-decus-par-la-dg-gouvernement-balter-paasch-est-un-eblouissant\/#primaryimage"},"thumbnailUrl":"https:\/\/vieassociative.be\/actualites\/wp-content\/uploads\/2025\/10\/1761509826_Budget-2026-Vivant-et-Ecolo-serieusement-decus-par-la.jpg","keywords":["Balter","budget","d\u00e9\u00e7us","\u00e9blouissant","Ecolo","est","gouvernement","Paasch","par","S\u00e9rieusement","Vivant"],"articleSection":["Belgique"],"inLanguage":"fr-BE"},{"@type":"WebPage","@id":"https:\/\/vieassociative.be\/actualites\/budget-2026-vivant-et-ecolo-serieusement-decus-par-la-dg-gouvernement-balter-paasch-est-un-eblouissant\/","url":"https:\/\/vieassociative.be\/actualites\/budget-2026-vivant-et-ecolo-serieusement-decus-par-la-dg-gouvernement-balter-paasch-est-un-eblouissant\/","name":"Budget 2026 : Vivant et Ecolo s\u00e9rieusement d\u00e9\u00e7us par la DG gouvernement \u2013 \u200b\u200bBalter : \u00ab Paasch est un \u00e9blouissant \u00bb | Vie Associative","isPartOf":{"@id":"https:\/\/vieassociative.be\/actualites\/#website"},"primaryImageOfPage":{"@id":"https:\/\/vieassociative.be\/actualites\/budget-2026-vivant-et-ecolo-serieusement-decus-par-la-dg-gouvernement-balter-paasch-est-un-eblouissant\/#primaryimage"},"image":{"@id":"https:\/\/vieassociative.be\/actualites\/budget-2026-vivant-et-ecolo-serieusement-decus-par-la-dg-gouvernement-balter-paasch-est-un-eblouissant\/#primaryimage"},"thumbnailUrl":"https:\/\/vieassociative.be\/actualites\/wp-content\/uploads\/2025\/10\/1761509826_Budget-2026-Vivant-et-Ecolo-serieusement-decus-par-la.jpg","datePublished":"2025-10-26T20:17:06+00:00","dateModified":"2025-10-26T20:17:06+00:00","breadcrumb":{"@id":"https:\/\/vieassociative.be\/actualites\/budget-2026-vivant-et-ecolo-serieusement-decus-par-la-dg-gouvernement-balter-paasch-est-un-eblouissant\/#breadcrumb"},"inLanguage":"fr-BE","potentialAction":[{"@type":"ReadAction","target":["https:\/\/vieassociative.be\/actualites\/budget-2026-vivant-et-ecolo-serieusement-decus-par-la-dg-gouvernement-balter-paasch-est-un-eblouissant\/"]}]},{"@type":"ImageObject","inLanguage":"fr-BE","@id":"https:\/\/vieassociative.be\/actualites\/budget-2026-vivant-et-ecolo-serieusement-decus-par-la-dg-gouvernement-balter-paasch-est-un-eblouissant\/#primaryimage","url":"https:\/\/vieassociative.be\/actualites\/wp-content\/uploads\/2025\/10\/1761509826_Budget-2026-Vivant-et-Ecolo-serieusement-decus-par-la.jpg","contentUrl":"https:\/\/vieassociative.be\/actualites\/wp-content\/uploads\/2025\/10\/1761509826_Budget-2026-Vivant-et-Ecolo-serieusement-decus-par-la.jpg","width":1200,"height":800,"caption":"Budget 2026 : Vivant et Ecolo s\u00e9rieusement d\u00e9\u00e7us par la DG gouvernement \u2013 \u200b\u200bBalter : \u00ab Paasch est un \u00e9blouissant \u00bb"},{"@type":"BreadcrumbList","@id":"https:\/\/vieassociative.be\/actualites\/budget-2026-vivant-et-ecolo-serieusement-decus-par-la-dg-gouvernement-balter-paasch-est-un-eblouissant\/#breadcrumb","itemListElement":[{"@type":"ListItem","position":1,"name":"Accueil","item":"https:\/\/vieassociative.be\/actualites\/"},{"@type":"ListItem","position":2,"name":"Budget 2026 : Vivant et Ecolo s\u00e9rieusement d\u00e9\u00e7us par la DG gouvernement \u2013 \u200b\u200bBalter : \u00ab Paasch est un \u00e9blouissant \u00bb"}]},{"@type":"WebSite","@id":"https:\/\/vieassociative.be\/actualites\/#website","url":"https:\/\/vieassociative.be\/actualites\/","name":"Vie Associative","description":"","publisher":{"@id":"https:\/\/vieassociative.be\/actualites\/#organization"},"potentialAction":[{"@type":"SearchAction","target":{"@type":"EntryPoint","urlTemplate":"https:\/\/vieassociative.be\/actualites\/?s={search_term_string}"},"query-input":{"@type":"PropertyValueSpecification","valueRequired":true,"valueName":"search_term_string"}}],"inLanguage":"fr-BE"},{"@type":"Organization","@id":"https:\/\/vieassociative.be\/actualites\/#organization","name":"Vie Associative","url":"https:\/\/vieassociative.be\/actualites\/","logo":{"@type":"ImageObject","inLanguage":"fr-BE","@id":"https:\/\/vieassociative.be\/actualites\/#\/schema\/logo\/image\/","url":"https:\/\/vieassociative.be\/actualites\/wp-content\/uploads\/2024\/09\/cropped-vieassociative_favicon.ico.png","contentUrl":"https:\/\/vieassociative.be\/actualites\/wp-content\/uploads\/2024\/09\/cropped-vieassociative_favicon.ico.png","width":512,"height":512,"caption":"Vie Associative"},"image":{"@id":"https:\/\/vieassociative.be\/actualites\/#\/schema\/logo\/image\/"}},{"@type":"Person","@id":"https:\/\/vieassociative.be\/actualites\/#\/schema\/person\/b87ac4f82f9d4e7b7cec7395b679edc4","name":"Julien","image":{"@type":"ImageObject","inLanguage":"fr-BE","@id":"https:\/\/vieassociative.be\/actualites\/#\/schema\/person\/image\/","url":"https:\/\/vieassociative.be\/actualites\/wp-content\/uploads\/2024\/09\/vie-associative-1-150x150.jpg","contentUrl":"https:\/\/vieassociative.be\/actualites\/wp-content\/uploads\/2024\/09\/vie-associative-1-150x150.jpg","caption":"Julien"},"description":"Je suis Julien, r\u00e9dacteur pour Vie Associative. Passionn\u00e9 par le monde associatif depuis plus de 10 ans, j'ai \u00e0 c\u0153ur de partager des histoires inspirantes et de mettre en lumi\u00e8re les initiatives locales. Mon objectif est de sensibiliser et d'encourager l'engagement communautaire \u00e0 travers mes articles.","sameAs":["https:\/\/vieassociative.be\/"]}]}},"_links":{"self":[{"href":"https:\/\/vieassociative.be\/actualites\/wp-json\/wp\/v2\/posts\/10920"}],"collection":[{"href":"https:\/\/vieassociative.be\/actualites\/wp-json\/wp\/v2\/posts"}],"about":[{"href":"https:\/\/vieassociative.be\/actualites\/wp-json\/wp\/v2\/types\/post"}],"author":[{"embeddable":true,"href":"https:\/\/vieassociative.be\/actualites\/wp-json\/wp\/v2\/users\/1"}],"replies":[{"embeddable":true,"href":"https:\/\/vieassociative.be\/actualites\/wp-json\/wp\/v2\/comments?post=10920"}],"version-history":[{"count":0,"href":"https:\/\/vieassociative.be\/actualites\/wp-json\/wp\/v2\/posts\/10920\/revisions"}],"wp:featuredmedia":[{"embeddable":true,"href":"https:\/\/vieassociative.be\/actualites\/wp-json\/wp\/v2\/media\/10921"}],"wp:attachment":[{"href":"https:\/\/vieassociative.be\/actualites\/wp-json\/wp\/v2\/media?parent=10920"}],"wp:term":[{"taxonomy":"category","embeddable":true,"href":"https:\/\/vieassociative.be\/actualites\/wp-json\/wp\/v2\/categories?post=10920"},{"taxonomy":"post_tag","embeddable":true,"href":"https:\/\/vieassociative.be\/actualites\/wp-json\/wp\/v2\/tags?post=10920"}],"curies":[{"name":"wp","href":"https:\/\/api.w.org\/{rel}","templated":true}]}}