{"id":10918,"date":"2025-10-26T20:19:07","date_gmt":"2025-10-26T19:19:07","guid":{"rendered":"https:\/\/vieassociative.be\/actualites\/les-equipes-microsoft-diront-bientot-a-votre-patron-lorsque-vous-netes-pas-au-bureau\/"},"modified":"2025-10-26T20:19:07","modified_gmt":"2025-10-26T19:19:07","slug":"les-equipes-microsoft-diront-bientot-a-votre-patron-lorsque-vous-netes-pas-au-bureau","status":"publish","type":"post","link":"https:\/\/vieassociative.be\/actualites\/les-equipes-microsoft-diront-bientot-a-votre-patron-lorsque-vous-netes-pas-au-bureau\/","title":{"rendered":"Les \u00e9quipes Microsoft diront bient\u00f4t \u00e0 votre patron lorsque vous n&rsquo;\u00eates pas au bureau"},"content":{"rendered":"<div class=\"mt-4 leading-6 md:mb-8\">Teams n\u2019est pas un joueur d\u2019\u00e9quipe.<\/div>\n<p><\/p>\n<p>La pand\u00e9mie a prouv\u00e9 que beaucoup d\u2019entre nous peuvent tr\u00e8s bien faire leur travail en dehors du bureau. N\u00e9anmoins, les entreprises continuent de faire pression pour que les travailleurs retournent dans leurs bureaux, que ce soit dans le cadre d&rsquo;un arrangement hybride ou d&rsquo;une pr\u00e9sence obligatoire cinq jours par semaine. Dans les deux cas, de nombreuses entreprises cherchent des moyens de responsabiliser leurs employ\u00e9s : \u00e9tant donn\u00e9 que beaucoup de nos t\u00e2ches peuvent \u00eatre effectu\u00e9es n&rsquo;importe o\u00f9 avec une connexion Internet, si votre patron ne vous surveille pas, il n&rsquo;est pas toujours facile de savoir d&rsquo;o\u00f9 vous travaillez. <\/p>\n<p>Peut-\u00eatre que votre entreprise a d\u00e9ploy\u00e9 des initiatives destin\u00e9es \u00e0 encourager la pr\u00e9sence au bureau. Peut-\u00eatre que votre patron compte vos passages de badge pour s&rsquo;assurer que vous respectez votre quota hebdomadaire au bureau, ou que vous \u00eates oblig\u00e9 d&rsquo;assister \u00e0 des r\u00e9unions en personne. Mais ce ne sont pas seulement les entreprises elles-m\u00eames qui travaillent sur ce type de mesures. M\u00eame Microsoft essaie de rendre plus difficile la t\u00e2che des employ\u00e9s distants qui souhaitent continuer \u00e0 travailler l\u00e0 o\u00f9 ils le souhaitent. <\/p>\n<h2 id=\"how-teams-will-track-where-youre-working-from\">Comment Teams suivra d\u2019o\u00f9 vous travaillez<\/h2>\n<p>Comme l&rsquo;a rep\u00e9r\u00e9 Tom&rsquo;s Guide, Microsoft Teams d\u00e9ploiera une mise \u00e0 jour en d\u00e9cembre qui aura la possibilit\u00e9 de signaler si vous travaillez ou non depuis le bureau de votre entreprise. Les notes de mise \u00e0 jour sont peu d\u00e9taill\u00e9es, mais incluent les \u00e9l\u00e9ments suivants : \u00ab Lorsque les utilisateurs se connectent au (wifi) de leur organisation, les \u00e9quipes pourront bient\u00f4t mettre \u00e0 jour automatiquement leur emplacement de travail pour refl\u00e9ter le b\u00e2timent \u00e0 partir duquel ils travaillent.<\/p>\n<div class=\"mx-auto mb-12 mt-5 w-full max-w-3xl rounded-md border-2 border-gray-100 p-3 shadow-md md:px-7 md:pb-7 md:pt-5\" id=\"related-video\">\n<div class=\"mb-3 flex items-center md:mb-5\">\n        <img decoding=\"async\" class=\"mr-4 mt-0 h-10 w-10 md:mr-5 md:h-12 md:w-12\" src=\"https:\/\/vieassociative.be\/actualites\/wp-content\/uploads\/2025\/09\/1757726237_608_Meta-pourrait-devoiler-une-montre-intelligente-pour-controler-ses-lunettes.jpg\" alt=\"Logo du pirate de la vie\"><\/p><\/div>\n<div class=\"aspect-video w-full overflow-hidden rounded-md\">\n<div id=\"video-container-01K8GXRX8008DQWZDK929HVWDM\"><\/div>\n<\/p><\/div>\n<\/div>\n<p>Le langage sugg\u00e8re que Microsoft souhaite que cette fonctionnalit\u00e9 soit davantage ax\u00e9e sur l&rsquo;aide aux travailleurs \u00e0 localiser leurs coll\u00e8gues dans les grands complexes de bureaux, et moins sur la d\u00e9nonciation des employ\u00e9s travaillant \u00e0 domicile alors qu&rsquo;ils ne devraient pas l&rsquo;\u00eatre. C&rsquo;est assez juste\u00a0: si je travaillais pour une entreprise poss\u00e9dant plusieurs b\u00e2timents sur le campus, il serait utile de savoir o\u00f9 se trouvait la personne \u00e0 qui je devais parler ce jour-l\u00e0. <\/p>\n<p>Mais soyons r\u00e9alistes. Cette fonctionnalit\u00e9 sera \u00e9galement utilis\u00e9e par les entreprises pour suivre leurs employ\u00e9s et s&rsquo;assurer qu&rsquo;ils travaillent depuis l&rsquo;endroit o\u00f9 ils sont cens\u00e9s travailler. Votre patron peut consulter votre statut Teams \u00e0 tout moment, et s&rsquo;il ne signale pas que vous travaillez depuis l&rsquo;un des b\u00e2timents de l&rsquo;entreprise, il saura que vous n&rsquo;\u00eates pas au bureau. Non, la fonctionnalit\u00e9 ne sera pas activ\u00e9e par d\u00e9faut, mais si votre entreprise le souhaite, votre service informatique peut l&rsquo;activer et exiger que vous l&rsquo;activiez \u00e9galement de votre c\u00f4t\u00e9. <\/p>\n<p>En tant que personne ayant travaill\u00e9 \u00e0 distance pendant la majeure partie de ma carri\u00e8re professionnelle, je trouve les mandats de retour au bureau g\u00e9n\u00e9ralement ridicules. Je comprends qu&rsquo;il y a des t\u00e2ches qui ne peuvent pas \u00eatre effectu\u00e9es \u00e0 distance et que certains aspects d&rsquo;autres sont am\u00e9lior\u00e9s par la collaboration en personne. Mais si la grande majorit\u00e9 de votre travail s\u2019effectue sur un ordinateur portable connect\u00e9 \u00e0 Internet, cela n\u2019a aucun sens que vous soyez oblig\u00e9 de travailler depuis un bureau. Il semble \u00e9galement d\u00e9moralisant de traiter les employ\u00e9s comme des enfants, en suivant leurs d\u00e9placements pour s&rsquo;assurer qu&rsquo;ils effectuent leur travail \u00e0 partir d&rsquo;un lieu pr\u00e9-approuv\u00e9. Si vous accomplissez votre travail, peu importe o\u00f9 ce travail se d\u00e9roule\u00a0?<\/p>\n","protected":false},"excerpt":{"rendered":"<p>Teams n\u2019est pas un joueur d\u2019\u00e9quipe. La pand\u00e9mie a prouv\u00e9 que beaucoup d\u2019entre nous peuvent tr\u00e8s bien faire leur travail en dehors du bureau. N\u00e9anmoins,<\/p>\n","protected":false},"author":1,"featured_media":10919,"comment_status":"","ping_status":"","sticky":false,"template":"","format":"standard","meta":{"footnotes":""},"categories":[13],"tags":[2550,4737,9044,5550,14,559,1190,2966,126,3953,8,4],"class_list":["post-10918","post","type-post","status-publish","format-standard","has-post-thumbnail","hentry","category-technologie","tag-bientot","tag-bureau","tag-diront","tag-equipes","tag-les","tag-lorsque","tag-microsoft","tag-netes","tag-pas","tag-patron","tag-votre","tag-vous","generate-columns","tablet-grid-50","mobile-grid-100","grid-parent","grid-33"],"yoast_head":"<!-- This site is optimized with the Yoast SEO plugin v24.0 - https:\/\/yoast.com\/wordpress\/plugins\/seo\/ -->\n<title>Les \u00e9quipes Microsoft diront bient\u00f4t \u00e0 votre patron lorsque vous n&#039;\u00eates pas au bureau | Vie Associative<\/title>\n<meta name=\"robots\" content=\"index, follow, max-snippet:-1, max-image-preview:large, max-video-preview:-1\" \/>\n<link rel=\"canonical\" href=\"https:\/\/vieassociative.be\/actualites\/les-equipes-microsoft-diront-bientot-a-votre-patron-lorsque-vous-netes-pas-au-bureau\/\" \/>\n<meta property=\"og:locale\" content=\"fr_FR\" \/>\n<meta property=\"og:type\" content=\"article\" \/>\n<meta property=\"og:title\" content=\"Les \u00e9quipes Microsoft diront bient\u00f4t \u00e0 votre patron lorsque vous n&#039;\u00eates pas au bureau | Vie Associative\" \/>\n<meta property=\"og:description\" content=\"Teams n\u2019est pas un joueur d\u2019\u00e9quipe. La pand\u00e9mie a prouv\u00e9 que beaucoup d\u2019entre nous peuvent tr\u00e8s bien faire leur travail en dehors du bureau. N\u00e9anmoins,\" \/>\n<meta property=\"og:url\" content=\"https:\/\/vieassociative.be\/actualites\/les-equipes-microsoft-diront-bientot-a-votre-patron-lorsque-vous-netes-pas-au-bureau\/\" \/>\n<meta property=\"og:site_name\" content=\"Vie Associative\" \/>\n<meta property=\"article:published_time\" content=\"2025-10-26T19:19:07+00:00\" \/>\n<meta property=\"og:image\" content=\"https:\/\/vieassociative.be\/actualites\/wp-content\/uploads\/2025\/09\/1757726237_608_Meta-pourrait-devoiler-une-montre-intelligente-pour-controler-ses-lunettes.jpg\" \/>\n<meta name=\"author\" content=\"Julien\" \/>\n<meta name=\"twitter:card\" content=\"summary_large_image\" \/>\n<meta name=\"twitter:label1\" content=\"\u00c9crit par\" \/>\n\t<meta name=\"twitter:data1\" content=\"Julien\" \/>\n\t<meta name=\"twitter:label2\" content=\"Dur\u00e9e de lecture est.\" \/>\n\t<meta name=\"twitter:data2\" content=\"3 minutes\" \/>\n<script type=\"application\/ld+json\" class=\"yoast-schema-graph\">{\"@context\":\"https:\/\/schema.org\",\"@graph\":[{\"@type\":\"Article\",\"@id\":\"https:\/\/vieassociative.be\/actualites\/les-equipes-microsoft-diront-bientot-a-votre-patron-lorsque-vous-netes-pas-au-bureau\/#article\",\"isPartOf\":{\"@id\":\"https:\/\/vieassociative.be\/actualites\/les-equipes-microsoft-diront-bientot-a-votre-patron-lorsque-vous-netes-pas-au-bureau\/\"},\"author\":{\"name\":\"Julien\",\"@id\":\"https:\/\/vieassociative.be\/actualites\/#\/schema\/person\/b87ac4f82f9d4e7b7cec7395b679edc4\"},\"headline\":\"Les \u00e9quipes Microsoft diront bient\u00f4t \u00e0 votre patron lorsque vous n&rsquo;\u00eates pas au bureau\",\"datePublished\":\"2025-10-26T19:19:07+00:00\",\"dateModified\":\"2025-10-26T19:19:07+00:00\",\"mainEntityOfPage\":{\"@id\":\"https:\/\/vieassociative.be\/actualites\/les-equipes-microsoft-diront-bientot-a-votre-patron-lorsque-vous-netes-pas-au-bureau\/\"},\"wordCount\":635,\"publisher\":{\"@id\":\"https:\/\/vieassociative.be\/actualites\/#organization\"},\"image\":{\"@id\":\"https:\/\/vieassociative.be\/actualites\/les-equipes-microsoft-diront-bientot-a-votre-patron-lorsque-vous-netes-pas-au-bureau\/#primaryimage\"},\"thumbnailUrl\":\"https:\/\/vieassociative.be\/actualites\/wp-content\/uploads\/2025\/10\/Les-equipes-Microsoft-diront-bientot-a-votre-patron-lorsque-vous.jpg\",\"keywords\":[\"bient\u00f4t\",\"bureau\",\"diront\",\"\u00e9quipes\",\"Les\",\"lorsque\",\"Microsoft\",\"n\u00eates\",\"pas\",\"patron\",\"votre\",\"Vous\"],\"articleSection\":[\"Technologie\"],\"inLanguage\":\"fr-BE\"},{\"@type\":\"WebPage\",\"@id\":\"https:\/\/vieassociative.be\/actualites\/les-equipes-microsoft-diront-bientot-a-votre-patron-lorsque-vous-netes-pas-au-bureau\/\",\"url\":\"https:\/\/vieassociative.be\/actualites\/les-equipes-microsoft-diront-bientot-a-votre-patron-lorsque-vous-netes-pas-au-bureau\/\",\"name\":\"Les \u00e9quipes Microsoft diront bient\u00f4t \u00e0 votre patron lorsque vous n'\u00eates pas au bureau | Vie Associative\",\"isPartOf\":{\"@id\":\"https:\/\/vieassociative.be\/actualites\/#website\"},\"primaryImageOfPage\":{\"@id\":\"https:\/\/vieassociative.be\/actualites\/les-equipes-microsoft-diront-bientot-a-votre-patron-lorsque-vous-netes-pas-au-bureau\/#primaryimage\"},\"image\":{\"@id\":\"https:\/\/vieassociative.be\/actualites\/les-equipes-microsoft-diront-bientot-a-votre-patron-lorsque-vous-netes-pas-au-bureau\/#primaryimage\"},\"thumbnailUrl\":\"https:\/\/vieassociative.be\/actualites\/wp-content\/uploads\/2025\/10\/Les-equipes-Microsoft-diront-bientot-a-votre-patron-lorsque-vous.jpg\",\"datePublished\":\"2025-10-26T19:19:07+00:00\",\"dateModified\":\"2025-10-26T19:19:07+00:00\",\"breadcrumb\":{\"@id\":\"https:\/\/vieassociative.be\/actualites\/les-equipes-microsoft-diront-bientot-a-votre-patron-lorsque-vous-netes-pas-au-bureau\/#breadcrumb\"},\"inLanguage\":\"fr-BE\",\"potentialAction\":[{\"@type\":\"ReadAction\",\"target\":[\"https:\/\/vieassociative.be\/actualites\/les-equipes-microsoft-diront-bientot-a-votre-patron-lorsque-vous-netes-pas-au-bureau\/\"]}]},{\"@type\":\"ImageObject\",\"inLanguage\":\"fr-BE\",\"@id\":\"https:\/\/vieassociative.be\/actualites\/les-equipes-microsoft-diront-bientot-a-votre-patron-lorsque-vous-netes-pas-au-bureau\/#primaryimage\",\"url\":\"https:\/\/vieassociative.be\/actualites\/wp-content\/uploads\/2025\/10\/Les-equipes-Microsoft-diront-bientot-a-votre-patron-lorsque-vous.jpg\",\"contentUrl\":\"https:\/\/vieassociative.be\/actualites\/wp-content\/uploads\/2025\/10\/Les-equipes-Microsoft-diront-bientot-a-votre-patron-lorsque-vous.jpg\",\"width\":1200,\"height\":675,\"caption\":\"Les \u00e9quipes Microsoft diront bient\u00f4t \u00e0 votre patron lorsque vous n'\u00eates pas au bureau\"},{\"@type\":\"BreadcrumbList\",\"@id\":\"https:\/\/vieassociative.be\/actualites\/les-equipes-microsoft-diront-bientot-a-votre-patron-lorsque-vous-netes-pas-au-bureau\/#breadcrumb\",\"itemListElement\":[{\"@type\":\"ListItem\",\"position\":1,\"name\":\"Accueil\",\"item\":\"https:\/\/vieassociative.be\/actualites\/\"},{\"@type\":\"ListItem\",\"position\":2,\"name\":\"Les \u00e9quipes Microsoft diront bient\u00f4t \u00e0 votre patron lorsque vous n&rsquo;\u00eates pas au bureau\"}]},{\"@type\":\"WebSite\",\"@id\":\"https:\/\/vieassociative.be\/actualites\/#website\",\"url\":\"https:\/\/vieassociative.be\/actualites\/\",\"name\":\"Vie Associative\",\"description\":\"\",\"publisher\":{\"@id\":\"https:\/\/vieassociative.be\/actualites\/#organization\"},\"potentialAction\":[{\"@type\":\"SearchAction\",\"target\":{\"@type\":\"EntryPoint\",\"urlTemplate\":\"https:\/\/vieassociative.be\/actualites\/?s={search_term_string}\"},\"query-input\":{\"@type\":\"PropertyValueSpecification\",\"valueRequired\":true,\"valueName\":\"search_term_string\"}}],\"inLanguage\":\"fr-BE\"},{\"@type\":\"Organization\",\"@id\":\"https:\/\/vieassociative.be\/actualites\/#organization\",\"name\":\"Vie Associative\",\"url\":\"https:\/\/vieassociative.be\/actualites\/\",\"logo\":{\"@type\":\"ImageObject\",\"inLanguage\":\"fr-BE\",\"@id\":\"https:\/\/vieassociative.be\/actualites\/#\/schema\/logo\/image\/\",\"url\":\"https:\/\/vieassociative.be\/actualites\/wp-content\/uploads\/2024\/09\/cropped-vieassociative_favicon.ico.png\",\"contentUrl\":\"https:\/\/vieassociative.be\/actualites\/wp-content\/uploads\/2024\/09\/cropped-vieassociative_favicon.ico.png\",\"width\":512,\"height\":512,\"caption\":\"Vie Associative\"},\"image\":{\"@id\":\"https:\/\/vieassociative.be\/actualites\/#\/schema\/logo\/image\/\"}},{\"@type\":\"Person\",\"@id\":\"https:\/\/vieassociative.be\/actualites\/#\/schema\/person\/b87ac4f82f9d4e7b7cec7395b679edc4\",\"name\":\"Julien\",\"image\":{\"@type\":\"ImageObject\",\"inLanguage\":\"fr-BE\",\"@id\":\"https:\/\/vieassociative.be\/actualites\/#\/schema\/person\/image\/\",\"url\":\"https:\/\/vieassociative.be\/actualites\/wp-content\/uploads\/2024\/09\/vie-associative-1-150x150.jpg\",\"contentUrl\":\"https:\/\/vieassociative.be\/actualites\/wp-content\/uploads\/2024\/09\/vie-associative-1-150x150.jpg\",\"caption\":\"Julien\"},\"description\":\"Je suis Julien, r\u00e9dacteur pour Vie Associative. Passionn\u00e9 par le monde associatif depuis plus de 10 ans, j'ai \u00e0 c\u0153ur de partager des histoires inspirantes et de mettre en lumi\u00e8re les initiatives locales. Mon objectif est de sensibiliser et d'encourager l'engagement communautaire \u00e0 travers mes articles.\",\"sameAs\":[\"https:\/\/vieassociative.be\/\"]}]}<\/script>\n<!-- \/ Yoast SEO plugin. -->","yoast_head_json":{"title":"Les \u00e9quipes Microsoft diront bient\u00f4t \u00e0 votre patron lorsque vous n'\u00eates pas au bureau | Vie Associative","robots":{"index":"index","follow":"follow","max-snippet":"max-snippet:-1","max-image-preview":"max-image-preview:large","max-video-preview":"max-video-preview:-1"},"canonical":"https:\/\/vieassociative.be\/actualites\/les-equipes-microsoft-diront-bientot-a-votre-patron-lorsque-vous-netes-pas-au-bureau\/","og_locale":"fr_FR","og_type":"article","og_title":"Les \u00e9quipes Microsoft diront bient\u00f4t \u00e0 votre patron lorsque vous n'\u00eates pas au bureau | Vie Associative","og_description":"Teams n\u2019est pas un joueur d\u2019\u00e9quipe. La pand\u00e9mie a prouv\u00e9 que beaucoup d\u2019entre nous peuvent tr\u00e8s bien faire leur travail en dehors du bureau. N\u00e9anmoins,","og_url":"https:\/\/vieassociative.be\/actualites\/les-equipes-microsoft-diront-bientot-a-votre-patron-lorsque-vous-netes-pas-au-bureau\/","og_site_name":"Vie Associative","article_published_time":"2025-10-26T19:19:07+00:00","og_image":[{"url":"https:\/\/vieassociative.be\/actualites\/wp-content\/uploads\/2025\/09\/1757726237_608_Meta-pourrait-devoiler-une-montre-intelligente-pour-controler-ses-lunettes.jpg","type":"","width":"","height":""}],"author":"Julien","twitter_card":"summary_large_image","twitter_misc":{"\u00c9crit par":"Julien","Dur\u00e9e de lecture est.":"3 minutes"},"schema":{"@context":"https:\/\/schema.org","@graph":[{"@type":"Article","@id":"https:\/\/vieassociative.be\/actualites\/les-equipes-microsoft-diront-bientot-a-votre-patron-lorsque-vous-netes-pas-au-bureau\/#article","isPartOf":{"@id":"https:\/\/vieassociative.be\/actualites\/les-equipes-microsoft-diront-bientot-a-votre-patron-lorsque-vous-netes-pas-au-bureau\/"},"author":{"name":"Julien","@id":"https:\/\/vieassociative.be\/actualites\/#\/schema\/person\/b87ac4f82f9d4e7b7cec7395b679edc4"},"headline":"Les \u00e9quipes Microsoft diront bient\u00f4t \u00e0 votre patron lorsque vous n&rsquo;\u00eates pas au bureau","datePublished":"2025-10-26T19:19:07+00:00","dateModified":"2025-10-26T19:19:07+00:00","mainEntityOfPage":{"@id":"https:\/\/vieassociative.be\/actualites\/les-equipes-microsoft-diront-bientot-a-votre-patron-lorsque-vous-netes-pas-au-bureau\/"},"wordCount":635,"publisher":{"@id":"https:\/\/vieassociative.be\/actualites\/#organization"},"image":{"@id":"https:\/\/vieassociative.be\/actualites\/les-equipes-microsoft-diront-bientot-a-votre-patron-lorsque-vous-netes-pas-au-bureau\/#primaryimage"},"thumbnailUrl":"https:\/\/vieassociative.be\/actualites\/wp-content\/uploads\/2025\/10\/Les-equipes-Microsoft-diront-bientot-a-votre-patron-lorsque-vous.jpg","keywords":["bient\u00f4t","bureau","diront","\u00e9quipes","Les","lorsque","Microsoft","n\u00eates","pas","patron","votre","Vous"],"articleSection":["Technologie"],"inLanguage":"fr-BE"},{"@type":"WebPage","@id":"https:\/\/vieassociative.be\/actualites\/les-equipes-microsoft-diront-bientot-a-votre-patron-lorsque-vous-netes-pas-au-bureau\/","url":"https:\/\/vieassociative.be\/actualites\/les-equipes-microsoft-diront-bientot-a-votre-patron-lorsque-vous-netes-pas-au-bureau\/","name":"Les \u00e9quipes Microsoft diront bient\u00f4t \u00e0 votre patron lorsque vous n'\u00eates pas au bureau | Vie Associative","isPartOf":{"@id":"https:\/\/vieassociative.be\/actualites\/#website"},"primaryImageOfPage":{"@id":"https:\/\/vieassociative.be\/actualites\/les-equipes-microsoft-diront-bientot-a-votre-patron-lorsque-vous-netes-pas-au-bureau\/#primaryimage"},"image":{"@id":"https:\/\/vieassociative.be\/actualites\/les-equipes-microsoft-diront-bientot-a-votre-patron-lorsque-vous-netes-pas-au-bureau\/#primaryimage"},"thumbnailUrl":"https:\/\/vieassociative.be\/actualites\/wp-content\/uploads\/2025\/10\/Les-equipes-Microsoft-diront-bientot-a-votre-patron-lorsque-vous.jpg","datePublished":"2025-10-26T19:19:07+00:00","dateModified":"2025-10-26T19:19:07+00:00","breadcrumb":{"@id":"https:\/\/vieassociative.be\/actualites\/les-equipes-microsoft-diront-bientot-a-votre-patron-lorsque-vous-netes-pas-au-bureau\/#breadcrumb"},"inLanguage":"fr-BE","potentialAction":[{"@type":"ReadAction","target":["https:\/\/vieassociative.be\/actualites\/les-equipes-microsoft-diront-bientot-a-votre-patron-lorsque-vous-netes-pas-au-bureau\/"]}]},{"@type":"ImageObject","inLanguage":"fr-BE","@id":"https:\/\/vieassociative.be\/actualites\/les-equipes-microsoft-diront-bientot-a-votre-patron-lorsque-vous-netes-pas-au-bureau\/#primaryimage","url":"https:\/\/vieassociative.be\/actualites\/wp-content\/uploads\/2025\/10\/Les-equipes-Microsoft-diront-bientot-a-votre-patron-lorsque-vous.jpg","contentUrl":"https:\/\/vieassociative.be\/actualites\/wp-content\/uploads\/2025\/10\/Les-equipes-Microsoft-diront-bientot-a-votre-patron-lorsque-vous.jpg","width":1200,"height":675,"caption":"Les \u00e9quipes Microsoft diront bient\u00f4t \u00e0 votre patron lorsque vous n'\u00eates pas au bureau"},{"@type":"BreadcrumbList","@id":"https:\/\/vieassociative.be\/actualites\/les-equipes-microsoft-diront-bientot-a-votre-patron-lorsque-vous-netes-pas-au-bureau\/#breadcrumb","itemListElement":[{"@type":"ListItem","position":1,"name":"Accueil","item":"https:\/\/vieassociative.be\/actualites\/"},{"@type":"ListItem","position":2,"name":"Les \u00e9quipes Microsoft diront bient\u00f4t \u00e0 votre patron lorsque vous n&rsquo;\u00eates pas au bureau"}]},{"@type":"WebSite","@id":"https:\/\/vieassociative.be\/actualites\/#website","url":"https:\/\/vieassociative.be\/actualites\/","name":"Vie Associative","description":"","publisher":{"@id":"https:\/\/vieassociative.be\/actualites\/#organization"},"potentialAction":[{"@type":"SearchAction","target":{"@type":"EntryPoint","urlTemplate":"https:\/\/vieassociative.be\/actualites\/?s={search_term_string}"},"query-input":{"@type":"PropertyValueSpecification","valueRequired":true,"valueName":"search_term_string"}}],"inLanguage":"fr-BE"},{"@type":"Organization","@id":"https:\/\/vieassociative.be\/actualites\/#organization","name":"Vie Associative","url":"https:\/\/vieassociative.be\/actualites\/","logo":{"@type":"ImageObject","inLanguage":"fr-BE","@id":"https:\/\/vieassociative.be\/actualites\/#\/schema\/logo\/image\/","url":"https:\/\/vieassociative.be\/actualites\/wp-content\/uploads\/2024\/09\/cropped-vieassociative_favicon.ico.png","contentUrl":"https:\/\/vieassociative.be\/actualites\/wp-content\/uploads\/2024\/09\/cropped-vieassociative_favicon.ico.png","width":512,"height":512,"caption":"Vie Associative"},"image":{"@id":"https:\/\/vieassociative.be\/actualites\/#\/schema\/logo\/image\/"}},{"@type":"Person","@id":"https:\/\/vieassociative.be\/actualites\/#\/schema\/person\/b87ac4f82f9d4e7b7cec7395b679edc4","name":"Julien","image":{"@type":"ImageObject","inLanguage":"fr-BE","@id":"https:\/\/vieassociative.be\/actualites\/#\/schema\/person\/image\/","url":"https:\/\/vieassociative.be\/actualites\/wp-content\/uploads\/2024\/09\/vie-associative-1-150x150.jpg","contentUrl":"https:\/\/vieassociative.be\/actualites\/wp-content\/uploads\/2024\/09\/vie-associative-1-150x150.jpg","caption":"Julien"},"description":"Je suis Julien, r\u00e9dacteur pour Vie Associative. Passionn\u00e9 par le monde associatif depuis plus de 10 ans, j'ai \u00e0 c\u0153ur de partager des histoires inspirantes et de mettre en lumi\u00e8re les initiatives locales. Mon objectif est de sensibiliser et d'encourager l'engagement communautaire \u00e0 travers mes articles.","sameAs":["https:\/\/vieassociative.be\/"]}]}},"_links":{"self":[{"href":"https:\/\/vieassociative.be\/actualites\/wp-json\/wp\/v2\/posts\/10918"}],"collection":[{"href":"https:\/\/vieassociative.be\/actualites\/wp-json\/wp\/v2\/posts"}],"about":[{"href":"https:\/\/vieassociative.be\/actualites\/wp-json\/wp\/v2\/types\/post"}],"author":[{"embeddable":true,"href":"https:\/\/vieassociative.be\/actualites\/wp-json\/wp\/v2\/users\/1"}],"replies":[{"embeddable":true,"href":"https:\/\/vieassociative.be\/actualites\/wp-json\/wp\/v2\/comments?post=10918"}],"version-history":[{"count":0,"href":"https:\/\/vieassociative.be\/actualites\/wp-json\/wp\/v2\/posts\/10918\/revisions"}],"wp:featuredmedia":[{"embeddable":true,"href":"https:\/\/vieassociative.be\/actualites\/wp-json\/wp\/v2\/media\/10919"}],"wp:attachment":[{"href":"https:\/\/vieassociative.be\/actualites\/wp-json\/wp\/v2\/media?parent=10918"}],"wp:term":[{"taxonomy":"category","embeddable":true,"href":"https:\/\/vieassociative.be\/actualites\/wp-json\/wp\/v2\/categories?post=10918"},{"taxonomy":"post_tag","embeddable":true,"href":"https:\/\/vieassociative.be\/actualites\/wp-json\/wp\/v2\/tags?post=10918"}],"curies":[{"name":"wp","href":"https:\/\/api.w.org\/{rel}","templated":true}]}}