{"id":10915,"date":"2025-10-26T15:18:07","date_gmt":"2025-10-26T14:18:07","guid":{"rendered":"https:\/\/vieassociative.be\/actualites\/panne-un-journaliste-de-dazn-critique-le-tres-mauvais-neerlandais-dun-collegue-mais-il-est-a-lantenne\/"},"modified":"2025-10-26T15:18:07","modified_gmt":"2025-10-26T14:18:07","slug":"panne-un-journaliste-de-dazn-critique-le-tres-mauvais-neerlandais-dun-collegue-mais-il-est-a-lantenne","status":"publish","type":"post","link":"https:\/\/vieassociative.be\/actualites\/panne-un-journaliste-de-dazn-critique-le-tres-mauvais-neerlandais-dun-collegue-mais-il-est-a-lantenne\/","title":{"rendered":"Panne\u00a0: un journaliste de DAZN critique le tr\u00e8s mauvais n\u00e9erlandais d&rsquo;un coll\u00e8gue &#8211; mais il est \u00e0 l&rsquo;antenne&#8230;"},"content":{"rendered":"<p><strong>Le commentateur n\u00e9erlandophone de DAZN, Peter Morren, s&rsquo;est involontairement retrouv\u00e9 au centre d&rsquo;une pol\u00e9mique m\u00e9diatique parce qu&rsquo;il avait critiqu\u00e9 la tr\u00e8s mauvaise connaissance du n\u00e9erlandais d&rsquo;un coll\u00e8gue francophone, sans se rendre compte que le micro \u00e9tait toujours allum\u00e9 et que des milliers de t\u00e9l\u00e9spectateurs pouvaient l&rsquo;\u00e9couter.<\/strong><\/p>\n<p><span id=\"more-428134\"><\/span>Lors de la pause de la rencontre entre le Sporting Charleroi et le RSC Anderlecht, vendredi soir, le journaliste a ouvertement critiqu\u00e9 le n\u00e9erlandais affol\u00e9 de l&rsquo;intervieweuse francophone S\u00e9verine Parlakou, mais n&rsquo;a pas manqu\u00e9 de constater que son micro \u00e9tait toujours allum\u00e9. <\/p>\n<p>\u00ab Mon Dieu, encore un drame comme celui-l\u00e0, le N\u00e9erlandais de S\u00e9verine \u00bb, murmura Morren \u2013 et tout le public pouvait l&rsquo;entendre.<\/p>\n<p>S\u00e9verine Parlakou est une figure connue depuis quatre ans en tant que journaliste en marge de la cha\u00eene DAZN lors des matchs de Jupiler Pro League. Ce Bruxellois d&rsquo;origine albanaise, qui travaille \u00e9galement pour l&rsquo;\u00e9mission \u00ab T\u00e9l\u00e9foot \u00bb sur TF1 en France, est francophone mais r\u00e9alise \u00e9galement des interviews en n\u00e9erlandais. Ce fut notamment le cas vendredi soir \u00e0 la mi-temps du match Charleroi-Anderlecht, lorsque la jeune femme a interview\u00e9 le talent anderlechtois Nathan De Cat.<\/p>\n<div id=\"attachment_421264\" class=\"wp-caption alignleft\" style=\"max-width: 300px\"><img fetchpriority=\"high\" decoding=\"async\" class=\"wp-image-421264 size-medium\" src=\"https:\/\/vieassociative.be\/actualites\/wp-content\/uploads\/2025\/08\/Ou-pouvez-vous-voir-quel-match-de-football-en-Belgique.jpg\" alt=\"\" width=\"300\" height=\"200\"><\/div>\n<p>Parce que la Bruxelloise de 17 ans n&rsquo;a pas compris une question, S\u00e9verine Parlakou a d\u00fb la r\u00e9p\u00e9ter. Le commentateur Peter Morren a critiqu\u00e9 le n\u00e9erlandais de son coll\u00e8gue. Cependant, en raison d&rsquo;un probl\u00e8me technique, son microphone est rest\u00e9 allum\u00e9, ce qui signifie que ses propos ont \u00e9t\u00e9 entendus par des milliers de t\u00e9l\u00e9spectateurs.<\/p>\n<p>Le mal \u00e9tait fait : la s\u00e9quence s&rsquo;est rapidement r\u00e9pandue sur les r\u00e9seaux sociaux, o\u00f9 le commentateur a \u00e9t\u00e9 tr\u00e8s critiqu\u00e9.<\/p>\n<p>S\u00e9verine Parlakou, la personne la plus touch\u00e9e, a re\u00e7u de nombreux messages de soutien en ligne, auxquels elle a \u00e9galement r\u00e9pondu en d\u00e9tail. Elle a \u00e9galement r\u00e9agi au quotidien \u00ab\u00a0Het Laatste Nieuws\u00a0\u00bb : \u00ab\u00a0Je suis choqu\u00e9e par les d\u00e9clarations de mon coll\u00e8gue. Nous en discuterons en priv\u00e9\u00a0\u00bb, a expliqu\u00e9 la jeune femme.<\/p>\n<p>Samedi, Peter Morren s&rsquo;est \u00e9galement entretenu avec le journal flamand. \u00ab\u00a0Ce que j&rsquo;ai dit \u00e0 la t\u00e9l\u00e9vision \u00e9tait totalement inappropri\u00e9. D&rsquo;autant plus que cela s&rsquo;est produit en pr\u00e9sence de tiers. J&rsquo;aurais d\u00fb en discuter en priv\u00e9 avec S\u00e9verine apr\u00e8s le match\u00a0\u00bb, a-t-il regrett\u00e9.<\/p>\n<p>Cet incident a \u00e9galement plac\u00e9 la cha\u00eene DAZN dans une situation d\u00e9licate. \u00ab\u00a0Les commentaires de Peter \u00e9taient inappropri\u00e9s\u00a0\u00bb, a admis le directeur du programme Jan Mosselmans \u00e0 Het Laatste Nieuws. \u00ab\u00a0Nous r\u00e9glerons cette question en interne\u00a0\u00bb, a-t-il assur\u00e9.<\/p>\n<p>Parlakou n\u2019est cependant pas le seul journaliste sportif francophone dont la connaissance du n\u00e9erlandais est tr\u00e8s faible. En tout cas, ils sont pires que les fran\u00e7ais de certains coll\u00e8gues flamands. (cr\u00e9er)<\/p>\n","protected":false},"excerpt":{"rendered":"<p>Le commentateur n\u00e9erlandophone de DAZN, Peter Morren, s&rsquo;est involontairement retrouv\u00e9 au centre d&rsquo;une pol\u00e9mique m\u00e9diatique parce qu&rsquo;il avait critiqu\u00e9 la tr\u00e8s mauvaise connaissance du n\u00e9erlandais<\/p>\n","protected":false},"author":1,"featured_media":10916,"comment_status":"","ping_status":"","sticky":false,"template":"","format":"standard","meta":{"footnotes":""},"categories":[298],"tags":[9042,3364,7631,354,76,6814,9043,156,693,6091,1137,2493],"class_list":["post-10915","post","type-post","status-publish","format-standard","has-post-thumbnail","hentry","category-belgique","tag-collegue","tag-critique","tag-dazn","tag-dun","tag-est","tag-journaliste","tag-lantenne","tag-mais","tag-mauvais","tag-neerlandais","tag-panne","tag-tres","generate-columns","tablet-grid-50","mobile-grid-100","grid-parent","grid-33"],"yoast_head":"<!-- This site is optimized with the Yoast SEO plugin v24.0 - https:\/\/yoast.com\/wordpress\/plugins\/seo\/ -->\n<title>Panne\u00a0: un journaliste de DAZN critique le tr\u00e8s mauvais n\u00e9erlandais d&#039;un coll\u00e8gue - mais il est \u00e0 l&#039;antenne... | Vie Associative<\/title>\n<meta name=\"robots\" content=\"index, follow, max-snippet:-1, max-image-preview:large, max-video-preview:-1\" \/>\n<link rel=\"canonical\" href=\"https:\/\/vieassociative.be\/actualites\/panne-un-journaliste-de-dazn-critique-le-tres-mauvais-neerlandais-dun-collegue-mais-il-est-a-lantenne\/\" \/>\n<meta property=\"og:locale\" content=\"fr_FR\" \/>\n<meta property=\"og:type\" content=\"article\" \/>\n<meta property=\"og:title\" content=\"Panne\u00a0: un journaliste de DAZN critique le tr\u00e8s mauvais n\u00e9erlandais d&#039;un coll\u00e8gue - mais il est \u00e0 l&#039;antenne... | Vie Associative\" \/>\n<meta property=\"og:description\" content=\"Le commentateur n\u00e9erlandophone de DAZN, Peter Morren, s&rsquo;est involontairement retrouv\u00e9 au centre d&rsquo;une pol\u00e9mique m\u00e9diatique parce qu&rsquo;il avait critiqu\u00e9 la tr\u00e8s mauvaise connaissance du n\u00e9erlandais\" \/>\n<meta property=\"og:url\" content=\"https:\/\/vieassociative.be\/actualites\/panne-un-journaliste-de-dazn-critique-le-tres-mauvais-neerlandais-dun-collegue-mais-il-est-a-lantenne\/\" \/>\n<meta property=\"og:site_name\" content=\"Vie Associative\" \/>\n<meta property=\"article:published_time\" content=\"2025-10-26T14:18:07+00:00\" \/>\n<meta property=\"og:image\" content=\"https:\/\/vieassociative.be\/actualites\/wp-content\/uploads\/2024\/09\/header_backgroundk-01-e1726694325946.png\" \/>\n\t<meta property=\"og:image:width\" content=\"279\" \/>\n\t<meta property=\"og:image:height\" content=\"92\" \/>\n\t<meta property=\"og:image:type\" content=\"image\/png\" \/>\n<meta name=\"author\" content=\"Julien\" \/>\n<meta name=\"twitter:card\" content=\"summary_large_image\" \/>\n<meta name=\"twitter:label1\" content=\"\u00c9crit par\" \/>\n\t<meta name=\"twitter:data1\" content=\"Julien\" \/>\n\t<meta name=\"twitter:label2\" content=\"Dur\u00e9e de lecture est.\" \/>\n\t<meta name=\"twitter:data2\" content=\"2 minutes\" \/>\n<script type=\"application\/ld+json\" class=\"yoast-schema-graph\">{\"@context\":\"https:\/\/schema.org\",\"@graph\":[{\"@type\":\"Article\",\"@id\":\"https:\/\/vieassociative.be\/actualites\/panne-un-journaliste-de-dazn-critique-le-tres-mauvais-neerlandais-dun-collegue-mais-il-est-a-lantenne\/#article\",\"isPartOf\":{\"@id\":\"https:\/\/vieassociative.be\/actualites\/panne-un-journaliste-de-dazn-critique-le-tres-mauvais-neerlandais-dun-collegue-mais-il-est-a-lantenne\/\"},\"author\":{\"name\":\"Julien\",\"@id\":\"https:\/\/vieassociative.be\/actualites\/#\/schema\/person\/b87ac4f82f9d4e7b7cec7395b679edc4\"},\"headline\":\"Panne\u00a0: un journaliste de DAZN critique le tr\u00e8s mauvais n\u00e9erlandais d&rsquo;un coll\u00e8gue &#8211; mais il est \u00e0 l&rsquo;antenne&#8230;\",\"datePublished\":\"2025-10-26T14:18:07+00:00\",\"dateModified\":\"2025-10-26T14:18:07+00:00\",\"mainEntityOfPage\":{\"@id\":\"https:\/\/vieassociative.be\/actualites\/panne-un-journaliste-de-dazn-critique-le-tres-mauvais-neerlandais-dun-collegue-mais-il-est-a-lantenne\/\"},\"wordCount\":508,\"publisher\":{\"@id\":\"https:\/\/vieassociative.be\/actualites\/#organization\"},\"image\":{\"@id\":\"https:\/\/vieassociative.be\/actualites\/panne-un-journaliste-de-dazn-critique-le-tres-mauvais-neerlandais-dun-collegue-mais-il-est-a-lantenne\/#primaryimage\"},\"thumbnailUrl\":\"https:\/\/vieassociative.be\/actualites\/wp-content\/uploads\/2025\/10\/Panne-un-journaliste-de-DAZN-critique-le-tres-mauvais-neerlandais.jpg\",\"keywords\":[\"coll\u00e8gue\",\"critique\",\"DAZN\",\"dun\",\"est\",\"journaliste\",\"lantenne..\",\"mais\",\"mauvais\",\"n\u00e9erlandais\",\"panne\",\"tr\u00e8s\"],\"articleSection\":[\"Belgique\"],\"inLanguage\":\"fr-BE\"},{\"@type\":\"WebPage\",\"@id\":\"https:\/\/vieassociative.be\/actualites\/panne-un-journaliste-de-dazn-critique-le-tres-mauvais-neerlandais-dun-collegue-mais-il-est-a-lantenne\/\",\"url\":\"https:\/\/vieassociative.be\/actualites\/panne-un-journaliste-de-dazn-critique-le-tres-mauvais-neerlandais-dun-collegue-mais-il-est-a-lantenne\/\",\"name\":\"Panne\u00a0: un journaliste de DAZN critique le tr\u00e8s mauvais n\u00e9erlandais d'un coll\u00e8gue - mais il est \u00e0 l'antenne... | Vie Associative\",\"isPartOf\":{\"@id\":\"https:\/\/vieassociative.be\/actualites\/#website\"},\"primaryImageOfPage\":{\"@id\":\"https:\/\/vieassociative.be\/actualites\/panne-un-journaliste-de-dazn-critique-le-tres-mauvais-neerlandais-dun-collegue-mais-il-est-a-lantenne\/#primaryimage\"},\"image\":{\"@id\":\"https:\/\/vieassociative.be\/actualites\/panne-un-journaliste-de-dazn-critique-le-tres-mauvais-neerlandais-dun-collegue-mais-il-est-a-lantenne\/#primaryimage\"},\"thumbnailUrl\":\"https:\/\/vieassociative.be\/actualites\/wp-content\/uploads\/2025\/10\/Panne-un-journaliste-de-DAZN-critique-le-tres-mauvais-neerlandais.jpg\",\"datePublished\":\"2025-10-26T14:18:07+00:00\",\"dateModified\":\"2025-10-26T14:18:07+00:00\",\"breadcrumb\":{\"@id\":\"https:\/\/vieassociative.be\/actualites\/panne-un-journaliste-de-dazn-critique-le-tres-mauvais-neerlandais-dun-collegue-mais-il-est-a-lantenne\/#breadcrumb\"},\"inLanguage\":\"fr-BE\",\"potentialAction\":[{\"@type\":\"ReadAction\",\"target\":[\"https:\/\/vieassociative.be\/actualites\/panne-un-journaliste-de-dazn-critique-le-tres-mauvais-neerlandais-dun-collegue-mais-il-est-a-lantenne\/\"]}]},{\"@type\":\"ImageObject\",\"inLanguage\":\"fr-BE\",\"@id\":\"https:\/\/vieassociative.be\/actualites\/panne-un-journaliste-de-dazn-critique-le-tres-mauvais-neerlandais-dun-collegue-mais-il-est-a-lantenne\/#primaryimage\",\"url\":\"https:\/\/vieassociative.be\/actualites\/wp-content\/uploads\/2025\/10\/Panne-un-journaliste-de-DAZN-critique-le-tres-mauvais-neerlandais.jpg\",\"contentUrl\":\"https:\/\/vieassociative.be\/actualites\/wp-content\/uploads\/2025\/10\/Panne-un-journaliste-de-DAZN-critique-le-tres-mauvais-neerlandais.jpg\",\"width\":1200,\"height\":800,\"caption\":\"Panne\u00a0: un journaliste de DAZN critique le tr\u00e8s mauvais n\u00e9erlandais d'un coll\u00e8gue - mais il est \u00e0 l'antenne...\"},{\"@type\":\"BreadcrumbList\",\"@id\":\"https:\/\/vieassociative.be\/actualites\/panne-un-journaliste-de-dazn-critique-le-tres-mauvais-neerlandais-dun-collegue-mais-il-est-a-lantenne\/#breadcrumb\",\"itemListElement\":[{\"@type\":\"ListItem\",\"position\":1,\"name\":\"Accueil\",\"item\":\"https:\/\/vieassociative.be\/actualites\/\"},{\"@type\":\"ListItem\",\"position\":2,\"name\":\"Panne\u00a0: un journaliste de DAZN critique le tr\u00e8s mauvais n\u00e9erlandais d&rsquo;un coll\u00e8gue &#8211; mais il est \u00e0 l&rsquo;antenne&#8230;\"}]},{\"@type\":\"WebSite\",\"@id\":\"https:\/\/vieassociative.be\/actualites\/#website\",\"url\":\"https:\/\/vieassociative.be\/actualites\/\",\"name\":\"Vie Associative\",\"description\":\"\",\"publisher\":{\"@id\":\"https:\/\/vieassociative.be\/actualites\/#organization\"},\"potentialAction\":[{\"@type\":\"SearchAction\",\"target\":{\"@type\":\"EntryPoint\",\"urlTemplate\":\"https:\/\/vieassociative.be\/actualites\/?s={search_term_string}\"},\"query-input\":{\"@type\":\"PropertyValueSpecification\",\"valueRequired\":true,\"valueName\":\"search_term_string\"}}],\"inLanguage\":\"fr-BE\"},{\"@type\":\"Organization\",\"@id\":\"https:\/\/vieassociative.be\/actualites\/#organization\",\"name\":\"Vie Associative\",\"url\":\"https:\/\/vieassociative.be\/actualites\/\",\"logo\":{\"@type\":\"ImageObject\",\"inLanguage\":\"fr-BE\",\"@id\":\"https:\/\/vieassociative.be\/actualites\/#\/schema\/logo\/image\/\",\"url\":\"https:\/\/vieassociative.be\/actualites\/wp-content\/uploads\/2024\/09\/cropped-vieassociative_favicon.ico.png\",\"contentUrl\":\"https:\/\/vieassociative.be\/actualites\/wp-content\/uploads\/2024\/09\/cropped-vieassociative_favicon.ico.png\",\"width\":512,\"height\":512,\"caption\":\"Vie Associative\"},\"image\":{\"@id\":\"https:\/\/vieassociative.be\/actualites\/#\/schema\/logo\/image\/\"}},{\"@type\":\"Person\",\"@id\":\"https:\/\/vieassociative.be\/actualites\/#\/schema\/person\/b87ac4f82f9d4e7b7cec7395b679edc4\",\"name\":\"Julien\",\"image\":{\"@type\":\"ImageObject\",\"inLanguage\":\"fr-BE\",\"@id\":\"https:\/\/vieassociative.be\/actualites\/#\/schema\/person\/image\/\",\"url\":\"https:\/\/vieassociative.be\/actualites\/wp-content\/uploads\/2024\/09\/vie-associative-1-150x150.jpg\",\"contentUrl\":\"https:\/\/vieassociative.be\/actualites\/wp-content\/uploads\/2024\/09\/vie-associative-1-150x150.jpg\",\"caption\":\"Julien\"},\"description\":\"Je suis Julien, r\u00e9dacteur pour Vie Associative. Passionn\u00e9 par le monde associatif depuis plus de 10 ans, j'ai \u00e0 c\u0153ur de partager des histoires inspirantes et de mettre en lumi\u00e8re les initiatives locales. Mon objectif est de sensibiliser et d'encourager l'engagement communautaire \u00e0 travers mes articles.\",\"sameAs\":[\"https:\/\/vieassociative.be\/\"]}]}<\/script>\n<!-- \/ Yoast SEO plugin. -->","yoast_head_json":{"title":"Panne\u00a0: un journaliste de DAZN critique le tr\u00e8s mauvais n\u00e9erlandais d'un coll\u00e8gue - mais il est \u00e0 l'antenne... | Vie Associative","robots":{"index":"index","follow":"follow","max-snippet":"max-snippet:-1","max-image-preview":"max-image-preview:large","max-video-preview":"max-video-preview:-1"},"canonical":"https:\/\/vieassociative.be\/actualites\/panne-un-journaliste-de-dazn-critique-le-tres-mauvais-neerlandais-dun-collegue-mais-il-est-a-lantenne\/","og_locale":"fr_FR","og_type":"article","og_title":"Panne\u00a0: un journaliste de DAZN critique le tr\u00e8s mauvais n\u00e9erlandais d'un coll\u00e8gue - mais il est \u00e0 l'antenne... | Vie Associative","og_description":"Le commentateur n\u00e9erlandophone de DAZN, Peter Morren, s&rsquo;est involontairement retrouv\u00e9 au centre d&rsquo;une pol\u00e9mique m\u00e9diatique parce qu&rsquo;il avait critiqu\u00e9 la tr\u00e8s mauvaise connaissance du n\u00e9erlandais","og_url":"https:\/\/vieassociative.be\/actualites\/panne-un-journaliste-de-dazn-critique-le-tres-mauvais-neerlandais-dun-collegue-mais-il-est-a-lantenne\/","og_site_name":"Vie Associative","article_published_time":"2025-10-26T14:18:07+00:00","og_image":[{"width":279,"height":92,"url":"https:\/\/vieassociative.be\/actualites\/wp-content\/uploads\/2024\/09\/header_backgroundk-01-e1726694325946.png","type":"image\/png"}],"author":"Julien","twitter_card":"summary_large_image","twitter_misc":{"\u00c9crit par":"Julien","Dur\u00e9e de lecture est.":"2 minutes"},"schema":{"@context":"https:\/\/schema.org","@graph":[{"@type":"Article","@id":"https:\/\/vieassociative.be\/actualites\/panne-un-journaliste-de-dazn-critique-le-tres-mauvais-neerlandais-dun-collegue-mais-il-est-a-lantenne\/#article","isPartOf":{"@id":"https:\/\/vieassociative.be\/actualites\/panne-un-journaliste-de-dazn-critique-le-tres-mauvais-neerlandais-dun-collegue-mais-il-est-a-lantenne\/"},"author":{"name":"Julien","@id":"https:\/\/vieassociative.be\/actualites\/#\/schema\/person\/b87ac4f82f9d4e7b7cec7395b679edc4"},"headline":"Panne\u00a0: un journaliste de DAZN critique le tr\u00e8s mauvais n\u00e9erlandais d&rsquo;un coll\u00e8gue &#8211; mais il est \u00e0 l&rsquo;antenne&#8230;","datePublished":"2025-10-26T14:18:07+00:00","dateModified":"2025-10-26T14:18:07+00:00","mainEntityOfPage":{"@id":"https:\/\/vieassociative.be\/actualites\/panne-un-journaliste-de-dazn-critique-le-tres-mauvais-neerlandais-dun-collegue-mais-il-est-a-lantenne\/"},"wordCount":508,"publisher":{"@id":"https:\/\/vieassociative.be\/actualites\/#organization"},"image":{"@id":"https:\/\/vieassociative.be\/actualites\/panne-un-journaliste-de-dazn-critique-le-tres-mauvais-neerlandais-dun-collegue-mais-il-est-a-lantenne\/#primaryimage"},"thumbnailUrl":"https:\/\/vieassociative.be\/actualites\/wp-content\/uploads\/2025\/10\/Panne-un-journaliste-de-DAZN-critique-le-tres-mauvais-neerlandais.jpg","keywords":["coll\u00e8gue","critique","DAZN","dun","est","journaliste","lantenne..","mais","mauvais","n\u00e9erlandais","panne","tr\u00e8s"],"articleSection":["Belgique"],"inLanguage":"fr-BE"},{"@type":"WebPage","@id":"https:\/\/vieassociative.be\/actualites\/panne-un-journaliste-de-dazn-critique-le-tres-mauvais-neerlandais-dun-collegue-mais-il-est-a-lantenne\/","url":"https:\/\/vieassociative.be\/actualites\/panne-un-journaliste-de-dazn-critique-le-tres-mauvais-neerlandais-dun-collegue-mais-il-est-a-lantenne\/","name":"Panne\u00a0: un journaliste de DAZN critique le tr\u00e8s mauvais n\u00e9erlandais d'un coll\u00e8gue - mais il est \u00e0 l'antenne... | Vie Associative","isPartOf":{"@id":"https:\/\/vieassociative.be\/actualites\/#website"},"primaryImageOfPage":{"@id":"https:\/\/vieassociative.be\/actualites\/panne-un-journaliste-de-dazn-critique-le-tres-mauvais-neerlandais-dun-collegue-mais-il-est-a-lantenne\/#primaryimage"},"image":{"@id":"https:\/\/vieassociative.be\/actualites\/panne-un-journaliste-de-dazn-critique-le-tres-mauvais-neerlandais-dun-collegue-mais-il-est-a-lantenne\/#primaryimage"},"thumbnailUrl":"https:\/\/vieassociative.be\/actualites\/wp-content\/uploads\/2025\/10\/Panne-un-journaliste-de-DAZN-critique-le-tres-mauvais-neerlandais.jpg","datePublished":"2025-10-26T14:18:07+00:00","dateModified":"2025-10-26T14:18:07+00:00","breadcrumb":{"@id":"https:\/\/vieassociative.be\/actualites\/panne-un-journaliste-de-dazn-critique-le-tres-mauvais-neerlandais-dun-collegue-mais-il-est-a-lantenne\/#breadcrumb"},"inLanguage":"fr-BE","potentialAction":[{"@type":"ReadAction","target":["https:\/\/vieassociative.be\/actualites\/panne-un-journaliste-de-dazn-critique-le-tres-mauvais-neerlandais-dun-collegue-mais-il-est-a-lantenne\/"]}]},{"@type":"ImageObject","inLanguage":"fr-BE","@id":"https:\/\/vieassociative.be\/actualites\/panne-un-journaliste-de-dazn-critique-le-tres-mauvais-neerlandais-dun-collegue-mais-il-est-a-lantenne\/#primaryimage","url":"https:\/\/vieassociative.be\/actualites\/wp-content\/uploads\/2025\/10\/Panne-un-journaliste-de-DAZN-critique-le-tres-mauvais-neerlandais.jpg","contentUrl":"https:\/\/vieassociative.be\/actualites\/wp-content\/uploads\/2025\/10\/Panne-un-journaliste-de-DAZN-critique-le-tres-mauvais-neerlandais.jpg","width":1200,"height":800,"caption":"Panne\u00a0: un journaliste de DAZN critique le tr\u00e8s mauvais n\u00e9erlandais d'un coll\u00e8gue - mais il est \u00e0 l'antenne..."},{"@type":"BreadcrumbList","@id":"https:\/\/vieassociative.be\/actualites\/panne-un-journaliste-de-dazn-critique-le-tres-mauvais-neerlandais-dun-collegue-mais-il-est-a-lantenne\/#breadcrumb","itemListElement":[{"@type":"ListItem","position":1,"name":"Accueil","item":"https:\/\/vieassociative.be\/actualites\/"},{"@type":"ListItem","position":2,"name":"Panne\u00a0: un journaliste de DAZN critique le tr\u00e8s mauvais n\u00e9erlandais d&rsquo;un coll\u00e8gue &#8211; mais il est \u00e0 l&rsquo;antenne&#8230;"}]},{"@type":"WebSite","@id":"https:\/\/vieassociative.be\/actualites\/#website","url":"https:\/\/vieassociative.be\/actualites\/","name":"Vie Associative","description":"","publisher":{"@id":"https:\/\/vieassociative.be\/actualites\/#organization"},"potentialAction":[{"@type":"SearchAction","target":{"@type":"EntryPoint","urlTemplate":"https:\/\/vieassociative.be\/actualites\/?s={search_term_string}"},"query-input":{"@type":"PropertyValueSpecification","valueRequired":true,"valueName":"search_term_string"}}],"inLanguage":"fr-BE"},{"@type":"Organization","@id":"https:\/\/vieassociative.be\/actualites\/#organization","name":"Vie Associative","url":"https:\/\/vieassociative.be\/actualites\/","logo":{"@type":"ImageObject","inLanguage":"fr-BE","@id":"https:\/\/vieassociative.be\/actualites\/#\/schema\/logo\/image\/","url":"https:\/\/vieassociative.be\/actualites\/wp-content\/uploads\/2024\/09\/cropped-vieassociative_favicon.ico.png","contentUrl":"https:\/\/vieassociative.be\/actualites\/wp-content\/uploads\/2024\/09\/cropped-vieassociative_favicon.ico.png","width":512,"height":512,"caption":"Vie Associative"},"image":{"@id":"https:\/\/vieassociative.be\/actualites\/#\/schema\/logo\/image\/"}},{"@type":"Person","@id":"https:\/\/vieassociative.be\/actualites\/#\/schema\/person\/b87ac4f82f9d4e7b7cec7395b679edc4","name":"Julien","image":{"@type":"ImageObject","inLanguage":"fr-BE","@id":"https:\/\/vieassociative.be\/actualites\/#\/schema\/person\/image\/","url":"https:\/\/vieassociative.be\/actualites\/wp-content\/uploads\/2024\/09\/vie-associative-1-150x150.jpg","contentUrl":"https:\/\/vieassociative.be\/actualites\/wp-content\/uploads\/2024\/09\/vie-associative-1-150x150.jpg","caption":"Julien"},"description":"Je suis Julien, r\u00e9dacteur pour Vie Associative. Passionn\u00e9 par le monde associatif depuis plus de 10 ans, j'ai \u00e0 c\u0153ur de partager des histoires inspirantes et de mettre en lumi\u00e8re les initiatives locales. Mon objectif est de sensibiliser et d'encourager l'engagement communautaire \u00e0 travers mes articles.","sameAs":["https:\/\/vieassociative.be\/"]}]}},"_links":{"self":[{"href":"https:\/\/vieassociative.be\/actualites\/wp-json\/wp\/v2\/posts\/10915"}],"collection":[{"href":"https:\/\/vieassociative.be\/actualites\/wp-json\/wp\/v2\/posts"}],"about":[{"href":"https:\/\/vieassociative.be\/actualites\/wp-json\/wp\/v2\/types\/post"}],"author":[{"embeddable":true,"href":"https:\/\/vieassociative.be\/actualites\/wp-json\/wp\/v2\/users\/1"}],"replies":[{"embeddable":true,"href":"https:\/\/vieassociative.be\/actualites\/wp-json\/wp\/v2\/comments?post=10915"}],"version-history":[{"count":0,"href":"https:\/\/vieassociative.be\/actualites\/wp-json\/wp\/v2\/posts\/10915\/revisions"}],"wp:featuredmedia":[{"embeddable":true,"href":"https:\/\/vieassociative.be\/actualites\/wp-json\/wp\/v2\/media\/10916"}],"wp:attachment":[{"href":"https:\/\/vieassociative.be\/actualites\/wp-json\/wp\/v2\/media?parent=10915"}],"wp:term":[{"taxonomy":"category","embeddable":true,"href":"https:\/\/vieassociative.be\/actualites\/wp-json\/wp\/v2\/categories?post=10915"},{"taxonomy":"post_tag","embeddable":true,"href":"https:\/\/vieassociative.be\/actualites\/wp-json\/wp\/v2\/tags?post=10915"}],"curies":[{"name":"wp","href":"https:\/\/api.w.org\/{rel}","templated":true}]}}