{"id":10911,"date":"2025-10-26T13:22:11","date_gmt":"2025-10-26T12:22:11","guid":{"rendered":"https:\/\/vieassociative.be\/actualites\/comment-prendre-des-pauses-peut-reellement-vous-rendre-plus-productif\/"},"modified":"2025-10-26T13:22:11","modified_gmt":"2025-10-26T12:22:11","slug":"comment-prendre-des-pauses-peut-reellement-vous-rendre-plus-productif","status":"publish","type":"post","link":"https:\/\/vieassociative.be\/actualites\/comment-prendre-des-pauses-peut-reellement-vous-rendre-plus-productif\/","title":{"rendered":"Comment prendre des pauses peut r\u00e9ellement vous rendre plus productif"},"content":{"rendered":"<div class=\"mt-4 leading-6 md:mb-8\">Pourquoi devriez-vous planifier vos temps d&rsquo;arr\u00eat comme s&rsquo;ils faisaient partie de votre journ\u00e9e de travail.<\/div>\n<p><\/p>\n<p>Alors que la logique pourrait sugg\u00e9rer que faire plus signifie fonctionner dans un \u00e9tat constant de productivit\u00e9, l&rsquo;inverse peut en r\u00e9alit\u00e9 \u00eatre vrai : lorsque vous rencontrez cette crise de l&rsquo;apr\u00e8s-midi et que vous n&rsquo;arrivez pas \u00e0 accomplir les t\u00e2ches les plus simples, c&rsquo;est probablement parce que vous aviez besoin d&rsquo;une pause plus t\u00f4t dans la journ\u00e9e \u2013 la science confirme certainement cette id\u00e9e. En termes simples, votre cerveau a besoin de p\u00e9riodes d\u2019arr\u00eat r\u00e9guli\u00e8res pour maintenir un fonctionnement optimal. <\/p>\n<p>Apr\u00e8s des p\u00e9riodes de travail intense, prendre une br\u00e8ve pause n&rsquo;am\u00e9liore pas seulement votre humeur : elle peut \u00e9galement am\u00e9liorer votre concentration et vos performances. Donc, si vous voulez \u00eatre vraiment productif, vous devriez <em>calendrier <\/em>ces p\u00e9riodes de repos<em> <\/em>dans votre journ\u00e9e bien remplie.<\/p>\n<h2 id=\"the-case-for-scheduling-your-brain-breaks\">Les arguments en faveur de la planification de vos \u00ab pauses c\u00e9r\u00e9brales \u00bb<\/h2>\n<p>C&rsquo;est une chose de savoir que vous avez besoin de temps d&rsquo;arr\u00eat, mais une autre de trouver du temps pour cela dans votre journ\u00e9e. Au cours d&rsquo;un emploi du temps charg\u00e9 \u2013 travailler, nettoyer, \u00e9tudier, s&rsquo;occuper des enfants, conduire et faire toutes les autres choses sur votre liste de choses \u00e0 faire \u2013 vous pourriez avoir les meilleures intentions du monde lorsqu&rsquo;il s&rsquo;agit de prendre des pauses, mais ne le faites pas sur le moment. C&rsquo;est pourquoi tu devrais <em>calendrier <\/em>eux.<\/p>\n<div class=\"mx-auto mb-12 mt-5 w-full max-w-3xl rounded-md border-2 border-gray-100 p-3 shadow-md md:px-7 md:pb-7 md:pt-5\" id=\"related-video\">\n<div class=\"mb-3 flex items-center md:mb-5\">\n        <img decoding=\"async\" class=\"mr-4 mt-0 h-10 w-10 md:mr-5 md:h-12 md:w-12\" src=\"https:\/\/vieassociative.be\/actualites\/wp-content\/uploads\/2025\/09\/1757726237_608_Meta-pourrait-devoiler-une-montre-intelligente-pour-controler-ses-lunettes.jpg\" alt=\"Logo du pirate de la vie\"><\/p><\/div>\n<div class=\"aspect-video w-full overflow-hidden rounded-md\">\n<div id=\"video-container-01K8G7G466002ZT78BSQ9VMNA6\"><\/div>\n<\/p><\/div>\n<\/div>\n<p>Dans un \u00e9pisode de HBO <em>Succession<\/em>le personnage Shiv Roy a en fait r\u00e9serv\u00e9 un bloc de temps sur son calendrier pour pleurer. Vous n&rsquo;en aurez peut-\u00eatre pas besoin <em>pleurer<\/em>mais Shiv a la bonne id\u00e9e\u00a0: ouvrez le calendrier sur votre t\u00e9l\u00e9phone et ajoutez des blocs de temps personnel tout au long de votre journ\u00e9e, quelle que soit la mani\u00e8re dont vous le passez. Peut-\u00eatre que vous aimez faire d\u00e9filer TikTok, regarder des recettes, travailler sur vos projets cr\u00e9atifs, fermer les yeux un instant ou appeler un ami. Quoi que vous souhaitiez faire, donnez-lui la priorit\u00e9 s\u00e9rieusement en pr\u00e9voyant de l&rsquo;espace pour cela dans votre emploi du temps. Si vous utilisez un calendrier partag\u00e9 au travail ou \u00e0 la maison, bloquez-le afin que tout le monde puisse le voir. Vous n&rsquo;avez pas besoin d&rsquo;indiquer publiquement \u00e0 quoi cela sert ; tu le sauras. Et vous ne laisserez pas tomber vos coll\u00e8gues ou votre famille puisque vous serez encore plus productif une fois termin\u00e9.<\/p>\n<p>Surtout, respectez-le. M\u00eame 15 minutes par jour peuvent \u00eatre b\u00e9n\u00e9fiques, mais pas si vous ne respectez pas votre plan. Prendre s\u00e9rieusement du temps pour vous vous aidera \u00e0 prendre l&rsquo;habitude et vous donnera quelque chose \u00e0 esp\u00e9rer lorsque le travail devient dur, alors consid\u00e9rez cela comme une \u00e9tape importante de votre journ\u00e9e de travail.<\/p>\n<h2 id=\"how-to-time-your-breaks-for-maximum-productivity\">Comment planifier vos pauses pour une productivit\u00e9 maximale<\/h2>\n<p>Il existe quelques approches que vous pouvez adopter pour garantir que votre temps d\u2019arr\u00eat s\u2019av\u00e8re efficace. Tout d\u2019abord, vous devriez bloquer le temps et boxer le temps. Ces techniques similaires mais distinctes impliquent non seulement de d\u00e9terminer exactement le temps dont vous aurez besoin pour une t\u00e2che donn\u00e9e, mais \u00e9galement d&rsquo;utiliser un calendrier ou un planificateur pour tout noter. En utilisant quelque chose comme Google Agenda ou m\u00eame un planificateur physique, vous tiendrez compte de chaque seconde de votre journ\u00e9e, de sorte que la colonne enti\u00e8re soit remplie d&rsquo;entr\u00e9es cons\u00e9cutives, mais toutes ces entr\u00e9es ne seront pas destin\u00e9es au travail. Voici votre chance de participer \u00e0 quelque chose d&rsquo;agr\u00e9able, comme une course de matcha \u00e0 14 heures ou un \u00e9pisode de <em>SVU<\/em> \u00e0 20 heures. Vous vous sentirez mieux dans la planification des temps d&rsquo;arr\u00eat si vous le faites parall\u00e8lement \u00e0 la d\u00e9signation des t\u00e2ches de travail et si vous pouvez voir tout cela concr\u00e8tement repr\u00e9sent\u00e9 en un seul endroit. <\/p>\n<p>Deuxi\u00e8mement, utilisez la m\u00e9thode Pomodoro. Ce fameux hack de productivit\u00e9 vous demande de travailler pendant 25 minutes, de faire une pause de cinq minutes, d&rsquo;en travailler encore 25, de faire une nouvelle pause et de r\u00e9p\u00e9ter le cycle quatre fois avant de prendre une pause plus longue. Cr\u00e9er des pauses plus petites de cette fa\u00e7on pourrait rendre l&rsquo;exercice plus acceptable si vous avez du mal \u00e0 justifier vos temps libres. De plus, Pomodoro est plus flexible qu\u2019il n\u2019y para\u00eet au premier abord, et de nombreuses variantes existent. Prenez animedoro, par exemple : vous travaillez pendant 40 \u00e0 60 minutes avec une pause de 20 minutes, soit environ la dur\u00e9e d&rsquo;un \u00e9pisode d&rsquo;anime. Vous n&rsquo;avez bien s\u00fbr pas besoin de regarder des anime, ni d&rsquo;\u00eatre aussi rigide avec votre timing : l&rsquo;important est d&rsquo;\u00eatre consciencieux en intercalant vos s\u00e9ances de travail avec de petites pauses. <\/p>\n","protected":false},"excerpt":{"rendered":"<p>Pourquoi devriez-vous planifier vos temps d&rsquo;arr\u00eat comme s&rsquo;ils faisaient partie de votre journ\u00e9e de travail. Alors que la logique pourrait sugg\u00e9rer que faire plus signifie<\/p>\n","protected":false},"author":1,"featured_media":10912,"comment_status":"","ping_status":"","sticky":false,"template":"","format":"standard","meta":{"footnotes":""},"categories":[43],"tags":[44,29,9040,22,886,5209,85,465,4],"class_list":["post-10911","post","type-post","status-publish","format-standard","has-post-thumbnail","hentry","category-travail","tag-comment","tag-des","tag-pauses","tag-peut","tag-prendre","tag-productif","tag-reellement","tag-rendre","tag-vous","generate-columns","tablet-grid-50","mobile-grid-100","grid-parent","grid-33"],"yoast_head":"<!-- This site is optimized with the Yoast SEO plugin v24.0 - https:\/\/yoast.com\/wordpress\/plugins\/seo\/ -->\n<title>Comment prendre des pauses peut r\u00e9ellement vous rendre plus productif | Vie Associative<\/title>\n<meta name=\"robots\" content=\"index, follow, max-snippet:-1, max-image-preview:large, max-video-preview:-1\" \/>\n<link rel=\"canonical\" href=\"https:\/\/vieassociative.be\/actualites\/comment-prendre-des-pauses-peut-reellement-vous-rendre-plus-productif\/\" \/>\n<meta property=\"og:locale\" content=\"fr_FR\" \/>\n<meta property=\"og:type\" content=\"article\" \/>\n<meta property=\"og:title\" content=\"Comment prendre des pauses peut r\u00e9ellement vous rendre plus productif | Vie Associative\" \/>\n<meta property=\"og:description\" content=\"Pourquoi devriez-vous planifier vos temps d&rsquo;arr\u00eat comme s&rsquo;ils faisaient partie de votre journ\u00e9e de travail. Alors que la logique pourrait sugg\u00e9rer que faire plus signifie\" \/>\n<meta property=\"og:url\" content=\"https:\/\/vieassociative.be\/actualites\/comment-prendre-des-pauses-peut-reellement-vous-rendre-plus-productif\/\" \/>\n<meta property=\"og:site_name\" content=\"Vie Associative\" \/>\n<meta property=\"article:published_time\" content=\"2025-10-26T12:22:11+00:00\" \/>\n<meta property=\"og:image\" content=\"https:\/\/vieassociative.be\/actualites\/wp-content\/uploads\/2025\/09\/1757726237_608_Meta-pourrait-devoiler-une-montre-intelligente-pour-controler-ses-lunettes.jpg\" \/>\n<meta name=\"author\" content=\"Julien\" \/>\n<meta name=\"twitter:card\" content=\"summary_large_image\" \/>\n<meta name=\"twitter:label1\" content=\"\u00c9crit par\" \/>\n\t<meta name=\"twitter:data1\" content=\"Julien\" \/>\n\t<meta name=\"twitter:label2\" content=\"Dur\u00e9e de lecture est.\" \/>\n\t<meta name=\"twitter:data2\" content=\"4 minutes\" \/>\n<script type=\"application\/ld+json\" class=\"yoast-schema-graph\">{\"@context\":\"https:\/\/schema.org\",\"@graph\":[{\"@type\":\"Article\",\"@id\":\"https:\/\/vieassociative.be\/actualites\/comment-prendre-des-pauses-peut-reellement-vous-rendre-plus-productif\/#article\",\"isPartOf\":{\"@id\":\"https:\/\/vieassociative.be\/actualites\/comment-prendre-des-pauses-peut-reellement-vous-rendre-plus-productif\/\"},\"author\":{\"name\":\"Julien\",\"@id\":\"https:\/\/vieassociative.be\/actualites\/#\/schema\/person\/b87ac4f82f9d4e7b7cec7395b679edc4\"},\"headline\":\"Comment prendre des pauses peut r\u00e9ellement vous rendre plus productif\",\"datePublished\":\"2025-10-26T12:22:11+00:00\",\"dateModified\":\"2025-10-26T12:22:11+00:00\",\"mainEntityOfPage\":{\"@id\":\"https:\/\/vieassociative.be\/actualites\/comment-prendre-des-pauses-peut-reellement-vous-rendre-plus-productif\/\"},\"wordCount\":852,\"publisher\":{\"@id\":\"https:\/\/vieassociative.be\/actualites\/#organization\"},\"image\":{\"@id\":\"https:\/\/vieassociative.be\/actualites\/comment-prendre-des-pauses-peut-reellement-vous-rendre-plus-productif\/#primaryimage\"},\"thumbnailUrl\":\"https:\/\/vieassociative.be\/actualites\/wp-content\/uploads\/2025\/10\/Comment-prendre-des-pauses-peut-reellement-vous-rendre-plus-productif.jpg\",\"keywords\":[\"Comment\",\"Des\",\"pauses\",\"peut\",\"prendre\",\"productif\",\"r\u00e9ellement\",\"rendre\",\"Vous\"],\"articleSection\":[\"Travail\"],\"inLanguage\":\"fr-BE\"},{\"@type\":\"WebPage\",\"@id\":\"https:\/\/vieassociative.be\/actualites\/comment-prendre-des-pauses-peut-reellement-vous-rendre-plus-productif\/\",\"url\":\"https:\/\/vieassociative.be\/actualites\/comment-prendre-des-pauses-peut-reellement-vous-rendre-plus-productif\/\",\"name\":\"Comment prendre des pauses peut r\u00e9ellement vous rendre plus productif | Vie Associative\",\"isPartOf\":{\"@id\":\"https:\/\/vieassociative.be\/actualites\/#website\"},\"primaryImageOfPage\":{\"@id\":\"https:\/\/vieassociative.be\/actualites\/comment-prendre-des-pauses-peut-reellement-vous-rendre-plus-productif\/#primaryimage\"},\"image\":{\"@id\":\"https:\/\/vieassociative.be\/actualites\/comment-prendre-des-pauses-peut-reellement-vous-rendre-plus-productif\/#primaryimage\"},\"thumbnailUrl\":\"https:\/\/vieassociative.be\/actualites\/wp-content\/uploads\/2025\/10\/Comment-prendre-des-pauses-peut-reellement-vous-rendre-plus-productif.jpg\",\"datePublished\":\"2025-10-26T12:22:11+00:00\",\"dateModified\":\"2025-10-26T12:22:11+00:00\",\"breadcrumb\":{\"@id\":\"https:\/\/vieassociative.be\/actualites\/comment-prendre-des-pauses-peut-reellement-vous-rendre-plus-productif\/#breadcrumb\"},\"inLanguage\":\"fr-BE\",\"potentialAction\":[{\"@type\":\"ReadAction\",\"target\":[\"https:\/\/vieassociative.be\/actualites\/comment-prendre-des-pauses-peut-reellement-vous-rendre-plus-productif\/\"]}]},{\"@type\":\"ImageObject\",\"inLanguage\":\"fr-BE\",\"@id\":\"https:\/\/vieassociative.be\/actualites\/comment-prendre-des-pauses-peut-reellement-vous-rendre-plus-productif\/#primaryimage\",\"url\":\"https:\/\/vieassociative.be\/actualites\/wp-content\/uploads\/2025\/10\/Comment-prendre-des-pauses-peut-reellement-vous-rendre-plus-productif.jpg\",\"contentUrl\":\"https:\/\/vieassociative.be\/actualites\/wp-content\/uploads\/2025\/10\/Comment-prendre-des-pauses-peut-reellement-vous-rendre-plus-productif.jpg\",\"width\":1200,\"height\":675,\"caption\":\"Comment prendre des pauses peut r\u00e9ellement vous rendre plus productif\"},{\"@type\":\"BreadcrumbList\",\"@id\":\"https:\/\/vieassociative.be\/actualites\/comment-prendre-des-pauses-peut-reellement-vous-rendre-plus-productif\/#breadcrumb\",\"itemListElement\":[{\"@type\":\"ListItem\",\"position\":1,\"name\":\"Accueil\",\"item\":\"https:\/\/vieassociative.be\/actualites\/\"},{\"@type\":\"ListItem\",\"position\":2,\"name\":\"Comment prendre des pauses peut r\u00e9ellement vous rendre plus productif\"}]},{\"@type\":\"WebSite\",\"@id\":\"https:\/\/vieassociative.be\/actualites\/#website\",\"url\":\"https:\/\/vieassociative.be\/actualites\/\",\"name\":\"Vie Associative\",\"description\":\"\",\"publisher\":{\"@id\":\"https:\/\/vieassociative.be\/actualites\/#organization\"},\"potentialAction\":[{\"@type\":\"SearchAction\",\"target\":{\"@type\":\"EntryPoint\",\"urlTemplate\":\"https:\/\/vieassociative.be\/actualites\/?s={search_term_string}\"},\"query-input\":{\"@type\":\"PropertyValueSpecification\",\"valueRequired\":true,\"valueName\":\"search_term_string\"}}],\"inLanguage\":\"fr-BE\"},{\"@type\":\"Organization\",\"@id\":\"https:\/\/vieassociative.be\/actualites\/#organization\",\"name\":\"Vie Associative\",\"url\":\"https:\/\/vieassociative.be\/actualites\/\",\"logo\":{\"@type\":\"ImageObject\",\"inLanguage\":\"fr-BE\",\"@id\":\"https:\/\/vieassociative.be\/actualites\/#\/schema\/logo\/image\/\",\"url\":\"https:\/\/vieassociative.be\/actualites\/wp-content\/uploads\/2024\/09\/cropped-vieassociative_favicon.ico.png\",\"contentUrl\":\"https:\/\/vieassociative.be\/actualites\/wp-content\/uploads\/2024\/09\/cropped-vieassociative_favicon.ico.png\",\"width\":512,\"height\":512,\"caption\":\"Vie Associative\"},\"image\":{\"@id\":\"https:\/\/vieassociative.be\/actualites\/#\/schema\/logo\/image\/\"}},{\"@type\":\"Person\",\"@id\":\"https:\/\/vieassociative.be\/actualites\/#\/schema\/person\/b87ac4f82f9d4e7b7cec7395b679edc4\",\"name\":\"Julien\",\"image\":{\"@type\":\"ImageObject\",\"inLanguage\":\"fr-BE\",\"@id\":\"https:\/\/vieassociative.be\/actualites\/#\/schema\/person\/image\/\",\"url\":\"https:\/\/vieassociative.be\/actualites\/wp-content\/uploads\/2024\/09\/vie-associative-1-150x150.jpg\",\"contentUrl\":\"https:\/\/vieassociative.be\/actualites\/wp-content\/uploads\/2024\/09\/vie-associative-1-150x150.jpg\",\"caption\":\"Julien\"},\"description\":\"Je suis Julien, r\u00e9dacteur pour Vie Associative. Passionn\u00e9 par le monde associatif depuis plus de 10 ans, j'ai \u00e0 c\u0153ur de partager des histoires inspirantes et de mettre en lumi\u00e8re les initiatives locales. Mon objectif est de sensibiliser et d'encourager l'engagement communautaire \u00e0 travers mes articles.\",\"sameAs\":[\"https:\/\/vieassociative.be\/\"]}]}<\/script>\n<!-- \/ Yoast SEO plugin. -->","yoast_head_json":{"title":"Comment prendre des pauses peut r\u00e9ellement vous rendre plus productif | Vie Associative","robots":{"index":"index","follow":"follow","max-snippet":"max-snippet:-1","max-image-preview":"max-image-preview:large","max-video-preview":"max-video-preview:-1"},"canonical":"https:\/\/vieassociative.be\/actualites\/comment-prendre-des-pauses-peut-reellement-vous-rendre-plus-productif\/","og_locale":"fr_FR","og_type":"article","og_title":"Comment prendre des pauses peut r\u00e9ellement vous rendre plus productif | Vie Associative","og_description":"Pourquoi devriez-vous planifier vos temps d&rsquo;arr\u00eat comme s&rsquo;ils faisaient partie de votre journ\u00e9e de travail. Alors que la logique pourrait sugg\u00e9rer que faire plus signifie","og_url":"https:\/\/vieassociative.be\/actualites\/comment-prendre-des-pauses-peut-reellement-vous-rendre-plus-productif\/","og_site_name":"Vie Associative","article_published_time":"2025-10-26T12:22:11+00:00","og_image":[{"url":"https:\/\/vieassociative.be\/actualites\/wp-content\/uploads\/2025\/09\/1757726237_608_Meta-pourrait-devoiler-une-montre-intelligente-pour-controler-ses-lunettes.jpg","type":"","width":"","height":""}],"author":"Julien","twitter_card":"summary_large_image","twitter_misc":{"\u00c9crit par":"Julien","Dur\u00e9e de lecture est.":"4 minutes"},"schema":{"@context":"https:\/\/schema.org","@graph":[{"@type":"Article","@id":"https:\/\/vieassociative.be\/actualites\/comment-prendre-des-pauses-peut-reellement-vous-rendre-plus-productif\/#article","isPartOf":{"@id":"https:\/\/vieassociative.be\/actualites\/comment-prendre-des-pauses-peut-reellement-vous-rendre-plus-productif\/"},"author":{"name":"Julien","@id":"https:\/\/vieassociative.be\/actualites\/#\/schema\/person\/b87ac4f82f9d4e7b7cec7395b679edc4"},"headline":"Comment prendre des pauses peut r\u00e9ellement vous rendre plus productif","datePublished":"2025-10-26T12:22:11+00:00","dateModified":"2025-10-26T12:22:11+00:00","mainEntityOfPage":{"@id":"https:\/\/vieassociative.be\/actualites\/comment-prendre-des-pauses-peut-reellement-vous-rendre-plus-productif\/"},"wordCount":852,"publisher":{"@id":"https:\/\/vieassociative.be\/actualites\/#organization"},"image":{"@id":"https:\/\/vieassociative.be\/actualites\/comment-prendre-des-pauses-peut-reellement-vous-rendre-plus-productif\/#primaryimage"},"thumbnailUrl":"https:\/\/vieassociative.be\/actualites\/wp-content\/uploads\/2025\/10\/Comment-prendre-des-pauses-peut-reellement-vous-rendre-plus-productif.jpg","keywords":["Comment","Des","pauses","peut","prendre","productif","r\u00e9ellement","rendre","Vous"],"articleSection":["Travail"],"inLanguage":"fr-BE"},{"@type":"WebPage","@id":"https:\/\/vieassociative.be\/actualites\/comment-prendre-des-pauses-peut-reellement-vous-rendre-plus-productif\/","url":"https:\/\/vieassociative.be\/actualites\/comment-prendre-des-pauses-peut-reellement-vous-rendre-plus-productif\/","name":"Comment prendre des pauses peut r\u00e9ellement vous rendre plus productif | Vie Associative","isPartOf":{"@id":"https:\/\/vieassociative.be\/actualites\/#website"},"primaryImageOfPage":{"@id":"https:\/\/vieassociative.be\/actualites\/comment-prendre-des-pauses-peut-reellement-vous-rendre-plus-productif\/#primaryimage"},"image":{"@id":"https:\/\/vieassociative.be\/actualites\/comment-prendre-des-pauses-peut-reellement-vous-rendre-plus-productif\/#primaryimage"},"thumbnailUrl":"https:\/\/vieassociative.be\/actualites\/wp-content\/uploads\/2025\/10\/Comment-prendre-des-pauses-peut-reellement-vous-rendre-plus-productif.jpg","datePublished":"2025-10-26T12:22:11+00:00","dateModified":"2025-10-26T12:22:11+00:00","breadcrumb":{"@id":"https:\/\/vieassociative.be\/actualites\/comment-prendre-des-pauses-peut-reellement-vous-rendre-plus-productif\/#breadcrumb"},"inLanguage":"fr-BE","potentialAction":[{"@type":"ReadAction","target":["https:\/\/vieassociative.be\/actualites\/comment-prendre-des-pauses-peut-reellement-vous-rendre-plus-productif\/"]}]},{"@type":"ImageObject","inLanguage":"fr-BE","@id":"https:\/\/vieassociative.be\/actualites\/comment-prendre-des-pauses-peut-reellement-vous-rendre-plus-productif\/#primaryimage","url":"https:\/\/vieassociative.be\/actualites\/wp-content\/uploads\/2025\/10\/Comment-prendre-des-pauses-peut-reellement-vous-rendre-plus-productif.jpg","contentUrl":"https:\/\/vieassociative.be\/actualites\/wp-content\/uploads\/2025\/10\/Comment-prendre-des-pauses-peut-reellement-vous-rendre-plus-productif.jpg","width":1200,"height":675,"caption":"Comment prendre des pauses peut r\u00e9ellement vous rendre plus productif"},{"@type":"BreadcrumbList","@id":"https:\/\/vieassociative.be\/actualites\/comment-prendre-des-pauses-peut-reellement-vous-rendre-plus-productif\/#breadcrumb","itemListElement":[{"@type":"ListItem","position":1,"name":"Accueil","item":"https:\/\/vieassociative.be\/actualites\/"},{"@type":"ListItem","position":2,"name":"Comment prendre des pauses peut r\u00e9ellement vous rendre plus productif"}]},{"@type":"WebSite","@id":"https:\/\/vieassociative.be\/actualites\/#website","url":"https:\/\/vieassociative.be\/actualites\/","name":"Vie Associative","description":"","publisher":{"@id":"https:\/\/vieassociative.be\/actualites\/#organization"},"potentialAction":[{"@type":"SearchAction","target":{"@type":"EntryPoint","urlTemplate":"https:\/\/vieassociative.be\/actualites\/?s={search_term_string}"},"query-input":{"@type":"PropertyValueSpecification","valueRequired":true,"valueName":"search_term_string"}}],"inLanguage":"fr-BE"},{"@type":"Organization","@id":"https:\/\/vieassociative.be\/actualites\/#organization","name":"Vie Associative","url":"https:\/\/vieassociative.be\/actualites\/","logo":{"@type":"ImageObject","inLanguage":"fr-BE","@id":"https:\/\/vieassociative.be\/actualites\/#\/schema\/logo\/image\/","url":"https:\/\/vieassociative.be\/actualites\/wp-content\/uploads\/2024\/09\/cropped-vieassociative_favicon.ico.png","contentUrl":"https:\/\/vieassociative.be\/actualites\/wp-content\/uploads\/2024\/09\/cropped-vieassociative_favicon.ico.png","width":512,"height":512,"caption":"Vie Associative"},"image":{"@id":"https:\/\/vieassociative.be\/actualites\/#\/schema\/logo\/image\/"}},{"@type":"Person","@id":"https:\/\/vieassociative.be\/actualites\/#\/schema\/person\/b87ac4f82f9d4e7b7cec7395b679edc4","name":"Julien","image":{"@type":"ImageObject","inLanguage":"fr-BE","@id":"https:\/\/vieassociative.be\/actualites\/#\/schema\/person\/image\/","url":"https:\/\/vieassociative.be\/actualites\/wp-content\/uploads\/2024\/09\/vie-associative-1-150x150.jpg","contentUrl":"https:\/\/vieassociative.be\/actualites\/wp-content\/uploads\/2024\/09\/vie-associative-1-150x150.jpg","caption":"Julien"},"description":"Je suis Julien, r\u00e9dacteur pour Vie Associative. Passionn\u00e9 par le monde associatif depuis plus de 10 ans, j'ai \u00e0 c\u0153ur de partager des histoires inspirantes et de mettre en lumi\u00e8re les initiatives locales. Mon objectif est de sensibiliser et d'encourager l'engagement communautaire \u00e0 travers mes articles.","sameAs":["https:\/\/vieassociative.be\/"]}]}},"_links":{"self":[{"href":"https:\/\/vieassociative.be\/actualites\/wp-json\/wp\/v2\/posts\/10911"}],"collection":[{"href":"https:\/\/vieassociative.be\/actualites\/wp-json\/wp\/v2\/posts"}],"about":[{"href":"https:\/\/vieassociative.be\/actualites\/wp-json\/wp\/v2\/types\/post"}],"author":[{"embeddable":true,"href":"https:\/\/vieassociative.be\/actualites\/wp-json\/wp\/v2\/users\/1"}],"replies":[{"embeddable":true,"href":"https:\/\/vieassociative.be\/actualites\/wp-json\/wp\/v2\/comments?post=10911"}],"version-history":[{"count":0,"href":"https:\/\/vieassociative.be\/actualites\/wp-json\/wp\/v2\/posts\/10911\/revisions"}],"wp:featuredmedia":[{"embeddable":true,"href":"https:\/\/vieassociative.be\/actualites\/wp-json\/wp\/v2\/media\/10912"}],"wp:attachment":[{"href":"https:\/\/vieassociative.be\/actualites\/wp-json\/wp\/v2\/media?parent=10911"}],"wp:term":[{"taxonomy":"category","embeddable":true,"href":"https:\/\/vieassociative.be\/actualites\/wp-json\/wp\/v2\/categories?post=10911"},{"taxonomy":"post_tag","embeddable":true,"href":"https:\/\/vieassociative.be\/actualites\/wp-json\/wp\/v2\/tags?post=10911"}],"curies":[{"name":"wp","href":"https:\/\/api.w.org\/{rel}","templated":true}]}}