{"id":10908,"date":"2025-10-26T09:17:27","date_gmt":"2025-10-26T08:17:27","guid":{"rendered":"https:\/\/vieassociative.be\/actualites\/le-fc-bayern-simpose-3-0-et-egale-le-record-de-titularisation-europeen-de-lac-milan-de-13-victoires-consecutives-a-lautomne-1992\/"},"modified":"2025-10-26T09:17:27","modified_gmt":"2025-10-26T08:17:27","slug":"le-fc-bayern-simpose-3-0-et-egale-le-record-de-titularisation-europeen-de-lac-milan-de-13-victoires-consecutives-a-lautomne-1992","status":"publish","type":"post","link":"https:\/\/vieassociative.be\/actualites\/le-fc-bayern-simpose-3-0-et-egale-le-record-de-titularisation-europeen-de-lac-milan-de-13-victoires-consecutives-a-lautomne-1992\/","title":{"rendered":"Le FC Bayern s&rsquo;impose 3-0 et \u00e9gale le record de titularisation europ\u00e9en de l&rsquo;AC Milan de 13 victoires cons\u00e9cutives \u00e0 l&rsquo;automne 1992."},"content":{"rendered":"<p><strong>Le FC Bayern est toujours inarr\u00eatable. L&rsquo;\u00e9quipe munichoise a battu le Borussia M\u00f6nchengladbach 3-0 (0-0), dernier class\u00e9, et a consolid\u00e9 son avance en Bundesliga avec sa huiti\u00e8me victoire lors de son huiti\u00e8me match.<\/strong><\/p>\n<p><span id=\"more-428056\"><\/span>Le Bayern a m\u00eame r\u00e9ussi 13 victoires en 13 matchs toutes comp\u00e9titions confondues \u2013 seul l&rsquo;AC Milan avait r\u00e9ussi un tel d\u00e9but de saison dans les cinq grands championnats europ\u00e9ens \u00e0 l&rsquo;automne 1992.<\/p>\n<p>\u00c0 partir de la 19e minute, le Bayern jouait dans la majorit\u00e9 car Jens Castrop \u00e9tait rouge apr\u00e8s une grave faute contre Luis D\u00edaz. Mais les invit\u00e9s ont ensuite trouv\u00e9 la t\u00e2che \u00e9tonnamment difficile face \u00e0 dix Gladbachers. Joshua Kimmich a rompu le sort (64e), peu apr\u00e8s Raphael Guerreiro a port\u00e9 le score \u00e0 2-0 (70e). Quand, pour ne rien arranger au Borussia, Kevin St\u00f6ger touchait \u00e9galement le poteau sur penalty (75e), le match \u00e9tait pratiquement d\u00e9cid\u00e9.<\/p>\n<p>Le jeune Munichois Lennart Karl a \u00e9t\u00e9 le point culminant de l&rsquo;apr\u00e8s-midi &#8211; comme il l&rsquo;a fait r\u00e9cemment en Ligue des champions contre Bruges. Apr\u00e8s avoir \u00e9t\u00e9 remplac\u00e9, il frappe magnifiquement le corner d&rsquo;une frappe lointaine (81e). (dpa)<\/p>\n","protected":false},"excerpt":{"rendered":"<p>Le FC Bayern est toujours inarr\u00eatable. L&rsquo;\u00e9quipe munichoise a battu le Borussia M\u00f6nchengladbach 3-0 (0-0), dernier class\u00e9, et a consolid\u00e9 son avance en Bundesliga avec<\/p>\n","protected":false},"author":1,"featured_media":10909,"comment_status":"","ping_status":"","sticky":false,"template":"","format":"standard","meta":{"footnotes":""},"categories":[298],"tags":[2298,9039,9036,2896,9038,7905,6267,2568,8936,9037,3975],"class_list":["post-10908","post","type-post","status-publish","format-standard","has-post-thumbnail","hentry","category-belgique","tag-bayern","tag-consecutives","tag-egale","tag-europeen","tag-lac","tag-lautomne","tag-milan","tag-record","tag-simpose","tag-titularisation","tag-victoires","generate-columns","tablet-grid-50","mobile-grid-100","grid-parent","grid-33"],"yoast_head":"<!-- This site is optimized with the Yoast SEO plugin v24.0 - https:\/\/yoast.com\/wordpress\/plugins\/seo\/ -->\n<title>Le FC Bayern s&#039;impose 3-0 et \u00e9gale le record de titularisation europ\u00e9en de l&#039;AC Milan de 13 victoires cons\u00e9cutives \u00e0 l&#039;automne 1992. | Vie Associative<\/title>\n<meta name=\"robots\" content=\"index, follow, max-snippet:-1, max-image-preview:large, max-video-preview:-1\" \/>\n<link rel=\"canonical\" href=\"https:\/\/vieassociative.be\/actualites\/le-fc-bayern-simpose-3-0-et-egale-le-record-de-titularisation-europeen-de-lac-milan-de-13-victoires-consecutives-a-lautomne-1992\/\" \/>\n<meta property=\"og:locale\" content=\"fr_FR\" \/>\n<meta property=\"og:type\" content=\"article\" \/>\n<meta property=\"og:title\" content=\"Le FC Bayern s&#039;impose 3-0 et \u00e9gale le record de titularisation europ\u00e9en de l&#039;AC Milan de 13 victoires cons\u00e9cutives \u00e0 l&#039;automne 1992. | Vie Associative\" \/>\n<meta property=\"og:description\" content=\"Le FC Bayern est toujours inarr\u00eatable. L&rsquo;\u00e9quipe munichoise a battu le Borussia M\u00f6nchengladbach 3-0 (0-0), dernier class\u00e9, et a consolid\u00e9 son avance en Bundesliga avec\" \/>\n<meta property=\"og:url\" content=\"https:\/\/vieassociative.be\/actualites\/le-fc-bayern-simpose-3-0-et-egale-le-record-de-titularisation-europeen-de-lac-milan-de-13-victoires-consecutives-a-lautomne-1992\/\" \/>\n<meta property=\"og:site_name\" content=\"Vie Associative\" \/>\n<meta property=\"article:published_time\" content=\"2025-10-26T08:17:27+00:00\" \/>\n<meta property=\"og:image\" content=\"https:\/\/vieassociative.be\/actualites\/wp-content\/uploads\/2024\/09\/header_backgroundk-01-e1726694325946.png\" \/>\n\t<meta property=\"og:image:width\" content=\"279\" \/>\n\t<meta property=\"og:image:height\" content=\"92\" \/>\n\t<meta property=\"og:image:type\" content=\"image\/png\" \/>\n<meta name=\"author\" content=\"Julien\" \/>\n<meta name=\"twitter:card\" content=\"summary_large_image\" \/>\n<meta name=\"twitter:label1\" content=\"\u00c9crit par\" \/>\n\t<meta name=\"twitter:data1\" content=\"Julien\" \/>\n\t<meta name=\"twitter:label2\" content=\"Dur\u00e9e de lecture est.\" \/>\n\t<meta name=\"twitter:data2\" content=\"1 minute\" \/>\n<script type=\"application\/ld+json\" class=\"yoast-schema-graph\">{\"@context\":\"https:\/\/schema.org\",\"@graph\":[{\"@type\":\"Article\",\"@id\":\"https:\/\/vieassociative.be\/actualites\/le-fc-bayern-simpose-3-0-et-egale-le-record-de-titularisation-europeen-de-lac-milan-de-13-victoires-consecutives-a-lautomne-1992\/#article\",\"isPartOf\":{\"@id\":\"https:\/\/vieassociative.be\/actualites\/le-fc-bayern-simpose-3-0-et-egale-le-record-de-titularisation-europeen-de-lac-milan-de-13-victoires-consecutives-a-lautomne-1992\/\"},\"author\":{\"name\":\"Julien\",\"@id\":\"https:\/\/vieassociative.be\/actualites\/#\/schema\/person\/b87ac4f82f9d4e7b7cec7395b679edc4\"},\"headline\":\"Le FC Bayern s&rsquo;impose 3-0 et \u00e9gale le record de titularisation europ\u00e9en de l&rsquo;AC Milan de 13 victoires cons\u00e9cutives \u00e0 l&rsquo;automne 1992.\",\"datePublished\":\"2025-10-26T08:17:27+00:00\",\"dateModified\":\"2025-10-26T08:17:27+00:00\",\"mainEntityOfPage\":{\"@id\":\"https:\/\/vieassociative.be\/actualites\/le-fc-bayern-simpose-3-0-et-egale-le-record-de-titularisation-europeen-de-lac-milan-de-13-victoires-consecutives-a-lautomne-1992\/\"},\"wordCount\":223,\"publisher\":{\"@id\":\"https:\/\/vieassociative.be\/actualites\/#organization\"},\"image\":{\"@id\":\"https:\/\/vieassociative.be\/actualites\/le-fc-bayern-simpose-3-0-et-egale-le-record-de-titularisation-europeen-de-lac-milan-de-13-victoires-consecutives-a-lautomne-1992\/#primaryimage\"},\"thumbnailUrl\":\"https:\/\/vieassociative.be\/actualites\/wp-content\/uploads\/2025\/10\/Le-FC-Bayern-simpose-3-0-et-egale-le-record-de.jpg\",\"keywords\":[\"Bayern\",\"cons\u00e9cutives\",\"\u00e9gale\",\"europ\u00e9en\",\"lAC\",\"lautomne\",\"Milan\",\"record\",\"simpose\",\"titularisation\",\"victoires\"],\"articleSection\":[\"Belgique\"],\"inLanguage\":\"fr-BE\"},{\"@type\":\"WebPage\",\"@id\":\"https:\/\/vieassociative.be\/actualites\/le-fc-bayern-simpose-3-0-et-egale-le-record-de-titularisation-europeen-de-lac-milan-de-13-victoires-consecutives-a-lautomne-1992\/\",\"url\":\"https:\/\/vieassociative.be\/actualites\/le-fc-bayern-simpose-3-0-et-egale-le-record-de-titularisation-europeen-de-lac-milan-de-13-victoires-consecutives-a-lautomne-1992\/\",\"name\":\"Le FC Bayern s'impose 3-0 et \u00e9gale le record de titularisation europ\u00e9en de l'AC Milan de 13 victoires cons\u00e9cutives \u00e0 l'automne 1992. | Vie Associative\",\"isPartOf\":{\"@id\":\"https:\/\/vieassociative.be\/actualites\/#website\"},\"primaryImageOfPage\":{\"@id\":\"https:\/\/vieassociative.be\/actualites\/le-fc-bayern-simpose-3-0-et-egale-le-record-de-titularisation-europeen-de-lac-milan-de-13-victoires-consecutives-a-lautomne-1992\/#primaryimage\"},\"image\":{\"@id\":\"https:\/\/vieassociative.be\/actualites\/le-fc-bayern-simpose-3-0-et-egale-le-record-de-titularisation-europeen-de-lac-milan-de-13-victoires-consecutives-a-lautomne-1992\/#primaryimage\"},\"thumbnailUrl\":\"https:\/\/vieassociative.be\/actualites\/wp-content\/uploads\/2025\/10\/Le-FC-Bayern-simpose-3-0-et-egale-le-record-de.jpg\",\"datePublished\":\"2025-10-26T08:17:27+00:00\",\"dateModified\":\"2025-10-26T08:17:27+00:00\",\"breadcrumb\":{\"@id\":\"https:\/\/vieassociative.be\/actualites\/le-fc-bayern-simpose-3-0-et-egale-le-record-de-titularisation-europeen-de-lac-milan-de-13-victoires-consecutives-a-lautomne-1992\/#breadcrumb\"},\"inLanguage\":\"fr-BE\",\"potentialAction\":[{\"@type\":\"ReadAction\",\"target\":[\"https:\/\/vieassociative.be\/actualites\/le-fc-bayern-simpose-3-0-et-egale-le-record-de-titularisation-europeen-de-lac-milan-de-13-victoires-consecutives-a-lautomne-1992\/\"]}]},{\"@type\":\"ImageObject\",\"inLanguage\":\"fr-BE\",\"@id\":\"https:\/\/vieassociative.be\/actualites\/le-fc-bayern-simpose-3-0-et-egale-le-record-de-titularisation-europeen-de-lac-milan-de-13-victoires-consecutives-a-lautomne-1992\/#primaryimage\",\"url\":\"https:\/\/vieassociative.be\/actualites\/wp-content\/uploads\/2025\/10\/Le-FC-Bayern-simpose-3-0-et-egale-le-record-de.jpg\",\"contentUrl\":\"https:\/\/vieassociative.be\/actualites\/wp-content\/uploads\/2025\/10\/Le-FC-Bayern-simpose-3-0-et-egale-le-record-de.jpg\",\"width\":960,\"height\":1200,\"caption\":\"Le FC Bayern s'impose 3-0 et \u00e9gale le record de titularisation europ\u00e9en de l'AC Milan de 13 victoires cons\u00e9cutives \u00e0 l'automne 1992.\"},{\"@type\":\"BreadcrumbList\",\"@id\":\"https:\/\/vieassociative.be\/actualites\/le-fc-bayern-simpose-3-0-et-egale-le-record-de-titularisation-europeen-de-lac-milan-de-13-victoires-consecutives-a-lautomne-1992\/#breadcrumb\",\"itemListElement\":[{\"@type\":\"ListItem\",\"position\":1,\"name\":\"Accueil\",\"item\":\"https:\/\/vieassociative.be\/actualites\/\"},{\"@type\":\"ListItem\",\"position\":2,\"name\":\"Le FC Bayern s&rsquo;impose 3-0 et \u00e9gale le record de titularisation europ\u00e9en de l&rsquo;AC Milan de 13 victoires cons\u00e9cutives \u00e0 l&rsquo;automne 1992.\"}]},{\"@type\":\"WebSite\",\"@id\":\"https:\/\/vieassociative.be\/actualites\/#website\",\"url\":\"https:\/\/vieassociative.be\/actualites\/\",\"name\":\"Vie Associative\",\"description\":\"\",\"publisher\":{\"@id\":\"https:\/\/vieassociative.be\/actualites\/#organization\"},\"potentialAction\":[{\"@type\":\"SearchAction\",\"target\":{\"@type\":\"EntryPoint\",\"urlTemplate\":\"https:\/\/vieassociative.be\/actualites\/?s={search_term_string}\"},\"query-input\":{\"@type\":\"PropertyValueSpecification\",\"valueRequired\":true,\"valueName\":\"search_term_string\"}}],\"inLanguage\":\"fr-BE\"},{\"@type\":\"Organization\",\"@id\":\"https:\/\/vieassociative.be\/actualites\/#organization\",\"name\":\"Vie Associative\",\"url\":\"https:\/\/vieassociative.be\/actualites\/\",\"logo\":{\"@type\":\"ImageObject\",\"inLanguage\":\"fr-BE\",\"@id\":\"https:\/\/vieassociative.be\/actualites\/#\/schema\/logo\/image\/\",\"url\":\"https:\/\/vieassociative.be\/actualites\/wp-content\/uploads\/2024\/09\/cropped-vieassociative_favicon.ico.png\",\"contentUrl\":\"https:\/\/vieassociative.be\/actualites\/wp-content\/uploads\/2024\/09\/cropped-vieassociative_favicon.ico.png\",\"width\":512,\"height\":512,\"caption\":\"Vie Associative\"},\"image\":{\"@id\":\"https:\/\/vieassociative.be\/actualites\/#\/schema\/logo\/image\/\"}},{\"@type\":\"Person\",\"@id\":\"https:\/\/vieassociative.be\/actualites\/#\/schema\/person\/b87ac4f82f9d4e7b7cec7395b679edc4\",\"name\":\"Julien\",\"image\":{\"@type\":\"ImageObject\",\"inLanguage\":\"fr-BE\",\"@id\":\"https:\/\/vieassociative.be\/actualites\/#\/schema\/person\/image\/\",\"url\":\"https:\/\/vieassociative.be\/actualites\/wp-content\/uploads\/2024\/09\/vie-associative-1-150x150.jpg\",\"contentUrl\":\"https:\/\/vieassociative.be\/actualites\/wp-content\/uploads\/2024\/09\/vie-associative-1-150x150.jpg\",\"caption\":\"Julien\"},\"description\":\"Je suis Julien, r\u00e9dacteur pour Vie Associative. Passionn\u00e9 par le monde associatif depuis plus de 10 ans, j'ai \u00e0 c\u0153ur de partager des histoires inspirantes et de mettre en lumi\u00e8re les initiatives locales. Mon objectif est de sensibiliser et d'encourager l'engagement communautaire \u00e0 travers mes articles.\",\"sameAs\":[\"https:\/\/vieassociative.be\/\"]}]}<\/script>\n<!-- \/ Yoast SEO plugin. -->","yoast_head_json":{"title":"Le FC Bayern s'impose 3-0 et \u00e9gale le record de titularisation europ\u00e9en de l'AC Milan de 13 victoires cons\u00e9cutives \u00e0 l'automne 1992. | Vie Associative","robots":{"index":"index","follow":"follow","max-snippet":"max-snippet:-1","max-image-preview":"max-image-preview:large","max-video-preview":"max-video-preview:-1"},"canonical":"https:\/\/vieassociative.be\/actualites\/le-fc-bayern-simpose-3-0-et-egale-le-record-de-titularisation-europeen-de-lac-milan-de-13-victoires-consecutives-a-lautomne-1992\/","og_locale":"fr_FR","og_type":"article","og_title":"Le FC Bayern s'impose 3-0 et \u00e9gale le record de titularisation europ\u00e9en de l'AC Milan de 13 victoires cons\u00e9cutives \u00e0 l'automne 1992. | Vie Associative","og_description":"Le FC Bayern est toujours inarr\u00eatable. L&rsquo;\u00e9quipe munichoise a battu le Borussia M\u00f6nchengladbach 3-0 (0-0), dernier class\u00e9, et a consolid\u00e9 son avance en Bundesliga avec","og_url":"https:\/\/vieassociative.be\/actualites\/le-fc-bayern-simpose-3-0-et-egale-le-record-de-titularisation-europeen-de-lac-milan-de-13-victoires-consecutives-a-lautomne-1992\/","og_site_name":"Vie Associative","article_published_time":"2025-10-26T08:17:27+00:00","og_image":[{"width":279,"height":92,"url":"https:\/\/vieassociative.be\/actualites\/wp-content\/uploads\/2024\/09\/header_backgroundk-01-e1726694325946.png","type":"image\/png"}],"author":"Julien","twitter_card":"summary_large_image","twitter_misc":{"\u00c9crit par":"Julien","Dur\u00e9e de lecture est.":"1 minute"},"schema":{"@context":"https:\/\/schema.org","@graph":[{"@type":"Article","@id":"https:\/\/vieassociative.be\/actualites\/le-fc-bayern-simpose-3-0-et-egale-le-record-de-titularisation-europeen-de-lac-milan-de-13-victoires-consecutives-a-lautomne-1992\/#article","isPartOf":{"@id":"https:\/\/vieassociative.be\/actualites\/le-fc-bayern-simpose-3-0-et-egale-le-record-de-titularisation-europeen-de-lac-milan-de-13-victoires-consecutives-a-lautomne-1992\/"},"author":{"name":"Julien","@id":"https:\/\/vieassociative.be\/actualites\/#\/schema\/person\/b87ac4f82f9d4e7b7cec7395b679edc4"},"headline":"Le FC Bayern s&rsquo;impose 3-0 et \u00e9gale le record de titularisation europ\u00e9en de l&rsquo;AC Milan de 13 victoires cons\u00e9cutives \u00e0 l&rsquo;automne 1992.","datePublished":"2025-10-26T08:17:27+00:00","dateModified":"2025-10-26T08:17:27+00:00","mainEntityOfPage":{"@id":"https:\/\/vieassociative.be\/actualites\/le-fc-bayern-simpose-3-0-et-egale-le-record-de-titularisation-europeen-de-lac-milan-de-13-victoires-consecutives-a-lautomne-1992\/"},"wordCount":223,"publisher":{"@id":"https:\/\/vieassociative.be\/actualites\/#organization"},"image":{"@id":"https:\/\/vieassociative.be\/actualites\/le-fc-bayern-simpose-3-0-et-egale-le-record-de-titularisation-europeen-de-lac-milan-de-13-victoires-consecutives-a-lautomne-1992\/#primaryimage"},"thumbnailUrl":"https:\/\/vieassociative.be\/actualites\/wp-content\/uploads\/2025\/10\/Le-FC-Bayern-simpose-3-0-et-egale-le-record-de.jpg","keywords":["Bayern","cons\u00e9cutives","\u00e9gale","europ\u00e9en","lAC","lautomne","Milan","record","simpose","titularisation","victoires"],"articleSection":["Belgique"],"inLanguage":"fr-BE"},{"@type":"WebPage","@id":"https:\/\/vieassociative.be\/actualites\/le-fc-bayern-simpose-3-0-et-egale-le-record-de-titularisation-europeen-de-lac-milan-de-13-victoires-consecutives-a-lautomne-1992\/","url":"https:\/\/vieassociative.be\/actualites\/le-fc-bayern-simpose-3-0-et-egale-le-record-de-titularisation-europeen-de-lac-milan-de-13-victoires-consecutives-a-lautomne-1992\/","name":"Le FC Bayern s'impose 3-0 et \u00e9gale le record de titularisation europ\u00e9en de l'AC Milan de 13 victoires cons\u00e9cutives \u00e0 l'automne 1992. | Vie Associative","isPartOf":{"@id":"https:\/\/vieassociative.be\/actualites\/#website"},"primaryImageOfPage":{"@id":"https:\/\/vieassociative.be\/actualites\/le-fc-bayern-simpose-3-0-et-egale-le-record-de-titularisation-europeen-de-lac-milan-de-13-victoires-consecutives-a-lautomne-1992\/#primaryimage"},"image":{"@id":"https:\/\/vieassociative.be\/actualites\/le-fc-bayern-simpose-3-0-et-egale-le-record-de-titularisation-europeen-de-lac-milan-de-13-victoires-consecutives-a-lautomne-1992\/#primaryimage"},"thumbnailUrl":"https:\/\/vieassociative.be\/actualites\/wp-content\/uploads\/2025\/10\/Le-FC-Bayern-simpose-3-0-et-egale-le-record-de.jpg","datePublished":"2025-10-26T08:17:27+00:00","dateModified":"2025-10-26T08:17:27+00:00","breadcrumb":{"@id":"https:\/\/vieassociative.be\/actualites\/le-fc-bayern-simpose-3-0-et-egale-le-record-de-titularisation-europeen-de-lac-milan-de-13-victoires-consecutives-a-lautomne-1992\/#breadcrumb"},"inLanguage":"fr-BE","potentialAction":[{"@type":"ReadAction","target":["https:\/\/vieassociative.be\/actualites\/le-fc-bayern-simpose-3-0-et-egale-le-record-de-titularisation-europeen-de-lac-milan-de-13-victoires-consecutives-a-lautomne-1992\/"]}]},{"@type":"ImageObject","inLanguage":"fr-BE","@id":"https:\/\/vieassociative.be\/actualites\/le-fc-bayern-simpose-3-0-et-egale-le-record-de-titularisation-europeen-de-lac-milan-de-13-victoires-consecutives-a-lautomne-1992\/#primaryimage","url":"https:\/\/vieassociative.be\/actualites\/wp-content\/uploads\/2025\/10\/Le-FC-Bayern-simpose-3-0-et-egale-le-record-de.jpg","contentUrl":"https:\/\/vieassociative.be\/actualites\/wp-content\/uploads\/2025\/10\/Le-FC-Bayern-simpose-3-0-et-egale-le-record-de.jpg","width":960,"height":1200,"caption":"Le FC Bayern s'impose 3-0 et \u00e9gale le record de titularisation europ\u00e9en de l'AC Milan de 13 victoires cons\u00e9cutives \u00e0 l'automne 1992."},{"@type":"BreadcrumbList","@id":"https:\/\/vieassociative.be\/actualites\/le-fc-bayern-simpose-3-0-et-egale-le-record-de-titularisation-europeen-de-lac-milan-de-13-victoires-consecutives-a-lautomne-1992\/#breadcrumb","itemListElement":[{"@type":"ListItem","position":1,"name":"Accueil","item":"https:\/\/vieassociative.be\/actualites\/"},{"@type":"ListItem","position":2,"name":"Le FC Bayern s&rsquo;impose 3-0 et \u00e9gale le record de titularisation europ\u00e9en de l&rsquo;AC Milan de 13 victoires cons\u00e9cutives \u00e0 l&rsquo;automne 1992."}]},{"@type":"WebSite","@id":"https:\/\/vieassociative.be\/actualites\/#website","url":"https:\/\/vieassociative.be\/actualites\/","name":"Vie Associative","description":"","publisher":{"@id":"https:\/\/vieassociative.be\/actualites\/#organization"},"potentialAction":[{"@type":"SearchAction","target":{"@type":"EntryPoint","urlTemplate":"https:\/\/vieassociative.be\/actualites\/?s={search_term_string}"},"query-input":{"@type":"PropertyValueSpecification","valueRequired":true,"valueName":"search_term_string"}}],"inLanguage":"fr-BE"},{"@type":"Organization","@id":"https:\/\/vieassociative.be\/actualites\/#organization","name":"Vie Associative","url":"https:\/\/vieassociative.be\/actualites\/","logo":{"@type":"ImageObject","inLanguage":"fr-BE","@id":"https:\/\/vieassociative.be\/actualites\/#\/schema\/logo\/image\/","url":"https:\/\/vieassociative.be\/actualites\/wp-content\/uploads\/2024\/09\/cropped-vieassociative_favicon.ico.png","contentUrl":"https:\/\/vieassociative.be\/actualites\/wp-content\/uploads\/2024\/09\/cropped-vieassociative_favicon.ico.png","width":512,"height":512,"caption":"Vie Associative"},"image":{"@id":"https:\/\/vieassociative.be\/actualites\/#\/schema\/logo\/image\/"}},{"@type":"Person","@id":"https:\/\/vieassociative.be\/actualites\/#\/schema\/person\/b87ac4f82f9d4e7b7cec7395b679edc4","name":"Julien","image":{"@type":"ImageObject","inLanguage":"fr-BE","@id":"https:\/\/vieassociative.be\/actualites\/#\/schema\/person\/image\/","url":"https:\/\/vieassociative.be\/actualites\/wp-content\/uploads\/2024\/09\/vie-associative-1-150x150.jpg","contentUrl":"https:\/\/vieassociative.be\/actualites\/wp-content\/uploads\/2024\/09\/vie-associative-1-150x150.jpg","caption":"Julien"},"description":"Je suis Julien, r\u00e9dacteur pour Vie Associative. Passionn\u00e9 par le monde associatif depuis plus de 10 ans, j'ai \u00e0 c\u0153ur de partager des histoires inspirantes et de mettre en lumi\u00e8re les initiatives locales. Mon objectif est de sensibiliser et d'encourager l'engagement communautaire \u00e0 travers mes articles.","sameAs":["https:\/\/vieassociative.be\/"]}]}},"_links":{"self":[{"href":"https:\/\/vieassociative.be\/actualites\/wp-json\/wp\/v2\/posts\/10908"}],"collection":[{"href":"https:\/\/vieassociative.be\/actualites\/wp-json\/wp\/v2\/posts"}],"about":[{"href":"https:\/\/vieassociative.be\/actualites\/wp-json\/wp\/v2\/types\/post"}],"author":[{"embeddable":true,"href":"https:\/\/vieassociative.be\/actualites\/wp-json\/wp\/v2\/users\/1"}],"replies":[{"embeddable":true,"href":"https:\/\/vieassociative.be\/actualites\/wp-json\/wp\/v2\/comments?post=10908"}],"version-history":[{"count":0,"href":"https:\/\/vieassociative.be\/actualites\/wp-json\/wp\/v2\/posts\/10908\/revisions"}],"wp:featuredmedia":[{"embeddable":true,"href":"https:\/\/vieassociative.be\/actualites\/wp-json\/wp\/v2\/media\/10909"}],"wp:attachment":[{"href":"https:\/\/vieassociative.be\/actualites\/wp-json\/wp\/v2\/media?parent=10908"}],"wp:term":[{"taxonomy":"category","embeddable":true,"href":"https:\/\/vieassociative.be\/actualites\/wp-json\/wp\/v2\/categories?post=10908"},{"taxonomy":"post_tag","embeddable":true,"href":"https:\/\/vieassociative.be\/actualites\/wp-json\/wp\/v2\/tags?post=10908"}],"curies":[{"name":"wp","href":"https:\/\/api.w.org\/{rel}","templated":true}]}}