{"id":10906,"date":"2025-10-26T08:17:55","date_gmt":"2025-10-26T07:17:55","guid":{"rendered":"https:\/\/vieassociative.be\/actualites\/lenorme-televiseur-the-frame-de-75-pouces-est-a-1-100-de-reduction-en-ce-moment\/"},"modified":"2025-10-26T08:17:55","modified_gmt":"2025-10-26T07:17:55","slug":"lenorme-televiseur-the-frame-de-75-pouces-est-a-1-100-de-reduction-en-ce-moment","status":"publish","type":"post","link":"https:\/\/vieassociative.be\/actualites\/lenorme-televiseur-the-frame-de-75-pouces-est-a-1-100-de-reduction-en-ce-moment\/","title":{"rendered":"L&rsquo;\u00e9norme t\u00e9l\u00e9viseur \u00ab The Frame \u00bb de 75 pouces est \u00e0 1 100 $ de r\u00e9duction en ce moment"},"content":{"rendered":"<div class=\"mt-4 leading-6 md:mb-8\">Le t\u00e9l\u00e9viseur \u00ab The Frame \u00bb 2024 de Samsung b\u00e9n\u00e9ficie d\u00e9sormais de l\u2019une de ses plus grosses r\u00e9ductions de l\u2019ann\u00e9e.<\/div>\n<p><\/p>\n<p>J&rsquo;ai vu beaucoup plus de contenu sur la d\u00e9coration d&rsquo;int\u00e9rieur sur mon flux ces derniers temps, probablement parce que j&rsquo;ai emm\u00e9nag\u00e9 dans une nouvelle maison cette ann\u00e9e. La plupart des contenus conseillant sur les salons parlent du mobilier tournant autour du t\u00e9l\u00e9viseur. Si vous cherchez \u00e0 \u00e9pater vos prochains invit\u00e9s, un t\u00e9l\u00e9viseur qui double son art sera bien plus beau qu&rsquo;un grand rectangle noir. Le Samsung The Frame de 75 pouces est le t\u00e9l\u00e9viseur en toile original, et il est actuellement \u00e0 1 100 $ de r\u00e9duction <strong>1\u00a0797,99\u00a0$ <\/strong>(\u00e0 l&rsquo;origine 2 997,99 $). Cela correspond au prix le plus bas jamais enregistr\u00e9, selon les outils de suivi des prix.<\/p>\n<div class=\"pogoClear mb-12 mt-10 rounded-md border-2 border-gray-100 py-7 shadow-xl md:py-6\">\n<div class=\"flex flex-wrap justify-between px-7 text-black no-underline md:flex-nowrap md:px-8\">\n<div class=\"order-1 mx-auto flex flex-col justify-center md:order-2 md:ml-4 md:w-full md:grow\">\n<div class=\"block cursor-pointer text-center font-akshar text-2xl font-medium leading-7 text-brand-green duration-200 ease-in-out hover:text-brand-green-700 md:text-left md:text-xl md:leading-6\">  Samsung 75&Prime; Classe LS03D The Frame QLED (2024)\n                <\/div>\n<div class=\"mt-4 hidden md:flex md:justify-between\">\n<div class=\"self-end\">\n<div class=\"mb-0 h-11 md:flex md:flex-col md:justify-center\">\n<div class=\" font-sans leading-4 text-black\">\n<div class=\"flex flex-wrap items-center justify-center gap-1 md:justify-start\">\n        <span class=\"font-bold\"><\/p>\n<p>            1\u00a0897,99\u00a0$<br \/>\n                            <span class=\"font-medium\">chez Walmart<\/span><br \/>\n                    <\/span>\n            <\/div>\n<div class=\"flex items-center justify-center gap-x-1 font-bold md:justify-start\">\n            <span class=\"text-sm line-through\">1\u00a0299,99\u00a0$<\/span><br \/>\n            <span class=\"text-sm text-brand-green\">\u00c9conomisez 0,00<\/span>\n        <\/div>\n<\/p><\/div>\n<\/p><\/div>\n<\/p><\/div>\n<div class=\"w-44 self-end\">\n                            <button class=\"flex justify-center items-center w-full bg-brand-green text-white text-base font-sans font-medium rounded-md hover:bg-brand-green-700 hover:cursor-pointer md:text-sm h-11\"><\/p>\n<p>    Obtenez une offre<br \/>\n<\/button>\n                        <\/div>\n<\/p><\/div>\n<\/p><\/div>\n<div class=\"order-2 mt-5 h-auto w-full md:order-1 md:mt-0 md:hidden\">\n<div class=\"flex aspect-video items-center justify-center\">\n                                            <img decoding=\"async\" class=\"m-0 max-h-full max-w-full rounded-md\" src=\"https:\/\/vieassociative.be\/actualites\/wp-content\/uploads\/2025\/10\/Lenorme-televiseur-The-Frame-de-75-pouces-est.jpg\" alt=\"SAMSUNG T\u00e9l\u00e9viseur intelligent QLED 4K LS03D The Frame Series Quantum HDR avec Dolby Atmos, mode artistique, antireflet, cadre personnalisable, support mural fin avec Alexa int\u00e9gr\u00e9 (QN75LS03D, mod\u00e8le 2024)\" width=\"auto\" height=\"auto\" loading=\"lazy\">\n                                    <\/div>\n<\/p><\/div>\n<div class=\"order-2 ml-2 hidden w-32 shrink-0 items-center md:order-1 md:ml-0 md:flex\">\n<div class=\"flex aspect-video items-center justify-center\">\n                                            <img decoding=\"async\" class=\"m-0 max-h-full max-w-full rounded-md\" src=\"https:\/\/vieassociative.be\/actualites\/wp-content\/uploads\/2025\/10\/Lenorme-televiseur-The-Frame-de-75-pouces-est.jpg\" alt=\"SAMSUNG T\u00e9l\u00e9viseur intelligent QLED 4K LS03D The Frame Series Quantum HDR avec Dolby Atmos, mode artistique, antireflet, cadre personnalisable, support mural fin avec Alexa int\u00e9gr\u00e9 (QN75LS03D, mod\u00e8le 2024)\" width=\"auto\" height=\"auto\" loading=\"lazy\">\n                                    <\/div>\n<\/p><\/div>\n<div class=\"order-3 flex grow flex-wrap md:hidden md:grow-0\">\n<div class=\"mt-4 w-full\">\n                        <button class=\"flex justify-center items-center w-full bg-brand-green text-white text-base font-sans font-medium rounded-md hover:bg-brand-green-700 hover:cursor-pointer md:text-sm h-11\"><\/p>\n<p>    Obtenez une offre<br \/>\n<\/button>\n                    <\/div>\n<div class=\"mx-2 mt-4 w-full\">\n<div class=\" font-sans leading-4 text-black\">\n<div class=\"flex flex-wrap items-center justify-center gap-1 md:justify-start\">\n        <span class=\"font-bold\"><\/p>\n<p>            1\u00a0897,99\u00a0$<br \/>\n                            <span class=\"font-medium\">chez Walmart<\/span><br \/>\n                    <\/span>\n            <\/div>\n<div class=\"flex items-center justify-center gap-x-1 font-bold md:justify-start\">\n            <span class=\"text-sm line-through\">1\u00a0299,99\u00a0$<\/span><br \/>\n            <span class=\"text-sm text-brand-green\">\u00c9conomisez 0,00<\/span>\n        <\/div>\n<\/p><\/div>\n<\/p><\/div>\n<\/p><\/div>\n<\/p><\/div>\n<\/div>\n<p>Les t\u00e9l\u00e9viseurs intelligents The Frame de Samsung ont parcouru un long chemin depuis leur sortie en 2017. Lanc\u00e9e pour plaire \u00e0 la foule qui veut un grand t\u00e9l\u00e9viseur mais ne veut pas que ce t\u00e9l\u00e9viseur domine son d\u00e9cor, l&rsquo;une des fonctionnalit\u00e9s les plus r\u00e9centes, sortie l&rsquo;ann\u00e9e derni\u00e8re, a introduit un \u00e9cran mat antireflet qui a port\u00e9 l&rsquo;aspect \u00ab illustration encadr\u00e9e \u00bb \u00e0 de nouveaux niveaux &#8211; et avec une qualit\u00e9 d&rsquo;image 4K. Comme son nom l&rsquo;indique, l&rsquo;attrait de ce t\u00e9l\u00e9viseur r\u00e9side dans le fait qu&rsquo;il peut \u00e9galement servir de cadre d&rsquo;art num\u00e9rique, avec son \u00e9cran mat antireflet et son cadre personnalisable.<\/p>\n<p>J&rsquo;ai vu de pr\u00e8s la version 2022 pour la premi\u00e8re fois lors de sa sortie, apr\u00e8s avoir certes \u00e9t\u00e9 tromp\u00e9 par mon fr\u00e8re en lui faisant croire qu&rsquo;il s&rsquo;agissait d&rsquo;un v\u00e9ritable tableau (il y ressemble vraiment). L&rsquo;\u00e9cran mat fait un bon travail en donnant au t\u00e9l\u00e9viseur l&rsquo;apparence d&rsquo;un tableau, et il est id\u00e9al pour les pi\u00e8ces lumineuses qui pourraient autrement recevoir beaucoup d&rsquo;\u00e9blouissements de l&rsquo;\u00e9cran. Cette version a re\u00e7u une \u00e9valuation \u00ab\u00a0moyenne\u00a0\u00bb de PCMag en raison principalement du mauvais contraste et du prix. Cependant, la nouvelle version 2024 est la derni\u00e8re g\u00e9n\u00e9ration de cette s\u00e9rie et pr\u00e9sente des am\u00e9liorations notables.<\/p>\n<p>Vous obtiendrez un taux de rafra\u00eechissement am\u00e9lior\u00e9 de 120 Hz, le m\u00eame \u00e9cran QLED et une r\u00e9solution 4K avec un processeur Quantum 4K. Vous pouvez acheter des cadres s\u00e9par\u00e9ment \u00e0 votre go\u00fbt et m\u00eame les concevoir avec un th\u00e8me Harry Potter, comme ce type l&rsquo;a fait sur TikTok.<\/p>\n<hr>\n<p><script async src=\"\/\/www.tiktok.com\/embed.js\"><\/script><\/p>\n","protected":false},"excerpt":{"rendered":"<p>Le t\u00e9l\u00e9viseur \u00ab The Frame \u00bb 2024 de Samsung b\u00e9n\u00e9ficie d\u00e9sormais de l\u2019une de ses plus grosses r\u00e9ductions de l\u2019ann\u00e9e. J&rsquo;ai vu beaucoup plus de<\/p>\n","protected":false},"author":1,"featured_media":10907,"comment_status":"","ping_status":"","sticky":false,"template":"","format":"standard","meta":{"footnotes":""},"categories":[13],"tags":[76,3647,4634,1429,1980,308,1978],"class_list":["post-10906","post","type-post","status-publish","format-standard","has-post-thumbnail","hentry","category-technologie","tag-est","tag-frame","tag-lenorme","tag-moment","tag-pouces","tag-reduction","tag-televiseur","generate-columns","tablet-grid-50","mobile-grid-100","grid-parent","grid-33"],"yoast_head":"<!-- This site is optimized with the Yoast SEO plugin v24.0 - https:\/\/yoast.com\/wordpress\/plugins\/seo\/ -->\n<title>L&#039;\u00e9norme t\u00e9l\u00e9viseur \u00ab The Frame \u00bb de 75 pouces est \u00e0 1 100 $ de r\u00e9duction en ce moment | Vie Associative<\/title>\n<meta name=\"robots\" content=\"index, follow, max-snippet:-1, max-image-preview:large, max-video-preview:-1\" \/>\n<link rel=\"canonical\" href=\"https:\/\/vieassociative.be\/actualites\/lenorme-televiseur-the-frame-de-75-pouces-est-a-1-100-de-reduction-en-ce-moment\/\" \/>\n<meta property=\"og:locale\" content=\"fr_FR\" \/>\n<meta property=\"og:type\" content=\"article\" \/>\n<meta property=\"og:title\" content=\"L&#039;\u00e9norme t\u00e9l\u00e9viseur \u00ab The Frame \u00bb de 75 pouces est \u00e0 1 100 $ de r\u00e9duction en ce moment | Vie Associative\" \/>\n<meta property=\"og:description\" content=\"Le t\u00e9l\u00e9viseur \u00ab The Frame \u00bb 2024 de Samsung b\u00e9n\u00e9ficie d\u00e9sormais de l\u2019une de ses plus grosses r\u00e9ductions de l\u2019ann\u00e9e. J&rsquo;ai vu beaucoup plus de\" \/>\n<meta property=\"og:url\" content=\"https:\/\/vieassociative.be\/actualites\/lenorme-televiseur-the-frame-de-75-pouces-est-a-1-100-de-reduction-en-ce-moment\/\" \/>\n<meta property=\"og:site_name\" content=\"Vie Associative\" \/>\n<meta property=\"article:published_time\" content=\"2025-10-26T07:17:55+00:00\" \/>\n<meta property=\"og:image\" content=\"https:\/\/vieassociative.be\/actualites\/wp-content\/uploads\/2025\/10\/Lenorme-televiseur-The-Frame-de-75-pouces-est.jpg\" \/>\n<meta name=\"author\" content=\"Julien\" \/>\n<meta name=\"twitter:card\" content=\"summary_large_image\" \/>\n<meta name=\"twitter:label1\" content=\"\u00c9crit par\" \/>\n\t<meta name=\"twitter:data1\" content=\"Julien\" \/>\n\t<meta name=\"twitter:label2\" content=\"Dur\u00e9e de lecture est.\" \/>\n\t<meta name=\"twitter:data2\" content=\"2 minutes\" \/>\n<script type=\"application\/ld+json\" class=\"yoast-schema-graph\">{\"@context\":\"https:\/\/schema.org\",\"@graph\":[{\"@type\":\"Article\",\"@id\":\"https:\/\/vieassociative.be\/actualites\/lenorme-televiseur-the-frame-de-75-pouces-est-a-1-100-de-reduction-en-ce-moment\/#article\",\"isPartOf\":{\"@id\":\"https:\/\/vieassociative.be\/actualites\/lenorme-televiseur-the-frame-de-75-pouces-est-a-1-100-de-reduction-en-ce-moment\/\"},\"author\":{\"name\":\"Julien\",\"@id\":\"https:\/\/vieassociative.be\/actualites\/#\/schema\/person\/b87ac4f82f9d4e7b7cec7395b679edc4\"},\"headline\":\"L&rsquo;\u00e9norme t\u00e9l\u00e9viseur \u00ab The Frame \u00bb de 75 pouces est \u00e0 1 100 $ de r\u00e9duction en ce moment\",\"datePublished\":\"2025-10-26T07:17:55+00:00\",\"dateModified\":\"2025-10-26T07:17:55+00:00\",\"mainEntityOfPage\":{\"@id\":\"https:\/\/vieassociative.be\/actualites\/lenorme-televiseur-the-frame-de-75-pouces-est-a-1-100-de-reduction-en-ce-moment\/\"},\"wordCount\":476,\"publisher\":{\"@id\":\"https:\/\/vieassociative.be\/actualites\/#organization\"},\"image\":{\"@id\":\"https:\/\/vieassociative.be\/actualites\/lenorme-televiseur-the-frame-de-75-pouces-est-a-1-100-de-reduction-en-ce-moment\/#primaryimage\"},\"thumbnailUrl\":\"https:\/\/vieassociative.be\/actualites\/wp-content\/uploads\/2025\/10\/Lenorme-televiseur-The-Frame-de-75-pouces-est.png\",\"keywords\":[\"est\",\"Frame\",\"L\u00e9norme\",\"moment\",\"pouces\",\"r\u00e9duction\",\"t\u00e9l\u00e9viseur\"],\"articleSection\":[\"Technologie\"],\"inLanguage\":\"fr-BE\"},{\"@type\":\"WebPage\",\"@id\":\"https:\/\/vieassociative.be\/actualites\/lenorme-televiseur-the-frame-de-75-pouces-est-a-1-100-de-reduction-en-ce-moment\/\",\"url\":\"https:\/\/vieassociative.be\/actualites\/lenorme-televiseur-the-frame-de-75-pouces-est-a-1-100-de-reduction-en-ce-moment\/\",\"name\":\"L'\u00e9norme t\u00e9l\u00e9viseur \u00ab The Frame \u00bb de 75 pouces est \u00e0 1 100 $ de r\u00e9duction en ce moment | Vie Associative\",\"isPartOf\":{\"@id\":\"https:\/\/vieassociative.be\/actualites\/#website\"},\"primaryImageOfPage\":{\"@id\":\"https:\/\/vieassociative.be\/actualites\/lenorme-televiseur-the-frame-de-75-pouces-est-a-1-100-de-reduction-en-ce-moment\/#primaryimage\"},\"image\":{\"@id\":\"https:\/\/vieassociative.be\/actualites\/lenorme-televiseur-the-frame-de-75-pouces-est-a-1-100-de-reduction-en-ce-moment\/#primaryimage\"},\"thumbnailUrl\":\"https:\/\/vieassociative.be\/actualites\/wp-content\/uploads\/2025\/10\/Lenorme-televiseur-The-Frame-de-75-pouces-est.png\",\"datePublished\":\"2025-10-26T07:17:55+00:00\",\"dateModified\":\"2025-10-26T07:17:55+00:00\",\"breadcrumb\":{\"@id\":\"https:\/\/vieassociative.be\/actualites\/lenorme-televiseur-the-frame-de-75-pouces-est-a-1-100-de-reduction-en-ce-moment\/#breadcrumb\"},\"inLanguage\":\"fr-BE\",\"potentialAction\":[{\"@type\":\"ReadAction\",\"target\":[\"https:\/\/vieassociative.be\/actualites\/lenorme-televiseur-the-frame-de-75-pouces-est-a-1-100-de-reduction-en-ce-moment\/\"]}]},{\"@type\":\"ImageObject\",\"inLanguage\":\"fr-BE\",\"@id\":\"https:\/\/vieassociative.be\/actualites\/lenorme-televiseur-the-frame-de-75-pouces-est-a-1-100-de-reduction-en-ce-moment\/#primaryimage\",\"url\":\"https:\/\/vieassociative.be\/actualites\/wp-content\/uploads\/2025\/10\/Lenorme-televiseur-The-Frame-de-75-pouces-est.png\",\"contentUrl\":\"https:\/\/vieassociative.be\/actualites\/wp-content\/uploads\/2025\/10\/Lenorme-televiseur-The-Frame-de-75-pouces-est.png\",\"width\":1200,\"height\":675,\"caption\":\"L'\u00e9norme t\u00e9l\u00e9viseur \u00ab The Frame \u00bb de 75 pouces est \u00e0 1 100 $ de r\u00e9duction en ce moment\"},{\"@type\":\"BreadcrumbList\",\"@id\":\"https:\/\/vieassociative.be\/actualites\/lenorme-televiseur-the-frame-de-75-pouces-est-a-1-100-de-reduction-en-ce-moment\/#breadcrumb\",\"itemListElement\":[{\"@type\":\"ListItem\",\"position\":1,\"name\":\"Accueil\",\"item\":\"https:\/\/vieassociative.be\/actualites\/\"},{\"@type\":\"ListItem\",\"position\":2,\"name\":\"L&rsquo;\u00e9norme t\u00e9l\u00e9viseur \u00ab The Frame \u00bb de 75 pouces est \u00e0 1 100 $ de r\u00e9duction en ce moment\"}]},{\"@type\":\"WebSite\",\"@id\":\"https:\/\/vieassociative.be\/actualites\/#website\",\"url\":\"https:\/\/vieassociative.be\/actualites\/\",\"name\":\"Vie Associative\",\"description\":\"\",\"publisher\":{\"@id\":\"https:\/\/vieassociative.be\/actualites\/#organization\"},\"potentialAction\":[{\"@type\":\"SearchAction\",\"target\":{\"@type\":\"EntryPoint\",\"urlTemplate\":\"https:\/\/vieassociative.be\/actualites\/?s={search_term_string}\"},\"query-input\":{\"@type\":\"PropertyValueSpecification\",\"valueRequired\":true,\"valueName\":\"search_term_string\"}}],\"inLanguage\":\"fr-BE\"},{\"@type\":\"Organization\",\"@id\":\"https:\/\/vieassociative.be\/actualites\/#organization\",\"name\":\"Vie Associative\",\"url\":\"https:\/\/vieassociative.be\/actualites\/\",\"logo\":{\"@type\":\"ImageObject\",\"inLanguage\":\"fr-BE\",\"@id\":\"https:\/\/vieassociative.be\/actualites\/#\/schema\/logo\/image\/\",\"url\":\"https:\/\/vieassociative.be\/actualites\/wp-content\/uploads\/2024\/09\/cropped-vieassociative_favicon.ico.png\",\"contentUrl\":\"https:\/\/vieassociative.be\/actualites\/wp-content\/uploads\/2024\/09\/cropped-vieassociative_favicon.ico.png\",\"width\":512,\"height\":512,\"caption\":\"Vie Associative\"},\"image\":{\"@id\":\"https:\/\/vieassociative.be\/actualites\/#\/schema\/logo\/image\/\"}},{\"@type\":\"Person\",\"@id\":\"https:\/\/vieassociative.be\/actualites\/#\/schema\/person\/b87ac4f82f9d4e7b7cec7395b679edc4\",\"name\":\"Julien\",\"image\":{\"@type\":\"ImageObject\",\"inLanguage\":\"fr-BE\",\"@id\":\"https:\/\/vieassociative.be\/actualites\/#\/schema\/person\/image\/\",\"url\":\"https:\/\/vieassociative.be\/actualites\/wp-content\/uploads\/2024\/09\/vie-associative-1-150x150.jpg\",\"contentUrl\":\"https:\/\/vieassociative.be\/actualites\/wp-content\/uploads\/2024\/09\/vie-associative-1-150x150.jpg\",\"caption\":\"Julien\"},\"description\":\"Je suis Julien, r\u00e9dacteur pour Vie Associative. Passionn\u00e9 par le monde associatif depuis plus de 10 ans, j'ai \u00e0 c\u0153ur de partager des histoires inspirantes et de mettre en lumi\u00e8re les initiatives locales. Mon objectif est de sensibiliser et d'encourager l'engagement communautaire \u00e0 travers mes articles.\",\"sameAs\":[\"https:\/\/vieassociative.be\/\"]}]}<\/script>\n<!-- \/ Yoast SEO plugin. -->","yoast_head_json":{"title":"L'\u00e9norme t\u00e9l\u00e9viseur \u00ab The Frame \u00bb de 75 pouces est \u00e0 1 100 $ de r\u00e9duction en ce moment | Vie Associative","robots":{"index":"index","follow":"follow","max-snippet":"max-snippet:-1","max-image-preview":"max-image-preview:large","max-video-preview":"max-video-preview:-1"},"canonical":"https:\/\/vieassociative.be\/actualites\/lenorme-televiseur-the-frame-de-75-pouces-est-a-1-100-de-reduction-en-ce-moment\/","og_locale":"fr_FR","og_type":"article","og_title":"L'\u00e9norme t\u00e9l\u00e9viseur \u00ab The Frame \u00bb de 75 pouces est \u00e0 1 100 $ de r\u00e9duction en ce moment | Vie Associative","og_description":"Le t\u00e9l\u00e9viseur \u00ab The Frame \u00bb 2024 de Samsung b\u00e9n\u00e9ficie d\u00e9sormais de l\u2019une de ses plus grosses r\u00e9ductions de l\u2019ann\u00e9e. J&rsquo;ai vu beaucoup plus de","og_url":"https:\/\/vieassociative.be\/actualites\/lenorme-televiseur-the-frame-de-75-pouces-est-a-1-100-de-reduction-en-ce-moment\/","og_site_name":"Vie Associative","article_published_time":"2025-10-26T07:17:55+00:00","og_image":[{"url":"https:\/\/vieassociative.be\/actualites\/wp-content\/uploads\/2025\/10\/Lenorme-televiseur-The-Frame-de-75-pouces-est.jpg","type":"","width":"","height":""}],"author":"Julien","twitter_card":"summary_large_image","twitter_misc":{"\u00c9crit par":"Julien","Dur\u00e9e de lecture est.":"2 minutes"},"schema":{"@context":"https:\/\/schema.org","@graph":[{"@type":"Article","@id":"https:\/\/vieassociative.be\/actualites\/lenorme-televiseur-the-frame-de-75-pouces-est-a-1-100-de-reduction-en-ce-moment\/#article","isPartOf":{"@id":"https:\/\/vieassociative.be\/actualites\/lenorme-televiseur-the-frame-de-75-pouces-est-a-1-100-de-reduction-en-ce-moment\/"},"author":{"name":"Julien","@id":"https:\/\/vieassociative.be\/actualites\/#\/schema\/person\/b87ac4f82f9d4e7b7cec7395b679edc4"},"headline":"L&rsquo;\u00e9norme t\u00e9l\u00e9viseur \u00ab The Frame \u00bb de 75 pouces est \u00e0 1 100 $ de r\u00e9duction en ce moment","datePublished":"2025-10-26T07:17:55+00:00","dateModified":"2025-10-26T07:17:55+00:00","mainEntityOfPage":{"@id":"https:\/\/vieassociative.be\/actualites\/lenorme-televiseur-the-frame-de-75-pouces-est-a-1-100-de-reduction-en-ce-moment\/"},"wordCount":476,"publisher":{"@id":"https:\/\/vieassociative.be\/actualites\/#organization"},"image":{"@id":"https:\/\/vieassociative.be\/actualites\/lenorme-televiseur-the-frame-de-75-pouces-est-a-1-100-de-reduction-en-ce-moment\/#primaryimage"},"thumbnailUrl":"https:\/\/vieassociative.be\/actualites\/wp-content\/uploads\/2025\/10\/Lenorme-televiseur-The-Frame-de-75-pouces-est.png","keywords":["est","Frame","L\u00e9norme","moment","pouces","r\u00e9duction","t\u00e9l\u00e9viseur"],"articleSection":["Technologie"],"inLanguage":"fr-BE"},{"@type":"WebPage","@id":"https:\/\/vieassociative.be\/actualites\/lenorme-televiseur-the-frame-de-75-pouces-est-a-1-100-de-reduction-en-ce-moment\/","url":"https:\/\/vieassociative.be\/actualites\/lenorme-televiseur-the-frame-de-75-pouces-est-a-1-100-de-reduction-en-ce-moment\/","name":"L'\u00e9norme t\u00e9l\u00e9viseur \u00ab The Frame \u00bb de 75 pouces est \u00e0 1 100 $ de r\u00e9duction en ce moment | Vie Associative","isPartOf":{"@id":"https:\/\/vieassociative.be\/actualites\/#website"},"primaryImageOfPage":{"@id":"https:\/\/vieassociative.be\/actualites\/lenorme-televiseur-the-frame-de-75-pouces-est-a-1-100-de-reduction-en-ce-moment\/#primaryimage"},"image":{"@id":"https:\/\/vieassociative.be\/actualites\/lenorme-televiseur-the-frame-de-75-pouces-est-a-1-100-de-reduction-en-ce-moment\/#primaryimage"},"thumbnailUrl":"https:\/\/vieassociative.be\/actualites\/wp-content\/uploads\/2025\/10\/Lenorme-televiseur-The-Frame-de-75-pouces-est.png","datePublished":"2025-10-26T07:17:55+00:00","dateModified":"2025-10-26T07:17:55+00:00","breadcrumb":{"@id":"https:\/\/vieassociative.be\/actualites\/lenorme-televiseur-the-frame-de-75-pouces-est-a-1-100-de-reduction-en-ce-moment\/#breadcrumb"},"inLanguage":"fr-BE","potentialAction":[{"@type":"ReadAction","target":["https:\/\/vieassociative.be\/actualites\/lenorme-televiseur-the-frame-de-75-pouces-est-a-1-100-de-reduction-en-ce-moment\/"]}]},{"@type":"ImageObject","inLanguage":"fr-BE","@id":"https:\/\/vieassociative.be\/actualites\/lenorme-televiseur-the-frame-de-75-pouces-est-a-1-100-de-reduction-en-ce-moment\/#primaryimage","url":"https:\/\/vieassociative.be\/actualites\/wp-content\/uploads\/2025\/10\/Lenorme-televiseur-The-Frame-de-75-pouces-est.png","contentUrl":"https:\/\/vieassociative.be\/actualites\/wp-content\/uploads\/2025\/10\/Lenorme-televiseur-The-Frame-de-75-pouces-est.png","width":1200,"height":675,"caption":"L'\u00e9norme t\u00e9l\u00e9viseur \u00ab The Frame \u00bb de 75 pouces est \u00e0 1 100 $ de r\u00e9duction en ce moment"},{"@type":"BreadcrumbList","@id":"https:\/\/vieassociative.be\/actualites\/lenorme-televiseur-the-frame-de-75-pouces-est-a-1-100-de-reduction-en-ce-moment\/#breadcrumb","itemListElement":[{"@type":"ListItem","position":1,"name":"Accueil","item":"https:\/\/vieassociative.be\/actualites\/"},{"@type":"ListItem","position":2,"name":"L&rsquo;\u00e9norme t\u00e9l\u00e9viseur \u00ab The Frame \u00bb de 75 pouces est \u00e0 1 100 $ de r\u00e9duction en ce moment"}]},{"@type":"WebSite","@id":"https:\/\/vieassociative.be\/actualites\/#website","url":"https:\/\/vieassociative.be\/actualites\/","name":"Vie Associative","description":"","publisher":{"@id":"https:\/\/vieassociative.be\/actualites\/#organization"},"potentialAction":[{"@type":"SearchAction","target":{"@type":"EntryPoint","urlTemplate":"https:\/\/vieassociative.be\/actualites\/?s={search_term_string}"},"query-input":{"@type":"PropertyValueSpecification","valueRequired":true,"valueName":"search_term_string"}}],"inLanguage":"fr-BE"},{"@type":"Organization","@id":"https:\/\/vieassociative.be\/actualites\/#organization","name":"Vie Associative","url":"https:\/\/vieassociative.be\/actualites\/","logo":{"@type":"ImageObject","inLanguage":"fr-BE","@id":"https:\/\/vieassociative.be\/actualites\/#\/schema\/logo\/image\/","url":"https:\/\/vieassociative.be\/actualites\/wp-content\/uploads\/2024\/09\/cropped-vieassociative_favicon.ico.png","contentUrl":"https:\/\/vieassociative.be\/actualites\/wp-content\/uploads\/2024\/09\/cropped-vieassociative_favicon.ico.png","width":512,"height":512,"caption":"Vie Associative"},"image":{"@id":"https:\/\/vieassociative.be\/actualites\/#\/schema\/logo\/image\/"}},{"@type":"Person","@id":"https:\/\/vieassociative.be\/actualites\/#\/schema\/person\/b87ac4f82f9d4e7b7cec7395b679edc4","name":"Julien","image":{"@type":"ImageObject","inLanguage":"fr-BE","@id":"https:\/\/vieassociative.be\/actualites\/#\/schema\/person\/image\/","url":"https:\/\/vieassociative.be\/actualites\/wp-content\/uploads\/2024\/09\/vie-associative-1-150x150.jpg","contentUrl":"https:\/\/vieassociative.be\/actualites\/wp-content\/uploads\/2024\/09\/vie-associative-1-150x150.jpg","caption":"Julien"},"description":"Je suis Julien, r\u00e9dacteur pour Vie Associative. Passionn\u00e9 par le monde associatif depuis plus de 10 ans, j'ai \u00e0 c\u0153ur de partager des histoires inspirantes et de mettre en lumi\u00e8re les initiatives locales. Mon objectif est de sensibiliser et d'encourager l'engagement communautaire \u00e0 travers mes articles.","sameAs":["https:\/\/vieassociative.be\/"]}]}},"_links":{"self":[{"href":"https:\/\/vieassociative.be\/actualites\/wp-json\/wp\/v2\/posts\/10906"}],"collection":[{"href":"https:\/\/vieassociative.be\/actualites\/wp-json\/wp\/v2\/posts"}],"about":[{"href":"https:\/\/vieassociative.be\/actualites\/wp-json\/wp\/v2\/types\/post"}],"author":[{"embeddable":true,"href":"https:\/\/vieassociative.be\/actualites\/wp-json\/wp\/v2\/users\/1"}],"replies":[{"embeddable":true,"href":"https:\/\/vieassociative.be\/actualites\/wp-json\/wp\/v2\/comments?post=10906"}],"version-history":[{"count":0,"href":"https:\/\/vieassociative.be\/actualites\/wp-json\/wp\/v2\/posts\/10906\/revisions"}],"wp:featuredmedia":[{"embeddable":true,"href":"https:\/\/vieassociative.be\/actualites\/wp-json\/wp\/v2\/media\/10907"}],"wp:attachment":[{"href":"https:\/\/vieassociative.be\/actualites\/wp-json\/wp\/v2\/media?parent=10906"}],"wp:term":[{"taxonomy":"category","embeddable":true,"href":"https:\/\/vieassociative.be\/actualites\/wp-json\/wp\/v2\/categories?post=10906"},{"taxonomy":"post_tag","embeddable":true,"href":"https:\/\/vieassociative.be\/actualites\/wp-json\/wp\/v2\/tags?post=10906"}],"curies":[{"name":"wp","href":"https:\/\/api.w.org\/{rel}","templated":true}]}}