{"id":10903,"date":"2025-10-26T03:17:23","date_gmt":"2025-10-26T02:17:23","guid":{"rendered":"https:\/\/vieassociative.be\/actualites\/kevin-de-bruyne-transforme-un-penalty-et-se-blesse-dans-la-foulee\/"},"modified":"2025-10-26T03:17:23","modified_gmt":"2025-10-26T02:17:23","slug":"kevin-de-bruyne-transforme-un-penalty-et-se-blesse-dans-la-foulee","status":"publish","type":"post","link":"https:\/\/vieassociative.be\/actualites\/kevin-de-bruyne-transforme-un-penalty-et-se-blesse-dans-la-foulee\/","title":{"rendered":"Kevin De Bruyne transforme un penalty et se blesse dans la foul\u00e9e"},"content":{"rendered":"<p><strong>Kevin De Bruyne a v\u00e9cu un choc contrast\u00e9 face \u00e0 l&rsquo;Inter Milan en d\u00e9but de soir\u00e9e samedi. \u00ab King Kev \u00bb a pris l&rsquo;avantage gr\u00e2ce \u00e0 un penalty \u00e0 la 33e minute. Mais le Diable Rouge a \u00e9t\u00e9 gri\u00e8vement bless\u00e9 par tir, probablement \u00e0 la cuisse.<\/strong><\/p>\n<p><span id=\"more-428111\"><\/span>Les co\u00e9quipiers de De Bruyne l&rsquo;ont entour\u00e9 pour c\u00e9l\u00e9brer, mais se sont vite rendu compte que le Belge n&rsquo;arrivait plus \u00e0 poser le pied au sol. En larmes, il a d\u00fb \u00eatre emport\u00e9 hors du terrain avec beaucoup de difficult\u00e9 par plusieurs salari\u00e9s.<\/p>\n<p>Des examens devraient \u00eatre pratiqu\u00e9s dans les prochaines heures pour d\u00e9terminer la gravit\u00e9 de sa blessure. Ce n&rsquo;est cependant pas la premi\u00e8re fois que De Bruyne subit une blessure au tendon d&rsquo;Achille, qu&rsquo;il avait d\u00e9j\u00e0 subi lors de la saison 2023\/2024 avec Manchester City, ce qui rend le sujet encore plus pr\u00e9occupant.<\/p>\n<p>C&rsquo;est bien s\u00fbr une mauvaise nouvelle pour les Diables Rouges et leur entra\u00eeneur Rudi Garcia en vue des deux matchs de qualification en novembre contre le Liechtenstein et le Kazakhstan. Heureusement, une seule victoire lors de ces deux matchs suffit aux Belges pour assurer leur place \u00e0 la Coupe du Monde 2026. (cr\u00e9er)<\/p>\n","protected":false},"excerpt":{"rendered":"<p>Kevin De Bruyne a v\u00e9cu un choc contrast\u00e9 face \u00e0 l&rsquo;Inter Milan en d\u00e9but de soir\u00e9e samedi. \u00ab King Kev \u00bb a pris l&rsquo;avantage gr\u00e2ce<\/p>\n","protected":false},"author":1,"featured_media":10904,"comment_status":"","ping_status":"","sticky":false,"template":"","format":"standard","meta":{"footnotes":""},"categories":[298],"tags":[981,6172,166,9035,6171,9034,1302],"class_list":["post-10903","post","type-post","status-publish","format-standard","has-post-thumbnail","hentry","category-belgique","tag-blesse","tag-bruyne","tag-dans","tag-foulee","tag-kevin","tag-penalty","tag-transforme","generate-columns","tablet-grid-50","mobile-grid-100","grid-parent","grid-33"],"yoast_head":"<!-- This site is optimized with the Yoast SEO plugin v24.0 - https:\/\/yoast.com\/wordpress\/plugins\/seo\/ -->\n<title>Kevin De Bruyne transforme un penalty et se blesse dans la foul\u00e9e | Vie Associative<\/title>\n<meta name=\"robots\" content=\"index, follow, max-snippet:-1, max-image-preview:large, max-video-preview:-1\" \/>\n<link rel=\"canonical\" href=\"https:\/\/vieassociative.be\/actualites\/kevin-de-bruyne-transforme-un-penalty-et-se-blesse-dans-la-foulee\/\" \/>\n<meta property=\"og:locale\" content=\"fr_FR\" \/>\n<meta property=\"og:type\" content=\"article\" \/>\n<meta property=\"og:title\" content=\"Kevin De Bruyne transforme un penalty et se blesse dans la foul\u00e9e | Vie Associative\" \/>\n<meta property=\"og:description\" content=\"Kevin De Bruyne a v\u00e9cu un choc contrast\u00e9 face \u00e0 l&rsquo;Inter Milan en d\u00e9but de soir\u00e9e samedi. \u00ab King Kev \u00bb a pris l&rsquo;avantage gr\u00e2ce\" \/>\n<meta property=\"og:url\" content=\"https:\/\/vieassociative.be\/actualites\/kevin-de-bruyne-transforme-un-penalty-et-se-blesse-dans-la-foulee\/\" \/>\n<meta property=\"og:site_name\" content=\"Vie Associative\" \/>\n<meta property=\"article:published_time\" content=\"2025-10-26T02:17:23+00:00\" \/>\n<meta property=\"og:image\" content=\"https:\/\/vieassociative.be\/actualites\/wp-content\/uploads\/2024\/09\/header_backgroundk-01-e1726694325946.png\" \/>\n\t<meta property=\"og:image:width\" content=\"279\" \/>\n\t<meta property=\"og:image:height\" content=\"92\" \/>\n\t<meta property=\"og:image:type\" content=\"image\/png\" \/>\n<meta name=\"author\" content=\"Julien\" \/>\n<meta name=\"twitter:card\" content=\"summary_large_image\" \/>\n<meta name=\"twitter:label1\" content=\"\u00c9crit par\" \/>\n\t<meta name=\"twitter:data1\" content=\"Julien\" \/>\n\t<meta name=\"twitter:label2\" content=\"Dur\u00e9e de lecture est.\" \/>\n\t<meta name=\"twitter:data2\" content=\"1 minute\" \/>\n<script type=\"application\/ld+json\" class=\"yoast-schema-graph\">{\"@context\":\"https:\/\/schema.org\",\"@graph\":[{\"@type\":\"Article\",\"@id\":\"https:\/\/vieassociative.be\/actualites\/kevin-de-bruyne-transforme-un-penalty-et-se-blesse-dans-la-foulee\/#article\",\"isPartOf\":{\"@id\":\"https:\/\/vieassociative.be\/actualites\/kevin-de-bruyne-transforme-un-penalty-et-se-blesse-dans-la-foulee\/\"},\"author\":{\"name\":\"Julien\",\"@id\":\"https:\/\/vieassociative.be\/actualites\/#\/schema\/person\/b87ac4f82f9d4e7b7cec7395b679edc4\"},\"headline\":\"Kevin De Bruyne transforme un penalty et se blesse dans la foul\u00e9e\",\"datePublished\":\"2025-10-26T02:17:23+00:00\",\"dateModified\":\"2025-10-26T02:17:23+00:00\",\"mainEntityOfPage\":{\"@id\":\"https:\/\/vieassociative.be\/actualites\/kevin-de-bruyne-transforme-un-penalty-et-se-blesse-dans-la-foulee\/\"},\"wordCount\":222,\"publisher\":{\"@id\":\"https:\/\/vieassociative.be\/actualites\/#organization\"},\"image\":{\"@id\":\"https:\/\/vieassociative.be\/actualites\/kevin-de-bruyne-transforme-un-penalty-et-se-blesse-dans-la-foulee\/#primaryimage\"},\"thumbnailUrl\":\"https:\/\/vieassociative.be\/actualites\/wp-content\/uploads\/2025\/10\/Kevin-De-Bruyne-transforme-un-penalty-et-se-blesse-dans.jpg\",\"keywords\":[\"blesse\",\"Bruyne\",\"dans\",\"foul\u00e9e\",\"Kevin\",\"penalty\",\"transforme\"],\"articleSection\":[\"Belgique\"],\"inLanguage\":\"fr-BE\"},{\"@type\":\"WebPage\",\"@id\":\"https:\/\/vieassociative.be\/actualites\/kevin-de-bruyne-transforme-un-penalty-et-se-blesse-dans-la-foulee\/\",\"url\":\"https:\/\/vieassociative.be\/actualites\/kevin-de-bruyne-transforme-un-penalty-et-se-blesse-dans-la-foulee\/\",\"name\":\"Kevin De Bruyne transforme un penalty et se blesse dans la foul\u00e9e | Vie Associative\",\"isPartOf\":{\"@id\":\"https:\/\/vieassociative.be\/actualites\/#website\"},\"primaryImageOfPage\":{\"@id\":\"https:\/\/vieassociative.be\/actualites\/kevin-de-bruyne-transforme-un-penalty-et-se-blesse-dans-la-foulee\/#primaryimage\"},\"image\":{\"@id\":\"https:\/\/vieassociative.be\/actualites\/kevin-de-bruyne-transforme-un-penalty-et-se-blesse-dans-la-foulee\/#primaryimage\"},\"thumbnailUrl\":\"https:\/\/vieassociative.be\/actualites\/wp-content\/uploads\/2025\/10\/Kevin-De-Bruyne-transforme-un-penalty-et-se-blesse-dans.jpg\",\"datePublished\":\"2025-10-26T02:17:23+00:00\",\"dateModified\":\"2025-10-26T02:17:23+00:00\",\"breadcrumb\":{\"@id\":\"https:\/\/vieassociative.be\/actualites\/kevin-de-bruyne-transforme-un-penalty-et-se-blesse-dans-la-foulee\/#breadcrumb\"},\"inLanguage\":\"fr-BE\",\"potentialAction\":[{\"@type\":\"ReadAction\",\"target\":[\"https:\/\/vieassociative.be\/actualites\/kevin-de-bruyne-transforme-un-penalty-et-se-blesse-dans-la-foulee\/\"]}]},{\"@type\":\"ImageObject\",\"inLanguage\":\"fr-BE\",\"@id\":\"https:\/\/vieassociative.be\/actualites\/kevin-de-bruyne-transforme-un-penalty-et-se-blesse-dans-la-foulee\/#primaryimage\",\"url\":\"https:\/\/vieassociative.be\/actualites\/wp-content\/uploads\/2025\/10\/Kevin-De-Bruyne-transforme-un-penalty-et-se-blesse-dans.jpg\",\"contentUrl\":\"https:\/\/vieassociative.be\/actualites\/wp-content\/uploads\/2025\/10\/Kevin-De-Bruyne-transforme-un-penalty-et-se-blesse-dans.jpg\",\"width\":1200,\"height\":800,\"caption\":\"Kevin De Bruyne transforme un penalty et se blesse dans la foul\u00e9e\"},{\"@type\":\"BreadcrumbList\",\"@id\":\"https:\/\/vieassociative.be\/actualites\/kevin-de-bruyne-transforme-un-penalty-et-se-blesse-dans-la-foulee\/#breadcrumb\",\"itemListElement\":[{\"@type\":\"ListItem\",\"position\":1,\"name\":\"Accueil\",\"item\":\"https:\/\/vieassociative.be\/actualites\/\"},{\"@type\":\"ListItem\",\"position\":2,\"name\":\"Kevin De Bruyne transforme un penalty et se blesse dans la foul\u00e9e\"}]},{\"@type\":\"WebSite\",\"@id\":\"https:\/\/vieassociative.be\/actualites\/#website\",\"url\":\"https:\/\/vieassociative.be\/actualites\/\",\"name\":\"Vie Associative\",\"description\":\"\",\"publisher\":{\"@id\":\"https:\/\/vieassociative.be\/actualites\/#organization\"},\"potentialAction\":[{\"@type\":\"SearchAction\",\"target\":{\"@type\":\"EntryPoint\",\"urlTemplate\":\"https:\/\/vieassociative.be\/actualites\/?s={search_term_string}\"},\"query-input\":{\"@type\":\"PropertyValueSpecification\",\"valueRequired\":true,\"valueName\":\"search_term_string\"}}],\"inLanguage\":\"fr-BE\"},{\"@type\":\"Organization\",\"@id\":\"https:\/\/vieassociative.be\/actualites\/#organization\",\"name\":\"Vie Associative\",\"url\":\"https:\/\/vieassociative.be\/actualites\/\",\"logo\":{\"@type\":\"ImageObject\",\"inLanguage\":\"fr-BE\",\"@id\":\"https:\/\/vieassociative.be\/actualites\/#\/schema\/logo\/image\/\",\"url\":\"https:\/\/vieassociative.be\/actualites\/wp-content\/uploads\/2024\/09\/cropped-vieassociative_favicon.ico.png\",\"contentUrl\":\"https:\/\/vieassociative.be\/actualites\/wp-content\/uploads\/2024\/09\/cropped-vieassociative_favicon.ico.png\",\"width\":512,\"height\":512,\"caption\":\"Vie Associative\"},\"image\":{\"@id\":\"https:\/\/vieassociative.be\/actualites\/#\/schema\/logo\/image\/\"}},{\"@type\":\"Person\",\"@id\":\"https:\/\/vieassociative.be\/actualites\/#\/schema\/person\/b87ac4f82f9d4e7b7cec7395b679edc4\",\"name\":\"Julien\",\"image\":{\"@type\":\"ImageObject\",\"inLanguage\":\"fr-BE\",\"@id\":\"https:\/\/vieassociative.be\/actualites\/#\/schema\/person\/image\/\",\"url\":\"https:\/\/vieassociative.be\/actualites\/wp-content\/uploads\/2024\/09\/vie-associative-1-150x150.jpg\",\"contentUrl\":\"https:\/\/vieassociative.be\/actualites\/wp-content\/uploads\/2024\/09\/vie-associative-1-150x150.jpg\",\"caption\":\"Julien\"},\"description\":\"Je suis Julien, r\u00e9dacteur pour Vie Associative. Passionn\u00e9 par le monde associatif depuis plus de 10 ans, j'ai \u00e0 c\u0153ur de partager des histoires inspirantes et de mettre en lumi\u00e8re les initiatives locales. Mon objectif est de sensibiliser et d'encourager l'engagement communautaire \u00e0 travers mes articles.\",\"sameAs\":[\"https:\/\/vieassociative.be\/\"]}]}<\/script>\n<!-- \/ Yoast SEO plugin. -->","yoast_head_json":{"title":"Kevin De Bruyne transforme un penalty et se blesse dans la foul\u00e9e | Vie Associative","robots":{"index":"index","follow":"follow","max-snippet":"max-snippet:-1","max-image-preview":"max-image-preview:large","max-video-preview":"max-video-preview:-1"},"canonical":"https:\/\/vieassociative.be\/actualites\/kevin-de-bruyne-transforme-un-penalty-et-se-blesse-dans-la-foulee\/","og_locale":"fr_FR","og_type":"article","og_title":"Kevin De Bruyne transforme un penalty et se blesse dans la foul\u00e9e | Vie Associative","og_description":"Kevin De Bruyne a v\u00e9cu un choc contrast\u00e9 face \u00e0 l&rsquo;Inter Milan en d\u00e9but de soir\u00e9e samedi. \u00ab King Kev \u00bb a pris l&rsquo;avantage gr\u00e2ce","og_url":"https:\/\/vieassociative.be\/actualites\/kevin-de-bruyne-transforme-un-penalty-et-se-blesse-dans-la-foulee\/","og_site_name":"Vie Associative","article_published_time":"2025-10-26T02:17:23+00:00","og_image":[{"width":279,"height":92,"url":"https:\/\/vieassociative.be\/actualites\/wp-content\/uploads\/2024\/09\/header_backgroundk-01-e1726694325946.png","type":"image\/png"}],"author":"Julien","twitter_card":"summary_large_image","twitter_misc":{"\u00c9crit par":"Julien","Dur\u00e9e de lecture est.":"1 minute"},"schema":{"@context":"https:\/\/schema.org","@graph":[{"@type":"Article","@id":"https:\/\/vieassociative.be\/actualites\/kevin-de-bruyne-transforme-un-penalty-et-se-blesse-dans-la-foulee\/#article","isPartOf":{"@id":"https:\/\/vieassociative.be\/actualites\/kevin-de-bruyne-transforme-un-penalty-et-se-blesse-dans-la-foulee\/"},"author":{"name":"Julien","@id":"https:\/\/vieassociative.be\/actualites\/#\/schema\/person\/b87ac4f82f9d4e7b7cec7395b679edc4"},"headline":"Kevin De Bruyne transforme un penalty et se blesse dans la foul\u00e9e","datePublished":"2025-10-26T02:17:23+00:00","dateModified":"2025-10-26T02:17:23+00:00","mainEntityOfPage":{"@id":"https:\/\/vieassociative.be\/actualites\/kevin-de-bruyne-transforme-un-penalty-et-se-blesse-dans-la-foulee\/"},"wordCount":222,"publisher":{"@id":"https:\/\/vieassociative.be\/actualites\/#organization"},"image":{"@id":"https:\/\/vieassociative.be\/actualites\/kevin-de-bruyne-transforme-un-penalty-et-se-blesse-dans-la-foulee\/#primaryimage"},"thumbnailUrl":"https:\/\/vieassociative.be\/actualites\/wp-content\/uploads\/2025\/10\/Kevin-De-Bruyne-transforme-un-penalty-et-se-blesse-dans.jpg","keywords":["blesse","Bruyne","dans","foul\u00e9e","Kevin","penalty","transforme"],"articleSection":["Belgique"],"inLanguage":"fr-BE"},{"@type":"WebPage","@id":"https:\/\/vieassociative.be\/actualites\/kevin-de-bruyne-transforme-un-penalty-et-se-blesse-dans-la-foulee\/","url":"https:\/\/vieassociative.be\/actualites\/kevin-de-bruyne-transforme-un-penalty-et-se-blesse-dans-la-foulee\/","name":"Kevin De Bruyne transforme un penalty et se blesse dans la foul\u00e9e | Vie Associative","isPartOf":{"@id":"https:\/\/vieassociative.be\/actualites\/#website"},"primaryImageOfPage":{"@id":"https:\/\/vieassociative.be\/actualites\/kevin-de-bruyne-transforme-un-penalty-et-se-blesse-dans-la-foulee\/#primaryimage"},"image":{"@id":"https:\/\/vieassociative.be\/actualites\/kevin-de-bruyne-transforme-un-penalty-et-se-blesse-dans-la-foulee\/#primaryimage"},"thumbnailUrl":"https:\/\/vieassociative.be\/actualites\/wp-content\/uploads\/2025\/10\/Kevin-De-Bruyne-transforme-un-penalty-et-se-blesse-dans.jpg","datePublished":"2025-10-26T02:17:23+00:00","dateModified":"2025-10-26T02:17:23+00:00","breadcrumb":{"@id":"https:\/\/vieassociative.be\/actualites\/kevin-de-bruyne-transforme-un-penalty-et-se-blesse-dans-la-foulee\/#breadcrumb"},"inLanguage":"fr-BE","potentialAction":[{"@type":"ReadAction","target":["https:\/\/vieassociative.be\/actualites\/kevin-de-bruyne-transforme-un-penalty-et-se-blesse-dans-la-foulee\/"]}]},{"@type":"ImageObject","inLanguage":"fr-BE","@id":"https:\/\/vieassociative.be\/actualites\/kevin-de-bruyne-transforme-un-penalty-et-se-blesse-dans-la-foulee\/#primaryimage","url":"https:\/\/vieassociative.be\/actualites\/wp-content\/uploads\/2025\/10\/Kevin-De-Bruyne-transforme-un-penalty-et-se-blesse-dans.jpg","contentUrl":"https:\/\/vieassociative.be\/actualites\/wp-content\/uploads\/2025\/10\/Kevin-De-Bruyne-transforme-un-penalty-et-se-blesse-dans.jpg","width":1200,"height":800,"caption":"Kevin De Bruyne transforme un penalty et se blesse dans la foul\u00e9e"},{"@type":"BreadcrumbList","@id":"https:\/\/vieassociative.be\/actualites\/kevin-de-bruyne-transforme-un-penalty-et-se-blesse-dans-la-foulee\/#breadcrumb","itemListElement":[{"@type":"ListItem","position":1,"name":"Accueil","item":"https:\/\/vieassociative.be\/actualites\/"},{"@type":"ListItem","position":2,"name":"Kevin De Bruyne transforme un penalty et se blesse dans la foul\u00e9e"}]},{"@type":"WebSite","@id":"https:\/\/vieassociative.be\/actualites\/#website","url":"https:\/\/vieassociative.be\/actualites\/","name":"Vie Associative","description":"","publisher":{"@id":"https:\/\/vieassociative.be\/actualites\/#organization"},"potentialAction":[{"@type":"SearchAction","target":{"@type":"EntryPoint","urlTemplate":"https:\/\/vieassociative.be\/actualites\/?s={search_term_string}"},"query-input":{"@type":"PropertyValueSpecification","valueRequired":true,"valueName":"search_term_string"}}],"inLanguage":"fr-BE"},{"@type":"Organization","@id":"https:\/\/vieassociative.be\/actualites\/#organization","name":"Vie Associative","url":"https:\/\/vieassociative.be\/actualites\/","logo":{"@type":"ImageObject","inLanguage":"fr-BE","@id":"https:\/\/vieassociative.be\/actualites\/#\/schema\/logo\/image\/","url":"https:\/\/vieassociative.be\/actualites\/wp-content\/uploads\/2024\/09\/cropped-vieassociative_favicon.ico.png","contentUrl":"https:\/\/vieassociative.be\/actualites\/wp-content\/uploads\/2024\/09\/cropped-vieassociative_favicon.ico.png","width":512,"height":512,"caption":"Vie Associative"},"image":{"@id":"https:\/\/vieassociative.be\/actualites\/#\/schema\/logo\/image\/"}},{"@type":"Person","@id":"https:\/\/vieassociative.be\/actualites\/#\/schema\/person\/b87ac4f82f9d4e7b7cec7395b679edc4","name":"Julien","image":{"@type":"ImageObject","inLanguage":"fr-BE","@id":"https:\/\/vieassociative.be\/actualites\/#\/schema\/person\/image\/","url":"https:\/\/vieassociative.be\/actualites\/wp-content\/uploads\/2024\/09\/vie-associative-1-150x150.jpg","contentUrl":"https:\/\/vieassociative.be\/actualites\/wp-content\/uploads\/2024\/09\/vie-associative-1-150x150.jpg","caption":"Julien"},"description":"Je suis Julien, r\u00e9dacteur pour Vie Associative. Passionn\u00e9 par le monde associatif depuis plus de 10 ans, j'ai \u00e0 c\u0153ur de partager des histoires inspirantes et de mettre en lumi\u00e8re les initiatives locales. Mon objectif est de sensibiliser et d'encourager l'engagement communautaire \u00e0 travers mes articles.","sameAs":["https:\/\/vieassociative.be\/"]}]}},"_links":{"self":[{"href":"https:\/\/vieassociative.be\/actualites\/wp-json\/wp\/v2\/posts\/10903"}],"collection":[{"href":"https:\/\/vieassociative.be\/actualites\/wp-json\/wp\/v2\/posts"}],"about":[{"href":"https:\/\/vieassociative.be\/actualites\/wp-json\/wp\/v2\/types\/post"}],"author":[{"embeddable":true,"href":"https:\/\/vieassociative.be\/actualites\/wp-json\/wp\/v2\/users\/1"}],"replies":[{"embeddable":true,"href":"https:\/\/vieassociative.be\/actualites\/wp-json\/wp\/v2\/comments?post=10903"}],"version-history":[{"count":0,"href":"https:\/\/vieassociative.be\/actualites\/wp-json\/wp\/v2\/posts\/10903\/revisions"}],"wp:featuredmedia":[{"embeddable":true,"href":"https:\/\/vieassociative.be\/actualites\/wp-json\/wp\/v2\/media\/10904"}],"wp:attachment":[{"href":"https:\/\/vieassociative.be\/actualites\/wp-json\/wp\/v2\/media?parent=10903"}],"wp:term":[{"taxonomy":"category","embeddable":true,"href":"https:\/\/vieassociative.be\/actualites\/wp-json\/wp\/v2\/categories?post=10903"},{"taxonomy":"post_tag","embeddable":true,"href":"https:\/\/vieassociative.be\/actualites\/wp-json\/wp\/v2\/tags?post=10903"}],"curies":[{"name":"wp","href":"https:\/\/api.w.org\/{rel}","templated":true}]}}