{"id":10901,"date":"2025-10-26T02:17:22","date_gmt":"2025-10-26T01:17:22","guid":{"rendered":"https:\/\/vieassociative.be\/actualites\/youtube-fait-peau-neuve-sur-mobile\/"},"modified":"2025-10-26T02:17:22","modified_gmt":"2025-10-26T01:17:22","slug":"youtube-fait-peau-neuve-sur-mobile","status":"publish","type":"post","link":"https:\/\/vieassociative.be\/actualites\/youtube-fait-peau-neuve-sur-mobile\/","title":{"rendered":"YouTube fait peau neuve sur mobile"},"content":{"rendered":"<div class=\"mt-4 leading-6 md:mb-8\">Et vous ne pouvez pas faire grand-chose \u00e0 ce sujet.<\/div>\n<p><\/p>\n<p>La semaine derni\u00e8re, YouTube a commenc\u00e9 \u00e0 d\u00e9ployer un nouveau look sur le Web et ses diff\u00e9rentes applications, promettant une \u00ab interface plus expressive et intuitive \u00bb. En r\u00e9alit\u00e9, les r\u00e9actions ont \u00e9t\u00e9 mitig\u00e9es. L&rsquo;application TV, par exemple, ne rembobine ou n&rsquo;avance plus automatiquement lorsque vous appuyez sur Pr\u00e9c\u00e9dent ou Suivant, mais navigue entre les boutons, notamment \u00ab J&rsquo;aime \u00bb ou \u00ab S&rsquo;abonner \u00bb. Plus d&rsquo;une fois, alors que j&rsquo;\u00e9tais \u00e0 la t\u00e9l\u00e9vision, je me suis accidentellement abonn\u00e9 \u00e0 une cha\u00eene sans le vouloir, avant de r\u00e9aliser que je dois maintenant d&rsquo;abord appuyer sur pour acc\u00e9der \u00e0 la barre de progression.<\/p>\n<p>D\u00e9sormais, les changements ont atteint l\u2019application mobile YouTube, comme l\u2019a rep\u00e9r\u00e9 pour la premi\u00e8re fois 9to5Google. Bien qu\u2019ils soient un peu plus doux que ce que vous verrez \u00e0 la t\u00e9l\u00e9vision, il reste encore quelques changements auxquels s\u2019habituer.<\/p>\n<h2 id=\"bigger-chunkier-icons\">Des ic\u00f4nes plus grandes et plus volumineuses<\/h2>\n<div class=\"eloquent-imagery-image\">\n<div class=\"flex justify-center\">\n                    <img decoding=\"async\" class=\"border border-gray-100\" src=\"https:\/\/vieassociative.be\/actualites\/wp-content\/uploads\/2025\/10\/YouTube-fait-peau-neuve-sur-mobile.jpg\" alt=\"Nouvelles ic\u00f4nes dans l'application mobile YouTube\" width=\"2000\" height=\"923\" loading=\"lazy\"  >\n            <\/div>\n<\/p><\/div>\n<p>Le nouveau changement de loin le plus notable est la nouvelle suite d&rsquo;ic\u00f4nes de YouTube, qui semblent toutes avoir \u00e9t\u00e9 frapp\u00e9es par un \u00ab\u00a0Ctrl + B\u00a0\u00bb. Par rapport \u00e0 l\u2019ancien look, les boutons de lecture, d\u2019avance rapide et autres semblent tous plus grands et plus audacieux, l\u2019id\u00e9e \u00e9tant de les rendre plus visibles.<\/p>\n<div class=\"mx-auto mb-12 mt-5 w-full max-w-3xl rounded-md border-2 border-gray-100 p-3 shadow-md md:px-7 md:pb-7 md:pt-5\" id=\"related-video\">\n<div class=\"mb-3 flex items-center md:mb-5\">\n        <img decoding=\"async\" class=\"mr-4 mt-0 h-10 w-10 md:mr-5 md:h-12 md:w-12\" src=\"https:\/\/vieassociative.be\/actualites\/wp-content\/uploads\/2025\/09\/1757726237_608_Meta-pourrait-devoiler-une-montre-intelligente-pour-controler-ses-lunettes.jpg\" alt=\"Logo du pirate de la vie\"><\/p><\/div>\n<div class=\"aspect-video w-full overflow-hidden rounded-md\">\n<div id=\"video-container-01K8F1CRV6GYHA753JV35NJ6JW\"><\/div>\n<\/p><\/div>\n<\/div>\n<p>Certains boutons ont \u00e9galement \u00e9t\u00e9 consolid\u00e9s. Lorsque vous regardez une vid\u00e9o en mode paysage, les boutons qui n&rsquo;affectent pas la lecture (j&rsquo;aime, je n&rsquo;aime pas, commentaire, etc.) apparaissent d\u00e9sormais tous ensemble dans une pilule dans le coin inf\u00e9rieur gauche, plut\u00f4t que comme des \u00e9l\u00e9ments s\u00e9par\u00e9s.<\/p>\n<h2 id=\"new-animations\">Nouvelles animations<\/h2>\n<p>Les nouveaux boutons ne sont pas le seul changement que YouTube vous r\u00e9serve. La recherche de vid\u00e9os a \u00e9galement d\u00e9sormais une nouvelle animation, et sur certaines vid\u00e9os, le fait d&rsquo;aimer s&rsquo;accompagne d\u00e9sormais d&rsquo;un peu de personnalit\u00e9 suppl\u00e9mentaire.<\/p>\n<div class=\"eloquent-imagery-image\">\n<div class=\"flex justify-center\">\n                    <img decoding=\"async\" class=\"border border-gray-100\" src=\"https:\/\/vieassociative.be\/actualites\/wp-content\/uploads\/2025\/10\/YouTube-fait-peau-neuve-sur-mobile.png\" alt=\"Nouvelle animation de recherche sur YouTube\" width=\"2000\" height=\"923\" loading=\"lazy\"  >\n            <\/div>\n<\/p><\/div>\n<p>Le premier est un changement assez mineur. D\u00e9sormais, lorsque vous appuyez deux fois sur l&rsquo;\u00e9cran pour avancer ou reculer de 10 secondes, la vid\u00e9o passe automatiquement au nouvel endroit et affiche un gros \u00ab -10 \u00bb ou \u00ab +10 \u00bb, plut\u00f4t que d&rsquo;afficher une animation rapide de trois fl\u00e8ches disparaissant les unes dans les autres avec un plus petit \u00ab -10 secondes \u00bb ou \u00ab +10 secondes \u00bb en dessous d&rsquo;elles.<\/p>\n<div class=\"eloquent-imagery-image\">\n<div class=\"flex justify-center\">\n                    <img decoding=\"async\" class=\"border border-gray-100\" src=\"https:\/\/vieassociative.be\/actualites\/wp-content\/uploads\/2025\/10\/1761441441_889_YouTube-fait-peau-neuve-sur-mobile.jpg\" alt=\"Nouvelle interaction J'aime sur YouTube\" width=\"2000\" height=\"923\" loading=\"lazy\"  >\n            <\/div>\n<\/p><\/div>\n<p>Le second est un peu plus mignon. Sur certaines vid\u00e9os, appuyer sur le bouton \u00ab\u00a0J&rsquo;aime\u00a0\u00bb lancera d\u00e9sormais une animation personnalis\u00e9e, plut\u00f4t que de simplement mettre quelques \u00e9tincelles autour d&rsquo;un pouce lev\u00e9. Par exemple, sur un clip vid\u00e9o, vous verrez bri\u00e8vement une note de musique remplacer le pouce lev\u00e9.<\/p>\n<h2 id=\"pausing-no-longer-darkens-your-background\">La pause n&rsquo;assombrit plus votre arri\u00e8re-plan<\/h2>\n<p>Autrefois, mettre une vid\u00e9o en pause assombrissait l&rsquo;arri\u00e8re-plan jusqu&rsquo;\u00e0 ce que vous la retiriez, un peu comme si les lumi\u00e8res \u00e9taient baiss\u00e9es sur une sc\u00e8ne. Ce n&rsquo;est plus le cas. M\u00eame si vous verrez toujours les lumi\u00e8res baisser l\u00e9g\u00e8rement lorsque les commandes sont ouvertes, une vid\u00e9o en pause s&rsquo;affichera d\u00e9sormais normalement si vous appuyez \u00e0 nouveau pour fermer les commandes. Il s&rsquo;agit d&rsquo;un petit ajustement, mais qui pourrait s&rsquo;av\u00e9rer utile pour prendre des captures d&rsquo;\u00e9cran. En m\u00eame temps, cependant, je crains qu&rsquo;il soit facile de penser qu&rsquo;une vid\u00e9o est gel\u00e9e, si vous n&rsquo;y pr\u00eatez pas attention.<\/p>\n<h2 id=\"nested-comments-and-easier-bookmarks\">Commentaires imbriqu\u00e9s et signets plus faciles<\/h2>\n<p>Enfin, Google a supprim\u00e9 quelques \u00e9tapes permettant d&rsquo;enregistrer et de commenter les vid\u00e9os. <\/p>\n<p>D\u00e9sormais, appuyer sur l&rsquo;ic\u00f4ne de signet pour enregistrer une vid\u00e9o dans une liste de lecture comporte moins d&rsquo;\u00e9tapes et ne vous oblige plus \u00e0 parcourir plusieurs pages. Au lieu de cela, il mettra simplement la vid\u00e9o en pause et ouvrira une liste de vos listes de lecture pour vous, o\u00f9 vous pourrez rapidement appuyer sur la liste de lecture dans laquelle vous souhaitez enregistrer votre vid\u00e9o.<\/p>\n<div class=\"eloquent-imagery-image\">\n<div class=\"flex justify-center\">\n                    <img decoding=\"async\" class=\"border border-gray-100\" src=\"https:\/\/vieassociative.be\/actualites\/wp-content\/uploads\/2025\/10\/1761441442_869_YouTube-fait-peau-neuve-sur-mobile.jpg\" alt=\"Commentaires imbriqu\u00e9s YouTube\" width=\"346\" height=\"750\" loading=\"lazy\"  >\n            <\/div>\n<\/p><\/div>\n<p>De plus, les commentaires sont d\u00e9sormais en fil de discussion, montrant facilement qui r\u00e9pond \u00e0 quel commentaire. C&rsquo;est un excellent moyen de suivre le d\u00e9roulement de la conversation, m\u00eame si chaque commentaire prend un peu plus de place.<\/p>\n<h2 id=\"can-you-get-rid-of-the-new-youtube-ui\">Pouvez-vous vous d\u00e9barrasser de la nouvelle interface utilisateur YouTube\u00a0?<\/h2>\n<p>Au final, je suis un peu d\u00e9chir\u00e9 par la nouvelle application YouTube. Certaines nouvelles fonctionnalit\u00e9s, comme les commentaires en fil de discussion, ont du sens pour moi. Mais les boutons les plus gros ont l&rsquo;impression de me g\u00eaner un peu, et je ne peux m&#8217;emp\u00eacher de penser \u00e0 Fisher-Price quand je les vois.<\/p>\n<p>Malheureusement, vous ne pouvez pas faire grand-chose si vous n&rsquo;aimez pas la nouvelle interface mobile de YouTube. Il est encore en cours de d\u00e9ploiement, il est donc possible que vous ne constatiez pas encore tous les changements. Mais comme c&rsquo;est c\u00f4t\u00e9 serveur, une fois que cela vous frappe, c&rsquo;est tout. M\u00eame le lecteur Web b\u00e9n\u00e9ficie de ces modifications, donc laisser l&rsquo;application de c\u00f4t\u00e9 n&rsquo;est pas une option viable.<\/p>\n<p>Cela dit, si vous utilisez un ordinateur de bureau, les utilisateurs de Reddit et de YouTube lui-m\u00eame cr\u00e9ent des listes d&rsquo;extensions que vous pouvez m\u00e9langer et assortir pour personnaliser votre exp\u00e9rience. Techniquement, il existe des navigateurs pour mobiles qui vous permettront \u00e9galement de jouer avec ceux-ci, Firefox \u00e9tant le plus important de nos jours. Cependant, j&rsquo;ai constat\u00e9 que la plupart des extensions sugg\u00e9r\u00e9es ne fonctionnaient plus pour moi ou n&rsquo;\u00e9taient pas disponibles sur mobile. <\/p>\n<p>Dans ce cas, si vous en avez assez de l&rsquo;apparence actuelle de YouTube, vous pouvez plut\u00f4t envisager une autre application de lecture, comme Play. Il s&rsquo;appuie toujours sur des vid\u00e9os int\u00e9gr\u00e9es, il ne vous \u00e9pargnera donc pas chaque changement, mais son style globalement minimaliste pourrait offrir un soulagement bienvenu par rapport au langage de conception de plus en plus charg\u00e9 de YouTube.<\/p>\n","protected":false},"excerpt":{"rendered":"<p>Et vous ne pouvez pas faire grand-chose \u00e0 ce sujet. La semaine derni\u00e8re, YouTube a commenc\u00e9 \u00e0 d\u00e9ployer un nouveau look sur le Web et<\/p>\n","protected":false},"author":1,"featured_media":10902,"comment_status":"","ping_status":"","sticky":false,"template":"","format":"standard","meta":{"footnotes":""},"categories":[13],"tags":[635,7065,2256,2255,33,35],"class_list":["post-10901","post","type-post","status-publish","format-standard","has-post-thumbnail","hentry","category-technologie","tag-fait","tag-mobile","tag-neuve","tag-peau","tag-sur","tag-youtube","generate-columns","tablet-grid-50","mobile-grid-100","grid-parent","grid-33"],"yoast_head":"<!-- This site is optimized with the Yoast SEO plugin v24.0 - https:\/\/yoast.com\/wordpress\/plugins\/seo\/ -->\n<title>YouTube fait peau neuve sur mobile | Vie Associative<\/title>\n<meta name=\"robots\" content=\"index, follow, max-snippet:-1, max-image-preview:large, max-video-preview:-1\" \/>\n<link rel=\"canonical\" href=\"https:\/\/vieassociative.be\/actualites\/youtube-fait-peau-neuve-sur-mobile\/\" \/>\n<meta property=\"og:locale\" content=\"fr_FR\" \/>\n<meta property=\"og:type\" content=\"article\" \/>\n<meta property=\"og:title\" content=\"YouTube fait peau neuve sur mobile | Vie Associative\" \/>\n<meta property=\"og:description\" content=\"Et vous ne pouvez pas faire grand-chose \u00e0 ce sujet. La semaine derni\u00e8re, YouTube a commenc\u00e9 \u00e0 d\u00e9ployer un nouveau look sur le Web et\" \/>\n<meta property=\"og:url\" content=\"https:\/\/vieassociative.be\/actualites\/youtube-fait-peau-neuve-sur-mobile\/\" \/>\n<meta property=\"og:site_name\" content=\"Vie Associative\" \/>\n<meta property=\"article:published_time\" content=\"2025-10-26T01:17:22+00:00\" \/>\n<meta property=\"og:image\" content=\"https:\/\/vieassociative.be\/actualites\/wp-content\/uploads\/2025\/10\/YouTube-fait-peau-neuve-sur-mobile.jpg\" \/>\n<meta name=\"author\" content=\"Julien\" \/>\n<meta name=\"twitter:card\" content=\"summary_large_image\" \/>\n<meta name=\"twitter:label1\" content=\"\u00c9crit par\" \/>\n\t<meta name=\"twitter:data1\" content=\"Julien\" \/>\n\t<meta name=\"twitter:label2\" content=\"Dur\u00e9e de lecture est.\" \/>\n\t<meta name=\"twitter:data2\" content=\"5 minutes\" \/>\n<script type=\"application\/ld+json\" class=\"yoast-schema-graph\">{\"@context\":\"https:\/\/schema.org\",\"@graph\":[{\"@type\":\"Article\",\"@id\":\"https:\/\/vieassociative.be\/actualites\/youtube-fait-peau-neuve-sur-mobile\/#article\",\"isPartOf\":{\"@id\":\"https:\/\/vieassociative.be\/actualites\/youtube-fait-peau-neuve-sur-mobile\/\"},\"author\":{\"name\":\"Julien\",\"@id\":\"https:\/\/vieassociative.be\/actualites\/#\/schema\/person\/b87ac4f82f9d4e7b7cec7395b679edc4\"},\"headline\":\"YouTube fait peau neuve sur mobile\",\"datePublished\":\"2025-10-26T01:17:22+00:00\",\"dateModified\":\"2025-10-26T01:17:22+00:00\",\"mainEntityOfPage\":{\"@id\":\"https:\/\/vieassociative.be\/actualites\/youtube-fait-peau-neuve-sur-mobile\/\"},\"wordCount\":1029,\"publisher\":{\"@id\":\"https:\/\/vieassociative.be\/actualites\/#organization\"},\"image\":{\"@id\":\"https:\/\/vieassociative.be\/actualites\/youtube-fait-peau-neuve-sur-mobile\/#primaryimage\"},\"thumbnailUrl\":\"https:\/\/vieassociative.be\/actualites\/wp-content\/uploads\/2025\/10\/1761441443_YouTube-fait-peau-neuve-sur-mobile.png\",\"keywords\":[\"fait\",\"mobile\",\"neuve\",\"peau\",\"sur\",\"YouTube\"],\"articleSection\":[\"Technologie\"],\"inLanguage\":\"fr-BE\"},{\"@type\":\"WebPage\",\"@id\":\"https:\/\/vieassociative.be\/actualites\/youtube-fait-peau-neuve-sur-mobile\/\",\"url\":\"https:\/\/vieassociative.be\/actualites\/youtube-fait-peau-neuve-sur-mobile\/\",\"name\":\"YouTube fait peau neuve sur mobile | Vie Associative\",\"isPartOf\":{\"@id\":\"https:\/\/vieassociative.be\/actualites\/#website\"},\"primaryImageOfPage\":{\"@id\":\"https:\/\/vieassociative.be\/actualites\/youtube-fait-peau-neuve-sur-mobile\/#primaryimage\"},\"image\":{\"@id\":\"https:\/\/vieassociative.be\/actualites\/youtube-fait-peau-neuve-sur-mobile\/#primaryimage\"},\"thumbnailUrl\":\"https:\/\/vieassociative.be\/actualites\/wp-content\/uploads\/2025\/10\/1761441443_YouTube-fait-peau-neuve-sur-mobile.png\",\"datePublished\":\"2025-10-26T01:17:22+00:00\",\"dateModified\":\"2025-10-26T01:17:22+00:00\",\"breadcrumb\":{\"@id\":\"https:\/\/vieassociative.be\/actualites\/youtube-fait-peau-neuve-sur-mobile\/#breadcrumb\"},\"inLanguage\":\"fr-BE\",\"potentialAction\":[{\"@type\":\"ReadAction\",\"target\":[\"https:\/\/vieassociative.be\/actualites\/youtube-fait-peau-neuve-sur-mobile\/\"]}]},{\"@type\":\"ImageObject\",\"inLanguage\":\"fr-BE\",\"@id\":\"https:\/\/vieassociative.be\/actualites\/youtube-fait-peau-neuve-sur-mobile\/#primaryimage\",\"url\":\"https:\/\/vieassociative.be\/actualites\/wp-content\/uploads\/2025\/10\/1761441443_YouTube-fait-peau-neuve-sur-mobile.png\",\"contentUrl\":\"https:\/\/vieassociative.be\/actualites\/wp-content\/uploads\/2025\/10\/1761441443_YouTube-fait-peau-neuve-sur-mobile.png\",\"width\":1200,\"height\":675,\"caption\":\"YouTube fait peau neuve sur mobile\"},{\"@type\":\"BreadcrumbList\",\"@id\":\"https:\/\/vieassociative.be\/actualites\/youtube-fait-peau-neuve-sur-mobile\/#breadcrumb\",\"itemListElement\":[{\"@type\":\"ListItem\",\"position\":1,\"name\":\"Accueil\",\"item\":\"https:\/\/vieassociative.be\/actualites\/\"},{\"@type\":\"ListItem\",\"position\":2,\"name\":\"YouTube fait peau neuve sur mobile\"}]},{\"@type\":\"WebSite\",\"@id\":\"https:\/\/vieassociative.be\/actualites\/#website\",\"url\":\"https:\/\/vieassociative.be\/actualites\/\",\"name\":\"Vie Associative\",\"description\":\"\",\"publisher\":{\"@id\":\"https:\/\/vieassociative.be\/actualites\/#organization\"},\"potentialAction\":[{\"@type\":\"SearchAction\",\"target\":{\"@type\":\"EntryPoint\",\"urlTemplate\":\"https:\/\/vieassociative.be\/actualites\/?s={search_term_string}\"},\"query-input\":{\"@type\":\"PropertyValueSpecification\",\"valueRequired\":true,\"valueName\":\"search_term_string\"}}],\"inLanguage\":\"fr-BE\"},{\"@type\":\"Organization\",\"@id\":\"https:\/\/vieassociative.be\/actualites\/#organization\",\"name\":\"Vie Associative\",\"url\":\"https:\/\/vieassociative.be\/actualites\/\",\"logo\":{\"@type\":\"ImageObject\",\"inLanguage\":\"fr-BE\",\"@id\":\"https:\/\/vieassociative.be\/actualites\/#\/schema\/logo\/image\/\",\"url\":\"https:\/\/vieassociative.be\/actualites\/wp-content\/uploads\/2024\/09\/cropped-vieassociative_favicon.ico.png\",\"contentUrl\":\"https:\/\/vieassociative.be\/actualites\/wp-content\/uploads\/2024\/09\/cropped-vieassociative_favicon.ico.png\",\"width\":512,\"height\":512,\"caption\":\"Vie Associative\"},\"image\":{\"@id\":\"https:\/\/vieassociative.be\/actualites\/#\/schema\/logo\/image\/\"}},{\"@type\":\"Person\",\"@id\":\"https:\/\/vieassociative.be\/actualites\/#\/schema\/person\/b87ac4f82f9d4e7b7cec7395b679edc4\",\"name\":\"Julien\",\"image\":{\"@type\":\"ImageObject\",\"inLanguage\":\"fr-BE\",\"@id\":\"https:\/\/vieassociative.be\/actualites\/#\/schema\/person\/image\/\",\"url\":\"https:\/\/vieassociative.be\/actualites\/wp-content\/uploads\/2024\/09\/vie-associative-1-150x150.jpg\",\"contentUrl\":\"https:\/\/vieassociative.be\/actualites\/wp-content\/uploads\/2024\/09\/vie-associative-1-150x150.jpg\",\"caption\":\"Julien\"},\"description\":\"Je suis Julien, r\u00e9dacteur pour Vie Associative. Passionn\u00e9 par le monde associatif depuis plus de 10 ans, j'ai \u00e0 c\u0153ur de partager des histoires inspirantes et de mettre en lumi\u00e8re les initiatives locales. Mon objectif est de sensibiliser et d'encourager l'engagement communautaire \u00e0 travers mes articles.\",\"sameAs\":[\"https:\/\/vieassociative.be\/\"]}]}<\/script>\n<!-- \/ Yoast SEO plugin. -->","yoast_head_json":{"title":"YouTube fait peau neuve sur mobile | Vie Associative","robots":{"index":"index","follow":"follow","max-snippet":"max-snippet:-1","max-image-preview":"max-image-preview:large","max-video-preview":"max-video-preview:-1"},"canonical":"https:\/\/vieassociative.be\/actualites\/youtube-fait-peau-neuve-sur-mobile\/","og_locale":"fr_FR","og_type":"article","og_title":"YouTube fait peau neuve sur mobile | Vie Associative","og_description":"Et vous ne pouvez pas faire grand-chose \u00e0 ce sujet. La semaine derni\u00e8re, YouTube a commenc\u00e9 \u00e0 d\u00e9ployer un nouveau look sur le Web et","og_url":"https:\/\/vieassociative.be\/actualites\/youtube-fait-peau-neuve-sur-mobile\/","og_site_name":"Vie Associative","article_published_time":"2025-10-26T01:17:22+00:00","og_image":[{"url":"https:\/\/vieassociative.be\/actualites\/wp-content\/uploads\/2025\/10\/YouTube-fait-peau-neuve-sur-mobile.jpg","type":"","width":"","height":""}],"author":"Julien","twitter_card":"summary_large_image","twitter_misc":{"\u00c9crit par":"Julien","Dur\u00e9e de lecture est.":"5 minutes"},"schema":{"@context":"https:\/\/schema.org","@graph":[{"@type":"Article","@id":"https:\/\/vieassociative.be\/actualites\/youtube-fait-peau-neuve-sur-mobile\/#article","isPartOf":{"@id":"https:\/\/vieassociative.be\/actualites\/youtube-fait-peau-neuve-sur-mobile\/"},"author":{"name":"Julien","@id":"https:\/\/vieassociative.be\/actualites\/#\/schema\/person\/b87ac4f82f9d4e7b7cec7395b679edc4"},"headline":"YouTube fait peau neuve sur mobile","datePublished":"2025-10-26T01:17:22+00:00","dateModified":"2025-10-26T01:17:22+00:00","mainEntityOfPage":{"@id":"https:\/\/vieassociative.be\/actualites\/youtube-fait-peau-neuve-sur-mobile\/"},"wordCount":1029,"publisher":{"@id":"https:\/\/vieassociative.be\/actualites\/#organization"},"image":{"@id":"https:\/\/vieassociative.be\/actualites\/youtube-fait-peau-neuve-sur-mobile\/#primaryimage"},"thumbnailUrl":"https:\/\/vieassociative.be\/actualites\/wp-content\/uploads\/2025\/10\/1761441443_YouTube-fait-peau-neuve-sur-mobile.png","keywords":["fait","mobile","neuve","peau","sur","YouTube"],"articleSection":["Technologie"],"inLanguage":"fr-BE"},{"@type":"WebPage","@id":"https:\/\/vieassociative.be\/actualites\/youtube-fait-peau-neuve-sur-mobile\/","url":"https:\/\/vieassociative.be\/actualites\/youtube-fait-peau-neuve-sur-mobile\/","name":"YouTube fait peau neuve sur mobile | Vie Associative","isPartOf":{"@id":"https:\/\/vieassociative.be\/actualites\/#website"},"primaryImageOfPage":{"@id":"https:\/\/vieassociative.be\/actualites\/youtube-fait-peau-neuve-sur-mobile\/#primaryimage"},"image":{"@id":"https:\/\/vieassociative.be\/actualites\/youtube-fait-peau-neuve-sur-mobile\/#primaryimage"},"thumbnailUrl":"https:\/\/vieassociative.be\/actualites\/wp-content\/uploads\/2025\/10\/1761441443_YouTube-fait-peau-neuve-sur-mobile.png","datePublished":"2025-10-26T01:17:22+00:00","dateModified":"2025-10-26T01:17:22+00:00","breadcrumb":{"@id":"https:\/\/vieassociative.be\/actualites\/youtube-fait-peau-neuve-sur-mobile\/#breadcrumb"},"inLanguage":"fr-BE","potentialAction":[{"@type":"ReadAction","target":["https:\/\/vieassociative.be\/actualites\/youtube-fait-peau-neuve-sur-mobile\/"]}]},{"@type":"ImageObject","inLanguage":"fr-BE","@id":"https:\/\/vieassociative.be\/actualites\/youtube-fait-peau-neuve-sur-mobile\/#primaryimage","url":"https:\/\/vieassociative.be\/actualites\/wp-content\/uploads\/2025\/10\/1761441443_YouTube-fait-peau-neuve-sur-mobile.png","contentUrl":"https:\/\/vieassociative.be\/actualites\/wp-content\/uploads\/2025\/10\/1761441443_YouTube-fait-peau-neuve-sur-mobile.png","width":1200,"height":675,"caption":"YouTube fait peau neuve sur mobile"},{"@type":"BreadcrumbList","@id":"https:\/\/vieassociative.be\/actualites\/youtube-fait-peau-neuve-sur-mobile\/#breadcrumb","itemListElement":[{"@type":"ListItem","position":1,"name":"Accueil","item":"https:\/\/vieassociative.be\/actualites\/"},{"@type":"ListItem","position":2,"name":"YouTube fait peau neuve sur mobile"}]},{"@type":"WebSite","@id":"https:\/\/vieassociative.be\/actualites\/#website","url":"https:\/\/vieassociative.be\/actualites\/","name":"Vie Associative","description":"","publisher":{"@id":"https:\/\/vieassociative.be\/actualites\/#organization"},"potentialAction":[{"@type":"SearchAction","target":{"@type":"EntryPoint","urlTemplate":"https:\/\/vieassociative.be\/actualites\/?s={search_term_string}"},"query-input":{"@type":"PropertyValueSpecification","valueRequired":true,"valueName":"search_term_string"}}],"inLanguage":"fr-BE"},{"@type":"Organization","@id":"https:\/\/vieassociative.be\/actualites\/#organization","name":"Vie Associative","url":"https:\/\/vieassociative.be\/actualites\/","logo":{"@type":"ImageObject","inLanguage":"fr-BE","@id":"https:\/\/vieassociative.be\/actualites\/#\/schema\/logo\/image\/","url":"https:\/\/vieassociative.be\/actualites\/wp-content\/uploads\/2024\/09\/cropped-vieassociative_favicon.ico.png","contentUrl":"https:\/\/vieassociative.be\/actualites\/wp-content\/uploads\/2024\/09\/cropped-vieassociative_favicon.ico.png","width":512,"height":512,"caption":"Vie Associative"},"image":{"@id":"https:\/\/vieassociative.be\/actualites\/#\/schema\/logo\/image\/"}},{"@type":"Person","@id":"https:\/\/vieassociative.be\/actualites\/#\/schema\/person\/b87ac4f82f9d4e7b7cec7395b679edc4","name":"Julien","image":{"@type":"ImageObject","inLanguage":"fr-BE","@id":"https:\/\/vieassociative.be\/actualites\/#\/schema\/person\/image\/","url":"https:\/\/vieassociative.be\/actualites\/wp-content\/uploads\/2024\/09\/vie-associative-1-150x150.jpg","contentUrl":"https:\/\/vieassociative.be\/actualites\/wp-content\/uploads\/2024\/09\/vie-associative-1-150x150.jpg","caption":"Julien"},"description":"Je suis Julien, r\u00e9dacteur pour Vie Associative. Passionn\u00e9 par le monde associatif depuis plus de 10 ans, j'ai \u00e0 c\u0153ur de partager des histoires inspirantes et de mettre en lumi\u00e8re les initiatives locales. Mon objectif est de sensibiliser et d'encourager l'engagement communautaire \u00e0 travers mes articles.","sameAs":["https:\/\/vieassociative.be\/"]}]}},"_links":{"self":[{"href":"https:\/\/vieassociative.be\/actualites\/wp-json\/wp\/v2\/posts\/10901"}],"collection":[{"href":"https:\/\/vieassociative.be\/actualites\/wp-json\/wp\/v2\/posts"}],"about":[{"href":"https:\/\/vieassociative.be\/actualites\/wp-json\/wp\/v2\/types\/post"}],"author":[{"embeddable":true,"href":"https:\/\/vieassociative.be\/actualites\/wp-json\/wp\/v2\/users\/1"}],"replies":[{"embeddable":true,"href":"https:\/\/vieassociative.be\/actualites\/wp-json\/wp\/v2\/comments?post=10901"}],"version-history":[{"count":0,"href":"https:\/\/vieassociative.be\/actualites\/wp-json\/wp\/v2\/posts\/10901\/revisions"}],"wp:featuredmedia":[{"embeddable":true,"href":"https:\/\/vieassociative.be\/actualites\/wp-json\/wp\/v2\/media\/10902"}],"wp:attachment":[{"href":"https:\/\/vieassociative.be\/actualites\/wp-json\/wp\/v2\/media?parent=10901"}],"wp:term":[{"taxonomy":"category","embeddable":true,"href":"https:\/\/vieassociative.be\/actualites\/wp-json\/wp\/v2\/categories?post=10901"},{"taxonomy":"post_tag","embeddable":true,"href":"https:\/\/vieassociative.be\/actualites\/wp-json\/wp\/v2\/tags?post=10901"}],"curies":[{"name":"wp","href":"https:\/\/api.w.org\/{rel}","templated":true}]}}