{"id":10898,"date":"2025-10-25T22:19:15","date_gmt":"2025-10-25T20:19:15","guid":{"rendered":"https:\/\/vieassociative.be\/actualites\/victoire-2-1-contre-genk-las-eupen-de-retour-dans-le-top-6\/"},"modified":"2025-10-25T22:19:15","modified_gmt":"2025-10-25T20:19:15","slug":"victoire-2-1-contre-genk-las-eupen-de-retour-dans-le-top-6","status":"publish","type":"post","link":"https:\/\/vieassociative.be\/actualites\/victoire-2-1-contre-genk-las-eupen-de-retour-dans-le-top-6\/","title":{"rendered":"Victoire 2-1 contre Genk \u2013 L\u2019AS Eupen de retour dans le top 6"},"content":{"rendered":"<p><strong>L&rsquo;AS Eupen revient dans le top 6 apr\u00e8s sa deuxi\u00e8me victoire cons\u00e9cutive. Les Noirs et Blancs ont battu l&rsquo;\u00e9quipe de Jong Genk 2-1 samedi. Apr\u00e8s une avance temporaire de 2-0, la phase finale a \u00e9t\u00e9 un autre match difficile.<\/strong><\/p>\n<p><span id=\"more-428072\"><\/span>Pour cette rencontre face aux U23 du KRC Genk, l&rsquo;entra\u00eeneur de l&rsquo;AS Bruno Pinheiro a pu s&rsquo;appuyer sur son dangereux lat\u00e9ral droit Yentl Van Genechten. Van Genechten, avec Rune Paeshuyse et Isaac Nuhu, \u00e9tait l&rsquo;un des trois joueurs de l&rsquo;AS honor\u00e9s avant le coup d&rsquo;envoi pour 100 apparitions sous le maillot de l&rsquo;AS Eupen.<\/p>\n<div id=\"attachment_428084\" class=\"wp-caption alignleft\" style=\"max-width: 300px\"><img fetchpriority=\"high\" decoding=\"async\" class=\"wp-image-428084 size-medium\" src=\"https:\/\/vieassociative.be\/actualites\/wp-content\/uploads\/2025\/10\/Victoire-2-1-contre-Genk-\u2013-LAS-Eupen-de-retour-dans.jpg\" alt=\"\" width=\"300\" height=\"200\"  ><\/div>\n<p>Le onze de d\u00e9part de l&rsquo;AS Eupen : Hiller \u2013 Van Genechten, Plastun, Paeshuyse, Gavory \u2013 Bar\u00e8s, M\u00f6hwald, M\u00fcller, Bitumazala \u2013 Nuhu, Atteri.<\/p>\n<p>Bar\u00e8s r\u00e9alise le premier geste dangereux, mais le ballon passe \u00e0 c\u00f4t\u00e9 du but. Il a fallu attendre la 11e minute pour le premier tir au but, lorsque Bitumazala a tent\u00e9 sa chance \u2013 sans succ\u00e8s. \u00c0 la 14e minute, Van Genechten a \u00e9t\u00e9 jou\u00e9 au deuxi\u00e8me poteau, mais l&rsquo;arri\u00e8re droit a envoy\u00e9 le ballon au-dessus du but apr\u00e8s un centre venant de la gauche.<\/p>\n<p>\u00c0 la 31e minute, les visiteurs ont \u00e9galement eu leur premi\u00e8re occasion de marquer apr\u00e8s une contre-attaque rapide, mais Hiller a r\u00e9ussi \u00e0 la contrecarrer dans le but de l&rsquo;AS. Peu de temps apr\u00e8s, cela a fonctionn\u00e9 pour AS de l&rsquo;autre c\u00f4t\u00e9 : apr\u00e8s un centre pr\u00e9cis de M\u00fcller dans la surface de r\u00e9paration, Atteri est apparu au premier poteau et a envoy\u00e9 le ballon dans le but, 1-0. Cette sc\u00e8ne est rest\u00e9e le point culminant absolu de la premi\u00e8re mi-temps, puisque le score est rest\u00e9 1-0 jusqu&rsquo;\u00e0 la pause.<\/p>\n<\/p>\n<div id=\"attachment_424493\" class=\"wp-caption alignleft\" style=\"max-width: 200px\"><img decoding=\"async\" class=\"wp-image-424493 size-medium\" src=\"https:\/\/vieassociative.be\/actualites\/wp-content\/uploads\/2025\/09\/30.jpg\" alt=\"\" width=\"200\" height=\"300\"  ><\/div>\n<p>En d\u00e9but de seconde p\u00e9riode, la question \u00e9tait de savoir si les joueurs de l&rsquo;AS avaient retenu la le\u00e7on de la rencontre \u00e0 l&rsquo;Olympic Charleroi et avaient tent\u00e9 de marquer le deuxi\u00e8me but au lieu de s&rsquo;en tenir au score de 1-0 jusqu&rsquo;au coup de sifflet final.<\/p>\n<p>En tout cas, les invit\u00e9s de Jong Genk semblaient vouloir \u00e9galiser. A la 54e minute, le gardien de l&rsquo;AS Hiller a emp\u00each\u00e9 le score de 1-1.<\/p>\n<p>L&rsquo;entra\u00eeneur de l&rsquo;AS Pinheiro r\u00e9agit et proc\u00e8de \u00e0 des changements : Prunier et Delaurier-Choodet remplacent Atteri et Bitumazala. Et le changement s&rsquo;est av\u00e9r\u00e9 payant peu de temps apr\u00e8s puisque Delaurier-Chautt, qui venait d&rsquo;\u00eatre remplac\u00e9, a port\u00e9 le score \u00e0 2-0 \u00e0 la 65e minute.<\/p>\n<p>Pendant ce temps, AS semblait incapable de maintenir ou d&rsquo;\u00e9tendre son avance de deux buts jusqu&rsquo;\u00e0 la fin, alors que Jong Genk r\u00e9duisait l&rsquo;avance \u00e0 2-1 gr\u00e2ce \u00e0 Oyen \u00e0 la 69e minute. Auparavant, M\u00f6hwald \u00e9tait entr\u00e9 en jeu \u00e0 l&rsquo;AS Caliskan.<\/p>\n<p>Alors c&rsquo;est une autre f\u00eate tremblante ? En tout cas, la phase finale s\u2019annon\u00e7ait passionnante, contrairement aux attentes. Jong Genk sentit sa chance. Eupen se retira loin dans sa moiti\u00e9 de terrain.<\/p>\n<p>Heureusement pour l&rsquo;AS et ses supporters, ce fut une victoire 2-1, qui a permis \u00e0 Eupen de remonter \u00e0 la 5\u00e8me place. <\/p>\n<p>Mercredi prochain, l&rsquo;AS sera l&rsquo;invit\u00e9 du Royal Antwerp en coupe nationale, avant que des points ne soient \u00e0 nouveau en jeu en Challenger Pro League contre les U23 de l&rsquo;AA Gent samedi. (cr\u00e9er)<\/p>\n","protected":false},"excerpt":{"rendered":"<p>L&rsquo;AS Eupen revient dans le top 6 apr\u00e8s sa deuxi\u00e8me victoire cons\u00e9cutive. Les Noirs et Blancs ont battu l&rsquo;\u00e9quipe de Jong Genk 2-1 samedi. Apr\u00e8s<\/p>\n","protected":false},"author":1,"featured_media":10899,"comment_status":"","ping_status":"","sticky":false,"template":"","format":"standard","meta":{"footnotes":""},"categories":[298],"tags":[796,166,2329,932,2353,787,3169,784],"class_list":["post-10898","post","type-post","status-publish","format-standard","has-post-thumbnail","hentry","category-belgique","tag-contre","tag-dans","tag-eupen","tag-genk","tag-las","tag-retour","tag-top","tag-victoire","generate-columns","tablet-grid-50","mobile-grid-100","grid-parent","grid-33"],"yoast_head":"<!-- This site is optimized with the Yoast SEO plugin v24.0 - https:\/\/yoast.com\/wordpress\/plugins\/seo\/ -->\n<title>Victoire 2-1 contre Genk \u2013 L\u2019AS Eupen de retour dans le top 6 | Vie Associative<\/title>\n<meta name=\"robots\" content=\"index, follow, max-snippet:-1, max-image-preview:large, max-video-preview:-1\" \/>\n<link rel=\"canonical\" href=\"https:\/\/vieassociative.be\/actualites\/victoire-2-1-contre-genk-las-eupen-de-retour-dans-le-top-6\/\" \/>\n<meta property=\"og:locale\" content=\"fr_FR\" \/>\n<meta property=\"og:type\" content=\"article\" \/>\n<meta property=\"og:title\" content=\"Victoire 2-1 contre Genk \u2013 L\u2019AS Eupen de retour dans le top 6 | Vie Associative\" \/>\n<meta property=\"og:description\" content=\"L&rsquo;AS Eupen revient dans le top 6 apr\u00e8s sa deuxi\u00e8me victoire cons\u00e9cutive. Les Noirs et Blancs ont battu l&rsquo;\u00e9quipe de Jong Genk 2-1 samedi. Apr\u00e8s\" \/>\n<meta property=\"og:url\" content=\"https:\/\/vieassociative.be\/actualites\/victoire-2-1-contre-genk-las-eupen-de-retour-dans-le-top-6\/\" \/>\n<meta property=\"og:site_name\" content=\"Vie Associative\" \/>\n<meta property=\"article:published_time\" content=\"2025-10-25T20:19:15+00:00\" \/>\n<meta property=\"og:image\" content=\"https:\/\/vieassociative.be\/actualites\/wp-content\/uploads\/2025\/09\/30.jpg\" \/>\n<meta name=\"author\" content=\"Julien\" \/>\n<meta name=\"twitter:card\" content=\"summary_large_image\" \/>\n<meta name=\"twitter:label1\" content=\"\u00c9crit par\" \/>\n\t<meta name=\"twitter:data1\" content=\"Julien\" \/>\n\t<meta name=\"twitter:label2\" content=\"Dur\u00e9e de lecture est.\" \/>\n\t<meta name=\"twitter:data2\" content=\"3 minutes\" \/>\n<script type=\"application\/ld+json\" class=\"yoast-schema-graph\">{\"@context\":\"https:\/\/schema.org\",\"@graph\":[{\"@type\":\"Article\",\"@id\":\"https:\/\/vieassociative.be\/actualites\/victoire-2-1-contre-genk-las-eupen-de-retour-dans-le-top-6\/#article\",\"isPartOf\":{\"@id\":\"https:\/\/vieassociative.be\/actualites\/victoire-2-1-contre-genk-las-eupen-de-retour-dans-le-top-6\/\"},\"author\":{\"name\":\"Julien\",\"@id\":\"https:\/\/vieassociative.be\/actualites\/#\/schema\/person\/b87ac4f82f9d4e7b7cec7395b679edc4\"},\"headline\":\"Victoire 2-1 contre Genk \u2013 L\u2019AS Eupen de retour dans le top 6\",\"datePublished\":\"2025-10-25T20:19:15+00:00\",\"dateModified\":\"2025-10-25T20:19:15+00:00\",\"mainEntityOfPage\":{\"@id\":\"https:\/\/vieassociative.be\/actualites\/victoire-2-1-contre-genk-las-eupen-de-retour-dans-le-top-6\/\"},\"wordCount\":582,\"publisher\":{\"@id\":\"https:\/\/vieassociative.be\/actualites\/#organization\"},\"image\":{\"@id\":\"https:\/\/vieassociative.be\/actualites\/victoire-2-1-contre-genk-las-eupen-de-retour-dans-le-top-6\/#primaryimage\"},\"thumbnailUrl\":\"https:\/\/vieassociative.be\/actualites\/wp-content\/uploads\/2025\/10\/1761423555_Victoire-2-1-contre-Genk-\u2013-LAS-Eupen-de-retour-dans.jpg\",\"keywords\":[\"contre\",\"dans\",\"Eupen\",\"Genk\",\"lAS\",\"retour\",\"top\",\"victoire\"],\"articleSection\":[\"Belgique\"],\"inLanguage\":\"fr-BE\"},{\"@type\":\"WebPage\",\"@id\":\"https:\/\/vieassociative.be\/actualites\/victoire-2-1-contre-genk-las-eupen-de-retour-dans-le-top-6\/\",\"url\":\"https:\/\/vieassociative.be\/actualites\/victoire-2-1-contre-genk-las-eupen-de-retour-dans-le-top-6\/\",\"name\":\"Victoire 2-1 contre Genk \u2013 L\u2019AS Eupen de retour dans le top 6 | Vie Associative\",\"isPartOf\":{\"@id\":\"https:\/\/vieassociative.be\/actualites\/#website\"},\"primaryImageOfPage\":{\"@id\":\"https:\/\/vieassociative.be\/actualites\/victoire-2-1-contre-genk-las-eupen-de-retour-dans-le-top-6\/#primaryimage\"},\"image\":{\"@id\":\"https:\/\/vieassociative.be\/actualites\/victoire-2-1-contre-genk-las-eupen-de-retour-dans-le-top-6\/#primaryimage\"},\"thumbnailUrl\":\"https:\/\/vieassociative.be\/actualites\/wp-content\/uploads\/2025\/10\/1761423555_Victoire-2-1-contre-Genk-\u2013-LAS-Eupen-de-retour-dans.jpg\",\"datePublished\":\"2025-10-25T20:19:15+00:00\",\"dateModified\":\"2025-10-25T20:19:15+00:00\",\"breadcrumb\":{\"@id\":\"https:\/\/vieassociative.be\/actualites\/victoire-2-1-contre-genk-las-eupen-de-retour-dans-le-top-6\/#breadcrumb\"},\"inLanguage\":\"fr-BE\",\"potentialAction\":[{\"@type\":\"ReadAction\",\"target\":[\"https:\/\/vieassociative.be\/actualites\/victoire-2-1-contre-genk-las-eupen-de-retour-dans-le-top-6\/\"]}]},{\"@type\":\"ImageObject\",\"inLanguage\":\"fr-BE\",\"@id\":\"https:\/\/vieassociative.be\/actualites\/victoire-2-1-contre-genk-las-eupen-de-retour-dans-le-top-6\/#primaryimage\",\"url\":\"https:\/\/vieassociative.be\/actualites\/wp-content\/uploads\/2025\/10\/1761423555_Victoire-2-1-contre-Genk-\u2013-LAS-Eupen-de-retour-dans.jpg\",\"contentUrl\":\"https:\/\/vieassociative.be\/actualites\/wp-content\/uploads\/2025\/10\/1761423555_Victoire-2-1-contre-Genk-\u2013-LAS-Eupen-de-retour-dans.jpg\",\"width\":1200,\"height\":801,\"caption\":\"Victoire 2-1 contre Genk \u2013 L\u2019AS Eupen de retour dans le top 6\"},{\"@type\":\"BreadcrumbList\",\"@id\":\"https:\/\/vieassociative.be\/actualites\/victoire-2-1-contre-genk-las-eupen-de-retour-dans-le-top-6\/#breadcrumb\",\"itemListElement\":[{\"@type\":\"ListItem\",\"position\":1,\"name\":\"Accueil\",\"item\":\"https:\/\/vieassociative.be\/actualites\/\"},{\"@type\":\"ListItem\",\"position\":2,\"name\":\"Victoire 2-1 contre Genk \u2013 L\u2019AS Eupen de retour dans le top 6\"}]},{\"@type\":\"WebSite\",\"@id\":\"https:\/\/vieassociative.be\/actualites\/#website\",\"url\":\"https:\/\/vieassociative.be\/actualites\/\",\"name\":\"Vie Associative\",\"description\":\"\",\"publisher\":{\"@id\":\"https:\/\/vieassociative.be\/actualites\/#organization\"},\"potentialAction\":[{\"@type\":\"SearchAction\",\"target\":{\"@type\":\"EntryPoint\",\"urlTemplate\":\"https:\/\/vieassociative.be\/actualites\/?s={search_term_string}\"},\"query-input\":{\"@type\":\"PropertyValueSpecification\",\"valueRequired\":true,\"valueName\":\"search_term_string\"}}],\"inLanguage\":\"fr-BE\"},{\"@type\":\"Organization\",\"@id\":\"https:\/\/vieassociative.be\/actualites\/#organization\",\"name\":\"Vie Associative\",\"url\":\"https:\/\/vieassociative.be\/actualites\/\",\"logo\":{\"@type\":\"ImageObject\",\"inLanguage\":\"fr-BE\",\"@id\":\"https:\/\/vieassociative.be\/actualites\/#\/schema\/logo\/image\/\",\"url\":\"https:\/\/vieassociative.be\/actualites\/wp-content\/uploads\/2024\/09\/cropped-vieassociative_favicon.ico.png\",\"contentUrl\":\"https:\/\/vieassociative.be\/actualites\/wp-content\/uploads\/2024\/09\/cropped-vieassociative_favicon.ico.png\",\"width\":512,\"height\":512,\"caption\":\"Vie Associative\"},\"image\":{\"@id\":\"https:\/\/vieassociative.be\/actualites\/#\/schema\/logo\/image\/\"}},{\"@type\":\"Person\",\"@id\":\"https:\/\/vieassociative.be\/actualites\/#\/schema\/person\/b87ac4f82f9d4e7b7cec7395b679edc4\",\"name\":\"Julien\",\"image\":{\"@type\":\"ImageObject\",\"inLanguage\":\"fr-BE\",\"@id\":\"https:\/\/vieassociative.be\/actualites\/#\/schema\/person\/image\/\",\"url\":\"https:\/\/vieassociative.be\/actualites\/wp-content\/uploads\/2024\/09\/vie-associative-1-150x150.jpg\",\"contentUrl\":\"https:\/\/vieassociative.be\/actualites\/wp-content\/uploads\/2024\/09\/vie-associative-1-150x150.jpg\",\"caption\":\"Julien\"},\"description\":\"Je suis Julien, r\u00e9dacteur pour Vie Associative. Passionn\u00e9 par le monde associatif depuis plus de 10 ans, j'ai \u00e0 c\u0153ur de partager des histoires inspirantes et de mettre en lumi\u00e8re les initiatives locales. Mon objectif est de sensibiliser et d'encourager l'engagement communautaire \u00e0 travers mes articles.\",\"sameAs\":[\"https:\/\/vieassociative.be\/\"]}]}<\/script>\n<!-- \/ Yoast SEO plugin. -->","yoast_head_json":{"title":"Victoire 2-1 contre Genk \u2013 L\u2019AS Eupen de retour dans le top 6 | Vie Associative","robots":{"index":"index","follow":"follow","max-snippet":"max-snippet:-1","max-image-preview":"max-image-preview:large","max-video-preview":"max-video-preview:-1"},"canonical":"https:\/\/vieassociative.be\/actualites\/victoire-2-1-contre-genk-las-eupen-de-retour-dans-le-top-6\/","og_locale":"fr_FR","og_type":"article","og_title":"Victoire 2-1 contre Genk \u2013 L\u2019AS Eupen de retour dans le top 6 | Vie Associative","og_description":"L&rsquo;AS Eupen revient dans le top 6 apr\u00e8s sa deuxi\u00e8me victoire cons\u00e9cutive. Les Noirs et Blancs ont battu l&rsquo;\u00e9quipe de Jong Genk 2-1 samedi. Apr\u00e8s","og_url":"https:\/\/vieassociative.be\/actualites\/victoire-2-1-contre-genk-las-eupen-de-retour-dans-le-top-6\/","og_site_name":"Vie Associative","article_published_time":"2025-10-25T20:19:15+00:00","og_image":[{"url":"https:\/\/vieassociative.be\/actualites\/wp-content\/uploads\/2025\/09\/30.jpg","type":"","width":"","height":""}],"author":"Julien","twitter_card":"summary_large_image","twitter_misc":{"\u00c9crit par":"Julien","Dur\u00e9e de lecture est.":"3 minutes"},"schema":{"@context":"https:\/\/schema.org","@graph":[{"@type":"Article","@id":"https:\/\/vieassociative.be\/actualites\/victoire-2-1-contre-genk-las-eupen-de-retour-dans-le-top-6\/#article","isPartOf":{"@id":"https:\/\/vieassociative.be\/actualites\/victoire-2-1-contre-genk-las-eupen-de-retour-dans-le-top-6\/"},"author":{"name":"Julien","@id":"https:\/\/vieassociative.be\/actualites\/#\/schema\/person\/b87ac4f82f9d4e7b7cec7395b679edc4"},"headline":"Victoire 2-1 contre Genk \u2013 L\u2019AS Eupen de retour dans le top 6","datePublished":"2025-10-25T20:19:15+00:00","dateModified":"2025-10-25T20:19:15+00:00","mainEntityOfPage":{"@id":"https:\/\/vieassociative.be\/actualites\/victoire-2-1-contre-genk-las-eupen-de-retour-dans-le-top-6\/"},"wordCount":582,"publisher":{"@id":"https:\/\/vieassociative.be\/actualites\/#organization"},"image":{"@id":"https:\/\/vieassociative.be\/actualites\/victoire-2-1-contre-genk-las-eupen-de-retour-dans-le-top-6\/#primaryimage"},"thumbnailUrl":"https:\/\/vieassociative.be\/actualites\/wp-content\/uploads\/2025\/10\/1761423555_Victoire-2-1-contre-Genk-\u2013-LAS-Eupen-de-retour-dans.jpg","keywords":["contre","dans","Eupen","Genk","lAS","retour","top","victoire"],"articleSection":["Belgique"],"inLanguage":"fr-BE"},{"@type":"WebPage","@id":"https:\/\/vieassociative.be\/actualites\/victoire-2-1-contre-genk-las-eupen-de-retour-dans-le-top-6\/","url":"https:\/\/vieassociative.be\/actualites\/victoire-2-1-contre-genk-las-eupen-de-retour-dans-le-top-6\/","name":"Victoire 2-1 contre Genk \u2013 L\u2019AS Eupen de retour dans le top 6 | Vie Associative","isPartOf":{"@id":"https:\/\/vieassociative.be\/actualites\/#website"},"primaryImageOfPage":{"@id":"https:\/\/vieassociative.be\/actualites\/victoire-2-1-contre-genk-las-eupen-de-retour-dans-le-top-6\/#primaryimage"},"image":{"@id":"https:\/\/vieassociative.be\/actualites\/victoire-2-1-contre-genk-las-eupen-de-retour-dans-le-top-6\/#primaryimage"},"thumbnailUrl":"https:\/\/vieassociative.be\/actualites\/wp-content\/uploads\/2025\/10\/1761423555_Victoire-2-1-contre-Genk-\u2013-LAS-Eupen-de-retour-dans.jpg","datePublished":"2025-10-25T20:19:15+00:00","dateModified":"2025-10-25T20:19:15+00:00","breadcrumb":{"@id":"https:\/\/vieassociative.be\/actualites\/victoire-2-1-contre-genk-las-eupen-de-retour-dans-le-top-6\/#breadcrumb"},"inLanguage":"fr-BE","potentialAction":[{"@type":"ReadAction","target":["https:\/\/vieassociative.be\/actualites\/victoire-2-1-contre-genk-las-eupen-de-retour-dans-le-top-6\/"]}]},{"@type":"ImageObject","inLanguage":"fr-BE","@id":"https:\/\/vieassociative.be\/actualites\/victoire-2-1-contre-genk-las-eupen-de-retour-dans-le-top-6\/#primaryimage","url":"https:\/\/vieassociative.be\/actualites\/wp-content\/uploads\/2025\/10\/1761423555_Victoire-2-1-contre-Genk-\u2013-LAS-Eupen-de-retour-dans.jpg","contentUrl":"https:\/\/vieassociative.be\/actualites\/wp-content\/uploads\/2025\/10\/1761423555_Victoire-2-1-contre-Genk-\u2013-LAS-Eupen-de-retour-dans.jpg","width":1200,"height":801,"caption":"Victoire 2-1 contre Genk \u2013 L\u2019AS Eupen de retour dans le top 6"},{"@type":"BreadcrumbList","@id":"https:\/\/vieassociative.be\/actualites\/victoire-2-1-contre-genk-las-eupen-de-retour-dans-le-top-6\/#breadcrumb","itemListElement":[{"@type":"ListItem","position":1,"name":"Accueil","item":"https:\/\/vieassociative.be\/actualites\/"},{"@type":"ListItem","position":2,"name":"Victoire 2-1 contre Genk \u2013 L\u2019AS Eupen de retour dans le top 6"}]},{"@type":"WebSite","@id":"https:\/\/vieassociative.be\/actualites\/#website","url":"https:\/\/vieassociative.be\/actualites\/","name":"Vie Associative","description":"","publisher":{"@id":"https:\/\/vieassociative.be\/actualites\/#organization"},"potentialAction":[{"@type":"SearchAction","target":{"@type":"EntryPoint","urlTemplate":"https:\/\/vieassociative.be\/actualites\/?s={search_term_string}"},"query-input":{"@type":"PropertyValueSpecification","valueRequired":true,"valueName":"search_term_string"}}],"inLanguage":"fr-BE"},{"@type":"Organization","@id":"https:\/\/vieassociative.be\/actualites\/#organization","name":"Vie Associative","url":"https:\/\/vieassociative.be\/actualites\/","logo":{"@type":"ImageObject","inLanguage":"fr-BE","@id":"https:\/\/vieassociative.be\/actualites\/#\/schema\/logo\/image\/","url":"https:\/\/vieassociative.be\/actualites\/wp-content\/uploads\/2024\/09\/cropped-vieassociative_favicon.ico.png","contentUrl":"https:\/\/vieassociative.be\/actualites\/wp-content\/uploads\/2024\/09\/cropped-vieassociative_favicon.ico.png","width":512,"height":512,"caption":"Vie Associative"},"image":{"@id":"https:\/\/vieassociative.be\/actualites\/#\/schema\/logo\/image\/"}},{"@type":"Person","@id":"https:\/\/vieassociative.be\/actualites\/#\/schema\/person\/b87ac4f82f9d4e7b7cec7395b679edc4","name":"Julien","image":{"@type":"ImageObject","inLanguage":"fr-BE","@id":"https:\/\/vieassociative.be\/actualites\/#\/schema\/person\/image\/","url":"https:\/\/vieassociative.be\/actualites\/wp-content\/uploads\/2024\/09\/vie-associative-1-150x150.jpg","contentUrl":"https:\/\/vieassociative.be\/actualites\/wp-content\/uploads\/2024\/09\/vie-associative-1-150x150.jpg","caption":"Julien"},"description":"Je suis Julien, r\u00e9dacteur pour Vie Associative. Passionn\u00e9 par le monde associatif depuis plus de 10 ans, j'ai \u00e0 c\u0153ur de partager des histoires inspirantes et de mettre en lumi\u00e8re les initiatives locales. Mon objectif est de sensibiliser et d'encourager l'engagement communautaire \u00e0 travers mes articles.","sameAs":["https:\/\/vieassociative.be\/"]}]}},"_links":{"self":[{"href":"https:\/\/vieassociative.be\/actualites\/wp-json\/wp\/v2\/posts\/10898"}],"collection":[{"href":"https:\/\/vieassociative.be\/actualites\/wp-json\/wp\/v2\/posts"}],"about":[{"href":"https:\/\/vieassociative.be\/actualites\/wp-json\/wp\/v2\/types\/post"}],"author":[{"embeddable":true,"href":"https:\/\/vieassociative.be\/actualites\/wp-json\/wp\/v2\/users\/1"}],"replies":[{"embeddable":true,"href":"https:\/\/vieassociative.be\/actualites\/wp-json\/wp\/v2\/comments?post=10898"}],"version-history":[{"count":0,"href":"https:\/\/vieassociative.be\/actualites\/wp-json\/wp\/v2\/posts\/10898\/revisions"}],"wp:featuredmedia":[{"embeddable":true,"href":"https:\/\/vieassociative.be\/actualites\/wp-json\/wp\/v2\/media\/10899"}],"wp:attachment":[{"href":"https:\/\/vieassociative.be\/actualites\/wp-json\/wp\/v2\/media?parent=10898"}],"wp:term":[{"taxonomy":"category","embeddable":true,"href":"https:\/\/vieassociative.be\/actualites\/wp-json\/wp\/v2\/categories?post=10898"},{"taxonomy":"post_tag","embeddable":true,"href":"https:\/\/vieassociative.be\/actualites\/wp-json\/wp\/v2\/tags?post=10898"}],"curies":[{"name":"wp","href":"https:\/\/api.w.org\/{rel}","templated":true}]}}