{"id":10897,"date":"2025-10-25T21:18:29","date_gmt":"2025-10-25T19:18:29","guid":{"rendered":"https:\/\/vieassociative.be\/actualites\/ce-que-dit-la-science-sur-la-therapie-par-la-lumiere-rouge-pour-la-recuperation-sportive-jusqua-present-2\/"},"modified":"2025-10-25T21:18:29","modified_gmt":"2025-10-25T19:18:29","slug":"ce-que-dit-la-science-sur-la-therapie-par-la-lumiere-rouge-pour-la-recuperation-sportive-jusqua-present-2","status":"publish","type":"post","link":"https:\/\/vieassociative.be\/actualites\/ce-que-dit-la-science-sur-la-therapie-par-la-lumiere-rouge-pour-la-recuperation-sportive-jusqua-present-2\/","title":{"rendered":"Ce que dit la science sur la th\u00e9rapie par la lumi\u00e8re rouge pour la r\u00e9cup\u00e9ration sportive (jusqu&rsquo;\u00e0 pr\u00e9sent)"},"content":{"rendered":"<div class=\"mt-4 leading-6 md:mb-8\">Oubliez une peau d&rsquo;apparence plus jeune : que diriez-vous d&rsquo;un dos qui ne fait pas mal ?<\/div>\n<p><\/p>\n<p>Les appareils de th\u00e9rapie par la lumi\u00e8re rouge sont partout, des lampes aux tapis complets, en passant par ces masques lumineux qui inondent mon flux de m\u00e9dias sociaux. Je vois habituellement la th\u00e9rapie par la lumi\u00e8re rouge annonc\u00e9e pour une \u00abpeau d&rsquo;apparence plus jeune\u00bb, mais je ne suis pas int\u00e9ress\u00e9 par ces appareils comme moyen de ralentir le vieillissement &#8211; je m&rsquo;y int\u00e9resse en tant qu&rsquo;athl\u00e8te obs\u00e9d\u00e9 par la r\u00e9cup\u00e9ration et souffrant de muscles tr\u00e8s endoloris.<\/p>\n<p>Ces gadgets promettent d\u2019am\u00e9liorer les performances sportives, d\u2019acc\u00e9l\u00e9rer la r\u00e9cup\u00e9ration musculaire et de r\u00e9duire l\u2019inflammation, le tout en baignant votre corps dans des longueurs d\u2019onde sp\u00e9cifiques de lumi\u00e8re rouge et proche infrarouge. Mais ces outils tendances sont-ils \u00e0 la hauteur de l\u2019engouement, notamment pour la r\u00e9cup\u00e9ration musculaire ?<\/p>\n<h2 id=\"what-red-light-therapy-advocates-claim\">Ce que pr\u00e9tendent les partisans de la th\u00e9rapie par la lumi\u00e8re rouge<\/h2>\n<p>Les appareils de th\u00e9rapie par la lumi\u00e8re rouge \u00e9mettent g\u00e9n\u00e9ralement de la lumi\u00e8re dans le spectre rouge (620 \u00e0 670 nanom\u00e8tres) et proche infrarouge (800 \u00e0 850 nanom\u00e8tres). Les fabricants affirment que ces longueurs d&rsquo;onde p\u00e9n\u00e8trent dans la peau pour stimuler l&rsquo;activit\u00e9 cellulaire, en ciblant sp\u00e9cifiquement les mitochondries (les centrales productrices d&rsquo;\u00e9nergie \u00e0 l&rsquo;int\u00e9rieur de nos cellules). Les pr\u00e9tendus avantages incluent une meilleure r\u00e9cup\u00e9ration musculaire, une r\u00e9duction de l\u2019inflammation, une am\u00e9lioration de la circulation, une diminution des douleurs musculaires et m\u00eame des gains de performances.<\/p>\n<div class=\"mx-auto mb-12 mt-5 w-full max-w-3xl rounded-md border-2 border-gray-100 p-3 shadow-md md:px-7 md:pb-7 md:pt-5\" id=\"related-video\">\n<div class=\"mb-3 flex items-center md:mb-5\">\n        <img decoding=\"async\" class=\"mr-4 mt-0 h-10 w-10 md:mr-5 md:h-12 md:w-12\" src=\"https:\/\/vieassociative.be\/actualites\/wp-content\/uploads\/2025\/09\/1757726237_608_Meta-pourrait-devoiler-une-montre-intelligente-pour-controler-ses-lunettes.jpg\" alt=\"Logo du pirate de la vie\"><\/p><\/div>\n<div class=\"aspect-video w-full overflow-hidden rounded-md\">\n<div id=\"video-container-01K8ECGB7KKEKEZ27E13Y0618H\"><\/div>\n<\/p><\/div>\n<\/div>\n<p>Tout cela semble assez scientifique : la lumi\u00e8re aiderait les mitochondries \u00e0 produire plus d\u2019ATP (\u00e9nergie cellulaire) et d\u00e9clencherait la lib\u00e9ration de compos\u00e9s b\u00e9n\u00e9fiques comme l\u2019oxyde nitrique, qui am\u00e9liore la circulation sanguine et active les processus de r\u00e9paration dans tout le corps. Mais examinons ce que ces gadgets peuvent r\u00e9ellement faire.<\/p>\n<h2 id=\"what-the-science-actually-says\">Ce que dit r\u00e9ellement la science<\/h2>\n<p>Surprise, surprise\u00a0: la science est plus nuanc\u00e9e que ne le sugg\u00e8rent les documents marketing. Selon le Dr Wesley Buckle, m\u00e9decin naturopathe agr\u00e9\u00e9, \u00ab les donn\u00e9es sur la th\u00e9rapie par la lumi\u00e8re rouge ne sont pas d\u00e9finitives. Certaines \u00e9tudes montrent qu&rsquo;elle peut aider \u00e0 soulager les douleurs musculaires d&rsquo;apparition retard\u00e9e et \u00e0 r\u00e9cup\u00e9rer. Cependant, les preuves sont mitig\u00e9es. La plupart des \u00e9tudes qui ont trouv\u00e9 un b\u00e9n\u00e9fice positif sont de petite taille et \u00e0 court terme. \u00bb<\/p>\n<p>Bien que la recherche montre un potentiel, il existe un \u00e9cart important entre ce que pr\u00e9tendent les fabricants et ce que les preuves soutiennent r\u00e9ellement, Buckle dit avoir vu \u00ab des affirmations sur des performances am\u00e9lior\u00e9es, une circulation am\u00e9lior\u00e9e et une r\u00e9cup\u00e9ration musculaire \u00bb qui sont finalement exag\u00e9r\u00e9es. \u00ab\u00a0Les preuves soutiennent de l\u00e9g\u00e8res am\u00e9liorations de la fatigue musculaire. Elles ne soutiennent pas les all\u00e9gations spectaculaires de gains importants et d&rsquo;am\u00e9liorations de la force ou des performances.\u00a0\u00bb<\/p>\n<p>Il s\u2019agit d\u2019une distinction cruciale. Si vous vous attendez \u00e0 ce que la th\u00e9rapie par la lumi\u00e8re rouge transforme vos performances ou remplace un entra\u00eenement appropri\u00e9, vous serez d\u00e9\u00e7u. Les b\u00e9n\u00e9fices semblent modestes et solidaires plut\u00f4t que r\u00e9volutionnaires.<\/p>\n<p>Un autre facteur critique est la qualit\u00e9 de l\u2019appareil. McCall McPherson, m\u00e9decin associ\u00e9 et fondateur de Modern Thyroid Clinic et Modern Weight Loss, affirme que \u00ab\u00a0tous les appareils ne sont pas cr\u00e9\u00e9s \u00e9gaux. L&rsquo;efficacit\u00e9 d\u00e9pend fortement des longueurs d&rsquo;onde utilis\u00e9es, de la puissance de sortie et de la qualit\u00e9 de fabrication de l&rsquo;appareil\u00a0\u00bb. Il est important de faire la distinction entre les panneaux de qualit\u00e9 m\u00e9dicale construits avec des longueurs d&rsquo;onde sp\u00e9cifiques et \u00e9tudi\u00e9es et tous les appareils grand public moins chers qui peuvent ne pas fournir l&rsquo;intensit\u00e9 lumineuse n\u00e9cessaire ou les longueurs d&rsquo;onde correctes pour produire des effets biologiques.<\/p>\n<p>Il existe certainement des recherches prometteuses, mais ces recherches sont bas\u00e9es sur des longueurs d&rsquo;onde sp\u00e9cifiques (g\u00e9n\u00e9ralement 620-670 nm pour la lumi\u00e8re rouge et 800-850 nm pour le proche infrarouge) et des doses d&rsquo;\u00e9nergie sp\u00e9cifiques. De nombreux appareils \u00e9conomiques ne r\u00e9pondent pas \u00e0 ces param\u00e8tres, ce qui signifie qu&rsquo;il est peu probable qu&rsquo;ils produisent les r\u00e9sultats observ\u00e9s dans les \u00e9tudes cliniques.<\/p>\n<h2 id=\"should-you-consider-red-light-therapy\">Faut-il envisager une th\u00e9rapie par la lumi\u00e8re rouge ?<\/h2>\n<p>Pour l\u2019athl\u00e8te moyen, la th\u00e9rapie par la lumi\u00e8re rouge pourrait \u00eatre un compl\u00e9ment utile \u00e0 une routine de r\u00e9cup\u00e9ration, mais avec des mises en garde importantes. Buckle conseille de donner la priorit\u00e9 aux principes fondamentaux\u00a0: \u00ab\u00a0Le sommeil, la nutrition et un entra\u00eenement appropri\u00e9 sont tous extr\u00eamement importants. Sans ces \u00e9l\u00e9ments, la th\u00e9rapie par la lumi\u00e8re rouge n&rsquo;aidera pas. Elle ne peut pas remplacer ces pratiques&#8230; La th\u00e9rapie par la lumi\u00e8re rouge pourrait \u00eatre un bon outil de r\u00e9cup\u00e9ration pour la plupart des gens. Cependant, il est pr\u00e9f\u00e9rable de se concentrer d&rsquo;abord sur les bases, comme un entra\u00eenement appropri\u00e9.\u00a0\u00bb<\/p>\n<p>McPherson est plus enthousiaste et d\u00e9clare : \u00ab Je pense vraiment que la th\u00e9rapie par la lumi\u00e8re rouge peut \u00eatre un excellent outil de r\u00e9cup\u00e9ration pour les athl\u00e8tes occasionnels lorsqu&rsquo;elle est utilis\u00e9e correctement. \u00bb Elle note que pour de meilleurs r\u00e9sultats, les athl\u00e8tes doivent rechercher des appareils de qualit\u00e9 m\u00e9dicale et les utiliser syst\u00e9matiquement juste avant ou apr\u00e8s les entra\u00eenements sur les muscles sp\u00e9cifiques entra\u00een\u00e9s. \u00ab\u00a0Ce n&rsquo;est pas magique\u00a0\u00bb, explique McPherson, \u00ab\u00a0mais c&rsquo;est l&rsquo;un des outils non invasifs les plus \u00e9tudi\u00e9s dont nous disposons pour r\u00e9duire les douleurs et acc\u00e9l\u00e9rer la r\u00e9cup\u00e9ration entre les entra\u00eenements.\u00a0\u00bb<\/p>\n<h2 id=\"the-bottom-line\">L&rsquo;essentiel<\/h2>\n<p>La th\u00e9rapie par la lumi\u00e8re rouge pour la r\u00e9cup\u00e9ration musculaire n\u2019est pas de l\u2019huile de serpent pure ; il existe des donn\u00e9es scientifiques l\u00e9gitimes qui soutiennent son utilisation comme outil de r\u00e9tablissement. Cependant, les avantages semblent \u00eatre de modestes am\u00e9liorations des douleurs musculaires et de la r\u00e9cup\u00e9ration plut\u00f4t que des am\u00e9liorations spectaculaires des performances. Les preuves \u00e9voluent encore, de nombreuses \u00e9tudes \u00e9tant de petite envergure et \u00e0 court terme.<\/p>\n<p>Si vous envisagez d&rsquo;ajouter la th\u00e9rapie par la lumi\u00e8re rouge \u00e0 votre arsenal de r\u00e9cup\u00e9ration, n&rsquo;oubliez pas ces points cl\u00e9s : Tout d&rsquo;abord, ma\u00eetrisez les bases. Aucune quantit\u00e9 de lumi\u00e8re rouge ne compensera un mauvais sommeil, une alimentation inad\u00e9quate ou un entra\u00eenement inappropri\u00e9. Deuxi\u00e8mement, investissez dans la qualit\u00e9. Si vous d\u00e9cidez d&rsquo;essayer la th\u00e9rapie par la lumi\u00e8re rouge, choisissez un appareil de qualit\u00e9 m\u00e9dicale avec les longueurs d&rsquo;onde et la puissance de sortie correctes plut\u00f4t que l&rsquo;option la moins ch\u00e8re sur Amazon. Troisi\u00e8mement, soyez coh\u00e9rent. La recherche montre les avantages d\u2019une utilisation r\u00e9guli\u00e8re et non d\u2019exp\u00e9rimentations occasionnelles.<\/p>\n<p>Enfin, g\u00e9rez vos attentes. Consid\u00e9rez la th\u00e9rapie par la lumi\u00e8re rouge comme un outil potentiellement utile pour r\u00e9duire les douleurs et favoriser la r\u00e9cup\u00e9ration, et non comme un appareil miracle qui transformera consid\u00e9rablement vos performances sportives. <\/p>\n<p><script async src=\"\/\/www.tiktok.com\/embed.js\"><\/script><\/p>\n","protected":false},"excerpt":{"rendered":"<p>Oubliez une peau d&rsquo;apparence plus jeune : que diriez-vous d&rsquo;un dos qui ne fait pas mal ? Les appareils de th\u00e9rapie par la lumi\u00e8re rouge<\/p>\n","protected":false},"author":1,"featured_media":10891,"comment_status":"","ping_status":"","sticky":false,"template":"","format":"standard","meta":{"footnotes":""},"categories":[38],"tags":[3124,1269,7330,676,81,3394,4455,2556,809,7507,33,1949],"class_list":["post-10897","post","type-post","status-publish","format-standard","has-post-thumbnail","hentry","category-sante","tag-dit","tag-jusqua","tag-lumiere","tag-par","tag-pour","tag-present","tag-recuperation","tag-rouge","tag-science","tag-sportive","tag-sur","tag-therapie","generate-columns","tablet-grid-50","mobile-grid-100","grid-parent","grid-33"],"yoast_head":"<!-- This site is optimized with the Yoast SEO plugin v24.0 - https:\/\/yoast.com\/wordpress\/plugins\/seo\/ -->\n<title>Ce que dit la science sur la th\u00e9rapie par la lumi\u00e8re rouge pour la r\u00e9cup\u00e9ration sportive (jusqu&#039;\u00e0 pr\u00e9sent) | Vie Associative<\/title>\n<meta name=\"robots\" content=\"index, follow, max-snippet:-1, max-image-preview:large, max-video-preview:-1\" \/>\n<link rel=\"canonical\" href=\"https:\/\/vieassociative.be\/actualites\/ce-que-dit-la-science-sur-la-therapie-par-la-lumiere-rouge-pour-la-recuperation-sportive-jusqua-present-2\/\" \/>\n<meta property=\"og:locale\" content=\"fr_FR\" \/>\n<meta property=\"og:type\" content=\"article\" \/>\n<meta property=\"og:title\" content=\"Ce que dit la science sur la th\u00e9rapie par la lumi\u00e8re rouge pour la r\u00e9cup\u00e9ration sportive (jusqu&#039;\u00e0 pr\u00e9sent) | Vie Associative\" \/>\n<meta property=\"og:description\" content=\"Oubliez une peau d&rsquo;apparence plus jeune : que diriez-vous d&rsquo;un dos qui ne fait pas mal ? Les appareils de th\u00e9rapie par la lumi\u00e8re rouge\" \/>\n<meta property=\"og:url\" content=\"https:\/\/vieassociative.be\/actualites\/ce-que-dit-la-science-sur-la-therapie-par-la-lumiere-rouge-pour-la-recuperation-sportive-jusqua-present-2\/\" \/>\n<meta property=\"og:site_name\" content=\"Vie Associative\" \/>\n<meta property=\"article:published_time\" content=\"2025-10-25T19:18:29+00:00\" \/>\n<meta property=\"og:image\" content=\"https:\/\/vieassociative.be\/actualites\/wp-content\/uploads\/2025\/09\/1757726237_608_Meta-pourrait-devoiler-une-montre-intelligente-pour-controler-ses-lunettes.jpg\" \/>\n<meta name=\"author\" content=\"Julien\" \/>\n<meta name=\"twitter:card\" content=\"summary_large_image\" \/>\n<meta name=\"twitter:label1\" content=\"\u00c9crit par\" \/>\n\t<meta name=\"twitter:data1\" content=\"Julien\" \/>\n\t<meta name=\"twitter:label2\" content=\"Dur\u00e9e de lecture est.\" \/>\n\t<meta name=\"twitter:data2\" content=\"6 minutes\" \/>\n<script type=\"application\/ld+json\" class=\"yoast-schema-graph\">{\"@context\":\"https:\/\/schema.org\",\"@graph\":[{\"@type\":\"Article\",\"@id\":\"https:\/\/vieassociative.be\/actualites\/ce-que-dit-la-science-sur-la-therapie-par-la-lumiere-rouge-pour-la-recuperation-sportive-jusqua-present-2\/#article\",\"isPartOf\":{\"@id\":\"https:\/\/vieassociative.be\/actualites\/ce-que-dit-la-science-sur-la-therapie-par-la-lumiere-rouge-pour-la-recuperation-sportive-jusqua-present-2\/\"},\"author\":{\"name\":\"Julien\",\"@id\":\"https:\/\/vieassociative.be\/actualites\/#\/schema\/person\/b87ac4f82f9d4e7b7cec7395b679edc4\"},\"headline\":\"Ce que dit la science sur la th\u00e9rapie par la lumi\u00e8re rouge pour la r\u00e9cup\u00e9ration sportive (jusqu&rsquo;\u00e0 pr\u00e9sent)\",\"datePublished\":\"2025-10-25T19:18:29+00:00\",\"dateModified\":\"2025-10-25T19:18:29+00:00\",\"mainEntityOfPage\":{\"@id\":\"https:\/\/vieassociative.be\/actualites\/ce-que-dit-la-science-sur-la-therapie-par-la-lumiere-rouge-pour-la-recuperation-sportive-jusqua-present-2\/\"},\"wordCount\":1285,\"publisher\":{\"@id\":\"https:\/\/vieassociative.be\/actualites\/#organization\"},\"image\":{\"@id\":\"https:\/\/vieassociative.be\/actualites\/ce-que-dit-la-science-sur-la-therapie-par-la-lumiere-rouge-pour-la-recuperation-sportive-jusqua-present-2\/#primaryimage\"},\"thumbnailUrl\":\"https:\/\/vieassociative.be\/actualites\/wp-content\/uploads\/2025\/10\/Ce-que-dit-la-science-sur-la-therapie-par-la.png\",\"keywords\":[\"dit\",\"jusqu\u00e0\",\"lumi\u00e8re\",\"par\",\"pour\",\"pr\u00e9sent\",\"r\u00e9cup\u00e9ration\",\"rouge\",\"science\",\"sportive\",\"sur\",\"th\u00e9rapie\"],\"articleSection\":[\"Sant\u00e9\"],\"inLanguage\":\"fr-BE\"},{\"@type\":\"WebPage\",\"@id\":\"https:\/\/vieassociative.be\/actualites\/ce-que-dit-la-science-sur-la-therapie-par-la-lumiere-rouge-pour-la-recuperation-sportive-jusqua-present-2\/\",\"url\":\"https:\/\/vieassociative.be\/actualites\/ce-que-dit-la-science-sur-la-therapie-par-la-lumiere-rouge-pour-la-recuperation-sportive-jusqua-present-2\/\",\"name\":\"Ce que dit la science sur la th\u00e9rapie par la lumi\u00e8re rouge pour la r\u00e9cup\u00e9ration sportive (jusqu'\u00e0 pr\u00e9sent) | Vie Associative\",\"isPartOf\":{\"@id\":\"https:\/\/vieassociative.be\/actualites\/#website\"},\"primaryImageOfPage\":{\"@id\":\"https:\/\/vieassociative.be\/actualites\/ce-que-dit-la-science-sur-la-therapie-par-la-lumiere-rouge-pour-la-recuperation-sportive-jusqua-present-2\/#primaryimage\"},\"image\":{\"@id\":\"https:\/\/vieassociative.be\/actualites\/ce-que-dit-la-science-sur-la-therapie-par-la-lumiere-rouge-pour-la-recuperation-sportive-jusqua-present-2\/#primaryimage\"},\"thumbnailUrl\":\"https:\/\/vieassociative.be\/actualites\/wp-content\/uploads\/2025\/10\/Ce-que-dit-la-science-sur-la-therapie-par-la.png\",\"datePublished\":\"2025-10-25T19:18:29+00:00\",\"dateModified\":\"2025-10-25T19:18:29+00:00\",\"breadcrumb\":{\"@id\":\"https:\/\/vieassociative.be\/actualites\/ce-que-dit-la-science-sur-la-therapie-par-la-lumiere-rouge-pour-la-recuperation-sportive-jusqua-present-2\/#breadcrumb\"},\"inLanguage\":\"fr-BE\",\"potentialAction\":[{\"@type\":\"ReadAction\",\"target\":[\"https:\/\/vieassociative.be\/actualites\/ce-que-dit-la-science-sur-la-therapie-par-la-lumiere-rouge-pour-la-recuperation-sportive-jusqua-present-2\/\"]}]},{\"@type\":\"ImageObject\",\"inLanguage\":\"fr-BE\",\"@id\":\"https:\/\/vieassociative.be\/actualites\/ce-que-dit-la-science-sur-la-therapie-par-la-lumiere-rouge-pour-la-recuperation-sportive-jusqua-present-2\/#primaryimage\",\"url\":\"https:\/\/vieassociative.be\/actualites\/wp-content\/uploads\/2025\/10\/Ce-que-dit-la-science-sur-la-therapie-par-la.png\",\"contentUrl\":\"https:\/\/vieassociative.be\/actualites\/wp-content\/uploads\/2025\/10\/Ce-que-dit-la-science-sur-la-therapie-par-la.png\",\"width\":1200,\"height\":675,\"caption\":\"Ce que dit la science sur la th\u00e9rapie par la lumi\u00e8re rouge pour la r\u00e9cup\u00e9ration sportive (jusqu'\u00e0 pr\u00e9sent)\"},{\"@type\":\"BreadcrumbList\",\"@id\":\"https:\/\/vieassociative.be\/actualites\/ce-que-dit-la-science-sur-la-therapie-par-la-lumiere-rouge-pour-la-recuperation-sportive-jusqua-present-2\/#breadcrumb\",\"itemListElement\":[{\"@type\":\"ListItem\",\"position\":1,\"name\":\"Accueil\",\"item\":\"https:\/\/vieassociative.be\/actualites\/\"},{\"@type\":\"ListItem\",\"position\":2,\"name\":\"Ce que dit la science sur la th\u00e9rapie par la lumi\u00e8re rouge pour la r\u00e9cup\u00e9ration sportive (jusqu&rsquo;\u00e0 pr\u00e9sent)\"}]},{\"@type\":\"WebSite\",\"@id\":\"https:\/\/vieassociative.be\/actualites\/#website\",\"url\":\"https:\/\/vieassociative.be\/actualites\/\",\"name\":\"Vie Associative\",\"description\":\"\",\"publisher\":{\"@id\":\"https:\/\/vieassociative.be\/actualites\/#organization\"},\"potentialAction\":[{\"@type\":\"SearchAction\",\"target\":{\"@type\":\"EntryPoint\",\"urlTemplate\":\"https:\/\/vieassociative.be\/actualites\/?s={search_term_string}\"},\"query-input\":{\"@type\":\"PropertyValueSpecification\",\"valueRequired\":true,\"valueName\":\"search_term_string\"}}],\"inLanguage\":\"fr-BE\"},{\"@type\":\"Organization\",\"@id\":\"https:\/\/vieassociative.be\/actualites\/#organization\",\"name\":\"Vie Associative\",\"url\":\"https:\/\/vieassociative.be\/actualites\/\",\"logo\":{\"@type\":\"ImageObject\",\"inLanguage\":\"fr-BE\",\"@id\":\"https:\/\/vieassociative.be\/actualites\/#\/schema\/logo\/image\/\",\"url\":\"https:\/\/vieassociative.be\/actualites\/wp-content\/uploads\/2024\/09\/cropped-vieassociative_favicon.ico.png\",\"contentUrl\":\"https:\/\/vieassociative.be\/actualites\/wp-content\/uploads\/2024\/09\/cropped-vieassociative_favicon.ico.png\",\"width\":512,\"height\":512,\"caption\":\"Vie Associative\"},\"image\":{\"@id\":\"https:\/\/vieassociative.be\/actualites\/#\/schema\/logo\/image\/\"}},{\"@type\":\"Person\",\"@id\":\"https:\/\/vieassociative.be\/actualites\/#\/schema\/person\/b87ac4f82f9d4e7b7cec7395b679edc4\",\"name\":\"Julien\",\"image\":{\"@type\":\"ImageObject\",\"inLanguage\":\"fr-BE\",\"@id\":\"https:\/\/vieassociative.be\/actualites\/#\/schema\/person\/image\/\",\"url\":\"https:\/\/vieassociative.be\/actualites\/wp-content\/uploads\/2024\/09\/vie-associative-1-150x150.jpg\",\"contentUrl\":\"https:\/\/vieassociative.be\/actualites\/wp-content\/uploads\/2024\/09\/vie-associative-1-150x150.jpg\",\"caption\":\"Julien\"},\"description\":\"Je suis Julien, r\u00e9dacteur pour Vie Associative. Passionn\u00e9 par le monde associatif depuis plus de 10 ans, j'ai \u00e0 c\u0153ur de partager des histoires inspirantes et de mettre en lumi\u00e8re les initiatives locales. Mon objectif est de sensibiliser et d'encourager l'engagement communautaire \u00e0 travers mes articles.\",\"sameAs\":[\"https:\/\/vieassociative.be\/\"]}]}<\/script>\n<!-- \/ Yoast SEO plugin. -->","yoast_head_json":{"title":"Ce que dit la science sur la th\u00e9rapie par la lumi\u00e8re rouge pour la r\u00e9cup\u00e9ration sportive (jusqu'\u00e0 pr\u00e9sent) | Vie Associative","robots":{"index":"index","follow":"follow","max-snippet":"max-snippet:-1","max-image-preview":"max-image-preview:large","max-video-preview":"max-video-preview:-1"},"canonical":"https:\/\/vieassociative.be\/actualites\/ce-que-dit-la-science-sur-la-therapie-par-la-lumiere-rouge-pour-la-recuperation-sportive-jusqua-present-2\/","og_locale":"fr_FR","og_type":"article","og_title":"Ce que dit la science sur la th\u00e9rapie par la lumi\u00e8re rouge pour la r\u00e9cup\u00e9ration sportive (jusqu'\u00e0 pr\u00e9sent) | Vie Associative","og_description":"Oubliez une peau d&rsquo;apparence plus jeune : que diriez-vous d&rsquo;un dos qui ne fait pas mal ? Les appareils de th\u00e9rapie par la lumi\u00e8re rouge","og_url":"https:\/\/vieassociative.be\/actualites\/ce-que-dit-la-science-sur-la-therapie-par-la-lumiere-rouge-pour-la-recuperation-sportive-jusqua-present-2\/","og_site_name":"Vie Associative","article_published_time":"2025-10-25T19:18:29+00:00","og_image":[{"url":"https:\/\/vieassociative.be\/actualites\/wp-content\/uploads\/2025\/09\/1757726237_608_Meta-pourrait-devoiler-une-montre-intelligente-pour-controler-ses-lunettes.jpg","type":"","width":"","height":""}],"author":"Julien","twitter_card":"summary_large_image","twitter_misc":{"\u00c9crit par":"Julien","Dur\u00e9e de lecture est.":"6 minutes"},"schema":{"@context":"https:\/\/schema.org","@graph":[{"@type":"Article","@id":"https:\/\/vieassociative.be\/actualites\/ce-que-dit-la-science-sur-la-therapie-par-la-lumiere-rouge-pour-la-recuperation-sportive-jusqua-present-2\/#article","isPartOf":{"@id":"https:\/\/vieassociative.be\/actualites\/ce-que-dit-la-science-sur-la-therapie-par-la-lumiere-rouge-pour-la-recuperation-sportive-jusqua-present-2\/"},"author":{"name":"Julien","@id":"https:\/\/vieassociative.be\/actualites\/#\/schema\/person\/b87ac4f82f9d4e7b7cec7395b679edc4"},"headline":"Ce que dit la science sur la th\u00e9rapie par la lumi\u00e8re rouge pour la r\u00e9cup\u00e9ration sportive (jusqu&rsquo;\u00e0 pr\u00e9sent)","datePublished":"2025-10-25T19:18:29+00:00","dateModified":"2025-10-25T19:18:29+00:00","mainEntityOfPage":{"@id":"https:\/\/vieassociative.be\/actualites\/ce-que-dit-la-science-sur-la-therapie-par-la-lumiere-rouge-pour-la-recuperation-sportive-jusqua-present-2\/"},"wordCount":1285,"publisher":{"@id":"https:\/\/vieassociative.be\/actualites\/#organization"},"image":{"@id":"https:\/\/vieassociative.be\/actualites\/ce-que-dit-la-science-sur-la-therapie-par-la-lumiere-rouge-pour-la-recuperation-sportive-jusqua-present-2\/#primaryimage"},"thumbnailUrl":"https:\/\/vieassociative.be\/actualites\/wp-content\/uploads\/2025\/10\/Ce-que-dit-la-science-sur-la-therapie-par-la.png","keywords":["dit","jusqu\u00e0","lumi\u00e8re","par","pour","pr\u00e9sent","r\u00e9cup\u00e9ration","rouge","science","sportive","sur","th\u00e9rapie"],"articleSection":["Sant\u00e9"],"inLanguage":"fr-BE"},{"@type":"WebPage","@id":"https:\/\/vieassociative.be\/actualites\/ce-que-dit-la-science-sur-la-therapie-par-la-lumiere-rouge-pour-la-recuperation-sportive-jusqua-present-2\/","url":"https:\/\/vieassociative.be\/actualites\/ce-que-dit-la-science-sur-la-therapie-par-la-lumiere-rouge-pour-la-recuperation-sportive-jusqua-present-2\/","name":"Ce que dit la science sur la th\u00e9rapie par la lumi\u00e8re rouge pour la r\u00e9cup\u00e9ration sportive (jusqu'\u00e0 pr\u00e9sent) | Vie Associative","isPartOf":{"@id":"https:\/\/vieassociative.be\/actualites\/#website"},"primaryImageOfPage":{"@id":"https:\/\/vieassociative.be\/actualites\/ce-que-dit-la-science-sur-la-therapie-par-la-lumiere-rouge-pour-la-recuperation-sportive-jusqua-present-2\/#primaryimage"},"image":{"@id":"https:\/\/vieassociative.be\/actualites\/ce-que-dit-la-science-sur-la-therapie-par-la-lumiere-rouge-pour-la-recuperation-sportive-jusqua-present-2\/#primaryimage"},"thumbnailUrl":"https:\/\/vieassociative.be\/actualites\/wp-content\/uploads\/2025\/10\/Ce-que-dit-la-science-sur-la-therapie-par-la.png","datePublished":"2025-10-25T19:18:29+00:00","dateModified":"2025-10-25T19:18:29+00:00","breadcrumb":{"@id":"https:\/\/vieassociative.be\/actualites\/ce-que-dit-la-science-sur-la-therapie-par-la-lumiere-rouge-pour-la-recuperation-sportive-jusqua-present-2\/#breadcrumb"},"inLanguage":"fr-BE","potentialAction":[{"@type":"ReadAction","target":["https:\/\/vieassociative.be\/actualites\/ce-que-dit-la-science-sur-la-therapie-par-la-lumiere-rouge-pour-la-recuperation-sportive-jusqua-present-2\/"]}]},{"@type":"ImageObject","inLanguage":"fr-BE","@id":"https:\/\/vieassociative.be\/actualites\/ce-que-dit-la-science-sur-la-therapie-par-la-lumiere-rouge-pour-la-recuperation-sportive-jusqua-present-2\/#primaryimage","url":"https:\/\/vieassociative.be\/actualites\/wp-content\/uploads\/2025\/10\/Ce-que-dit-la-science-sur-la-therapie-par-la.png","contentUrl":"https:\/\/vieassociative.be\/actualites\/wp-content\/uploads\/2025\/10\/Ce-que-dit-la-science-sur-la-therapie-par-la.png","width":1200,"height":675,"caption":"Ce que dit la science sur la th\u00e9rapie par la lumi\u00e8re rouge pour la r\u00e9cup\u00e9ration sportive (jusqu'\u00e0 pr\u00e9sent)"},{"@type":"BreadcrumbList","@id":"https:\/\/vieassociative.be\/actualites\/ce-que-dit-la-science-sur-la-therapie-par-la-lumiere-rouge-pour-la-recuperation-sportive-jusqua-present-2\/#breadcrumb","itemListElement":[{"@type":"ListItem","position":1,"name":"Accueil","item":"https:\/\/vieassociative.be\/actualites\/"},{"@type":"ListItem","position":2,"name":"Ce que dit la science sur la th\u00e9rapie par la lumi\u00e8re rouge pour la r\u00e9cup\u00e9ration sportive (jusqu&rsquo;\u00e0 pr\u00e9sent)"}]},{"@type":"WebSite","@id":"https:\/\/vieassociative.be\/actualites\/#website","url":"https:\/\/vieassociative.be\/actualites\/","name":"Vie Associative","description":"","publisher":{"@id":"https:\/\/vieassociative.be\/actualites\/#organization"},"potentialAction":[{"@type":"SearchAction","target":{"@type":"EntryPoint","urlTemplate":"https:\/\/vieassociative.be\/actualites\/?s={search_term_string}"},"query-input":{"@type":"PropertyValueSpecification","valueRequired":true,"valueName":"search_term_string"}}],"inLanguage":"fr-BE"},{"@type":"Organization","@id":"https:\/\/vieassociative.be\/actualites\/#organization","name":"Vie Associative","url":"https:\/\/vieassociative.be\/actualites\/","logo":{"@type":"ImageObject","inLanguage":"fr-BE","@id":"https:\/\/vieassociative.be\/actualites\/#\/schema\/logo\/image\/","url":"https:\/\/vieassociative.be\/actualites\/wp-content\/uploads\/2024\/09\/cropped-vieassociative_favicon.ico.png","contentUrl":"https:\/\/vieassociative.be\/actualites\/wp-content\/uploads\/2024\/09\/cropped-vieassociative_favicon.ico.png","width":512,"height":512,"caption":"Vie Associative"},"image":{"@id":"https:\/\/vieassociative.be\/actualites\/#\/schema\/logo\/image\/"}},{"@type":"Person","@id":"https:\/\/vieassociative.be\/actualites\/#\/schema\/person\/b87ac4f82f9d4e7b7cec7395b679edc4","name":"Julien","image":{"@type":"ImageObject","inLanguage":"fr-BE","@id":"https:\/\/vieassociative.be\/actualites\/#\/schema\/person\/image\/","url":"https:\/\/vieassociative.be\/actualites\/wp-content\/uploads\/2024\/09\/vie-associative-1-150x150.jpg","contentUrl":"https:\/\/vieassociative.be\/actualites\/wp-content\/uploads\/2024\/09\/vie-associative-1-150x150.jpg","caption":"Julien"},"description":"Je suis Julien, r\u00e9dacteur pour Vie Associative. Passionn\u00e9 par le monde associatif depuis plus de 10 ans, j'ai \u00e0 c\u0153ur de partager des histoires inspirantes et de mettre en lumi\u00e8re les initiatives locales. Mon objectif est de sensibiliser et d'encourager l'engagement communautaire \u00e0 travers mes articles.","sameAs":["https:\/\/vieassociative.be\/"]}]}},"_links":{"self":[{"href":"https:\/\/vieassociative.be\/actualites\/wp-json\/wp\/v2\/posts\/10897"}],"collection":[{"href":"https:\/\/vieassociative.be\/actualites\/wp-json\/wp\/v2\/posts"}],"about":[{"href":"https:\/\/vieassociative.be\/actualites\/wp-json\/wp\/v2\/types\/post"}],"author":[{"embeddable":true,"href":"https:\/\/vieassociative.be\/actualites\/wp-json\/wp\/v2\/users\/1"}],"replies":[{"embeddable":true,"href":"https:\/\/vieassociative.be\/actualites\/wp-json\/wp\/v2\/comments?post=10897"}],"version-history":[{"count":0,"href":"https:\/\/vieassociative.be\/actualites\/wp-json\/wp\/v2\/posts\/10897\/revisions"}],"wp:featuredmedia":[{"embeddable":true,"href":"https:\/\/vieassociative.be\/actualites\/wp-json\/wp\/v2\/media\/10891"}],"wp:attachment":[{"href":"https:\/\/vieassociative.be\/actualites\/wp-json\/wp\/v2\/media?parent=10897"}],"wp:term":[{"taxonomy":"category","embeddable":true,"href":"https:\/\/vieassociative.be\/actualites\/wp-json\/wp\/v2\/categories?post=10897"},{"taxonomy":"post_tag","embeddable":true,"href":"https:\/\/vieassociative.be\/actualites\/wp-json\/wp\/v2\/tags?post=10897"}],"curies":[{"name":"wp","href":"https:\/\/api.w.org\/{rel}","templated":true}]}}