{"id":10895,"date":"2025-10-25T16:17:08","date_gmt":"2025-10-25T14:17:08","guid":{"rendered":"https:\/\/vieassociative.be\/actualites\/espions-la-belgique-nest-pas-preparee-aux-incendies-de-foret\/"},"modified":"2025-10-25T16:17:08","modified_gmt":"2025-10-25T14:17:08","slug":"espions-la-belgique-nest-pas-preparee-aux-incendies-de-foret","status":"publish","type":"post","link":"https:\/\/vieassociative.be\/actualites\/espions-la-belgique-nest-pas-preparee-aux-incendies-de-foret\/","title":{"rendered":"Espions : \u00ab La Belgique n\u2019est pas pr\u00e9par\u00e9e aux incendies de for\u00eat \u00bb"},"content":{"rendered":"<p><strong>Le rejet par les partis majoritaires MR et Les Engag\u00e9s au parlement namurois d&rsquo;une proposition de r\u00e9solution PS destin\u00e9e \u00e0 mieux prot\u00e9ger contre les incendies de for\u00eat en Wallonie a rendu furieux le d\u00e9put\u00e9 r\u00e9gional de l&rsquo;Est de la Belgique Patrick Spies (PS\/SP).<\/strong><\/p>\n<p><span id=\"more-428017\"><\/span>Pr\u00e8s de 80 pour cent de la superficie foresti\u00e8re belge se trouve sur le territoire wallon. Pour Spies, c\u2019est une raison suffisante pour enfin agir en mati\u00e8re de pr\u00e9vention des incendies de for\u00eat. Malheureusement, la majorit\u00e9 du Parlement wallon a rejet\u00e9 sa proposition sans contre-projet, sans d\u00e9bat et sans un seul mot du gouvernement.<\/p>\n<div id=\"attachment_352791\" class=\"wp-caption alignleft\" style=\"max-width: 300px\"><img fetchpriority=\"high\" decoding=\"async\" class=\"wp-image-352791 size-medium\" src=\"https:\/\/vieassociative.be\/actualites\/wp-content\/uploads\/2025\/10\/Espions-La-Belgique-nest-pas-preparee-aux-incendies.jpeg\" alt=\"\" width=\"300\" height=\"200\"  ><\/div>\n<p>Espions : \u00ab\u00a0Ces derni\u00e8res ann\u00e9es, les catastrophes naturelles ont augment\u00e9 dans le monde entier, tant en fr\u00e9quence qu&rsquo;en intensit\u00e9. Les inondations catastrophiques en Wallonie en 2021 ont clairement d\u00e9montr\u00e9 les cons\u00e9quences d\u00e9vastatrices que cela peut avoir. Par la suite, des promesses ont \u00e9t\u00e9 faites pour renforcer la pr\u00e9vention des risques. Aujourd&rsquo;hui, il est clair que le gouvernement n&rsquo;est pas pr\u00eat \u00e0 tirer les le\u00e7ons du pass\u00e9. Pire encore, il se dirige vers la prochaine catastrophe, avec tous les regards tourn\u00e9s vers elle. \u00ab\u00a0<\/p>\n<p><strong>\u2013 Un risque croissant et un manque de strat\u00e9gie :<\/strong> Environ un tiers de la superficie de la Wallonie est bois\u00e9e. Selon le Centre d&rsquo;analyse des risques climatiques et environnementaux (Cerac), la Belgique &#8211; et en particulier la DG et les Hautes Fagnes &#8211; risque d&rsquo;\u00eatre confront\u00e9e \u00e0 des incendies de v\u00e9g\u00e9tation nettement plus fr\u00e9quents et plus graves d&rsquo;ici 2030. La conclusion du centre est alarmante : la Belgique n&rsquo;est pas pr\u00e9par\u00e9e.<\/p>\n<p>\u00ab\u00a0La question n&rsquo;est plus de savoir si nous serons confront\u00e9s \u00e0 un incendie majeur, mais quand et o\u00f9. Et pourtant, la majorit\u00e9 politique reste passive. Elle ignore compl\u00e8tement les avertissements de la science\u00a0\u00bb, a expliqu\u00e9 Spies.<\/p>\n<div id=\"attachment_428027\" class=\"wp-caption alignleft\" style=\"max-width: 300px\"><img decoding=\"async\" class=\"wp-image-428027 size-medium\" src=\"https:\/\/vieassociative.be\/actualites\/wp-content\/uploads\/2025\/10\/Espions-La-Belgique-nest-pas-preparee-aux-incendies.jpg\" alt=\"\" width=\"300\" height=\"200\"  ><\/div>\n<p><strong>\u2013 Manque de personnel, de finances et d\u2019\u00e9quipement :<\/strong> Ces derni\u00e8res semaines, le repr\u00e9sentant r\u00e9gional a cherch\u00e9 \u00e0 \u00e9changer directement avec les forestiers, les pompiers et les employ\u00e9s du DNF (D\u00e9partement de la Nature et des For\u00eats). \u00ab\u00a0Les retours ont \u00e9t\u00e9 clairs : il y a un manque de coordination, d&rsquo;\u00e9quipement, de formation et de temps. En particulier, le manque chronique de personnel au sein des autorit\u00e9s foresti\u00e8res rend le travail sur place beaucoup plus difficile. Une suggestion de la pratique fr\u00e9quemment \u00e9voqu\u00e9e : une formation de base commune pour les pompiers et le personnel forestier afin d&rsquo;am\u00e9liorer la coop\u00e9ration en cas d&rsquo;urgence\u00a0\u00bb, a d\u00e9clar\u00e9 Spies.<\/p>\n<p>Le texte soumis par Spies r\u00e9pond \u00e0 bon nombre de ces demandes et contient des mesures concr\u00e8tes pour pr\u00e9venir et combattre les incendies de for\u00eat. La r\u00e9solution couvre les points cl\u00e9s suivants :<\/p>\n<ul>\n<li>Cartographier les zones \u00e0 risques, les voies d&rsquo;acc\u00e8s et les points d&rsquo;eau afin d&rsquo;\u00e9quiper les services d&rsquo;urgence de mani\u00e8re cibl\u00e9e ;<\/li>\n<li>Formation sp\u00e9ciale pour les pompiers et le personnel forestier pour lutter contre les incendies dans les zones foresti\u00e8res\u00a0;<\/li>\n<li>Plans d&rsquo;urgence int\u00e9gr\u00e9s aux niveaux r\u00e9gional et municipal\u00a0;<\/li>\n<li>Exercices de simulation annuels pour tester les op\u00e9rations entre services\u00a0;<\/li>\n<li>Une plus grande implication des communaut\u00e9s, de la foresterie et de la population ;<\/li>\n<li>Utilisation de fonds europ\u00e9ens pour des campagnes d&rsquo;\u00e9quipement, de formation et de pr\u00e9vention.<\/li>\n<\/ul>\n<p>\u00ab\u00a0Cette r\u00e9solution n&rsquo;est pas un acte symbolique, mais un guide d&rsquo;action concret. Nous avons besoin d&rsquo;analyses des risques avant la catastrophe, pas apr\u00e8s, de pr\u00e9vention par la formation plut\u00f4t que par des appels, et de pr\u00e9caution plut\u00f4t que d&rsquo;excuses apr\u00e8s coup\u00a0\u00bb, a d\u00e9clar\u00e9 Spies, qui a exig\u00e9 que la Wallonie assume le r\u00f4le de leader politique en Belgique dans la pr\u00e9vention des incendies de for\u00eat, car pr\u00e8s de 80 pour cent de la superficie foresti\u00e8re belge se trouve sur le territoire wallon.<\/p>\n<p>\u00ab\u00a0La majorit\u00e9 n&rsquo;\u00e9tait pas pr\u00eate \u00e0 soutenir une proposition non partisane et constructive, m\u00eame si elle \u00e9tait soutenue par des experts\u00a0\u00bb, a critiqu\u00e9 le d\u00e9put\u00e9. \u00ab\u00a0A Namur, les petites querelles partisanes l&#8217;emportent \u00e9videmment sur la protection de la population. Nous savons qu&rsquo;un incendie majeur approche. Nous savons que nous ne sommes pas suffisamment pr\u00e9par\u00e9s. Et pourtant, une strat\u00e9gie prospective est bloqu\u00e9e. C&rsquo;est de l&rsquo;irresponsabilit\u00e9 politique &#8211; avec une annonce.\u00a0\u00bb (cr\u00e9er)<\/p>\n","protected":false},"excerpt":{"rendered":"<p>Le rejet par les partis majoritaires MR et Les Engag\u00e9s au parlement namurois d&rsquo;une proposition de r\u00e9solution PS destin\u00e9e \u00e0 mieux prot\u00e9ger contre les incendies<\/p>\n","protected":false},"author":1,"featured_media":10896,"comment_status":"","ping_status":"","sticky":false,"template":"","format":"standard","meta":{"footnotes":""},"categories":[298],"tags":[289,383,9032,3798,2943,1082,126,9033],"class_list":["post-10895","post","type-post","status-publish","format-standard","has-post-thumbnail","hentry","category-belgique","tag-aux","tag-belgique","tag-espions","tag-foret","tag-incendies","tag-nest","tag-pas","tag-preparee","generate-columns","tablet-grid-50","mobile-grid-100","grid-parent","grid-33"],"yoast_head":"<!-- This site is optimized with the Yoast SEO plugin v24.0 - https:\/\/yoast.com\/wordpress\/plugins\/seo\/ -->\n<title>Espions : \u00ab La Belgique n\u2019est pas pr\u00e9par\u00e9e aux incendies de for\u00eat \u00bb | Vie Associative<\/title>\n<meta name=\"robots\" content=\"index, follow, max-snippet:-1, max-image-preview:large, max-video-preview:-1\" \/>\n<link rel=\"canonical\" href=\"https:\/\/vieassociative.be\/actualites\/espions-la-belgique-nest-pas-preparee-aux-incendies-de-foret\/\" \/>\n<meta property=\"og:locale\" content=\"fr_FR\" \/>\n<meta property=\"og:type\" content=\"article\" \/>\n<meta property=\"og:title\" content=\"Espions : \u00ab La Belgique n\u2019est pas pr\u00e9par\u00e9e aux incendies de for\u00eat \u00bb | Vie Associative\" \/>\n<meta property=\"og:description\" content=\"Le rejet par les partis majoritaires MR et Les Engag\u00e9s au parlement namurois d&rsquo;une proposition de r\u00e9solution PS destin\u00e9e \u00e0 mieux prot\u00e9ger contre les incendies\" \/>\n<meta property=\"og:url\" content=\"https:\/\/vieassociative.be\/actualites\/espions-la-belgique-nest-pas-preparee-aux-incendies-de-foret\/\" \/>\n<meta property=\"og:site_name\" content=\"Vie Associative\" \/>\n<meta property=\"article:published_time\" content=\"2025-10-25T14:17:08+00:00\" \/>\n<meta property=\"og:image\" content=\"https:\/\/vieassociative.be\/actualites\/wp-content\/uploads\/2024\/09\/header_backgroundk-01-e1726694325946.png\" \/>\n\t<meta property=\"og:image:width\" content=\"279\" \/>\n\t<meta property=\"og:image:height\" content=\"92\" \/>\n\t<meta property=\"og:image:type\" content=\"image\/png\" \/>\n<meta name=\"author\" content=\"Julien\" \/>\n<meta name=\"twitter:card\" content=\"summary_large_image\" \/>\n<meta name=\"twitter:label1\" content=\"\u00c9crit par\" \/>\n\t<meta name=\"twitter:data1\" content=\"Julien\" \/>\n\t<meta name=\"twitter:label2\" content=\"Dur\u00e9e de lecture est.\" \/>\n\t<meta name=\"twitter:data2\" content=\"4 minutes\" \/>\n<script type=\"application\/ld+json\" class=\"yoast-schema-graph\">{\"@context\":\"https:\/\/schema.org\",\"@graph\":[{\"@type\":\"Article\",\"@id\":\"https:\/\/vieassociative.be\/actualites\/espions-la-belgique-nest-pas-preparee-aux-incendies-de-foret\/#article\",\"isPartOf\":{\"@id\":\"https:\/\/vieassociative.be\/actualites\/espions-la-belgique-nest-pas-preparee-aux-incendies-de-foret\/\"},\"author\":{\"name\":\"Julien\",\"@id\":\"https:\/\/vieassociative.be\/actualites\/#\/schema\/person\/b87ac4f82f9d4e7b7cec7395b679edc4\"},\"headline\":\"Espions : \u00ab La Belgique n\u2019est pas pr\u00e9par\u00e9e aux incendies de for\u00eat \u00bb\",\"datePublished\":\"2025-10-25T14:17:08+00:00\",\"dateModified\":\"2025-10-25T14:17:08+00:00\",\"mainEntityOfPage\":{\"@id\":\"https:\/\/vieassociative.be\/actualites\/espions-la-belgique-nest-pas-preparee-aux-incendies-de-foret\/\"},\"wordCount\":769,\"publisher\":{\"@id\":\"https:\/\/vieassociative.be\/actualites\/#organization\"},\"image\":{\"@id\":\"https:\/\/vieassociative.be\/actualites\/espions-la-belgique-nest-pas-preparee-aux-incendies-de-foret\/#primaryimage\"},\"thumbnailUrl\":\"https:\/\/vieassociative.be\/actualites\/wp-content\/uploads\/2025\/10\/1761401829_Espions-La-Belgique-nest-pas-preparee-aux-incendies.jpeg\",\"keywords\":[\"aux\",\"Belgique\",\"Espions\",\"for\u00eat\",\"incendies\",\"nest\",\"pas\",\"pr\u00e9par\u00e9e\"],\"articleSection\":[\"Belgique\"],\"inLanguage\":\"fr-BE\"},{\"@type\":\"WebPage\",\"@id\":\"https:\/\/vieassociative.be\/actualites\/espions-la-belgique-nest-pas-preparee-aux-incendies-de-foret\/\",\"url\":\"https:\/\/vieassociative.be\/actualites\/espions-la-belgique-nest-pas-preparee-aux-incendies-de-foret\/\",\"name\":\"Espions : \u00ab La Belgique n\u2019est pas pr\u00e9par\u00e9e aux incendies de for\u00eat \u00bb | Vie Associative\",\"isPartOf\":{\"@id\":\"https:\/\/vieassociative.be\/actualites\/#website\"},\"primaryImageOfPage\":{\"@id\":\"https:\/\/vieassociative.be\/actualites\/espions-la-belgique-nest-pas-preparee-aux-incendies-de-foret\/#primaryimage\"},\"image\":{\"@id\":\"https:\/\/vieassociative.be\/actualites\/espions-la-belgique-nest-pas-preparee-aux-incendies-de-foret\/#primaryimage\"},\"thumbnailUrl\":\"https:\/\/vieassociative.be\/actualites\/wp-content\/uploads\/2025\/10\/1761401829_Espions-La-Belgique-nest-pas-preparee-aux-incendies.jpeg\",\"datePublished\":\"2025-10-25T14:17:08+00:00\",\"dateModified\":\"2025-10-25T14:17:08+00:00\",\"breadcrumb\":{\"@id\":\"https:\/\/vieassociative.be\/actualites\/espions-la-belgique-nest-pas-preparee-aux-incendies-de-foret\/#breadcrumb\"},\"inLanguage\":\"fr-BE\",\"potentialAction\":[{\"@type\":\"ReadAction\",\"target\":[\"https:\/\/vieassociative.be\/actualites\/espions-la-belgique-nest-pas-preparee-aux-incendies-de-foret\/\"]}]},{\"@type\":\"ImageObject\",\"inLanguage\":\"fr-BE\",\"@id\":\"https:\/\/vieassociative.be\/actualites\/espions-la-belgique-nest-pas-preparee-aux-incendies-de-foret\/#primaryimage\",\"url\":\"https:\/\/vieassociative.be\/actualites\/wp-content\/uploads\/2025\/10\/1761401829_Espions-La-Belgique-nest-pas-preparee-aux-incendies.jpeg\",\"contentUrl\":\"https:\/\/vieassociative.be\/actualites\/wp-content\/uploads\/2025\/10\/1761401829_Espions-La-Belgique-nest-pas-preparee-aux-incendies.jpeg\",\"width\":900,\"height\":300,\"caption\":\"Espions : \u00ab La Belgique n\u2019est pas pr\u00e9par\u00e9e aux incendies de for\u00eat \u00bb\"},{\"@type\":\"BreadcrumbList\",\"@id\":\"https:\/\/vieassociative.be\/actualites\/espions-la-belgique-nest-pas-preparee-aux-incendies-de-foret\/#breadcrumb\",\"itemListElement\":[{\"@type\":\"ListItem\",\"position\":1,\"name\":\"Accueil\",\"item\":\"https:\/\/vieassociative.be\/actualites\/\"},{\"@type\":\"ListItem\",\"position\":2,\"name\":\"Espions : \u00ab La Belgique n\u2019est pas pr\u00e9par\u00e9e aux incendies de for\u00eat \u00bb\"}]},{\"@type\":\"WebSite\",\"@id\":\"https:\/\/vieassociative.be\/actualites\/#website\",\"url\":\"https:\/\/vieassociative.be\/actualites\/\",\"name\":\"Vie Associative\",\"description\":\"\",\"publisher\":{\"@id\":\"https:\/\/vieassociative.be\/actualites\/#organization\"},\"potentialAction\":[{\"@type\":\"SearchAction\",\"target\":{\"@type\":\"EntryPoint\",\"urlTemplate\":\"https:\/\/vieassociative.be\/actualites\/?s={search_term_string}\"},\"query-input\":{\"@type\":\"PropertyValueSpecification\",\"valueRequired\":true,\"valueName\":\"search_term_string\"}}],\"inLanguage\":\"fr-BE\"},{\"@type\":\"Organization\",\"@id\":\"https:\/\/vieassociative.be\/actualites\/#organization\",\"name\":\"Vie Associative\",\"url\":\"https:\/\/vieassociative.be\/actualites\/\",\"logo\":{\"@type\":\"ImageObject\",\"inLanguage\":\"fr-BE\",\"@id\":\"https:\/\/vieassociative.be\/actualites\/#\/schema\/logo\/image\/\",\"url\":\"https:\/\/vieassociative.be\/actualites\/wp-content\/uploads\/2024\/09\/cropped-vieassociative_favicon.ico.png\",\"contentUrl\":\"https:\/\/vieassociative.be\/actualites\/wp-content\/uploads\/2024\/09\/cropped-vieassociative_favicon.ico.png\",\"width\":512,\"height\":512,\"caption\":\"Vie Associative\"},\"image\":{\"@id\":\"https:\/\/vieassociative.be\/actualites\/#\/schema\/logo\/image\/\"}},{\"@type\":\"Person\",\"@id\":\"https:\/\/vieassociative.be\/actualites\/#\/schema\/person\/b87ac4f82f9d4e7b7cec7395b679edc4\",\"name\":\"Julien\",\"image\":{\"@type\":\"ImageObject\",\"inLanguage\":\"fr-BE\",\"@id\":\"https:\/\/vieassociative.be\/actualites\/#\/schema\/person\/image\/\",\"url\":\"https:\/\/vieassociative.be\/actualites\/wp-content\/uploads\/2024\/09\/vie-associative-1-150x150.jpg\",\"contentUrl\":\"https:\/\/vieassociative.be\/actualites\/wp-content\/uploads\/2024\/09\/vie-associative-1-150x150.jpg\",\"caption\":\"Julien\"},\"description\":\"Je suis Julien, r\u00e9dacteur pour Vie Associative. Passionn\u00e9 par le monde associatif depuis plus de 10 ans, j'ai \u00e0 c\u0153ur de partager des histoires inspirantes et de mettre en lumi\u00e8re les initiatives locales. Mon objectif est de sensibiliser et d'encourager l'engagement communautaire \u00e0 travers mes articles.\",\"sameAs\":[\"https:\/\/vieassociative.be\/\"]}]}<\/script>\n<!-- \/ Yoast SEO plugin. -->","yoast_head_json":{"title":"Espions : \u00ab La Belgique n\u2019est pas pr\u00e9par\u00e9e aux incendies de for\u00eat \u00bb | Vie Associative","robots":{"index":"index","follow":"follow","max-snippet":"max-snippet:-1","max-image-preview":"max-image-preview:large","max-video-preview":"max-video-preview:-1"},"canonical":"https:\/\/vieassociative.be\/actualites\/espions-la-belgique-nest-pas-preparee-aux-incendies-de-foret\/","og_locale":"fr_FR","og_type":"article","og_title":"Espions : \u00ab La Belgique n\u2019est pas pr\u00e9par\u00e9e aux incendies de for\u00eat \u00bb | Vie Associative","og_description":"Le rejet par les partis majoritaires MR et Les Engag\u00e9s au parlement namurois d&rsquo;une proposition de r\u00e9solution PS destin\u00e9e \u00e0 mieux prot\u00e9ger contre les incendies","og_url":"https:\/\/vieassociative.be\/actualites\/espions-la-belgique-nest-pas-preparee-aux-incendies-de-foret\/","og_site_name":"Vie Associative","article_published_time":"2025-10-25T14:17:08+00:00","og_image":[{"width":279,"height":92,"url":"https:\/\/vieassociative.be\/actualites\/wp-content\/uploads\/2024\/09\/header_backgroundk-01-e1726694325946.png","type":"image\/png"}],"author":"Julien","twitter_card":"summary_large_image","twitter_misc":{"\u00c9crit par":"Julien","Dur\u00e9e de lecture est.":"4 minutes"},"schema":{"@context":"https:\/\/schema.org","@graph":[{"@type":"Article","@id":"https:\/\/vieassociative.be\/actualites\/espions-la-belgique-nest-pas-preparee-aux-incendies-de-foret\/#article","isPartOf":{"@id":"https:\/\/vieassociative.be\/actualites\/espions-la-belgique-nest-pas-preparee-aux-incendies-de-foret\/"},"author":{"name":"Julien","@id":"https:\/\/vieassociative.be\/actualites\/#\/schema\/person\/b87ac4f82f9d4e7b7cec7395b679edc4"},"headline":"Espions : \u00ab La Belgique n\u2019est pas pr\u00e9par\u00e9e aux incendies de for\u00eat \u00bb","datePublished":"2025-10-25T14:17:08+00:00","dateModified":"2025-10-25T14:17:08+00:00","mainEntityOfPage":{"@id":"https:\/\/vieassociative.be\/actualites\/espions-la-belgique-nest-pas-preparee-aux-incendies-de-foret\/"},"wordCount":769,"publisher":{"@id":"https:\/\/vieassociative.be\/actualites\/#organization"},"image":{"@id":"https:\/\/vieassociative.be\/actualites\/espions-la-belgique-nest-pas-preparee-aux-incendies-de-foret\/#primaryimage"},"thumbnailUrl":"https:\/\/vieassociative.be\/actualites\/wp-content\/uploads\/2025\/10\/1761401829_Espions-La-Belgique-nest-pas-preparee-aux-incendies.jpeg","keywords":["aux","Belgique","Espions","for\u00eat","incendies","nest","pas","pr\u00e9par\u00e9e"],"articleSection":["Belgique"],"inLanguage":"fr-BE"},{"@type":"WebPage","@id":"https:\/\/vieassociative.be\/actualites\/espions-la-belgique-nest-pas-preparee-aux-incendies-de-foret\/","url":"https:\/\/vieassociative.be\/actualites\/espions-la-belgique-nest-pas-preparee-aux-incendies-de-foret\/","name":"Espions : \u00ab La Belgique n\u2019est pas pr\u00e9par\u00e9e aux incendies de for\u00eat \u00bb | Vie Associative","isPartOf":{"@id":"https:\/\/vieassociative.be\/actualites\/#website"},"primaryImageOfPage":{"@id":"https:\/\/vieassociative.be\/actualites\/espions-la-belgique-nest-pas-preparee-aux-incendies-de-foret\/#primaryimage"},"image":{"@id":"https:\/\/vieassociative.be\/actualites\/espions-la-belgique-nest-pas-preparee-aux-incendies-de-foret\/#primaryimage"},"thumbnailUrl":"https:\/\/vieassociative.be\/actualites\/wp-content\/uploads\/2025\/10\/1761401829_Espions-La-Belgique-nest-pas-preparee-aux-incendies.jpeg","datePublished":"2025-10-25T14:17:08+00:00","dateModified":"2025-10-25T14:17:08+00:00","breadcrumb":{"@id":"https:\/\/vieassociative.be\/actualites\/espions-la-belgique-nest-pas-preparee-aux-incendies-de-foret\/#breadcrumb"},"inLanguage":"fr-BE","potentialAction":[{"@type":"ReadAction","target":["https:\/\/vieassociative.be\/actualites\/espions-la-belgique-nest-pas-preparee-aux-incendies-de-foret\/"]}]},{"@type":"ImageObject","inLanguage":"fr-BE","@id":"https:\/\/vieassociative.be\/actualites\/espions-la-belgique-nest-pas-preparee-aux-incendies-de-foret\/#primaryimage","url":"https:\/\/vieassociative.be\/actualites\/wp-content\/uploads\/2025\/10\/1761401829_Espions-La-Belgique-nest-pas-preparee-aux-incendies.jpeg","contentUrl":"https:\/\/vieassociative.be\/actualites\/wp-content\/uploads\/2025\/10\/1761401829_Espions-La-Belgique-nest-pas-preparee-aux-incendies.jpeg","width":900,"height":300,"caption":"Espions : \u00ab La Belgique n\u2019est pas pr\u00e9par\u00e9e aux incendies de for\u00eat \u00bb"},{"@type":"BreadcrumbList","@id":"https:\/\/vieassociative.be\/actualites\/espions-la-belgique-nest-pas-preparee-aux-incendies-de-foret\/#breadcrumb","itemListElement":[{"@type":"ListItem","position":1,"name":"Accueil","item":"https:\/\/vieassociative.be\/actualites\/"},{"@type":"ListItem","position":2,"name":"Espions : \u00ab La Belgique n\u2019est pas pr\u00e9par\u00e9e aux incendies de for\u00eat \u00bb"}]},{"@type":"WebSite","@id":"https:\/\/vieassociative.be\/actualites\/#website","url":"https:\/\/vieassociative.be\/actualites\/","name":"Vie Associative","description":"","publisher":{"@id":"https:\/\/vieassociative.be\/actualites\/#organization"},"potentialAction":[{"@type":"SearchAction","target":{"@type":"EntryPoint","urlTemplate":"https:\/\/vieassociative.be\/actualites\/?s={search_term_string}"},"query-input":{"@type":"PropertyValueSpecification","valueRequired":true,"valueName":"search_term_string"}}],"inLanguage":"fr-BE"},{"@type":"Organization","@id":"https:\/\/vieassociative.be\/actualites\/#organization","name":"Vie Associative","url":"https:\/\/vieassociative.be\/actualites\/","logo":{"@type":"ImageObject","inLanguage":"fr-BE","@id":"https:\/\/vieassociative.be\/actualites\/#\/schema\/logo\/image\/","url":"https:\/\/vieassociative.be\/actualites\/wp-content\/uploads\/2024\/09\/cropped-vieassociative_favicon.ico.png","contentUrl":"https:\/\/vieassociative.be\/actualites\/wp-content\/uploads\/2024\/09\/cropped-vieassociative_favicon.ico.png","width":512,"height":512,"caption":"Vie Associative"},"image":{"@id":"https:\/\/vieassociative.be\/actualites\/#\/schema\/logo\/image\/"}},{"@type":"Person","@id":"https:\/\/vieassociative.be\/actualites\/#\/schema\/person\/b87ac4f82f9d4e7b7cec7395b679edc4","name":"Julien","image":{"@type":"ImageObject","inLanguage":"fr-BE","@id":"https:\/\/vieassociative.be\/actualites\/#\/schema\/person\/image\/","url":"https:\/\/vieassociative.be\/actualites\/wp-content\/uploads\/2024\/09\/vie-associative-1-150x150.jpg","contentUrl":"https:\/\/vieassociative.be\/actualites\/wp-content\/uploads\/2024\/09\/vie-associative-1-150x150.jpg","caption":"Julien"},"description":"Je suis Julien, r\u00e9dacteur pour Vie Associative. Passionn\u00e9 par le monde associatif depuis plus de 10 ans, j'ai \u00e0 c\u0153ur de partager des histoires inspirantes et de mettre en lumi\u00e8re les initiatives locales. Mon objectif est de sensibiliser et d'encourager l'engagement communautaire \u00e0 travers mes articles.","sameAs":["https:\/\/vieassociative.be\/"]}]}},"_links":{"self":[{"href":"https:\/\/vieassociative.be\/actualites\/wp-json\/wp\/v2\/posts\/10895"}],"collection":[{"href":"https:\/\/vieassociative.be\/actualites\/wp-json\/wp\/v2\/posts"}],"about":[{"href":"https:\/\/vieassociative.be\/actualites\/wp-json\/wp\/v2\/types\/post"}],"author":[{"embeddable":true,"href":"https:\/\/vieassociative.be\/actualites\/wp-json\/wp\/v2\/users\/1"}],"replies":[{"embeddable":true,"href":"https:\/\/vieassociative.be\/actualites\/wp-json\/wp\/v2\/comments?post=10895"}],"version-history":[{"count":0,"href":"https:\/\/vieassociative.be\/actualites\/wp-json\/wp\/v2\/posts\/10895\/revisions"}],"wp:featuredmedia":[{"embeddable":true,"href":"https:\/\/vieassociative.be\/actualites\/wp-json\/wp\/v2\/media\/10896"}],"wp:attachment":[{"href":"https:\/\/vieassociative.be\/actualites\/wp-json\/wp\/v2\/media?parent=10895"}],"wp:term":[{"taxonomy":"category","embeddable":true,"href":"https:\/\/vieassociative.be\/actualites\/wp-json\/wp\/v2\/categories?post=10895"},{"taxonomy":"post_tag","embeddable":true,"href":"https:\/\/vieassociative.be\/actualites\/wp-json\/wp\/v2\/tags?post=10895"}],"curies":[{"name":"wp","href":"https:\/\/api.w.org\/{rel}","templated":true}]}}