{"id":10889,"date":"2025-10-25T10:17:40","date_gmt":"2025-10-25T08:17:40","guid":{"rendered":"https:\/\/vieassociative.be\/actualites\/une-victoire-contre-jong-genk-est-egalement-indispensable-pour-las-eupen\/"},"modified":"2025-10-25T10:17:40","modified_gmt":"2025-10-25T08:17:40","slug":"une-victoire-contre-jong-genk-est-egalement-indispensable-pour-las-eupen","status":"publish","type":"post","link":"https:\/\/vieassociative.be\/actualites\/une-victoire-contre-jong-genk-est-egalement-indispensable-pour-las-eupen\/","title":{"rendered":"Une victoire contre Jong Genk est \u00e9galement indispensable pour l&rsquo;AS Eupen"},"content":{"rendered":"<p><strong>L&rsquo;AS Eupen affrontera d\u00e9sormais deux fois une \u00e9quipe U23 : ce samedi contre Jong Genk et le samedi suivant \u00e0 l&rsquo;ext\u00e9rieur contre l&rsquo;\u00e9quipe de jeunes de l&rsquo;AA Gent. Entre les deux, les noirs et blancs disputeront la coupe nationale au Royal Anvers.<\/strong><\/p>\n<p><span id=\"more-428012\"><\/span>Apr\u00e8s la tr\u00e8s faible performance de la derni\u00e8re \u00e9quipe olympique de Charleroi, une victoire s&rsquo;impose \u00e9galement aujourd&rsquo;hui contre les U23 du KRC Genk (20h \/ en direct sur l&rsquo;application DAZN). De plus, cela aiderait au d\u00e9but de la semaine anglaise si non seulement trois points \u00e9taient marqu\u00e9s cette fois, mais aussi une performance nettement meilleure par rapport au match de Charleroi, digne d&rsquo;un candidat \u00e0 la promotion.<\/p>\n<p>L&rsquo;entra\u00eeneur Bruno Pinheiro peut \u00e0 nouveau compter sur Yentl Van Genechten, qui est \u00e9ligible pour rejouer apr\u00e8s sa suspension pour carton rouge. Cela devrait avoir un effet positif sur le jeu de son \u00e9quipe, notamment lorsqu&rsquo;il s&rsquo;agit d&rsquo;actions offensives sur le c\u00f4t\u00e9 droit.<\/p>\n<p>Au classement de la Challenger Pro League, les U23 du KRC Genk sont nettement mieux plac\u00e9s qu&rsquo;\u00e0 la m\u00eame \u00e9poque la saison derni\u00e8re. Jong Genk est actuellement 10\u00e8me avec 10 points, tandis qu&rsquo;Eupen est 7\u00e8me avec 16 points, m\u00eame si AS a jou\u00e9 un match de plus. (cr\u00e9er)<\/p>\n","protected":false},"excerpt":{"rendered":"<p>L&rsquo;AS Eupen affrontera d\u00e9sormais deux fois une \u00e9quipe U23 : ce samedi contre Jong Genk et le samedi suivant \u00e0 l&rsquo;ext\u00e9rieur contre l&rsquo;\u00e9quipe de jeunes<\/p>\n","protected":false},"author":1,"featured_media":4769,"comment_status":"","ping_status":"","sticky":false,"template":"","format":"standard","meta":{"footnotes":""},"categories":[298],"tags":[796,172,76,2329,932,9030,5376,2353,81,110,784],"class_list":["post-10889","post","type-post","status-publish","format-standard","has-post-thumbnail","hentry","category-belgique","tag-contre","tag-egalement","tag-est","tag-eupen","tag-genk","tag-indispensable","tag-jong","tag-las","tag-pour","tag-une","tag-victoire","generate-columns","tablet-grid-50","mobile-grid-100","grid-parent","grid-33"],"yoast_head":"<!-- This site is optimized with the Yoast SEO plugin v24.0 - https:\/\/yoast.com\/wordpress\/plugins\/seo\/ -->\n<title>Une victoire contre Jong Genk est \u00e9galement indispensable pour l&#039;AS Eupen | Vie Associative<\/title>\n<meta name=\"robots\" content=\"index, follow, max-snippet:-1, max-image-preview:large, max-video-preview:-1\" \/>\n<link rel=\"canonical\" href=\"https:\/\/vieassociative.be\/actualites\/une-victoire-contre-jong-genk-est-egalement-indispensable-pour-las-eupen\/\" \/>\n<meta property=\"og:locale\" content=\"fr_FR\" \/>\n<meta property=\"og:type\" content=\"article\" \/>\n<meta property=\"og:title\" content=\"Une victoire contre Jong Genk est \u00e9galement indispensable pour l&#039;AS Eupen | Vie Associative\" \/>\n<meta property=\"og:description\" content=\"L&rsquo;AS Eupen affrontera d\u00e9sormais deux fois une \u00e9quipe U23 : ce samedi contre Jong Genk et le samedi suivant \u00e0 l&rsquo;ext\u00e9rieur contre l&rsquo;\u00e9quipe de jeunes\" \/>\n<meta property=\"og:url\" content=\"https:\/\/vieassociative.be\/actualites\/une-victoire-contre-jong-genk-est-egalement-indispensable-pour-las-eupen\/\" \/>\n<meta property=\"og:site_name\" content=\"Vie Associative\" \/>\n<meta property=\"article:published_time\" content=\"2025-10-25T08:17:40+00:00\" \/>\n<meta property=\"og:image\" content=\"https:\/\/vieassociative.be\/actualites\/wp-content\/uploads\/2024\/09\/header_backgroundk-01-e1726694325946.png\" \/>\n\t<meta property=\"og:image:width\" content=\"279\" \/>\n\t<meta property=\"og:image:height\" content=\"92\" \/>\n\t<meta property=\"og:image:type\" content=\"image\/png\" \/>\n<meta name=\"author\" content=\"Julien\" \/>\n<meta name=\"twitter:card\" content=\"summary_large_image\" \/>\n<meta name=\"twitter:label1\" content=\"\u00c9crit par\" \/>\n\t<meta name=\"twitter:data1\" content=\"Julien\" \/>\n\t<meta name=\"twitter:label2\" content=\"Dur\u00e9e de lecture est.\" \/>\n\t<meta name=\"twitter:data2\" content=\"1 minute\" \/>\n<script type=\"application\/ld+json\" class=\"yoast-schema-graph\">{\"@context\":\"https:\/\/schema.org\",\"@graph\":[{\"@type\":\"Article\",\"@id\":\"https:\/\/vieassociative.be\/actualites\/une-victoire-contre-jong-genk-est-egalement-indispensable-pour-las-eupen\/#article\",\"isPartOf\":{\"@id\":\"https:\/\/vieassociative.be\/actualites\/une-victoire-contre-jong-genk-est-egalement-indispensable-pour-las-eupen\/\"},\"author\":{\"name\":\"Julien\",\"@id\":\"https:\/\/vieassociative.be\/actualites\/#\/schema\/person\/b87ac4f82f9d4e7b7cec7395b679edc4\"},\"headline\":\"Une victoire contre Jong Genk est \u00e9galement indispensable pour l&rsquo;AS Eupen\",\"datePublished\":\"2025-10-25T08:17:40+00:00\",\"dateModified\":\"2025-10-25T08:17:40+00:00\",\"mainEntityOfPage\":{\"@id\":\"https:\/\/vieassociative.be\/actualites\/une-victoire-contre-jong-genk-est-egalement-indispensable-pour-las-eupen\/\"},\"wordCount\":233,\"publisher\":{\"@id\":\"https:\/\/vieassociative.be\/actualites\/#organization\"},\"image\":{\"@id\":\"https:\/\/vieassociative.be\/actualites\/une-victoire-contre-jong-genk-est-egalement-indispensable-pour-las-eupen\/#primaryimage\"},\"thumbnailUrl\":\"https:\/\/vieassociative.be\/actualites\/wp-content\/uploads\/2025\/02\/1738419455_En-tant-quEupen-depuis-le-22-novembre-2024-sans-victoire.jpg\",\"keywords\":[\"contre\",\"\u00e9galement\",\"est\",\"Eupen\",\"Genk\",\"indispensable\",\"Jong\",\"lAS\",\"pour\",\"une\",\"victoire\"],\"articleSection\":[\"Belgique\"],\"inLanguage\":\"fr-BE\"},{\"@type\":\"WebPage\",\"@id\":\"https:\/\/vieassociative.be\/actualites\/une-victoire-contre-jong-genk-est-egalement-indispensable-pour-las-eupen\/\",\"url\":\"https:\/\/vieassociative.be\/actualites\/une-victoire-contre-jong-genk-est-egalement-indispensable-pour-las-eupen\/\",\"name\":\"Une victoire contre Jong Genk est \u00e9galement indispensable pour l'AS Eupen | Vie Associative\",\"isPartOf\":{\"@id\":\"https:\/\/vieassociative.be\/actualites\/#website\"},\"primaryImageOfPage\":{\"@id\":\"https:\/\/vieassociative.be\/actualites\/une-victoire-contre-jong-genk-est-egalement-indispensable-pour-las-eupen\/#primaryimage\"},\"image\":{\"@id\":\"https:\/\/vieassociative.be\/actualites\/une-victoire-contre-jong-genk-est-egalement-indispensable-pour-las-eupen\/#primaryimage\"},\"thumbnailUrl\":\"https:\/\/vieassociative.be\/actualites\/wp-content\/uploads\/2025\/02\/1738419455_En-tant-quEupen-depuis-le-22-novembre-2024-sans-victoire.jpg\",\"datePublished\":\"2025-10-25T08:17:40+00:00\",\"dateModified\":\"2025-10-25T08:17:40+00:00\",\"breadcrumb\":{\"@id\":\"https:\/\/vieassociative.be\/actualites\/une-victoire-contre-jong-genk-est-egalement-indispensable-pour-las-eupen\/#breadcrumb\"},\"inLanguage\":\"fr-BE\",\"potentialAction\":[{\"@type\":\"ReadAction\",\"target\":[\"https:\/\/vieassociative.be\/actualites\/une-victoire-contre-jong-genk-est-egalement-indispensable-pour-las-eupen\/\"]}]},{\"@type\":\"ImageObject\",\"inLanguage\":\"fr-BE\",\"@id\":\"https:\/\/vieassociative.be\/actualites\/une-victoire-contre-jong-genk-est-egalement-indispensable-pour-las-eupen\/#primaryimage\",\"url\":\"https:\/\/vieassociative.be\/actualites\/wp-content\/uploads\/2025\/02\/1738419455_En-tant-quEupen-depuis-le-22-novembre-2024-sans-victoire.jpg\",\"contentUrl\":\"https:\/\/vieassociative.be\/actualites\/wp-content\/uploads\/2025\/02\/1738419455_En-tant-quEupen-depuis-le-22-novembre-2024-sans-victoire.jpg\",\"width\":1200,\"height\":800,\"caption\":\"En tant qu'Eupen depuis le 22 novembre 2024 sans victoire\"},{\"@type\":\"BreadcrumbList\",\"@id\":\"https:\/\/vieassociative.be\/actualites\/une-victoire-contre-jong-genk-est-egalement-indispensable-pour-las-eupen\/#breadcrumb\",\"itemListElement\":[{\"@type\":\"ListItem\",\"position\":1,\"name\":\"Accueil\",\"item\":\"https:\/\/vieassociative.be\/actualites\/\"},{\"@type\":\"ListItem\",\"position\":2,\"name\":\"Une victoire contre Jong Genk est \u00e9galement indispensable pour l&rsquo;AS Eupen\"}]},{\"@type\":\"WebSite\",\"@id\":\"https:\/\/vieassociative.be\/actualites\/#website\",\"url\":\"https:\/\/vieassociative.be\/actualites\/\",\"name\":\"Vie Associative\",\"description\":\"\",\"publisher\":{\"@id\":\"https:\/\/vieassociative.be\/actualites\/#organization\"},\"potentialAction\":[{\"@type\":\"SearchAction\",\"target\":{\"@type\":\"EntryPoint\",\"urlTemplate\":\"https:\/\/vieassociative.be\/actualites\/?s={search_term_string}\"},\"query-input\":{\"@type\":\"PropertyValueSpecification\",\"valueRequired\":true,\"valueName\":\"search_term_string\"}}],\"inLanguage\":\"fr-BE\"},{\"@type\":\"Organization\",\"@id\":\"https:\/\/vieassociative.be\/actualites\/#organization\",\"name\":\"Vie Associative\",\"url\":\"https:\/\/vieassociative.be\/actualites\/\",\"logo\":{\"@type\":\"ImageObject\",\"inLanguage\":\"fr-BE\",\"@id\":\"https:\/\/vieassociative.be\/actualites\/#\/schema\/logo\/image\/\",\"url\":\"https:\/\/vieassociative.be\/actualites\/wp-content\/uploads\/2024\/09\/cropped-vieassociative_favicon.ico.png\",\"contentUrl\":\"https:\/\/vieassociative.be\/actualites\/wp-content\/uploads\/2024\/09\/cropped-vieassociative_favicon.ico.png\",\"width\":512,\"height\":512,\"caption\":\"Vie Associative\"},\"image\":{\"@id\":\"https:\/\/vieassociative.be\/actualites\/#\/schema\/logo\/image\/\"}},{\"@type\":\"Person\",\"@id\":\"https:\/\/vieassociative.be\/actualites\/#\/schema\/person\/b87ac4f82f9d4e7b7cec7395b679edc4\",\"name\":\"Julien\",\"image\":{\"@type\":\"ImageObject\",\"inLanguage\":\"fr-BE\",\"@id\":\"https:\/\/vieassociative.be\/actualites\/#\/schema\/person\/image\/\",\"url\":\"https:\/\/vieassociative.be\/actualites\/wp-content\/uploads\/2024\/09\/vie-associative-1-150x150.jpg\",\"contentUrl\":\"https:\/\/vieassociative.be\/actualites\/wp-content\/uploads\/2024\/09\/vie-associative-1-150x150.jpg\",\"caption\":\"Julien\"},\"description\":\"Je suis Julien, r\u00e9dacteur pour Vie Associative. Passionn\u00e9 par le monde associatif depuis plus de 10 ans, j'ai \u00e0 c\u0153ur de partager des histoires inspirantes et de mettre en lumi\u00e8re les initiatives locales. Mon objectif est de sensibiliser et d'encourager l'engagement communautaire \u00e0 travers mes articles.\",\"sameAs\":[\"https:\/\/vieassociative.be\/\"]}]}<\/script>\n<!-- \/ Yoast SEO plugin. -->","yoast_head_json":{"title":"Une victoire contre Jong Genk est \u00e9galement indispensable pour l'AS Eupen | Vie Associative","robots":{"index":"index","follow":"follow","max-snippet":"max-snippet:-1","max-image-preview":"max-image-preview:large","max-video-preview":"max-video-preview:-1"},"canonical":"https:\/\/vieassociative.be\/actualites\/une-victoire-contre-jong-genk-est-egalement-indispensable-pour-las-eupen\/","og_locale":"fr_FR","og_type":"article","og_title":"Une victoire contre Jong Genk est \u00e9galement indispensable pour l'AS Eupen | Vie Associative","og_description":"L&rsquo;AS Eupen affrontera d\u00e9sormais deux fois une \u00e9quipe U23 : ce samedi contre Jong Genk et le samedi suivant \u00e0 l&rsquo;ext\u00e9rieur contre l&rsquo;\u00e9quipe de jeunes","og_url":"https:\/\/vieassociative.be\/actualites\/une-victoire-contre-jong-genk-est-egalement-indispensable-pour-las-eupen\/","og_site_name":"Vie Associative","article_published_time":"2025-10-25T08:17:40+00:00","og_image":[{"width":279,"height":92,"url":"https:\/\/vieassociative.be\/actualites\/wp-content\/uploads\/2024\/09\/header_backgroundk-01-e1726694325946.png","type":"image\/png"}],"author":"Julien","twitter_card":"summary_large_image","twitter_misc":{"\u00c9crit par":"Julien","Dur\u00e9e de lecture est.":"1 minute"},"schema":{"@context":"https:\/\/schema.org","@graph":[{"@type":"Article","@id":"https:\/\/vieassociative.be\/actualites\/une-victoire-contre-jong-genk-est-egalement-indispensable-pour-las-eupen\/#article","isPartOf":{"@id":"https:\/\/vieassociative.be\/actualites\/une-victoire-contre-jong-genk-est-egalement-indispensable-pour-las-eupen\/"},"author":{"name":"Julien","@id":"https:\/\/vieassociative.be\/actualites\/#\/schema\/person\/b87ac4f82f9d4e7b7cec7395b679edc4"},"headline":"Une victoire contre Jong Genk est \u00e9galement indispensable pour l&rsquo;AS Eupen","datePublished":"2025-10-25T08:17:40+00:00","dateModified":"2025-10-25T08:17:40+00:00","mainEntityOfPage":{"@id":"https:\/\/vieassociative.be\/actualites\/une-victoire-contre-jong-genk-est-egalement-indispensable-pour-las-eupen\/"},"wordCount":233,"publisher":{"@id":"https:\/\/vieassociative.be\/actualites\/#organization"},"image":{"@id":"https:\/\/vieassociative.be\/actualites\/une-victoire-contre-jong-genk-est-egalement-indispensable-pour-las-eupen\/#primaryimage"},"thumbnailUrl":"https:\/\/vieassociative.be\/actualites\/wp-content\/uploads\/2025\/02\/1738419455_En-tant-quEupen-depuis-le-22-novembre-2024-sans-victoire.jpg","keywords":["contre","\u00e9galement","est","Eupen","Genk","indispensable","Jong","lAS","pour","une","victoire"],"articleSection":["Belgique"],"inLanguage":"fr-BE"},{"@type":"WebPage","@id":"https:\/\/vieassociative.be\/actualites\/une-victoire-contre-jong-genk-est-egalement-indispensable-pour-las-eupen\/","url":"https:\/\/vieassociative.be\/actualites\/une-victoire-contre-jong-genk-est-egalement-indispensable-pour-las-eupen\/","name":"Une victoire contre Jong Genk est \u00e9galement indispensable pour l'AS Eupen | Vie Associative","isPartOf":{"@id":"https:\/\/vieassociative.be\/actualites\/#website"},"primaryImageOfPage":{"@id":"https:\/\/vieassociative.be\/actualites\/une-victoire-contre-jong-genk-est-egalement-indispensable-pour-las-eupen\/#primaryimage"},"image":{"@id":"https:\/\/vieassociative.be\/actualites\/une-victoire-contre-jong-genk-est-egalement-indispensable-pour-las-eupen\/#primaryimage"},"thumbnailUrl":"https:\/\/vieassociative.be\/actualites\/wp-content\/uploads\/2025\/02\/1738419455_En-tant-quEupen-depuis-le-22-novembre-2024-sans-victoire.jpg","datePublished":"2025-10-25T08:17:40+00:00","dateModified":"2025-10-25T08:17:40+00:00","breadcrumb":{"@id":"https:\/\/vieassociative.be\/actualites\/une-victoire-contre-jong-genk-est-egalement-indispensable-pour-las-eupen\/#breadcrumb"},"inLanguage":"fr-BE","potentialAction":[{"@type":"ReadAction","target":["https:\/\/vieassociative.be\/actualites\/une-victoire-contre-jong-genk-est-egalement-indispensable-pour-las-eupen\/"]}]},{"@type":"ImageObject","inLanguage":"fr-BE","@id":"https:\/\/vieassociative.be\/actualites\/une-victoire-contre-jong-genk-est-egalement-indispensable-pour-las-eupen\/#primaryimage","url":"https:\/\/vieassociative.be\/actualites\/wp-content\/uploads\/2025\/02\/1738419455_En-tant-quEupen-depuis-le-22-novembre-2024-sans-victoire.jpg","contentUrl":"https:\/\/vieassociative.be\/actualites\/wp-content\/uploads\/2025\/02\/1738419455_En-tant-quEupen-depuis-le-22-novembre-2024-sans-victoire.jpg","width":1200,"height":800,"caption":"En tant qu'Eupen depuis le 22 novembre 2024 sans victoire"},{"@type":"BreadcrumbList","@id":"https:\/\/vieassociative.be\/actualites\/une-victoire-contre-jong-genk-est-egalement-indispensable-pour-las-eupen\/#breadcrumb","itemListElement":[{"@type":"ListItem","position":1,"name":"Accueil","item":"https:\/\/vieassociative.be\/actualites\/"},{"@type":"ListItem","position":2,"name":"Une victoire contre Jong Genk est \u00e9galement indispensable pour l&rsquo;AS Eupen"}]},{"@type":"WebSite","@id":"https:\/\/vieassociative.be\/actualites\/#website","url":"https:\/\/vieassociative.be\/actualites\/","name":"Vie Associative","description":"","publisher":{"@id":"https:\/\/vieassociative.be\/actualites\/#organization"},"potentialAction":[{"@type":"SearchAction","target":{"@type":"EntryPoint","urlTemplate":"https:\/\/vieassociative.be\/actualites\/?s={search_term_string}"},"query-input":{"@type":"PropertyValueSpecification","valueRequired":true,"valueName":"search_term_string"}}],"inLanguage":"fr-BE"},{"@type":"Organization","@id":"https:\/\/vieassociative.be\/actualites\/#organization","name":"Vie Associative","url":"https:\/\/vieassociative.be\/actualites\/","logo":{"@type":"ImageObject","inLanguage":"fr-BE","@id":"https:\/\/vieassociative.be\/actualites\/#\/schema\/logo\/image\/","url":"https:\/\/vieassociative.be\/actualites\/wp-content\/uploads\/2024\/09\/cropped-vieassociative_favicon.ico.png","contentUrl":"https:\/\/vieassociative.be\/actualites\/wp-content\/uploads\/2024\/09\/cropped-vieassociative_favicon.ico.png","width":512,"height":512,"caption":"Vie Associative"},"image":{"@id":"https:\/\/vieassociative.be\/actualites\/#\/schema\/logo\/image\/"}},{"@type":"Person","@id":"https:\/\/vieassociative.be\/actualites\/#\/schema\/person\/b87ac4f82f9d4e7b7cec7395b679edc4","name":"Julien","image":{"@type":"ImageObject","inLanguage":"fr-BE","@id":"https:\/\/vieassociative.be\/actualites\/#\/schema\/person\/image\/","url":"https:\/\/vieassociative.be\/actualites\/wp-content\/uploads\/2024\/09\/vie-associative-1-150x150.jpg","contentUrl":"https:\/\/vieassociative.be\/actualites\/wp-content\/uploads\/2024\/09\/vie-associative-1-150x150.jpg","caption":"Julien"},"description":"Je suis Julien, r\u00e9dacteur pour Vie Associative. Passionn\u00e9 par le monde associatif depuis plus de 10 ans, j'ai \u00e0 c\u0153ur de partager des histoires inspirantes et de mettre en lumi\u00e8re les initiatives locales. Mon objectif est de sensibiliser et d'encourager l'engagement communautaire \u00e0 travers mes articles.","sameAs":["https:\/\/vieassociative.be\/"]}]}},"_links":{"self":[{"href":"https:\/\/vieassociative.be\/actualites\/wp-json\/wp\/v2\/posts\/10889"}],"collection":[{"href":"https:\/\/vieassociative.be\/actualites\/wp-json\/wp\/v2\/posts"}],"about":[{"href":"https:\/\/vieassociative.be\/actualites\/wp-json\/wp\/v2\/types\/post"}],"author":[{"embeddable":true,"href":"https:\/\/vieassociative.be\/actualites\/wp-json\/wp\/v2\/users\/1"}],"replies":[{"embeddable":true,"href":"https:\/\/vieassociative.be\/actualites\/wp-json\/wp\/v2\/comments?post=10889"}],"version-history":[{"count":0,"href":"https:\/\/vieassociative.be\/actualites\/wp-json\/wp\/v2\/posts\/10889\/revisions"}],"wp:featuredmedia":[{"embeddable":true,"href":"https:\/\/vieassociative.be\/actualites\/wp-json\/wp\/v2\/media\/4769"}],"wp:attachment":[{"href":"https:\/\/vieassociative.be\/actualites\/wp-json\/wp\/v2\/media?parent=10889"}],"wp:term":[{"taxonomy":"category","embeddable":true,"href":"https:\/\/vieassociative.be\/actualites\/wp-json\/wp\/v2\/categories?post=10889"},{"taxonomy":"post_tag","embeddable":true,"href":"https:\/\/vieassociative.be\/actualites\/wp-json\/wp\/v2\/tags?post=10889"}],"curies":[{"name":"wp","href":"https:\/\/api.w.org\/{rel}","templated":true}]}}