{"id":10887,"date":"2025-10-25T09:18:41","date_gmt":"2025-10-25T07:18:41","guid":{"rendered":"https:\/\/vieassociative.be\/actualites\/les-google-pixels-ont-toujours-des-problemes-pour-appeler-le-911\/"},"modified":"2025-10-25T09:18:41","modified_gmt":"2025-10-25T07:18:41","slug":"les-google-pixels-ont-toujours-des-problemes-pour-appeler-le-911","status":"publish","type":"post","link":"https:\/\/vieassociative.be\/actualites\/les-google-pixels-ont-toujours-des-problemes-pour-appeler-le-911\/","title":{"rendered":"Les Google Pixels ont toujours des probl\u00e8mes pour appeler le 911"},"content":{"rendered":"<div class=\"mt-4 leading-6 md:mb-8\">Les probl\u00e8mes persistent depuis 2021.<\/div>\n<p><\/p>\n<p>Au cours des derni\u00e8res ann\u00e9es, les t\u00e9l\u00e9phones Pixel de Google ont rencontr\u00e9 des probl\u00e8mes r\u00e9currents pour appeler le 911, et le probl\u00e8me a encore une fois fait son apparition. Au cours des derni\u00e8res 24 heures, plusieurs utilisateurs de Reddit se sont plaints de ne pas pouvoir appeler le 911, tandis que l&rsquo;op\u00e9rateur Bell au Canada a \u00e9mis un avertissement indiquant que les Pixel 6 et versions ult\u00e9rieures avaient \u00e9galement des difficult\u00e9s \u00e0 contacter les services d&rsquo;urgence sur son r\u00e9seau.<\/p>\n<p>Selon l&rsquo;utilisateur Fabulous_Disaster730, qui a publi\u00e9 hier un article sur les difficult\u00e9s \u00e0 contacter les services d&rsquo;urgence lors d&rsquo;une fuite de gaz, son Pixel 9 Pro lui a demand\u00e9 \u00e0 plusieurs reprises d&rsquo;activer les appels Wi-Fi ou de d\u00e9sactiver le mode avion avant de pouvoir appeler le 911, bien qu&rsquo;elle ait un signal complet sur la 5G et le Wi-Fi. Le t\u00e9l\u00e9phone se bloquerait alors et red\u00e9marrerait. Apr\u00e8s plusieurs tentatives, elle a d\u00e9cid\u00e9 de demander \u00e0 un ami de passer l\u2019appel \u00e0 sa place.<\/p>\n<p>Plusieurs r\u00e9ponses ont \u00e9galement mentionn\u00e9 des probl\u00e8mes similaires hier, sur plusieurs r\u00e9seaux et mod\u00e8les de Pixel. Bell a toutefois \u00e9t\u00e9 le seul op\u00e9rateur \u00e0 \u00e9mettre un avis officiel.<\/p>\n<div class=\"mx-auto mb-12 mt-5 w-full max-w-3xl rounded-md border-2 border-gray-100 p-3 shadow-md md:px-7 md:pb-7 md:pt-5\" id=\"related-video\">\n<div class=\"mb-3 flex items-center md:mb-5\">\n        <img decoding=\"async\" class=\"mr-4 mt-0 h-10 w-10 md:mr-5 md:h-12 md:w-12\" src=\"https:\/\/vieassociative.be\/actualites\/wp-content\/uploads\/2025\/09\/1757726237_608_Meta-pourrait-devoiler-une-montre-intelligente-pour-controler-ses-lunettes.jpg\" alt=\"Logo du pirate de la vie\"><\/p><\/div>\n<div class=\"aspect-video w-full overflow-hidden rounded-md\">\n<div id=\"video-container-01K8D2NV98KPZP0SGP88ZAK81S\"><\/div>\n<\/p><\/div>\n<\/div>\n<p>Outre le danger \u00e9vident, le probl\u00e8me de ce bug est qu&rsquo;il n&rsquo;est pas coh\u00e9rent. Bien qu&rsquo;il semble avoir eu une augmentation hier, il s&rsquo;agit d&rsquo;un probl\u00e8me connu depuis 2021. Cependant, il n&rsquo;affecte pas tous les utilisateurs et il n&rsquo;est pas non plus enti\u00e8rement pr\u00e9visible quand et comment il appara\u00eetra. Alors que des rapports r\u00e9cents font \u00e9tat d&rsquo;appels qui n&rsquo;ont tout simplement pas abouti, un utilisateur a post\u00e9 il y a deux mois que son appel avait bien abouti, mais il n&rsquo;avait entendu que des cris et des parasites \u00e0 l&rsquo;autre bout de la ligne. Ces r\u00e9cents rapports ne sont que les derniers en date d\u2019une pr\u00e9occupation en constante \u00e9volution.<\/p>\n<p>On ne sait pas non plus quelle est la cause du probl\u00e8me. En 2021, le probl\u00e8me a \u00e9t\u00e9 attribu\u00e9 \u00e0 Microsoft Teams, mais m\u00eame avec cette erreur corrig\u00e9e, les utilisateurs sont toujours confront\u00e9s \u00e0 des probl\u00e8mes. Au cr\u00e9dit de Google, Bell a d\u00e9clar\u00e9 avoir contact\u00e9 l&rsquo;entreprise peu de temps apr\u00e8s avoir pris connaissance de la hausse des cas d&rsquo;hier, et a ensuite d\u00e9clar\u00e9 qu&rsquo;un correctif avait \u00e9t\u00e9 publi\u00e9. Cependant, aucun autre op\u00e9rateur n&rsquo;a \u00e9mis d&rsquo;avis similaire et je ne serais pas surpris de voir d&rsquo;autres utilisateurs d\u00e9poser leurs propres plaintes \u00e0 l&rsquo;avenir.<\/p>\n<p>Il convient de noter que Bell a mentionn\u00e9 que les utilisateurs de Pixel 6 et plus \u00e9taient ceux concern\u00e9s cette fois-ci, et que le Pixel 6 \u00e9tait \u00e9galement sorti en 2021, date \u00e0 laquelle le bug a commenc\u00e9 \u00e0 faire l&rsquo;actualit\u00e9. Quelle que soit la cause du probl\u00e8me ici, je ne serais pas surpris si cela se r\u00e9percutait sur le Pixel 6 et n\u2019avait tout simplement pas encore \u00e9t\u00e9 r\u00e9solu.<\/p>\n<p>Cependant, \u00e9tant donn\u00e9 la gravit\u00e9 du probl\u00e8me, c\u2019est une question qui doit \u00eatre examin\u00e9e le plus t\u00f4t possible. J&rsquo;ai contact\u00e9 Google pour obtenir des commentaires sur ce probl\u00e8me et je le mettrai \u00e0 jour si j&rsquo;ai une r\u00e9ponse. En attendant, il est pr\u00e9f\u00e9rable de se pr\u00e9parer au cas o\u00f9 le pire se produirait. Si vous utilisez un t\u00e9l\u00e9phone Pixel, voici ce que vous pouvez faire pour contacter le 911 en cas d&rsquo;urgence\u00a0:<\/p>\n<h2 id=\"first-try-to-place-a-911-call\">Tout d\u2019abord, essayez de passer un appel au 911<\/h2>\n<p>Si vous avez le temps et que le danger n&rsquo;est pas imm\u00e9diat, cela vaut la peine d&rsquo;essayer d&rsquo;appeler le 911 sur votre Pixel malgr\u00e9 les probl\u00e8mes. M\u00eame si les utilisateurs signalant des probl\u00e8mes ont augment\u00e9 ces derniers temps, il ne s&rsquo;agit toujours pas d&rsquo;un probl\u00e8me g\u00e9n\u00e9ralis\u00e9. Il est possible que votre appel aboutisse toujours sans probl\u00e8me.<\/p>\n<h2 id=\"you-can-also-text-911\">Vous pouvez \u00e9galement envoyer un SMS au 911<\/h2>\n<p>Si, toutefois, vous ne parvenez pas \u00e0 appeler le 911, n&rsquo;oubliez pas que dans certaines juridictions (consultez cette liste r\u00e9guli\u00e8rement mise \u00e0 jour pour voir si votre lieu de r\u00e9sidence est pris en charge), vous pouvez \u00e9galement contacter le 911 par SMS. Il s\u2019agit d\u2019une m\u00e9thode plus lente pour demander de l\u2019aide, mais c\u2019est toujours mieux que rien. Pour envoyer un SMS au 911, ouvrez votre application d&rsquo;envoi de SMS, indiquez 911 comme destinataire et r\u00e9digez un message concis avec votre probl\u00e8me, votre emplacement et tous les d\u00e9tails n\u00e9cessaires, comme des rues transversales, des points de rep\u00e8re, une cachette sp\u00e9cifique ou si vous \u00eates capable de parler.<\/p>\n<h2 id=\"use-a-backup-phone\">Utiliser un t\u00e9l\u00e9phone de secours<\/h2>\n<p>M\u00eame si je ne m&rsquo;attends pas \u00e0 ce que quelqu&rsquo;un qui n&rsquo;examine pas constamment la technologie ait plusieurs t\u00e9l\u00e9phones sous la main, la m\u00e9thode la plus s\u00fbre pour garantir que vous pourrez appeler le 911 si vous utilisez un Pixel est de conserver un t\u00e9l\u00e9phone de secours qui n&rsquo;est pas un Pixel \u00e0 port\u00e9e de main. Il peut s&rsquo;agir d&rsquo;un t\u00e9l\u00e9phone fixe ou d&rsquo;un autre t\u00e9l\u00e9phone portable. Surtout, il peut s\u2019agir d\u2019un vieux t\u00e9l\u00e9phone portable, m\u00eame s\u2019il n\u2019est pas activement associ\u00e9 \u00e0 un forfait t\u00e9l\u00e9phonique. Tant que votre t\u00e9l\u00e9phone est capable de se connecter \u00e0 un r\u00e9seau, il est l\u00e9galement tenu de pouvoir appeler le 911, donc si vous avez un ancien t\u00e9l\u00e9phone que vous avez mis \u00e0 niveau et que vous n&rsquo;avez pas \u00e9chang\u00e9, il peut \u00eatre judicieux de le garder charg\u00e9 au cas o\u00f9 vous en auriez besoin en cas d&rsquo;urgence.<\/p>\n","protected":false},"excerpt":{"rendered":"<p>Les probl\u00e8mes persistent depuis 2021. Au cours des derni\u00e8res ann\u00e9es, les t\u00e9l\u00e9phones Pixel de Google ont rencontr\u00e9 des probl\u00e8mes r\u00e9currents pour appeler le 911, et<\/p>\n","protected":false},"author":1,"featured_media":10888,"comment_status":"","ping_status":"","sticky":false,"template":"","format":"standard","meta":{"footnotes":""},"categories":[13],"tags":[1440,29,968,14,1374,4978,81,977,572],"class_list":["post-10887","post","type-post","status-publish","format-standard","has-post-thumbnail","hentry","category-technologie","tag-appeler","tag-des","tag-google","tag-les","tag-ont","tag-pixels","tag-pour","tag-problemes","tag-toujours","generate-columns","tablet-grid-50","mobile-grid-100","grid-parent","grid-33"],"yoast_head":"<!-- This site is optimized with the Yoast SEO plugin v24.0 - https:\/\/yoast.com\/wordpress\/plugins\/seo\/ -->\n<title>Les Google Pixels ont toujours des probl\u00e8mes pour appeler le 911 | Vie Associative<\/title>\n<meta name=\"robots\" content=\"index, follow, max-snippet:-1, max-image-preview:large, max-video-preview:-1\" \/>\n<link rel=\"canonical\" href=\"https:\/\/vieassociative.be\/actualites\/les-google-pixels-ont-toujours-des-problemes-pour-appeler-le-911\/\" \/>\n<meta property=\"og:locale\" content=\"fr_FR\" \/>\n<meta property=\"og:type\" content=\"article\" \/>\n<meta property=\"og:title\" content=\"Les Google Pixels ont toujours des probl\u00e8mes pour appeler le 911 | Vie Associative\" \/>\n<meta property=\"og:description\" content=\"Les probl\u00e8mes persistent depuis 2021. Au cours des derni\u00e8res ann\u00e9es, les t\u00e9l\u00e9phones Pixel de Google ont rencontr\u00e9 des probl\u00e8mes r\u00e9currents pour appeler le 911, et\" \/>\n<meta property=\"og:url\" content=\"https:\/\/vieassociative.be\/actualites\/les-google-pixels-ont-toujours-des-problemes-pour-appeler-le-911\/\" \/>\n<meta property=\"og:site_name\" content=\"Vie Associative\" \/>\n<meta property=\"article:published_time\" content=\"2025-10-25T07:18:41+00:00\" \/>\n<meta property=\"og:image\" content=\"https:\/\/vieassociative.be\/actualites\/wp-content\/uploads\/2025\/09\/1757726237_608_Meta-pourrait-devoiler-une-montre-intelligente-pour-controler-ses-lunettes.jpg\" \/>\n<meta name=\"author\" content=\"Julien\" \/>\n<meta name=\"twitter:card\" content=\"summary_large_image\" \/>\n<meta name=\"twitter:label1\" content=\"\u00c9crit par\" \/>\n\t<meta name=\"twitter:data1\" content=\"Julien\" \/>\n\t<meta name=\"twitter:label2\" content=\"Dur\u00e9e de lecture est.\" \/>\n\t<meta name=\"twitter:data2\" content=\"5 minutes\" \/>\n<script type=\"application\/ld+json\" class=\"yoast-schema-graph\">{\"@context\":\"https:\/\/schema.org\",\"@graph\":[{\"@type\":\"Article\",\"@id\":\"https:\/\/vieassociative.be\/actualites\/les-google-pixels-ont-toujours-des-problemes-pour-appeler-le-911\/#article\",\"isPartOf\":{\"@id\":\"https:\/\/vieassociative.be\/actualites\/les-google-pixels-ont-toujours-des-problemes-pour-appeler-le-911\/\"},\"author\":{\"name\":\"Julien\",\"@id\":\"https:\/\/vieassociative.be\/actualites\/#\/schema\/person\/b87ac4f82f9d4e7b7cec7395b679edc4\"},\"headline\":\"Les Google Pixels ont toujours des probl\u00e8mes pour appeler le 911\",\"datePublished\":\"2025-10-25T07:18:41+00:00\",\"dateModified\":\"2025-10-25T07:18:41+00:00\",\"mainEntityOfPage\":{\"@id\":\"https:\/\/vieassociative.be\/actualites\/les-google-pixels-ont-toujours-des-problemes-pour-appeler-le-911\/\"},\"wordCount\":997,\"publisher\":{\"@id\":\"https:\/\/vieassociative.be\/actualites\/#organization\"},\"image\":{\"@id\":\"https:\/\/vieassociative.be\/actualites\/les-google-pixels-ont-toujours-des-problemes-pour-appeler-le-911\/#primaryimage\"},\"thumbnailUrl\":\"https:\/\/vieassociative.be\/actualites\/wp-content\/uploads\/2025\/10\/Les-Google-Pixels-ont-toujours-des-problemes-pour-appeler-le.png\",\"keywords\":[\"appeler\",\"Des\",\"Google\",\"Les\",\"ont\",\"pixels\",\"pour\",\"probl\u00e8mes\",\"toujours\"],\"articleSection\":[\"Technologie\"],\"inLanguage\":\"fr-BE\"},{\"@type\":\"WebPage\",\"@id\":\"https:\/\/vieassociative.be\/actualites\/les-google-pixels-ont-toujours-des-problemes-pour-appeler-le-911\/\",\"url\":\"https:\/\/vieassociative.be\/actualites\/les-google-pixels-ont-toujours-des-problemes-pour-appeler-le-911\/\",\"name\":\"Les Google Pixels ont toujours des probl\u00e8mes pour appeler le 911 | Vie Associative\",\"isPartOf\":{\"@id\":\"https:\/\/vieassociative.be\/actualites\/#website\"},\"primaryImageOfPage\":{\"@id\":\"https:\/\/vieassociative.be\/actualites\/les-google-pixels-ont-toujours-des-problemes-pour-appeler-le-911\/#primaryimage\"},\"image\":{\"@id\":\"https:\/\/vieassociative.be\/actualites\/les-google-pixels-ont-toujours-des-problemes-pour-appeler-le-911\/#primaryimage\"},\"thumbnailUrl\":\"https:\/\/vieassociative.be\/actualites\/wp-content\/uploads\/2025\/10\/Les-Google-Pixels-ont-toujours-des-problemes-pour-appeler-le.png\",\"datePublished\":\"2025-10-25T07:18:41+00:00\",\"dateModified\":\"2025-10-25T07:18:41+00:00\",\"breadcrumb\":{\"@id\":\"https:\/\/vieassociative.be\/actualites\/les-google-pixels-ont-toujours-des-problemes-pour-appeler-le-911\/#breadcrumb\"},\"inLanguage\":\"fr-BE\",\"potentialAction\":[{\"@type\":\"ReadAction\",\"target\":[\"https:\/\/vieassociative.be\/actualites\/les-google-pixels-ont-toujours-des-problemes-pour-appeler-le-911\/\"]}]},{\"@type\":\"ImageObject\",\"inLanguage\":\"fr-BE\",\"@id\":\"https:\/\/vieassociative.be\/actualites\/les-google-pixels-ont-toujours-des-problemes-pour-appeler-le-911\/#primaryimage\",\"url\":\"https:\/\/vieassociative.be\/actualites\/wp-content\/uploads\/2025\/10\/Les-Google-Pixels-ont-toujours-des-problemes-pour-appeler-le.png\",\"contentUrl\":\"https:\/\/vieassociative.be\/actualites\/wp-content\/uploads\/2025\/10\/Les-Google-Pixels-ont-toujours-des-problemes-pour-appeler-le.png\",\"width\":1200,\"height\":675,\"caption\":\"Les Google Pixels ont toujours des probl\u00e8mes pour appeler le 911\"},{\"@type\":\"BreadcrumbList\",\"@id\":\"https:\/\/vieassociative.be\/actualites\/les-google-pixels-ont-toujours-des-problemes-pour-appeler-le-911\/#breadcrumb\",\"itemListElement\":[{\"@type\":\"ListItem\",\"position\":1,\"name\":\"Accueil\",\"item\":\"https:\/\/vieassociative.be\/actualites\/\"},{\"@type\":\"ListItem\",\"position\":2,\"name\":\"Les Google Pixels ont toujours des probl\u00e8mes pour appeler le 911\"}]},{\"@type\":\"WebSite\",\"@id\":\"https:\/\/vieassociative.be\/actualites\/#website\",\"url\":\"https:\/\/vieassociative.be\/actualites\/\",\"name\":\"Vie Associative\",\"description\":\"\",\"publisher\":{\"@id\":\"https:\/\/vieassociative.be\/actualites\/#organization\"},\"potentialAction\":[{\"@type\":\"SearchAction\",\"target\":{\"@type\":\"EntryPoint\",\"urlTemplate\":\"https:\/\/vieassociative.be\/actualites\/?s={search_term_string}\"},\"query-input\":{\"@type\":\"PropertyValueSpecification\",\"valueRequired\":true,\"valueName\":\"search_term_string\"}}],\"inLanguage\":\"fr-BE\"},{\"@type\":\"Organization\",\"@id\":\"https:\/\/vieassociative.be\/actualites\/#organization\",\"name\":\"Vie Associative\",\"url\":\"https:\/\/vieassociative.be\/actualites\/\",\"logo\":{\"@type\":\"ImageObject\",\"inLanguage\":\"fr-BE\",\"@id\":\"https:\/\/vieassociative.be\/actualites\/#\/schema\/logo\/image\/\",\"url\":\"https:\/\/vieassociative.be\/actualites\/wp-content\/uploads\/2024\/09\/cropped-vieassociative_favicon.ico.png\",\"contentUrl\":\"https:\/\/vieassociative.be\/actualites\/wp-content\/uploads\/2024\/09\/cropped-vieassociative_favicon.ico.png\",\"width\":512,\"height\":512,\"caption\":\"Vie Associative\"},\"image\":{\"@id\":\"https:\/\/vieassociative.be\/actualites\/#\/schema\/logo\/image\/\"}},{\"@type\":\"Person\",\"@id\":\"https:\/\/vieassociative.be\/actualites\/#\/schema\/person\/b87ac4f82f9d4e7b7cec7395b679edc4\",\"name\":\"Julien\",\"image\":{\"@type\":\"ImageObject\",\"inLanguage\":\"fr-BE\",\"@id\":\"https:\/\/vieassociative.be\/actualites\/#\/schema\/person\/image\/\",\"url\":\"https:\/\/vieassociative.be\/actualites\/wp-content\/uploads\/2024\/09\/vie-associative-1-150x150.jpg\",\"contentUrl\":\"https:\/\/vieassociative.be\/actualites\/wp-content\/uploads\/2024\/09\/vie-associative-1-150x150.jpg\",\"caption\":\"Julien\"},\"description\":\"Je suis Julien, r\u00e9dacteur pour Vie Associative. Passionn\u00e9 par le monde associatif depuis plus de 10 ans, j'ai \u00e0 c\u0153ur de partager des histoires inspirantes et de mettre en lumi\u00e8re les initiatives locales. Mon objectif est de sensibiliser et d'encourager l'engagement communautaire \u00e0 travers mes articles.\",\"sameAs\":[\"https:\/\/vieassociative.be\/\"]}]}<\/script>\n<!-- \/ Yoast SEO plugin. -->","yoast_head_json":{"title":"Les Google Pixels ont toujours des probl\u00e8mes pour appeler le 911 | Vie Associative","robots":{"index":"index","follow":"follow","max-snippet":"max-snippet:-1","max-image-preview":"max-image-preview:large","max-video-preview":"max-video-preview:-1"},"canonical":"https:\/\/vieassociative.be\/actualites\/les-google-pixels-ont-toujours-des-problemes-pour-appeler-le-911\/","og_locale":"fr_FR","og_type":"article","og_title":"Les Google Pixels ont toujours des probl\u00e8mes pour appeler le 911 | Vie Associative","og_description":"Les probl\u00e8mes persistent depuis 2021. Au cours des derni\u00e8res ann\u00e9es, les t\u00e9l\u00e9phones Pixel de Google ont rencontr\u00e9 des probl\u00e8mes r\u00e9currents pour appeler le 911, et","og_url":"https:\/\/vieassociative.be\/actualites\/les-google-pixels-ont-toujours-des-problemes-pour-appeler-le-911\/","og_site_name":"Vie Associative","article_published_time":"2025-10-25T07:18:41+00:00","og_image":[{"url":"https:\/\/vieassociative.be\/actualites\/wp-content\/uploads\/2025\/09\/1757726237_608_Meta-pourrait-devoiler-une-montre-intelligente-pour-controler-ses-lunettes.jpg","type":"","width":"","height":""}],"author":"Julien","twitter_card":"summary_large_image","twitter_misc":{"\u00c9crit par":"Julien","Dur\u00e9e de lecture est.":"5 minutes"},"schema":{"@context":"https:\/\/schema.org","@graph":[{"@type":"Article","@id":"https:\/\/vieassociative.be\/actualites\/les-google-pixels-ont-toujours-des-problemes-pour-appeler-le-911\/#article","isPartOf":{"@id":"https:\/\/vieassociative.be\/actualites\/les-google-pixels-ont-toujours-des-problemes-pour-appeler-le-911\/"},"author":{"name":"Julien","@id":"https:\/\/vieassociative.be\/actualites\/#\/schema\/person\/b87ac4f82f9d4e7b7cec7395b679edc4"},"headline":"Les Google Pixels ont toujours des probl\u00e8mes pour appeler le 911","datePublished":"2025-10-25T07:18:41+00:00","dateModified":"2025-10-25T07:18:41+00:00","mainEntityOfPage":{"@id":"https:\/\/vieassociative.be\/actualites\/les-google-pixels-ont-toujours-des-problemes-pour-appeler-le-911\/"},"wordCount":997,"publisher":{"@id":"https:\/\/vieassociative.be\/actualites\/#organization"},"image":{"@id":"https:\/\/vieassociative.be\/actualites\/les-google-pixels-ont-toujours-des-problemes-pour-appeler-le-911\/#primaryimage"},"thumbnailUrl":"https:\/\/vieassociative.be\/actualites\/wp-content\/uploads\/2025\/10\/Les-Google-Pixels-ont-toujours-des-problemes-pour-appeler-le.png","keywords":["appeler","Des","Google","Les","ont","pixels","pour","probl\u00e8mes","toujours"],"articleSection":["Technologie"],"inLanguage":"fr-BE"},{"@type":"WebPage","@id":"https:\/\/vieassociative.be\/actualites\/les-google-pixels-ont-toujours-des-problemes-pour-appeler-le-911\/","url":"https:\/\/vieassociative.be\/actualites\/les-google-pixels-ont-toujours-des-problemes-pour-appeler-le-911\/","name":"Les Google Pixels ont toujours des probl\u00e8mes pour appeler le 911 | Vie Associative","isPartOf":{"@id":"https:\/\/vieassociative.be\/actualites\/#website"},"primaryImageOfPage":{"@id":"https:\/\/vieassociative.be\/actualites\/les-google-pixels-ont-toujours-des-problemes-pour-appeler-le-911\/#primaryimage"},"image":{"@id":"https:\/\/vieassociative.be\/actualites\/les-google-pixels-ont-toujours-des-problemes-pour-appeler-le-911\/#primaryimage"},"thumbnailUrl":"https:\/\/vieassociative.be\/actualites\/wp-content\/uploads\/2025\/10\/Les-Google-Pixels-ont-toujours-des-problemes-pour-appeler-le.png","datePublished":"2025-10-25T07:18:41+00:00","dateModified":"2025-10-25T07:18:41+00:00","breadcrumb":{"@id":"https:\/\/vieassociative.be\/actualites\/les-google-pixels-ont-toujours-des-problemes-pour-appeler-le-911\/#breadcrumb"},"inLanguage":"fr-BE","potentialAction":[{"@type":"ReadAction","target":["https:\/\/vieassociative.be\/actualites\/les-google-pixels-ont-toujours-des-problemes-pour-appeler-le-911\/"]}]},{"@type":"ImageObject","inLanguage":"fr-BE","@id":"https:\/\/vieassociative.be\/actualites\/les-google-pixels-ont-toujours-des-problemes-pour-appeler-le-911\/#primaryimage","url":"https:\/\/vieassociative.be\/actualites\/wp-content\/uploads\/2025\/10\/Les-Google-Pixels-ont-toujours-des-problemes-pour-appeler-le.png","contentUrl":"https:\/\/vieassociative.be\/actualites\/wp-content\/uploads\/2025\/10\/Les-Google-Pixels-ont-toujours-des-problemes-pour-appeler-le.png","width":1200,"height":675,"caption":"Les Google Pixels ont toujours des probl\u00e8mes pour appeler le 911"},{"@type":"BreadcrumbList","@id":"https:\/\/vieassociative.be\/actualites\/les-google-pixels-ont-toujours-des-problemes-pour-appeler-le-911\/#breadcrumb","itemListElement":[{"@type":"ListItem","position":1,"name":"Accueil","item":"https:\/\/vieassociative.be\/actualites\/"},{"@type":"ListItem","position":2,"name":"Les Google Pixels ont toujours des probl\u00e8mes pour appeler le 911"}]},{"@type":"WebSite","@id":"https:\/\/vieassociative.be\/actualites\/#website","url":"https:\/\/vieassociative.be\/actualites\/","name":"Vie Associative","description":"","publisher":{"@id":"https:\/\/vieassociative.be\/actualites\/#organization"},"potentialAction":[{"@type":"SearchAction","target":{"@type":"EntryPoint","urlTemplate":"https:\/\/vieassociative.be\/actualites\/?s={search_term_string}"},"query-input":{"@type":"PropertyValueSpecification","valueRequired":true,"valueName":"search_term_string"}}],"inLanguage":"fr-BE"},{"@type":"Organization","@id":"https:\/\/vieassociative.be\/actualites\/#organization","name":"Vie Associative","url":"https:\/\/vieassociative.be\/actualites\/","logo":{"@type":"ImageObject","inLanguage":"fr-BE","@id":"https:\/\/vieassociative.be\/actualites\/#\/schema\/logo\/image\/","url":"https:\/\/vieassociative.be\/actualites\/wp-content\/uploads\/2024\/09\/cropped-vieassociative_favicon.ico.png","contentUrl":"https:\/\/vieassociative.be\/actualites\/wp-content\/uploads\/2024\/09\/cropped-vieassociative_favicon.ico.png","width":512,"height":512,"caption":"Vie Associative"},"image":{"@id":"https:\/\/vieassociative.be\/actualites\/#\/schema\/logo\/image\/"}},{"@type":"Person","@id":"https:\/\/vieassociative.be\/actualites\/#\/schema\/person\/b87ac4f82f9d4e7b7cec7395b679edc4","name":"Julien","image":{"@type":"ImageObject","inLanguage":"fr-BE","@id":"https:\/\/vieassociative.be\/actualites\/#\/schema\/person\/image\/","url":"https:\/\/vieassociative.be\/actualites\/wp-content\/uploads\/2024\/09\/vie-associative-1-150x150.jpg","contentUrl":"https:\/\/vieassociative.be\/actualites\/wp-content\/uploads\/2024\/09\/vie-associative-1-150x150.jpg","caption":"Julien"},"description":"Je suis Julien, r\u00e9dacteur pour Vie Associative. Passionn\u00e9 par le monde associatif depuis plus de 10 ans, j'ai \u00e0 c\u0153ur de partager des histoires inspirantes et de mettre en lumi\u00e8re les initiatives locales. Mon objectif est de sensibiliser et d'encourager l'engagement communautaire \u00e0 travers mes articles.","sameAs":["https:\/\/vieassociative.be\/"]}]}},"_links":{"self":[{"href":"https:\/\/vieassociative.be\/actualites\/wp-json\/wp\/v2\/posts\/10887"}],"collection":[{"href":"https:\/\/vieassociative.be\/actualites\/wp-json\/wp\/v2\/posts"}],"about":[{"href":"https:\/\/vieassociative.be\/actualites\/wp-json\/wp\/v2\/types\/post"}],"author":[{"embeddable":true,"href":"https:\/\/vieassociative.be\/actualites\/wp-json\/wp\/v2\/users\/1"}],"replies":[{"embeddable":true,"href":"https:\/\/vieassociative.be\/actualites\/wp-json\/wp\/v2\/comments?post=10887"}],"version-history":[{"count":0,"href":"https:\/\/vieassociative.be\/actualites\/wp-json\/wp\/v2\/posts\/10887\/revisions"}],"wp:featuredmedia":[{"embeddable":true,"href":"https:\/\/vieassociative.be\/actualites\/wp-json\/wp\/v2\/media\/10888"}],"wp:attachment":[{"href":"https:\/\/vieassociative.be\/actualites\/wp-json\/wp\/v2\/media?parent=10887"}],"wp:term":[{"taxonomy":"category","embeddable":true,"href":"https:\/\/vieassociative.be\/actualites\/wp-json\/wp\/v2\/categories?post=10887"},{"taxonomy":"post_tag","embeddable":true,"href":"https:\/\/vieassociative.be\/actualites\/wp-json\/wp\/v2\/tags?post=10887"}],"curies":[{"name":"wp","href":"https:\/\/api.w.org\/{rel}","templated":true}]}}