{"id":10884,"date":"2025-10-25T04:17:03","date_gmt":"2025-10-25T02:17:03","guid":{"rendered":"https:\/\/vieassociative.be\/actualites\/il-reste-peu-despoir-pour-les-red-flames-de-rester-dans-la-a-league-de-la-ligue-des-nations\/"},"modified":"2025-10-25T04:17:03","modified_gmt":"2025-10-25T02:17:03","slug":"il-reste-peu-despoir-pour-les-red-flames-de-rester-dans-la-a-league-de-la-ligue-des-nations","status":"publish","type":"post","link":"https:\/\/vieassociative.be\/actualites\/il-reste-peu-despoir-pour-les-red-flames-de-rester-dans-la-a-league-de-la-ligue-des-nations\/","title":{"rendered":"Il reste peu d&rsquo;espoir pour les Red Flames de rester dans la A-League de la Ligue des Nations"},"content":{"rendered":"<p><strong>L&rsquo;\u00e9quipe nationale f\u00e9minine belge a perdu vendredi soir le match aller des \u00e9liminatoires contre l&rsquo;Irlande 2-4 \u00e0 Dublin. Les chances de renverser la situation lors du match retour \u00e0 Louvain la semaine prochaine sont tr\u00e8s minces.<\/strong><\/p>\n<p><span id=\"more-428005\"><\/span>Les Red Flames de l&rsquo;entra\u00eeneur Elisabet Gunnarsdottir avaient pour t\u00e2che de r\u00e9aliser un r\u00e9sultat positif \u00e0 l&rsquo;Aviva Stadium afin d&rsquo;aborder en toute confiance le match retour des \u00e9liminatoires, qui aura lieu mardi prochain \u00e0 20h30. au stade Den Dreef de Louvain.<\/p>\n<p>Le d\u00e9but de match a \u00e9t\u00e9 relativement calme. Apr\u00e8s une d\u00e9cision controvers\u00e9e de l&rsquo;arbitre, le premier but a \u00e9t\u00e9 encaiss\u00e9 peu avant la fin de la premi\u00e8re mi-temps : l&rsquo;Irlande a \u00e9cop\u00e9 d&rsquo;un penalty pour un handball de Toloba, que le capitaine McCabe a transform\u00e9 en toute confiance (1-0, 45e). Faute de moyens techniques, aucun VAR n\u2019\u00e9tait disponible pour corriger une \u00e9ventuelle mauvaise d\u00e9cision.<\/p>\n<p>Apr\u00e8s la pause, Tessa Wullaert a c\u00e9l\u00e9br\u00e9 l&rsquo;\u00e9galisation lors de son 150e match international avec un jeton parfaitement plac\u00e9 (1:1, 52e). Cela a port\u00e9 son nombre de coups s\u00fbrs sous le maillot des Red Flames \u00e0 95.<\/p>\n<p>Le destin favorisa ensuite l&rsquo;Irlande lorsque McCabe toucha le poteau puis le dos du gardien belge Evrard avant que le ballon ne finisse au fond des filets (2-1, 54e). Le joueur d&rsquo;Arsenal a port\u00e9 le score \u00e0 3-1 \u00e0 la 62e minute. Quatre minutes plus tard, la situation empirait encore pour les Belges puisque Sheva portait le score \u00e0 4-1.<\/p>\n<p>Les Flames, choqu\u00e9s, ont r\u00e9ussi \u00e0 r\u00e9duire l&rsquo;\u00e9cart \u00e0 4-2 \u00e0 la 82e gr\u00e2ce \u00e0 un but de Detruyer (82e). Il reste donc au moins une lueur d&rsquo;espoir pour le match retour de mardi. (cr\u00e9er)<\/p>\n","protected":false},"excerpt":{"rendered":"<p>L&rsquo;\u00e9quipe nationale f\u00e9minine belge a perdu vendredi soir le match aller des \u00e9liminatoires contre l&rsquo;Irlande 2-4 \u00e0 Dublin. Les chances de renverser la situation lors<\/p>\n","protected":false},"author":1,"featured_media":10885,"comment_status":"","ping_status":"","sticky":false,"template":"","format":"standard","meta":{"footnotes":""},"categories":[298],"tags":[6003,166,29,4911,7651,14,2817,3187,302,81,3312,1856,2213],"class_list":["post-10884","post","type-post","status-publish","format-standard","has-post-thumbnail","hentry","category-belgique","tag-aleague","tag-dans","tag-des","tag-despoir","tag-flames","tag-les","tag-ligue","tag-nations","tag-peu","tag-pour","tag-red","tag-reste","tag-rester","generate-columns","tablet-grid-50","mobile-grid-100","grid-parent","grid-33"],"yoast_head":"<!-- This site is optimized with the Yoast SEO plugin v24.0 - https:\/\/yoast.com\/wordpress\/plugins\/seo\/ -->\n<title>Il reste peu d&#039;espoir pour les Red Flames de rester dans la A-League de la Ligue des Nations | Vie Associative<\/title>\n<meta name=\"robots\" content=\"index, follow, max-snippet:-1, max-image-preview:large, max-video-preview:-1\" \/>\n<link rel=\"canonical\" href=\"https:\/\/vieassociative.be\/actualites\/il-reste-peu-despoir-pour-les-red-flames-de-rester-dans-la-a-league-de-la-ligue-des-nations\/\" \/>\n<meta property=\"og:locale\" content=\"fr_FR\" \/>\n<meta property=\"og:type\" content=\"article\" \/>\n<meta property=\"og:title\" content=\"Il reste peu d&#039;espoir pour les Red Flames de rester dans la A-League de la Ligue des Nations | Vie Associative\" \/>\n<meta property=\"og:description\" content=\"L&rsquo;\u00e9quipe nationale f\u00e9minine belge a perdu vendredi soir le match aller des \u00e9liminatoires contre l&rsquo;Irlande 2-4 \u00e0 Dublin. Les chances de renverser la situation lors\" \/>\n<meta property=\"og:url\" content=\"https:\/\/vieassociative.be\/actualites\/il-reste-peu-despoir-pour-les-red-flames-de-rester-dans-la-a-league-de-la-ligue-des-nations\/\" \/>\n<meta property=\"og:site_name\" content=\"Vie Associative\" \/>\n<meta property=\"article:published_time\" content=\"2025-10-25T02:17:03+00:00\" \/>\n<meta property=\"og:image\" content=\"https:\/\/vieassociative.be\/actualites\/wp-content\/uploads\/2024\/09\/header_backgroundk-01-e1726694325946.png\" \/>\n\t<meta property=\"og:image:width\" content=\"279\" \/>\n\t<meta property=\"og:image:height\" content=\"92\" \/>\n\t<meta property=\"og:image:type\" content=\"image\/png\" \/>\n<meta name=\"author\" content=\"Julien\" \/>\n<meta name=\"twitter:card\" content=\"summary_large_image\" \/>\n<meta name=\"twitter:label1\" content=\"\u00c9crit par\" \/>\n\t<meta name=\"twitter:data1\" content=\"Julien\" \/>\n\t<meta name=\"twitter:label2\" content=\"Dur\u00e9e de lecture est.\" \/>\n\t<meta name=\"twitter:data2\" content=\"1 minute\" \/>\n<script type=\"application\/ld+json\" class=\"yoast-schema-graph\">{\"@context\":\"https:\/\/schema.org\",\"@graph\":[{\"@type\":\"Article\",\"@id\":\"https:\/\/vieassociative.be\/actualites\/il-reste-peu-despoir-pour-les-red-flames-de-rester-dans-la-a-league-de-la-ligue-des-nations\/#article\",\"isPartOf\":{\"@id\":\"https:\/\/vieassociative.be\/actualites\/il-reste-peu-despoir-pour-les-red-flames-de-rester-dans-la-a-league-de-la-ligue-des-nations\/\"},\"author\":{\"name\":\"Julien\",\"@id\":\"https:\/\/vieassociative.be\/actualites\/#\/schema\/person\/b87ac4f82f9d4e7b7cec7395b679edc4\"},\"headline\":\"Il reste peu d&rsquo;espoir pour les Red Flames de rester dans la A-League de la Ligue des Nations\",\"datePublished\":\"2025-10-25T02:17:03+00:00\",\"dateModified\":\"2025-10-25T02:17:03+00:00\",\"mainEntityOfPage\":{\"@id\":\"https:\/\/vieassociative.be\/actualites\/il-reste-peu-despoir-pour-les-red-flames-de-rester-dans-la-a-league-de-la-ligue-des-nations\/\"},\"wordCount\":312,\"publisher\":{\"@id\":\"https:\/\/vieassociative.be\/actualites\/#organization\"},\"image\":{\"@id\":\"https:\/\/vieassociative.be\/actualites\/il-reste-peu-despoir-pour-les-red-flames-de-rester-dans-la-a-league-de-la-ligue-des-nations\/#primaryimage\"},\"thumbnailUrl\":\"https:\/\/vieassociative.be\/actualites\/wp-content\/uploads\/2025\/10\/Il-reste-peu-despoir-pour-les-Red-Flames-de-rester.jpeg\",\"keywords\":[\"ALeague\",\"dans\",\"Des\",\"despoir\",\"Flames\",\"Les\",\"Ligue\",\"Nations\",\"peu\",\"pour\",\"Red\",\"reste\",\"rester\"],\"articleSection\":[\"Belgique\"],\"inLanguage\":\"fr-BE\"},{\"@type\":\"WebPage\",\"@id\":\"https:\/\/vieassociative.be\/actualites\/il-reste-peu-despoir-pour-les-red-flames-de-rester-dans-la-a-league-de-la-ligue-des-nations\/\",\"url\":\"https:\/\/vieassociative.be\/actualites\/il-reste-peu-despoir-pour-les-red-flames-de-rester-dans-la-a-league-de-la-ligue-des-nations\/\",\"name\":\"Il reste peu d'espoir pour les Red Flames de rester dans la A-League de la Ligue des Nations | Vie Associative\",\"isPartOf\":{\"@id\":\"https:\/\/vieassociative.be\/actualites\/#website\"},\"primaryImageOfPage\":{\"@id\":\"https:\/\/vieassociative.be\/actualites\/il-reste-peu-despoir-pour-les-red-flames-de-rester-dans-la-a-league-de-la-ligue-des-nations\/#primaryimage\"},\"image\":{\"@id\":\"https:\/\/vieassociative.be\/actualites\/il-reste-peu-despoir-pour-les-red-flames-de-rester-dans-la-a-league-de-la-ligue-des-nations\/#primaryimage\"},\"thumbnailUrl\":\"https:\/\/vieassociative.be\/actualites\/wp-content\/uploads\/2025\/10\/Il-reste-peu-despoir-pour-les-Red-Flames-de-rester.jpeg\",\"datePublished\":\"2025-10-25T02:17:03+00:00\",\"dateModified\":\"2025-10-25T02:17:03+00:00\",\"breadcrumb\":{\"@id\":\"https:\/\/vieassociative.be\/actualites\/il-reste-peu-despoir-pour-les-red-flames-de-rester-dans-la-a-league-de-la-ligue-des-nations\/#breadcrumb\"},\"inLanguage\":\"fr-BE\",\"potentialAction\":[{\"@type\":\"ReadAction\",\"target\":[\"https:\/\/vieassociative.be\/actualites\/il-reste-peu-despoir-pour-les-red-flames-de-rester-dans-la-a-league-de-la-ligue-des-nations\/\"]}]},{\"@type\":\"ImageObject\",\"inLanguage\":\"fr-BE\",\"@id\":\"https:\/\/vieassociative.be\/actualites\/il-reste-peu-despoir-pour-les-red-flames-de-rester-dans-la-a-league-de-la-ligue-des-nations\/#primaryimage\",\"url\":\"https:\/\/vieassociative.be\/actualites\/wp-content\/uploads\/2025\/10\/Il-reste-peu-despoir-pour-les-Red-Flames-de-rester.jpeg\",\"contentUrl\":\"https:\/\/vieassociative.be\/actualites\/wp-content\/uploads\/2025\/10\/Il-reste-peu-despoir-pour-les-Red-Flames-de-rester.jpeg\",\"width\":900,\"height\":600,\"caption\":\"Il reste peu d'espoir pour les Red Flames de rester dans la A-League de la Ligue des Nations\"},{\"@type\":\"BreadcrumbList\",\"@id\":\"https:\/\/vieassociative.be\/actualites\/il-reste-peu-despoir-pour-les-red-flames-de-rester-dans-la-a-league-de-la-ligue-des-nations\/#breadcrumb\",\"itemListElement\":[{\"@type\":\"ListItem\",\"position\":1,\"name\":\"Accueil\",\"item\":\"https:\/\/vieassociative.be\/actualites\/\"},{\"@type\":\"ListItem\",\"position\":2,\"name\":\"Il reste peu d&rsquo;espoir pour les Red Flames de rester dans la A-League de la Ligue des Nations\"}]},{\"@type\":\"WebSite\",\"@id\":\"https:\/\/vieassociative.be\/actualites\/#website\",\"url\":\"https:\/\/vieassociative.be\/actualites\/\",\"name\":\"Vie Associative\",\"description\":\"\",\"publisher\":{\"@id\":\"https:\/\/vieassociative.be\/actualites\/#organization\"},\"potentialAction\":[{\"@type\":\"SearchAction\",\"target\":{\"@type\":\"EntryPoint\",\"urlTemplate\":\"https:\/\/vieassociative.be\/actualites\/?s={search_term_string}\"},\"query-input\":{\"@type\":\"PropertyValueSpecification\",\"valueRequired\":true,\"valueName\":\"search_term_string\"}}],\"inLanguage\":\"fr-BE\"},{\"@type\":\"Organization\",\"@id\":\"https:\/\/vieassociative.be\/actualites\/#organization\",\"name\":\"Vie Associative\",\"url\":\"https:\/\/vieassociative.be\/actualites\/\",\"logo\":{\"@type\":\"ImageObject\",\"inLanguage\":\"fr-BE\",\"@id\":\"https:\/\/vieassociative.be\/actualites\/#\/schema\/logo\/image\/\",\"url\":\"https:\/\/vieassociative.be\/actualites\/wp-content\/uploads\/2024\/09\/cropped-vieassociative_favicon.ico.png\",\"contentUrl\":\"https:\/\/vieassociative.be\/actualites\/wp-content\/uploads\/2024\/09\/cropped-vieassociative_favicon.ico.png\",\"width\":512,\"height\":512,\"caption\":\"Vie Associative\"},\"image\":{\"@id\":\"https:\/\/vieassociative.be\/actualites\/#\/schema\/logo\/image\/\"}},{\"@type\":\"Person\",\"@id\":\"https:\/\/vieassociative.be\/actualites\/#\/schema\/person\/b87ac4f82f9d4e7b7cec7395b679edc4\",\"name\":\"Julien\",\"image\":{\"@type\":\"ImageObject\",\"inLanguage\":\"fr-BE\",\"@id\":\"https:\/\/vieassociative.be\/actualites\/#\/schema\/person\/image\/\",\"url\":\"https:\/\/vieassociative.be\/actualites\/wp-content\/uploads\/2024\/09\/vie-associative-1-150x150.jpg\",\"contentUrl\":\"https:\/\/vieassociative.be\/actualites\/wp-content\/uploads\/2024\/09\/vie-associative-1-150x150.jpg\",\"caption\":\"Julien\"},\"description\":\"Je suis Julien, r\u00e9dacteur pour Vie Associative. Passionn\u00e9 par le monde associatif depuis plus de 10 ans, j'ai \u00e0 c\u0153ur de partager des histoires inspirantes et de mettre en lumi\u00e8re les initiatives locales. Mon objectif est de sensibiliser et d'encourager l'engagement communautaire \u00e0 travers mes articles.\",\"sameAs\":[\"https:\/\/vieassociative.be\/\"]}]}<\/script>\n<!-- \/ Yoast SEO plugin. -->","yoast_head_json":{"title":"Il reste peu d'espoir pour les Red Flames de rester dans la A-League de la Ligue des Nations | Vie Associative","robots":{"index":"index","follow":"follow","max-snippet":"max-snippet:-1","max-image-preview":"max-image-preview:large","max-video-preview":"max-video-preview:-1"},"canonical":"https:\/\/vieassociative.be\/actualites\/il-reste-peu-despoir-pour-les-red-flames-de-rester-dans-la-a-league-de-la-ligue-des-nations\/","og_locale":"fr_FR","og_type":"article","og_title":"Il reste peu d'espoir pour les Red Flames de rester dans la A-League de la Ligue des Nations | Vie Associative","og_description":"L&rsquo;\u00e9quipe nationale f\u00e9minine belge a perdu vendredi soir le match aller des \u00e9liminatoires contre l&rsquo;Irlande 2-4 \u00e0 Dublin. Les chances de renverser la situation lors","og_url":"https:\/\/vieassociative.be\/actualites\/il-reste-peu-despoir-pour-les-red-flames-de-rester-dans-la-a-league-de-la-ligue-des-nations\/","og_site_name":"Vie Associative","article_published_time":"2025-10-25T02:17:03+00:00","og_image":[{"width":279,"height":92,"url":"https:\/\/vieassociative.be\/actualites\/wp-content\/uploads\/2024\/09\/header_backgroundk-01-e1726694325946.png","type":"image\/png"}],"author":"Julien","twitter_card":"summary_large_image","twitter_misc":{"\u00c9crit par":"Julien","Dur\u00e9e de lecture est.":"1 minute"},"schema":{"@context":"https:\/\/schema.org","@graph":[{"@type":"Article","@id":"https:\/\/vieassociative.be\/actualites\/il-reste-peu-despoir-pour-les-red-flames-de-rester-dans-la-a-league-de-la-ligue-des-nations\/#article","isPartOf":{"@id":"https:\/\/vieassociative.be\/actualites\/il-reste-peu-despoir-pour-les-red-flames-de-rester-dans-la-a-league-de-la-ligue-des-nations\/"},"author":{"name":"Julien","@id":"https:\/\/vieassociative.be\/actualites\/#\/schema\/person\/b87ac4f82f9d4e7b7cec7395b679edc4"},"headline":"Il reste peu d&rsquo;espoir pour les Red Flames de rester dans la A-League de la Ligue des Nations","datePublished":"2025-10-25T02:17:03+00:00","dateModified":"2025-10-25T02:17:03+00:00","mainEntityOfPage":{"@id":"https:\/\/vieassociative.be\/actualites\/il-reste-peu-despoir-pour-les-red-flames-de-rester-dans-la-a-league-de-la-ligue-des-nations\/"},"wordCount":312,"publisher":{"@id":"https:\/\/vieassociative.be\/actualites\/#organization"},"image":{"@id":"https:\/\/vieassociative.be\/actualites\/il-reste-peu-despoir-pour-les-red-flames-de-rester-dans-la-a-league-de-la-ligue-des-nations\/#primaryimage"},"thumbnailUrl":"https:\/\/vieassociative.be\/actualites\/wp-content\/uploads\/2025\/10\/Il-reste-peu-despoir-pour-les-Red-Flames-de-rester.jpeg","keywords":["ALeague","dans","Des","despoir","Flames","Les","Ligue","Nations","peu","pour","Red","reste","rester"],"articleSection":["Belgique"],"inLanguage":"fr-BE"},{"@type":"WebPage","@id":"https:\/\/vieassociative.be\/actualites\/il-reste-peu-despoir-pour-les-red-flames-de-rester-dans-la-a-league-de-la-ligue-des-nations\/","url":"https:\/\/vieassociative.be\/actualites\/il-reste-peu-despoir-pour-les-red-flames-de-rester-dans-la-a-league-de-la-ligue-des-nations\/","name":"Il reste peu d'espoir pour les Red Flames de rester dans la A-League de la Ligue des Nations | Vie Associative","isPartOf":{"@id":"https:\/\/vieassociative.be\/actualites\/#website"},"primaryImageOfPage":{"@id":"https:\/\/vieassociative.be\/actualites\/il-reste-peu-despoir-pour-les-red-flames-de-rester-dans-la-a-league-de-la-ligue-des-nations\/#primaryimage"},"image":{"@id":"https:\/\/vieassociative.be\/actualites\/il-reste-peu-despoir-pour-les-red-flames-de-rester-dans-la-a-league-de-la-ligue-des-nations\/#primaryimage"},"thumbnailUrl":"https:\/\/vieassociative.be\/actualites\/wp-content\/uploads\/2025\/10\/Il-reste-peu-despoir-pour-les-Red-Flames-de-rester.jpeg","datePublished":"2025-10-25T02:17:03+00:00","dateModified":"2025-10-25T02:17:03+00:00","breadcrumb":{"@id":"https:\/\/vieassociative.be\/actualites\/il-reste-peu-despoir-pour-les-red-flames-de-rester-dans-la-a-league-de-la-ligue-des-nations\/#breadcrumb"},"inLanguage":"fr-BE","potentialAction":[{"@type":"ReadAction","target":["https:\/\/vieassociative.be\/actualites\/il-reste-peu-despoir-pour-les-red-flames-de-rester-dans-la-a-league-de-la-ligue-des-nations\/"]}]},{"@type":"ImageObject","inLanguage":"fr-BE","@id":"https:\/\/vieassociative.be\/actualites\/il-reste-peu-despoir-pour-les-red-flames-de-rester-dans-la-a-league-de-la-ligue-des-nations\/#primaryimage","url":"https:\/\/vieassociative.be\/actualites\/wp-content\/uploads\/2025\/10\/Il-reste-peu-despoir-pour-les-Red-Flames-de-rester.jpeg","contentUrl":"https:\/\/vieassociative.be\/actualites\/wp-content\/uploads\/2025\/10\/Il-reste-peu-despoir-pour-les-Red-Flames-de-rester.jpeg","width":900,"height":600,"caption":"Il reste peu d'espoir pour les Red Flames de rester dans la A-League de la Ligue des Nations"},{"@type":"BreadcrumbList","@id":"https:\/\/vieassociative.be\/actualites\/il-reste-peu-despoir-pour-les-red-flames-de-rester-dans-la-a-league-de-la-ligue-des-nations\/#breadcrumb","itemListElement":[{"@type":"ListItem","position":1,"name":"Accueil","item":"https:\/\/vieassociative.be\/actualites\/"},{"@type":"ListItem","position":2,"name":"Il reste peu d&rsquo;espoir pour les Red Flames de rester dans la A-League de la Ligue des Nations"}]},{"@type":"WebSite","@id":"https:\/\/vieassociative.be\/actualites\/#website","url":"https:\/\/vieassociative.be\/actualites\/","name":"Vie Associative","description":"","publisher":{"@id":"https:\/\/vieassociative.be\/actualites\/#organization"},"potentialAction":[{"@type":"SearchAction","target":{"@type":"EntryPoint","urlTemplate":"https:\/\/vieassociative.be\/actualites\/?s={search_term_string}"},"query-input":{"@type":"PropertyValueSpecification","valueRequired":true,"valueName":"search_term_string"}}],"inLanguage":"fr-BE"},{"@type":"Organization","@id":"https:\/\/vieassociative.be\/actualites\/#organization","name":"Vie Associative","url":"https:\/\/vieassociative.be\/actualites\/","logo":{"@type":"ImageObject","inLanguage":"fr-BE","@id":"https:\/\/vieassociative.be\/actualites\/#\/schema\/logo\/image\/","url":"https:\/\/vieassociative.be\/actualites\/wp-content\/uploads\/2024\/09\/cropped-vieassociative_favicon.ico.png","contentUrl":"https:\/\/vieassociative.be\/actualites\/wp-content\/uploads\/2024\/09\/cropped-vieassociative_favicon.ico.png","width":512,"height":512,"caption":"Vie Associative"},"image":{"@id":"https:\/\/vieassociative.be\/actualites\/#\/schema\/logo\/image\/"}},{"@type":"Person","@id":"https:\/\/vieassociative.be\/actualites\/#\/schema\/person\/b87ac4f82f9d4e7b7cec7395b679edc4","name":"Julien","image":{"@type":"ImageObject","inLanguage":"fr-BE","@id":"https:\/\/vieassociative.be\/actualites\/#\/schema\/person\/image\/","url":"https:\/\/vieassociative.be\/actualites\/wp-content\/uploads\/2024\/09\/vie-associative-1-150x150.jpg","contentUrl":"https:\/\/vieassociative.be\/actualites\/wp-content\/uploads\/2024\/09\/vie-associative-1-150x150.jpg","caption":"Julien"},"description":"Je suis Julien, r\u00e9dacteur pour Vie Associative. Passionn\u00e9 par le monde associatif depuis plus de 10 ans, j'ai \u00e0 c\u0153ur de partager des histoires inspirantes et de mettre en lumi\u00e8re les initiatives locales. Mon objectif est de sensibiliser et d'encourager l'engagement communautaire \u00e0 travers mes articles.","sameAs":["https:\/\/vieassociative.be\/"]}]}},"_links":{"self":[{"href":"https:\/\/vieassociative.be\/actualites\/wp-json\/wp\/v2\/posts\/10884"}],"collection":[{"href":"https:\/\/vieassociative.be\/actualites\/wp-json\/wp\/v2\/posts"}],"about":[{"href":"https:\/\/vieassociative.be\/actualites\/wp-json\/wp\/v2\/types\/post"}],"author":[{"embeddable":true,"href":"https:\/\/vieassociative.be\/actualites\/wp-json\/wp\/v2\/users\/1"}],"replies":[{"embeddable":true,"href":"https:\/\/vieassociative.be\/actualites\/wp-json\/wp\/v2\/comments?post=10884"}],"version-history":[{"count":0,"href":"https:\/\/vieassociative.be\/actualites\/wp-json\/wp\/v2\/posts\/10884\/revisions"}],"wp:featuredmedia":[{"embeddable":true,"href":"https:\/\/vieassociative.be\/actualites\/wp-json\/wp\/v2\/media\/10885"}],"wp:attachment":[{"href":"https:\/\/vieassociative.be\/actualites\/wp-json\/wp\/v2\/media?parent=10884"}],"wp:term":[{"taxonomy":"category","embeddable":true,"href":"https:\/\/vieassociative.be\/actualites\/wp-json\/wp\/v2\/categories?post=10884"},{"taxonomy":"post_tag","embeddable":true,"href":"https:\/\/vieassociative.be\/actualites\/wp-json\/wp\/v2\/tags?post=10884"}],"curies":[{"name":"wp","href":"https:\/\/api.w.org\/{rel}","templated":true}]}}