{"id":10880,"date":"2025-10-24T22:20:14","date_gmt":"2025-10-24T20:20:14","guid":{"rendered":"https:\/\/vieassociative.be\/actualites\/schalke-04-se-hisse-au-sommet-apres-une-victoire-1-0-contre-darmstadt-au-revoir-muslic-kohfeldt\/"},"modified":"2025-10-24T22:20:14","modified_gmt":"2025-10-24T20:20:14","slug":"schalke-04-se-hisse-au-sommet-apres-une-victoire-1-0-contre-darmstadt-au-revoir-muslic-kohfeldt","status":"publish","type":"post","link":"https:\/\/vieassociative.be\/actualites\/schalke-04-se-hisse-au-sommet-apres-une-victoire-1-0-contre-darmstadt-au-revoir-muslic-kohfeldt\/","title":{"rendered":"Schalke 04 se hisse au sommet apr\u00e8s une victoire 1-0 contre Darmstadt \u2013 au revoir Muslic-Kohfeldt"},"content":{"rendered":"<p><strong>Lors de la saison 2023-2024, Miron Muslic et Florian Kohfeldt \u00e9taient entra\u00eeneurs principaux de la Jupiler Pro League belge, l&rsquo;un au Cercle Brugge et l&rsquo;autre \u00e0 l&rsquo;AS Eupen. Vendredi soir, les deux hommes ont c\u00e9l\u00e9br\u00e9 leurs retrouvailles en tant qu&rsquo;entra\u00eeneurs de Schalke 04 et Darmstadt 98. Et mercredi, ils se retrouveront.<\/strong><\/p>\n<p><span id=\"more-427989\"><\/span>Comme pour le Cercle Bruges, Muslic a cette fois aussi gagn\u00e9 contre Kohfeldt. Avec sa cinqui\u00e8me victoire cons\u00e9cutive, le FC Schalke 04 s&rsquo;est hiss\u00e9 en t\u00eate du classement de la 2e Bundesliga, au moins pour une journ\u00e9e.<\/p>\n<p>Les Royal Blues ont battu leurs poursuivants du SV Darmstadt 98 1-0 (1-0) lors du match de haut niveau vendredi soir et ont pris la premi\u00e8re place du classement avec 24 points d&rsquo;avance sur le SV Elversberg (22), qui ne joue que contre l&rsquo;Arminia Bielefeld samedi.<\/p>\n<div id=\"attachment_427994\" class=\"wp-caption alignleft\" style=\"max-width: 300px\"><img fetchpriority=\"high\" decoding=\"async\" class=\"wp-image-427994 size-medium\" src=\"https:\/\/vieassociative.be\/actualites\/wp-content\/uploads\/2025\/10\/Schalke-04-se-hisse-au-sommet-apres-une-victoire-1-0.jpg\" alt=\"\" width=\"300\" height=\"180\"><\/div>\n<p>Les Hessois, auparavant invaincus \u00e0 cinq reprises, retombent dans un premier temps \u00e0 la cinqui\u00e8me place. Les deux \u00e9quipes se retrouveront mercredi (20h45) lors du match du deuxi\u00e8me tour de la Coupe DFB \u00e0 Darmstadt.<\/p>\n<p>Devant 61 198 spectateurs dans la Schalke Arena, qui ont soutenu bruyamment leur \u00e9quipe, les h\u00f4tes ont pris un d\u00e9part parfait et ont pris l&rsquo;avantage 1-0 (9e minute) apr\u00e8s une belle passe de Soufiane El-Faouzi par l&rsquo;interm\u00e9diaire de l&rsquo;avant-centre Moussa Sylla. 20 minutes plus tard, le gardien visiteur Marcel Schuhen a emp\u00each\u00e9 l&rsquo;attaquant de Schalke de marquer un autre but gr\u00e2ce \u00e0 un arr\u00eat rapide.<\/p>\n<p>Les invit\u00e9s ont manqu\u00e9 d&rsquo;actions offensives dangereuses apr\u00e8s la perte de leur meilleur buteur Isac Lidberg. Killian Corredor n&rsquo;a marqu\u00e9 qu&rsquo;en position de hors-jeu lors de la phase finale. (dpa\/cr\u00e9)<\/p>\n","protected":false},"excerpt":{"rendered":"<p>Lors de la saison 2023-2024, Miron Muslic et Florian Kohfeldt \u00e9taient entra\u00eeneurs principaux de la Jupiler Pro League belge, l&rsquo;un au Cercle Brugge et l&rsquo;autre<\/p>\n","protected":false},"author":1,"featured_media":10881,"comment_status":"","ping_status":"","sticky":false,"template":"","format":"standard","meta":{"footnotes":""},"categories":[298],"tags":[472,796,9028,9027,9029,3167,534,4040,110,784],"class_list":["post-10880","post","type-post","status-publish","format-standard","has-post-thumbnail","hentry","category-belgique","tag-apres","tag-contre","tag-darmstadt","tag-hisse","tag-muslickohfeldt","tag-revoir","tag-schalke","tag-sommet","tag-une","tag-victoire","generate-columns","tablet-grid-50","mobile-grid-100","grid-parent","grid-33"],"yoast_head":"<!-- This site is optimized with the Yoast SEO plugin v24.0 - https:\/\/yoast.com\/wordpress\/plugins\/seo\/ -->\n<title>Schalke 04 se hisse au sommet apr\u00e8s une victoire 1-0 contre Darmstadt \u2013 au revoir Muslic-Kohfeldt | Vie Associative<\/title>\n<meta name=\"robots\" content=\"index, follow, max-snippet:-1, max-image-preview:large, max-video-preview:-1\" \/>\n<link rel=\"canonical\" href=\"https:\/\/vieassociative.be\/actualites\/schalke-04-se-hisse-au-sommet-apres-une-victoire-1-0-contre-darmstadt-au-revoir-muslic-kohfeldt\/\" \/>\n<meta property=\"og:locale\" content=\"fr_FR\" \/>\n<meta property=\"og:type\" content=\"article\" \/>\n<meta property=\"og:title\" content=\"Schalke 04 se hisse au sommet apr\u00e8s une victoire 1-0 contre Darmstadt \u2013 au revoir Muslic-Kohfeldt | Vie Associative\" \/>\n<meta property=\"og:description\" content=\"Lors de la saison 2023-2024, Miron Muslic et Florian Kohfeldt \u00e9taient entra\u00eeneurs principaux de la Jupiler Pro League belge, l&rsquo;un au Cercle Brugge et l&rsquo;autre\" \/>\n<meta property=\"og:url\" content=\"https:\/\/vieassociative.be\/actualites\/schalke-04-se-hisse-au-sommet-apres-une-victoire-1-0-contre-darmstadt-au-revoir-muslic-kohfeldt\/\" \/>\n<meta property=\"og:site_name\" content=\"Vie Associative\" \/>\n<meta property=\"article:published_time\" content=\"2025-10-24T20:20:14+00:00\" \/>\n<meta property=\"og:image\" content=\"https:\/\/vieassociative.be\/actualites\/wp-content\/uploads\/2024\/09\/header_backgroundk-01-e1726694325946.png\" \/>\n\t<meta property=\"og:image:width\" content=\"279\" \/>\n\t<meta property=\"og:image:height\" content=\"92\" \/>\n\t<meta property=\"og:image:type\" content=\"image\/png\" \/>\n<meta name=\"author\" content=\"Julien\" \/>\n<meta name=\"twitter:card\" content=\"summary_large_image\" \/>\n<meta name=\"twitter:label1\" content=\"\u00c9crit par\" \/>\n\t<meta name=\"twitter:data1\" content=\"Julien\" \/>\n\t<meta name=\"twitter:label2\" content=\"Dur\u00e9e de lecture est.\" \/>\n\t<meta name=\"twitter:data2\" content=\"1 minute\" \/>\n<script type=\"application\/ld+json\" class=\"yoast-schema-graph\">{\"@context\":\"https:\/\/schema.org\",\"@graph\":[{\"@type\":\"Article\",\"@id\":\"https:\/\/vieassociative.be\/actualites\/schalke-04-se-hisse-au-sommet-apres-une-victoire-1-0-contre-darmstadt-au-revoir-muslic-kohfeldt\/#article\",\"isPartOf\":{\"@id\":\"https:\/\/vieassociative.be\/actualites\/schalke-04-se-hisse-au-sommet-apres-une-victoire-1-0-contre-darmstadt-au-revoir-muslic-kohfeldt\/\"},\"author\":{\"name\":\"Julien\",\"@id\":\"https:\/\/vieassociative.be\/actualites\/#\/schema\/person\/b87ac4f82f9d4e7b7cec7395b679edc4\"},\"headline\":\"Schalke 04 se hisse au sommet apr\u00e8s une victoire 1-0 contre Darmstadt \u2013 au revoir Muslic-Kohfeldt\",\"datePublished\":\"2025-10-24T20:20:14+00:00\",\"dateModified\":\"2025-10-24T20:20:14+00:00\",\"mainEntityOfPage\":{\"@id\":\"https:\/\/vieassociative.be\/actualites\/schalke-04-se-hisse-au-sommet-apres-une-victoire-1-0-contre-darmstadt-au-revoir-muslic-kohfeldt\/\"},\"wordCount\":300,\"publisher\":{\"@id\":\"https:\/\/vieassociative.be\/actualites\/#organization\"},\"image\":{\"@id\":\"https:\/\/vieassociative.be\/actualites\/schalke-04-se-hisse-au-sommet-apres-une-victoire-1-0-contre-darmstadt-au-revoir-muslic-kohfeldt\/#primaryimage\"},\"thumbnailUrl\":\"https:\/\/vieassociative.be\/actualites\/wp-content\/uploads\/2025\/10\/1761337214_Schalke-04-se-hisse-au-sommet-apres-une-victoire-1-0.jpg\",\"keywords\":[\"Apr\u00e8s\",\"contre\",\"Darmstadt\",\"hisse\",\"MuslicKohfeldt\",\"revoir\",\"Schalke\",\"Sommet\",\"une\",\"victoire\"],\"articleSection\":[\"Belgique\"],\"inLanguage\":\"fr-BE\"},{\"@type\":\"WebPage\",\"@id\":\"https:\/\/vieassociative.be\/actualites\/schalke-04-se-hisse-au-sommet-apres-une-victoire-1-0-contre-darmstadt-au-revoir-muslic-kohfeldt\/\",\"url\":\"https:\/\/vieassociative.be\/actualites\/schalke-04-se-hisse-au-sommet-apres-une-victoire-1-0-contre-darmstadt-au-revoir-muslic-kohfeldt\/\",\"name\":\"Schalke 04 se hisse au sommet apr\u00e8s une victoire 1-0 contre Darmstadt \u2013 au revoir Muslic-Kohfeldt | Vie Associative\",\"isPartOf\":{\"@id\":\"https:\/\/vieassociative.be\/actualites\/#website\"},\"primaryImageOfPage\":{\"@id\":\"https:\/\/vieassociative.be\/actualites\/schalke-04-se-hisse-au-sommet-apres-une-victoire-1-0-contre-darmstadt-au-revoir-muslic-kohfeldt\/#primaryimage\"},\"image\":{\"@id\":\"https:\/\/vieassociative.be\/actualites\/schalke-04-se-hisse-au-sommet-apres-une-victoire-1-0-contre-darmstadt-au-revoir-muslic-kohfeldt\/#primaryimage\"},\"thumbnailUrl\":\"https:\/\/vieassociative.be\/actualites\/wp-content\/uploads\/2025\/10\/1761337214_Schalke-04-se-hisse-au-sommet-apres-une-victoire-1-0.jpg\",\"datePublished\":\"2025-10-24T20:20:14+00:00\",\"dateModified\":\"2025-10-24T20:20:14+00:00\",\"breadcrumb\":{\"@id\":\"https:\/\/vieassociative.be\/actualites\/schalke-04-se-hisse-au-sommet-apres-une-victoire-1-0-contre-darmstadt-au-revoir-muslic-kohfeldt\/#breadcrumb\"},\"inLanguage\":\"fr-BE\",\"potentialAction\":[{\"@type\":\"ReadAction\",\"target\":[\"https:\/\/vieassociative.be\/actualites\/schalke-04-se-hisse-au-sommet-apres-une-victoire-1-0-contre-darmstadt-au-revoir-muslic-kohfeldt\/\"]}]},{\"@type\":\"ImageObject\",\"inLanguage\":\"fr-BE\",\"@id\":\"https:\/\/vieassociative.be\/actualites\/schalke-04-se-hisse-au-sommet-apres-une-victoire-1-0-contre-darmstadt-au-revoir-muslic-kohfeldt\/#primaryimage\",\"url\":\"https:\/\/vieassociative.be\/actualites\/wp-content\/uploads\/2025\/10\/1761337214_Schalke-04-se-hisse-au-sommet-apres-une-victoire-1-0.jpg\",\"contentUrl\":\"https:\/\/vieassociative.be\/actualites\/wp-content\/uploads\/2025\/10\/1761337214_Schalke-04-se-hisse-au-sommet-apres-une-victoire-1-0.jpg\",\"width\":1200,\"height\":803,\"caption\":\"Schalke 04 se hisse au sommet apr\u00e8s une victoire 1-0 contre Darmstadt \u2013 au revoir Muslic-Kohfeldt\"},{\"@type\":\"BreadcrumbList\",\"@id\":\"https:\/\/vieassociative.be\/actualites\/schalke-04-se-hisse-au-sommet-apres-une-victoire-1-0-contre-darmstadt-au-revoir-muslic-kohfeldt\/#breadcrumb\",\"itemListElement\":[{\"@type\":\"ListItem\",\"position\":1,\"name\":\"Accueil\",\"item\":\"https:\/\/vieassociative.be\/actualites\/\"},{\"@type\":\"ListItem\",\"position\":2,\"name\":\"Schalke 04 se hisse au sommet apr\u00e8s une victoire 1-0 contre Darmstadt \u2013 au revoir Muslic-Kohfeldt\"}]},{\"@type\":\"WebSite\",\"@id\":\"https:\/\/vieassociative.be\/actualites\/#website\",\"url\":\"https:\/\/vieassociative.be\/actualites\/\",\"name\":\"Vie Associative\",\"description\":\"\",\"publisher\":{\"@id\":\"https:\/\/vieassociative.be\/actualites\/#organization\"},\"potentialAction\":[{\"@type\":\"SearchAction\",\"target\":{\"@type\":\"EntryPoint\",\"urlTemplate\":\"https:\/\/vieassociative.be\/actualites\/?s={search_term_string}\"},\"query-input\":{\"@type\":\"PropertyValueSpecification\",\"valueRequired\":true,\"valueName\":\"search_term_string\"}}],\"inLanguage\":\"fr-BE\"},{\"@type\":\"Organization\",\"@id\":\"https:\/\/vieassociative.be\/actualites\/#organization\",\"name\":\"Vie Associative\",\"url\":\"https:\/\/vieassociative.be\/actualites\/\",\"logo\":{\"@type\":\"ImageObject\",\"inLanguage\":\"fr-BE\",\"@id\":\"https:\/\/vieassociative.be\/actualites\/#\/schema\/logo\/image\/\",\"url\":\"https:\/\/vieassociative.be\/actualites\/wp-content\/uploads\/2024\/09\/cropped-vieassociative_favicon.ico.png\",\"contentUrl\":\"https:\/\/vieassociative.be\/actualites\/wp-content\/uploads\/2024\/09\/cropped-vieassociative_favicon.ico.png\",\"width\":512,\"height\":512,\"caption\":\"Vie Associative\"},\"image\":{\"@id\":\"https:\/\/vieassociative.be\/actualites\/#\/schema\/logo\/image\/\"}},{\"@type\":\"Person\",\"@id\":\"https:\/\/vieassociative.be\/actualites\/#\/schema\/person\/b87ac4f82f9d4e7b7cec7395b679edc4\",\"name\":\"Julien\",\"image\":{\"@type\":\"ImageObject\",\"inLanguage\":\"fr-BE\",\"@id\":\"https:\/\/vieassociative.be\/actualites\/#\/schema\/person\/image\/\",\"url\":\"https:\/\/vieassociative.be\/actualites\/wp-content\/uploads\/2024\/09\/vie-associative-1-150x150.jpg\",\"contentUrl\":\"https:\/\/vieassociative.be\/actualites\/wp-content\/uploads\/2024\/09\/vie-associative-1-150x150.jpg\",\"caption\":\"Julien\"},\"description\":\"Je suis Julien, r\u00e9dacteur pour Vie Associative. Passionn\u00e9 par le monde associatif depuis plus de 10 ans, j'ai \u00e0 c\u0153ur de partager des histoires inspirantes et de mettre en lumi\u00e8re les initiatives locales. Mon objectif est de sensibiliser et d'encourager l'engagement communautaire \u00e0 travers mes articles.\",\"sameAs\":[\"https:\/\/vieassociative.be\/\"]}]}<\/script>\n<!-- \/ Yoast SEO plugin. -->","yoast_head_json":{"title":"Schalke 04 se hisse au sommet apr\u00e8s une victoire 1-0 contre Darmstadt \u2013 au revoir Muslic-Kohfeldt | Vie Associative","robots":{"index":"index","follow":"follow","max-snippet":"max-snippet:-1","max-image-preview":"max-image-preview:large","max-video-preview":"max-video-preview:-1"},"canonical":"https:\/\/vieassociative.be\/actualites\/schalke-04-se-hisse-au-sommet-apres-une-victoire-1-0-contre-darmstadt-au-revoir-muslic-kohfeldt\/","og_locale":"fr_FR","og_type":"article","og_title":"Schalke 04 se hisse au sommet apr\u00e8s une victoire 1-0 contre Darmstadt \u2013 au revoir Muslic-Kohfeldt | Vie Associative","og_description":"Lors de la saison 2023-2024, Miron Muslic et Florian Kohfeldt \u00e9taient entra\u00eeneurs principaux de la Jupiler Pro League belge, l&rsquo;un au Cercle Brugge et l&rsquo;autre","og_url":"https:\/\/vieassociative.be\/actualites\/schalke-04-se-hisse-au-sommet-apres-une-victoire-1-0-contre-darmstadt-au-revoir-muslic-kohfeldt\/","og_site_name":"Vie Associative","article_published_time":"2025-10-24T20:20:14+00:00","og_image":[{"width":279,"height":92,"url":"https:\/\/vieassociative.be\/actualites\/wp-content\/uploads\/2024\/09\/header_backgroundk-01-e1726694325946.png","type":"image\/png"}],"author":"Julien","twitter_card":"summary_large_image","twitter_misc":{"\u00c9crit par":"Julien","Dur\u00e9e de lecture est.":"1 minute"},"schema":{"@context":"https:\/\/schema.org","@graph":[{"@type":"Article","@id":"https:\/\/vieassociative.be\/actualites\/schalke-04-se-hisse-au-sommet-apres-une-victoire-1-0-contre-darmstadt-au-revoir-muslic-kohfeldt\/#article","isPartOf":{"@id":"https:\/\/vieassociative.be\/actualites\/schalke-04-se-hisse-au-sommet-apres-une-victoire-1-0-contre-darmstadt-au-revoir-muslic-kohfeldt\/"},"author":{"name":"Julien","@id":"https:\/\/vieassociative.be\/actualites\/#\/schema\/person\/b87ac4f82f9d4e7b7cec7395b679edc4"},"headline":"Schalke 04 se hisse au sommet apr\u00e8s une victoire 1-0 contre Darmstadt \u2013 au revoir Muslic-Kohfeldt","datePublished":"2025-10-24T20:20:14+00:00","dateModified":"2025-10-24T20:20:14+00:00","mainEntityOfPage":{"@id":"https:\/\/vieassociative.be\/actualites\/schalke-04-se-hisse-au-sommet-apres-une-victoire-1-0-contre-darmstadt-au-revoir-muslic-kohfeldt\/"},"wordCount":300,"publisher":{"@id":"https:\/\/vieassociative.be\/actualites\/#organization"},"image":{"@id":"https:\/\/vieassociative.be\/actualites\/schalke-04-se-hisse-au-sommet-apres-une-victoire-1-0-contre-darmstadt-au-revoir-muslic-kohfeldt\/#primaryimage"},"thumbnailUrl":"https:\/\/vieassociative.be\/actualites\/wp-content\/uploads\/2025\/10\/1761337214_Schalke-04-se-hisse-au-sommet-apres-une-victoire-1-0.jpg","keywords":["Apr\u00e8s","contre","Darmstadt","hisse","MuslicKohfeldt","revoir","Schalke","Sommet","une","victoire"],"articleSection":["Belgique"],"inLanguage":"fr-BE"},{"@type":"WebPage","@id":"https:\/\/vieassociative.be\/actualites\/schalke-04-se-hisse-au-sommet-apres-une-victoire-1-0-contre-darmstadt-au-revoir-muslic-kohfeldt\/","url":"https:\/\/vieassociative.be\/actualites\/schalke-04-se-hisse-au-sommet-apres-une-victoire-1-0-contre-darmstadt-au-revoir-muslic-kohfeldt\/","name":"Schalke 04 se hisse au sommet apr\u00e8s une victoire 1-0 contre Darmstadt \u2013 au revoir Muslic-Kohfeldt | Vie Associative","isPartOf":{"@id":"https:\/\/vieassociative.be\/actualites\/#website"},"primaryImageOfPage":{"@id":"https:\/\/vieassociative.be\/actualites\/schalke-04-se-hisse-au-sommet-apres-une-victoire-1-0-contre-darmstadt-au-revoir-muslic-kohfeldt\/#primaryimage"},"image":{"@id":"https:\/\/vieassociative.be\/actualites\/schalke-04-se-hisse-au-sommet-apres-une-victoire-1-0-contre-darmstadt-au-revoir-muslic-kohfeldt\/#primaryimage"},"thumbnailUrl":"https:\/\/vieassociative.be\/actualites\/wp-content\/uploads\/2025\/10\/1761337214_Schalke-04-se-hisse-au-sommet-apres-une-victoire-1-0.jpg","datePublished":"2025-10-24T20:20:14+00:00","dateModified":"2025-10-24T20:20:14+00:00","breadcrumb":{"@id":"https:\/\/vieassociative.be\/actualites\/schalke-04-se-hisse-au-sommet-apres-une-victoire-1-0-contre-darmstadt-au-revoir-muslic-kohfeldt\/#breadcrumb"},"inLanguage":"fr-BE","potentialAction":[{"@type":"ReadAction","target":["https:\/\/vieassociative.be\/actualites\/schalke-04-se-hisse-au-sommet-apres-une-victoire-1-0-contre-darmstadt-au-revoir-muslic-kohfeldt\/"]}]},{"@type":"ImageObject","inLanguage":"fr-BE","@id":"https:\/\/vieassociative.be\/actualites\/schalke-04-se-hisse-au-sommet-apres-une-victoire-1-0-contre-darmstadt-au-revoir-muslic-kohfeldt\/#primaryimage","url":"https:\/\/vieassociative.be\/actualites\/wp-content\/uploads\/2025\/10\/1761337214_Schalke-04-se-hisse-au-sommet-apres-une-victoire-1-0.jpg","contentUrl":"https:\/\/vieassociative.be\/actualites\/wp-content\/uploads\/2025\/10\/1761337214_Schalke-04-se-hisse-au-sommet-apres-une-victoire-1-0.jpg","width":1200,"height":803,"caption":"Schalke 04 se hisse au sommet apr\u00e8s une victoire 1-0 contre Darmstadt \u2013 au revoir Muslic-Kohfeldt"},{"@type":"BreadcrumbList","@id":"https:\/\/vieassociative.be\/actualites\/schalke-04-se-hisse-au-sommet-apres-une-victoire-1-0-contre-darmstadt-au-revoir-muslic-kohfeldt\/#breadcrumb","itemListElement":[{"@type":"ListItem","position":1,"name":"Accueil","item":"https:\/\/vieassociative.be\/actualites\/"},{"@type":"ListItem","position":2,"name":"Schalke 04 se hisse au sommet apr\u00e8s une victoire 1-0 contre Darmstadt \u2013 au revoir Muslic-Kohfeldt"}]},{"@type":"WebSite","@id":"https:\/\/vieassociative.be\/actualites\/#website","url":"https:\/\/vieassociative.be\/actualites\/","name":"Vie Associative","description":"","publisher":{"@id":"https:\/\/vieassociative.be\/actualites\/#organization"},"potentialAction":[{"@type":"SearchAction","target":{"@type":"EntryPoint","urlTemplate":"https:\/\/vieassociative.be\/actualites\/?s={search_term_string}"},"query-input":{"@type":"PropertyValueSpecification","valueRequired":true,"valueName":"search_term_string"}}],"inLanguage":"fr-BE"},{"@type":"Organization","@id":"https:\/\/vieassociative.be\/actualites\/#organization","name":"Vie Associative","url":"https:\/\/vieassociative.be\/actualites\/","logo":{"@type":"ImageObject","inLanguage":"fr-BE","@id":"https:\/\/vieassociative.be\/actualites\/#\/schema\/logo\/image\/","url":"https:\/\/vieassociative.be\/actualites\/wp-content\/uploads\/2024\/09\/cropped-vieassociative_favicon.ico.png","contentUrl":"https:\/\/vieassociative.be\/actualites\/wp-content\/uploads\/2024\/09\/cropped-vieassociative_favicon.ico.png","width":512,"height":512,"caption":"Vie Associative"},"image":{"@id":"https:\/\/vieassociative.be\/actualites\/#\/schema\/logo\/image\/"}},{"@type":"Person","@id":"https:\/\/vieassociative.be\/actualites\/#\/schema\/person\/b87ac4f82f9d4e7b7cec7395b679edc4","name":"Julien","image":{"@type":"ImageObject","inLanguage":"fr-BE","@id":"https:\/\/vieassociative.be\/actualites\/#\/schema\/person\/image\/","url":"https:\/\/vieassociative.be\/actualites\/wp-content\/uploads\/2024\/09\/vie-associative-1-150x150.jpg","contentUrl":"https:\/\/vieassociative.be\/actualites\/wp-content\/uploads\/2024\/09\/vie-associative-1-150x150.jpg","caption":"Julien"},"description":"Je suis Julien, r\u00e9dacteur pour Vie Associative. Passionn\u00e9 par le monde associatif depuis plus de 10 ans, j'ai \u00e0 c\u0153ur de partager des histoires inspirantes et de mettre en lumi\u00e8re les initiatives locales. Mon objectif est de sensibiliser et d'encourager l'engagement communautaire \u00e0 travers mes articles.","sameAs":["https:\/\/vieassociative.be\/"]}]}},"_links":{"self":[{"href":"https:\/\/vieassociative.be\/actualites\/wp-json\/wp\/v2\/posts\/10880"}],"collection":[{"href":"https:\/\/vieassociative.be\/actualites\/wp-json\/wp\/v2\/posts"}],"about":[{"href":"https:\/\/vieassociative.be\/actualites\/wp-json\/wp\/v2\/types\/post"}],"author":[{"embeddable":true,"href":"https:\/\/vieassociative.be\/actualites\/wp-json\/wp\/v2\/users\/1"}],"replies":[{"embeddable":true,"href":"https:\/\/vieassociative.be\/actualites\/wp-json\/wp\/v2\/comments?post=10880"}],"version-history":[{"count":0,"href":"https:\/\/vieassociative.be\/actualites\/wp-json\/wp\/v2\/posts\/10880\/revisions"}],"wp:featuredmedia":[{"embeddable":true,"href":"https:\/\/vieassociative.be\/actualites\/wp-json\/wp\/v2\/media\/10881"}],"wp:attachment":[{"href":"https:\/\/vieassociative.be\/actualites\/wp-json\/wp\/v2\/media?parent=10880"}],"wp:term":[{"taxonomy":"category","embeddable":true,"href":"https:\/\/vieassociative.be\/actualites\/wp-json\/wp\/v2\/categories?post=10880"},{"taxonomy":"post_tag","embeddable":true,"href":"https:\/\/vieassociative.be\/actualites\/wp-json\/wp\/v2\/tags?post=10880"}],"curies":[{"name":"wp","href":"https:\/\/api.w.org\/{rel}","templated":true}]}}