{"id":10875,"date":"2025-10-24T19:17:12","date_gmt":"2025-10-24T17:17:12","guid":{"rendered":"https:\/\/vieassociative.be\/actualites\/pourquoi-lentrainement-en-force-ne-compte-pas-comme-exercice-de-zone-2\/"},"modified":"2025-10-24T19:17:12","modified_gmt":"2025-10-24T17:17:12","slug":"pourquoi-lentrainement-en-force-ne-compte-pas-comme-exercice-de-zone-2","status":"publish","type":"post","link":"https:\/\/vieassociative.be\/actualites\/pourquoi-lentrainement-en-force-ne-compte-pas-comme-exercice-de-zone-2\/","title":{"rendered":"Pourquoi l&rsquo;entra\u00eenement en force ne compte pas comme exercice de zone 2"},"content":{"rendered":"<div class=\"mt-4 leading-6 md:mb-8\">Les zones de fr\u00e9quence cardiaque ne s&rsquo;appliquent qu&rsquo;aux exercices cardio.<\/div>\n<p><\/p>\n<p>Lorsque vous suivez un entra\u00eenement de musculation sur une montre de fitness, cette montre se fera un plaisir de vous indiquer dans quelles zones de fr\u00e9quence cardiaque vous vous trouviez pendant l&rsquo;entra\u00eenement. En fait, ils le feront pour n\u2019importe quel entra\u00eenement, que cela ait du sens ou non. Vous pourriez donc \u00eatre tent\u00e9 d\u2019interpr\u00e9ter ces donn\u00e9es en termes d\u2019avantages de l\u2019entra\u00eenement en zone 2. Si ma fr\u00e9quence cardiaque est dans la zone 2 lorsque je soul\u00e8ve des poids, cela signifie que je viens de faire une heure d&rsquo;entra\u00eenement en zone 2, n&rsquo;est-ce pas ? Malheureusement non.<\/p>\n<h2 id=\"heart-rate-zones-only-apply-to-cardio\">Les zones de fr\u00e9quence cardiaque ne s&rsquo;appliquent qu&rsquo;au cardio<\/h2>\n<p>Les zones n&rsquo;ont aucun sens pour l&rsquo;entra\u00eenement en force, mais pour comprendre pourquoi, nous devons revenir \u00e0 la raison pour laquelle les zones ont \u00e9t\u00e9 invent\u00e9es en premier lieu : pour donner aux athl\u00e8tes une \u00e9valuation objective de la difficult\u00e9 de leurs entra\u00eenements cardio. En fait, l\u2019id\u00e9e m\u00eame de surveiller votre fr\u00e9quence cardiaque \u00e0 des fins sportives (plut\u00f4t que m\u00e9dicales) est n\u00e9e dans une \u00e9quipe de ski finlandaise, puis s\u2019est r\u00e9pandue aupr\u00e8s d\u2019autres athl\u00e8tes. <\/p>\n<p>Votre fr\u00e9quence cardiaque peut vous indiquer \u00e0 quel point vous travaillez dur et vous pouvez utiliser ces informations pour d\u00e9terminer si vous devez aller plus fort ou ralentir. Ou, comme le dit le triathl\u00e8te finlandais Pauli Kiuri dans cet article de Polar : \u00ab\u00a0\u00c0 un moment donn\u00e9 pendant votre course, vous avez le sentiment que vous ne pouvez pas pousser plus loin. Mais si votre fr\u00e9quence n&rsquo;est toujours que de 160 bpm, vous devez simplement croire que oui, vous le pouvez !\u00a0\u00bb (Polar \u00e9tait le fabricant de ces premiers moniteurs de fr\u00e9quence cardiaque.)<\/p>\n<div class=\"mx-auto mb-12 mt-5 w-full max-w-3xl rounded-md border-2 border-gray-100 p-3 shadow-md md:px-7 md:pb-7 md:pt-5\" id=\"related-video\">\n<div class=\"mb-3 flex items-center md:mb-5\">\n        <img decoding=\"async\" class=\"mr-4 mt-0 h-10 w-10 md:mr-5 md:h-12 md:w-12\" src=\"https:\/\/vieassociative.be\/actualites\/wp-content\/uploads\/2025\/09\/1757726237_608_Meta-pourrait-devoiler-une-montre-intelligente-pour-controler-ses-lunettes.jpg\" alt=\"Logo du pirate de la vie\"><\/p><\/div>\n<div class=\"aspect-video w-full overflow-hidden rounded-md\">\n<div id=\"video-container-01K8BKE65YEWAVRS178V1FV2MK\"><\/div>\n<\/p><\/div>\n<\/div>\n<p>L&rsquo;entra\u00eenement \u00e0 la fr\u00e9quence cardiaque est judicieux pour les sports d&rsquo;endurance, car plus vous travaillez dur, plus votre c\u0153ur bat vite. Vous pouvez donc utiliser cette relation \u00e0 l\u2019envers : plus le chiffre sur votre moniteur de fr\u00e9quence cardiaque est grand, plus vous devez travailler dur. Votre fr\u00e9quence cardiaque est un bon indicateur du travail que vous effectuez.<\/p>\n<p>Mais cette relation avec la fr\u00e9quence cardiaque ne s\u2019applique pas aux autres types d\u2019exercices. Votre fr\u00e9quence cardiaque pendant une s\u00e9ance de yoga ne vous indique pas \u00e0 quelle profondeur vous vous \u00e9tirez. Votre fr\u00e9quence cardiaque pendant une s\u00e9ance de musculation ne vous indique pas si vous soulevez des poids l\u00e9gers ou lourds. C&rsquo;est pourquoi votre fr\u00e9quence cardiaque lors d&rsquo;une s\u00e9ance de musculation n&rsquo;a pas d&rsquo;importance. <\/p>\n<h2 id=\"cardio-is-defined-by-what-your-whole-body-is-doing-not-just-what-your-heart-is-doing\">Le cardio est d\u00e9fini par ce que votre <em>tout le corps<\/em> ce que fait, pas seulement ce que fait votre c\u0153ur.<\/h2>\n<p>La fr\u00e9quence cardiaque, correctement utilis\u00e9e, est ce qu&rsquo;on appelle une mesure proxy. Nous ne suivons pas la fr\u00e9quence cardiaque parce que la fr\u00e9quence cardiaque est importante\u00a0; nous suivons la fr\u00e9quence cardiaque parce qu&rsquo;elle nous renseigne sur quelque chose <em>autre<\/em> ce qui compte \u2013 dans ce cas, l\u2019intensit\u00e9 de l\u2019exercice cardio.<\/p>\n<p>Pour qu\u2019un exercice soit cardio, il doit s\u2019agir d\u2019une contraction rythmique des gros muscles pendant des minutes. Parce que nos muscles se contractent \u00e0 plusieurs reprises, ils n\u00e9cessitent que nos mitochondries travaillent plus fort pour les alimenter. Ces mitochondries ont besoin de plus de carburant, de sorte que nos cellules deviennent plus sensibles \u00e0 l\u2019insuline et peuvent donc absorber plus efficacement la glyc\u00e9mie. Pour faire tout cela, nous avons besoin de plus de nutriments et d\u2019oxyg\u00e8ne pour atteindre nos cellules musculaires, nous d\u00e9veloppons donc plus de capillaires pour les fournir et \u00e9liminer les sous-produits m\u00e9taboliques. <\/p>\n<p>Les bienfaits du cardio pour la sant\u00e9 sont li\u00e9s aux processus corporels ci-dessus. La vitesse de notre rythme cardiaque est un effet secondaire. Ce sont ces processus du corps entier qui nous donnent les avantages du cardio de zone 2\u00a0: une combustion calorique faible en fatigue, une densit\u00e9 mitochondriale et capillaire accrue et une VO2max am\u00e9lior\u00e9e, pour n&rsquo;en nommer que quelques-uns. Ces avantages viennent du fait que <em>tout notre corps<\/em> fait de l&rsquo;exercice. Le simple fait d&rsquo;augmenter notre fr\u00e9quence cardiaque, sans faire toutes ces autres choses, ne permettra pas d&rsquo;obtenir toutes ces bonnes adaptations en zone 2. <\/p>\n<p>C&rsquo;est pourquoi assister \u00e0 une r\u00e9union stressante au travail pendant 30 minutes n&rsquo;est pas la m\u00eame chose que faire du jogging. Regarder un film d\u2019horreur n\u2019est pas non plus la m\u00eame chose que faire une s\u00e9ance d\u2019entra\u00eenement HIIT. Et d\u00e9sol\u00e9 pour les amateurs de sauna, mais un sauna ne remplace pas l\u2019exercice. (S\u00e9ances de sauna <em>faire<\/em> semblent am\u00e9liorer quelque peu la sant\u00e9 de vos vaisseaux sanguins, mais ils ne font pas tout le reste.) Quand on y pense, le cardio de la zone 2 a beaucoup plus en commun avec le cardio de la zone 3 (ou m\u00eame la zone 5) qu&rsquo;avec le levage de la \u00ab zone 2 \u00bb.<\/p>\n<h2 id=\"what-zone-should-strength-training-be-in\">Dans quelle zone doit se d\u00e9rouler l\u2019entra\u00eenement en force ? <\/h2>\n<p>Question pi\u00e8ge ! Les zones n&rsquo;ont pas d&rsquo;importance pour l&rsquo;entra\u00eenement en force. Le but de l\u2019entra\u00eenement en force est de d\u00e9velopper la force. Pour savoir si vous travaillez suffisamment dur pour d\u00e9velopper votre force, voici quelques fa\u00e7ons courantes de juger de vos efforts\u00a0: <\/p>\n<ul>\n<li>\n<p><strong>Comment le poids sur la barre se compare-t-il au maximum que vous ayez jamais soulev\u00e9<\/strong>: par exemple, vous pourriez faire des squats \u00e0 80% de votre max. <\/p>\n<\/li>\n<li>\n<p><strong>Combien de r\u00e9p\u00e9titions faites-vous pour un poids donn\u00e9<\/strong>: cinq r\u00e9p\u00e9titions \u00e0 80% sont plus difficiles qu&rsquo;une r\u00e9p\u00e9tition \u00e0 80%.<\/p>\n<\/li>\n<li>\n<p><strong>\u00c0 quelle vitesse vous vous d\u00e9placez pendant que vous terminez la r\u00e9p\u00e9tition<\/strong>: plus c&rsquo;est dur, plus il bougera lentement ; il existe m\u00eame des gadgets pour mesurer cela. Parfois, cette propri\u00e9t\u00e9 est appel\u00e9e \u00ab vitesse de la barre \u00bb, comme la vitesse \u00e0 laquelle la barre se d\u00e9place.<\/p>\n<\/li>\n<li>\n<p><strong>Combien de r\u00e9p\u00e9titions suppl\u00e9mentaires pensez-vous avoir pu faire<\/strong>: si vous aviez trois r\u00e9p\u00e9titions \u00ab\u00a0dans le r\u00e9servoir\u00a0\u00bb, c&rsquo;est une s\u00e9rie plus facile que si la derni\u00e8re r\u00e9p\u00e9tition que vous avez faite \u00e9tait la derni\u00e8re r\u00e9p\u00e9tition que vous auriez pu faire.<\/p>\n<\/li>\n<li>\n<p><strong>\u00c0 quel point un muscle est douloureux, fatigu\u00e9 ou \u00ab pomp\u00e9 \u00bb\u00a0: <\/strong>dans certains styles d&rsquo;entra\u00eenement, cela peut vous aider \u00e0 d\u00e9terminer la quantit\u00e9 de travail qu&rsquo;un groupe musculaire a effectu\u00e9 au cours de l&rsquo;entra\u00eenement de la journ\u00e9e. <\/p>\n<\/li>\n<\/ul>\n<p>Certaines choses qui font <em>pas<\/em> La corr\u00e9lation avec la force que vous d\u00e9veloppez inclut la fa\u00e7on dont vous vous sentez essouffl\u00e9 apr\u00e8s une s\u00e9rie d&rsquo;exercices ou la vitesse \u00e0 laquelle votre c\u0153ur bat pendant ou apr\u00e8s les exercices.<\/p>\n<p>La v\u00e9rit\u00e9 sur la fr\u00e9quence cardiaque lors du levage est que votre fr\u00e9quence cardiaque peut \u00eatre plus \u00e9lev\u00e9e, votre respiration plus difficile et vos temps de repos plus longs. <em>si ton cardio est un peu nul<\/em>. C&rsquo;est un signe que vous souhaiterez peut-\u00eatre am\u00e9liorer votre forme physique en faisant du cardio r\u00e9el (zone 2 ou autre), afin d&rsquo;acqu\u00e9rir ces adaptations et de ne pas avoir \u00e0 rester assis aussi longtemps \u00e0 sucer le vent entre les s\u00e9ries. Mais votre forme cardio ne joue ici qu\u2019un r\u00f4le de soutien ; ce n&rsquo;est pas le but de la s\u00e9ance de musculation, et ce n&rsquo;est pas une mesure utile pour \u00e9valuer votre effort. <\/p>\n<p>Ou pour le dire autrement : lorsque vous effectuez cinq s\u00e9ries de cinq squats \u00e0 80 % de votre maximum, vous obtenez le m\u00eame b\u00e9n\u00e9fice en force, que vous le fassiez avec trois minutes de repos et un sourire aux l\u00e8vres, ou huit minutes de repos et une fr\u00e9quence cardiaque vertigineuse.<\/p>\n<h2 id=\"ok-but-what-zones-are-normal-for-strength-training\">OK, mais quelles sont les zones <em>normale<\/em> pour la musculation ? <\/h2>\n<p>De mani\u00e8re r\u00e9aliste, vous verrez votre fr\u00e9quence cardiaque augmenter et diminuer tout au long de votre s\u00e9ance de musculation. Pendant les repos, votre fr\u00e9quence cardiaque peut \u00eatre dans la zone 1 ou 2\u00a0; pendant de courtes s\u00e9ries d\u2019exercices, vous pouvez voir votre fr\u00e9quence cardiaque atteindre la zone 3 ou plus. <\/p>\n<p>Vous constaterez probablement une fr\u00e9quence cardiaque plus \u00e9lev\u00e9e lors de s\u00e9ries de plusieurs r\u00e9p\u00e9titions (des s\u00e9ries de 10 r\u00e9p\u00e9titions peuvent entra\u00eener une fr\u00e9quence cardiaque plus \u00e9lev\u00e9e que des s\u00e9ries de trois r\u00e9p\u00e9titions). La zone de fr\u00e9quence cardiaque dans laquelle vous vous trouvez n&rsquo;a pas vraiment d&rsquo;importance. <\/p>\n<p>La seule chose qui compte vraiment, si vous v\u00e9rifiez ensuite votre tableau de fr\u00e9quence cardiaque, c&rsquo;est que votre s\u00e9ance de musculation pr\u00e9sente de gros pics et baisses. Si le r\u00e9sultat semble relativement uniforme, vous ne vous reposez probablement pas suffisamment. \u00c0 titre de comparaison, voici mes graphiques pour un jogging r\u00e9cent (\u00e0 l&rsquo;extr\u00e9mit\u00e9 sup\u00e9rieure de la zone 2\/zone inf\u00e9rieure 3) et pour un entra\u00eenement de musculation comprenant des arrach\u00e9s, des soulev\u00e9s de terre et des squats. Notez les repos plus longs et les pointes plus \u00e9lev\u00e9es vers la fin de l&rsquo;entra\u00eenement, lorsque je me suis accroupi lourdement pendant six r\u00e9p\u00e9titions \u00e0 la fois.<\/p>\n<div class=\"eloquent-imagery-image\">\n<div class=\"flex justify-center\">\n                    <img decoding=\"async\" class=\"border border-gray-100\" src=\"https:\/\/vieassociative.be\/actualites\/wp-content\/uploads\/2025\/10\/Pourquoi-lentrainement-en-force-ne-compte-pas-comme-exercice-de.jpg\" alt=\"Courir ou soulever des graphiques de fr\u00e9quence cardiaque. Celui qui court est plus stable ; celui qui soul\u00e8ve monte et descend.\" width=\"2000\" height=\"1125\" loading=\"lazy\"  >\n            <\/div>\n<\/p><\/div>\n<h2 id=\"if-zones-dont-matter-why-does-my-app-tell-me-what-zone-my-strength-training-was-in\">Si les zones n&rsquo;ont pas d&rsquo;importance, pourquoi mon application m&rsquo;indique-t-elle dans quelle zone mon entra\u00eenement de force s&rsquo;est d\u00e9roul\u00e9\u00a0?<\/h2>\n<p>La r\u00e9ponse courte est : parce qu\u2019ils le peuvent, et non parce qu\u2019ils le devraient.<\/p>\n<p>Lorsque les athl\u00e8tes d&rsquo;endurance ont adopt\u00e9 pour la premi\u00e8re fois l&rsquo;entra\u00eenement \u00e0 la fr\u00e9quence cardiaque, il s&rsquo;agissait d&rsquo;un remplacement de la course \u00e0 pied \u00e0 des allures chronom\u00e9tr\u00e9es ou simplement \u00e0 la sensation. Ils ont compris que c&rsquo;\u00e9tait une mesure de l&rsquo;intensit\u00e9 avec laquelle tout leur corps travaillait pendant une course ou une s\u00e9ance de ski. <\/p>\n<p>C&rsquo;est diff\u00e9rent \u00e0 l&rsquo;\u00e8re moderne, o\u00f9 chaque montre mesure la fr\u00e9quence cardiaque. La v\u00e9rit\u00e9 est que les zones de fr\u00e9quence cardiaque figurent sur tous vos \u00e9crans de r\u00e9sultats, car la fr\u00e9quence cardiaque est facile \u00e0 mesurer pour votre montre, les zones sont faciles \u00e0 calculer pour votre application et parce que la soci\u00e9t\u00e9 qui cr\u00e9e l&rsquo;application et la montre veut vous faire plaisir avec un tas de graphiques sympas apr\u00e8s chaque entra\u00eenement. <\/p>\n<p>Les graphiques des zones de fr\u00e9quence cardiaque donnent l&rsquo;impression que votre entra\u00eenement est plus important, et les voir est comme un petit autocollant de r\u00e9compense pour vous garder dans l&rsquo;habitude (et, du point de vue de l&rsquo;entreprise, d&rsquo;utiliser son produit). Profitez des graphiques si vous les trouvez jolis, mais gardez un \u0153il sur les mesures qui comptent, qui, pour les entra\u00eenements de force, incluent \u00e0 peu pr\u00e8s tout. <em>sauf<\/em> votre fr\u00e9quence cardiaque.<\/p>\n","protected":false},"excerpt":{"rendered":"<p>Les zones de fr\u00e9quence cardiaque ne s&rsquo;appliquent qu&rsquo;aux exercices cardio. Lorsque vous suivez un entra\u00eenement de musculation sur une montre de fitness, cette montre se<\/p>\n","protected":false},"author":1,"featured_media":10876,"comment_status":"","ping_status":"","sticky":false,"template":"","format":"standard","meta":{"footnotes":""},"categories":[38],"tags":[1254,962,8991,540,5153,126,734,4291],"class_list":["post-10875","post","type-post","status-publish","format-standard","has-post-thumbnail","hentry","category-sante","tag-comme","tag-compte","tag-exercice","tag-force","tag-lentrainement","tag-pas","tag-pourquoi","tag-zone","generate-columns","tablet-grid-50","mobile-grid-100","grid-parent","grid-33"],"yoast_head":"<!-- This site is optimized with the Yoast SEO plugin v24.0 - https:\/\/yoast.com\/wordpress\/plugins\/seo\/ -->\n<title>Pourquoi l&#039;entra\u00eenement en force ne compte pas comme exercice de zone 2 | Vie Associative<\/title>\n<meta name=\"robots\" content=\"index, follow, max-snippet:-1, max-image-preview:large, max-video-preview:-1\" \/>\n<link rel=\"canonical\" href=\"https:\/\/vieassociative.be\/actualites\/pourquoi-lentrainement-en-force-ne-compte-pas-comme-exercice-de-zone-2\/\" \/>\n<meta property=\"og:locale\" content=\"fr_FR\" \/>\n<meta property=\"og:type\" content=\"article\" \/>\n<meta property=\"og:title\" content=\"Pourquoi l&#039;entra\u00eenement en force ne compte pas comme exercice de zone 2 | Vie Associative\" \/>\n<meta property=\"og:description\" content=\"Les zones de fr\u00e9quence cardiaque ne s&rsquo;appliquent qu&rsquo;aux exercices cardio. Lorsque vous suivez un entra\u00eenement de musculation sur une montre de fitness, cette montre se\" \/>\n<meta property=\"og:url\" content=\"https:\/\/vieassociative.be\/actualites\/pourquoi-lentrainement-en-force-ne-compte-pas-comme-exercice-de-zone-2\/\" \/>\n<meta property=\"og:site_name\" content=\"Vie Associative\" \/>\n<meta property=\"article:published_time\" content=\"2025-10-24T17:17:12+00:00\" \/>\n<meta property=\"og:image\" content=\"https:\/\/vieassociative.be\/actualites\/wp-content\/uploads\/2025\/09\/1757726237_608_Meta-pourrait-devoiler-une-montre-intelligente-pour-controler-ses-lunettes.jpg\" \/>\n<meta name=\"author\" content=\"Julien\" \/>\n<meta name=\"twitter:card\" content=\"summary_large_image\" \/>\n<meta name=\"twitter:label1\" content=\"\u00c9crit par\" \/>\n\t<meta name=\"twitter:data1\" content=\"Julien\" \/>\n\t<meta name=\"twitter:label2\" content=\"Dur\u00e9e de lecture est.\" \/>\n\t<meta name=\"twitter:data2\" content=\"9 minutes\" \/>\n<script type=\"application\/ld+json\" class=\"yoast-schema-graph\">{\"@context\":\"https:\/\/schema.org\",\"@graph\":[{\"@type\":\"Article\",\"@id\":\"https:\/\/vieassociative.be\/actualites\/pourquoi-lentrainement-en-force-ne-compte-pas-comme-exercice-de-zone-2\/#article\",\"isPartOf\":{\"@id\":\"https:\/\/vieassociative.be\/actualites\/pourquoi-lentrainement-en-force-ne-compte-pas-comme-exercice-de-zone-2\/\"},\"author\":{\"name\":\"Julien\",\"@id\":\"https:\/\/vieassociative.be\/actualites\/#\/schema\/person\/b87ac4f82f9d4e7b7cec7395b679edc4\"},\"headline\":\"Pourquoi l&rsquo;entra\u00eenement en force ne compte pas comme exercice de zone 2\",\"datePublished\":\"2025-10-24T17:17:12+00:00\",\"dateModified\":\"2025-10-24T17:17:12+00:00\",\"mainEntityOfPage\":{\"@id\":\"https:\/\/vieassociative.be\/actualites\/pourquoi-lentrainement-en-force-ne-compte-pas-comme-exercice-de-zone-2\/\"},\"wordCount\":1868,\"publisher\":{\"@id\":\"https:\/\/vieassociative.be\/actualites\/#organization\"},\"image\":{\"@id\":\"https:\/\/vieassociative.be\/actualites\/pourquoi-lentrainement-en-force-ne-compte-pas-comme-exercice-de-zone-2\/#primaryimage\"},\"thumbnailUrl\":\"https:\/\/vieassociative.be\/actualites\/wp-content\/uploads\/2025\/10\/1761326233_Pourquoi-lentrainement-en-force-ne-compte-pas-comme-exercice-de.jpg\",\"keywords\":[\"comme\",\"compte\",\"exercice\",\"forc\u00e9\",\"Lentra\u00eenement\",\"pas\",\"Pourquoi\",\"zone\"],\"articleSection\":[\"Sant\u00e9\"],\"inLanguage\":\"fr-BE\"},{\"@type\":\"WebPage\",\"@id\":\"https:\/\/vieassociative.be\/actualites\/pourquoi-lentrainement-en-force-ne-compte-pas-comme-exercice-de-zone-2\/\",\"url\":\"https:\/\/vieassociative.be\/actualites\/pourquoi-lentrainement-en-force-ne-compte-pas-comme-exercice-de-zone-2\/\",\"name\":\"Pourquoi l'entra\u00eenement en force ne compte pas comme exercice de zone 2 | Vie Associative\",\"isPartOf\":{\"@id\":\"https:\/\/vieassociative.be\/actualites\/#website\"},\"primaryImageOfPage\":{\"@id\":\"https:\/\/vieassociative.be\/actualites\/pourquoi-lentrainement-en-force-ne-compte-pas-comme-exercice-de-zone-2\/#primaryimage\"},\"image\":{\"@id\":\"https:\/\/vieassociative.be\/actualites\/pourquoi-lentrainement-en-force-ne-compte-pas-comme-exercice-de-zone-2\/#primaryimage\"},\"thumbnailUrl\":\"https:\/\/vieassociative.be\/actualites\/wp-content\/uploads\/2025\/10\/1761326233_Pourquoi-lentrainement-en-force-ne-compte-pas-comme-exercice-de.jpg\",\"datePublished\":\"2025-10-24T17:17:12+00:00\",\"dateModified\":\"2025-10-24T17:17:12+00:00\",\"breadcrumb\":{\"@id\":\"https:\/\/vieassociative.be\/actualites\/pourquoi-lentrainement-en-force-ne-compte-pas-comme-exercice-de-zone-2\/#breadcrumb\"},\"inLanguage\":\"fr-BE\",\"potentialAction\":[{\"@type\":\"ReadAction\",\"target\":[\"https:\/\/vieassociative.be\/actualites\/pourquoi-lentrainement-en-force-ne-compte-pas-comme-exercice-de-zone-2\/\"]}]},{\"@type\":\"ImageObject\",\"inLanguage\":\"fr-BE\",\"@id\":\"https:\/\/vieassociative.be\/actualites\/pourquoi-lentrainement-en-force-ne-compte-pas-comme-exercice-de-zone-2\/#primaryimage\",\"url\":\"https:\/\/vieassociative.be\/actualites\/wp-content\/uploads\/2025\/10\/1761326233_Pourquoi-lentrainement-en-force-ne-compte-pas-comme-exercice-de.jpg\",\"contentUrl\":\"https:\/\/vieassociative.be\/actualites\/wp-content\/uploads\/2025\/10\/1761326233_Pourquoi-lentrainement-en-force-ne-compte-pas-comme-exercice-de.jpg\",\"width\":1200,\"height\":675,\"caption\":\"Pourquoi l'entra\u00eenement en force ne compte pas comme exercice de zone 2\"},{\"@type\":\"BreadcrumbList\",\"@id\":\"https:\/\/vieassociative.be\/actualites\/pourquoi-lentrainement-en-force-ne-compte-pas-comme-exercice-de-zone-2\/#breadcrumb\",\"itemListElement\":[{\"@type\":\"ListItem\",\"position\":1,\"name\":\"Accueil\",\"item\":\"https:\/\/vieassociative.be\/actualites\/\"},{\"@type\":\"ListItem\",\"position\":2,\"name\":\"Pourquoi l&rsquo;entra\u00eenement en force ne compte pas comme exercice de zone 2\"}]},{\"@type\":\"WebSite\",\"@id\":\"https:\/\/vieassociative.be\/actualites\/#website\",\"url\":\"https:\/\/vieassociative.be\/actualites\/\",\"name\":\"Vie Associative\",\"description\":\"\",\"publisher\":{\"@id\":\"https:\/\/vieassociative.be\/actualites\/#organization\"},\"potentialAction\":[{\"@type\":\"SearchAction\",\"target\":{\"@type\":\"EntryPoint\",\"urlTemplate\":\"https:\/\/vieassociative.be\/actualites\/?s={search_term_string}\"},\"query-input\":{\"@type\":\"PropertyValueSpecification\",\"valueRequired\":true,\"valueName\":\"search_term_string\"}}],\"inLanguage\":\"fr-BE\"},{\"@type\":\"Organization\",\"@id\":\"https:\/\/vieassociative.be\/actualites\/#organization\",\"name\":\"Vie Associative\",\"url\":\"https:\/\/vieassociative.be\/actualites\/\",\"logo\":{\"@type\":\"ImageObject\",\"inLanguage\":\"fr-BE\",\"@id\":\"https:\/\/vieassociative.be\/actualites\/#\/schema\/logo\/image\/\",\"url\":\"https:\/\/vieassociative.be\/actualites\/wp-content\/uploads\/2024\/09\/cropped-vieassociative_favicon.ico.png\",\"contentUrl\":\"https:\/\/vieassociative.be\/actualites\/wp-content\/uploads\/2024\/09\/cropped-vieassociative_favicon.ico.png\",\"width\":512,\"height\":512,\"caption\":\"Vie Associative\"},\"image\":{\"@id\":\"https:\/\/vieassociative.be\/actualites\/#\/schema\/logo\/image\/\"}},{\"@type\":\"Person\",\"@id\":\"https:\/\/vieassociative.be\/actualites\/#\/schema\/person\/b87ac4f82f9d4e7b7cec7395b679edc4\",\"name\":\"Julien\",\"image\":{\"@type\":\"ImageObject\",\"inLanguage\":\"fr-BE\",\"@id\":\"https:\/\/vieassociative.be\/actualites\/#\/schema\/person\/image\/\",\"url\":\"https:\/\/vieassociative.be\/actualites\/wp-content\/uploads\/2024\/09\/vie-associative-1-150x150.jpg\",\"contentUrl\":\"https:\/\/vieassociative.be\/actualites\/wp-content\/uploads\/2024\/09\/vie-associative-1-150x150.jpg\",\"caption\":\"Julien\"},\"description\":\"Je suis Julien, r\u00e9dacteur pour Vie Associative. Passionn\u00e9 par le monde associatif depuis plus de 10 ans, j'ai \u00e0 c\u0153ur de partager des histoires inspirantes et de mettre en lumi\u00e8re les initiatives locales. Mon objectif est de sensibiliser et d'encourager l'engagement communautaire \u00e0 travers mes articles.\",\"sameAs\":[\"https:\/\/vieassociative.be\/\"]}]}<\/script>\n<!-- \/ Yoast SEO plugin. -->","yoast_head_json":{"title":"Pourquoi l'entra\u00eenement en force ne compte pas comme exercice de zone 2 | Vie Associative","robots":{"index":"index","follow":"follow","max-snippet":"max-snippet:-1","max-image-preview":"max-image-preview:large","max-video-preview":"max-video-preview:-1"},"canonical":"https:\/\/vieassociative.be\/actualites\/pourquoi-lentrainement-en-force-ne-compte-pas-comme-exercice-de-zone-2\/","og_locale":"fr_FR","og_type":"article","og_title":"Pourquoi l'entra\u00eenement en force ne compte pas comme exercice de zone 2 | Vie Associative","og_description":"Les zones de fr\u00e9quence cardiaque ne s&rsquo;appliquent qu&rsquo;aux exercices cardio. Lorsque vous suivez un entra\u00eenement de musculation sur une montre de fitness, cette montre se","og_url":"https:\/\/vieassociative.be\/actualites\/pourquoi-lentrainement-en-force-ne-compte-pas-comme-exercice-de-zone-2\/","og_site_name":"Vie Associative","article_published_time":"2025-10-24T17:17:12+00:00","og_image":[{"url":"https:\/\/vieassociative.be\/actualites\/wp-content\/uploads\/2025\/09\/1757726237_608_Meta-pourrait-devoiler-une-montre-intelligente-pour-controler-ses-lunettes.jpg","type":"","width":"","height":""}],"author":"Julien","twitter_card":"summary_large_image","twitter_misc":{"\u00c9crit par":"Julien","Dur\u00e9e de lecture est.":"9 minutes"},"schema":{"@context":"https:\/\/schema.org","@graph":[{"@type":"Article","@id":"https:\/\/vieassociative.be\/actualites\/pourquoi-lentrainement-en-force-ne-compte-pas-comme-exercice-de-zone-2\/#article","isPartOf":{"@id":"https:\/\/vieassociative.be\/actualites\/pourquoi-lentrainement-en-force-ne-compte-pas-comme-exercice-de-zone-2\/"},"author":{"name":"Julien","@id":"https:\/\/vieassociative.be\/actualites\/#\/schema\/person\/b87ac4f82f9d4e7b7cec7395b679edc4"},"headline":"Pourquoi l&rsquo;entra\u00eenement en force ne compte pas comme exercice de zone 2","datePublished":"2025-10-24T17:17:12+00:00","dateModified":"2025-10-24T17:17:12+00:00","mainEntityOfPage":{"@id":"https:\/\/vieassociative.be\/actualites\/pourquoi-lentrainement-en-force-ne-compte-pas-comme-exercice-de-zone-2\/"},"wordCount":1868,"publisher":{"@id":"https:\/\/vieassociative.be\/actualites\/#organization"},"image":{"@id":"https:\/\/vieassociative.be\/actualites\/pourquoi-lentrainement-en-force-ne-compte-pas-comme-exercice-de-zone-2\/#primaryimage"},"thumbnailUrl":"https:\/\/vieassociative.be\/actualites\/wp-content\/uploads\/2025\/10\/1761326233_Pourquoi-lentrainement-en-force-ne-compte-pas-comme-exercice-de.jpg","keywords":["comme","compte","exercice","forc\u00e9","Lentra\u00eenement","pas","Pourquoi","zone"],"articleSection":["Sant\u00e9"],"inLanguage":"fr-BE"},{"@type":"WebPage","@id":"https:\/\/vieassociative.be\/actualites\/pourquoi-lentrainement-en-force-ne-compte-pas-comme-exercice-de-zone-2\/","url":"https:\/\/vieassociative.be\/actualites\/pourquoi-lentrainement-en-force-ne-compte-pas-comme-exercice-de-zone-2\/","name":"Pourquoi l'entra\u00eenement en force ne compte pas comme exercice de zone 2 | Vie Associative","isPartOf":{"@id":"https:\/\/vieassociative.be\/actualites\/#website"},"primaryImageOfPage":{"@id":"https:\/\/vieassociative.be\/actualites\/pourquoi-lentrainement-en-force-ne-compte-pas-comme-exercice-de-zone-2\/#primaryimage"},"image":{"@id":"https:\/\/vieassociative.be\/actualites\/pourquoi-lentrainement-en-force-ne-compte-pas-comme-exercice-de-zone-2\/#primaryimage"},"thumbnailUrl":"https:\/\/vieassociative.be\/actualites\/wp-content\/uploads\/2025\/10\/1761326233_Pourquoi-lentrainement-en-force-ne-compte-pas-comme-exercice-de.jpg","datePublished":"2025-10-24T17:17:12+00:00","dateModified":"2025-10-24T17:17:12+00:00","breadcrumb":{"@id":"https:\/\/vieassociative.be\/actualites\/pourquoi-lentrainement-en-force-ne-compte-pas-comme-exercice-de-zone-2\/#breadcrumb"},"inLanguage":"fr-BE","potentialAction":[{"@type":"ReadAction","target":["https:\/\/vieassociative.be\/actualites\/pourquoi-lentrainement-en-force-ne-compte-pas-comme-exercice-de-zone-2\/"]}]},{"@type":"ImageObject","inLanguage":"fr-BE","@id":"https:\/\/vieassociative.be\/actualites\/pourquoi-lentrainement-en-force-ne-compte-pas-comme-exercice-de-zone-2\/#primaryimage","url":"https:\/\/vieassociative.be\/actualites\/wp-content\/uploads\/2025\/10\/1761326233_Pourquoi-lentrainement-en-force-ne-compte-pas-comme-exercice-de.jpg","contentUrl":"https:\/\/vieassociative.be\/actualites\/wp-content\/uploads\/2025\/10\/1761326233_Pourquoi-lentrainement-en-force-ne-compte-pas-comme-exercice-de.jpg","width":1200,"height":675,"caption":"Pourquoi l'entra\u00eenement en force ne compte pas comme exercice de zone 2"},{"@type":"BreadcrumbList","@id":"https:\/\/vieassociative.be\/actualites\/pourquoi-lentrainement-en-force-ne-compte-pas-comme-exercice-de-zone-2\/#breadcrumb","itemListElement":[{"@type":"ListItem","position":1,"name":"Accueil","item":"https:\/\/vieassociative.be\/actualites\/"},{"@type":"ListItem","position":2,"name":"Pourquoi l&rsquo;entra\u00eenement en force ne compte pas comme exercice de zone 2"}]},{"@type":"WebSite","@id":"https:\/\/vieassociative.be\/actualites\/#website","url":"https:\/\/vieassociative.be\/actualites\/","name":"Vie Associative","description":"","publisher":{"@id":"https:\/\/vieassociative.be\/actualites\/#organization"},"potentialAction":[{"@type":"SearchAction","target":{"@type":"EntryPoint","urlTemplate":"https:\/\/vieassociative.be\/actualites\/?s={search_term_string}"},"query-input":{"@type":"PropertyValueSpecification","valueRequired":true,"valueName":"search_term_string"}}],"inLanguage":"fr-BE"},{"@type":"Organization","@id":"https:\/\/vieassociative.be\/actualites\/#organization","name":"Vie Associative","url":"https:\/\/vieassociative.be\/actualites\/","logo":{"@type":"ImageObject","inLanguage":"fr-BE","@id":"https:\/\/vieassociative.be\/actualites\/#\/schema\/logo\/image\/","url":"https:\/\/vieassociative.be\/actualites\/wp-content\/uploads\/2024\/09\/cropped-vieassociative_favicon.ico.png","contentUrl":"https:\/\/vieassociative.be\/actualites\/wp-content\/uploads\/2024\/09\/cropped-vieassociative_favicon.ico.png","width":512,"height":512,"caption":"Vie Associative"},"image":{"@id":"https:\/\/vieassociative.be\/actualites\/#\/schema\/logo\/image\/"}},{"@type":"Person","@id":"https:\/\/vieassociative.be\/actualites\/#\/schema\/person\/b87ac4f82f9d4e7b7cec7395b679edc4","name":"Julien","image":{"@type":"ImageObject","inLanguage":"fr-BE","@id":"https:\/\/vieassociative.be\/actualites\/#\/schema\/person\/image\/","url":"https:\/\/vieassociative.be\/actualites\/wp-content\/uploads\/2024\/09\/vie-associative-1-150x150.jpg","contentUrl":"https:\/\/vieassociative.be\/actualites\/wp-content\/uploads\/2024\/09\/vie-associative-1-150x150.jpg","caption":"Julien"},"description":"Je suis Julien, r\u00e9dacteur pour Vie Associative. Passionn\u00e9 par le monde associatif depuis plus de 10 ans, j'ai \u00e0 c\u0153ur de partager des histoires inspirantes et de mettre en lumi\u00e8re les initiatives locales. Mon objectif est de sensibiliser et d'encourager l'engagement communautaire \u00e0 travers mes articles.","sameAs":["https:\/\/vieassociative.be\/"]}]}},"_links":{"self":[{"href":"https:\/\/vieassociative.be\/actualites\/wp-json\/wp\/v2\/posts\/10875"}],"collection":[{"href":"https:\/\/vieassociative.be\/actualites\/wp-json\/wp\/v2\/posts"}],"about":[{"href":"https:\/\/vieassociative.be\/actualites\/wp-json\/wp\/v2\/types\/post"}],"author":[{"embeddable":true,"href":"https:\/\/vieassociative.be\/actualites\/wp-json\/wp\/v2\/users\/1"}],"replies":[{"embeddable":true,"href":"https:\/\/vieassociative.be\/actualites\/wp-json\/wp\/v2\/comments?post=10875"}],"version-history":[{"count":0,"href":"https:\/\/vieassociative.be\/actualites\/wp-json\/wp\/v2\/posts\/10875\/revisions"}],"wp:featuredmedia":[{"embeddable":true,"href":"https:\/\/vieassociative.be\/actualites\/wp-json\/wp\/v2\/media\/10876"}],"wp:attachment":[{"href":"https:\/\/vieassociative.be\/actualites\/wp-json\/wp\/v2\/media?parent=10875"}],"wp:term":[{"taxonomy":"category","embeddable":true,"href":"https:\/\/vieassociative.be\/actualites\/wp-json\/wp\/v2\/categories?post=10875"},{"taxonomy":"post_tag","embeddable":true,"href":"https:\/\/vieassociative.be\/actualites\/wp-json\/wp\/v2\/tags?post=10875"}],"curies":[{"name":"wp","href":"https:\/\/api.w.org\/{rel}","templated":true}]}}