{"id":10873,"date":"2025-10-24T16:17:13","date_gmt":"2025-10-24T14:17:13","guid":{"rendered":"https:\/\/vieassociative.be\/actualites\/des-avoirs-russes-geles-en-ukraine-la-decision-de-lue-depend-en-fin-de-compte-de-la-belgique\/"},"modified":"2025-10-24T16:17:13","modified_gmt":"2025-10-24T14:17:13","slug":"des-avoirs-russes-geles-en-ukraine-la-decision-de-lue-depend-en-fin-de-compte-de-la-belgique","status":"publish","type":"post","link":"https:\/\/vieassociative.be\/actualites\/des-avoirs-russes-geles-en-ukraine-la-decision-de-lue-depend-en-fin-de-compte-de-la-belgique\/","title":{"rendered":"Des avoirs russes gel\u00e9s en Ukraine ? \u2013 La d\u00e9cision de l\u2019UE d\u00e9pend en fin de compte de la Belgique"},"content":{"rendered":"<p><strong>De nombreux chefs d\u2019\u00c9tat et de gouvernement de l\u2019UE souhaitent utiliser les avoirs russes gel\u00e9s pour l\u2019Ukraine. Il y a une longue lutte au sommet de l&rsquo;UE \u2013 en fin de compte, il n&rsquo;y a qu&rsquo;un petit succ\u00e8s.<\/strong><\/p>\n<p><span id=\"more-427940\"><\/span>L\u2019UE a fait un pas en avant en envisageant d\u2019utiliser les avoirs russes gel\u00e9s pour l\u2019Ukraine. Cependant, compte tenu des inqui\u00e9tudes consid\u00e9rables de l&rsquo;acteur central, la Belgique, il reste pour l&rsquo;instant difficile de savoir si ces mesures pourront finalement \u00eatre mises en \u0153uvre.<\/p>\n<p>Une d\u00e9cision devrait \u00eatre prise peu avant No\u00ebl, comme l&rsquo;a annonc\u00e9 le pr\u00e9sident du Conseil de l&rsquo;UE, Ant\u00f3nio Costa, \u00e0 l&rsquo;issue d&rsquo;un sommet europ\u00e9en \u00e0 Bruxelles, auquel participait \u00e9galement le pr\u00e9sident ukrainien Volodymyr Zelensky.<\/p>\n<\/p>\n<div id=\"attachment_427946\" class=\"wp-caption alignleft\" style=\"max-width: 300px\"><img fetchpriority=\"high\" decoding=\"async\" class=\"wp-image-427946 size-medium\" src=\"https:\/\/vieassociative.be\/actualites\/wp-content\/uploads\/2025\/10\/Des-avoirs-russes-geles-en-Ukraine-\u2013-La-decision.jpg\" alt=\"\" width=\"300\" height=\"200\"><\/div>\n<p>Les chefs d&rsquo;\u00c9tat et de gouvernement ont charg\u00e9 la Commission europ\u00e9enne de soumettre dans les plus brefs d\u00e9lais une proposition sur l&rsquo;utilisation des avoirs russes. Toutefois, sur l&rsquo;insistance de la Belgique, la Commission devrait \u00e9galement d\u00e9velopper d&rsquo;autres options pour couvrir les besoins financiers de l&rsquo;Ukraine pour les ann\u00e9es 2026 et 2027.<\/p>\n<p>L\u2019UE est encore loin de parvenir \u00e0 un accord sur l\u2019utilisation des avoirs gel\u00e9s. Il y a trois semaines, le chancelier allemand Friedrich Merz a exprim\u00e9 l&rsquo;espoir qu&rsquo;\u00ab il y aura tr\u00e8s probablement une d\u00e9cision concr\u00e8te \u00e0 ce sujet \u00bb lors du sommet. Toutefois, la d\u00e9claration actuelle n\u2019est qu\u2019un premier pas dans cette direction et ne constitue pas le signal fort esp\u00e9r\u00e9 adress\u00e9 \u00e0 la Russie. Cela a \u00e9galement \u00e9t\u00e9 facilit\u00e9 par le fait que le gouvernement hongrois \u2013 qui entretient des relations relativement bonnes avec Moscou \u2013 a refus\u00e9 de soutenir le texte.<\/p>\n<p>En ce qui concerne les questions de responsabilit\u00e9 et d&rsquo;autres pr\u00e9occupations du c\u00f4t\u00e9 belge, Merz a d\u00e9clar\u00e9 qu&rsquo;il y avait des probl\u00e8mes vraiment graves qui devaient \u00eatre r\u00e9solus. Mais ils ont convenu de travailler ensemble et de trouver un moyen d\u2019utiliser l\u2019argent russe.<\/p>\n<p><strong>\u2013 Affrontement au sommet de d\u00e9cembre ?<\/strong> Le pr\u00e9sident du Conseil de l&rsquo;UE, Ant\u00f3nio Costa, s&rsquo;est n\u00e9anmoins montr\u00e9 optimiste apr\u00e8s le sommet. Personne n\u2019a oppos\u00e9 son veto, a-t-il d\u00e9clar\u00e9. La Commission europ\u00e9enne a \u00e9t\u00e9 invit\u00e9e \u00e0 poursuivre les travaux et \u00e0 clarifier les questions techniques. Une d\u00e9cision finale devrait ensuite \u00eatre prise lors du sommet europ\u00e9en du 18 d\u00e9cembre. Le pr\u00e9sident fran\u00e7ais Emmanuel Macron a fait une d\u00e9claration similaire, affirmant que la volont\u00e9 du projet \u00e9tait \u00ab tr\u00e8s clairement \u00bb confirm\u00e9e.<\/p>\n<\/p>\n<div id=\"attachment_427948\" class=\"wp-caption alignleft\" style=\"max-width: 300px\"><img decoding=\"async\" class=\"wp-image-427948 size-medium\" src=\"https:\/\/vieassociative.be\/actualites\/wp-content\/uploads\/2025\/10\/1761315433_500_Des-avoirs-russes-geles-en-Ukraine-\u2013-La-decision.jpg\" alt=\"\" width=\"300\" height=\"203\"><\/div>\n<p>En ce qui concerne la question des pressions pour prendre une d\u00e9cision, le Premier ministre belge Bart De Wever n&rsquo;a pas soulev\u00e9 d&rsquo;objection. Il a d\u00e9clar\u00e9 : \u00ab Je pense que nous avons besoin d\u2019une solution avant la fin de l\u2019ann\u00e9e pour maintenir l\u2019Ukraine en guerre et r\u00e9soudre ses probl\u00e8mes financiers. \u00bb Il a cit\u00e9 la nouvelle dette de l\u2019UE comme une alternative possible \u00e0 l\u2019utilisation des actifs de l\u2019\u00c9tat russe.<\/p>\n<p>La Belgique a jusqu&rsquo;\u00e0 pr\u00e9sent \u00e9t\u00e9 tr\u00e8s critique \u00e0 l&rsquo;\u00e9gard de ce projet, car elle y voit des risques juridiques importants et craint des cons\u00e9quences n\u00e9gatives pour les entreprises europ\u00e9ennes toujours actives en Russie. Notre pays est un acteur cl\u00e9 car l\u2019argent russe y est actuellement g\u00e9r\u00e9 par l\u2019institution financi\u00e8re Euroclear. Et la Belgique n\u2019est pas la seule \u00e0 \u00eatre pr\u00e9occup\u00e9e.<\/p>\n<p><strong>\u2013 Merz et von der Leyen poursuivent leurs projets :<\/strong> Les projets, promus principalement par Merz et la pr\u00e9sidente de la Commission europ\u00e9enne Ursula von der Leyen, envisagent d&rsquo;utiliser l&rsquo;argent de la banque centrale russe bloqu\u00e9 dans l&rsquo;UE pour accorder \u00e0 l&rsquo;Ukraine des pr\u00eats d&rsquo;une valeur pouvant atteindre 140 milliards d&rsquo;euros. La Russie ne devrait r\u00e9cup\u00e9rer cet argent que si elle verse des r\u00e9parations apr\u00e8s la fin de la guerre d\u2019agression contre l\u2019Ukraine. Dans le cas o\u00f9 l\u2019argent russe gel\u00e9 devait \u00eatre \u00e0 nouveau d\u00e9bloqu\u00e9 de mani\u00e8re inattendue, les \u00c9tats de l\u2019UE devraient fournir des garanties.<\/p>\n<p>Le Premier ministre belge De Wever ne veut permettre la mise en \u0153uvre de ces plans que s&rsquo;il y a une mutualisation compl\u00e8te des risques. Le Belge a \u00e9galement d\u00e9clar\u00e9 que son pays exige des garanties que \u00ab tous les \u00c9tats membres participeront \u00bb si l&rsquo;argent doit \u00eatre rembours\u00e9. Il appelle \u00e9galement \u00e0 la transparence et \u00e0 une action collective de la part de tous les autres pays bloquant les actifs. Il a \u00e9galement averti que les actifs des entreprises europ\u00e9ennes pourraient \u00eatre saisis en Russie.<\/p>\n<\/p>\n<div id=\"attachment_427950\" class=\"wp-caption alignleft\" style=\"max-width: 300px\"><img decoding=\"async\" class=\"wp-image-427950 size-medium\" src=\"https:\/\/vieassociative.be\/actualites\/wp-content\/uploads\/2025\/10\/1761315433_275_Des-avoirs-russes-geles-en-Ukraine-\u2013-La-decision.jpg\" alt=\"\" width=\"300\" height=\"200\"><\/div>\n<p><strong>\u2013 L\u2019Ukraine a besoin de beaucoup d\u2019argent :<\/strong><br \/>\n Les projets d&rsquo;utilisation des actifs russes ont avant tout pour toile de fond les \u00e9normes besoins financiers de l&rsquo;Ukraine. Le soutien militaire et financier \u00e0 Kiev devrait s\u2019\u00e9lever \u00e0 des milliards \u00e0 trois chiffres au cours des deux prochaines ann\u00e9es.<\/p>\n<p>Le Fonds mon\u00e9taire international (FMI) estime \u00e0 60 milliards de dollars am\u00e9ricains (52 milliards d&rsquo;euros) les besoins en soutien budg\u00e9taire pour le fonctionnement de l&rsquo;\u00c9tat en 2026 et 2027. En outre, il y aurait probablement au moins 80 milliards d&rsquo;euros pour des armes et des munitions destin\u00e9es \u00e0 la lutte d\u00e9fensive contre la Russie &#8211; et cela tient d\u00e9j\u00e0 compte du fait que la guerre sous sa forme actuelle pourrait ne pas se poursuivre pendant deux ann\u00e9es compl\u00e8tes.<\/p>\n<p>Si les actifs russes ne peuvent pas \u00eatre utilis\u00e9s, les \u00c9tats de l\u2019UE devront trouver ailleurs l\u2019argent n\u00e9cessaire pour soutenir l\u2019Ukraine \u2013 ce qui est consid\u00e9r\u00e9 comme difficile \u00e9tant donn\u00e9 les niveaux \u00e9lev\u00e9s d\u2019endettement de pays comme la France et l\u2019Italie.<\/p>\n<p><strong>\u2013 Zelenskyj esp\u00e8re de l\u2019aide d\u00e9but 2026 :<\/strong> Le pr\u00e9sident ukrainien Zelensky a d\u00e9clar\u00e9 lors du sommet de Bruxelles que son pays aurait besoin de cet argent l&rsquo;ann\u00e9e prochaine. \u00ab\u00a0Nous en avons besoin en 2026 et il serait pr\u00e9f\u00e9rable de l&rsquo;avoir d\u00e8s le d\u00e9but de l&rsquo;ann\u00e9e\u00a0\u00bb, a-t-il d\u00e9clar\u00e9. Il a toutefois ajout\u00e9 qu&rsquo;il ne savait pas si cela \u00e9tait possible. \u00ab\u00a0Tout ne d\u00e9pend pas de nous.\u00a0\u00bb (dpa\/cr\u00e9)<\/p>\n","protected":false},"excerpt":{"rendered":"<p>De nombreux chefs d\u2019\u00c9tat et de gouvernement de l\u2019UE souhaitent utiliser les avoirs russes gel\u00e9s pour l\u2019Ukraine. Il y a une longue lutte au sommet<\/p>\n","protected":false},"author":1,"featured_media":10874,"comment_status":"","ping_status":"","sticky":false,"template":"","format":"standard","meta":{"footnotes":""},"categories":[298],"tags":[9025,383,962,7933,7931,29,1908,6668,3578,8786,3071],"class_list":["post-10873","post","type-post","status-publish","format-standard","has-post-thumbnail","hentry","category-belgique","tag-avoirs","tag-belgique","tag-compte","tag-decision","tag-depend","tag-des","tag-fin","tag-geles","tag-lue","tag-russes","tag-ukraine","generate-columns","tablet-grid-50","mobile-grid-100","grid-parent","grid-33"],"yoast_head":"<!-- This site is optimized with the Yoast SEO plugin v24.0 - https:\/\/yoast.com\/wordpress\/plugins\/seo\/ -->\n<title>Des avoirs russes gel\u00e9s en Ukraine ? \u2013 La d\u00e9cision de l\u2019UE d\u00e9pend en fin de compte de la Belgique | Vie Associative<\/title>\n<meta name=\"robots\" content=\"index, follow, max-snippet:-1, max-image-preview:large, max-video-preview:-1\" \/>\n<link rel=\"canonical\" href=\"https:\/\/vieassociative.be\/actualites\/des-avoirs-russes-geles-en-ukraine-la-decision-de-lue-depend-en-fin-de-compte-de-la-belgique\/\" \/>\n<meta property=\"og:locale\" content=\"fr_FR\" \/>\n<meta property=\"og:type\" content=\"article\" \/>\n<meta property=\"og:title\" content=\"Des avoirs russes gel\u00e9s en Ukraine ? \u2013 La d\u00e9cision de l\u2019UE d\u00e9pend en fin de compte de la Belgique | Vie Associative\" \/>\n<meta property=\"og:description\" content=\"De nombreux chefs d\u2019\u00c9tat et de gouvernement de l\u2019UE souhaitent utiliser les avoirs russes gel\u00e9s pour l\u2019Ukraine. Il y a une longue lutte au sommet\" \/>\n<meta property=\"og:url\" content=\"https:\/\/vieassociative.be\/actualites\/des-avoirs-russes-geles-en-ukraine-la-decision-de-lue-depend-en-fin-de-compte-de-la-belgique\/\" \/>\n<meta property=\"og:site_name\" content=\"Vie Associative\" \/>\n<meta property=\"article:published_time\" content=\"2025-10-24T14:17:13+00:00\" \/>\n<meta property=\"og:image\" content=\"https:\/\/vieassociative.be\/actualites\/wp-content\/uploads\/2024\/09\/header_backgroundk-01-e1726694325946.png\" \/>\n\t<meta property=\"og:image:width\" content=\"279\" \/>\n\t<meta property=\"og:image:height\" content=\"92\" \/>\n\t<meta property=\"og:image:type\" content=\"image\/png\" \/>\n<meta name=\"author\" content=\"Julien\" \/>\n<meta name=\"twitter:card\" content=\"summary_large_image\" \/>\n<meta name=\"twitter:label1\" content=\"\u00c9crit par\" \/>\n\t<meta name=\"twitter:data1\" content=\"Julien\" \/>\n\t<meta name=\"twitter:label2\" content=\"Dur\u00e9e de lecture est.\" \/>\n\t<meta name=\"twitter:data2\" content=\"5 minutes\" \/>\n<script type=\"application\/ld+json\" class=\"yoast-schema-graph\">{\"@context\":\"https:\/\/schema.org\",\"@graph\":[{\"@type\":\"Article\",\"@id\":\"https:\/\/vieassociative.be\/actualites\/des-avoirs-russes-geles-en-ukraine-la-decision-de-lue-depend-en-fin-de-compte-de-la-belgique\/#article\",\"isPartOf\":{\"@id\":\"https:\/\/vieassociative.be\/actualites\/des-avoirs-russes-geles-en-ukraine-la-decision-de-lue-depend-en-fin-de-compte-de-la-belgique\/\"},\"author\":{\"name\":\"Julien\",\"@id\":\"https:\/\/vieassociative.be\/actualites\/#\/schema\/person\/b87ac4f82f9d4e7b7cec7395b679edc4\"},\"headline\":\"Des avoirs russes gel\u00e9s en Ukraine ? \u2013 La d\u00e9cision de l\u2019UE d\u00e9pend en fin de compte de la Belgique\",\"datePublished\":\"2025-10-24T14:17:13+00:00\",\"dateModified\":\"2025-10-24T14:17:13+00:00\",\"mainEntityOfPage\":{\"@id\":\"https:\/\/vieassociative.be\/actualites\/des-avoirs-russes-geles-en-ukraine-la-decision-de-lue-depend-en-fin-de-compte-de-la-belgique\/\"},\"wordCount\":1072,\"publisher\":{\"@id\":\"https:\/\/vieassociative.be\/actualites\/#organization\"},\"image\":{\"@id\":\"https:\/\/vieassociative.be\/actualites\/des-avoirs-russes-geles-en-ukraine-la-decision-de-lue-depend-en-fin-de-compte-de-la-belgique\/#primaryimage\"},\"thumbnailUrl\":\"https:\/\/vieassociative.be\/actualites\/wp-content\/uploads\/2025\/10\/1761315434_Des-avoirs-russes-geles-en-Ukraine-\u2013-La-decision.jpg\",\"keywords\":[\"avoirs\",\"Belgique\",\"compte\",\"d\u00e9cision\",\"d\u00e9pend\",\"Des\",\"fin\",\"gel\u00e9s\",\"LUE\",\"russes\",\"Ukraine\"],\"articleSection\":[\"Belgique\"],\"inLanguage\":\"fr-BE\"},{\"@type\":\"WebPage\",\"@id\":\"https:\/\/vieassociative.be\/actualites\/des-avoirs-russes-geles-en-ukraine-la-decision-de-lue-depend-en-fin-de-compte-de-la-belgique\/\",\"url\":\"https:\/\/vieassociative.be\/actualites\/des-avoirs-russes-geles-en-ukraine-la-decision-de-lue-depend-en-fin-de-compte-de-la-belgique\/\",\"name\":\"Des avoirs russes gel\u00e9s en Ukraine ? \u2013 La d\u00e9cision de l\u2019UE d\u00e9pend en fin de compte de la Belgique | Vie Associative\",\"isPartOf\":{\"@id\":\"https:\/\/vieassociative.be\/actualites\/#website\"},\"primaryImageOfPage\":{\"@id\":\"https:\/\/vieassociative.be\/actualites\/des-avoirs-russes-geles-en-ukraine-la-decision-de-lue-depend-en-fin-de-compte-de-la-belgique\/#primaryimage\"},\"image\":{\"@id\":\"https:\/\/vieassociative.be\/actualites\/des-avoirs-russes-geles-en-ukraine-la-decision-de-lue-depend-en-fin-de-compte-de-la-belgique\/#primaryimage\"},\"thumbnailUrl\":\"https:\/\/vieassociative.be\/actualites\/wp-content\/uploads\/2025\/10\/1761315434_Des-avoirs-russes-geles-en-Ukraine-\u2013-La-decision.jpg\",\"datePublished\":\"2025-10-24T14:17:13+00:00\",\"dateModified\":\"2025-10-24T14:17:13+00:00\",\"breadcrumb\":{\"@id\":\"https:\/\/vieassociative.be\/actualites\/des-avoirs-russes-geles-en-ukraine-la-decision-de-lue-depend-en-fin-de-compte-de-la-belgique\/#breadcrumb\"},\"inLanguage\":\"fr-BE\",\"potentialAction\":[{\"@type\":\"ReadAction\",\"target\":[\"https:\/\/vieassociative.be\/actualites\/des-avoirs-russes-geles-en-ukraine-la-decision-de-lue-depend-en-fin-de-compte-de-la-belgique\/\"]}]},{\"@type\":\"ImageObject\",\"inLanguage\":\"fr-BE\",\"@id\":\"https:\/\/vieassociative.be\/actualites\/des-avoirs-russes-geles-en-ukraine-la-decision-de-lue-depend-en-fin-de-compte-de-la-belgique\/#primaryimage\",\"url\":\"https:\/\/vieassociative.be\/actualites\/wp-content\/uploads\/2025\/10\/1761315434_Des-avoirs-russes-geles-en-Ukraine-\u2013-La-decision.jpg\",\"contentUrl\":\"https:\/\/vieassociative.be\/actualites\/wp-content\/uploads\/2025\/10\/1761315434_Des-avoirs-russes-geles-en-Ukraine-\u2013-La-decision.jpg\",\"width\":1200,\"height\":800,\"caption\":\"Des avoirs russes gel\u00e9s en Ukraine ? \u2013 La d\u00e9cision de l\u2019UE d\u00e9pend en fin de compte de la Belgique\"},{\"@type\":\"BreadcrumbList\",\"@id\":\"https:\/\/vieassociative.be\/actualites\/des-avoirs-russes-geles-en-ukraine-la-decision-de-lue-depend-en-fin-de-compte-de-la-belgique\/#breadcrumb\",\"itemListElement\":[{\"@type\":\"ListItem\",\"position\":1,\"name\":\"Accueil\",\"item\":\"https:\/\/vieassociative.be\/actualites\/\"},{\"@type\":\"ListItem\",\"position\":2,\"name\":\"Des avoirs russes gel\u00e9s en Ukraine ? \u2013 La d\u00e9cision de l\u2019UE d\u00e9pend en fin de compte de la Belgique\"}]},{\"@type\":\"WebSite\",\"@id\":\"https:\/\/vieassociative.be\/actualites\/#website\",\"url\":\"https:\/\/vieassociative.be\/actualites\/\",\"name\":\"Vie Associative\",\"description\":\"\",\"publisher\":{\"@id\":\"https:\/\/vieassociative.be\/actualites\/#organization\"},\"potentialAction\":[{\"@type\":\"SearchAction\",\"target\":{\"@type\":\"EntryPoint\",\"urlTemplate\":\"https:\/\/vieassociative.be\/actualites\/?s={search_term_string}\"},\"query-input\":{\"@type\":\"PropertyValueSpecification\",\"valueRequired\":true,\"valueName\":\"search_term_string\"}}],\"inLanguage\":\"fr-BE\"},{\"@type\":\"Organization\",\"@id\":\"https:\/\/vieassociative.be\/actualites\/#organization\",\"name\":\"Vie Associative\",\"url\":\"https:\/\/vieassociative.be\/actualites\/\",\"logo\":{\"@type\":\"ImageObject\",\"inLanguage\":\"fr-BE\",\"@id\":\"https:\/\/vieassociative.be\/actualites\/#\/schema\/logo\/image\/\",\"url\":\"https:\/\/vieassociative.be\/actualites\/wp-content\/uploads\/2024\/09\/cropped-vieassociative_favicon.ico.png\",\"contentUrl\":\"https:\/\/vieassociative.be\/actualites\/wp-content\/uploads\/2024\/09\/cropped-vieassociative_favicon.ico.png\",\"width\":512,\"height\":512,\"caption\":\"Vie Associative\"},\"image\":{\"@id\":\"https:\/\/vieassociative.be\/actualites\/#\/schema\/logo\/image\/\"}},{\"@type\":\"Person\",\"@id\":\"https:\/\/vieassociative.be\/actualites\/#\/schema\/person\/b87ac4f82f9d4e7b7cec7395b679edc4\",\"name\":\"Julien\",\"image\":{\"@type\":\"ImageObject\",\"inLanguage\":\"fr-BE\",\"@id\":\"https:\/\/vieassociative.be\/actualites\/#\/schema\/person\/image\/\",\"url\":\"https:\/\/vieassociative.be\/actualites\/wp-content\/uploads\/2024\/09\/vie-associative-1-150x150.jpg\",\"contentUrl\":\"https:\/\/vieassociative.be\/actualites\/wp-content\/uploads\/2024\/09\/vie-associative-1-150x150.jpg\",\"caption\":\"Julien\"},\"description\":\"Je suis Julien, r\u00e9dacteur pour Vie Associative. Passionn\u00e9 par le monde associatif depuis plus de 10 ans, j'ai \u00e0 c\u0153ur de partager des histoires inspirantes et de mettre en lumi\u00e8re les initiatives locales. Mon objectif est de sensibiliser et d'encourager l'engagement communautaire \u00e0 travers mes articles.\",\"sameAs\":[\"https:\/\/vieassociative.be\/\"]}]}<\/script>\n<!-- \/ Yoast SEO plugin. -->","yoast_head_json":{"title":"Des avoirs russes gel\u00e9s en Ukraine ? \u2013 La d\u00e9cision de l\u2019UE d\u00e9pend en fin de compte de la Belgique | Vie Associative","robots":{"index":"index","follow":"follow","max-snippet":"max-snippet:-1","max-image-preview":"max-image-preview:large","max-video-preview":"max-video-preview:-1"},"canonical":"https:\/\/vieassociative.be\/actualites\/des-avoirs-russes-geles-en-ukraine-la-decision-de-lue-depend-en-fin-de-compte-de-la-belgique\/","og_locale":"fr_FR","og_type":"article","og_title":"Des avoirs russes gel\u00e9s en Ukraine ? \u2013 La d\u00e9cision de l\u2019UE d\u00e9pend en fin de compte de la Belgique | Vie Associative","og_description":"De nombreux chefs d\u2019\u00c9tat et de gouvernement de l\u2019UE souhaitent utiliser les avoirs russes gel\u00e9s pour l\u2019Ukraine. Il y a une longue lutte au sommet","og_url":"https:\/\/vieassociative.be\/actualites\/des-avoirs-russes-geles-en-ukraine-la-decision-de-lue-depend-en-fin-de-compte-de-la-belgique\/","og_site_name":"Vie Associative","article_published_time":"2025-10-24T14:17:13+00:00","og_image":[{"width":279,"height":92,"url":"https:\/\/vieassociative.be\/actualites\/wp-content\/uploads\/2024\/09\/header_backgroundk-01-e1726694325946.png","type":"image\/png"}],"author":"Julien","twitter_card":"summary_large_image","twitter_misc":{"\u00c9crit par":"Julien","Dur\u00e9e de lecture est.":"5 minutes"},"schema":{"@context":"https:\/\/schema.org","@graph":[{"@type":"Article","@id":"https:\/\/vieassociative.be\/actualites\/des-avoirs-russes-geles-en-ukraine-la-decision-de-lue-depend-en-fin-de-compte-de-la-belgique\/#article","isPartOf":{"@id":"https:\/\/vieassociative.be\/actualites\/des-avoirs-russes-geles-en-ukraine-la-decision-de-lue-depend-en-fin-de-compte-de-la-belgique\/"},"author":{"name":"Julien","@id":"https:\/\/vieassociative.be\/actualites\/#\/schema\/person\/b87ac4f82f9d4e7b7cec7395b679edc4"},"headline":"Des avoirs russes gel\u00e9s en Ukraine ? \u2013 La d\u00e9cision de l\u2019UE d\u00e9pend en fin de compte de la Belgique","datePublished":"2025-10-24T14:17:13+00:00","dateModified":"2025-10-24T14:17:13+00:00","mainEntityOfPage":{"@id":"https:\/\/vieassociative.be\/actualites\/des-avoirs-russes-geles-en-ukraine-la-decision-de-lue-depend-en-fin-de-compte-de-la-belgique\/"},"wordCount":1072,"publisher":{"@id":"https:\/\/vieassociative.be\/actualites\/#organization"},"image":{"@id":"https:\/\/vieassociative.be\/actualites\/des-avoirs-russes-geles-en-ukraine-la-decision-de-lue-depend-en-fin-de-compte-de-la-belgique\/#primaryimage"},"thumbnailUrl":"https:\/\/vieassociative.be\/actualites\/wp-content\/uploads\/2025\/10\/1761315434_Des-avoirs-russes-geles-en-Ukraine-\u2013-La-decision.jpg","keywords":["avoirs","Belgique","compte","d\u00e9cision","d\u00e9pend","Des","fin","gel\u00e9s","LUE","russes","Ukraine"],"articleSection":["Belgique"],"inLanguage":"fr-BE"},{"@type":"WebPage","@id":"https:\/\/vieassociative.be\/actualites\/des-avoirs-russes-geles-en-ukraine-la-decision-de-lue-depend-en-fin-de-compte-de-la-belgique\/","url":"https:\/\/vieassociative.be\/actualites\/des-avoirs-russes-geles-en-ukraine-la-decision-de-lue-depend-en-fin-de-compte-de-la-belgique\/","name":"Des avoirs russes gel\u00e9s en Ukraine ? \u2013 La d\u00e9cision de l\u2019UE d\u00e9pend en fin de compte de la Belgique | Vie Associative","isPartOf":{"@id":"https:\/\/vieassociative.be\/actualites\/#website"},"primaryImageOfPage":{"@id":"https:\/\/vieassociative.be\/actualites\/des-avoirs-russes-geles-en-ukraine-la-decision-de-lue-depend-en-fin-de-compte-de-la-belgique\/#primaryimage"},"image":{"@id":"https:\/\/vieassociative.be\/actualites\/des-avoirs-russes-geles-en-ukraine-la-decision-de-lue-depend-en-fin-de-compte-de-la-belgique\/#primaryimage"},"thumbnailUrl":"https:\/\/vieassociative.be\/actualites\/wp-content\/uploads\/2025\/10\/1761315434_Des-avoirs-russes-geles-en-Ukraine-\u2013-La-decision.jpg","datePublished":"2025-10-24T14:17:13+00:00","dateModified":"2025-10-24T14:17:13+00:00","breadcrumb":{"@id":"https:\/\/vieassociative.be\/actualites\/des-avoirs-russes-geles-en-ukraine-la-decision-de-lue-depend-en-fin-de-compte-de-la-belgique\/#breadcrumb"},"inLanguage":"fr-BE","potentialAction":[{"@type":"ReadAction","target":["https:\/\/vieassociative.be\/actualites\/des-avoirs-russes-geles-en-ukraine-la-decision-de-lue-depend-en-fin-de-compte-de-la-belgique\/"]}]},{"@type":"ImageObject","inLanguage":"fr-BE","@id":"https:\/\/vieassociative.be\/actualites\/des-avoirs-russes-geles-en-ukraine-la-decision-de-lue-depend-en-fin-de-compte-de-la-belgique\/#primaryimage","url":"https:\/\/vieassociative.be\/actualites\/wp-content\/uploads\/2025\/10\/1761315434_Des-avoirs-russes-geles-en-Ukraine-\u2013-La-decision.jpg","contentUrl":"https:\/\/vieassociative.be\/actualites\/wp-content\/uploads\/2025\/10\/1761315434_Des-avoirs-russes-geles-en-Ukraine-\u2013-La-decision.jpg","width":1200,"height":800,"caption":"Des avoirs russes gel\u00e9s en Ukraine ? \u2013 La d\u00e9cision de l\u2019UE d\u00e9pend en fin de compte de la Belgique"},{"@type":"BreadcrumbList","@id":"https:\/\/vieassociative.be\/actualites\/des-avoirs-russes-geles-en-ukraine-la-decision-de-lue-depend-en-fin-de-compte-de-la-belgique\/#breadcrumb","itemListElement":[{"@type":"ListItem","position":1,"name":"Accueil","item":"https:\/\/vieassociative.be\/actualites\/"},{"@type":"ListItem","position":2,"name":"Des avoirs russes gel\u00e9s en Ukraine ? \u2013 La d\u00e9cision de l\u2019UE d\u00e9pend en fin de compte de la Belgique"}]},{"@type":"WebSite","@id":"https:\/\/vieassociative.be\/actualites\/#website","url":"https:\/\/vieassociative.be\/actualites\/","name":"Vie Associative","description":"","publisher":{"@id":"https:\/\/vieassociative.be\/actualites\/#organization"},"potentialAction":[{"@type":"SearchAction","target":{"@type":"EntryPoint","urlTemplate":"https:\/\/vieassociative.be\/actualites\/?s={search_term_string}"},"query-input":{"@type":"PropertyValueSpecification","valueRequired":true,"valueName":"search_term_string"}}],"inLanguage":"fr-BE"},{"@type":"Organization","@id":"https:\/\/vieassociative.be\/actualites\/#organization","name":"Vie Associative","url":"https:\/\/vieassociative.be\/actualites\/","logo":{"@type":"ImageObject","inLanguage":"fr-BE","@id":"https:\/\/vieassociative.be\/actualites\/#\/schema\/logo\/image\/","url":"https:\/\/vieassociative.be\/actualites\/wp-content\/uploads\/2024\/09\/cropped-vieassociative_favicon.ico.png","contentUrl":"https:\/\/vieassociative.be\/actualites\/wp-content\/uploads\/2024\/09\/cropped-vieassociative_favicon.ico.png","width":512,"height":512,"caption":"Vie Associative"},"image":{"@id":"https:\/\/vieassociative.be\/actualites\/#\/schema\/logo\/image\/"}},{"@type":"Person","@id":"https:\/\/vieassociative.be\/actualites\/#\/schema\/person\/b87ac4f82f9d4e7b7cec7395b679edc4","name":"Julien","image":{"@type":"ImageObject","inLanguage":"fr-BE","@id":"https:\/\/vieassociative.be\/actualites\/#\/schema\/person\/image\/","url":"https:\/\/vieassociative.be\/actualites\/wp-content\/uploads\/2024\/09\/vie-associative-1-150x150.jpg","contentUrl":"https:\/\/vieassociative.be\/actualites\/wp-content\/uploads\/2024\/09\/vie-associative-1-150x150.jpg","caption":"Julien"},"description":"Je suis Julien, r\u00e9dacteur pour Vie Associative. Passionn\u00e9 par le monde associatif depuis plus de 10 ans, j'ai \u00e0 c\u0153ur de partager des histoires inspirantes et de mettre en lumi\u00e8re les initiatives locales. Mon objectif est de sensibiliser et d'encourager l'engagement communautaire \u00e0 travers mes articles.","sameAs":["https:\/\/vieassociative.be\/"]}]}},"_links":{"self":[{"href":"https:\/\/vieassociative.be\/actualites\/wp-json\/wp\/v2\/posts\/10873"}],"collection":[{"href":"https:\/\/vieassociative.be\/actualites\/wp-json\/wp\/v2\/posts"}],"about":[{"href":"https:\/\/vieassociative.be\/actualites\/wp-json\/wp\/v2\/types\/post"}],"author":[{"embeddable":true,"href":"https:\/\/vieassociative.be\/actualites\/wp-json\/wp\/v2\/users\/1"}],"replies":[{"embeddable":true,"href":"https:\/\/vieassociative.be\/actualites\/wp-json\/wp\/v2\/comments?post=10873"}],"version-history":[{"count":0,"href":"https:\/\/vieassociative.be\/actualites\/wp-json\/wp\/v2\/posts\/10873\/revisions"}],"wp:featuredmedia":[{"embeddable":true,"href":"https:\/\/vieassociative.be\/actualites\/wp-json\/wp\/v2\/media\/10874"}],"wp:attachment":[{"href":"https:\/\/vieassociative.be\/actualites\/wp-json\/wp\/v2\/media?parent=10873"}],"wp:term":[{"taxonomy":"category","embeddable":true,"href":"https:\/\/vieassociative.be\/actualites\/wp-json\/wp\/v2\/categories?post=10873"},{"taxonomy":"post_tag","embeddable":true,"href":"https:\/\/vieassociative.be\/actualites\/wp-json\/wp\/v2\/tags?post=10873"}],"curies":[{"name":"wp","href":"https:\/\/api.w.org\/{rel}","templated":true}]}}