{"id":10871,"date":"2025-10-24T15:23:43","date_gmt":"2025-10-24T13:23:43","guid":{"rendered":"https:\/\/vieassociative.be\/actualites\/pourquoi-devriez-vous-manger-la-grenouille-des-le-matin\/"},"modified":"2025-10-24T15:23:43","modified_gmt":"2025-10-24T13:23:43","slug":"pourquoi-devriez-vous-manger-la-grenouille-des-le-matin","status":"publish","type":"post","link":"https:\/\/vieassociative.be\/actualites\/pourquoi-devriez-vous-manger-la-grenouille-des-le-matin\/","title":{"rendered":"Pourquoi devriez-vous \u00ab\u00a0manger la grenouille\u00a0\u00bb d\u00e8s le matin"},"content":{"rendered":"<div class=\"mt-4 leading-6 md:mb-8\">Ne tardez pas, prenez une grosse bouch\u00e9e de ce type. Il ne pense pas que tu l&rsquo;as en toi.<\/div>\n<p><\/p>\n<p>Vous avez peut-\u00eatre ou non entendu parler de \u00ab\u00a0manger la grenouille\u00a0\u00bb. C&rsquo;est une de ces choses qui d\u00e9clenchent le ph\u00e9nom\u00e8ne Baader-Meinhof une fois qu&rsquo;on en prend connaissance : du coup, tout le monde semble le dire, ce qui est choquant, car c&rsquo;est un peu graphique et \u00e9vocateur. Heureusement, cela ne signifie pas que vous devez vraiment manger des grenouilles ; c&rsquo;est simplement une fa\u00e7on de faire r\u00e9f\u00e9rence \u00e0 la philosophie de productivit\u00e9 qui dit que vous devez vous attaquer \u00e0 votre t\u00e2che la plus importante et la plus difficile d\u00e8s le matin. <\/p>\n<h2 id=\"what-it-means-to-eat-the-frog\">Ce que signifie \u00ab\u00a0manger la grenouille\u00a0\u00bb<\/h2>\n<p>\u00ab Manger la grenouille \u00bb signifie \u00ab faire les choses de la journ\u00e9e \u00bb <em>pire<\/em> t\u00e2che d\u00e8s votre r\u00e9veil. Cela vient d\u2019une citation attribu\u00e9e \u00e0 Mark Twain, bien qu\u2019il existe quelques versions diff\u00e9rentes qui circulent. (Jordan Calhoun, r\u00e9dacteur en chef de Vie Associative, par exemple, appelle cela \u00ab\u00a0avaler la grenouille\u00a0\u00bb, ce qui semble plus horrible pour des raisons que je ne peux pas vraiment identifier.) Fondamentalement, ce que Twain aurait dit (bien qu&rsquo;il n&rsquo;y ait pas beaucoup de preuves qu&rsquo;il l&rsquo;a vraiment fait), c&rsquo;est que si vous <em>avoir<\/em> Pour manger une grenouille, vous devez le faire imm\u00e9diatement le matin afin que le pire moment de votre journ\u00e9e soit imm\u00e9diatement derri\u00e8re vous.<\/p>\n<p>Quelle que soit l&rsquo;origine douteuse de cette suggestion color\u00e9e, elle a conduit \u00e0 la cr\u00e9ation d&rsquo;une s\u00e9rie d&rsquo;auto-assistance populaire par Brian Tracy et est devenue un raccourci pour \u00e9liminer les choses difficiles afin que vous puissiez vous concentrer sur vos autres t\u00e2ches.<\/p>\n<div class=\"mx-auto mb-12 mt-5 w-full max-w-3xl rounded-md border-2 border-gray-100 p-3 shadow-md md:px-7 md:pb-7 md:pt-5\" id=\"related-video\">\n<div class=\"mb-3 flex items-center md:mb-5\">\n        <img decoding=\"async\" class=\"mr-4 mt-0 h-10 w-10 md:mr-5 md:h-12 md:w-12\" src=\"https:\/\/vieassociative.be\/actualites\/wp-content\/uploads\/2025\/09\/1757726237_608_Meta-pourrait-devoiler-une-montre-intelligente-pour-controler-ses-lunettes.jpg\" alt=\"Logo du pirate de la vie\"><\/p><\/div>\n<div class=\"aspect-video w-full overflow-hidden rounded-md\">\n<div id=\"video-container-01K8B5EV4J02DHBXVAFHT5P6J5\"><\/div>\n<\/p><\/div>\n<\/div>\n<h2 id=\"whats-in-it-for-you\">Qu&rsquo;est-ce que cela vous apporte ?<\/h2>\n<p>Comme Tracy l&rsquo;explique sur son blog, votre \u00ab grenouille \u00bb est quelle que soit votre t\u00e2che la plus importante \u00e0 un moment donn\u00e9 : \u00ab C&rsquo;est celle pour laquelle vous \u00eates le plus susceptible de tergiverser si vous ne faites rien. \u00bb<\/p>\n<p>Vous n\u2019\u00eates m\u00eame pas oblig\u00e9 de manger la grenouille d\u00e8s votre r\u00e9veil ; vous pouvez simplement faire un effort conscient pour assumer vos responsabilit\u00e9s les plus difficiles avant de passer \u00e0 des responsabilit\u00e9s moins importantes. Mais tu devrais <em>essayer <\/em>pour les \u00e9liminer t\u00f4t dans la journ\u00e9e. Lorsque je dois recevoir un appel t\u00e9l\u00e9phonique inconfortable, je le planifie le plus t\u00f4t possible dans la journ\u00e9e. Lorsque j\u2019ai un projet \u00e0 rendre, j\u2019essaie de me lever t\u00f4t pour m\u2019en occuper au lieu de me coucher tard. Je peux attester du fait que je me sens <em>super <\/em>tout au long de la journ\u00e9e en sachant que la pire chose que je devais faire est d\u00e9j\u00e0 faite. Cela donne toujours l\u2019impression que toutes les autres t\u00e2ches que je dois g\u00e9rer sont un jeu d\u2019enfant. Ils sont p\u00e2les en comparaison du monstre que j\u2019ai assomm\u00e9 au petit matin.<\/p>\n<p>Si aucune t\u00e2che particuli\u00e8re ne vous fait peur, vous pouvez remplacer quelque chose de d\u00e9sagr\u00e9able par quelque chose d\u2019important ou de gourmand en ressources. Pour d\u00e9terminer laquelle de vos t\u00e2ches est la plus urgente (et donc la grenouille que vous devriez manger) vous pouvez utiliser un syst\u00e8me de priorisation comme la matrice d&rsquo;Eisenhower ou la m\u00e9thode 1-3-5. En fait, la technique 1-3-5 vous aide \u00e0 structurer votre journ\u00e9e autour de l\u2019accomplissement d\u2019une t\u00e2che majeure, de trois t\u00e2ches moyennes et de cinq petites, ce qui la rend id\u00e9ale pour manger des grenouilles. <\/p>\n<p>Si vous souffrez de procrastination, qu&rsquo;il s&rsquo;agisse de nettoyer votre maison, de faire des travaux pour l&rsquo;\u00e9cole ou votre travail, ou si vous constatez que vous faites toutes les petites choses mais ne faites pas suffisamment de progr\u00e8s sur les grandes choses, essayez de manger la grenouille. Planifiez les t\u00e2ches les plus m\u00e9pris\u00e9es pour la matin\u00e9e. Essayez d&rsquo;aller \u00e0 la salle de sport avant le travail plut\u00f4t qu&rsquo;apr\u00e8s, en bloquant votre premi\u00e8re demi-heure de travail pour r\u00e9pondre aux e-mails n\u00e9glig\u00e9s ou en nettoyant la cuisine avant de pr\u00e9parer votre caf\u00e9 du matin. \u00c9tudiez pour le test de votre classe la plus difficile avant d&rsquo;\u00e9tudier pour les classes les plus faciles. Appelez vos parents avant d&rsquo;appeler vos amis. Vous voyez l&rsquo;id\u00e9e. <\/p>\n<p>C&rsquo;est similaire \u00e0 la r\u00e8gle des deux minutes, qui stipule que vous devez vous lancer dans toute t\u00e2che qui prend moins de deux minutes d\u00e8s qu&rsquo;elle vous vient \u00e0 l&rsquo;esprit. Vos grenouilles peuvent prendre plus de deux minutes, mais l&rsquo;id\u00e9e que vous devez simplement les aborder instantan\u00e9ment sans d\u00e9lib\u00e9rer ni tergiverser est cruciale. Prenez l&rsquo;habitude de simplement <em>faire<\/em> des choses. <\/p>\n<p>Id\u00e9alement, dressez votre liste de choses \u00e0 faire la veille au soir afin de n&rsquo;avoir rien \u00e0 penser au r\u00e9veil et de pouvoir vous mettre directement au travail. Au fur et \u00e0 mesure que vous d\u00e9veloppez cette habitude et cet \u00e9tat d&rsquo;esprit, \u00e0 un moment donn\u00e9, passer \u00e0 des activit\u00e9s plus petites, m\u00eame si elles sont importantes, vous semblera comme une r\u00e9compense. <\/p>\n","protected":false},"excerpt":{"rendered":"<p>Ne tardez pas, prenez une grosse bouch\u00e9e de ce type. Il ne pense pas que tu l&rsquo;as en toi. Vous avez peut-\u00eatre ou non entendu<\/p>\n","protected":false},"author":1,"featured_media":10872,"comment_status":"","ping_status":"","sticky":false,"template":"","format":"standard","meta":{"footnotes":""},"categories":[43],"tags":[29,1078,9024,1170,2005,734],"class_list":["post-10871","post","type-post","status-publish","format-standard","has-post-thumbnail","hentry","category-travail","tag-des","tag-devriezvous","tag-grenouille","tag-manger","tag-matin","tag-pourquoi","generate-columns","tablet-grid-50","mobile-grid-100","grid-parent","grid-33"],"yoast_head":"<!-- This site is optimized with the Yoast SEO plugin v24.0 - https:\/\/yoast.com\/wordpress\/plugins\/seo\/ -->\n<title>Pourquoi devriez-vous \u00ab\u00a0manger la grenouille\u00a0\u00bb d\u00e8s le matin | Vie Associative<\/title>\n<meta name=\"robots\" content=\"index, follow, max-snippet:-1, max-image-preview:large, max-video-preview:-1\" \/>\n<link rel=\"canonical\" href=\"https:\/\/vieassociative.be\/actualites\/pourquoi-devriez-vous-manger-la-grenouille-des-le-matin\/\" \/>\n<meta property=\"og:locale\" content=\"fr_FR\" \/>\n<meta property=\"og:type\" content=\"article\" \/>\n<meta property=\"og:title\" content=\"Pourquoi devriez-vous \u00ab\u00a0manger la grenouille\u00a0\u00bb d\u00e8s le matin | Vie Associative\" \/>\n<meta property=\"og:description\" content=\"Ne tardez pas, prenez une grosse bouch\u00e9e de ce type. Il ne pense pas que tu l&rsquo;as en toi. Vous avez peut-\u00eatre ou non entendu\" \/>\n<meta property=\"og:url\" content=\"https:\/\/vieassociative.be\/actualites\/pourquoi-devriez-vous-manger-la-grenouille-des-le-matin\/\" \/>\n<meta property=\"og:site_name\" content=\"Vie Associative\" \/>\n<meta property=\"article:published_time\" content=\"2025-10-24T13:23:43+00:00\" \/>\n<meta property=\"og:image\" content=\"https:\/\/vieassociative.be\/actualites\/wp-content\/uploads\/2025\/09\/1757726237_608_Meta-pourrait-devoiler-une-montre-intelligente-pour-controler-ses-lunettes.jpg\" \/>\n<meta name=\"author\" content=\"Julien\" \/>\n<meta name=\"twitter:card\" content=\"summary_large_image\" \/>\n<meta name=\"twitter:label1\" content=\"\u00c9crit par\" \/>\n\t<meta name=\"twitter:data1\" content=\"Julien\" \/>\n\t<meta name=\"twitter:label2\" content=\"Dur\u00e9e de lecture est.\" \/>\n\t<meta name=\"twitter:data2\" content=\"4 minutes\" \/>\n<script type=\"application\/ld+json\" class=\"yoast-schema-graph\">{\"@context\":\"https:\/\/schema.org\",\"@graph\":[{\"@type\":\"Article\",\"@id\":\"https:\/\/vieassociative.be\/actualites\/pourquoi-devriez-vous-manger-la-grenouille-des-le-matin\/#article\",\"isPartOf\":{\"@id\":\"https:\/\/vieassociative.be\/actualites\/pourquoi-devriez-vous-manger-la-grenouille-des-le-matin\/\"},\"author\":{\"name\":\"Julien\",\"@id\":\"https:\/\/vieassociative.be\/actualites\/#\/schema\/person\/b87ac4f82f9d4e7b7cec7395b679edc4\"},\"headline\":\"Pourquoi devriez-vous \u00ab\u00a0manger la grenouille\u00a0\u00bb d\u00e8s le matin\",\"datePublished\":\"2025-10-24T13:23:43+00:00\",\"dateModified\":\"2025-10-24T13:23:43+00:00\",\"mainEntityOfPage\":{\"@id\":\"https:\/\/vieassociative.be\/actualites\/pourquoi-devriez-vous-manger-la-grenouille-des-le-matin\/\"},\"wordCount\":901,\"publisher\":{\"@id\":\"https:\/\/vieassociative.be\/actualites\/#organization\"},\"image\":{\"@id\":\"https:\/\/vieassociative.be\/actualites\/pourquoi-devriez-vous-manger-la-grenouille-des-le-matin\/#primaryimage\"},\"thumbnailUrl\":\"https:\/\/vieassociative.be\/actualites\/wp-content\/uploads\/2025\/10\/Pourquoi-devriez-vous-manger-la-grenouille-des-le-matin.jpg\",\"keywords\":[\"Des\",\"devriezvous\",\"grenouille\",\"manger\",\"matin\",\"Pourquoi\"],\"articleSection\":[\"Travail\"],\"inLanguage\":\"fr-BE\"},{\"@type\":\"WebPage\",\"@id\":\"https:\/\/vieassociative.be\/actualites\/pourquoi-devriez-vous-manger-la-grenouille-des-le-matin\/\",\"url\":\"https:\/\/vieassociative.be\/actualites\/pourquoi-devriez-vous-manger-la-grenouille-des-le-matin\/\",\"name\":\"Pourquoi devriez-vous \u00ab\u00a0manger la grenouille\u00a0\u00bb d\u00e8s le matin | Vie Associative\",\"isPartOf\":{\"@id\":\"https:\/\/vieassociative.be\/actualites\/#website\"},\"primaryImageOfPage\":{\"@id\":\"https:\/\/vieassociative.be\/actualites\/pourquoi-devriez-vous-manger-la-grenouille-des-le-matin\/#primaryimage\"},\"image\":{\"@id\":\"https:\/\/vieassociative.be\/actualites\/pourquoi-devriez-vous-manger-la-grenouille-des-le-matin\/#primaryimage\"},\"thumbnailUrl\":\"https:\/\/vieassociative.be\/actualites\/wp-content\/uploads\/2025\/10\/Pourquoi-devriez-vous-manger-la-grenouille-des-le-matin.jpg\",\"datePublished\":\"2025-10-24T13:23:43+00:00\",\"dateModified\":\"2025-10-24T13:23:43+00:00\",\"breadcrumb\":{\"@id\":\"https:\/\/vieassociative.be\/actualites\/pourquoi-devriez-vous-manger-la-grenouille-des-le-matin\/#breadcrumb\"},\"inLanguage\":\"fr-BE\",\"potentialAction\":[{\"@type\":\"ReadAction\",\"target\":[\"https:\/\/vieassociative.be\/actualites\/pourquoi-devriez-vous-manger-la-grenouille-des-le-matin\/\"]}]},{\"@type\":\"ImageObject\",\"inLanguage\":\"fr-BE\",\"@id\":\"https:\/\/vieassociative.be\/actualites\/pourquoi-devriez-vous-manger-la-grenouille-des-le-matin\/#primaryimage\",\"url\":\"https:\/\/vieassociative.be\/actualites\/wp-content\/uploads\/2025\/10\/Pourquoi-devriez-vous-manger-la-grenouille-des-le-matin.jpg\",\"contentUrl\":\"https:\/\/vieassociative.be\/actualites\/wp-content\/uploads\/2025\/10\/Pourquoi-devriez-vous-manger-la-grenouille-des-le-matin.jpg\",\"width\":1200,\"height\":675,\"caption\":\"Pourquoi devriez-vous \u00ab\u00a0manger la grenouille\u00a0\u00bb d\u00e8s le matin\"},{\"@type\":\"BreadcrumbList\",\"@id\":\"https:\/\/vieassociative.be\/actualites\/pourquoi-devriez-vous-manger-la-grenouille-des-le-matin\/#breadcrumb\",\"itemListElement\":[{\"@type\":\"ListItem\",\"position\":1,\"name\":\"Accueil\",\"item\":\"https:\/\/vieassociative.be\/actualites\/\"},{\"@type\":\"ListItem\",\"position\":2,\"name\":\"Pourquoi devriez-vous \u00ab\u00a0manger la grenouille\u00a0\u00bb d\u00e8s le matin\"}]},{\"@type\":\"WebSite\",\"@id\":\"https:\/\/vieassociative.be\/actualites\/#website\",\"url\":\"https:\/\/vieassociative.be\/actualites\/\",\"name\":\"Vie Associative\",\"description\":\"\",\"publisher\":{\"@id\":\"https:\/\/vieassociative.be\/actualites\/#organization\"},\"potentialAction\":[{\"@type\":\"SearchAction\",\"target\":{\"@type\":\"EntryPoint\",\"urlTemplate\":\"https:\/\/vieassociative.be\/actualites\/?s={search_term_string}\"},\"query-input\":{\"@type\":\"PropertyValueSpecification\",\"valueRequired\":true,\"valueName\":\"search_term_string\"}}],\"inLanguage\":\"fr-BE\"},{\"@type\":\"Organization\",\"@id\":\"https:\/\/vieassociative.be\/actualites\/#organization\",\"name\":\"Vie Associative\",\"url\":\"https:\/\/vieassociative.be\/actualites\/\",\"logo\":{\"@type\":\"ImageObject\",\"inLanguage\":\"fr-BE\",\"@id\":\"https:\/\/vieassociative.be\/actualites\/#\/schema\/logo\/image\/\",\"url\":\"https:\/\/vieassociative.be\/actualites\/wp-content\/uploads\/2024\/09\/cropped-vieassociative_favicon.ico.png\",\"contentUrl\":\"https:\/\/vieassociative.be\/actualites\/wp-content\/uploads\/2024\/09\/cropped-vieassociative_favicon.ico.png\",\"width\":512,\"height\":512,\"caption\":\"Vie Associative\"},\"image\":{\"@id\":\"https:\/\/vieassociative.be\/actualites\/#\/schema\/logo\/image\/\"}},{\"@type\":\"Person\",\"@id\":\"https:\/\/vieassociative.be\/actualites\/#\/schema\/person\/b87ac4f82f9d4e7b7cec7395b679edc4\",\"name\":\"Julien\",\"image\":{\"@type\":\"ImageObject\",\"inLanguage\":\"fr-BE\",\"@id\":\"https:\/\/vieassociative.be\/actualites\/#\/schema\/person\/image\/\",\"url\":\"https:\/\/vieassociative.be\/actualites\/wp-content\/uploads\/2024\/09\/vie-associative-1-150x150.jpg\",\"contentUrl\":\"https:\/\/vieassociative.be\/actualites\/wp-content\/uploads\/2024\/09\/vie-associative-1-150x150.jpg\",\"caption\":\"Julien\"},\"description\":\"Je suis Julien, r\u00e9dacteur pour Vie Associative. Passionn\u00e9 par le monde associatif depuis plus de 10 ans, j'ai \u00e0 c\u0153ur de partager des histoires inspirantes et de mettre en lumi\u00e8re les initiatives locales. Mon objectif est de sensibiliser et d'encourager l'engagement communautaire \u00e0 travers mes articles.\",\"sameAs\":[\"https:\/\/vieassociative.be\/\"]}]}<\/script>\n<!-- \/ Yoast SEO plugin. -->","yoast_head_json":{"title":"Pourquoi devriez-vous \u00ab\u00a0manger la grenouille\u00a0\u00bb d\u00e8s le matin | Vie Associative","robots":{"index":"index","follow":"follow","max-snippet":"max-snippet:-1","max-image-preview":"max-image-preview:large","max-video-preview":"max-video-preview:-1"},"canonical":"https:\/\/vieassociative.be\/actualites\/pourquoi-devriez-vous-manger-la-grenouille-des-le-matin\/","og_locale":"fr_FR","og_type":"article","og_title":"Pourquoi devriez-vous \u00ab\u00a0manger la grenouille\u00a0\u00bb d\u00e8s le matin | Vie Associative","og_description":"Ne tardez pas, prenez une grosse bouch\u00e9e de ce type. Il ne pense pas que tu l&rsquo;as en toi. Vous avez peut-\u00eatre ou non entendu","og_url":"https:\/\/vieassociative.be\/actualites\/pourquoi-devriez-vous-manger-la-grenouille-des-le-matin\/","og_site_name":"Vie Associative","article_published_time":"2025-10-24T13:23:43+00:00","og_image":[{"url":"https:\/\/vieassociative.be\/actualites\/wp-content\/uploads\/2025\/09\/1757726237_608_Meta-pourrait-devoiler-une-montre-intelligente-pour-controler-ses-lunettes.jpg","type":"","width":"","height":""}],"author":"Julien","twitter_card":"summary_large_image","twitter_misc":{"\u00c9crit par":"Julien","Dur\u00e9e de lecture est.":"4 minutes"},"schema":{"@context":"https:\/\/schema.org","@graph":[{"@type":"Article","@id":"https:\/\/vieassociative.be\/actualites\/pourquoi-devriez-vous-manger-la-grenouille-des-le-matin\/#article","isPartOf":{"@id":"https:\/\/vieassociative.be\/actualites\/pourquoi-devriez-vous-manger-la-grenouille-des-le-matin\/"},"author":{"name":"Julien","@id":"https:\/\/vieassociative.be\/actualites\/#\/schema\/person\/b87ac4f82f9d4e7b7cec7395b679edc4"},"headline":"Pourquoi devriez-vous \u00ab\u00a0manger la grenouille\u00a0\u00bb d\u00e8s le matin","datePublished":"2025-10-24T13:23:43+00:00","dateModified":"2025-10-24T13:23:43+00:00","mainEntityOfPage":{"@id":"https:\/\/vieassociative.be\/actualites\/pourquoi-devriez-vous-manger-la-grenouille-des-le-matin\/"},"wordCount":901,"publisher":{"@id":"https:\/\/vieassociative.be\/actualites\/#organization"},"image":{"@id":"https:\/\/vieassociative.be\/actualites\/pourquoi-devriez-vous-manger-la-grenouille-des-le-matin\/#primaryimage"},"thumbnailUrl":"https:\/\/vieassociative.be\/actualites\/wp-content\/uploads\/2025\/10\/Pourquoi-devriez-vous-manger-la-grenouille-des-le-matin.jpg","keywords":["Des","devriezvous","grenouille","manger","matin","Pourquoi"],"articleSection":["Travail"],"inLanguage":"fr-BE"},{"@type":"WebPage","@id":"https:\/\/vieassociative.be\/actualites\/pourquoi-devriez-vous-manger-la-grenouille-des-le-matin\/","url":"https:\/\/vieassociative.be\/actualites\/pourquoi-devriez-vous-manger-la-grenouille-des-le-matin\/","name":"Pourquoi devriez-vous \u00ab\u00a0manger la grenouille\u00a0\u00bb d\u00e8s le matin | Vie Associative","isPartOf":{"@id":"https:\/\/vieassociative.be\/actualites\/#website"},"primaryImageOfPage":{"@id":"https:\/\/vieassociative.be\/actualites\/pourquoi-devriez-vous-manger-la-grenouille-des-le-matin\/#primaryimage"},"image":{"@id":"https:\/\/vieassociative.be\/actualites\/pourquoi-devriez-vous-manger-la-grenouille-des-le-matin\/#primaryimage"},"thumbnailUrl":"https:\/\/vieassociative.be\/actualites\/wp-content\/uploads\/2025\/10\/Pourquoi-devriez-vous-manger-la-grenouille-des-le-matin.jpg","datePublished":"2025-10-24T13:23:43+00:00","dateModified":"2025-10-24T13:23:43+00:00","breadcrumb":{"@id":"https:\/\/vieassociative.be\/actualites\/pourquoi-devriez-vous-manger-la-grenouille-des-le-matin\/#breadcrumb"},"inLanguage":"fr-BE","potentialAction":[{"@type":"ReadAction","target":["https:\/\/vieassociative.be\/actualites\/pourquoi-devriez-vous-manger-la-grenouille-des-le-matin\/"]}]},{"@type":"ImageObject","inLanguage":"fr-BE","@id":"https:\/\/vieassociative.be\/actualites\/pourquoi-devriez-vous-manger-la-grenouille-des-le-matin\/#primaryimage","url":"https:\/\/vieassociative.be\/actualites\/wp-content\/uploads\/2025\/10\/Pourquoi-devriez-vous-manger-la-grenouille-des-le-matin.jpg","contentUrl":"https:\/\/vieassociative.be\/actualites\/wp-content\/uploads\/2025\/10\/Pourquoi-devriez-vous-manger-la-grenouille-des-le-matin.jpg","width":1200,"height":675,"caption":"Pourquoi devriez-vous \u00ab\u00a0manger la grenouille\u00a0\u00bb d\u00e8s le matin"},{"@type":"BreadcrumbList","@id":"https:\/\/vieassociative.be\/actualites\/pourquoi-devriez-vous-manger-la-grenouille-des-le-matin\/#breadcrumb","itemListElement":[{"@type":"ListItem","position":1,"name":"Accueil","item":"https:\/\/vieassociative.be\/actualites\/"},{"@type":"ListItem","position":2,"name":"Pourquoi devriez-vous \u00ab\u00a0manger la grenouille\u00a0\u00bb d\u00e8s le matin"}]},{"@type":"WebSite","@id":"https:\/\/vieassociative.be\/actualites\/#website","url":"https:\/\/vieassociative.be\/actualites\/","name":"Vie Associative","description":"","publisher":{"@id":"https:\/\/vieassociative.be\/actualites\/#organization"},"potentialAction":[{"@type":"SearchAction","target":{"@type":"EntryPoint","urlTemplate":"https:\/\/vieassociative.be\/actualites\/?s={search_term_string}"},"query-input":{"@type":"PropertyValueSpecification","valueRequired":true,"valueName":"search_term_string"}}],"inLanguage":"fr-BE"},{"@type":"Organization","@id":"https:\/\/vieassociative.be\/actualites\/#organization","name":"Vie Associative","url":"https:\/\/vieassociative.be\/actualites\/","logo":{"@type":"ImageObject","inLanguage":"fr-BE","@id":"https:\/\/vieassociative.be\/actualites\/#\/schema\/logo\/image\/","url":"https:\/\/vieassociative.be\/actualites\/wp-content\/uploads\/2024\/09\/cropped-vieassociative_favicon.ico.png","contentUrl":"https:\/\/vieassociative.be\/actualites\/wp-content\/uploads\/2024\/09\/cropped-vieassociative_favicon.ico.png","width":512,"height":512,"caption":"Vie Associative"},"image":{"@id":"https:\/\/vieassociative.be\/actualites\/#\/schema\/logo\/image\/"}},{"@type":"Person","@id":"https:\/\/vieassociative.be\/actualites\/#\/schema\/person\/b87ac4f82f9d4e7b7cec7395b679edc4","name":"Julien","image":{"@type":"ImageObject","inLanguage":"fr-BE","@id":"https:\/\/vieassociative.be\/actualites\/#\/schema\/person\/image\/","url":"https:\/\/vieassociative.be\/actualites\/wp-content\/uploads\/2024\/09\/vie-associative-1-150x150.jpg","contentUrl":"https:\/\/vieassociative.be\/actualites\/wp-content\/uploads\/2024\/09\/vie-associative-1-150x150.jpg","caption":"Julien"},"description":"Je suis Julien, r\u00e9dacteur pour Vie Associative. Passionn\u00e9 par le monde associatif depuis plus de 10 ans, j'ai \u00e0 c\u0153ur de partager des histoires inspirantes et de mettre en lumi\u00e8re les initiatives locales. Mon objectif est de sensibiliser et d'encourager l'engagement communautaire \u00e0 travers mes articles.","sameAs":["https:\/\/vieassociative.be\/"]}]}},"_links":{"self":[{"href":"https:\/\/vieassociative.be\/actualites\/wp-json\/wp\/v2\/posts\/10871"}],"collection":[{"href":"https:\/\/vieassociative.be\/actualites\/wp-json\/wp\/v2\/posts"}],"about":[{"href":"https:\/\/vieassociative.be\/actualites\/wp-json\/wp\/v2\/types\/post"}],"author":[{"embeddable":true,"href":"https:\/\/vieassociative.be\/actualites\/wp-json\/wp\/v2\/users\/1"}],"replies":[{"embeddable":true,"href":"https:\/\/vieassociative.be\/actualites\/wp-json\/wp\/v2\/comments?post=10871"}],"version-history":[{"count":0,"href":"https:\/\/vieassociative.be\/actualites\/wp-json\/wp\/v2\/posts\/10871\/revisions"}],"wp:featuredmedia":[{"embeddable":true,"href":"https:\/\/vieassociative.be\/actualites\/wp-json\/wp\/v2\/media\/10872"}],"wp:attachment":[{"href":"https:\/\/vieassociative.be\/actualites\/wp-json\/wp\/v2\/media?parent=10871"}],"wp:term":[{"taxonomy":"category","embeddable":true,"href":"https:\/\/vieassociative.be\/actualites\/wp-json\/wp\/v2\/categories?post=10871"},{"taxonomy":"post_tag","embeddable":true,"href":"https:\/\/vieassociative.be\/actualites\/wp-json\/wp\/v2\/tags?post=10871"}],"curies":[{"name":"wp","href":"https:\/\/api.w.org\/{rel}","templated":true}]}}