{"id":10867,"date":"2025-10-24T10:17:53","date_gmt":"2025-10-24T08:17:53","guid":{"rendered":"https:\/\/vieassociative.be\/actualites\/succes-majeur-de-lenquete-de-la-police-criminelle-deupen-et-du-limbourg-groupe-criminel-demantele\/"},"modified":"2025-10-24T10:17:53","modified_gmt":"2025-10-24T08:17:53","slug":"succes-majeur-de-lenquete-de-la-police-criminelle-deupen-et-du-limbourg-groupe-criminel-demantele","status":"publish","type":"post","link":"https:\/\/vieassociative.be\/actualites\/succes-majeur-de-lenquete-de-la-police-criminelle-deupen-et-du-limbourg-groupe-criminel-demantele\/","title":{"rendered":"Succ\u00e8s majeur de l&rsquo;enqu\u00eate de la police criminelle d&rsquo;Eupen et du Limbourg : groupe criminel d\u00e9mantel\u00e9"},"content":{"rendered":"<p><strong>Dans le cadre d&rsquo;une enqu\u00eate approfondie, les enqu\u00eateurs de la police criminelle f\u00e9d\u00e9rale d&rsquo;Eupen et du Limbourg, des douanes belges et allemandes et en coop\u00e9ration avec les autorit\u00e9s n\u00e9erlandaises et polonaises ont d\u00e9mantel\u00e9 le 9 octobre un groupe criminel international.<\/strong><\/p>\n<p><span id=\"more-427874\"><\/span>Le gang est impliqu\u00e9 dans deux raids contre des usines de cigarettes ill\u00e9gales \u00e0 Eupen et Maasmechelen et semble \u00e9galement \u00eatre impliqu\u00e9 dans la production et le commerce de cigarettes ill\u00e9gales.<\/p>\n<p>Fin mai 2025, la police judiciaire f\u00e9d\u00e9rale d&rsquo;Eupen a ouvert une enqu\u00eate approfondie sur une perquisition dans une usine ill\u00e9gale de cigarettes dans la r\u00e9gion. Celles-ci se sont d\u00e9roul\u00e9es en \u00e9troite collaboration avec les douanes et sous la direction du juge d&rsquo;instruction d&rsquo;Eupen.<\/p>\n<p>Gr\u00e2ce \u00e0 cette enqu\u00eate approfondie, un \u00e9ventuel groupe criminel international soup\u00e7onn\u00e9 d&rsquo;\u00eatre \u00e0 l&rsquo;origine de ce crime a \u00e9t\u00e9 identifi\u00e9. Un commando compos\u00e9 d&rsquo;une dizaine de personnes a fait irruption fin mai dans l&rsquo;usine ill\u00e9gale de cigarettes d&rsquo;Eupen et a pris en otages les ouvriers pr\u00e9sents.<\/p>\n<div id=\"attachment_427886\" class=\"wp-caption alignnone\" style=\"max-width: 300px\"><img fetchpriority=\"high\" decoding=\"async\" class=\"size-medium wp-image-427886\" src=\"https:\/\/vieassociative.be\/actualites\/wp-content\/uploads\/2025\/10\/Succes-majeur-de-lenquete-de-la-police-criminelle-dEupen-et.jpg\" alt=\"\" width=\"300\" height=\"200\"  ><\/div>\n<p>Les assaillants \u00e9taient bien organis\u00e9s, arm\u00e9s et n\u2019ont pas h\u00e9sit\u00e9 \u00e0 recourir \u00e0 la violence. Ils ont utilis\u00e9 des techniques, des tactiques et du mat\u00e9riel policiers et m\u00eame militaires. Au cours du raid, tous les produits ill\u00e9gaux et les installations de production de l&rsquo;usine ont \u00e9t\u00e9 d\u00e9mantel\u00e9s et vol\u00e9s.<\/p>\n<p>Les enqu\u00eates ult\u00e9rieures men\u00e9es par la police judiciaire f\u00e9d\u00e9rale d&rsquo;Eupen ont montr\u00e9 que ce groupe pourrait \u00e9galement planifier de nouvelles attaques. Les enqu\u00eateurs ont d\u00e9couvert que les suspects se trouvaient r\u00e9guli\u00e8rement dans la r\u00e9gion de Maasmechelen, ce qui a amen\u00e9 la police judiciaire limbourgeoise \u00e0 \u00e9galement participer \u00e0 l&rsquo;enqu\u00eate.<\/p>\n<p>L&rsquo;acc\u00e8s a finalement eu lieu le jeudi 9 octobre 2025. Des unit\u00e9s sp\u00e9ciales de la police f\u00e9d\u00e9rale ont pu attraper et arr\u00eater des membres d&rsquo;un commando en flagrant d\u00e9lit de vol avec prise d&rsquo;otages dans une fabrique de cigarettes ill\u00e9gale jusqu&rsquo;alors inconnue \u00e0 Maasmechelen. En cons\u00e9quence directe, 32 personnes ont \u00e9t\u00e9 arr\u00eat\u00e9es et les installations de production sur place ont \u00e9t\u00e9 saisies.<\/p>\n<p>Lors de leurs vols, les suspects \u00e9taient arm\u00e9s, utilisaient de faux insignes de police et se faisaient passer pour des policiers. Selon l&rsquo;enqu\u00eate, des membres potentiels de l&rsquo;\u00e9quipe de raid seraient venus de l&rsquo;\u00e9tranger pour commettre le crime.<\/p>\n<div id=\"attachment_427884\" class=\"wp-caption alignnone\" style=\"max-width: 300px\"><img decoding=\"async\" class=\"size-medium wp-image-427884\" src=\"https:\/\/vieassociative.be\/actualites\/wp-content\/uploads\/2025\/10\/1761293872_783_Succes-majeur-de-lenquete-de-la-police-criminelle-dEupen-et.jpg\" alt=\"\" width=\"300\" height=\"200\"  ><\/div>\n<p>Suite au d\u00e9ploiement des unit\u00e9s sp\u00e9ciales, cinq nouvelles perquisitions ont \u00e9t\u00e9 effectu\u00e9es par la police judiciaire f\u00e9d\u00e9rale d&rsquo;Eupen et du Limbourg ainsi que par les douanes sous la direction du juge d&rsquo;instruction d&rsquo;Eupen. Les perquisitions ont eu lieu dans les arrondissements judiciaires du Limbourg, Halle-Vilvorde, Anvers et Flandre orientale.<\/p>\n<p>Lors des perquisitions, cinq armes \u00e0 feu ainsi que plusieurs autres armes prohib\u00e9es, du mat\u00e9riel technique professionnel destin\u00e9 \u00e0 compliquer les op\u00e9rations polici\u00e8res, des outils de cambriolage et d&rsquo;escalade, des gilets pare-balles, des brassards avec l&rsquo;inscription Police, de l&rsquo;argent liquide, des v\u00e9hicules et des bijoux de haute qualit\u00e9 ont \u00e9t\u00e9 retrouv\u00e9s et saisis.<\/p>\n<p>Les cigarettes et produits du tabac ill\u00e9gaux trouv\u00e9s \u00e9taient destin\u00e9s au march\u00e9 europ\u00e9en. Des connexions ont \u00e9galement \u00e9t\u00e9 \u00e9tablies avec d&rsquo;autres sites de production ill\u00e9gale de cigarettes \u00e0 Lommel, Beersel, Hasselt et Eupen.<\/p>\n<p><strong>\u2013 Un ph\u00e9nom\u00e8ne criminel international :<\/strong> Selon les enqu\u00eates d\u00e9taill\u00e9es, des liens avec divers pays europ\u00e9ens ont \u00e9merg\u00e9 : notamment les Pays-Bas, la Pologne, l&rsquo;Allemagne et l&rsquo;Ukraine.<\/p>\n<p>Les fabriques de cigarettes ill\u00e9gales constituent un probl\u00e8me majeur en Belgique, avec des implications \u00e0 la fois nationales et internationales. Il s&rsquo;agit d&rsquo;une question complexe li\u00e9e au crime organis\u00e9 et aux r\u00e9seaux transfrontaliers. Les autorit\u00e9s belges travaillent avec des partenaires internationaux pour lutter contre ce commerce ill\u00e9gal.<\/p>\n<div id=\"attachment_427883\" class=\"wp-caption alignleft\" style=\"max-width: 300px\"><img decoding=\"async\" class=\"wp-image-427883 size-medium\" src=\"https:\/\/vieassociative.be\/actualites\/wp-content\/uploads\/2025\/10\/1761293873_89_Succes-majeur-de-lenquete-de-la-police-criminelle-dEupen-et.jpg\" alt=\"\" width=\"300\" height=\"200\"  ><\/div>\n<p>Les arrondissements judiciaires d&rsquo;Eupen et du Limbourg ne sont pas \u00e9pargn\u00e9s par la criminalit\u00e9 organis\u00e9e et violente. La zone frontali\u00e8re est un refuge id\u00e9al et un th\u00e9\u00e2tre d\u2019activit\u00e9s ill\u00e9gales d\u2019organisations criminelles. Dans la lutte contre cette forme de criminalit\u00e9, la police criminelle f\u00e9d\u00e9rale s&rsquo;appuie sur une \u00e9troite coop\u00e9ration au niveau national et international.<\/p>\n<p><strong>\u2013 Poursuite de l\u2019enqu\u00eate :<\/strong> L&rsquo;Office f\u00e9d\u00e9ral de la police criminelle d&rsquo;Eupen poursuit son enqu\u00eate sur le groupe criminel international. Les douanes surveillent de pr\u00e8s la fabrication ill\u00e9gale et le commerce des cigarettes.<\/p>\n<p><strong>\u2013 Collaboration entre districts :<\/strong> Le succ\u00e8s de l&rsquo;enqu\u00eate commune a \u00e9t\u00e9 rendu possible gr\u00e2ce \u00e0 l&rsquo;excellente coop\u00e9ration entre le juge d&rsquo;instruction et le parquet d&rsquo;Eupen, le parquet du Limbourg, les unit\u00e9s sp\u00e9ciales de la police f\u00e9d\u00e9rale, la police criminelle d&rsquo;Eupen et du Limbourg, les douanes et les autorit\u00e9s des Pays-Bas, d&rsquo;Allemagne et de Pologne.<\/p>\n<p>Les victimes ont \u00e9t\u00e9 prises en charge par le DKU Limburg (travailleurs sociaux). Le CIC Limburg (centre d&rsquo;appels d&rsquo;urgence) et les zones de police limbourgeoises ont \u00e9galement apport\u00e9 un tr\u00e8s bon soutien.<\/p>\n","protected":false},"excerpt":{"rendered":"<p>Dans le cadre d&rsquo;une enqu\u00eate approfondie, les enqu\u00eateurs de la police criminelle f\u00e9d\u00e9rale d&rsquo;Eupen et du Limbourg, des douanes belges et allemandes et en coop\u00e9ration<\/p>\n","protected":false},"author":1,"featured_media":10868,"comment_status":"","ping_status":"","sticky":false,"template":"","format":"standard","meta":{"footnotes":""},"categories":[298],"tags":[4675,9021,9023,2403,1827,8709,9022,5871,2741,96],"class_list":["post-10867","post","type-post","status-publish","format-standard","has-post-thumbnail","hentry","category-belgique","tag-criminel","tag-criminelle","tag-demantele","tag-deupen","tag-groupe","tag-lenquete","tag-limbourg","tag-majeur","tag-police","tag-succes","generate-columns","tablet-grid-50","mobile-grid-100","grid-parent","grid-33"],"yoast_head":"<!-- This site is optimized with the Yoast SEO plugin v24.0 - https:\/\/yoast.com\/wordpress\/plugins\/seo\/ -->\n<title>Succ\u00e8s majeur de l&#039;enqu\u00eate de la police criminelle d&#039;Eupen et du Limbourg : groupe criminel d\u00e9mantel\u00e9 | Vie Associative<\/title>\n<meta name=\"robots\" content=\"index, follow, max-snippet:-1, max-image-preview:large, max-video-preview:-1\" \/>\n<link rel=\"canonical\" href=\"https:\/\/vieassociative.be\/actualites\/succes-majeur-de-lenquete-de-la-police-criminelle-deupen-et-du-limbourg-groupe-criminel-demantele\/\" \/>\n<meta property=\"og:locale\" content=\"fr_FR\" \/>\n<meta property=\"og:type\" content=\"article\" \/>\n<meta property=\"og:title\" content=\"Succ\u00e8s majeur de l&#039;enqu\u00eate de la police criminelle d&#039;Eupen et du Limbourg : groupe criminel d\u00e9mantel\u00e9 | Vie Associative\" \/>\n<meta property=\"og:description\" content=\"Dans le cadre d&rsquo;une enqu\u00eate approfondie, les enqu\u00eateurs de la police criminelle f\u00e9d\u00e9rale d&rsquo;Eupen et du Limbourg, des douanes belges et allemandes et en coop\u00e9ration\" \/>\n<meta property=\"og:url\" content=\"https:\/\/vieassociative.be\/actualites\/succes-majeur-de-lenquete-de-la-police-criminelle-deupen-et-du-limbourg-groupe-criminel-demantele\/\" \/>\n<meta property=\"og:site_name\" content=\"Vie Associative\" \/>\n<meta property=\"article:published_time\" content=\"2025-10-24T08:17:53+00:00\" \/>\n<meta property=\"og:image\" content=\"https:\/\/vieassociative.be\/actualites\/wp-content\/uploads\/2024\/09\/header_backgroundk-01-e1726694325946.png\" \/>\n\t<meta property=\"og:image:width\" content=\"279\" \/>\n\t<meta property=\"og:image:height\" content=\"92\" \/>\n\t<meta property=\"og:image:type\" content=\"image\/png\" \/>\n<meta name=\"author\" content=\"Julien\" \/>\n<meta name=\"twitter:card\" content=\"summary_large_image\" \/>\n<meta name=\"twitter:label1\" content=\"\u00c9crit par\" \/>\n\t<meta name=\"twitter:data1\" content=\"Julien\" \/>\n\t<meta name=\"twitter:label2\" content=\"Dur\u00e9e de lecture est.\" \/>\n\t<meta name=\"twitter:data2\" content=\"4 minutes\" \/>\n<script type=\"application\/ld+json\" class=\"yoast-schema-graph\">{\"@context\":\"https:\/\/schema.org\",\"@graph\":[{\"@type\":\"Article\",\"@id\":\"https:\/\/vieassociative.be\/actualites\/succes-majeur-de-lenquete-de-la-police-criminelle-deupen-et-du-limbourg-groupe-criminel-demantele\/#article\",\"isPartOf\":{\"@id\":\"https:\/\/vieassociative.be\/actualites\/succes-majeur-de-lenquete-de-la-police-criminelle-deupen-et-du-limbourg-groupe-criminel-demantele\/\"},\"author\":{\"name\":\"Julien\",\"@id\":\"https:\/\/vieassociative.be\/actualites\/#\/schema\/person\/b87ac4f82f9d4e7b7cec7395b679edc4\"},\"headline\":\"Succ\u00e8s majeur de l&rsquo;enqu\u00eate de la police criminelle d&rsquo;Eupen et du Limbourg : groupe criminel d\u00e9mantel\u00e9\",\"datePublished\":\"2025-10-24T08:17:53+00:00\",\"dateModified\":\"2025-10-24T08:17:53+00:00\",\"mainEntityOfPage\":{\"@id\":\"https:\/\/vieassociative.be\/actualites\/succes-majeur-de-lenquete-de-la-police-criminelle-deupen-et-du-limbourg-groupe-criminel-demantele\/\"},\"wordCount\":892,\"publisher\":{\"@id\":\"https:\/\/vieassociative.be\/actualites\/#organization\"},\"image\":{\"@id\":\"https:\/\/vieassociative.be\/actualites\/succes-majeur-de-lenquete-de-la-police-criminelle-deupen-et-du-limbourg-groupe-criminel-demantele\/#primaryimage\"},\"thumbnailUrl\":\"https:\/\/vieassociative.be\/actualites\/wp-content\/uploads\/2025\/10\/1761293873_Succes-majeur-de-lenquete-de-la-police-criminelle-dEupen-et.jpg\",\"keywords\":[\"criminel\",\"criminelle\",\"d\u00e9mantel\u00e9\",\"dEupen\",\"groupe\",\"Lenqu\u00eate\",\"Limbourg\",\"majeur\",\"police\",\"succ\u00e8s\"],\"articleSection\":[\"Belgique\"],\"inLanguage\":\"fr-BE\"},{\"@type\":\"WebPage\",\"@id\":\"https:\/\/vieassociative.be\/actualites\/succes-majeur-de-lenquete-de-la-police-criminelle-deupen-et-du-limbourg-groupe-criminel-demantele\/\",\"url\":\"https:\/\/vieassociative.be\/actualites\/succes-majeur-de-lenquete-de-la-police-criminelle-deupen-et-du-limbourg-groupe-criminel-demantele\/\",\"name\":\"Succ\u00e8s majeur de l'enqu\u00eate de la police criminelle d'Eupen et du Limbourg : groupe criminel d\u00e9mantel\u00e9 | Vie Associative\",\"isPartOf\":{\"@id\":\"https:\/\/vieassociative.be\/actualites\/#website\"},\"primaryImageOfPage\":{\"@id\":\"https:\/\/vieassociative.be\/actualites\/succes-majeur-de-lenquete-de-la-police-criminelle-deupen-et-du-limbourg-groupe-criminel-demantele\/#primaryimage\"},\"image\":{\"@id\":\"https:\/\/vieassociative.be\/actualites\/succes-majeur-de-lenquete-de-la-police-criminelle-deupen-et-du-limbourg-groupe-criminel-demantele\/#primaryimage\"},\"thumbnailUrl\":\"https:\/\/vieassociative.be\/actualites\/wp-content\/uploads\/2025\/10\/1761293873_Succes-majeur-de-lenquete-de-la-police-criminelle-dEupen-et.jpg\",\"datePublished\":\"2025-10-24T08:17:53+00:00\",\"dateModified\":\"2025-10-24T08:17:53+00:00\",\"breadcrumb\":{\"@id\":\"https:\/\/vieassociative.be\/actualites\/succes-majeur-de-lenquete-de-la-police-criminelle-deupen-et-du-limbourg-groupe-criminel-demantele\/#breadcrumb\"},\"inLanguage\":\"fr-BE\",\"potentialAction\":[{\"@type\":\"ReadAction\",\"target\":[\"https:\/\/vieassociative.be\/actualites\/succes-majeur-de-lenquete-de-la-police-criminelle-deupen-et-du-limbourg-groupe-criminel-demantele\/\"]}]},{\"@type\":\"ImageObject\",\"inLanguage\":\"fr-BE\",\"@id\":\"https:\/\/vieassociative.be\/actualites\/succes-majeur-de-lenquete-de-la-police-criminelle-deupen-et-du-limbourg-groupe-criminel-demantele\/#primaryimage\",\"url\":\"https:\/\/vieassociative.be\/actualites\/wp-content\/uploads\/2025\/10\/1761293873_Succes-majeur-de-lenquete-de-la-police-criminelle-dEupen-et.jpg\",\"contentUrl\":\"https:\/\/vieassociative.be\/actualites\/wp-content\/uploads\/2025\/10\/1761293873_Succes-majeur-de-lenquete-de-la-police-criminelle-dEupen-et.jpg\",\"width\":1300,\"height\":867,\"caption\":\"Succ\u00e8s majeur de l'enqu\u00eate de la police criminelle d'Eupen et du Limbourg : groupe criminel d\u00e9mantel\u00e9\"},{\"@type\":\"BreadcrumbList\",\"@id\":\"https:\/\/vieassociative.be\/actualites\/succes-majeur-de-lenquete-de-la-police-criminelle-deupen-et-du-limbourg-groupe-criminel-demantele\/#breadcrumb\",\"itemListElement\":[{\"@type\":\"ListItem\",\"position\":1,\"name\":\"Accueil\",\"item\":\"https:\/\/vieassociative.be\/actualites\/\"},{\"@type\":\"ListItem\",\"position\":2,\"name\":\"Succ\u00e8s majeur de l&rsquo;enqu\u00eate de la police criminelle d&rsquo;Eupen et du Limbourg : groupe criminel d\u00e9mantel\u00e9\"}]},{\"@type\":\"WebSite\",\"@id\":\"https:\/\/vieassociative.be\/actualites\/#website\",\"url\":\"https:\/\/vieassociative.be\/actualites\/\",\"name\":\"Vie Associative\",\"description\":\"\",\"publisher\":{\"@id\":\"https:\/\/vieassociative.be\/actualites\/#organization\"},\"potentialAction\":[{\"@type\":\"SearchAction\",\"target\":{\"@type\":\"EntryPoint\",\"urlTemplate\":\"https:\/\/vieassociative.be\/actualites\/?s={search_term_string}\"},\"query-input\":{\"@type\":\"PropertyValueSpecification\",\"valueRequired\":true,\"valueName\":\"search_term_string\"}}],\"inLanguage\":\"fr-BE\"},{\"@type\":\"Organization\",\"@id\":\"https:\/\/vieassociative.be\/actualites\/#organization\",\"name\":\"Vie Associative\",\"url\":\"https:\/\/vieassociative.be\/actualites\/\",\"logo\":{\"@type\":\"ImageObject\",\"inLanguage\":\"fr-BE\",\"@id\":\"https:\/\/vieassociative.be\/actualites\/#\/schema\/logo\/image\/\",\"url\":\"https:\/\/vieassociative.be\/actualites\/wp-content\/uploads\/2024\/09\/cropped-vieassociative_favicon.ico.png\",\"contentUrl\":\"https:\/\/vieassociative.be\/actualites\/wp-content\/uploads\/2024\/09\/cropped-vieassociative_favicon.ico.png\",\"width\":512,\"height\":512,\"caption\":\"Vie Associative\"},\"image\":{\"@id\":\"https:\/\/vieassociative.be\/actualites\/#\/schema\/logo\/image\/\"}},{\"@type\":\"Person\",\"@id\":\"https:\/\/vieassociative.be\/actualites\/#\/schema\/person\/b87ac4f82f9d4e7b7cec7395b679edc4\",\"name\":\"Julien\",\"image\":{\"@type\":\"ImageObject\",\"inLanguage\":\"fr-BE\",\"@id\":\"https:\/\/vieassociative.be\/actualites\/#\/schema\/person\/image\/\",\"url\":\"https:\/\/vieassociative.be\/actualites\/wp-content\/uploads\/2024\/09\/vie-associative-1-150x150.jpg\",\"contentUrl\":\"https:\/\/vieassociative.be\/actualites\/wp-content\/uploads\/2024\/09\/vie-associative-1-150x150.jpg\",\"caption\":\"Julien\"},\"description\":\"Je suis Julien, r\u00e9dacteur pour Vie Associative. Passionn\u00e9 par le monde associatif depuis plus de 10 ans, j'ai \u00e0 c\u0153ur de partager des histoires inspirantes et de mettre en lumi\u00e8re les initiatives locales. Mon objectif est de sensibiliser et d'encourager l'engagement communautaire \u00e0 travers mes articles.\",\"sameAs\":[\"https:\/\/vieassociative.be\/\"]}]}<\/script>\n<!-- \/ Yoast SEO plugin. -->","yoast_head_json":{"title":"Succ\u00e8s majeur de l'enqu\u00eate de la police criminelle d'Eupen et du Limbourg : groupe criminel d\u00e9mantel\u00e9 | Vie Associative","robots":{"index":"index","follow":"follow","max-snippet":"max-snippet:-1","max-image-preview":"max-image-preview:large","max-video-preview":"max-video-preview:-1"},"canonical":"https:\/\/vieassociative.be\/actualites\/succes-majeur-de-lenquete-de-la-police-criminelle-deupen-et-du-limbourg-groupe-criminel-demantele\/","og_locale":"fr_FR","og_type":"article","og_title":"Succ\u00e8s majeur de l'enqu\u00eate de la police criminelle d'Eupen et du Limbourg : groupe criminel d\u00e9mantel\u00e9 | Vie Associative","og_description":"Dans le cadre d&rsquo;une enqu\u00eate approfondie, les enqu\u00eateurs de la police criminelle f\u00e9d\u00e9rale d&rsquo;Eupen et du Limbourg, des douanes belges et allemandes et en coop\u00e9ration","og_url":"https:\/\/vieassociative.be\/actualites\/succes-majeur-de-lenquete-de-la-police-criminelle-deupen-et-du-limbourg-groupe-criminel-demantele\/","og_site_name":"Vie Associative","article_published_time":"2025-10-24T08:17:53+00:00","og_image":[{"width":279,"height":92,"url":"https:\/\/vieassociative.be\/actualites\/wp-content\/uploads\/2024\/09\/header_backgroundk-01-e1726694325946.png","type":"image\/png"}],"author":"Julien","twitter_card":"summary_large_image","twitter_misc":{"\u00c9crit par":"Julien","Dur\u00e9e de lecture est.":"4 minutes"},"schema":{"@context":"https:\/\/schema.org","@graph":[{"@type":"Article","@id":"https:\/\/vieassociative.be\/actualites\/succes-majeur-de-lenquete-de-la-police-criminelle-deupen-et-du-limbourg-groupe-criminel-demantele\/#article","isPartOf":{"@id":"https:\/\/vieassociative.be\/actualites\/succes-majeur-de-lenquete-de-la-police-criminelle-deupen-et-du-limbourg-groupe-criminel-demantele\/"},"author":{"name":"Julien","@id":"https:\/\/vieassociative.be\/actualites\/#\/schema\/person\/b87ac4f82f9d4e7b7cec7395b679edc4"},"headline":"Succ\u00e8s majeur de l&rsquo;enqu\u00eate de la police criminelle d&rsquo;Eupen et du Limbourg : groupe criminel d\u00e9mantel\u00e9","datePublished":"2025-10-24T08:17:53+00:00","dateModified":"2025-10-24T08:17:53+00:00","mainEntityOfPage":{"@id":"https:\/\/vieassociative.be\/actualites\/succes-majeur-de-lenquete-de-la-police-criminelle-deupen-et-du-limbourg-groupe-criminel-demantele\/"},"wordCount":892,"publisher":{"@id":"https:\/\/vieassociative.be\/actualites\/#organization"},"image":{"@id":"https:\/\/vieassociative.be\/actualites\/succes-majeur-de-lenquete-de-la-police-criminelle-deupen-et-du-limbourg-groupe-criminel-demantele\/#primaryimage"},"thumbnailUrl":"https:\/\/vieassociative.be\/actualites\/wp-content\/uploads\/2025\/10\/1761293873_Succes-majeur-de-lenquete-de-la-police-criminelle-dEupen-et.jpg","keywords":["criminel","criminelle","d\u00e9mantel\u00e9","dEupen","groupe","Lenqu\u00eate","Limbourg","majeur","police","succ\u00e8s"],"articleSection":["Belgique"],"inLanguage":"fr-BE"},{"@type":"WebPage","@id":"https:\/\/vieassociative.be\/actualites\/succes-majeur-de-lenquete-de-la-police-criminelle-deupen-et-du-limbourg-groupe-criminel-demantele\/","url":"https:\/\/vieassociative.be\/actualites\/succes-majeur-de-lenquete-de-la-police-criminelle-deupen-et-du-limbourg-groupe-criminel-demantele\/","name":"Succ\u00e8s majeur de l'enqu\u00eate de la police criminelle d'Eupen et du Limbourg : groupe criminel d\u00e9mantel\u00e9 | Vie Associative","isPartOf":{"@id":"https:\/\/vieassociative.be\/actualites\/#website"},"primaryImageOfPage":{"@id":"https:\/\/vieassociative.be\/actualites\/succes-majeur-de-lenquete-de-la-police-criminelle-deupen-et-du-limbourg-groupe-criminel-demantele\/#primaryimage"},"image":{"@id":"https:\/\/vieassociative.be\/actualites\/succes-majeur-de-lenquete-de-la-police-criminelle-deupen-et-du-limbourg-groupe-criminel-demantele\/#primaryimage"},"thumbnailUrl":"https:\/\/vieassociative.be\/actualites\/wp-content\/uploads\/2025\/10\/1761293873_Succes-majeur-de-lenquete-de-la-police-criminelle-dEupen-et.jpg","datePublished":"2025-10-24T08:17:53+00:00","dateModified":"2025-10-24T08:17:53+00:00","breadcrumb":{"@id":"https:\/\/vieassociative.be\/actualites\/succes-majeur-de-lenquete-de-la-police-criminelle-deupen-et-du-limbourg-groupe-criminel-demantele\/#breadcrumb"},"inLanguage":"fr-BE","potentialAction":[{"@type":"ReadAction","target":["https:\/\/vieassociative.be\/actualites\/succes-majeur-de-lenquete-de-la-police-criminelle-deupen-et-du-limbourg-groupe-criminel-demantele\/"]}]},{"@type":"ImageObject","inLanguage":"fr-BE","@id":"https:\/\/vieassociative.be\/actualites\/succes-majeur-de-lenquete-de-la-police-criminelle-deupen-et-du-limbourg-groupe-criminel-demantele\/#primaryimage","url":"https:\/\/vieassociative.be\/actualites\/wp-content\/uploads\/2025\/10\/1761293873_Succes-majeur-de-lenquete-de-la-police-criminelle-dEupen-et.jpg","contentUrl":"https:\/\/vieassociative.be\/actualites\/wp-content\/uploads\/2025\/10\/1761293873_Succes-majeur-de-lenquete-de-la-police-criminelle-dEupen-et.jpg","width":1300,"height":867,"caption":"Succ\u00e8s majeur de l'enqu\u00eate de la police criminelle d'Eupen et du Limbourg : groupe criminel d\u00e9mantel\u00e9"},{"@type":"BreadcrumbList","@id":"https:\/\/vieassociative.be\/actualites\/succes-majeur-de-lenquete-de-la-police-criminelle-deupen-et-du-limbourg-groupe-criminel-demantele\/#breadcrumb","itemListElement":[{"@type":"ListItem","position":1,"name":"Accueil","item":"https:\/\/vieassociative.be\/actualites\/"},{"@type":"ListItem","position":2,"name":"Succ\u00e8s majeur de l&rsquo;enqu\u00eate de la police criminelle d&rsquo;Eupen et du Limbourg : groupe criminel d\u00e9mantel\u00e9"}]},{"@type":"WebSite","@id":"https:\/\/vieassociative.be\/actualites\/#website","url":"https:\/\/vieassociative.be\/actualites\/","name":"Vie Associative","description":"","publisher":{"@id":"https:\/\/vieassociative.be\/actualites\/#organization"},"potentialAction":[{"@type":"SearchAction","target":{"@type":"EntryPoint","urlTemplate":"https:\/\/vieassociative.be\/actualites\/?s={search_term_string}"},"query-input":{"@type":"PropertyValueSpecification","valueRequired":true,"valueName":"search_term_string"}}],"inLanguage":"fr-BE"},{"@type":"Organization","@id":"https:\/\/vieassociative.be\/actualites\/#organization","name":"Vie Associative","url":"https:\/\/vieassociative.be\/actualites\/","logo":{"@type":"ImageObject","inLanguage":"fr-BE","@id":"https:\/\/vieassociative.be\/actualites\/#\/schema\/logo\/image\/","url":"https:\/\/vieassociative.be\/actualites\/wp-content\/uploads\/2024\/09\/cropped-vieassociative_favicon.ico.png","contentUrl":"https:\/\/vieassociative.be\/actualites\/wp-content\/uploads\/2024\/09\/cropped-vieassociative_favicon.ico.png","width":512,"height":512,"caption":"Vie Associative"},"image":{"@id":"https:\/\/vieassociative.be\/actualites\/#\/schema\/logo\/image\/"}},{"@type":"Person","@id":"https:\/\/vieassociative.be\/actualites\/#\/schema\/person\/b87ac4f82f9d4e7b7cec7395b679edc4","name":"Julien","image":{"@type":"ImageObject","inLanguage":"fr-BE","@id":"https:\/\/vieassociative.be\/actualites\/#\/schema\/person\/image\/","url":"https:\/\/vieassociative.be\/actualites\/wp-content\/uploads\/2024\/09\/vie-associative-1-150x150.jpg","contentUrl":"https:\/\/vieassociative.be\/actualites\/wp-content\/uploads\/2024\/09\/vie-associative-1-150x150.jpg","caption":"Julien"},"description":"Je suis Julien, r\u00e9dacteur pour Vie Associative. Passionn\u00e9 par le monde associatif depuis plus de 10 ans, j'ai \u00e0 c\u0153ur de partager des histoires inspirantes et de mettre en lumi\u00e8re les initiatives locales. Mon objectif est de sensibiliser et d'encourager l'engagement communautaire \u00e0 travers mes articles.","sameAs":["https:\/\/vieassociative.be\/"]}]}},"_links":{"self":[{"href":"https:\/\/vieassociative.be\/actualites\/wp-json\/wp\/v2\/posts\/10867"}],"collection":[{"href":"https:\/\/vieassociative.be\/actualites\/wp-json\/wp\/v2\/posts"}],"about":[{"href":"https:\/\/vieassociative.be\/actualites\/wp-json\/wp\/v2\/types\/post"}],"author":[{"embeddable":true,"href":"https:\/\/vieassociative.be\/actualites\/wp-json\/wp\/v2\/users\/1"}],"replies":[{"embeddable":true,"href":"https:\/\/vieassociative.be\/actualites\/wp-json\/wp\/v2\/comments?post=10867"}],"version-history":[{"count":0,"href":"https:\/\/vieassociative.be\/actualites\/wp-json\/wp\/v2\/posts\/10867\/revisions"}],"wp:featuredmedia":[{"embeddable":true,"href":"https:\/\/vieassociative.be\/actualites\/wp-json\/wp\/v2\/media\/10868"}],"wp:attachment":[{"href":"https:\/\/vieassociative.be\/actualites\/wp-json\/wp\/v2\/media?parent=10867"}],"wp:term":[{"taxonomy":"category","embeddable":true,"href":"https:\/\/vieassociative.be\/actualites\/wp-json\/wp\/v2\/categories?post=10867"},{"taxonomy":"post_tag","embeddable":true,"href":"https:\/\/vieassociative.be\/actualites\/wp-json\/wp\/v2\/tags?post=10867"}],"curies":[{"name":"wp","href":"https:\/\/api.w.org\/{rel}","templated":true}]}}