{"id":10863,"date":"2025-10-24T04:17:32","date_gmt":"2025-10-24T02:17:32","guid":{"rendered":"https:\/\/vieassociative.be\/actualites\/tour-de-france-2026-deux-fois-a-lalpe-dhuez-et-encore-a-montmartre-le-dernier-jour\/"},"modified":"2025-10-24T04:17:32","modified_gmt":"2025-10-24T02:17:32","slug":"tour-de-france-2026-deux-fois-a-lalpe-dhuez-et-encore-a-montmartre-le-dernier-jour","status":"publish","type":"post","link":"https:\/\/vieassociative.be\/actualites\/tour-de-france-2026-deux-fois-a-lalpe-dhuez-et-encore-a-montmartre-le-dernier-jour\/","title":{"rendered":"Tour de France 2026 deux fois \u00e0 l&rsquo;Alpe d&rsquo;Huez et encore \u00e0 Montmartre le dernier jour"},"content":{"rendered":"<p><strong>Le 113e Tour de France conna\u00eetra une finale colossale \u00e0 l&rsquo;\u00e9t\u00e9 2026, qui devrait plaire aux coureurs de montagne forts, notamment la superstar Tadej Pogacar : il monte deux fois \u00e0 l&rsquo;Alpe d&rsquo;Huez. L&rsquo;organisateur du tour ASO l&rsquo;a annonc\u00e9 lors de la pr\u00e9sentation du parcours du Tour 2026 au Palais de Congr\u00e8s de Paris.<\/strong><\/p>\n<p><span id=\"more-427898\"><\/span>Le 25 juillet, avant-dernier jour de la plus grande course cycliste du monde, nous partons du Bourg d&rsquo;Oisans, au pied de l&rsquo;Alpe d&rsquo;Huez, pour rejoindre la station de sports d&rsquo;hiver, accessible par un autre c\u00f4t\u00e9 que d&rsquo;habitude. 5 600 m\u00e8tres d&rsquo;altitude spectaculaires s&rsquo;\u00e9talent sur 171 kilom\u00e8tres &#8211; un jour avant Paris.<\/p>\n<\/p>\n<div id=\"attachment_427904\" class=\"wp-caption alignleft\" style=\"max-width: 300px\"><img fetchpriority=\"high\" decoding=\"async\" class=\"wp-image-427904 size-medium\" src=\"https:\/\/vieassociative.be\/actualites\/wp-content\/uploads\/2025\/10\/Tour-de-France-2026-deux-fois-a-lAlpe-dHuez-et.jpg\" alt=\"\" width=\"300\" height=\"200\"><\/div>\n<p>La particularit\u00e9 : l&rsquo;Alpe d&rsquo;Huez, qui ne faisait pas partie du parcours du Tour depuis quatre ans, est la veille la finale de l&rsquo;\u00e9tape apr\u00e8s seulement 128 kilom\u00e8tres et 3 500 m\u00e8tres de d\u00e9nivel\u00e9. Nous empruntons ensuite l&rsquo;itin\u00e9raire classique avec ses c\u00e9l\u00e8bres 21 lacets jusqu&rsquo;au sommet du col.<\/p>\n<p>Cette fois, le Tour de France parcourt 3 333 kilom\u00e8tres. Il d\u00e9bute pour la premi\u00e8re fois le 4 juillet \u00e0 Barcelone avec un contre-la-montre par \u00e9quipes de 19 kilom\u00e8tres de long. Le troisi\u00e8me jour, les coureurs arrivent pour la premi\u00e8re fois en France apr\u00e8s avoir pris le d\u00e9part de l&rsquo;Espagne. La destination de l&rsquo;\u00e9tape est Les Anges dans les Pyr\u00e9n\u00e9es, avec pr\u00e8s de 4 000 m\u00e8tres de d\u00e9nivel\u00e9 \u00e0 franchir.<\/p>\n<p><strong>\u2013 Une seule \u00e9tape de plus de 200 kilom\u00e8tres :<\/strong> Les coureurs du classement autour du quadruple champion Pogacar sont m\u00eame mis au d\u00e9fi le deuxi\u00e8me jour, lorsqu&rsquo;ils doivent \u00e9galement gravir des mont\u00e9es raides sur le chemin de Tarragone \u00e0 Barcelone.<\/p>\n<p>Les sprinteurs ont cinq opportunit\u00e9s, et il y a aussi un contre-la-montre individuel. Frappant : une seule \u00e9tape couvre plus de 200 kilom\u00e8tres : la section 13, qui se termine \u00e0 Belfort apr\u00e8s 205 kilom\u00e8tres.<\/p>\n<\/p>\n<div id=\"attachment_421110\" class=\"wp-caption alignleft\" style=\"max-width: 300px\"><img decoding=\"async\" class=\"wp-image-421110 size-medium\" src=\"https:\/\/vieassociative.be\/actualites\/wp-content\/uploads\/2025\/10\/1761272252_252_Tour-de-France-2026-deux-fois-a-lAlpe-dHuez-et.jpg\" alt=\"\" width=\"300\" height=\"200\"><\/div>\n<p><strong>\u2013 Montmartre de retour au programme :<\/strong><br \/>\n Cette fois, le parcours se d\u00e9roule dans le sens des aiguilles d&rsquo;une montre depuis Barcelone en passant par les Pyr\u00e9n\u00e9es, le Massif Central et les Alpes jusqu&rsquo;\u00e0 Paris lors de la troisi\u00e8me et derni\u00e8re semaine.<\/p>\n<p>Une fois de plus, l&rsquo;architecte du trac\u00e9 Thierry Gouvenou a int\u00e9gr\u00e9 Montmartre dans l&rsquo;\u00e9tape finale ; la montagne doit \u00eatre travers\u00e9e trois fois, puis elle descend jusqu&rsquo;aux Champs-\u00c9lys\u00e9es, destination de la 21e et derni\u00e8re \u00e9tape de la course. La derni\u00e8re visite \u00e0 Montmartre, bord\u00e9e d&rsquo;une foule spectaculaire, a d\u00e9j\u00e0 remport\u00e9 un grand succ\u00e8s aupr\u00e8s du public. Le Belge Wout van Wert s&rsquo;est impos\u00e9 de mani\u00e8re impressionnante.<\/p>\n<p>Pour Red Bull-Bora-hansgrohe, l&rsquo;\u00e9quipe dirig\u00e9e par le nouveau venu Remco Evenepoel, le Tour 2026 est \u00ab\u00a0d\u00e9finitivement une question de classement g\u00e9n\u00e9ral. Il y a de nombreuses \u00e9tapes qui correspondent au profil de nos coureurs\u00a0\u00bb, a d\u00e9clar\u00e9 Zak Dempster, le nouveau directeur sportif de l&rsquo;\u00e9quipe.<\/p>\n<p><strong>\u2013 D\u00e9part du tour f\u00e9minin \u00e0 Lausanne :<\/strong> Le cinqui\u00e8me tour f\u00e9minin d\u00e9bute le 1er ao\u00fbt \u00e0 Lausanne, la deuxi\u00e8me fois hors de France depuis 2024. La plus grande difficult\u00e9 est une arriv\u00e9e en montagne sur le Mont Ventoux \u00e0 l&rsquo;issue de la septi\u00e8me \u00e9tape. La course se termine apr\u00e8s neuf classements quotidiens le 9 ao\u00fbt \u00e0 Nice. (dpa\/cr\u00e9)<\/p>\n","protected":false},"excerpt":{"rendered":"<p>Le 113e Tour de France conna\u00eetra une finale colossale \u00e0 l&rsquo;\u00e9t\u00e9 2026, qui devrait plaire aux coureurs de montagne forts, notamment la superstar Tadej Pogacar<\/p>\n","protected":false},"author":1,"featured_media":10864,"comment_status":"","ping_status":"","sticky":false,"template":"","format":"standard","meta":{"footnotes":""},"categories":[298],"tags":[2682,114,9020,592,774,2444,53,9019,7927,2443],"class_list":["post-10863","post","type-post","status-publish","format-standard","has-post-thumbnail","hentry","category-belgique","tag-dernier","tag-deux","tag-dhuez","tag-encore","tag-fois","tag-france","tag-jour","tag-lalpe","tag-montmartre","tag-tour","generate-columns","tablet-grid-50","mobile-grid-100","grid-parent","grid-33"],"yoast_head":"<!-- This site is optimized with the Yoast SEO plugin v24.0 - https:\/\/yoast.com\/wordpress\/plugins\/seo\/ -->\n<title>Tour de France 2026 deux fois \u00e0 l&#039;Alpe d&#039;Huez et encore \u00e0 Montmartre le dernier jour | Vie Associative<\/title>\n<meta name=\"robots\" content=\"index, follow, max-snippet:-1, max-image-preview:large, max-video-preview:-1\" \/>\n<link rel=\"canonical\" href=\"https:\/\/vieassociative.be\/actualites\/tour-de-france-2026-deux-fois-a-lalpe-dhuez-et-encore-a-montmartre-le-dernier-jour\/\" \/>\n<meta property=\"og:locale\" content=\"fr_FR\" \/>\n<meta property=\"og:type\" content=\"article\" \/>\n<meta property=\"og:title\" content=\"Tour de France 2026 deux fois \u00e0 l&#039;Alpe d&#039;Huez et encore \u00e0 Montmartre le dernier jour | Vie Associative\" \/>\n<meta property=\"og:description\" content=\"Le 113e Tour de France conna\u00eetra une finale colossale \u00e0 l&rsquo;\u00e9t\u00e9 2026, qui devrait plaire aux coureurs de montagne forts, notamment la superstar Tadej Pogacar\" \/>\n<meta property=\"og:url\" content=\"https:\/\/vieassociative.be\/actualites\/tour-de-france-2026-deux-fois-a-lalpe-dhuez-et-encore-a-montmartre-le-dernier-jour\/\" \/>\n<meta property=\"og:site_name\" content=\"Vie Associative\" \/>\n<meta property=\"article:published_time\" content=\"2025-10-24T02:17:32+00:00\" \/>\n<meta property=\"og:image\" content=\"https:\/\/vieassociative.be\/actualites\/wp-content\/uploads\/2024\/09\/header_backgroundk-01-e1726694325946.png\" \/>\n\t<meta property=\"og:image:width\" content=\"279\" \/>\n\t<meta property=\"og:image:height\" content=\"92\" \/>\n\t<meta property=\"og:image:type\" content=\"image\/png\" \/>\n<meta name=\"author\" content=\"Julien\" \/>\n<meta name=\"twitter:card\" content=\"summary_large_image\" \/>\n<meta name=\"twitter:label1\" content=\"\u00c9crit par\" \/>\n\t<meta name=\"twitter:data1\" content=\"Julien\" \/>\n\t<meta name=\"twitter:label2\" content=\"Dur\u00e9e de lecture est.\" \/>\n\t<meta name=\"twitter:data2\" content=\"3 minutes\" \/>\n<script type=\"application\/ld+json\" class=\"yoast-schema-graph\">{\"@context\":\"https:\/\/schema.org\",\"@graph\":[{\"@type\":\"Article\",\"@id\":\"https:\/\/vieassociative.be\/actualites\/tour-de-france-2026-deux-fois-a-lalpe-dhuez-et-encore-a-montmartre-le-dernier-jour\/#article\",\"isPartOf\":{\"@id\":\"https:\/\/vieassociative.be\/actualites\/tour-de-france-2026-deux-fois-a-lalpe-dhuez-et-encore-a-montmartre-le-dernier-jour\/\"},\"author\":{\"name\":\"Julien\",\"@id\":\"https:\/\/vieassociative.be\/actualites\/#\/schema\/person\/b87ac4f82f9d4e7b7cec7395b679edc4\"},\"headline\":\"Tour de France 2026 deux fois \u00e0 l&rsquo;Alpe d&rsquo;Huez et encore \u00e0 Montmartre le dernier jour\",\"datePublished\":\"2025-10-24T02:17:32+00:00\",\"dateModified\":\"2025-10-24T02:17:32+00:00\",\"mainEntityOfPage\":{\"@id\":\"https:\/\/vieassociative.be\/actualites\/tour-de-france-2026-deux-fois-a-lalpe-dhuez-et-encore-a-montmartre-le-dernier-jour\/\"},\"wordCount\":577,\"publisher\":{\"@id\":\"https:\/\/vieassociative.be\/actualites\/#organization\"},\"image\":{\"@id\":\"https:\/\/vieassociative.be\/actualites\/tour-de-france-2026-deux-fois-a-lalpe-dhuez-et-encore-a-montmartre-le-dernier-jour\/#primaryimage\"},\"thumbnailUrl\":\"https:\/\/vieassociative.be\/actualites\/wp-content\/uploads\/2025\/10\/1761272252_Tour-de-France-2026-deux-fois-a-lAlpe-dHuez-et.jpg\",\"keywords\":[\"dernier\",\"deux\",\"dHuez\",\"encore\",\"fois\",\"France\",\"jour\",\"lAlpe\",\"Montmartre\",\"Tour\"],\"articleSection\":[\"Belgique\"],\"inLanguage\":\"fr-BE\"},{\"@type\":\"WebPage\",\"@id\":\"https:\/\/vieassociative.be\/actualites\/tour-de-france-2026-deux-fois-a-lalpe-dhuez-et-encore-a-montmartre-le-dernier-jour\/\",\"url\":\"https:\/\/vieassociative.be\/actualites\/tour-de-france-2026-deux-fois-a-lalpe-dhuez-et-encore-a-montmartre-le-dernier-jour\/\",\"name\":\"Tour de France 2026 deux fois \u00e0 l'Alpe d'Huez et encore \u00e0 Montmartre le dernier jour | Vie Associative\",\"isPartOf\":{\"@id\":\"https:\/\/vieassociative.be\/actualites\/#website\"},\"primaryImageOfPage\":{\"@id\":\"https:\/\/vieassociative.be\/actualites\/tour-de-france-2026-deux-fois-a-lalpe-dhuez-et-encore-a-montmartre-le-dernier-jour\/#primaryimage\"},\"image\":{\"@id\":\"https:\/\/vieassociative.be\/actualites\/tour-de-france-2026-deux-fois-a-lalpe-dhuez-et-encore-a-montmartre-le-dernier-jour\/#primaryimage\"},\"thumbnailUrl\":\"https:\/\/vieassociative.be\/actualites\/wp-content\/uploads\/2025\/10\/1761272252_Tour-de-France-2026-deux-fois-a-lAlpe-dHuez-et.jpg\",\"datePublished\":\"2025-10-24T02:17:32+00:00\",\"dateModified\":\"2025-10-24T02:17:32+00:00\",\"breadcrumb\":{\"@id\":\"https:\/\/vieassociative.be\/actualites\/tour-de-france-2026-deux-fois-a-lalpe-dhuez-et-encore-a-montmartre-le-dernier-jour\/#breadcrumb\"},\"inLanguage\":\"fr-BE\",\"potentialAction\":[{\"@type\":\"ReadAction\",\"target\":[\"https:\/\/vieassociative.be\/actualites\/tour-de-france-2026-deux-fois-a-lalpe-dhuez-et-encore-a-montmartre-le-dernier-jour\/\"]}]},{\"@type\":\"ImageObject\",\"inLanguage\":\"fr-BE\",\"@id\":\"https:\/\/vieassociative.be\/actualites\/tour-de-france-2026-deux-fois-a-lalpe-dhuez-et-encore-a-montmartre-le-dernier-jour\/#primaryimage\",\"url\":\"https:\/\/vieassociative.be\/actualites\/wp-content\/uploads\/2025\/10\/1761272252_Tour-de-France-2026-deux-fois-a-lAlpe-dHuez-et.jpg\",\"contentUrl\":\"https:\/\/vieassociative.be\/actualites\/wp-content\/uploads\/2025\/10\/1761272252_Tour-de-France-2026-deux-fois-a-lAlpe-dHuez-et.jpg\",\"width\":1200,\"height\":800,\"caption\":\"Tour de France 2026 deux fois \u00e0 l'Alpe d'Huez et encore \u00e0 Montmartre le dernier jour\"},{\"@type\":\"BreadcrumbList\",\"@id\":\"https:\/\/vieassociative.be\/actualites\/tour-de-france-2026-deux-fois-a-lalpe-dhuez-et-encore-a-montmartre-le-dernier-jour\/#breadcrumb\",\"itemListElement\":[{\"@type\":\"ListItem\",\"position\":1,\"name\":\"Accueil\",\"item\":\"https:\/\/vieassociative.be\/actualites\/\"},{\"@type\":\"ListItem\",\"position\":2,\"name\":\"Tour de France 2026 deux fois \u00e0 l&rsquo;Alpe d&rsquo;Huez et encore \u00e0 Montmartre le dernier jour\"}]},{\"@type\":\"WebSite\",\"@id\":\"https:\/\/vieassociative.be\/actualites\/#website\",\"url\":\"https:\/\/vieassociative.be\/actualites\/\",\"name\":\"Vie Associative\",\"description\":\"\",\"publisher\":{\"@id\":\"https:\/\/vieassociative.be\/actualites\/#organization\"},\"potentialAction\":[{\"@type\":\"SearchAction\",\"target\":{\"@type\":\"EntryPoint\",\"urlTemplate\":\"https:\/\/vieassociative.be\/actualites\/?s={search_term_string}\"},\"query-input\":{\"@type\":\"PropertyValueSpecification\",\"valueRequired\":true,\"valueName\":\"search_term_string\"}}],\"inLanguage\":\"fr-BE\"},{\"@type\":\"Organization\",\"@id\":\"https:\/\/vieassociative.be\/actualites\/#organization\",\"name\":\"Vie Associative\",\"url\":\"https:\/\/vieassociative.be\/actualites\/\",\"logo\":{\"@type\":\"ImageObject\",\"inLanguage\":\"fr-BE\",\"@id\":\"https:\/\/vieassociative.be\/actualites\/#\/schema\/logo\/image\/\",\"url\":\"https:\/\/vieassociative.be\/actualites\/wp-content\/uploads\/2024\/09\/cropped-vieassociative_favicon.ico.png\",\"contentUrl\":\"https:\/\/vieassociative.be\/actualites\/wp-content\/uploads\/2024\/09\/cropped-vieassociative_favicon.ico.png\",\"width\":512,\"height\":512,\"caption\":\"Vie Associative\"},\"image\":{\"@id\":\"https:\/\/vieassociative.be\/actualites\/#\/schema\/logo\/image\/\"}},{\"@type\":\"Person\",\"@id\":\"https:\/\/vieassociative.be\/actualites\/#\/schema\/person\/b87ac4f82f9d4e7b7cec7395b679edc4\",\"name\":\"Julien\",\"image\":{\"@type\":\"ImageObject\",\"inLanguage\":\"fr-BE\",\"@id\":\"https:\/\/vieassociative.be\/actualites\/#\/schema\/person\/image\/\",\"url\":\"https:\/\/vieassociative.be\/actualites\/wp-content\/uploads\/2024\/09\/vie-associative-1-150x150.jpg\",\"contentUrl\":\"https:\/\/vieassociative.be\/actualites\/wp-content\/uploads\/2024\/09\/vie-associative-1-150x150.jpg\",\"caption\":\"Julien\"},\"description\":\"Je suis Julien, r\u00e9dacteur pour Vie Associative. Passionn\u00e9 par le monde associatif depuis plus de 10 ans, j'ai \u00e0 c\u0153ur de partager des histoires inspirantes et de mettre en lumi\u00e8re les initiatives locales. Mon objectif est de sensibiliser et d'encourager l'engagement communautaire \u00e0 travers mes articles.\",\"sameAs\":[\"https:\/\/vieassociative.be\/\"]}]}<\/script>\n<!-- \/ Yoast SEO plugin. -->","yoast_head_json":{"title":"Tour de France 2026 deux fois \u00e0 l'Alpe d'Huez et encore \u00e0 Montmartre le dernier jour | Vie Associative","robots":{"index":"index","follow":"follow","max-snippet":"max-snippet:-1","max-image-preview":"max-image-preview:large","max-video-preview":"max-video-preview:-1"},"canonical":"https:\/\/vieassociative.be\/actualites\/tour-de-france-2026-deux-fois-a-lalpe-dhuez-et-encore-a-montmartre-le-dernier-jour\/","og_locale":"fr_FR","og_type":"article","og_title":"Tour de France 2026 deux fois \u00e0 l'Alpe d'Huez et encore \u00e0 Montmartre le dernier jour | Vie Associative","og_description":"Le 113e Tour de France conna\u00eetra une finale colossale \u00e0 l&rsquo;\u00e9t\u00e9 2026, qui devrait plaire aux coureurs de montagne forts, notamment la superstar Tadej Pogacar","og_url":"https:\/\/vieassociative.be\/actualites\/tour-de-france-2026-deux-fois-a-lalpe-dhuez-et-encore-a-montmartre-le-dernier-jour\/","og_site_name":"Vie Associative","article_published_time":"2025-10-24T02:17:32+00:00","og_image":[{"width":279,"height":92,"url":"https:\/\/vieassociative.be\/actualites\/wp-content\/uploads\/2024\/09\/header_backgroundk-01-e1726694325946.png","type":"image\/png"}],"author":"Julien","twitter_card":"summary_large_image","twitter_misc":{"\u00c9crit par":"Julien","Dur\u00e9e de lecture est.":"3 minutes"},"schema":{"@context":"https:\/\/schema.org","@graph":[{"@type":"Article","@id":"https:\/\/vieassociative.be\/actualites\/tour-de-france-2026-deux-fois-a-lalpe-dhuez-et-encore-a-montmartre-le-dernier-jour\/#article","isPartOf":{"@id":"https:\/\/vieassociative.be\/actualites\/tour-de-france-2026-deux-fois-a-lalpe-dhuez-et-encore-a-montmartre-le-dernier-jour\/"},"author":{"name":"Julien","@id":"https:\/\/vieassociative.be\/actualites\/#\/schema\/person\/b87ac4f82f9d4e7b7cec7395b679edc4"},"headline":"Tour de France 2026 deux fois \u00e0 l&rsquo;Alpe d&rsquo;Huez et encore \u00e0 Montmartre le dernier jour","datePublished":"2025-10-24T02:17:32+00:00","dateModified":"2025-10-24T02:17:32+00:00","mainEntityOfPage":{"@id":"https:\/\/vieassociative.be\/actualites\/tour-de-france-2026-deux-fois-a-lalpe-dhuez-et-encore-a-montmartre-le-dernier-jour\/"},"wordCount":577,"publisher":{"@id":"https:\/\/vieassociative.be\/actualites\/#organization"},"image":{"@id":"https:\/\/vieassociative.be\/actualites\/tour-de-france-2026-deux-fois-a-lalpe-dhuez-et-encore-a-montmartre-le-dernier-jour\/#primaryimage"},"thumbnailUrl":"https:\/\/vieassociative.be\/actualites\/wp-content\/uploads\/2025\/10\/1761272252_Tour-de-France-2026-deux-fois-a-lAlpe-dHuez-et.jpg","keywords":["dernier","deux","dHuez","encore","fois","France","jour","lAlpe","Montmartre","Tour"],"articleSection":["Belgique"],"inLanguage":"fr-BE"},{"@type":"WebPage","@id":"https:\/\/vieassociative.be\/actualites\/tour-de-france-2026-deux-fois-a-lalpe-dhuez-et-encore-a-montmartre-le-dernier-jour\/","url":"https:\/\/vieassociative.be\/actualites\/tour-de-france-2026-deux-fois-a-lalpe-dhuez-et-encore-a-montmartre-le-dernier-jour\/","name":"Tour de France 2026 deux fois \u00e0 l'Alpe d'Huez et encore \u00e0 Montmartre le dernier jour | Vie Associative","isPartOf":{"@id":"https:\/\/vieassociative.be\/actualites\/#website"},"primaryImageOfPage":{"@id":"https:\/\/vieassociative.be\/actualites\/tour-de-france-2026-deux-fois-a-lalpe-dhuez-et-encore-a-montmartre-le-dernier-jour\/#primaryimage"},"image":{"@id":"https:\/\/vieassociative.be\/actualites\/tour-de-france-2026-deux-fois-a-lalpe-dhuez-et-encore-a-montmartre-le-dernier-jour\/#primaryimage"},"thumbnailUrl":"https:\/\/vieassociative.be\/actualites\/wp-content\/uploads\/2025\/10\/1761272252_Tour-de-France-2026-deux-fois-a-lAlpe-dHuez-et.jpg","datePublished":"2025-10-24T02:17:32+00:00","dateModified":"2025-10-24T02:17:32+00:00","breadcrumb":{"@id":"https:\/\/vieassociative.be\/actualites\/tour-de-france-2026-deux-fois-a-lalpe-dhuez-et-encore-a-montmartre-le-dernier-jour\/#breadcrumb"},"inLanguage":"fr-BE","potentialAction":[{"@type":"ReadAction","target":["https:\/\/vieassociative.be\/actualites\/tour-de-france-2026-deux-fois-a-lalpe-dhuez-et-encore-a-montmartre-le-dernier-jour\/"]}]},{"@type":"ImageObject","inLanguage":"fr-BE","@id":"https:\/\/vieassociative.be\/actualites\/tour-de-france-2026-deux-fois-a-lalpe-dhuez-et-encore-a-montmartre-le-dernier-jour\/#primaryimage","url":"https:\/\/vieassociative.be\/actualites\/wp-content\/uploads\/2025\/10\/1761272252_Tour-de-France-2026-deux-fois-a-lAlpe-dHuez-et.jpg","contentUrl":"https:\/\/vieassociative.be\/actualites\/wp-content\/uploads\/2025\/10\/1761272252_Tour-de-France-2026-deux-fois-a-lAlpe-dHuez-et.jpg","width":1200,"height":800,"caption":"Tour de France 2026 deux fois \u00e0 l'Alpe d'Huez et encore \u00e0 Montmartre le dernier jour"},{"@type":"BreadcrumbList","@id":"https:\/\/vieassociative.be\/actualites\/tour-de-france-2026-deux-fois-a-lalpe-dhuez-et-encore-a-montmartre-le-dernier-jour\/#breadcrumb","itemListElement":[{"@type":"ListItem","position":1,"name":"Accueil","item":"https:\/\/vieassociative.be\/actualites\/"},{"@type":"ListItem","position":2,"name":"Tour de France 2026 deux fois \u00e0 l&rsquo;Alpe d&rsquo;Huez et encore \u00e0 Montmartre le dernier jour"}]},{"@type":"WebSite","@id":"https:\/\/vieassociative.be\/actualites\/#website","url":"https:\/\/vieassociative.be\/actualites\/","name":"Vie Associative","description":"","publisher":{"@id":"https:\/\/vieassociative.be\/actualites\/#organization"},"potentialAction":[{"@type":"SearchAction","target":{"@type":"EntryPoint","urlTemplate":"https:\/\/vieassociative.be\/actualites\/?s={search_term_string}"},"query-input":{"@type":"PropertyValueSpecification","valueRequired":true,"valueName":"search_term_string"}}],"inLanguage":"fr-BE"},{"@type":"Organization","@id":"https:\/\/vieassociative.be\/actualites\/#organization","name":"Vie Associative","url":"https:\/\/vieassociative.be\/actualites\/","logo":{"@type":"ImageObject","inLanguage":"fr-BE","@id":"https:\/\/vieassociative.be\/actualites\/#\/schema\/logo\/image\/","url":"https:\/\/vieassociative.be\/actualites\/wp-content\/uploads\/2024\/09\/cropped-vieassociative_favicon.ico.png","contentUrl":"https:\/\/vieassociative.be\/actualites\/wp-content\/uploads\/2024\/09\/cropped-vieassociative_favicon.ico.png","width":512,"height":512,"caption":"Vie Associative"},"image":{"@id":"https:\/\/vieassociative.be\/actualites\/#\/schema\/logo\/image\/"}},{"@type":"Person","@id":"https:\/\/vieassociative.be\/actualites\/#\/schema\/person\/b87ac4f82f9d4e7b7cec7395b679edc4","name":"Julien","image":{"@type":"ImageObject","inLanguage":"fr-BE","@id":"https:\/\/vieassociative.be\/actualites\/#\/schema\/person\/image\/","url":"https:\/\/vieassociative.be\/actualites\/wp-content\/uploads\/2024\/09\/vie-associative-1-150x150.jpg","contentUrl":"https:\/\/vieassociative.be\/actualites\/wp-content\/uploads\/2024\/09\/vie-associative-1-150x150.jpg","caption":"Julien"},"description":"Je suis Julien, r\u00e9dacteur pour Vie Associative. Passionn\u00e9 par le monde associatif depuis plus de 10 ans, j'ai \u00e0 c\u0153ur de partager des histoires inspirantes et de mettre en lumi\u00e8re les initiatives locales. Mon objectif est de sensibiliser et d'encourager l'engagement communautaire \u00e0 travers mes articles.","sameAs":["https:\/\/vieassociative.be\/"]}]}},"_links":{"self":[{"href":"https:\/\/vieassociative.be\/actualites\/wp-json\/wp\/v2\/posts\/10863"}],"collection":[{"href":"https:\/\/vieassociative.be\/actualites\/wp-json\/wp\/v2\/posts"}],"about":[{"href":"https:\/\/vieassociative.be\/actualites\/wp-json\/wp\/v2\/types\/post"}],"author":[{"embeddable":true,"href":"https:\/\/vieassociative.be\/actualites\/wp-json\/wp\/v2\/users\/1"}],"replies":[{"embeddable":true,"href":"https:\/\/vieassociative.be\/actualites\/wp-json\/wp\/v2\/comments?post=10863"}],"version-history":[{"count":0,"href":"https:\/\/vieassociative.be\/actualites\/wp-json\/wp\/v2\/posts\/10863\/revisions"}],"wp:featuredmedia":[{"embeddable":true,"href":"https:\/\/vieassociative.be\/actualites\/wp-json\/wp\/v2\/media\/10864"}],"wp:attachment":[{"href":"https:\/\/vieassociative.be\/actualites\/wp-json\/wp\/v2\/media?parent=10863"}],"wp:term":[{"taxonomy":"category","embeddable":true,"href":"https:\/\/vieassociative.be\/actualites\/wp-json\/wp\/v2\/categories?post=10863"},{"taxonomy":"post_tag","embeddable":true,"href":"https:\/\/vieassociative.be\/actualites\/wp-json\/wp\/v2\/tags?post=10863"}],"curies":[{"name":"wp","href":"https:\/\/api.w.org\/{rel}","templated":true}]}}