{"id":10856,"date":"2025-10-23T22:17:01","date_gmt":"2025-10-23T20:17:01","guid":{"rendered":"https:\/\/vieassociative.be\/actualites\/les-vieilles-tresses-doivent-disparaitre-nouvelle-bande-dessinee-asterix-en-lusitanie\/"},"modified":"2025-10-23T22:17:01","modified_gmt":"2025-10-23T20:17:01","slug":"les-vieilles-tresses-doivent-disparaitre-nouvelle-bande-dessinee-asterix-en-lusitanie","status":"publish","type":"post","link":"https:\/\/vieassociative.be\/actualites\/les-vieilles-tresses-doivent-disparaitre-nouvelle-bande-dessinee-asterix-en-lusitanie\/","title":{"rendered":"Les vieilles tresses doivent dispara\u00eetre : nouvelle bande dessin\u00e9e \u00ab Ast\u00e9rix en Lusitanie \u00bb"},"content":{"rendered":"<p><strong>La nouvelle bande dessin\u00e9e \u00ab Ast\u00e9rix \u00bb est l\u00e0 \u2013 cette fois, les courageux Gaulois se dirigent vers l\u2019actuel Portugal. Dans \u00ab Ast\u00e9rix en Lusitanie \u00bb, les h\u00e9ros luttent contre le pr\u00e9fet sans scrupules Fetterbonus et ses complices.<\/strong><\/p>\n<p><span id=\"more-427910\"><\/span>Fetterbonus est un mauvais profiteur et veut inonder le march\u00e9 de sauce de poisson de qualit\u00e9 inf\u00e9rieure. Son plus grand objectif est de devenir fournisseur de Jules C\u00e9sar. Dans sa cupidit\u00e9, il n&rsquo;h\u00e9site pas \u00e0 mettre derri\u00e8re les barreaux un fabricant de charcuterie irr\u00e9prochable, consid\u00e9r\u00e9 comme une concurrence ind\u00e9sirable. Mais son bon ami Schnurres fait venir ses anciennes connaissances des Gaules.<\/p>\n<p>Quiconque a d\u00e9j\u00e0 visit\u00e9 le Portugal d\u00e9couvrira de nombreuses allusions affectueuses au pr\u00e9sent. Les h\u00e9ros antiques ne se contentent pas de se frayer un chemin \u00e0 travers la Lisbonne d&rsquo;aujourd&rsquo;hui. Cette fois, ils comptent \u00e9galement sur un d\u00e9guisement parfait pour d\u00e9jouer les Romains.<\/p>\n<p>Pour ce faire, vous vous d\u00e9barrassez litt\u00e9ralement de vos vieilles tresses. Ast\u00e9rix et Ob\u00e9lix n&rsquo;ont jamais \u00e9t\u00e9 vus ainsi depuis toutes ces ann\u00e9es. Et ce n&rsquo;est pas la seule chose qui fait se plaindre le bon gros Ob\u00e9lix : la cuisine lusitanienne \u00e0 base de poisson n&rsquo;est pas du tout son truc.<\/p>\n<p>Pour la deuxi\u00e8me fois, le r\u00e9dacteur fran\u00e7ais Fabcaro (Fabrice Caro) assure le sc\u00e9nario, tandis que son compatriote Didier Conrad r\u00e9alise comme \u00e0 son habitude les dessins. Albert Uderzo (1927-2020) a cr\u00e9\u00e9 les personnages d&rsquo;Ast\u00e9rix et Ob\u00e9lix en 1959 avec l&rsquo;auteur Ren\u00e9 Goscinny (1926-1977). (dpa)<\/p>\n","protected":false},"excerpt":{"rendered":"<p>La nouvelle bande dessin\u00e9e \u00ab Ast\u00e9rix \u00bb est l\u00e0 \u2013 cette fois, les courageux Gaulois se dirigent vers l\u2019actuel Portugal. Dans \u00ab Ast\u00e9rix en Lusitanie<\/p>\n","protected":false},"author":1,"featured_media":10857,"comment_status":"","ping_status":"","sticky":false,"template":"","format":"standard","meta":{"footnotes":""},"categories":[298],"tags":[9017,4945,9016,9015,3350,14,9018,491,9014,6616],"class_list":["post-10856","post","type-post","status-publish","format-standard","has-post-thumbnail","hentry","category-belgique","tag-asterix","tag-bande","tag-dessinee","tag-disparaitre","tag-doivent","tag-les","tag-lusitanie","tag-nouvelle","tag-tresses","tag-vieilles","generate-columns","tablet-grid-50","mobile-grid-100","grid-parent","grid-33"],"yoast_head":"<!-- This site is optimized with the Yoast SEO plugin v24.0 - https:\/\/yoast.com\/wordpress\/plugins\/seo\/ -->\n<title>Les vieilles tresses doivent dispara\u00eetre : nouvelle bande dessin\u00e9e \u00ab Ast\u00e9rix en Lusitanie \u00bb | Vie Associative<\/title>\n<meta name=\"robots\" content=\"index, follow, max-snippet:-1, max-image-preview:large, max-video-preview:-1\" \/>\n<link rel=\"canonical\" href=\"https:\/\/vieassociative.be\/actualites\/les-vieilles-tresses-doivent-disparaitre-nouvelle-bande-dessinee-asterix-en-lusitanie\/\" \/>\n<meta property=\"og:locale\" content=\"fr_FR\" \/>\n<meta property=\"og:type\" content=\"article\" \/>\n<meta property=\"og:title\" content=\"Les vieilles tresses doivent dispara\u00eetre : nouvelle bande dessin\u00e9e \u00ab Ast\u00e9rix en Lusitanie \u00bb | Vie Associative\" \/>\n<meta property=\"og:description\" content=\"La nouvelle bande dessin\u00e9e \u00ab Ast\u00e9rix \u00bb est l\u00e0 \u2013 cette fois, les courageux Gaulois se dirigent vers l\u2019actuel Portugal. Dans \u00ab Ast\u00e9rix en Lusitanie\" \/>\n<meta property=\"og:url\" content=\"https:\/\/vieassociative.be\/actualites\/les-vieilles-tresses-doivent-disparaitre-nouvelle-bande-dessinee-asterix-en-lusitanie\/\" \/>\n<meta property=\"og:site_name\" content=\"Vie Associative\" \/>\n<meta property=\"article:published_time\" content=\"2025-10-23T20:17:01+00:00\" \/>\n<meta property=\"og:image\" content=\"https:\/\/vieassociative.be\/actualites\/wp-content\/uploads\/2024\/09\/header_backgroundk-01-e1726694325946.png\" \/>\n\t<meta property=\"og:image:width\" content=\"279\" \/>\n\t<meta property=\"og:image:height\" content=\"92\" \/>\n\t<meta property=\"og:image:type\" content=\"image\/png\" \/>\n<meta name=\"author\" content=\"Julien\" \/>\n<meta name=\"twitter:card\" content=\"summary_large_image\" \/>\n<meta name=\"twitter:label1\" content=\"\u00c9crit par\" \/>\n\t<meta name=\"twitter:data1\" content=\"Julien\" \/>\n\t<meta name=\"twitter:label2\" content=\"Dur\u00e9e de lecture est.\" \/>\n\t<meta name=\"twitter:data2\" content=\"1 minute\" \/>\n<script type=\"application\/ld+json\" class=\"yoast-schema-graph\">{\"@context\":\"https:\/\/schema.org\",\"@graph\":[{\"@type\":\"Article\",\"@id\":\"https:\/\/vieassociative.be\/actualites\/les-vieilles-tresses-doivent-disparaitre-nouvelle-bande-dessinee-asterix-en-lusitanie\/#article\",\"isPartOf\":{\"@id\":\"https:\/\/vieassociative.be\/actualites\/les-vieilles-tresses-doivent-disparaitre-nouvelle-bande-dessinee-asterix-en-lusitanie\/\"},\"author\":{\"name\":\"Julien\",\"@id\":\"https:\/\/vieassociative.be\/actualites\/#\/schema\/person\/b87ac4f82f9d4e7b7cec7395b679edc4\"},\"headline\":\"Les vieilles tresses doivent dispara\u00eetre : nouvelle bande dessin\u00e9e \u00ab Ast\u00e9rix en Lusitanie \u00bb\",\"datePublished\":\"2025-10-23T20:17:01+00:00\",\"dateModified\":\"2025-10-23T20:17:01+00:00\",\"mainEntityOfPage\":{\"@id\":\"https:\/\/vieassociative.be\/actualites\/les-vieilles-tresses-doivent-disparaitre-nouvelle-bande-dessinee-asterix-en-lusitanie\/\"},\"wordCount\":281,\"publisher\":{\"@id\":\"https:\/\/vieassociative.be\/actualites\/#organization\"},\"image\":{\"@id\":\"https:\/\/vieassociative.be\/actualites\/les-vieilles-tresses-doivent-disparaitre-nouvelle-bande-dessinee-asterix-en-lusitanie\/#primaryimage\"},\"thumbnailUrl\":\"https:\/\/vieassociative.be\/actualites\/wp-content\/uploads\/2025\/10\/Les-vieilles-tresses-doivent-disparaitre-nouvelle-bande-dessinee.jpg\",\"keywords\":[\"Ast\u00e9rix\",\"bande\",\"dessin\u00e9e\",\"dispara\u00eetre\",\"doivent\",\"Les\",\"Lusitanie\",\"nouvelle\",\"tresses\",\"vieilles\"],\"articleSection\":[\"Belgique\"],\"inLanguage\":\"fr-BE\"},{\"@type\":\"WebPage\",\"@id\":\"https:\/\/vieassociative.be\/actualites\/les-vieilles-tresses-doivent-disparaitre-nouvelle-bande-dessinee-asterix-en-lusitanie\/\",\"url\":\"https:\/\/vieassociative.be\/actualites\/les-vieilles-tresses-doivent-disparaitre-nouvelle-bande-dessinee-asterix-en-lusitanie\/\",\"name\":\"Les vieilles tresses doivent dispara\u00eetre : nouvelle bande dessin\u00e9e \u00ab Ast\u00e9rix en Lusitanie \u00bb | Vie Associative\",\"isPartOf\":{\"@id\":\"https:\/\/vieassociative.be\/actualites\/#website\"},\"primaryImageOfPage\":{\"@id\":\"https:\/\/vieassociative.be\/actualites\/les-vieilles-tresses-doivent-disparaitre-nouvelle-bande-dessinee-asterix-en-lusitanie\/#primaryimage\"},\"image\":{\"@id\":\"https:\/\/vieassociative.be\/actualites\/les-vieilles-tresses-doivent-disparaitre-nouvelle-bande-dessinee-asterix-en-lusitanie\/#primaryimage\"},\"thumbnailUrl\":\"https:\/\/vieassociative.be\/actualites\/wp-content\/uploads\/2025\/10\/Les-vieilles-tresses-doivent-disparaitre-nouvelle-bande-dessinee.jpg\",\"datePublished\":\"2025-10-23T20:17:01+00:00\",\"dateModified\":\"2025-10-23T20:17:01+00:00\",\"breadcrumb\":{\"@id\":\"https:\/\/vieassociative.be\/actualites\/les-vieilles-tresses-doivent-disparaitre-nouvelle-bande-dessinee-asterix-en-lusitanie\/#breadcrumb\"},\"inLanguage\":\"fr-BE\",\"potentialAction\":[{\"@type\":\"ReadAction\",\"target\":[\"https:\/\/vieassociative.be\/actualites\/les-vieilles-tresses-doivent-disparaitre-nouvelle-bande-dessinee-asterix-en-lusitanie\/\"]}]},{\"@type\":\"ImageObject\",\"inLanguage\":\"fr-BE\",\"@id\":\"https:\/\/vieassociative.be\/actualites\/les-vieilles-tresses-doivent-disparaitre-nouvelle-bande-dessinee-asterix-en-lusitanie\/#primaryimage\",\"url\":\"https:\/\/vieassociative.be\/actualites\/wp-content\/uploads\/2025\/10\/Les-vieilles-tresses-doivent-disparaitre-nouvelle-bande-dessinee.jpg\",\"contentUrl\":\"https:\/\/vieassociative.be\/actualites\/wp-content\/uploads\/2025\/10\/Les-vieilles-tresses-doivent-disparaitre-nouvelle-bande-dessinee.jpg\",\"width\":1200,\"height\":800,\"caption\":\"Les vieilles tresses doivent dispara\u00eetre : nouvelle bande dessin\u00e9e \u00ab Ast\u00e9rix en Lusitanie \u00bb\"},{\"@type\":\"BreadcrumbList\",\"@id\":\"https:\/\/vieassociative.be\/actualites\/les-vieilles-tresses-doivent-disparaitre-nouvelle-bande-dessinee-asterix-en-lusitanie\/#breadcrumb\",\"itemListElement\":[{\"@type\":\"ListItem\",\"position\":1,\"name\":\"Accueil\",\"item\":\"https:\/\/vieassociative.be\/actualites\/\"},{\"@type\":\"ListItem\",\"position\":2,\"name\":\"Les vieilles tresses doivent dispara\u00eetre : nouvelle bande dessin\u00e9e \u00ab Ast\u00e9rix en Lusitanie \u00bb\"}]},{\"@type\":\"WebSite\",\"@id\":\"https:\/\/vieassociative.be\/actualites\/#website\",\"url\":\"https:\/\/vieassociative.be\/actualites\/\",\"name\":\"Vie Associative\",\"description\":\"\",\"publisher\":{\"@id\":\"https:\/\/vieassociative.be\/actualites\/#organization\"},\"potentialAction\":[{\"@type\":\"SearchAction\",\"target\":{\"@type\":\"EntryPoint\",\"urlTemplate\":\"https:\/\/vieassociative.be\/actualites\/?s={search_term_string}\"},\"query-input\":{\"@type\":\"PropertyValueSpecification\",\"valueRequired\":true,\"valueName\":\"search_term_string\"}}],\"inLanguage\":\"fr-BE\"},{\"@type\":\"Organization\",\"@id\":\"https:\/\/vieassociative.be\/actualites\/#organization\",\"name\":\"Vie Associative\",\"url\":\"https:\/\/vieassociative.be\/actualites\/\",\"logo\":{\"@type\":\"ImageObject\",\"inLanguage\":\"fr-BE\",\"@id\":\"https:\/\/vieassociative.be\/actualites\/#\/schema\/logo\/image\/\",\"url\":\"https:\/\/vieassociative.be\/actualites\/wp-content\/uploads\/2024\/09\/cropped-vieassociative_favicon.ico.png\",\"contentUrl\":\"https:\/\/vieassociative.be\/actualites\/wp-content\/uploads\/2024\/09\/cropped-vieassociative_favicon.ico.png\",\"width\":512,\"height\":512,\"caption\":\"Vie Associative\"},\"image\":{\"@id\":\"https:\/\/vieassociative.be\/actualites\/#\/schema\/logo\/image\/\"}},{\"@type\":\"Person\",\"@id\":\"https:\/\/vieassociative.be\/actualites\/#\/schema\/person\/b87ac4f82f9d4e7b7cec7395b679edc4\",\"name\":\"Julien\",\"image\":{\"@type\":\"ImageObject\",\"inLanguage\":\"fr-BE\",\"@id\":\"https:\/\/vieassociative.be\/actualites\/#\/schema\/person\/image\/\",\"url\":\"https:\/\/vieassociative.be\/actualites\/wp-content\/uploads\/2024\/09\/vie-associative-1-150x150.jpg\",\"contentUrl\":\"https:\/\/vieassociative.be\/actualites\/wp-content\/uploads\/2024\/09\/vie-associative-1-150x150.jpg\",\"caption\":\"Julien\"},\"description\":\"Je suis Julien, r\u00e9dacteur pour Vie Associative. Passionn\u00e9 par le monde associatif depuis plus de 10 ans, j'ai \u00e0 c\u0153ur de partager des histoires inspirantes et de mettre en lumi\u00e8re les initiatives locales. Mon objectif est de sensibiliser et d'encourager l'engagement communautaire \u00e0 travers mes articles.\",\"sameAs\":[\"https:\/\/vieassociative.be\/\"]}]}<\/script>\n<!-- \/ Yoast SEO plugin. -->","yoast_head_json":{"title":"Les vieilles tresses doivent dispara\u00eetre : nouvelle bande dessin\u00e9e \u00ab Ast\u00e9rix en Lusitanie \u00bb | Vie Associative","robots":{"index":"index","follow":"follow","max-snippet":"max-snippet:-1","max-image-preview":"max-image-preview:large","max-video-preview":"max-video-preview:-1"},"canonical":"https:\/\/vieassociative.be\/actualites\/les-vieilles-tresses-doivent-disparaitre-nouvelle-bande-dessinee-asterix-en-lusitanie\/","og_locale":"fr_FR","og_type":"article","og_title":"Les vieilles tresses doivent dispara\u00eetre : nouvelle bande dessin\u00e9e \u00ab Ast\u00e9rix en Lusitanie \u00bb | Vie Associative","og_description":"La nouvelle bande dessin\u00e9e \u00ab Ast\u00e9rix \u00bb est l\u00e0 \u2013 cette fois, les courageux Gaulois se dirigent vers l\u2019actuel Portugal. Dans \u00ab Ast\u00e9rix en Lusitanie","og_url":"https:\/\/vieassociative.be\/actualites\/les-vieilles-tresses-doivent-disparaitre-nouvelle-bande-dessinee-asterix-en-lusitanie\/","og_site_name":"Vie Associative","article_published_time":"2025-10-23T20:17:01+00:00","og_image":[{"width":279,"height":92,"url":"https:\/\/vieassociative.be\/actualites\/wp-content\/uploads\/2024\/09\/header_backgroundk-01-e1726694325946.png","type":"image\/png"}],"author":"Julien","twitter_card":"summary_large_image","twitter_misc":{"\u00c9crit par":"Julien","Dur\u00e9e de lecture est.":"1 minute"},"schema":{"@context":"https:\/\/schema.org","@graph":[{"@type":"Article","@id":"https:\/\/vieassociative.be\/actualites\/les-vieilles-tresses-doivent-disparaitre-nouvelle-bande-dessinee-asterix-en-lusitanie\/#article","isPartOf":{"@id":"https:\/\/vieassociative.be\/actualites\/les-vieilles-tresses-doivent-disparaitre-nouvelle-bande-dessinee-asterix-en-lusitanie\/"},"author":{"name":"Julien","@id":"https:\/\/vieassociative.be\/actualites\/#\/schema\/person\/b87ac4f82f9d4e7b7cec7395b679edc4"},"headline":"Les vieilles tresses doivent dispara\u00eetre : nouvelle bande dessin\u00e9e \u00ab Ast\u00e9rix en Lusitanie \u00bb","datePublished":"2025-10-23T20:17:01+00:00","dateModified":"2025-10-23T20:17:01+00:00","mainEntityOfPage":{"@id":"https:\/\/vieassociative.be\/actualites\/les-vieilles-tresses-doivent-disparaitre-nouvelle-bande-dessinee-asterix-en-lusitanie\/"},"wordCount":281,"publisher":{"@id":"https:\/\/vieassociative.be\/actualites\/#organization"},"image":{"@id":"https:\/\/vieassociative.be\/actualites\/les-vieilles-tresses-doivent-disparaitre-nouvelle-bande-dessinee-asterix-en-lusitanie\/#primaryimage"},"thumbnailUrl":"https:\/\/vieassociative.be\/actualites\/wp-content\/uploads\/2025\/10\/Les-vieilles-tresses-doivent-disparaitre-nouvelle-bande-dessinee.jpg","keywords":["Ast\u00e9rix","bande","dessin\u00e9e","dispara\u00eetre","doivent","Les","Lusitanie","nouvelle","tresses","vieilles"],"articleSection":["Belgique"],"inLanguage":"fr-BE"},{"@type":"WebPage","@id":"https:\/\/vieassociative.be\/actualites\/les-vieilles-tresses-doivent-disparaitre-nouvelle-bande-dessinee-asterix-en-lusitanie\/","url":"https:\/\/vieassociative.be\/actualites\/les-vieilles-tresses-doivent-disparaitre-nouvelle-bande-dessinee-asterix-en-lusitanie\/","name":"Les vieilles tresses doivent dispara\u00eetre : nouvelle bande dessin\u00e9e \u00ab Ast\u00e9rix en Lusitanie \u00bb | Vie Associative","isPartOf":{"@id":"https:\/\/vieassociative.be\/actualites\/#website"},"primaryImageOfPage":{"@id":"https:\/\/vieassociative.be\/actualites\/les-vieilles-tresses-doivent-disparaitre-nouvelle-bande-dessinee-asterix-en-lusitanie\/#primaryimage"},"image":{"@id":"https:\/\/vieassociative.be\/actualites\/les-vieilles-tresses-doivent-disparaitre-nouvelle-bande-dessinee-asterix-en-lusitanie\/#primaryimage"},"thumbnailUrl":"https:\/\/vieassociative.be\/actualites\/wp-content\/uploads\/2025\/10\/Les-vieilles-tresses-doivent-disparaitre-nouvelle-bande-dessinee.jpg","datePublished":"2025-10-23T20:17:01+00:00","dateModified":"2025-10-23T20:17:01+00:00","breadcrumb":{"@id":"https:\/\/vieassociative.be\/actualites\/les-vieilles-tresses-doivent-disparaitre-nouvelle-bande-dessinee-asterix-en-lusitanie\/#breadcrumb"},"inLanguage":"fr-BE","potentialAction":[{"@type":"ReadAction","target":["https:\/\/vieassociative.be\/actualites\/les-vieilles-tresses-doivent-disparaitre-nouvelle-bande-dessinee-asterix-en-lusitanie\/"]}]},{"@type":"ImageObject","inLanguage":"fr-BE","@id":"https:\/\/vieassociative.be\/actualites\/les-vieilles-tresses-doivent-disparaitre-nouvelle-bande-dessinee-asterix-en-lusitanie\/#primaryimage","url":"https:\/\/vieassociative.be\/actualites\/wp-content\/uploads\/2025\/10\/Les-vieilles-tresses-doivent-disparaitre-nouvelle-bande-dessinee.jpg","contentUrl":"https:\/\/vieassociative.be\/actualites\/wp-content\/uploads\/2025\/10\/Les-vieilles-tresses-doivent-disparaitre-nouvelle-bande-dessinee.jpg","width":1200,"height":800,"caption":"Les vieilles tresses doivent dispara\u00eetre : nouvelle bande dessin\u00e9e \u00ab Ast\u00e9rix en Lusitanie \u00bb"},{"@type":"BreadcrumbList","@id":"https:\/\/vieassociative.be\/actualites\/les-vieilles-tresses-doivent-disparaitre-nouvelle-bande-dessinee-asterix-en-lusitanie\/#breadcrumb","itemListElement":[{"@type":"ListItem","position":1,"name":"Accueil","item":"https:\/\/vieassociative.be\/actualites\/"},{"@type":"ListItem","position":2,"name":"Les vieilles tresses doivent dispara\u00eetre : nouvelle bande dessin\u00e9e \u00ab Ast\u00e9rix en Lusitanie \u00bb"}]},{"@type":"WebSite","@id":"https:\/\/vieassociative.be\/actualites\/#website","url":"https:\/\/vieassociative.be\/actualites\/","name":"Vie Associative","description":"","publisher":{"@id":"https:\/\/vieassociative.be\/actualites\/#organization"},"potentialAction":[{"@type":"SearchAction","target":{"@type":"EntryPoint","urlTemplate":"https:\/\/vieassociative.be\/actualites\/?s={search_term_string}"},"query-input":{"@type":"PropertyValueSpecification","valueRequired":true,"valueName":"search_term_string"}}],"inLanguage":"fr-BE"},{"@type":"Organization","@id":"https:\/\/vieassociative.be\/actualites\/#organization","name":"Vie Associative","url":"https:\/\/vieassociative.be\/actualites\/","logo":{"@type":"ImageObject","inLanguage":"fr-BE","@id":"https:\/\/vieassociative.be\/actualites\/#\/schema\/logo\/image\/","url":"https:\/\/vieassociative.be\/actualites\/wp-content\/uploads\/2024\/09\/cropped-vieassociative_favicon.ico.png","contentUrl":"https:\/\/vieassociative.be\/actualites\/wp-content\/uploads\/2024\/09\/cropped-vieassociative_favicon.ico.png","width":512,"height":512,"caption":"Vie Associative"},"image":{"@id":"https:\/\/vieassociative.be\/actualites\/#\/schema\/logo\/image\/"}},{"@type":"Person","@id":"https:\/\/vieassociative.be\/actualites\/#\/schema\/person\/b87ac4f82f9d4e7b7cec7395b679edc4","name":"Julien","image":{"@type":"ImageObject","inLanguage":"fr-BE","@id":"https:\/\/vieassociative.be\/actualites\/#\/schema\/person\/image\/","url":"https:\/\/vieassociative.be\/actualites\/wp-content\/uploads\/2024\/09\/vie-associative-1-150x150.jpg","contentUrl":"https:\/\/vieassociative.be\/actualites\/wp-content\/uploads\/2024\/09\/vie-associative-1-150x150.jpg","caption":"Julien"},"description":"Je suis Julien, r\u00e9dacteur pour Vie Associative. Passionn\u00e9 par le monde associatif depuis plus de 10 ans, j'ai \u00e0 c\u0153ur de partager des histoires inspirantes et de mettre en lumi\u00e8re les initiatives locales. Mon objectif est de sensibiliser et d'encourager l'engagement communautaire \u00e0 travers mes articles.","sameAs":["https:\/\/vieassociative.be\/"]}]}},"_links":{"self":[{"href":"https:\/\/vieassociative.be\/actualites\/wp-json\/wp\/v2\/posts\/10856"}],"collection":[{"href":"https:\/\/vieassociative.be\/actualites\/wp-json\/wp\/v2\/posts"}],"about":[{"href":"https:\/\/vieassociative.be\/actualites\/wp-json\/wp\/v2\/types\/post"}],"author":[{"embeddable":true,"href":"https:\/\/vieassociative.be\/actualites\/wp-json\/wp\/v2\/users\/1"}],"replies":[{"embeddable":true,"href":"https:\/\/vieassociative.be\/actualites\/wp-json\/wp\/v2\/comments?post=10856"}],"version-history":[{"count":0,"href":"https:\/\/vieassociative.be\/actualites\/wp-json\/wp\/v2\/posts\/10856\/revisions"}],"wp:featuredmedia":[{"embeddable":true,"href":"https:\/\/vieassociative.be\/actualites\/wp-json\/wp\/v2\/media\/10857"}],"wp:attachment":[{"href":"https:\/\/vieassociative.be\/actualites\/wp-json\/wp\/v2\/media?parent=10856"}],"wp:term":[{"taxonomy":"category","embeddable":true,"href":"https:\/\/vieassociative.be\/actualites\/wp-json\/wp\/v2\/categories?post=10856"},{"taxonomy":"post_tag","embeddable":true,"href":"https:\/\/vieassociative.be\/actualites\/wp-json\/wp\/v2\/tags?post=10856"}],"curies":[{"name":"wp","href":"https:\/\/api.w.org\/{rel}","templated":true}]}}