{"id":10850,"date":"2025-10-23T16:16:56","date_gmt":"2025-10-23T14:16:56","guid":{"rendered":"https:\/\/vieassociative.be\/actualites\/la-justice-etouffe-les-associations-de-magistrats-tirent-la-sonnette-dalarme-et-preparent-une-action-le-14-novembre\/"},"modified":"2025-10-23T16:16:56","modified_gmt":"2025-10-23T14:16:56","slug":"la-justice-etouffe-les-associations-de-magistrats-tirent-la-sonnette-dalarme-et-preparent-une-action-le-14-novembre","status":"publish","type":"post","link":"https:\/\/vieassociative.be\/actualites\/la-justice-etouffe-les-associations-de-magistrats-tirent-la-sonnette-dalarme-et-preparent-une-action-le-14-novembre\/","title":{"rendered":"\u00ab La justice \u00e9touffe \u00bb : Les associations de magistrats tirent la sonnette d\u2019alarme et pr\u00e9parent une action le 14 novembre"},"content":{"rendered":"<p><strong>Le 14 novembre 2025 aura lieu \u00e0 Bruxelles une rencontre nationale de la justice belge \u2013 une action commune des associations de magistrats du nord et du sud du pays. Cette mobilisation vise \u00e0 attirer l&rsquo;attention sur le sous-financement structurel du pouvoir judiciaire.<\/strong><\/p>\n<p><span id=\"more-427758\"><\/span>\u00ab\u00a0La justice est \u00e9touffante\u00a0\u00bb, affirme le cahier de revendications des associations de magistrats belges. L&rsquo;ann\u00e9e derni\u00e8re, plusieurs actions ont \u00e9t\u00e9 men\u00e9es par les acteurs du syst\u00e8me judiciaire pour attirer l&rsquo;attention du gouvernement sur le sous-financement structurel du syst\u00e8me judiciaire et la baisse d&rsquo;attractivit\u00e9 des professions juridiques, notamment celle de magistrat.<\/p>\n<p>Ce sous-financement se refl\u00e8te notamment dans le manque de personnel, selon le cahier de revendications des associations communales. \u00ab Le gouvernement reste cat\u00e9gorique dans son refus de recruter davantage de magistrats et de personnel, malgr\u00e9 les mesures de la charge de travail montrant que les capacit\u00e9s actuelles sont insuffisantes compte tenu des t\u00e2ches assign\u00e9es au pouvoir judiciaire. \u00bb<\/p>\n<div id=\"attachment_241904\" class=\"wp-caption alignleft\" style=\"max-width: 300px\"><img fetchpriority=\"high\" decoding=\"async\" class=\"wp-image-241904 size-medium\" src=\"https:\/\/vieassociative.be\/actualites\/wp-content\/uploads\/2025\/10\/La-justice-etouffe-Les-associations-de-magistrats.jpeg\" alt=\"\" width=\"300\" height=\"225\"  ><\/div>\n<p>Il est \u00e9galement soulign\u00e9 que les b\u00e2timents judiciaires sont en mauvais \u00e9tat, que la num\u00e9risation est incompl\u00e8te et ne permet donc pas de moderniser les processus de travail et que les peines de prison ne sont pas appliqu\u00e9es. Cependant, les alternatives \u00e0 l&#8217;emprisonnement ne sont pas disponibles localement en raison du manque de ressources et la prise en charge des personnes intern\u00e9es est inad\u00e9quate.<\/p>\n<p>On se plaint \u00e9galement du manque de solutions pour les mineurs \u00e0 risque ou d\u00e9linquants, qui sont souvent contraints de rester dans leur milieu familial faute de structures. Les experts et les traducteurs sont sous-pay\u00e9s, pay\u00e9s en retard ou pas du tout, ce qui les conduit \u00e0 se tourner vers des contrats priv\u00e9s alors qu&rsquo;ils sont essentiels au bon fonctionnement du syst\u00e8me judiciaire.<\/p>\n<p>Afin de garantir l\u2019\u00c9tat de droit et la s\u00e9curit\u00e9 int\u00e9rieure pour tous, les associations de magistrats estiment qu\u2019un pouvoir judiciaire fort et ind\u00e9pendant est essentiel. Cette n\u00e9cessit\u00e9 a \u00e9t\u00e9 reconnue par les partis majoritaires, qui ont eux-m\u00eames soutenu pendant la campagne \u00e9lectorale que le budget du pouvoir judiciaire devrait repr\u00e9senter environ 0,5 pour cent du produit int\u00e9rieur brut (PIB).<\/p>\n<p>\u00ab Durant une p\u00e9riode d&rsquo;un mois jusqu&rsquo;au 13 novembre 2025, nous souhaitons donner une nouvelle chance \u00e0 la concertation. Durant cette p\u00e9riode, nous demandons \u00e0 \u00eatre re\u00e7us par des repr\u00e9sentants du gouvernement et de la Chambre pour n\u00e9gocier les points suivants :<\/p>\n<div id=\"attachment_293200\" class=\"wp-caption alignleft\" style=\"max-width: 300px\"><img decoding=\"async\" class=\"wp-image-293200 size-medium\" src=\"https:\/\/vieassociative.be\/actualites\/wp-content\/uploads\/2025\/10\/1761229016_904_La-justice-etouffe-Les-associations-de-magistrats.jpeg\" alt=\"\" width=\"300\" height=\"200\"><\/div>\n<p>Ce qu\u2019il faut, c\u2019est une augmentation significative du budget judiciaire, qui doit atteindre 0,5 pour cent du PIB d\u2019ici la fin de la l\u00e9gislature, des mesures concr\u00e8tes et significatives qui garantissent l\u2019attractivit\u00e9 des fonctions du pouvoir judiciaire et favorisent le respect des d\u00e9cisions judiciaires et donc aussi de l\u2019\u00c9tat de droit.<\/p>\n<p>Enfin, les associations de magistrats appellent au dialogue. \u00ab Les acteurs de la justice souhaitent renforcer ces n\u00e9gociations afin que, ensemble, des mesures concr\u00e8tes et significatives puissent \u00eatre prises pour am\u00e9liorer le fonctionnement de la justice dans l&rsquo;int\u00e9r\u00eat de ceux qui recherchent la justice et l&rsquo;\u00c9tat de droit.<\/p>\n<p>Si cet appel n&rsquo;est pas entendu par le Premier ministre, le ministre de la Justice et le ministre charg\u00e9 des retraites, les magistrats, le personnel des greffes et du parquet, ainsi que l&rsquo;ensemble du personnel judiciaire, seront invit\u00e9s \u00e0 se r\u00e9unir \u00e0 Bruxelles le 14 novembre 2025, pour d\u00e9noncer la d\u00e9liquescence de la justice et de l&rsquo;\u00c9tat de droit.<\/p>\n<p>Cette action nationale est \u00ab l\u2019expression d\u2019un pouvoir judiciaire \u00e9touff\u00e9 \u00bb qui n\u2019est pas en mesure de remplir pleinement ses t\u00e2ches dans les conditions actuelles. \u00ab\u00a0Cela pourrait \u00eatre la premi\u00e8re d&rsquo;une s\u00e9rie d&rsquo;autres actions.\u00a0\u00bb (cr\u00e9er)<\/p>\n","protected":false},"excerpt":{"rendered":"<p>Le 14 novembre 2025 aura lieu \u00e0 Bruxelles une rencontre nationale de la justice belge \u2013 une action commune des associations de magistrats du nord<\/p>\n","protected":false},"author":1,"featured_media":10851,"comment_status":"","ping_status":"","sticky":false,"template":"","format":"standard","meta":{"footnotes":""},"categories":[298],"tags":[3761,9011,1120,9010,3710,14,9012,1894,3503,5520,7578,110],"class_list":["post-10850","post","type-post","status-publish","format-standard","has-post-thumbnail","hentry","category-belgique","tag-action","tag-associations","tag-dalarme","tag-etouffe","tag-justice","tag-les","tag-magistrats","tag-novembre","tag-preparent","tag-sonnette","tag-tirent","tag-une","generate-columns","tablet-grid-50","mobile-grid-100","grid-parent","grid-33"],"yoast_head":"<!-- This site is optimized with the Yoast SEO plugin v24.0 - https:\/\/yoast.com\/wordpress\/plugins\/seo\/ -->\n<title>\u00ab La justice \u00e9touffe \u00bb : Les associations de magistrats tirent la sonnette d\u2019alarme et pr\u00e9parent une action le 14 novembre | Vie Associative<\/title>\n<meta name=\"robots\" content=\"index, follow, max-snippet:-1, max-image-preview:large, max-video-preview:-1\" \/>\n<link rel=\"canonical\" href=\"https:\/\/vieassociative.be\/actualites\/la-justice-etouffe-les-associations-de-magistrats-tirent-la-sonnette-dalarme-et-preparent-une-action-le-14-novembre\/\" \/>\n<meta property=\"og:locale\" content=\"fr_FR\" \/>\n<meta property=\"og:type\" content=\"article\" \/>\n<meta property=\"og:title\" content=\"\u00ab La justice \u00e9touffe \u00bb : Les associations de magistrats tirent la sonnette d\u2019alarme et pr\u00e9parent une action le 14 novembre | Vie Associative\" \/>\n<meta property=\"og:description\" content=\"Le 14 novembre 2025 aura lieu \u00e0 Bruxelles une rencontre nationale de la justice belge \u2013 une action commune des associations de magistrats du nord\" \/>\n<meta property=\"og:url\" content=\"https:\/\/vieassociative.be\/actualites\/la-justice-etouffe-les-associations-de-magistrats-tirent-la-sonnette-dalarme-et-preparent-une-action-le-14-novembre\/\" \/>\n<meta property=\"og:site_name\" content=\"Vie Associative\" \/>\n<meta property=\"article:published_time\" content=\"2025-10-23T14:16:56+00:00\" \/>\n<meta property=\"og:image\" content=\"https:\/\/vieassociative.be\/actualites\/wp-content\/uploads\/2024\/09\/header_backgroundk-01-e1726694325946.png\" \/>\n\t<meta property=\"og:image:width\" content=\"279\" \/>\n\t<meta property=\"og:image:height\" content=\"92\" \/>\n\t<meta property=\"og:image:type\" content=\"image\/png\" \/>\n<meta name=\"author\" content=\"Julien\" \/>\n<meta name=\"twitter:card\" content=\"summary_large_image\" \/>\n<meta name=\"twitter:label1\" content=\"\u00c9crit par\" \/>\n\t<meta name=\"twitter:data1\" content=\"Julien\" \/>\n\t<meta name=\"twitter:label2\" content=\"Dur\u00e9e de lecture est.\" \/>\n\t<meta name=\"twitter:data2\" content=\"3 minutes\" \/>\n<script type=\"application\/ld+json\" class=\"yoast-schema-graph\">{\"@context\":\"https:\/\/schema.org\",\"@graph\":[{\"@type\":\"Article\",\"@id\":\"https:\/\/vieassociative.be\/actualites\/la-justice-etouffe-les-associations-de-magistrats-tirent-la-sonnette-dalarme-et-preparent-une-action-le-14-novembre\/#article\",\"isPartOf\":{\"@id\":\"https:\/\/vieassociative.be\/actualites\/la-justice-etouffe-les-associations-de-magistrats-tirent-la-sonnette-dalarme-et-preparent-une-action-le-14-novembre\/\"},\"author\":{\"name\":\"Julien\",\"@id\":\"https:\/\/vieassociative.be\/actualites\/#\/schema\/person\/b87ac4f82f9d4e7b7cec7395b679edc4\"},\"headline\":\"\u00ab La justice \u00e9touffe \u00bb : Les associations de magistrats tirent la sonnette d\u2019alarme et pr\u00e9parent une action le 14 novembre\",\"datePublished\":\"2025-10-23T14:16:56+00:00\",\"dateModified\":\"2025-10-23T14:16:56+00:00\",\"mainEntityOfPage\":{\"@id\":\"https:\/\/vieassociative.be\/actualites\/la-justice-etouffe-les-associations-de-magistrats-tirent-la-sonnette-dalarme-et-preparent-une-action-le-14-novembre\/\"},\"wordCount\":640,\"publisher\":{\"@id\":\"https:\/\/vieassociative.be\/actualites\/#organization\"},\"image\":{\"@id\":\"https:\/\/vieassociative.be\/actualites\/la-justice-etouffe-les-associations-de-magistrats-tirent-la-sonnette-dalarme-et-preparent-une-action-le-14-novembre\/#primaryimage\"},\"thumbnailUrl\":\"https:\/\/vieassociative.be\/actualites\/wp-content\/uploads\/2025\/10\/1761229016_La-justice-etouffe-Les-associations-de-magistrats.jpeg\",\"keywords\":[\"action\",\"associations\",\"dalarme\",\"\u00e9touffe\",\"justice\",\"Les\",\"magistrats\",\"novembre\",\"pr\u00e9parent\",\"sonnette\",\"tirent\",\"une\"],\"articleSection\":[\"Belgique\"],\"inLanguage\":\"fr-BE\"},{\"@type\":\"WebPage\",\"@id\":\"https:\/\/vieassociative.be\/actualites\/la-justice-etouffe-les-associations-de-magistrats-tirent-la-sonnette-dalarme-et-preparent-une-action-le-14-novembre\/\",\"url\":\"https:\/\/vieassociative.be\/actualites\/la-justice-etouffe-les-associations-de-magistrats-tirent-la-sonnette-dalarme-et-preparent-une-action-le-14-novembre\/\",\"name\":\"\u00ab La justice \u00e9touffe \u00bb : Les associations de magistrats tirent la sonnette d\u2019alarme et pr\u00e9parent une action le 14 novembre | Vie Associative\",\"isPartOf\":{\"@id\":\"https:\/\/vieassociative.be\/actualites\/#website\"},\"primaryImageOfPage\":{\"@id\":\"https:\/\/vieassociative.be\/actualites\/la-justice-etouffe-les-associations-de-magistrats-tirent-la-sonnette-dalarme-et-preparent-une-action-le-14-novembre\/#primaryimage\"},\"image\":{\"@id\":\"https:\/\/vieassociative.be\/actualites\/la-justice-etouffe-les-associations-de-magistrats-tirent-la-sonnette-dalarme-et-preparent-une-action-le-14-novembre\/#primaryimage\"},\"thumbnailUrl\":\"https:\/\/vieassociative.be\/actualites\/wp-content\/uploads\/2025\/10\/1761229016_La-justice-etouffe-Les-associations-de-magistrats.jpeg\",\"datePublished\":\"2025-10-23T14:16:56+00:00\",\"dateModified\":\"2025-10-23T14:16:56+00:00\",\"breadcrumb\":{\"@id\":\"https:\/\/vieassociative.be\/actualites\/la-justice-etouffe-les-associations-de-magistrats-tirent-la-sonnette-dalarme-et-preparent-une-action-le-14-novembre\/#breadcrumb\"},\"inLanguage\":\"fr-BE\",\"potentialAction\":[{\"@type\":\"ReadAction\",\"target\":[\"https:\/\/vieassociative.be\/actualites\/la-justice-etouffe-les-associations-de-magistrats-tirent-la-sonnette-dalarme-et-preparent-une-action-le-14-novembre\/\"]}]},{\"@type\":\"ImageObject\",\"inLanguage\":\"fr-BE\",\"@id\":\"https:\/\/vieassociative.be\/actualites\/la-justice-etouffe-les-associations-de-magistrats-tirent-la-sonnette-dalarme-et-preparent-une-action-le-14-novembre\/#primaryimage\",\"url\":\"https:\/\/vieassociative.be\/actualites\/wp-content\/uploads\/2025\/10\/1761229016_La-justice-etouffe-Les-associations-de-magistrats.jpeg\",\"contentUrl\":\"https:\/\/vieassociative.be\/actualites\/wp-content\/uploads\/2025\/10\/1761229016_La-justice-etouffe-Les-associations-de-magistrats.jpeg\",\"width\":1200,\"height\":900,\"caption\":\"\u00ab La justice \u00e9touffe \u00bb : Les associations de magistrats tirent la sonnette d\u2019alarme et pr\u00e9parent une action le 14 novembre\"},{\"@type\":\"BreadcrumbList\",\"@id\":\"https:\/\/vieassociative.be\/actualites\/la-justice-etouffe-les-associations-de-magistrats-tirent-la-sonnette-dalarme-et-preparent-une-action-le-14-novembre\/#breadcrumb\",\"itemListElement\":[{\"@type\":\"ListItem\",\"position\":1,\"name\":\"Accueil\",\"item\":\"https:\/\/vieassociative.be\/actualites\/\"},{\"@type\":\"ListItem\",\"position\":2,\"name\":\"\u00ab La justice \u00e9touffe \u00bb : Les associations de magistrats tirent la sonnette d\u2019alarme et pr\u00e9parent une action le 14 novembre\"}]},{\"@type\":\"WebSite\",\"@id\":\"https:\/\/vieassociative.be\/actualites\/#website\",\"url\":\"https:\/\/vieassociative.be\/actualites\/\",\"name\":\"Vie Associative\",\"description\":\"\",\"publisher\":{\"@id\":\"https:\/\/vieassociative.be\/actualites\/#organization\"},\"potentialAction\":[{\"@type\":\"SearchAction\",\"target\":{\"@type\":\"EntryPoint\",\"urlTemplate\":\"https:\/\/vieassociative.be\/actualites\/?s={search_term_string}\"},\"query-input\":{\"@type\":\"PropertyValueSpecification\",\"valueRequired\":true,\"valueName\":\"search_term_string\"}}],\"inLanguage\":\"fr-BE\"},{\"@type\":\"Organization\",\"@id\":\"https:\/\/vieassociative.be\/actualites\/#organization\",\"name\":\"Vie Associative\",\"url\":\"https:\/\/vieassociative.be\/actualites\/\",\"logo\":{\"@type\":\"ImageObject\",\"inLanguage\":\"fr-BE\",\"@id\":\"https:\/\/vieassociative.be\/actualites\/#\/schema\/logo\/image\/\",\"url\":\"https:\/\/vieassociative.be\/actualites\/wp-content\/uploads\/2024\/09\/cropped-vieassociative_favicon.ico.png\",\"contentUrl\":\"https:\/\/vieassociative.be\/actualites\/wp-content\/uploads\/2024\/09\/cropped-vieassociative_favicon.ico.png\",\"width\":512,\"height\":512,\"caption\":\"Vie Associative\"},\"image\":{\"@id\":\"https:\/\/vieassociative.be\/actualites\/#\/schema\/logo\/image\/\"}},{\"@type\":\"Person\",\"@id\":\"https:\/\/vieassociative.be\/actualites\/#\/schema\/person\/b87ac4f82f9d4e7b7cec7395b679edc4\",\"name\":\"Julien\",\"image\":{\"@type\":\"ImageObject\",\"inLanguage\":\"fr-BE\",\"@id\":\"https:\/\/vieassociative.be\/actualites\/#\/schema\/person\/image\/\",\"url\":\"https:\/\/vieassociative.be\/actualites\/wp-content\/uploads\/2024\/09\/vie-associative-1-150x150.jpg\",\"contentUrl\":\"https:\/\/vieassociative.be\/actualites\/wp-content\/uploads\/2024\/09\/vie-associative-1-150x150.jpg\",\"caption\":\"Julien\"},\"description\":\"Je suis Julien, r\u00e9dacteur pour Vie Associative. Passionn\u00e9 par le monde associatif depuis plus de 10 ans, j'ai \u00e0 c\u0153ur de partager des histoires inspirantes et de mettre en lumi\u00e8re les initiatives locales. Mon objectif est de sensibiliser et d'encourager l'engagement communautaire \u00e0 travers mes articles.\",\"sameAs\":[\"https:\/\/vieassociative.be\/\"]}]}<\/script>\n<!-- \/ Yoast SEO plugin. -->","yoast_head_json":{"title":"\u00ab La justice \u00e9touffe \u00bb : Les associations de magistrats tirent la sonnette d\u2019alarme et pr\u00e9parent une action le 14 novembre | Vie Associative","robots":{"index":"index","follow":"follow","max-snippet":"max-snippet:-1","max-image-preview":"max-image-preview:large","max-video-preview":"max-video-preview:-1"},"canonical":"https:\/\/vieassociative.be\/actualites\/la-justice-etouffe-les-associations-de-magistrats-tirent-la-sonnette-dalarme-et-preparent-une-action-le-14-novembre\/","og_locale":"fr_FR","og_type":"article","og_title":"\u00ab La justice \u00e9touffe \u00bb : Les associations de magistrats tirent la sonnette d\u2019alarme et pr\u00e9parent une action le 14 novembre | Vie Associative","og_description":"Le 14 novembre 2025 aura lieu \u00e0 Bruxelles une rencontre nationale de la justice belge \u2013 une action commune des associations de magistrats du nord","og_url":"https:\/\/vieassociative.be\/actualites\/la-justice-etouffe-les-associations-de-magistrats-tirent-la-sonnette-dalarme-et-preparent-une-action-le-14-novembre\/","og_site_name":"Vie Associative","article_published_time":"2025-10-23T14:16:56+00:00","og_image":[{"width":279,"height":92,"url":"https:\/\/vieassociative.be\/actualites\/wp-content\/uploads\/2024\/09\/header_backgroundk-01-e1726694325946.png","type":"image\/png"}],"author":"Julien","twitter_card":"summary_large_image","twitter_misc":{"\u00c9crit par":"Julien","Dur\u00e9e de lecture est.":"3 minutes"},"schema":{"@context":"https:\/\/schema.org","@graph":[{"@type":"Article","@id":"https:\/\/vieassociative.be\/actualites\/la-justice-etouffe-les-associations-de-magistrats-tirent-la-sonnette-dalarme-et-preparent-une-action-le-14-novembre\/#article","isPartOf":{"@id":"https:\/\/vieassociative.be\/actualites\/la-justice-etouffe-les-associations-de-magistrats-tirent-la-sonnette-dalarme-et-preparent-une-action-le-14-novembre\/"},"author":{"name":"Julien","@id":"https:\/\/vieassociative.be\/actualites\/#\/schema\/person\/b87ac4f82f9d4e7b7cec7395b679edc4"},"headline":"\u00ab La justice \u00e9touffe \u00bb : Les associations de magistrats tirent la sonnette d\u2019alarme et pr\u00e9parent une action le 14 novembre","datePublished":"2025-10-23T14:16:56+00:00","dateModified":"2025-10-23T14:16:56+00:00","mainEntityOfPage":{"@id":"https:\/\/vieassociative.be\/actualites\/la-justice-etouffe-les-associations-de-magistrats-tirent-la-sonnette-dalarme-et-preparent-une-action-le-14-novembre\/"},"wordCount":640,"publisher":{"@id":"https:\/\/vieassociative.be\/actualites\/#organization"},"image":{"@id":"https:\/\/vieassociative.be\/actualites\/la-justice-etouffe-les-associations-de-magistrats-tirent-la-sonnette-dalarme-et-preparent-une-action-le-14-novembre\/#primaryimage"},"thumbnailUrl":"https:\/\/vieassociative.be\/actualites\/wp-content\/uploads\/2025\/10\/1761229016_La-justice-etouffe-Les-associations-de-magistrats.jpeg","keywords":["action","associations","dalarme","\u00e9touffe","justice","Les","magistrats","novembre","pr\u00e9parent","sonnette","tirent","une"],"articleSection":["Belgique"],"inLanguage":"fr-BE"},{"@type":"WebPage","@id":"https:\/\/vieassociative.be\/actualites\/la-justice-etouffe-les-associations-de-magistrats-tirent-la-sonnette-dalarme-et-preparent-une-action-le-14-novembre\/","url":"https:\/\/vieassociative.be\/actualites\/la-justice-etouffe-les-associations-de-magistrats-tirent-la-sonnette-dalarme-et-preparent-une-action-le-14-novembre\/","name":"\u00ab La justice \u00e9touffe \u00bb : Les associations de magistrats tirent la sonnette d\u2019alarme et pr\u00e9parent une action le 14 novembre | Vie Associative","isPartOf":{"@id":"https:\/\/vieassociative.be\/actualites\/#website"},"primaryImageOfPage":{"@id":"https:\/\/vieassociative.be\/actualites\/la-justice-etouffe-les-associations-de-magistrats-tirent-la-sonnette-dalarme-et-preparent-une-action-le-14-novembre\/#primaryimage"},"image":{"@id":"https:\/\/vieassociative.be\/actualites\/la-justice-etouffe-les-associations-de-magistrats-tirent-la-sonnette-dalarme-et-preparent-une-action-le-14-novembre\/#primaryimage"},"thumbnailUrl":"https:\/\/vieassociative.be\/actualites\/wp-content\/uploads\/2025\/10\/1761229016_La-justice-etouffe-Les-associations-de-magistrats.jpeg","datePublished":"2025-10-23T14:16:56+00:00","dateModified":"2025-10-23T14:16:56+00:00","breadcrumb":{"@id":"https:\/\/vieassociative.be\/actualites\/la-justice-etouffe-les-associations-de-magistrats-tirent-la-sonnette-dalarme-et-preparent-une-action-le-14-novembre\/#breadcrumb"},"inLanguage":"fr-BE","potentialAction":[{"@type":"ReadAction","target":["https:\/\/vieassociative.be\/actualites\/la-justice-etouffe-les-associations-de-magistrats-tirent-la-sonnette-dalarme-et-preparent-une-action-le-14-novembre\/"]}]},{"@type":"ImageObject","inLanguage":"fr-BE","@id":"https:\/\/vieassociative.be\/actualites\/la-justice-etouffe-les-associations-de-magistrats-tirent-la-sonnette-dalarme-et-preparent-une-action-le-14-novembre\/#primaryimage","url":"https:\/\/vieassociative.be\/actualites\/wp-content\/uploads\/2025\/10\/1761229016_La-justice-etouffe-Les-associations-de-magistrats.jpeg","contentUrl":"https:\/\/vieassociative.be\/actualites\/wp-content\/uploads\/2025\/10\/1761229016_La-justice-etouffe-Les-associations-de-magistrats.jpeg","width":1200,"height":900,"caption":"\u00ab La justice \u00e9touffe \u00bb : Les associations de magistrats tirent la sonnette d\u2019alarme et pr\u00e9parent une action le 14 novembre"},{"@type":"BreadcrumbList","@id":"https:\/\/vieassociative.be\/actualites\/la-justice-etouffe-les-associations-de-magistrats-tirent-la-sonnette-dalarme-et-preparent-une-action-le-14-novembre\/#breadcrumb","itemListElement":[{"@type":"ListItem","position":1,"name":"Accueil","item":"https:\/\/vieassociative.be\/actualites\/"},{"@type":"ListItem","position":2,"name":"\u00ab La justice \u00e9touffe \u00bb : Les associations de magistrats tirent la sonnette d\u2019alarme et pr\u00e9parent une action le 14 novembre"}]},{"@type":"WebSite","@id":"https:\/\/vieassociative.be\/actualites\/#website","url":"https:\/\/vieassociative.be\/actualites\/","name":"Vie Associative","description":"","publisher":{"@id":"https:\/\/vieassociative.be\/actualites\/#organization"},"potentialAction":[{"@type":"SearchAction","target":{"@type":"EntryPoint","urlTemplate":"https:\/\/vieassociative.be\/actualites\/?s={search_term_string}"},"query-input":{"@type":"PropertyValueSpecification","valueRequired":true,"valueName":"search_term_string"}}],"inLanguage":"fr-BE"},{"@type":"Organization","@id":"https:\/\/vieassociative.be\/actualites\/#organization","name":"Vie Associative","url":"https:\/\/vieassociative.be\/actualites\/","logo":{"@type":"ImageObject","inLanguage":"fr-BE","@id":"https:\/\/vieassociative.be\/actualites\/#\/schema\/logo\/image\/","url":"https:\/\/vieassociative.be\/actualites\/wp-content\/uploads\/2024\/09\/cropped-vieassociative_favicon.ico.png","contentUrl":"https:\/\/vieassociative.be\/actualites\/wp-content\/uploads\/2024\/09\/cropped-vieassociative_favicon.ico.png","width":512,"height":512,"caption":"Vie Associative"},"image":{"@id":"https:\/\/vieassociative.be\/actualites\/#\/schema\/logo\/image\/"}},{"@type":"Person","@id":"https:\/\/vieassociative.be\/actualites\/#\/schema\/person\/b87ac4f82f9d4e7b7cec7395b679edc4","name":"Julien","image":{"@type":"ImageObject","inLanguage":"fr-BE","@id":"https:\/\/vieassociative.be\/actualites\/#\/schema\/person\/image\/","url":"https:\/\/vieassociative.be\/actualites\/wp-content\/uploads\/2024\/09\/vie-associative-1-150x150.jpg","contentUrl":"https:\/\/vieassociative.be\/actualites\/wp-content\/uploads\/2024\/09\/vie-associative-1-150x150.jpg","caption":"Julien"},"description":"Je suis Julien, r\u00e9dacteur pour Vie Associative. Passionn\u00e9 par le monde associatif depuis plus de 10 ans, j'ai \u00e0 c\u0153ur de partager des histoires inspirantes et de mettre en lumi\u00e8re les initiatives locales. Mon objectif est de sensibiliser et d'encourager l'engagement communautaire \u00e0 travers mes articles.","sameAs":["https:\/\/vieassociative.be\/"]}]}},"_links":{"self":[{"href":"https:\/\/vieassociative.be\/actualites\/wp-json\/wp\/v2\/posts\/10850"}],"collection":[{"href":"https:\/\/vieassociative.be\/actualites\/wp-json\/wp\/v2\/posts"}],"about":[{"href":"https:\/\/vieassociative.be\/actualites\/wp-json\/wp\/v2\/types\/post"}],"author":[{"embeddable":true,"href":"https:\/\/vieassociative.be\/actualites\/wp-json\/wp\/v2\/users\/1"}],"replies":[{"embeddable":true,"href":"https:\/\/vieassociative.be\/actualites\/wp-json\/wp\/v2\/comments?post=10850"}],"version-history":[{"count":0,"href":"https:\/\/vieassociative.be\/actualites\/wp-json\/wp\/v2\/posts\/10850\/revisions"}],"wp:featuredmedia":[{"embeddable":true,"href":"https:\/\/vieassociative.be\/actualites\/wp-json\/wp\/v2\/media\/10851"}],"wp:attachment":[{"href":"https:\/\/vieassociative.be\/actualites\/wp-json\/wp\/v2\/media?parent=10850"}],"wp:term":[{"taxonomy":"category","embeddable":true,"href":"https:\/\/vieassociative.be\/actualites\/wp-json\/wp\/v2\/categories?post=10850"},{"taxonomy":"post_tag","embeddable":true,"href":"https:\/\/vieassociative.be\/actualites\/wp-json\/wp\/v2\/tags?post=10850"}],"curies":[{"name":"wp","href":"https:\/\/api.w.org\/{rel}","templated":true}]}}