{"id":10848,"date":"2025-10-23T15:20:12","date_gmt":"2025-10-23T13:20:12","guid":{"rendered":"https:\/\/vieassociative.be\/actualites\/utilisez-la-regle-des-deux-minutes-pour-arreter-de-procrastiner\/"},"modified":"2025-10-23T15:20:12","modified_gmt":"2025-10-23T13:20:12","slug":"utilisez-la-regle-des-deux-minutes-pour-arreter-de-procrastiner","status":"publish","type":"post","link":"https:\/\/vieassociative.be\/actualites\/utilisez-la-regle-des-deux-minutes-pour-arreter-de-procrastiner\/","title":{"rendered":"Utilisez la r\u00e8gle des deux minutes pour arr\u00eater de procrastiner"},"content":{"rendered":"<div class=\"mt-4 leading-6 md:mb-8\">Ne remettez pas \u00e0 demain ce que vous pouvez faire en deux minutes maximum.<\/div>\n<p><\/p>\n<p>Au cours des derniers mois, je me suis senti d\u00e9pass\u00e9 par tous les changements qui se produisaient dans ma vie et par les choses que je devais faire \u00e0 cause et pour eux. J&rsquo;ai fourni une aide administrative \u00e0 mon partenaire alors qu&rsquo;il ouvre une nouvelle entreprise, g\u00e8re ma propre expansion professionnelle, \u00e9tudie pour un examen de certification, supervise les r\u00e9novations de mon appartement et restructure mes finances tout en continuant \u00e0 m&rsquo;acquitter de mes emplois et responsabilit\u00e9s habituels. Pendant un moment, je me r\u00e9veillais fatigu\u00e9 avant m\u00eame le d\u00e9but de la journ\u00e9e, m\u00eame si la plupart d&rsquo;entre elles se r\u00e9sumaient \u00e0 des t\u00e2ches interminables et fastidieuses, mais petites, comme \u00ab\u00a0envoyer cet e-mail\u00a0\u00bb, \u00ab\u00a0renvoyer cet appel\u00a0\u00bb, \u00ab\u00a0confirmer ce num\u00e9ro de compte\u00a0\u00bb et \u00ab\u00a0choisir une couleur de peinture\u00a0\u00bb. Je suis convaincu que ce sont en fait ces petites t\u00e2ches qui vous \u00e9puisent. <\/p>\n<p>Si chaque jour \u00e9tait un moment o\u00f9 je prenais un grand essor et faisais quelque chose qui me semble monumental, je ne tergiverserais pas autant que je le fais. Eh bien, autant que moi <em>\u00e9tait<\/em>. J&rsquo;ai commenc\u00e9 \u00e0 me rabattre sur mon vieil ami, la \u00ab r\u00e8gle des deux minutes \u00bb, et la procrastination \u00e0 laquelle je faisais face il y a quelques semaines s&rsquo;est rapidement arr\u00eat\u00e9e. Je suis certain que vous \u00eates \u00e9galement occup\u00e9 et d\u00e9bord\u00e9, alors voici comment cette r\u00e8gle simple fonctionne et ce qu&rsquo;elle peut faire pour vous lorsque vous sentez que vous avez tellement de choses \u00e0 faire que vous ne pouvez rien faire de mani\u00e8re fonctionnelle.<\/p>\n<h2 id=\"whats-the-two-minute-rule\">Quelle est la r\u00e8gle des deux minutes\u00a0?<\/h2>\n<p>La r\u00e8gle des deux minutes est venue de David Allen, auteur de <em>Faire avancer les choses<\/em>. L\u2019id\u00e9e est simple : si vous pouvez faire quelque chose en deux minutes, faites-le. N&rsquo;y r\u00e9fl\u00e9chissez pas. Ne vous demandez pas si c&rsquo;est plus ou moins important que les levages plus lourds que vous devez effectuer. Si cela prend deux minutes ou moins, <em>fais-le maintenant<\/em>.<\/p>\n<div class=\"mx-auto mb-12 mt-5 w-full max-w-3xl rounded-md border-2 border-gray-100 p-3 shadow-md md:px-7 md:pb-7 md:pt-5\" id=\"related-video\">\n<div class=\"mb-3 flex items-center md:mb-5\">\n        <img decoding=\"async\" class=\"mr-4 mt-0 h-10 w-10 md:mr-5 md:h-12 md:w-12\" src=\"https:\/\/vieassociative.be\/actualites\/wp-content\/uploads\/2025\/09\/1757726237_608_Meta-pourrait-devoiler-une-montre-intelligente-pour-controler-ses-lunettes.jpg\" alt=\"Logo du pirate de la vie\"><\/p><\/div>\n<div class=\"aspect-video w-full overflow-hidden rounded-md\">\n<div id=\"video-container-01K88JZ7WA4XA3AJMQ27GJSP0C\"><\/div>\n<\/p><\/div>\n<\/div>\n<p>Effectuer des t\u00e2ches alors qu&rsquo;elles sont encore de petites pommes de terre les emp\u00eache de se transformer en projets plus importants, du genre qui prennent plus de deux minutes. Par exemple, il vous faut moins de deux minutes pour faire la vaisselle apr\u00e8s un seul repas. Si vous les laissez s&rsquo;accumuler \u00e0 chaque fois que vous mangez, cela prendra plus de temps lorsque vous devrez enfin le faire, et vous serez plus susceptible de tergiverser en sachant que cela va vous prendre du temps.<\/p>\n<p>Le fait de supprimer un certain nombre de t\u00e2ches mineures de votre liste de t\u00e2ches cr\u00e9e un \u00e9lan\u00a0: avec plusieurs petites responsabilit\u00e9s prises en charge, vous vous sentirez probablement plus capable de vous plonger dans un travail plus profond. Cette m\u00e9thode est similaire \u00e0 l\u2019id\u00e9e de \u00ab manger la grenouille \u00bb de cette mani\u00e8re, bien qu\u2019il existe des diff\u00e9rences notables. Quand vous pratiquez \u00ab\u00a0manger la grenouille\u00a0\u00bb, vous assommez votre <em>le plus grand <\/em>la responsabilit\u00e9 d&rsquo;abord; lorsque vous utilisez la r\u00e8gle des deux minutes, vous faites le contraire. Le choix que vous choisissez d\u00e9pend du type de travail que vous avez et de vos pr\u00e9f\u00e9rences personnelles, mais les deux entra\u00eenent un sentiment d&rsquo;accomplissement qui peut vous propulser dans le reste de votre charge de travail.<\/p>\n<h2 id=\"how-to-use-the-two-minute-rule-effectively\">Comment utiliser efficacement la r\u00e8gle des deux minutes<\/h2>\n<p>Contrairement \u00e0 manger la grenouille, la r\u00e8gle des deux minutes ne vise pas sp\u00e9cifiquement \u00e0 accomplir votre t\u00e2che d\u00e8s votre r\u00e9veil. Au contraire, cela vous encourage \u00e0 accomplir n\u2019importe quelle t\u00e2che simple d\u00e8s qu\u2019elle vous vient \u00e0 l\u2019esprit. Pensez aux choses qui vous am\u00e8nent \u00e0 tergiverser au cours d\u2019une journ\u00e9e ordinaire. Pour moi, il s&rsquo;agit de r\u00e9pondre aux emails : je vois des emails arriver mais je ne r\u00e9ponds pas tout de suite, m\u00eame si cela me prendrait quelques secondes. Finalement, je dois r\u00e9pondre, mais avec le poids suppl\u00e9mentaire d&rsquo;exprimer des remords pour ma r\u00e9ponse intempestive en plus d&rsquo;aborder le sujet du message d&rsquo;origine. Dans le pire des cas, l&rsquo;\u00e9v\u00e9nement ou le besoin exprim\u00e9 par l&rsquo;e-mail d&rsquo;origine a \u00e9galement \u00e9volu\u00e9, car je ne m&rsquo;en suis pas occup\u00e9 tout de suite. Ensuite, je dois faire face \u00e0 une situation pire ou plus urgente qu\u2019elle ne l\u2019\u00e9tait lorsque le courrier \u00e9lectronique est arriv\u00e9 pour la premi\u00e8re fois.<\/p>\n<p>J&rsquo;ai pass\u00e9 deux minutes \u00e0 g\u00e9rer mes e-mails de mani\u00e8re coh\u00e9rente au cours des derni\u00e8res semaines, et cela m&rsquo;a aid\u00e9 de plusieurs mani\u00e8res. Premi\u00e8rement, je me sens mieux et j&rsquo;ai l&rsquo;impression d&rsquo;avoir moins de poids sur moi si je r\u00e9ponds\u00a0: \u00ab\u00a0Merci, j&rsquo;ai compris. Je vais v\u00e9rifier et je vous r\u00e9pondrai.\u00a0\u00bb Le simple fait de reconna\u00eetre le message constitue un progr\u00e8s. Deuxi\u00e8mement, cela a emp\u00each\u00e9 les gens d&rsquo;avoir \u00e0 envoyer des suivis ou \u00e0 tenter de travailler sur quelque chose sans mon approbation ou ma contribution, peut-\u00eatre en le faisant d&rsquo;une mani\u00e8re que je ne pr\u00e9f\u00e8re pas ou qui ne m&rsquo;aide pas \u00e0 atteindre mes objectifs. <\/p>\n<p>Cela va bien s\u00fbr au-del\u00e0 des e-mails ; c&rsquo;est juste l&rsquo;exemple des petites t\u00e2ches qui s&rsquo;enlisent <em>mon<\/em> vie. Pour ce que \u00e7a vaut, je pense qu&rsquo;il est utile d&rsquo;\u00eatre un peu abstrait avec l&rsquo;id\u00e9e des \u00ab\u00a0deux minutes\u00a0\u00bb, mais pas trop abstrait. Par exemple, si votre r\u00e9servoir d&rsquo;essence est \u00e0 25 %, il faudra plus de deux minutes pour le retirer et le remplir, bien s\u00fbr, mais cela reste une petite t\u00e2che rapide qui doit \u00eatre accomplie. <\/p>\n<p>L\u2019autre avantage ici est que vous arr\u00eatez de vous inqui\u00e9ter de tout et de perdre autant de temps. L&rsquo;autre jour, j&rsquo;ai d\u00fb s\u00e9lectionner une couleur de papier peint et je la tra\u00eenais, illustrant la loi de Parkinson, qui stipule : \u00ab Le travail s&rsquo;\u00e9tend de mani\u00e8re \u00e0 occuper le temps disponible pour son ach\u00e8vement \u00bb. J&rsquo;ai fait appel \u00e0 ma r\u00e8gle des deux minutes, j&rsquo;ai pris une d\u00e9cision ferme au lieu de continuer \u00e0 d\u00e9lib\u00e9rer et j&rsquo;ai r\u00e9cup\u00e9r\u00e9 le papier peint le lendemain. Maintenant c&rsquo;est fini et je peux passer \u00e0 autre chose.<\/p>\n","protected":false},"excerpt":{"rendered":"<p>Ne remettez pas \u00e0 demain ce que vous pouvez faire en deux minutes maximum. Au cours des derniers mois, je me suis senti d\u00e9pass\u00e9 par<\/p>\n","protected":false},"author":1,"featured_media":10849,"comment_status":"","ping_status":"","sticky":false,"template":"","format":"standard","meta":{"footnotes":""},"categories":[43],"tags":[1575,29,114,2584,81,9009,3908,105],"class_list":["post-10848","post","type-post","status-publish","format-standard","has-post-thumbnail","hentry","category-travail","tag-arreter","tag-des","tag-deux","tag-minutes","tag-pour","tag-procrastiner","tag-regle","tag-utilisez","generate-columns","tablet-grid-50","mobile-grid-100","grid-parent","grid-33"],"yoast_head":"<!-- This site is optimized with the Yoast SEO plugin v24.0 - https:\/\/yoast.com\/wordpress\/plugins\/seo\/ -->\n<title>Utilisez la r\u00e8gle des deux minutes pour arr\u00eater de procrastiner | Vie Associative<\/title>\n<meta name=\"robots\" content=\"index, follow, max-snippet:-1, max-image-preview:large, max-video-preview:-1\" \/>\n<link rel=\"canonical\" href=\"https:\/\/vieassociative.be\/actualites\/utilisez-la-regle-des-deux-minutes-pour-arreter-de-procrastiner\/\" \/>\n<meta property=\"og:locale\" content=\"fr_FR\" \/>\n<meta property=\"og:type\" content=\"article\" \/>\n<meta property=\"og:title\" content=\"Utilisez la r\u00e8gle des deux minutes pour arr\u00eater de procrastiner | Vie Associative\" \/>\n<meta property=\"og:description\" content=\"Ne remettez pas \u00e0 demain ce que vous pouvez faire en deux minutes maximum. Au cours des derniers mois, je me suis senti d\u00e9pass\u00e9 par\" \/>\n<meta property=\"og:url\" content=\"https:\/\/vieassociative.be\/actualites\/utilisez-la-regle-des-deux-minutes-pour-arreter-de-procrastiner\/\" \/>\n<meta property=\"og:site_name\" content=\"Vie Associative\" \/>\n<meta property=\"article:published_time\" content=\"2025-10-23T13:20:12+00:00\" \/>\n<meta property=\"og:image\" content=\"https:\/\/vieassociative.be\/actualites\/wp-content\/uploads\/2025\/09\/1757726237_608_Meta-pourrait-devoiler-une-montre-intelligente-pour-controler-ses-lunettes.jpg\" \/>\n<meta name=\"author\" content=\"Julien\" \/>\n<meta name=\"twitter:card\" content=\"summary_large_image\" \/>\n<meta name=\"twitter:label1\" content=\"\u00c9crit par\" \/>\n\t<meta name=\"twitter:data1\" content=\"Julien\" \/>\n\t<meta name=\"twitter:label2\" content=\"Dur\u00e9e de lecture est.\" \/>\n\t<meta name=\"twitter:data2\" content=\"5 minutes\" \/>\n<script type=\"application\/ld+json\" class=\"yoast-schema-graph\">{\"@context\":\"https:\/\/schema.org\",\"@graph\":[{\"@type\":\"Article\",\"@id\":\"https:\/\/vieassociative.be\/actualites\/utilisez-la-regle-des-deux-minutes-pour-arreter-de-procrastiner\/#article\",\"isPartOf\":{\"@id\":\"https:\/\/vieassociative.be\/actualites\/utilisez-la-regle-des-deux-minutes-pour-arreter-de-procrastiner\/\"},\"author\":{\"name\":\"Julien\",\"@id\":\"https:\/\/vieassociative.be\/actualites\/#\/schema\/person\/b87ac4f82f9d4e7b7cec7395b679edc4\"},\"headline\":\"Utilisez la r\u00e8gle des deux minutes pour arr\u00eater de procrastiner\",\"datePublished\":\"2025-10-23T13:20:12+00:00\",\"dateModified\":\"2025-10-23T13:20:12+00:00\",\"mainEntityOfPage\":{\"@id\":\"https:\/\/vieassociative.be\/actualites\/utilisez-la-regle-des-deux-minutes-pour-arreter-de-procrastiner\/\"},\"wordCount\":1101,\"publisher\":{\"@id\":\"https:\/\/vieassociative.be\/actualites\/#organization\"},\"image\":{\"@id\":\"https:\/\/vieassociative.be\/actualites\/utilisez-la-regle-des-deux-minutes-pour-arreter-de-procrastiner\/#primaryimage\"},\"thumbnailUrl\":\"https:\/\/vieassociative.be\/actualites\/wp-content\/uploads\/2025\/10\/Utilisez-la-regle-des-deux-minutes-pour-arreter-de-procrastiner.jpg\",\"keywords\":[\"arr\u00eater\",\"Des\",\"deux\",\"minutes\",\"pour\",\"procrastiner\",\"r\u00e8gle\",\"Utilisez\"],\"articleSection\":[\"Travail\"],\"inLanguage\":\"fr-BE\"},{\"@type\":\"WebPage\",\"@id\":\"https:\/\/vieassociative.be\/actualites\/utilisez-la-regle-des-deux-minutes-pour-arreter-de-procrastiner\/\",\"url\":\"https:\/\/vieassociative.be\/actualites\/utilisez-la-regle-des-deux-minutes-pour-arreter-de-procrastiner\/\",\"name\":\"Utilisez la r\u00e8gle des deux minutes pour arr\u00eater de procrastiner | Vie Associative\",\"isPartOf\":{\"@id\":\"https:\/\/vieassociative.be\/actualites\/#website\"},\"primaryImageOfPage\":{\"@id\":\"https:\/\/vieassociative.be\/actualites\/utilisez-la-regle-des-deux-minutes-pour-arreter-de-procrastiner\/#primaryimage\"},\"image\":{\"@id\":\"https:\/\/vieassociative.be\/actualites\/utilisez-la-regle-des-deux-minutes-pour-arreter-de-procrastiner\/#primaryimage\"},\"thumbnailUrl\":\"https:\/\/vieassociative.be\/actualites\/wp-content\/uploads\/2025\/10\/Utilisez-la-regle-des-deux-minutes-pour-arreter-de-procrastiner.jpg\",\"datePublished\":\"2025-10-23T13:20:12+00:00\",\"dateModified\":\"2025-10-23T13:20:12+00:00\",\"breadcrumb\":{\"@id\":\"https:\/\/vieassociative.be\/actualites\/utilisez-la-regle-des-deux-minutes-pour-arreter-de-procrastiner\/#breadcrumb\"},\"inLanguage\":\"fr-BE\",\"potentialAction\":[{\"@type\":\"ReadAction\",\"target\":[\"https:\/\/vieassociative.be\/actualites\/utilisez-la-regle-des-deux-minutes-pour-arreter-de-procrastiner\/\"]}]},{\"@type\":\"ImageObject\",\"inLanguage\":\"fr-BE\",\"@id\":\"https:\/\/vieassociative.be\/actualites\/utilisez-la-regle-des-deux-minutes-pour-arreter-de-procrastiner\/#primaryimage\",\"url\":\"https:\/\/vieassociative.be\/actualites\/wp-content\/uploads\/2025\/10\/Utilisez-la-regle-des-deux-minutes-pour-arreter-de-procrastiner.jpg\",\"contentUrl\":\"https:\/\/vieassociative.be\/actualites\/wp-content\/uploads\/2025\/10\/Utilisez-la-regle-des-deux-minutes-pour-arreter-de-procrastiner.jpg\",\"width\":1200,\"height\":675,\"caption\":\"Utilisez la r\u00e8gle des deux minutes pour arr\u00eater de procrastiner\"},{\"@type\":\"BreadcrumbList\",\"@id\":\"https:\/\/vieassociative.be\/actualites\/utilisez-la-regle-des-deux-minutes-pour-arreter-de-procrastiner\/#breadcrumb\",\"itemListElement\":[{\"@type\":\"ListItem\",\"position\":1,\"name\":\"Accueil\",\"item\":\"https:\/\/vieassociative.be\/actualites\/\"},{\"@type\":\"ListItem\",\"position\":2,\"name\":\"Utilisez la r\u00e8gle des deux minutes pour arr\u00eater de procrastiner\"}]},{\"@type\":\"WebSite\",\"@id\":\"https:\/\/vieassociative.be\/actualites\/#website\",\"url\":\"https:\/\/vieassociative.be\/actualites\/\",\"name\":\"Vie Associative\",\"description\":\"\",\"publisher\":{\"@id\":\"https:\/\/vieassociative.be\/actualites\/#organization\"},\"potentialAction\":[{\"@type\":\"SearchAction\",\"target\":{\"@type\":\"EntryPoint\",\"urlTemplate\":\"https:\/\/vieassociative.be\/actualites\/?s={search_term_string}\"},\"query-input\":{\"@type\":\"PropertyValueSpecification\",\"valueRequired\":true,\"valueName\":\"search_term_string\"}}],\"inLanguage\":\"fr-BE\"},{\"@type\":\"Organization\",\"@id\":\"https:\/\/vieassociative.be\/actualites\/#organization\",\"name\":\"Vie Associative\",\"url\":\"https:\/\/vieassociative.be\/actualites\/\",\"logo\":{\"@type\":\"ImageObject\",\"inLanguage\":\"fr-BE\",\"@id\":\"https:\/\/vieassociative.be\/actualites\/#\/schema\/logo\/image\/\",\"url\":\"https:\/\/vieassociative.be\/actualites\/wp-content\/uploads\/2024\/09\/cropped-vieassociative_favicon.ico.png\",\"contentUrl\":\"https:\/\/vieassociative.be\/actualites\/wp-content\/uploads\/2024\/09\/cropped-vieassociative_favicon.ico.png\",\"width\":512,\"height\":512,\"caption\":\"Vie Associative\"},\"image\":{\"@id\":\"https:\/\/vieassociative.be\/actualites\/#\/schema\/logo\/image\/\"}},{\"@type\":\"Person\",\"@id\":\"https:\/\/vieassociative.be\/actualites\/#\/schema\/person\/b87ac4f82f9d4e7b7cec7395b679edc4\",\"name\":\"Julien\",\"image\":{\"@type\":\"ImageObject\",\"inLanguage\":\"fr-BE\",\"@id\":\"https:\/\/vieassociative.be\/actualites\/#\/schema\/person\/image\/\",\"url\":\"https:\/\/vieassociative.be\/actualites\/wp-content\/uploads\/2024\/09\/vie-associative-1-150x150.jpg\",\"contentUrl\":\"https:\/\/vieassociative.be\/actualites\/wp-content\/uploads\/2024\/09\/vie-associative-1-150x150.jpg\",\"caption\":\"Julien\"},\"description\":\"Je suis Julien, r\u00e9dacteur pour Vie Associative. Passionn\u00e9 par le monde associatif depuis plus de 10 ans, j'ai \u00e0 c\u0153ur de partager des histoires inspirantes et de mettre en lumi\u00e8re les initiatives locales. Mon objectif est de sensibiliser et d'encourager l'engagement communautaire \u00e0 travers mes articles.\",\"sameAs\":[\"https:\/\/vieassociative.be\/\"]}]}<\/script>\n<!-- \/ Yoast SEO plugin. -->","yoast_head_json":{"title":"Utilisez la r\u00e8gle des deux minutes pour arr\u00eater de procrastiner | Vie Associative","robots":{"index":"index","follow":"follow","max-snippet":"max-snippet:-1","max-image-preview":"max-image-preview:large","max-video-preview":"max-video-preview:-1"},"canonical":"https:\/\/vieassociative.be\/actualites\/utilisez-la-regle-des-deux-minutes-pour-arreter-de-procrastiner\/","og_locale":"fr_FR","og_type":"article","og_title":"Utilisez la r\u00e8gle des deux minutes pour arr\u00eater de procrastiner | Vie Associative","og_description":"Ne remettez pas \u00e0 demain ce que vous pouvez faire en deux minutes maximum. Au cours des derniers mois, je me suis senti d\u00e9pass\u00e9 par","og_url":"https:\/\/vieassociative.be\/actualites\/utilisez-la-regle-des-deux-minutes-pour-arreter-de-procrastiner\/","og_site_name":"Vie Associative","article_published_time":"2025-10-23T13:20:12+00:00","og_image":[{"url":"https:\/\/vieassociative.be\/actualites\/wp-content\/uploads\/2025\/09\/1757726237_608_Meta-pourrait-devoiler-une-montre-intelligente-pour-controler-ses-lunettes.jpg","type":"","width":"","height":""}],"author":"Julien","twitter_card":"summary_large_image","twitter_misc":{"\u00c9crit par":"Julien","Dur\u00e9e de lecture est.":"5 minutes"},"schema":{"@context":"https:\/\/schema.org","@graph":[{"@type":"Article","@id":"https:\/\/vieassociative.be\/actualites\/utilisez-la-regle-des-deux-minutes-pour-arreter-de-procrastiner\/#article","isPartOf":{"@id":"https:\/\/vieassociative.be\/actualites\/utilisez-la-regle-des-deux-minutes-pour-arreter-de-procrastiner\/"},"author":{"name":"Julien","@id":"https:\/\/vieassociative.be\/actualites\/#\/schema\/person\/b87ac4f82f9d4e7b7cec7395b679edc4"},"headline":"Utilisez la r\u00e8gle des deux minutes pour arr\u00eater de procrastiner","datePublished":"2025-10-23T13:20:12+00:00","dateModified":"2025-10-23T13:20:12+00:00","mainEntityOfPage":{"@id":"https:\/\/vieassociative.be\/actualites\/utilisez-la-regle-des-deux-minutes-pour-arreter-de-procrastiner\/"},"wordCount":1101,"publisher":{"@id":"https:\/\/vieassociative.be\/actualites\/#organization"},"image":{"@id":"https:\/\/vieassociative.be\/actualites\/utilisez-la-regle-des-deux-minutes-pour-arreter-de-procrastiner\/#primaryimage"},"thumbnailUrl":"https:\/\/vieassociative.be\/actualites\/wp-content\/uploads\/2025\/10\/Utilisez-la-regle-des-deux-minutes-pour-arreter-de-procrastiner.jpg","keywords":["arr\u00eater","Des","deux","minutes","pour","procrastiner","r\u00e8gle","Utilisez"],"articleSection":["Travail"],"inLanguage":"fr-BE"},{"@type":"WebPage","@id":"https:\/\/vieassociative.be\/actualites\/utilisez-la-regle-des-deux-minutes-pour-arreter-de-procrastiner\/","url":"https:\/\/vieassociative.be\/actualites\/utilisez-la-regle-des-deux-minutes-pour-arreter-de-procrastiner\/","name":"Utilisez la r\u00e8gle des deux minutes pour arr\u00eater de procrastiner | Vie Associative","isPartOf":{"@id":"https:\/\/vieassociative.be\/actualites\/#website"},"primaryImageOfPage":{"@id":"https:\/\/vieassociative.be\/actualites\/utilisez-la-regle-des-deux-minutes-pour-arreter-de-procrastiner\/#primaryimage"},"image":{"@id":"https:\/\/vieassociative.be\/actualites\/utilisez-la-regle-des-deux-minutes-pour-arreter-de-procrastiner\/#primaryimage"},"thumbnailUrl":"https:\/\/vieassociative.be\/actualites\/wp-content\/uploads\/2025\/10\/Utilisez-la-regle-des-deux-minutes-pour-arreter-de-procrastiner.jpg","datePublished":"2025-10-23T13:20:12+00:00","dateModified":"2025-10-23T13:20:12+00:00","breadcrumb":{"@id":"https:\/\/vieassociative.be\/actualites\/utilisez-la-regle-des-deux-minutes-pour-arreter-de-procrastiner\/#breadcrumb"},"inLanguage":"fr-BE","potentialAction":[{"@type":"ReadAction","target":["https:\/\/vieassociative.be\/actualites\/utilisez-la-regle-des-deux-minutes-pour-arreter-de-procrastiner\/"]}]},{"@type":"ImageObject","inLanguage":"fr-BE","@id":"https:\/\/vieassociative.be\/actualites\/utilisez-la-regle-des-deux-minutes-pour-arreter-de-procrastiner\/#primaryimage","url":"https:\/\/vieassociative.be\/actualites\/wp-content\/uploads\/2025\/10\/Utilisez-la-regle-des-deux-minutes-pour-arreter-de-procrastiner.jpg","contentUrl":"https:\/\/vieassociative.be\/actualites\/wp-content\/uploads\/2025\/10\/Utilisez-la-regle-des-deux-minutes-pour-arreter-de-procrastiner.jpg","width":1200,"height":675,"caption":"Utilisez la r\u00e8gle des deux minutes pour arr\u00eater de procrastiner"},{"@type":"BreadcrumbList","@id":"https:\/\/vieassociative.be\/actualites\/utilisez-la-regle-des-deux-minutes-pour-arreter-de-procrastiner\/#breadcrumb","itemListElement":[{"@type":"ListItem","position":1,"name":"Accueil","item":"https:\/\/vieassociative.be\/actualites\/"},{"@type":"ListItem","position":2,"name":"Utilisez la r\u00e8gle des deux minutes pour arr\u00eater de procrastiner"}]},{"@type":"WebSite","@id":"https:\/\/vieassociative.be\/actualites\/#website","url":"https:\/\/vieassociative.be\/actualites\/","name":"Vie Associative","description":"","publisher":{"@id":"https:\/\/vieassociative.be\/actualites\/#organization"},"potentialAction":[{"@type":"SearchAction","target":{"@type":"EntryPoint","urlTemplate":"https:\/\/vieassociative.be\/actualites\/?s={search_term_string}"},"query-input":{"@type":"PropertyValueSpecification","valueRequired":true,"valueName":"search_term_string"}}],"inLanguage":"fr-BE"},{"@type":"Organization","@id":"https:\/\/vieassociative.be\/actualites\/#organization","name":"Vie Associative","url":"https:\/\/vieassociative.be\/actualites\/","logo":{"@type":"ImageObject","inLanguage":"fr-BE","@id":"https:\/\/vieassociative.be\/actualites\/#\/schema\/logo\/image\/","url":"https:\/\/vieassociative.be\/actualites\/wp-content\/uploads\/2024\/09\/cropped-vieassociative_favicon.ico.png","contentUrl":"https:\/\/vieassociative.be\/actualites\/wp-content\/uploads\/2024\/09\/cropped-vieassociative_favicon.ico.png","width":512,"height":512,"caption":"Vie Associative"},"image":{"@id":"https:\/\/vieassociative.be\/actualites\/#\/schema\/logo\/image\/"}},{"@type":"Person","@id":"https:\/\/vieassociative.be\/actualites\/#\/schema\/person\/b87ac4f82f9d4e7b7cec7395b679edc4","name":"Julien","image":{"@type":"ImageObject","inLanguage":"fr-BE","@id":"https:\/\/vieassociative.be\/actualites\/#\/schema\/person\/image\/","url":"https:\/\/vieassociative.be\/actualites\/wp-content\/uploads\/2024\/09\/vie-associative-1-150x150.jpg","contentUrl":"https:\/\/vieassociative.be\/actualites\/wp-content\/uploads\/2024\/09\/vie-associative-1-150x150.jpg","caption":"Julien"},"description":"Je suis Julien, r\u00e9dacteur pour Vie Associative. Passionn\u00e9 par le monde associatif depuis plus de 10 ans, j'ai \u00e0 c\u0153ur de partager des histoires inspirantes et de mettre en lumi\u00e8re les initiatives locales. Mon objectif est de sensibiliser et d'encourager l'engagement communautaire \u00e0 travers mes articles.","sameAs":["https:\/\/vieassociative.be\/"]}]}},"_links":{"self":[{"href":"https:\/\/vieassociative.be\/actualites\/wp-json\/wp\/v2\/posts\/10848"}],"collection":[{"href":"https:\/\/vieassociative.be\/actualites\/wp-json\/wp\/v2\/posts"}],"about":[{"href":"https:\/\/vieassociative.be\/actualites\/wp-json\/wp\/v2\/types\/post"}],"author":[{"embeddable":true,"href":"https:\/\/vieassociative.be\/actualites\/wp-json\/wp\/v2\/users\/1"}],"replies":[{"embeddable":true,"href":"https:\/\/vieassociative.be\/actualites\/wp-json\/wp\/v2\/comments?post=10848"}],"version-history":[{"count":0,"href":"https:\/\/vieassociative.be\/actualites\/wp-json\/wp\/v2\/posts\/10848\/revisions"}],"wp:featuredmedia":[{"embeddable":true,"href":"https:\/\/vieassociative.be\/actualites\/wp-json\/wp\/v2\/media\/10849"}],"wp:attachment":[{"href":"https:\/\/vieassociative.be\/actualites\/wp-json\/wp\/v2\/media?parent=10848"}],"wp:term":[{"taxonomy":"category","embeddable":true,"href":"https:\/\/vieassociative.be\/actualites\/wp-json\/wp\/v2\/categories?post=10848"},{"taxonomy":"post_tag","embeddable":true,"href":"https:\/\/vieassociative.be\/actualites\/wp-json\/wp\/v2\/tags?post=10848"}],"curies":[{"name":"wp","href":"https:\/\/api.w.org\/{rel}","templated":true}]}}