{"id":10845,"date":"2025-10-23T10:16:59","date_gmt":"2025-10-23T08:16:59","guid":{"rendered":"https:\/\/vieassociative.be\/actualites\/lex-president-sarkozy-commence-sa-peine-de-prison-enorme-battage-mediatique-autour-du-prisonnier-numero-un-de-france\/"},"modified":"2025-10-23T10:16:59","modified_gmt":"2025-10-23T08:16:59","slug":"lex-president-sarkozy-commence-sa-peine-de-prison-enorme-battage-mediatique-autour-du-prisonnier-numero-un-de-france","status":"publish","type":"post","link":"https:\/\/vieassociative.be\/actualites\/lex-president-sarkozy-commence-sa-peine-de-prison-enorme-battage-mediatique-autour-du-prisonnier-numero-un-de-france\/","title":{"rendered":"L&rsquo;ex-pr\u00e9sident Sarkozy commence sa peine de prison : \u00e9norme battage m\u00e9diatique autour du prisonnier num\u00e9ro un de France"},"content":{"rendered":"<p><strong>L&rsquo;ancien pr\u00e9sident fran\u00e7ais Nicolas Sarkozy est arriv\u00e9 mardi apr\u00e8s avoir \u00e9t\u00e9 condamn\u00e9 \u00e0 cinq ans de prison dans l&rsquo;affaire libyenne.<\/strong><\/p>\n<p><span id=\"more-427706\"><\/span>L&rsquo;homme de 70 ans est arriv\u00e9 dans la matin\u00e9e \u00e0 la prison de La Sant\u00e9 \u00e0 Paris. Sarkozy sera h\u00e9berg\u00e9 \u00e0 la prison, dans une aile r\u00e9serv\u00e9e aux d\u00e9tenus ayant besoin d&rsquo;une protection particuli\u00e8re. Il peut \u00e9galement se retrouver dans une zone isol\u00e9e. Il ne s&rsquo;attend \u00e0 aucun traitement de faveur.<\/p>\n<p>Sarkozy a \u00e9t\u00e9 reconnu coupable d&rsquo;appartenance \u00e0 une organisation criminelle fin septembre lors du proc\u00e8s portant sur des fonds de campagne pr\u00e9sum\u00e9s en provenance de Libye. Le tribunal a ordonn\u00e9 l&rsquo;ex\u00e9cution provisoire du jugement. Cela signifie que l&rsquo;homme de 70 ans doit aller en prison m\u00eame s&rsquo;il a fait appel. Sarkozy a toujours ni\u00e9 ces all\u00e9gations.<\/p>\n<div id=\"attachment_427711\" class=\"wp-caption alignleft\" style=\"max-width: 300px\"><img fetchpriority=\"high\" decoding=\"async\" class=\"wp-image-427711 size-medium\" src=\"https:\/\/vieassociative.be\/actualites\/wp-content\/uploads\/2025\/10\/Lex-president-Sarkozy-commence-sa-peine-de-prison-enorme-battage.jpg\" alt=\"\" width=\"300\" height=\"200\"><\/div>\n<p><strong>\u2013 Sarkozy peut demander sa lib\u00e9ration sous conditions :<\/strong> Cependant, en raison de son \u00e2ge, Sarkozy peut demander une lib\u00e9ration conditionnelle imm\u00e9diatement apr\u00e8s son entr\u00e9e en prison afin de purger sa peine en dehors de la prison. Une r\u00e9glementation correspondante s&rsquo;applique en France pour les d\u00e9tenus \u00e2g\u00e9s de 70 ans et plus.<\/p>\n<p>Comme on l&rsquo;a appris avant l&rsquo;arrestation de Sarkozy, l&rsquo;ancien chef de l&rsquo;Etat a \u00e9t\u00e9 re\u00e7u vendredi par le pr\u00e9sident Emmanuel Macron \u00e0 l&rsquo;\u00c9lys\u00e9e. La rencontre a \u00e9t\u00e9 confirm\u00e9e par l&rsquo;\u00c9lys\u00e9e sur demande. Le ministre de la Justice, G\u00e9rald Darmanin, a annonc\u00e9 qu&rsquo;il rendrait visite \u00e0 Sarkozy en prison.<\/p>\n<p><strong>\u2013 Aucune preuve de fonds de campagne ill\u00e9gaux\u00a0:<\/strong> L&rsquo;affaire Libye concerne l&rsquo;accusation selon laquelle l&rsquo;argent du dirigeant libyen de l&rsquo;\u00e9poque, Mouammar Kadhafi, aurait afflu\u00e9 ill\u00e9galement pour la campagne \u00e9lectorale pr\u00e9sidentielle de Sarkozy en 2007. Le tribunal correctionnel de Paris n&rsquo;en a constat\u00e9 aucune preuve. Cependant, dans le raisonnement du verdict, il a suppos\u00e9 que le conservateur et proche confident de Kadhafi avait bel et bien tent\u00e9 d&rsquo;obtenir des fonds du dirigeant libyen.<\/p>\n<div id=\"attachment_427712\" class=\"wp-caption alignleft\" style=\"max-width: 300px\"><img decoding=\"async\" class=\"wp-image-427712 size-medium\" src=\"https:\/\/vieassociative.be\/actualites\/wp-content\/uploads\/2025\/10\/1761207419_253_Lex-president-Sarkozy-commence-sa-peine-de-prison-enorme-battage.jpg\" alt=\"\" width=\"300\" height=\"200\"><\/div>\n<p>Sarkozy ne peut s\u2019attendre \u00e0 aucun traitement pr\u00e9f\u00e9rentiel derri\u00e8re les barreaux. Quelle que soit la zone de la prison o\u00f9 il se rend, les cellules n&rsquo;y sont ni meilleures ni pires que partout ailleurs dans la prison. Ils mesurent entre 9 et 12 m\u00e8tres carr\u00e9s. Comme tous les autres prisonniers, Sarkozy dispose d&rsquo;une douche dans sa cellule, d&rsquo;un r\u00e9frig\u00e9rateur et d&rsquo;une t\u00e9l\u00e9vision. Le lit est \u00e9troit et il y a un petit bureau.<\/p>\n<p><strong>\u2013 Sarkozy re\u00e7oit une carte d\u2019identit\u00e9 de prisonnier, des draps et du mat\u00e9riel d\u2019\u00e9criture :<\/strong> \u00c0 son arriv\u00e9e en prison, Sarkozy doit subir le m\u00eame processus que tous les autres nouveaux arrivants, a rapport\u00e9 la cha\u00eene BFMTV. Les empreintes digitales sont prises et une photo est prise\u00a0; il re\u00e7oit une carte d&rsquo;identit\u00e9 de prisonnier avec un num\u00e9ro de prisonnier. Selon la cha\u00eene, Sarkozy est \u00e9galement fouill\u00e9 comme tout nouveau prisonnier, pour lequel il doit se d\u00e9shabiller enti\u00e8rement. Il re\u00e7oit ensuite des produits d&rsquo;hygi\u00e8ne, du linge, des draps et du mat\u00e9riel d&rsquo;\u00e9criture. Sarkozy a d\u00e9cid\u00e9 d&rsquo;\u00e9crire un livre sur son passage derri\u00e8re les barreaux. (dpa)<\/p>\n","protected":false},"excerpt":{"rendered":"<p>L&rsquo;ancien pr\u00e9sident fran\u00e7ais Nicolas Sarkozy est arriv\u00e9 mardi apr\u00e8s avoir \u00e9t\u00e9 condamn\u00e9 \u00e0 cinq ans de prison dans l&rsquo;affaire libyenne. L&rsquo;homme de 70 ans est<\/p>\n","protected":false},"author":1,"featured_media":10846,"comment_status":"","ping_status":"","sticky":false,"template":"","format":"standard","meta":{"footnotes":""},"categories":[298],"tags":[618,1186,1051,3334,2444,5237,1187,1550,524,4140,8764,5238],"class_list":["post-10845","post","type-post","status-publish","format-standard","has-post-thumbnail","hentry","category-belgique","tag-autour","tag-battage","tag-commence","tag-enorme","tag-france","tag-lexpresident","tag-mediatique","tag-numero","tag-peine","tag-prison","tag-prisonnier","tag-sarkozy","generate-columns","tablet-grid-50","mobile-grid-100","grid-parent","grid-33"],"yoast_head":"<!-- This site is optimized with the Yoast SEO plugin v24.0 - https:\/\/yoast.com\/wordpress\/plugins\/seo\/ -->\n<title>L&#039;ex-pr\u00e9sident Sarkozy commence sa peine de prison : \u00e9norme battage m\u00e9diatique autour du prisonnier num\u00e9ro un de France | Vie Associative<\/title>\n<meta name=\"robots\" content=\"index, follow, max-snippet:-1, max-image-preview:large, max-video-preview:-1\" \/>\n<link rel=\"canonical\" href=\"https:\/\/vieassociative.be\/actualites\/lex-president-sarkozy-commence-sa-peine-de-prison-enorme-battage-mediatique-autour-du-prisonnier-numero-un-de-france\/\" \/>\n<meta property=\"og:locale\" content=\"fr_FR\" \/>\n<meta property=\"og:type\" content=\"article\" \/>\n<meta property=\"og:title\" content=\"L&#039;ex-pr\u00e9sident Sarkozy commence sa peine de prison : \u00e9norme battage m\u00e9diatique autour du prisonnier num\u00e9ro un de France | Vie Associative\" \/>\n<meta property=\"og:description\" content=\"L&rsquo;ancien pr\u00e9sident fran\u00e7ais Nicolas Sarkozy est arriv\u00e9 mardi apr\u00e8s avoir \u00e9t\u00e9 condamn\u00e9 \u00e0 cinq ans de prison dans l&rsquo;affaire libyenne. L&rsquo;homme de 70 ans est\" \/>\n<meta property=\"og:url\" content=\"https:\/\/vieassociative.be\/actualites\/lex-president-sarkozy-commence-sa-peine-de-prison-enorme-battage-mediatique-autour-du-prisonnier-numero-un-de-france\/\" \/>\n<meta property=\"og:site_name\" content=\"Vie Associative\" \/>\n<meta property=\"article:published_time\" content=\"2025-10-23T08:16:59+00:00\" \/>\n<meta property=\"og:image\" content=\"https:\/\/vieassociative.be\/actualites\/wp-content\/uploads\/2024\/09\/header_backgroundk-01-e1726694325946.png\" \/>\n\t<meta property=\"og:image:width\" content=\"279\" \/>\n\t<meta property=\"og:image:height\" content=\"92\" \/>\n\t<meta property=\"og:image:type\" content=\"image\/png\" \/>\n<meta name=\"author\" content=\"Julien\" \/>\n<meta name=\"twitter:card\" content=\"summary_large_image\" \/>\n<meta name=\"twitter:label1\" content=\"\u00c9crit par\" \/>\n\t<meta name=\"twitter:data1\" content=\"Julien\" \/>\n\t<meta name=\"twitter:label2\" content=\"Dur\u00e9e de lecture est.\" \/>\n\t<meta name=\"twitter:data2\" content=\"3 minutes\" \/>\n<script type=\"application\/ld+json\" class=\"yoast-schema-graph\">{\"@context\":\"https:\/\/schema.org\",\"@graph\":[{\"@type\":\"Article\",\"@id\":\"https:\/\/vieassociative.be\/actualites\/lex-president-sarkozy-commence-sa-peine-de-prison-enorme-battage-mediatique-autour-du-prisonnier-numero-un-de-france\/#article\",\"isPartOf\":{\"@id\":\"https:\/\/vieassociative.be\/actualites\/lex-president-sarkozy-commence-sa-peine-de-prison-enorme-battage-mediatique-autour-du-prisonnier-numero-un-de-france\/\"},\"author\":{\"name\":\"Julien\",\"@id\":\"https:\/\/vieassociative.be\/actualites\/#\/schema\/person\/b87ac4f82f9d4e7b7cec7395b679edc4\"},\"headline\":\"L&rsquo;ex-pr\u00e9sident Sarkozy commence sa peine de prison : \u00e9norme battage m\u00e9diatique autour du prisonnier num\u00e9ro un de France\",\"datePublished\":\"2025-10-23T08:16:59+00:00\",\"dateModified\":\"2025-10-23T08:16:59+00:00\",\"mainEntityOfPage\":{\"@id\":\"https:\/\/vieassociative.be\/actualites\/lex-president-sarkozy-commence-sa-peine-de-prison-enorme-battage-mediatique-autour-du-prisonnier-numero-un-de-france\/\"},\"wordCount\":567,\"publisher\":{\"@id\":\"https:\/\/vieassociative.be\/actualites\/#organization\"},\"image\":{\"@id\":\"https:\/\/vieassociative.be\/actualites\/lex-president-sarkozy-commence-sa-peine-de-prison-enorme-battage-mediatique-autour-du-prisonnier-numero-un-de-france\/#primaryimage\"},\"thumbnailUrl\":\"https:\/\/vieassociative.be\/actualites\/wp-content\/uploads\/2025\/10\/1761207419_Lex-president-Sarkozy-commence-sa-peine-de-prison-enorme-battage.jpg\",\"keywords\":[\"Autour\",\"battage\",\"commenc\u00e9\",\"\u00e9norme\",\"France\",\"Lexpr\u00e9sident\",\"m\u00e9diatique\",\"num\u00e9ro\",\"peine\",\"prison\",\"prisonnier\",\"Sarkozy\"],\"articleSection\":[\"Belgique\"],\"inLanguage\":\"fr-BE\"},{\"@type\":\"WebPage\",\"@id\":\"https:\/\/vieassociative.be\/actualites\/lex-president-sarkozy-commence-sa-peine-de-prison-enorme-battage-mediatique-autour-du-prisonnier-numero-un-de-france\/\",\"url\":\"https:\/\/vieassociative.be\/actualites\/lex-president-sarkozy-commence-sa-peine-de-prison-enorme-battage-mediatique-autour-du-prisonnier-numero-un-de-france\/\",\"name\":\"L'ex-pr\u00e9sident Sarkozy commence sa peine de prison : \u00e9norme battage m\u00e9diatique autour du prisonnier num\u00e9ro un de France | Vie Associative\",\"isPartOf\":{\"@id\":\"https:\/\/vieassociative.be\/actualites\/#website\"},\"primaryImageOfPage\":{\"@id\":\"https:\/\/vieassociative.be\/actualites\/lex-president-sarkozy-commence-sa-peine-de-prison-enorme-battage-mediatique-autour-du-prisonnier-numero-un-de-france\/#primaryimage\"},\"image\":{\"@id\":\"https:\/\/vieassociative.be\/actualites\/lex-president-sarkozy-commence-sa-peine-de-prison-enorme-battage-mediatique-autour-du-prisonnier-numero-un-de-france\/#primaryimage\"},\"thumbnailUrl\":\"https:\/\/vieassociative.be\/actualites\/wp-content\/uploads\/2025\/10\/1761207419_Lex-president-Sarkozy-commence-sa-peine-de-prison-enorme-battage.jpg\",\"datePublished\":\"2025-10-23T08:16:59+00:00\",\"dateModified\":\"2025-10-23T08:16:59+00:00\",\"breadcrumb\":{\"@id\":\"https:\/\/vieassociative.be\/actualites\/lex-president-sarkozy-commence-sa-peine-de-prison-enorme-battage-mediatique-autour-du-prisonnier-numero-un-de-france\/#breadcrumb\"},\"inLanguage\":\"fr-BE\",\"potentialAction\":[{\"@type\":\"ReadAction\",\"target\":[\"https:\/\/vieassociative.be\/actualites\/lex-president-sarkozy-commence-sa-peine-de-prison-enorme-battage-mediatique-autour-du-prisonnier-numero-un-de-france\/\"]}]},{\"@type\":\"ImageObject\",\"inLanguage\":\"fr-BE\",\"@id\":\"https:\/\/vieassociative.be\/actualites\/lex-president-sarkozy-commence-sa-peine-de-prison-enorme-battage-mediatique-autour-du-prisonnier-numero-un-de-france\/#primaryimage\",\"url\":\"https:\/\/vieassociative.be\/actualites\/wp-content\/uploads\/2025\/10\/1761207419_Lex-president-Sarkozy-commence-sa-peine-de-prison-enorme-battage.jpg\",\"contentUrl\":\"https:\/\/vieassociative.be\/actualites\/wp-content\/uploads\/2025\/10\/1761207419_Lex-president-Sarkozy-commence-sa-peine-de-prison-enorme-battage.jpg\",\"width\":1200,\"height\":811,\"caption\":\"L'ex-pr\u00e9sident Sarkozy commence sa peine de prison : \u00e9norme battage m\u00e9diatique autour du prisonnier num\u00e9ro un de France\"},{\"@type\":\"BreadcrumbList\",\"@id\":\"https:\/\/vieassociative.be\/actualites\/lex-president-sarkozy-commence-sa-peine-de-prison-enorme-battage-mediatique-autour-du-prisonnier-numero-un-de-france\/#breadcrumb\",\"itemListElement\":[{\"@type\":\"ListItem\",\"position\":1,\"name\":\"Accueil\",\"item\":\"https:\/\/vieassociative.be\/actualites\/\"},{\"@type\":\"ListItem\",\"position\":2,\"name\":\"L&rsquo;ex-pr\u00e9sident Sarkozy commence sa peine de prison : \u00e9norme battage m\u00e9diatique autour du prisonnier num\u00e9ro un de France\"}]},{\"@type\":\"WebSite\",\"@id\":\"https:\/\/vieassociative.be\/actualites\/#website\",\"url\":\"https:\/\/vieassociative.be\/actualites\/\",\"name\":\"Vie Associative\",\"description\":\"\",\"publisher\":{\"@id\":\"https:\/\/vieassociative.be\/actualites\/#organization\"},\"potentialAction\":[{\"@type\":\"SearchAction\",\"target\":{\"@type\":\"EntryPoint\",\"urlTemplate\":\"https:\/\/vieassociative.be\/actualites\/?s={search_term_string}\"},\"query-input\":{\"@type\":\"PropertyValueSpecification\",\"valueRequired\":true,\"valueName\":\"search_term_string\"}}],\"inLanguage\":\"fr-BE\"},{\"@type\":\"Organization\",\"@id\":\"https:\/\/vieassociative.be\/actualites\/#organization\",\"name\":\"Vie Associative\",\"url\":\"https:\/\/vieassociative.be\/actualites\/\",\"logo\":{\"@type\":\"ImageObject\",\"inLanguage\":\"fr-BE\",\"@id\":\"https:\/\/vieassociative.be\/actualites\/#\/schema\/logo\/image\/\",\"url\":\"https:\/\/vieassociative.be\/actualites\/wp-content\/uploads\/2024\/09\/cropped-vieassociative_favicon.ico.png\",\"contentUrl\":\"https:\/\/vieassociative.be\/actualites\/wp-content\/uploads\/2024\/09\/cropped-vieassociative_favicon.ico.png\",\"width\":512,\"height\":512,\"caption\":\"Vie Associative\"},\"image\":{\"@id\":\"https:\/\/vieassociative.be\/actualites\/#\/schema\/logo\/image\/\"}},{\"@type\":\"Person\",\"@id\":\"https:\/\/vieassociative.be\/actualites\/#\/schema\/person\/b87ac4f82f9d4e7b7cec7395b679edc4\",\"name\":\"Julien\",\"image\":{\"@type\":\"ImageObject\",\"inLanguage\":\"fr-BE\",\"@id\":\"https:\/\/vieassociative.be\/actualites\/#\/schema\/person\/image\/\",\"url\":\"https:\/\/vieassociative.be\/actualites\/wp-content\/uploads\/2024\/09\/vie-associative-1-150x150.jpg\",\"contentUrl\":\"https:\/\/vieassociative.be\/actualites\/wp-content\/uploads\/2024\/09\/vie-associative-1-150x150.jpg\",\"caption\":\"Julien\"},\"description\":\"Je suis Julien, r\u00e9dacteur pour Vie Associative. Passionn\u00e9 par le monde associatif depuis plus de 10 ans, j'ai \u00e0 c\u0153ur de partager des histoires inspirantes et de mettre en lumi\u00e8re les initiatives locales. Mon objectif est de sensibiliser et d'encourager l'engagement communautaire \u00e0 travers mes articles.\",\"sameAs\":[\"https:\/\/vieassociative.be\/\"]}]}<\/script>\n<!-- \/ Yoast SEO plugin. -->","yoast_head_json":{"title":"L'ex-pr\u00e9sident Sarkozy commence sa peine de prison : \u00e9norme battage m\u00e9diatique autour du prisonnier num\u00e9ro un de France | Vie Associative","robots":{"index":"index","follow":"follow","max-snippet":"max-snippet:-1","max-image-preview":"max-image-preview:large","max-video-preview":"max-video-preview:-1"},"canonical":"https:\/\/vieassociative.be\/actualites\/lex-president-sarkozy-commence-sa-peine-de-prison-enorme-battage-mediatique-autour-du-prisonnier-numero-un-de-france\/","og_locale":"fr_FR","og_type":"article","og_title":"L'ex-pr\u00e9sident Sarkozy commence sa peine de prison : \u00e9norme battage m\u00e9diatique autour du prisonnier num\u00e9ro un de France | Vie Associative","og_description":"L&rsquo;ancien pr\u00e9sident fran\u00e7ais Nicolas Sarkozy est arriv\u00e9 mardi apr\u00e8s avoir \u00e9t\u00e9 condamn\u00e9 \u00e0 cinq ans de prison dans l&rsquo;affaire libyenne. L&rsquo;homme de 70 ans est","og_url":"https:\/\/vieassociative.be\/actualites\/lex-president-sarkozy-commence-sa-peine-de-prison-enorme-battage-mediatique-autour-du-prisonnier-numero-un-de-france\/","og_site_name":"Vie Associative","article_published_time":"2025-10-23T08:16:59+00:00","og_image":[{"width":279,"height":92,"url":"https:\/\/vieassociative.be\/actualites\/wp-content\/uploads\/2024\/09\/header_backgroundk-01-e1726694325946.png","type":"image\/png"}],"author":"Julien","twitter_card":"summary_large_image","twitter_misc":{"\u00c9crit par":"Julien","Dur\u00e9e de lecture est.":"3 minutes"},"schema":{"@context":"https:\/\/schema.org","@graph":[{"@type":"Article","@id":"https:\/\/vieassociative.be\/actualites\/lex-president-sarkozy-commence-sa-peine-de-prison-enorme-battage-mediatique-autour-du-prisonnier-numero-un-de-france\/#article","isPartOf":{"@id":"https:\/\/vieassociative.be\/actualites\/lex-president-sarkozy-commence-sa-peine-de-prison-enorme-battage-mediatique-autour-du-prisonnier-numero-un-de-france\/"},"author":{"name":"Julien","@id":"https:\/\/vieassociative.be\/actualites\/#\/schema\/person\/b87ac4f82f9d4e7b7cec7395b679edc4"},"headline":"L&rsquo;ex-pr\u00e9sident Sarkozy commence sa peine de prison : \u00e9norme battage m\u00e9diatique autour du prisonnier num\u00e9ro un de France","datePublished":"2025-10-23T08:16:59+00:00","dateModified":"2025-10-23T08:16:59+00:00","mainEntityOfPage":{"@id":"https:\/\/vieassociative.be\/actualites\/lex-president-sarkozy-commence-sa-peine-de-prison-enorme-battage-mediatique-autour-du-prisonnier-numero-un-de-france\/"},"wordCount":567,"publisher":{"@id":"https:\/\/vieassociative.be\/actualites\/#organization"},"image":{"@id":"https:\/\/vieassociative.be\/actualites\/lex-president-sarkozy-commence-sa-peine-de-prison-enorme-battage-mediatique-autour-du-prisonnier-numero-un-de-france\/#primaryimage"},"thumbnailUrl":"https:\/\/vieassociative.be\/actualites\/wp-content\/uploads\/2025\/10\/1761207419_Lex-president-Sarkozy-commence-sa-peine-de-prison-enorme-battage.jpg","keywords":["Autour","battage","commenc\u00e9","\u00e9norme","France","Lexpr\u00e9sident","m\u00e9diatique","num\u00e9ro","peine","prison","prisonnier","Sarkozy"],"articleSection":["Belgique"],"inLanguage":"fr-BE"},{"@type":"WebPage","@id":"https:\/\/vieassociative.be\/actualites\/lex-president-sarkozy-commence-sa-peine-de-prison-enorme-battage-mediatique-autour-du-prisonnier-numero-un-de-france\/","url":"https:\/\/vieassociative.be\/actualites\/lex-president-sarkozy-commence-sa-peine-de-prison-enorme-battage-mediatique-autour-du-prisonnier-numero-un-de-france\/","name":"L'ex-pr\u00e9sident Sarkozy commence sa peine de prison : \u00e9norme battage m\u00e9diatique autour du prisonnier num\u00e9ro un de France | Vie Associative","isPartOf":{"@id":"https:\/\/vieassociative.be\/actualites\/#website"},"primaryImageOfPage":{"@id":"https:\/\/vieassociative.be\/actualites\/lex-president-sarkozy-commence-sa-peine-de-prison-enorme-battage-mediatique-autour-du-prisonnier-numero-un-de-france\/#primaryimage"},"image":{"@id":"https:\/\/vieassociative.be\/actualites\/lex-president-sarkozy-commence-sa-peine-de-prison-enorme-battage-mediatique-autour-du-prisonnier-numero-un-de-france\/#primaryimage"},"thumbnailUrl":"https:\/\/vieassociative.be\/actualites\/wp-content\/uploads\/2025\/10\/1761207419_Lex-president-Sarkozy-commence-sa-peine-de-prison-enorme-battage.jpg","datePublished":"2025-10-23T08:16:59+00:00","dateModified":"2025-10-23T08:16:59+00:00","breadcrumb":{"@id":"https:\/\/vieassociative.be\/actualites\/lex-president-sarkozy-commence-sa-peine-de-prison-enorme-battage-mediatique-autour-du-prisonnier-numero-un-de-france\/#breadcrumb"},"inLanguage":"fr-BE","potentialAction":[{"@type":"ReadAction","target":["https:\/\/vieassociative.be\/actualites\/lex-president-sarkozy-commence-sa-peine-de-prison-enorme-battage-mediatique-autour-du-prisonnier-numero-un-de-france\/"]}]},{"@type":"ImageObject","inLanguage":"fr-BE","@id":"https:\/\/vieassociative.be\/actualites\/lex-president-sarkozy-commence-sa-peine-de-prison-enorme-battage-mediatique-autour-du-prisonnier-numero-un-de-france\/#primaryimage","url":"https:\/\/vieassociative.be\/actualites\/wp-content\/uploads\/2025\/10\/1761207419_Lex-president-Sarkozy-commence-sa-peine-de-prison-enorme-battage.jpg","contentUrl":"https:\/\/vieassociative.be\/actualites\/wp-content\/uploads\/2025\/10\/1761207419_Lex-president-Sarkozy-commence-sa-peine-de-prison-enorme-battage.jpg","width":1200,"height":811,"caption":"L'ex-pr\u00e9sident Sarkozy commence sa peine de prison : \u00e9norme battage m\u00e9diatique autour du prisonnier num\u00e9ro un de France"},{"@type":"BreadcrumbList","@id":"https:\/\/vieassociative.be\/actualites\/lex-president-sarkozy-commence-sa-peine-de-prison-enorme-battage-mediatique-autour-du-prisonnier-numero-un-de-france\/#breadcrumb","itemListElement":[{"@type":"ListItem","position":1,"name":"Accueil","item":"https:\/\/vieassociative.be\/actualites\/"},{"@type":"ListItem","position":2,"name":"L&rsquo;ex-pr\u00e9sident Sarkozy commence sa peine de prison : \u00e9norme battage m\u00e9diatique autour du prisonnier num\u00e9ro un de France"}]},{"@type":"WebSite","@id":"https:\/\/vieassociative.be\/actualites\/#website","url":"https:\/\/vieassociative.be\/actualites\/","name":"Vie Associative","description":"","publisher":{"@id":"https:\/\/vieassociative.be\/actualites\/#organization"},"potentialAction":[{"@type":"SearchAction","target":{"@type":"EntryPoint","urlTemplate":"https:\/\/vieassociative.be\/actualites\/?s={search_term_string}"},"query-input":{"@type":"PropertyValueSpecification","valueRequired":true,"valueName":"search_term_string"}}],"inLanguage":"fr-BE"},{"@type":"Organization","@id":"https:\/\/vieassociative.be\/actualites\/#organization","name":"Vie Associative","url":"https:\/\/vieassociative.be\/actualites\/","logo":{"@type":"ImageObject","inLanguage":"fr-BE","@id":"https:\/\/vieassociative.be\/actualites\/#\/schema\/logo\/image\/","url":"https:\/\/vieassociative.be\/actualites\/wp-content\/uploads\/2024\/09\/cropped-vieassociative_favicon.ico.png","contentUrl":"https:\/\/vieassociative.be\/actualites\/wp-content\/uploads\/2024\/09\/cropped-vieassociative_favicon.ico.png","width":512,"height":512,"caption":"Vie Associative"},"image":{"@id":"https:\/\/vieassociative.be\/actualites\/#\/schema\/logo\/image\/"}},{"@type":"Person","@id":"https:\/\/vieassociative.be\/actualites\/#\/schema\/person\/b87ac4f82f9d4e7b7cec7395b679edc4","name":"Julien","image":{"@type":"ImageObject","inLanguage":"fr-BE","@id":"https:\/\/vieassociative.be\/actualites\/#\/schema\/person\/image\/","url":"https:\/\/vieassociative.be\/actualites\/wp-content\/uploads\/2024\/09\/vie-associative-1-150x150.jpg","contentUrl":"https:\/\/vieassociative.be\/actualites\/wp-content\/uploads\/2024\/09\/vie-associative-1-150x150.jpg","caption":"Julien"},"description":"Je suis Julien, r\u00e9dacteur pour Vie Associative. Passionn\u00e9 par le monde associatif depuis plus de 10 ans, j'ai \u00e0 c\u0153ur de partager des histoires inspirantes et de mettre en lumi\u00e8re les initiatives locales. Mon objectif est de sensibiliser et d'encourager l'engagement communautaire \u00e0 travers mes articles.","sameAs":["https:\/\/vieassociative.be\/"]}]}},"_links":{"self":[{"href":"https:\/\/vieassociative.be\/actualites\/wp-json\/wp\/v2\/posts\/10845"}],"collection":[{"href":"https:\/\/vieassociative.be\/actualites\/wp-json\/wp\/v2\/posts"}],"about":[{"href":"https:\/\/vieassociative.be\/actualites\/wp-json\/wp\/v2\/types\/post"}],"author":[{"embeddable":true,"href":"https:\/\/vieassociative.be\/actualites\/wp-json\/wp\/v2\/users\/1"}],"replies":[{"embeddable":true,"href":"https:\/\/vieassociative.be\/actualites\/wp-json\/wp\/v2\/comments?post=10845"}],"version-history":[{"count":0,"href":"https:\/\/vieassociative.be\/actualites\/wp-json\/wp\/v2\/posts\/10845\/revisions"}],"wp:featuredmedia":[{"embeddable":true,"href":"https:\/\/vieassociative.be\/actualites\/wp-json\/wp\/v2\/media\/10846"}],"wp:attachment":[{"href":"https:\/\/vieassociative.be\/actualites\/wp-json\/wp\/v2\/media?parent=10845"}],"wp:term":[{"taxonomy":"category","embeddable":true,"href":"https:\/\/vieassociative.be\/actualites\/wp-json\/wp\/v2\/categories?post=10845"},{"taxonomy":"post_tag","embeddable":true,"href":"https:\/\/vieassociative.be\/actualites\/wp-json\/wp\/v2\/tags?post=10845"}],"curies":[{"name":"wp","href":"https:\/\/api.w.org\/{rel}","templated":true}]}}