{"id":10843,"date":"2025-10-23T09:17:57","date_gmt":"2025-10-23T07:17:57","guid":{"rendered":"https:\/\/vieassociative.be\/actualites\/comment-le-casque-galaxy-xr-de-samsung-se-compare-a-apple-vision-pro-et-meta-quest-3\/"},"modified":"2025-10-23T09:17:57","modified_gmt":"2025-10-23T07:17:57","slug":"comment-le-casque-galaxy-xr-de-samsung-se-compare-a-apple-vision-pro-et-meta-quest-3","status":"publish","type":"post","link":"https:\/\/vieassociative.be\/actualites\/comment-le-casque-galaxy-xr-de-samsung-se-compare-a-apple-vision-pro-et-meta-quest-3\/","title":{"rendered":"Comment le casque Galaxy XR de Samsung se compare \u00e0 Apple Vision Pro et Meta Quest 3"},"content":{"rendered":"<div class=\"mt-4 leading-6 md:mb-8\">Le casque XR de Samsung semble viser le milieu du march\u00e9 de la r\u00e9alit\u00e9 virtuelle.<\/div>\n<p><\/p>\n<p>Si vous attendiez de mettre la main sur un casque de r\u00e9alit\u00e9 virtuelle Samsung Galaxy XR, c&rsquo;est le moment : l&rsquo;appareil est disponible \u00e0 la commande d\u00e8s maintenant sur le site Web de Samsung ou de Google pour 1 799 $ et les commandes devraient arriver le 4 novembre. Pour compenser le prix, le Galaxy XR est livr\u00e9 avec une ann\u00e9e gratuite de Google AI Pro, YouTube Premium et Google Play Pass. <\/p>\n<p>Construit en partenariat avec Google et Qualcomm, le Galaxy XR est dot\u00e9 de deux \u00e9crans micro-OLED 4K offrant un total de 27 millions de pixels et un champ de vision horizontal de 100 degr\u00e9s, le tout aliment\u00e9 par la puce Qualcomm Snapdragon XR2+ Gen 2 et emball\u00e9 dans un format l\u00e9ger (1,2 livre). <\/p>\n<h2 id=\"the-birth-of-android-xr\">La naissance d&rsquo;Android XR<\/h2>\n<p>Le casque sera aliment\u00e9 par la nouvelle plate-forme Android XR, qui permettra aux utilisateurs d&rsquo;ex\u00e9cuter des applications Android standard sous forme de fen\u00eatres 2D. Le nouvel \u00e9cosyst\u00e8me est con\u00e7u autour de l&rsquo;int\u00e9gration au niveau syst\u00e8me de Gemini AI et est pr\u00e9vu comme une infrastructure pour les futurs appareils AR et VR, y compris les lunettes intelligentes. Quelques points forts du syst\u00e8me d&rsquo;exploitation\u00a0: la possibilit\u00e9 d&rsquo;encercler des \u00e9l\u00e9ments dans le monde r\u00e9el et de les rechercher en ligne, ainsi que la conversion par l&rsquo;IA de photos et de vid\u00e9os 2D en pr\u00e9sentations 3D immersives.<\/p>\n<div class=\"mx-auto mb-12 mt-5 w-full max-w-3xl rounded-md border-2 border-gray-100 p-3 shadow-md md:px-7 md:pb-7 md:pt-5\" id=\"related-video\">\n<div class=\"mb-3 flex items-center md:mb-5\">\n        <img decoding=\"async\" class=\"mr-4 mt-0 h-10 w-10 md:mr-5 md:h-12 md:w-12\" src=\"https:\/\/vieassociative.be\/actualites\/wp-content\/uploads\/2025\/09\/1757726237_608_Meta-pourrait-devoiler-une-montre-intelligente-pour-controler-ses-lunettes.jpg\" alt=\"Logo du pirate de la vie\"><\/p><\/div>\n<div class=\"aspect-video w-full overflow-hidden rounded-md\">\n<div id=\"video-container-01K87YGKJMDBDXZPZS91R97203\"><\/div>\n<\/p><\/div>\n<\/div>\n<h2 id=\"samsungs-aiming-for-the-space-between-apple-and-meta\">Samsung vise l&rsquo;espace entre Apple et Meta<\/h2>\n<p>Le Galaxy XR de Samsung entre sur un march\u00e9 assez encombr\u00e9, \u00e9tant donn\u00e9 la r\u00e9action relativement ti\u00e8de du public \u00e0 la r\u00e9alit\u00e9 virtuelle. Ses principaux concurrents sont la gamme de casques Meta&rsquo;s Quest et l&rsquo;Apple Vision Pro, bien que Meta et Apple consacrent une grande partie de leurs ressources AR\/VR dans des lunettes intelligentes plut\u00f4t que dans des casques. <\/p>\n<p>Le prix de 1 799 $ du Galaxy XR repr\u00e9sente presque exactement la moiti\u00e9 du prix d&rsquo;un Apple Vision Pro et plus de trois fois plus cher qu&rsquo;un Meta Quest 3. Samsung semble viser un juste milieu technologique : pas une d\u00e9pense prohibitive pour presque tout le monde, mais bien au-dessus du prix de la \u00ab console de jeu \u00bb du Quest. La cible semble \u00eatre les consommateurs professionnels int\u00e9ress\u00e9s par un casque dot\u00e9 d&rsquo;un meilleur mat\u00e9riel qu&rsquo;un Quest, mais qui rechignent devant un appareil \u00e0 3 500 $. En d\u2019autres termes : Samsung court apr\u00e8s le vernis d\u2019Apple et l\u2019accessibilit\u00e9 de Meta, dans l\u2019espoir de trouver un juste milieu entre les deux.<\/p>\n<p>En termes de sp\u00e9cifications, la puce M5 et le processeur spatial R1 d\u00e9di\u00e9 de l&rsquo;Apple Vision Pro le placent en t\u00eate en termes de puissance de traitement brute, bien que le Galaxy affiche 27 millions de pixels contre 24 millions pour Apple. Le Quest 3 affiche environ 9 millions de pixels. Le Galaxy a \u00e9galement un taux de rafra\u00eechissement sup\u00e9rieur plus lent que celui d\u2019Apple : 90 Hz contre 12 Hz. En fin de compte, les casques les plus chers sont \u00e0 peu pr\u00e8s comparables, en supposant que tout fonctionne comme il se doit ; Je n&rsquo;ai pas encore essay\u00e9 le Galaxy XR, donc je ne peux pas le dire. Quant au Quest 3, son prix tr\u00e8s bas n&rsquo;est pas le seul avantage du syst\u00e8me moins cher : la biblioth\u00e8que de logiciels du Quest est bien plus grande que celle de la concurrence.<\/p>\n<p>Si Samsung peut sauvegarder ses sp\u00e9cifications impressionnantes avec des logiciels et du confort, le XR pourrait donner \u00e0 Apple et Meta de quoi s&rsquo;inqui\u00e9ter, mais si <em>n&rsquo;importe lequel<\/em> Le casque VR pourrait g\u00e9n\u00e9rer le genre d\u2019enthousiasme du public pour les lunettes intelligentes, reste \u00e0 voir. <\/p>\n","protected":false},"excerpt":{"rendered":"<p>Le casque XR de Samsung semble viser le milieu du march\u00e9 de la r\u00e9alit\u00e9 virtuelle. Si vous attendiez de mettre la main sur un casque<\/p>\n","protected":false},"author":1,"featured_media":10844,"comment_status":"","ping_status":"","sticky":false,"template":"","format":"standard","meta":{"footnotes":""},"categories":[13],"tags":[54,6608,44,5411,4183,487,630,955,1878,3185],"class_list":["post-10843","post","type-post","status-publish","format-standard","has-post-thumbnail","hentry","category-technologie","tag-apple","tag-casque","tag-comment","tag-compare","tag-galaxy","tag-meta","tag-pro","tag-quest","tag-samsung","tag-vision","generate-columns","tablet-grid-50","mobile-grid-100","grid-parent","grid-33"],"yoast_head":"<!-- This site is optimized with the Yoast SEO plugin v24.0 - https:\/\/yoast.com\/wordpress\/plugins\/seo\/ -->\n<title>Comment le casque Galaxy XR de Samsung se compare \u00e0 Apple Vision Pro et Meta Quest 3 | Vie Associative<\/title>\n<meta name=\"robots\" content=\"index, follow, max-snippet:-1, max-image-preview:large, max-video-preview:-1\" \/>\n<link rel=\"canonical\" href=\"https:\/\/vieassociative.be\/actualites\/comment-le-casque-galaxy-xr-de-samsung-se-compare-a-apple-vision-pro-et-meta-quest-3\/\" \/>\n<meta property=\"og:locale\" content=\"fr_FR\" \/>\n<meta property=\"og:type\" content=\"article\" \/>\n<meta property=\"og:title\" content=\"Comment le casque Galaxy XR de Samsung se compare \u00e0 Apple Vision Pro et Meta Quest 3 | Vie Associative\" \/>\n<meta property=\"og:description\" content=\"Le casque XR de Samsung semble viser le milieu du march\u00e9 de la r\u00e9alit\u00e9 virtuelle. Si vous attendiez de mettre la main sur un casque\" \/>\n<meta property=\"og:url\" content=\"https:\/\/vieassociative.be\/actualites\/comment-le-casque-galaxy-xr-de-samsung-se-compare-a-apple-vision-pro-et-meta-quest-3\/\" \/>\n<meta property=\"og:site_name\" content=\"Vie Associative\" \/>\n<meta property=\"article:published_time\" content=\"2025-10-23T07:17:57+00:00\" \/>\n<meta property=\"og:image\" content=\"https:\/\/vieassociative.be\/actualites\/wp-content\/uploads\/2025\/09\/1757726237_608_Meta-pourrait-devoiler-une-montre-intelligente-pour-controler-ses-lunettes.jpg\" \/>\n<meta name=\"author\" content=\"Julien\" \/>\n<meta name=\"twitter:card\" content=\"summary_large_image\" \/>\n<meta name=\"twitter:label1\" content=\"\u00c9crit par\" \/>\n\t<meta name=\"twitter:data1\" content=\"Julien\" \/>\n\t<meta name=\"twitter:label2\" content=\"Dur\u00e9e de lecture est.\" \/>\n\t<meta name=\"twitter:data2\" content=\"3 minutes\" \/>\n<script type=\"application\/ld+json\" class=\"yoast-schema-graph\">{\"@context\":\"https:\/\/schema.org\",\"@graph\":[{\"@type\":\"Article\",\"@id\":\"https:\/\/vieassociative.be\/actualites\/comment-le-casque-galaxy-xr-de-samsung-se-compare-a-apple-vision-pro-et-meta-quest-3\/#article\",\"isPartOf\":{\"@id\":\"https:\/\/vieassociative.be\/actualites\/comment-le-casque-galaxy-xr-de-samsung-se-compare-a-apple-vision-pro-et-meta-quest-3\/\"},\"author\":{\"name\":\"Julien\",\"@id\":\"https:\/\/vieassociative.be\/actualites\/#\/schema\/person\/b87ac4f82f9d4e7b7cec7395b679edc4\"},\"headline\":\"Comment le casque Galaxy XR de Samsung se compare \u00e0 Apple Vision Pro et Meta Quest 3\",\"datePublished\":\"2025-10-23T07:17:57+00:00\",\"dateModified\":\"2025-10-23T07:17:57+00:00\",\"mainEntityOfPage\":{\"@id\":\"https:\/\/vieassociative.be\/actualites\/comment-le-casque-galaxy-xr-de-samsung-se-compare-a-apple-vision-pro-et-meta-quest-3\/\"},\"wordCount\":651,\"publisher\":{\"@id\":\"https:\/\/vieassociative.be\/actualites\/#organization\"},\"image\":{\"@id\":\"https:\/\/vieassociative.be\/actualites\/comment-le-casque-galaxy-xr-de-samsung-se-compare-a-apple-vision-pro-et-meta-quest-3\/#primaryimage\"},\"thumbnailUrl\":\"https:\/\/vieassociative.be\/actualites\/wp-content\/uploads\/2025\/10\/Comment-le-casque-Galaxy-XR-de-Samsung-se-compare-a.png\",\"keywords\":[\"Apple\",\"casque\",\"Comment\",\"compare\",\"Galaxy\",\"Meta\",\"Pro\",\"Quest\",\"Samsung\",\"Vision\"],\"articleSection\":[\"Technologie\"],\"inLanguage\":\"fr-BE\"},{\"@type\":\"WebPage\",\"@id\":\"https:\/\/vieassociative.be\/actualites\/comment-le-casque-galaxy-xr-de-samsung-se-compare-a-apple-vision-pro-et-meta-quest-3\/\",\"url\":\"https:\/\/vieassociative.be\/actualites\/comment-le-casque-galaxy-xr-de-samsung-se-compare-a-apple-vision-pro-et-meta-quest-3\/\",\"name\":\"Comment le casque Galaxy XR de Samsung se compare \u00e0 Apple Vision Pro et Meta Quest 3 | Vie Associative\",\"isPartOf\":{\"@id\":\"https:\/\/vieassociative.be\/actualites\/#website\"},\"primaryImageOfPage\":{\"@id\":\"https:\/\/vieassociative.be\/actualites\/comment-le-casque-galaxy-xr-de-samsung-se-compare-a-apple-vision-pro-et-meta-quest-3\/#primaryimage\"},\"image\":{\"@id\":\"https:\/\/vieassociative.be\/actualites\/comment-le-casque-galaxy-xr-de-samsung-se-compare-a-apple-vision-pro-et-meta-quest-3\/#primaryimage\"},\"thumbnailUrl\":\"https:\/\/vieassociative.be\/actualites\/wp-content\/uploads\/2025\/10\/Comment-le-casque-Galaxy-XR-de-Samsung-se-compare-a.png\",\"datePublished\":\"2025-10-23T07:17:57+00:00\",\"dateModified\":\"2025-10-23T07:17:57+00:00\",\"breadcrumb\":{\"@id\":\"https:\/\/vieassociative.be\/actualites\/comment-le-casque-galaxy-xr-de-samsung-se-compare-a-apple-vision-pro-et-meta-quest-3\/#breadcrumb\"},\"inLanguage\":\"fr-BE\",\"potentialAction\":[{\"@type\":\"ReadAction\",\"target\":[\"https:\/\/vieassociative.be\/actualites\/comment-le-casque-galaxy-xr-de-samsung-se-compare-a-apple-vision-pro-et-meta-quest-3\/\"]}]},{\"@type\":\"ImageObject\",\"inLanguage\":\"fr-BE\",\"@id\":\"https:\/\/vieassociative.be\/actualites\/comment-le-casque-galaxy-xr-de-samsung-se-compare-a-apple-vision-pro-et-meta-quest-3\/#primaryimage\",\"url\":\"https:\/\/vieassociative.be\/actualites\/wp-content\/uploads\/2025\/10\/Comment-le-casque-Galaxy-XR-de-Samsung-se-compare-a.png\",\"contentUrl\":\"https:\/\/vieassociative.be\/actualites\/wp-content\/uploads\/2025\/10\/Comment-le-casque-Galaxy-XR-de-Samsung-se-compare-a.png\",\"width\":1200,\"height\":675,\"caption\":\"Comment le casque Galaxy XR de Samsung se compare \u00e0 Apple Vision Pro et Meta Quest 3\"},{\"@type\":\"BreadcrumbList\",\"@id\":\"https:\/\/vieassociative.be\/actualites\/comment-le-casque-galaxy-xr-de-samsung-se-compare-a-apple-vision-pro-et-meta-quest-3\/#breadcrumb\",\"itemListElement\":[{\"@type\":\"ListItem\",\"position\":1,\"name\":\"Accueil\",\"item\":\"https:\/\/vieassociative.be\/actualites\/\"},{\"@type\":\"ListItem\",\"position\":2,\"name\":\"Comment le casque Galaxy XR de Samsung se compare \u00e0 Apple Vision Pro et Meta Quest 3\"}]},{\"@type\":\"WebSite\",\"@id\":\"https:\/\/vieassociative.be\/actualites\/#website\",\"url\":\"https:\/\/vieassociative.be\/actualites\/\",\"name\":\"Vie Associative\",\"description\":\"\",\"publisher\":{\"@id\":\"https:\/\/vieassociative.be\/actualites\/#organization\"},\"potentialAction\":[{\"@type\":\"SearchAction\",\"target\":{\"@type\":\"EntryPoint\",\"urlTemplate\":\"https:\/\/vieassociative.be\/actualites\/?s={search_term_string}\"},\"query-input\":{\"@type\":\"PropertyValueSpecification\",\"valueRequired\":true,\"valueName\":\"search_term_string\"}}],\"inLanguage\":\"fr-BE\"},{\"@type\":\"Organization\",\"@id\":\"https:\/\/vieassociative.be\/actualites\/#organization\",\"name\":\"Vie Associative\",\"url\":\"https:\/\/vieassociative.be\/actualites\/\",\"logo\":{\"@type\":\"ImageObject\",\"inLanguage\":\"fr-BE\",\"@id\":\"https:\/\/vieassociative.be\/actualites\/#\/schema\/logo\/image\/\",\"url\":\"https:\/\/vieassociative.be\/actualites\/wp-content\/uploads\/2024\/09\/cropped-vieassociative_favicon.ico.png\",\"contentUrl\":\"https:\/\/vieassociative.be\/actualites\/wp-content\/uploads\/2024\/09\/cropped-vieassociative_favicon.ico.png\",\"width\":512,\"height\":512,\"caption\":\"Vie Associative\"},\"image\":{\"@id\":\"https:\/\/vieassociative.be\/actualites\/#\/schema\/logo\/image\/\"}},{\"@type\":\"Person\",\"@id\":\"https:\/\/vieassociative.be\/actualites\/#\/schema\/person\/b87ac4f82f9d4e7b7cec7395b679edc4\",\"name\":\"Julien\",\"image\":{\"@type\":\"ImageObject\",\"inLanguage\":\"fr-BE\",\"@id\":\"https:\/\/vieassociative.be\/actualites\/#\/schema\/person\/image\/\",\"url\":\"https:\/\/vieassociative.be\/actualites\/wp-content\/uploads\/2024\/09\/vie-associative-1-150x150.jpg\",\"contentUrl\":\"https:\/\/vieassociative.be\/actualites\/wp-content\/uploads\/2024\/09\/vie-associative-1-150x150.jpg\",\"caption\":\"Julien\"},\"description\":\"Je suis Julien, r\u00e9dacteur pour Vie Associative. Passionn\u00e9 par le monde associatif depuis plus de 10 ans, j'ai \u00e0 c\u0153ur de partager des histoires inspirantes et de mettre en lumi\u00e8re les initiatives locales. Mon objectif est de sensibiliser et d'encourager l'engagement communautaire \u00e0 travers mes articles.\",\"sameAs\":[\"https:\/\/vieassociative.be\/\"]}]}<\/script>\n<!-- \/ Yoast SEO plugin. -->","yoast_head_json":{"title":"Comment le casque Galaxy XR de Samsung se compare \u00e0 Apple Vision Pro et Meta Quest 3 | Vie Associative","robots":{"index":"index","follow":"follow","max-snippet":"max-snippet:-1","max-image-preview":"max-image-preview:large","max-video-preview":"max-video-preview:-1"},"canonical":"https:\/\/vieassociative.be\/actualites\/comment-le-casque-galaxy-xr-de-samsung-se-compare-a-apple-vision-pro-et-meta-quest-3\/","og_locale":"fr_FR","og_type":"article","og_title":"Comment le casque Galaxy XR de Samsung se compare \u00e0 Apple Vision Pro et Meta Quest 3 | Vie Associative","og_description":"Le casque XR de Samsung semble viser le milieu du march\u00e9 de la r\u00e9alit\u00e9 virtuelle. Si vous attendiez de mettre la main sur un casque","og_url":"https:\/\/vieassociative.be\/actualites\/comment-le-casque-galaxy-xr-de-samsung-se-compare-a-apple-vision-pro-et-meta-quest-3\/","og_site_name":"Vie Associative","article_published_time":"2025-10-23T07:17:57+00:00","og_image":[{"url":"https:\/\/vieassociative.be\/actualites\/wp-content\/uploads\/2025\/09\/1757726237_608_Meta-pourrait-devoiler-une-montre-intelligente-pour-controler-ses-lunettes.jpg","type":"","width":"","height":""}],"author":"Julien","twitter_card":"summary_large_image","twitter_misc":{"\u00c9crit par":"Julien","Dur\u00e9e de lecture est.":"3 minutes"},"schema":{"@context":"https:\/\/schema.org","@graph":[{"@type":"Article","@id":"https:\/\/vieassociative.be\/actualites\/comment-le-casque-galaxy-xr-de-samsung-se-compare-a-apple-vision-pro-et-meta-quest-3\/#article","isPartOf":{"@id":"https:\/\/vieassociative.be\/actualites\/comment-le-casque-galaxy-xr-de-samsung-se-compare-a-apple-vision-pro-et-meta-quest-3\/"},"author":{"name":"Julien","@id":"https:\/\/vieassociative.be\/actualites\/#\/schema\/person\/b87ac4f82f9d4e7b7cec7395b679edc4"},"headline":"Comment le casque Galaxy XR de Samsung se compare \u00e0 Apple Vision Pro et Meta Quest 3","datePublished":"2025-10-23T07:17:57+00:00","dateModified":"2025-10-23T07:17:57+00:00","mainEntityOfPage":{"@id":"https:\/\/vieassociative.be\/actualites\/comment-le-casque-galaxy-xr-de-samsung-se-compare-a-apple-vision-pro-et-meta-quest-3\/"},"wordCount":651,"publisher":{"@id":"https:\/\/vieassociative.be\/actualites\/#organization"},"image":{"@id":"https:\/\/vieassociative.be\/actualites\/comment-le-casque-galaxy-xr-de-samsung-se-compare-a-apple-vision-pro-et-meta-quest-3\/#primaryimage"},"thumbnailUrl":"https:\/\/vieassociative.be\/actualites\/wp-content\/uploads\/2025\/10\/Comment-le-casque-Galaxy-XR-de-Samsung-se-compare-a.png","keywords":["Apple","casque","Comment","compare","Galaxy","Meta","Pro","Quest","Samsung","Vision"],"articleSection":["Technologie"],"inLanguage":"fr-BE"},{"@type":"WebPage","@id":"https:\/\/vieassociative.be\/actualites\/comment-le-casque-galaxy-xr-de-samsung-se-compare-a-apple-vision-pro-et-meta-quest-3\/","url":"https:\/\/vieassociative.be\/actualites\/comment-le-casque-galaxy-xr-de-samsung-se-compare-a-apple-vision-pro-et-meta-quest-3\/","name":"Comment le casque Galaxy XR de Samsung se compare \u00e0 Apple Vision Pro et Meta Quest 3 | Vie Associative","isPartOf":{"@id":"https:\/\/vieassociative.be\/actualites\/#website"},"primaryImageOfPage":{"@id":"https:\/\/vieassociative.be\/actualites\/comment-le-casque-galaxy-xr-de-samsung-se-compare-a-apple-vision-pro-et-meta-quest-3\/#primaryimage"},"image":{"@id":"https:\/\/vieassociative.be\/actualites\/comment-le-casque-galaxy-xr-de-samsung-se-compare-a-apple-vision-pro-et-meta-quest-3\/#primaryimage"},"thumbnailUrl":"https:\/\/vieassociative.be\/actualites\/wp-content\/uploads\/2025\/10\/Comment-le-casque-Galaxy-XR-de-Samsung-se-compare-a.png","datePublished":"2025-10-23T07:17:57+00:00","dateModified":"2025-10-23T07:17:57+00:00","breadcrumb":{"@id":"https:\/\/vieassociative.be\/actualites\/comment-le-casque-galaxy-xr-de-samsung-se-compare-a-apple-vision-pro-et-meta-quest-3\/#breadcrumb"},"inLanguage":"fr-BE","potentialAction":[{"@type":"ReadAction","target":["https:\/\/vieassociative.be\/actualites\/comment-le-casque-galaxy-xr-de-samsung-se-compare-a-apple-vision-pro-et-meta-quest-3\/"]}]},{"@type":"ImageObject","inLanguage":"fr-BE","@id":"https:\/\/vieassociative.be\/actualites\/comment-le-casque-galaxy-xr-de-samsung-se-compare-a-apple-vision-pro-et-meta-quest-3\/#primaryimage","url":"https:\/\/vieassociative.be\/actualites\/wp-content\/uploads\/2025\/10\/Comment-le-casque-Galaxy-XR-de-Samsung-se-compare-a.png","contentUrl":"https:\/\/vieassociative.be\/actualites\/wp-content\/uploads\/2025\/10\/Comment-le-casque-Galaxy-XR-de-Samsung-se-compare-a.png","width":1200,"height":675,"caption":"Comment le casque Galaxy XR de Samsung se compare \u00e0 Apple Vision Pro et Meta Quest 3"},{"@type":"BreadcrumbList","@id":"https:\/\/vieassociative.be\/actualites\/comment-le-casque-galaxy-xr-de-samsung-se-compare-a-apple-vision-pro-et-meta-quest-3\/#breadcrumb","itemListElement":[{"@type":"ListItem","position":1,"name":"Accueil","item":"https:\/\/vieassociative.be\/actualites\/"},{"@type":"ListItem","position":2,"name":"Comment le casque Galaxy XR de Samsung se compare \u00e0 Apple Vision Pro et Meta Quest 3"}]},{"@type":"WebSite","@id":"https:\/\/vieassociative.be\/actualites\/#website","url":"https:\/\/vieassociative.be\/actualites\/","name":"Vie Associative","description":"","publisher":{"@id":"https:\/\/vieassociative.be\/actualites\/#organization"},"potentialAction":[{"@type":"SearchAction","target":{"@type":"EntryPoint","urlTemplate":"https:\/\/vieassociative.be\/actualites\/?s={search_term_string}"},"query-input":{"@type":"PropertyValueSpecification","valueRequired":true,"valueName":"search_term_string"}}],"inLanguage":"fr-BE"},{"@type":"Organization","@id":"https:\/\/vieassociative.be\/actualites\/#organization","name":"Vie Associative","url":"https:\/\/vieassociative.be\/actualites\/","logo":{"@type":"ImageObject","inLanguage":"fr-BE","@id":"https:\/\/vieassociative.be\/actualites\/#\/schema\/logo\/image\/","url":"https:\/\/vieassociative.be\/actualites\/wp-content\/uploads\/2024\/09\/cropped-vieassociative_favicon.ico.png","contentUrl":"https:\/\/vieassociative.be\/actualites\/wp-content\/uploads\/2024\/09\/cropped-vieassociative_favicon.ico.png","width":512,"height":512,"caption":"Vie Associative"},"image":{"@id":"https:\/\/vieassociative.be\/actualites\/#\/schema\/logo\/image\/"}},{"@type":"Person","@id":"https:\/\/vieassociative.be\/actualites\/#\/schema\/person\/b87ac4f82f9d4e7b7cec7395b679edc4","name":"Julien","image":{"@type":"ImageObject","inLanguage":"fr-BE","@id":"https:\/\/vieassociative.be\/actualites\/#\/schema\/person\/image\/","url":"https:\/\/vieassociative.be\/actualites\/wp-content\/uploads\/2024\/09\/vie-associative-1-150x150.jpg","contentUrl":"https:\/\/vieassociative.be\/actualites\/wp-content\/uploads\/2024\/09\/vie-associative-1-150x150.jpg","caption":"Julien"},"description":"Je suis Julien, r\u00e9dacteur pour Vie Associative. Passionn\u00e9 par le monde associatif depuis plus de 10 ans, j'ai \u00e0 c\u0153ur de partager des histoires inspirantes et de mettre en lumi\u00e8re les initiatives locales. Mon objectif est de sensibiliser et d'encourager l'engagement communautaire \u00e0 travers mes articles.","sameAs":["https:\/\/vieassociative.be\/"]}]}},"_links":{"self":[{"href":"https:\/\/vieassociative.be\/actualites\/wp-json\/wp\/v2\/posts\/10843"}],"collection":[{"href":"https:\/\/vieassociative.be\/actualites\/wp-json\/wp\/v2\/posts"}],"about":[{"href":"https:\/\/vieassociative.be\/actualites\/wp-json\/wp\/v2\/types\/post"}],"author":[{"embeddable":true,"href":"https:\/\/vieassociative.be\/actualites\/wp-json\/wp\/v2\/users\/1"}],"replies":[{"embeddable":true,"href":"https:\/\/vieassociative.be\/actualites\/wp-json\/wp\/v2\/comments?post=10843"}],"version-history":[{"count":0,"href":"https:\/\/vieassociative.be\/actualites\/wp-json\/wp\/v2\/posts\/10843\/revisions"}],"wp:featuredmedia":[{"embeddable":true,"href":"https:\/\/vieassociative.be\/actualites\/wp-json\/wp\/v2\/media\/10844"}],"wp:attachment":[{"href":"https:\/\/vieassociative.be\/actualites\/wp-json\/wp\/v2\/media?parent=10843"}],"wp:term":[{"taxonomy":"category","embeddable":true,"href":"https:\/\/vieassociative.be\/actualites\/wp-json\/wp\/v2\/categories?post=10843"},{"taxonomy":"post_tag","embeddable":true,"href":"https:\/\/vieassociative.be\/actualites\/wp-json\/wp\/v2\/tags?post=10843"}],"curies":[{"name":"wp","href":"https:\/\/api.w.org\/{rel}","templated":true}]}}