{"id":10839,"date":"2025-10-23T04:17:35","date_gmt":"2025-10-23T02:17:35","guid":{"rendered":"https:\/\/vieassociative.be\/actualites\/fc-bruges-sans-chance-le-fc-bayern-gagne-4-0\/"},"modified":"2025-10-23T04:17:35","modified_gmt":"2025-10-23T02:17:35","slug":"fc-bruges-sans-chance-le-fc-bayern-gagne-4-0","status":"publish","type":"post","link":"https:\/\/vieassociative.be\/actualites\/fc-bruges-sans-chance-le-fc-bayern-gagne-4-0\/","title":{"rendered":"FC Bruges sans chance \u2013 Le FC Bayern gagne 4-0"},"content":{"rendered":"<p><strong>Munich ne montre toujours aucune faiblesse en Ligue des champions. Le FC Bruges n&rsquo;a aucune chance et ne peut m\u00eame pas cr\u00e9er de surprise.<\/strong><\/p>\n<p><span id=\"more-427841\"><\/span>Avec une aisance ludique, le FC Bayern Munich a compl\u00e9t\u00e9 la douzi\u00e8me victoire lors du douzi\u00e8me match de la saison. Apr\u00e8s la victoire 4-0 contre le FC Bruges, les champions allemands du record peuvent se r\u00e9jouir de la rencontre des g\u00e9ants avec le champion en titre du Paris Saint-Germain dans deux semaines avec une confiance en soi maximale. Les leaders du championnat ont \u00e9galement d\u00e9but\u00e9 avec neuf points.<\/p>\n<p>Les buts du Bayern ont \u00e9t\u00e9 marqu\u00e9s devant 75 000 spectateurs dans une Allianz Arena \u00e0 guichets ferm\u00e9s par le d\u00e9butant Lennart Karl (5e minute), les grands joueurs confirm\u00e9s Harry Kane (14e) et Luis D\u00edaz (34e) et, peu apr\u00e8s son remplacement, l&rsquo;attaquant Nicolas Jackson (79e). Il y avait aussi un tir sur le poteau d&rsquo;Aleksandar Pavlovic (10e).<\/p>\n<div id=\"attachment_427860\" class=\"wp-caption alignleft\" style=\"max-width: 300px\"><img fetchpriority=\"high\" decoding=\"async\" class=\"wp-image-427860 size-medium\" src=\"https:\/\/vieassociative.be\/actualites\/wp-content\/uploads\/2025\/10\/FC-Bruges-sans-chance-\u2013-Le-FC-Bayern-gagne-4-0.jpg\" alt=\"\" width=\"300\" height=\"193\"><\/div>\n<p>Au lendemain de la prolongation de son contrat jusqu&rsquo;en 2029, l&rsquo;entra\u00eeneur Vincent Kompany a vu le moment de lib\u00e9rer le jeune Karl sur la grande sc\u00e8ne europ\u00e9enne. Le joueur de 17 ans a \u00e9t\u00e9 autoris\u00e9 \u00e0 jouer en dixi\u00e8me position pour Serge Gnabry, toujours malade. \u00ab\u00a0Il s&rsquo;est bien entra\u00een\u00e9. Son profil peut nous aider. Lennart est toujours une menace pour le but\u00a0\u00bb, a expliqu\u00e9 Kompany avant le coup d&rsquo;envoi sur le service de streaming DAZN. Il n\u2019a pas fallu longtemps \u00e0 Karl pour mettre en pratique les paroles de son entra\u00eeneur.<\/p>\n<p>Le jeune s&rsquo;est envol\u00e9 avec le ballon apr\u00e8s une passe de Jonathan Tah. Il a d\u00e9plac\u00e9 quatre adversaires et a fait le tour du ballon, frappant le coin sup\u00e9rieur droit avec son pied gauche puissant \u00e0 une bonne distance de 18 m\u00e8tres. Karl applaudit avec exub\u00e9rance.<\/p>\n<p>Le talent offensif est d\u00e9sormais le plus jeune buteur de premi\u00e8re classe du FC Bayern. Karl a remplac\u00e9 Jamal Musiala, qui avait \u00e9galement 17 ans lorsqu&rsquo;il a marqu\u00e9 son premier but en Ligue des champions contre la Lazio, mais quatre mois de plus. Int\u00e9ressant : Karl a marqu\u00e9 sous le maillot 42, qui \u00e9tait \u00e9galement le num\u00e9ro de Musiala au stade olympique de Rome en f\u00e9vrier 2021.<\/p>\n<div id=\"attachment_427859\" class=\"wp-caption alignleft\" style=\"max-width: 300px\"><img decoding=\"async\" class=\"wp-image-427859 size-medium\" src=\"https:\/\/vieassociative.be\/actualites\/wp-content\/uploads\/2025\/10\/1761185855_104_FC-Bruges-sans-chance-\u2013-Le-FC-Bayern-gagne-4-0.jpg\" alt=\"\" width=\"300\" height=\"198\"><\/div>\n<p>Inspir\u00e9 par le premier but des professionnels du Bayern, Karl a r\u00e9alis\u00e9 plusieurs autres bonnes sc\u00e8nes. \u00c0 la 31e minute, il a rat\u00e9 de peu un deuxi\u00e8me but d&rsquo;un tir bas. Lorsque Karl a \u00e9t\u00e9 remplac\u00e9 \u00e0 la 69e minute, il a re\u00e7u de nombreux applaudissements. L&rsquo;\u00e9quipe locale s&rsquo;est d\u00e9velopp\u00e9e rapidement au cours de sa premi\u00e8re ann\u00e9e en tant que professionnel.<\/p>\n<p>En marge, Kompany a non seulement appr\u00e9ci\u00e9 Karl, mais aussi une autre performance sans faute de son \u00e9quipe dans ce qui \u00e9tait un duel important pour l&rsquo;entra\u00eeneur belge contre une \u00e9quipe de son pays d&rsquo;origine. Kompany \u00e9tait autrefois joueur et entra\u00eeneur du RSC Anderlecht \u2013 et le FC Bruges est le grand rival du champion de Belgique du record.<\/p>\n<p><strong>\u2013 Le 20\u00e8me but de Kane de la saison :<\/strong> Le vice-champion belge n&rsquo;\u00e9tait qu&rsquo;un sparring-partenaire du Bayern. Karl et Cie ont pu laisser courir le ballon et n&rsquo;ont pratiquement pas \u00e9t\u00e9 d\u00e9rang\u00e9s lorsqu&rsquo;ils ont marqu\u00e9 des buts. Konrad Laimer a servi Kane pour porter le score \u00e0 2-0, qui a pouss\u00e9 le ballon au-del\u00e0 de la ligne pour son 20e but de la saison.<\/p>\n<p>Luis D\u00edaz a frapp\u00e9 le ballon depuis la moiti\u00e9 gauche, au-dessus des poings du gardien Nordin Jackers et sous la barre transversale. Le gardien belge y avait l&rsquo;air mal. Mais il a aussi v\u00e9cu des sc\u00e8nes fortes, par exemple contre Kane (58e) ou Jackson (76e). Mais d\u00e8s le d\u00e9but, l&rsquo;enjeu \u00e9tait de savoir quelle serait la hauteur de la prochaine victoire du Bayern. <\/p>\n<p>Au classement, le FC Bayern occupe la deuxi\u00e8me place apr\u00e8s trois matchs sur huit, \u00e0 \u00e9galit\u00e9 de points avec le Paris Saint-Germain, l&rsquo;Inter Milan, Arsenal et le Real Madrid. Le FC Bruges (20\u00e8me place) et l&rsquo;Union Saint-Gilloise (24\u00e8me place) se sont qualifi\u00e9s de justesse pour les playoffs (places 9 \u00e0 24) aujourd&rsquo;hui. (dpa\/cr\u00e9)<\/p>\n<p><strong><em>Sur le sujet, voir aussi l&rsquo;article suivant sur l&rsquo;OD :<\/em><\/strong><\/p>\n<div class=\"responsive-embed widescreen\">\n<blockquote class=\"wp-embedded-content\" data-secret=\"2Yc0RW7zZN\">\n<p>0:4 contre l&rsquo;Inter : la Saint-Gilloise ne parvient pas \u00e0 marquer dans un premier temps et est ensuite s\u00e9v\u00e8rement punie<\/p>\n<\/blockquote>\n<p><iframe loading=\"lazy\" class=\"wp-embedded-content\" sandbox=\"allow-scripts\" security=\"restricted\" style=\"position: absolute; visibility: hidden;\" title=\"\u201e0:4 gegen Inter: Saint-Gilloise trifft anfangs das Tor nicht und wird in der Folge hart bestraft\u201c \u2014 Ostbelgien Direkt\" src=\"https:\/\/ostbelgiendirekt.be\/about:blank\" data-secret=\"2Yc0RW7zZN\" width=\"500\" height=\"282\" frameborder=\"0\" marginwidth=\"0\" marginheight=\"0\" scrolling=\"no\" data-rocket-lazyload=\"fitvidscompatible\" data-lazy-src=\"https:\/\/ostbelgiendirekt.be\/union-hart-bestraft-427776\/embed#?secret=2nVIdI7hNH#?secret=2Yc0RW7zZN\"><\/iframe><noscript><iframe class=\"wp-embedded-content\" sandbox=\"allow-scripts\" security=\"restricted\" style=\"position: absolute; visibility: hidden;\" title=\"\u201e0:4 gegen Inter: Saint-Gilloise trifft anfangs das Tor nicht und wird in der Folge hart bestraft\u201c \u2014 Ostbelgien Direkt\" src=\"https:\/\/ostbelgiendirekt.be\/union-hart-bestraft-427776\/embed#?secret=2nVIdI7hNH#?secret=2Yc0RW7zZN\" data-secret=\"2Yc0RW7zZN\" width=\"500\" height=\"282\" frameborder=\"0\" marginwidth=\"0\" marginheight=\"0\" scrolling=\"no\"><\/iframe><\/noscript><\/p>\n<\/div>\n","protected":false},"excerpt":{"rendered":"<p>Munich ne montre toujours aucune faiblesse en Ligue des champions. Le FC Bruges n&rsquo;a aucune chance et ne peut m\u00eame pas cr\u00e9er de surprise. Avec<\/p>\n","protected":false},"author":1,"featured_media":10840,"comment_status":"","ping_status":"","sticky":false,"template":"","format":"standard","meta":{"footnotes":""},"categories":[298],"tags":[2298,2851,5810,2299,130],"class_list":["post-10839","post","type-post","status-publish","format-standard","has-post-thumbnail","hentry","category-belgique","tag-bayern","tag-bruges","tag-chance","tag-gagne","tag-sans","generate-columns","tablet-grid-50","mobile-grid-100","grid-parent","grid-33"],"yoast_head":"<!-- This site is optimized with the Yoast SEO plugin v24.0 - https:\/\/yoast.com\/wordpress\/plugins\/seo\/ -->\n<title>FC Bruges sans chance \u2013 Le FC Bayern gagne 4-0 | Vie Associative<\/title>\n<meta name=\"robots\" content=\"index, follow, max-snippet:-1, max-image-preview:large, max-video-preview:-1\" \/>\n<link rel=\"canonical\" href=\"https:\/\/vieassociative.be\/actualites\/fc-bruges-sans-chance-le-fc-bayern-gagne-4-0\/\" \/>\n<meta property=\"og:locale\" content=\"fr_FR\" \/>\n<meta property=\"og:type\" content=\"article\" \/>\n<meta property=\"og:title\" content=\"FC Bruges sans chance \u2013 Le FC Bayern gagne 4-0 | Vie Associative\" \/>\n<meta property=\"og:description\" content=\"Munich ne montre toujours aucune faiblesse en Ligue des champions. Le FC Bruges n&rsquo;a aucune chance et ne peut m\u00eame pas cr\u00e9er de surprise. Avec\" \/>\n<meta property=\"og:url\" content=\"https:\/\/vieassociative.be\/actualites\/fc-bruges-sans-chance-le-fc-bayern-gagne-4-0\/\" \/>\n<meta property=\"og:site_name\" content=\"Vie Associative\" \/>\n<meta property=\"article:published_time\" content=\"2025-10-23T02:17:35+00:00\" \/>\n<meta property=\"og:image\" content=\"https:\/\/vieassociative.be\/actualites\/wp-content\/uploads\/2024\/09\/header_backgroundk-01-e1726694325946.png\" \/>\n\t<meta property=\"og:image:width\" content=\"279\" \/>\n\t<meta property=\"og:image:height\" content=\"92\" \/>\n\t<meta property=\"og:image:type\" content=\"image\/png\" \/>\n<meta name=\"author\" content=\"Julien\" \/>\n<meta name=\"twitter:card\" content=\"summary_large_image\" \/>\n<meta name=\"twitter:label1\" content=\"\u00c9crit par\" \/>\n\t<meta name=\"twitter:data1\" content=\"Julien\" \/>\n\t<meta name=\"twitter:label2\" content=\"Dur\u00e9e de lecture est.\" \/>\n\t<meta name=\"twitter:data2\" content=\"4 minutes\" \/>\n<script type=\"application\/ld+json\" class=\"yoast-schema-graph\">{\"@context\":\"https:\/\/schema.org\",\"@graph\":[{\"@type\":\"Article\",\"@id\":\"https:\/\/vieassociative.be\/actualites\/fc-bruges-sans-chance-le-fc-bayern-gagne-4-0\/#article\",\"isPartOf\":{\"@id\":\"https:\/\/vieassociative.be\/actualites\/fc-bruges-sans-chance-le-fc-bayern-gagne-4-0\/\"},\"author\":{\"name\":\"Julien\",\"@id\":\"https:\/\/vieassociative.be\/actualites\/#\/schema\/person\/b87ac4f82f9d4e7b7cec7395b679edc4\"},\"headline\":\"FC Bruges sans chance \u2013 Le FC Bayern gagne 4-0\",\"datePublished\":\"2025-10-23T02:17:35+00:00\",\"dateModified\":\"2025-10-23T02:17:35+00:00\",\"mainEntityOfPage\":{\"@id\":\"https:\/\/vieassociative.be\/actualites\/fc-bruges-sans-chance-le-fc-bayern-gagne-4-0\/\"},\"wordCount\":749,\"publisher\":{\"@id\":\"https:\/\/vieassociative.be\/actualites\/#organization\"},\"image\":{\"@id\":\"https:\/\/vieassociative.be\/actualites\/fc-bruges-sans-chance-le-fc-bayern-gagne-4-0\/#primaryimage\"},\"thumbnailUrl\":\"https:\/\/vieassociative.be\/actualites\/wp-content\/uploads\/2025\/10\/1761185856_FC-Bruges-sans-chance-\u2013-Le-FC-Bayern-gagne-4-0.jpg\",\"keywords\":[\"Bayern\",\"Bruges\",\"chance\",\"gagn\u00e9\",\"sans\"],\"articleSection\":[\"Belgique\"],\"inLanguage\":\"fr-BE\"},{\"@type\":\"WebPage\",\"@id\":\"https:\/\/vieassociative.be\/actualites\/fc-bruges-sans-chance-le-fc-bayern-gagne-4-0\/\",\"url\":\"https:\/\/vieassociative.be\/actualites\/fc-bruges-sans-chance-le-fc-bayern-gagne-4-0\/\",\"name\":\"FC Bruges sans chance \u2013 Le FC Bayern gagne 4-0 | Vie Associative\",\"isPartOf\":{\"@id\":\"https:\/\/vieassociative.be\/actualites\/#website\"},\"primaryImageOfPage\":{\"@id\":\"https:\/\/vieassociative.be\/actualites\/fc-bruges-sans-chance-le-fc-bayern-gagne-4-0\/#primaryimage\"},\"image\":{\"@id\":\"https:\/\/vieassociative.be\/actualites\/fc-bruges-sans-chance-le-fc-bayern-gagne-4-0\/#primaryimage\"},\"thumbnailUrl\":\"https:\/\/vieassociative.be\/actualites\/wp-content\/uploads\/2025\/10\/1761185856_FC-Bruges-sans-chance-\u2013-Le-FC-Bayern-gagne-4-0.jpg\",\"datePublished\":\"2025-10-23T02:17:35+00:00\",\"dateModified\":\"2025-10-23T02:17:35+00:00\",\"breadcrumb\":{\"@id\":\"https:\/\/vieassociative.be\/actualites\/fc-bruges-sans-chance-le-fc-bayern-gagne-4-0\/#breadcrumb\"},\"inLanguage\":\"fr-BE\",\"potentialAction\":[{\"@type\":\"ReadAction\",\"target\":[\"https:\/\/vieassociative.be\/actualites\/fc-bruges-sans-chance-le-fc-bayern-gagne-4-0\/\"]}]},{\"@type\":\"ImageObject\",\"inLanguage\":\"fr-BE\",\"@id\":\"https:\/\/vieassociative.be\/actualites\/fc-bruges-sans-chance-le-fc-bayern-gagne-4-0\/#primaryimage\",\"url\":\"https:\/\/vieassociative.be\/actualites\/wp-content\/uploads\/2025\/10\/1761185856_FC-Bruges-sans-chance-\u2013-Le-FC-Bayern-gagne-4-0.jpg\",\"contentUrl\":\"https:\/\/vieassociative.be\/actualites\/wp-content\/uploads\/2025\/10\/1761185856_FC-Bruges-sans-chance-\u2013-Le-FC-Bayern-gagne-4-0.jpg\",\"width\":1200,\"height\":800,\"caption\":\"FC Bruges sans chance \u2013 Le FC Bayern gagne 4-0\"},{\"@type\":\"BreadcrumbList\",\"@id\":\"https:\/\/vieassociative.be\/actualites\/fc-bruges-sans-chance-le-fc-bayern-gagne-4-0\/#breadcrumb\",\"itemListElement\":[{\"@type\":\"ListItem\",\"position\":1,\"name\":\"Accueil\",\"item\":\"https:\/\/vieassociative.be\/actualites\/\"},{\"@type\":\"ListItem\",\"position\":2,\"name\":\"FC Bruges sans chance \u2013 Le FC Bayern gagne 4-0\"}]},{\"@type\":\"WebSite\",\"@id\":\"https:\/\/vieassociative.be\/actualites\/#website\",\"url\":\"https:\/\/vieassociative.be\/actualites\/\",\"name\":\"Vie Associative\",\"description\":\"\",\"publisher\":{\"@id\":\"https:\/\/vieassociative.be\/actualites\/#organization\"},\"potentialAction\":[{\"@type\":\"SearchAction\",\"target\":{\"@type\":\"EntryPoint\",\"urlTemplate\":\"https:\/\/vieassociative.be\/actualites\/?s={search_term_string}\"},\"query-input\":{\"@type\":\"PropertyValueSpecification\",\"valueRequired\":true,\"valueName\":\"search_term_string\"}}],\"inLanguage\":\"fr-BE\"},{\"@type\":\"Organization\",\"@id\":\"https:\/\/vieassociative.be\/actualites\/#organization\",\"name\":\"Vie Associative\",\"url\":\"https:\/\/vieassociative.be\/actualites\/\",\"logo\":{\"@type\":\"ImageObject\",\"inLanguage\":\"fr-BE\",\"@id\":\"https:\/\/vieassociative.be\/actualites\/#\/schema\/logo\/image\/\",\"url\":\"https:\/\/vieassociative.be\/actualites\/wp-content\/uploads\/2024\/09\/cropped-vieassociative_favicon.ico.png\",\"contentUrl\":\"https:\/\/vieassociative.be\/actualites\/wp-content\/uploads\/2024\/09\/cropped-vieassociative_favicon.ico.png\",\"width\":512,\"height\":512,\"caption\":\"Vie Associative\"},\"image\":{\"@id\":\"https:\/\/vieassociative.be\/actualites\/#\/schema\/logo\/image\/\"}},{\"@type\":\"Person\",\"@id\":\"https:\/\/vieassociative.be\/actualites\/#\/schema\/person\/b87ac4f82f9d4e7b7cec7395b679edc4\",\"name\":\"Julien\",\"image\":{\"@type\":\"ImageObject\",\"inLanguage\":\"fr-BE\",\"@id\":\"https:\/\/vieassociative.be\/actualites\/#\/schema\/person\/image\/\",\"url\":\"https:\/\/vieassociative.be\/actualites\/wp-content\/uploads\/2024\/09\/vie-associative-1-150x150.jpg\",\"contentUrl\":\"https:\/\/vieassociative.be\/actualites\/wp-content\/uploads\/2024\/09\/vie-associative-1-150x150.jpg\",\"caption\":\"Julien\"},\"description\":\"Je suis Julien, r\u00e9dacteur pour Vie Associative. Passionn\u00e9 par le monde associatif depuis plus de 10 ans, j'ai \u00e0 c\u0153ur de partager des histoires inspirantes et de mettre en lumi\u00e8re les initiatives locales. Mon objectif est de sensibiliser et d'encourager l'engagement communautaire \u00e0 travers mes articles.\",\"sameAs\":[\"https:\/\/vieassociative.be\/\"]}]}<\/script>\n<!-- \/ Yoast SEO plugin. -->","yoast_head_json":{"title":"FC Bruges sans chance \u2013 Le FC Bayern gagne 4-0 | Vie Associative","robots":{"index":"index","follow":"follow","max-snippet":"max-snippet:-1","max-image-preview":"max-image-preview:large","max-video-preview":"max-video-preview:-1"},"canonical":"https:\/\/vieassociative.be\/actualites\/fc-bruges-sans-chance-le-fc-bayern-gagne-4-0\/","og_locale":"fr_FR","og_type":"article","og_title":"FC Bruges sans chance \u2013 Le FC Bayern gagne 4-0 | Vie Associative","og_description":"Munich ne montre toujours aucune faiblesse en Ligue des champions. Le FC Bruges n&rsquo;a aucune chance et ne peut m\u00eame pas cr\u00e9er de surprise. Avec","og_url":"https:\/\/vieassociative.be\/actualites\/fc-bruges-sans-chance-le-fc-bayern-gagne-4-0\/","og_site_name":"Vie Associative","article_published_time":"2025-10-23T02:17:35+00:00","og_image":[{"width":279,"height":92,"url":"https:\/\/vieassociative.be\/actualites\/wp-content\/uploads\/2024\/09\/header_backgroundk-01-e1726694325946.png","type":"image\/png"}],"author":"Julien","twitter_card":"summary_large_image","twitter_misc":{"\u00c9crit par":"Julien","Dur\u00e9e de lecture est.":"4 minutes"},"schema":{"@context":"https:\/\/schema.org","@graph":[{"@type":"Article","@id":"https:\/\/vieassociative.be\/actualites\/fc-bruges-sans-chance-le-fc-bayern-gagne-4-0\/#article","isPartOf":{"@id":"https:\/\/vieassociative.be\/actualites\/fc-bruges-sans-chance-le-fc-bayern-gagne-4-0\/"},"author":{"name":"Julien","@id":"https:\/\/vieassociative.be\/actualites\/#\/schema\/person\/b87ac4f82f9d4e7b7cec7395b679edc4"},"headline":"FC Bruges sans chance \u2013 Le FC Bayern gagne 4-0","datePublished":"2025-10-23T02:17:35+00:00","dateModified":"2025-10-23T02:17:35+00:00","mainEntityOfPage":{"@id":"https:\/\/vieassociative.be\/actualites\/fc-bruges-sans-chance-le-fc-bayern-gagne-4-0\/"},"wordCount":749,"publisher":{"@id":"https:\/\/vieassociative.be\/actualites\/#organization"},"image":{"@id":"https:\/\/vieassociative.be\/actualites\/fc-bruges-sans-chance-le-fc-bayern-gagne-4-0\/#primaryimage"},"thumbnailUrl":"https:\/\/vieassociative.be\/actualites\/wp-content\/uploads\/2025\/10\/1761185856_FC-Bruges-sans-chance-\u2013-Le-FC-Bayern-gagne-4-0.jpg","keywords":["Bayern","Bruges","chance","gagn\u00e9","sans"],"articleSection":["Belgique"],"inLanguage":"fr-BE"},{"@type":"WebPage","@id":"https:\/\/vieassociative.be\/actualites\/fc-bruges-sans-chance-le-fc-bayern-gagne-4-0\/","url":"https:\/\/vieassociative.be\/actualites\/fc-bruges-sans-chance-le-fc-bayern-gagne-4-0\/","name":"FC Bruges sans chance \u2013 Le FC Bayern gagne 4-0 | Vie Associative","isPartOf":{"@id":"https:\/\/vieassociative.be\/actualites\/#website"},"primaryImageOfPage":{"@id":"https:\/\/vieassociative.be\/actualites\/fc-bruges-sans-chance-le-fc-bayern-gagne-4-0\/#primaryimage"},"image":{"@id":"https:\/\/vieassociative.be\/actualites\/fc-bruges-sans-chance-le-fc-bayern-gagne-4-0\/#primaryimage"},"thumbnailUrl":"https:\/\/vieassociative.be\/actualites\/wp-content\/uploads\/2025\/10\/1761185856_FC-Bruges-sans-chance-\u2013-Le-FC-Bayern-gagne-4-0.jpg","datePublished":"2025-10-23T02:17:35+00:00","dateModified":"2025-10-23T02:17:35+00:00","breadcrumb":{"@id":"https:\/\/vieassociative.be\/actualites\/fc-bruges-sans-chance-le-fc-bayern-gagne-4-0\/#breadcrumb"},"inLanguage":"fr-BE","potentialAction":[{"@type":"ReadAction","target":["https:\/\/vieassociative.be\/actualites\/fc-bruges-sans-chance-le-fc-bayern-gagne-4-0\/"]}]},{"@type":"ImageObject","inLanguage":"fr-BE","@id":"https:\/\/vieassociative.be\/actualites\/fc-bruges-sans-chance-le-fc-bayern-gagne-4-0\/#primaryimage","url":"https:\/\/vieassociative.be\/actualites\/wp-content\/uploads\/2025\/10\/1761185856_FC-Bruges-sans-chance-\u2013-Le-FC-Bayern-gagne-4-0.jpg","contentUrl":"https:\/\/vieassociative.be\/actualites\/wp-content\/uploads\/2025\/10\/1761185856_FC-Bruges-sans-chance-\u2013-Le-FC-Bayern-gagne-4-0.jpg","width":1200,"height":800,"caption":"FC Bruges sans chance \u2013 Le FC Bayern gagne 4-0"},{"@type":"BreadcrumbList","@id":"https:\/\/vieassociative.be\/actualites\/fc-bruges-sans-chance-le-fc-bayern-gagne-4-0\/#breadcrumb","itemListElement":[{"@type":"ListItem","position":1,"name":"Accueil","item":"https:\/\/vieassociative.be\/actualites\/"},{"@type":"ListItem","position":2,"name":"FC Bruges sans chance \u2013 Le FC Bayern gagne 4-0"}]},{"@type":"WebSite","@id":"https:\/\/vieassociative.be\/actualites\/#website","url":"https:\/\/vieassociative.be\/actualites\/","name":"Vie Associative","description":"","publisher":{"@id":"https:\/\/vieassociative.be\/actualites\/#organization"},"potentialAction":[{"@type":"SearchAction","target":{"@type":"EntryPoint","urlTemplate":"https:\/\/vieassociative.be\/actualites\/?s={search_term_string}"},"query-input":{"@type":"PropertyValueSpecification","valueRequired":true,"valueName":"search_term_string"}}],"inLanguage":"fr-BE"},{"@type":"Organization","@id":"https:\/\/vieassociative.be\/actualites\/#organization","name":"Vie Associative","url":"https:\/\/vieassociative.be\/actualites\/","logo":{"@type":"ImageObject","inLanguage":"fr-BE","@id":"https:\/\/vieassociative.be\/actualites\/#\/schema\/logo\/image\/","url":"https:\/\/vieassociative.be\/actualites\/wp-content\/uploads\/2024\/09\/cropped-vieassociative_favicon.ico.png","contentUrl":"https:\/\/vieassociative.be\/actualites\/wp-content\/uploads\/2024\/09\/cropped-vieassociative_favicon.ico.png","width":512,"height":512,"caption":"Vie Associative"},"image":{"@id":"https:\/\/vieassociative.be\/actualites\/#\/schema\/logo\/image\/"}},{"@type":"Person","@id":"https:\/\/vieassociative.be\/actualites\/#\/schema\/person\/b87ac4f82f9d4e7b7cec7395b679edc4","name":"Julien","image":{"@type":"ImageObject","inLanguage":"fr-BE","@id":"https:\/\/vieassociative.be\/actualites\/#\/schema\/person\/image\/","url":"https:\/\/vieassociative.be\/actualites\/wp-content\/uploads\/2024\/09\/vie-associative-1-150x150.jpg","contentUrl":"https:\/\/vieassociative.be\/actualites\/wp-content\/uploads\/2024\/09\/vie-associative-1-150x150.jpg","caption":"Julien"},"description":"Je suis Julien, r\u00e9dacteur pour Vie Associative. Passionn\u00e9 par le monde associatif depuis plus de 10 ans, j'ai \u00e0 c\u0153ur de partager des histoires inspirantes et de mettre en lumi\u00e8re les initiatives locales. Mon objectif est de sensibiliser et d'encourager l'engagement communautaire \u00e0 travers mes articles.","sameAs":["https:\/\/vieassociative.be\/"]}]}},"_links":{"self":[{"href":"https:\/\/vieassociative.be\/actualites\/wp-json\/wp\/v2\/posts\/10839"}],"collection":[{"href":"https:\/\/vieassociative.be\/actualites\/wp-json\/wp\/v2\/posts"}],"about":[{"href":"https:\/\/vieassociative.be\/actualites\/wp-json\/wp\/v2\/types\/post"}],"author":[{"embeddable":true,"href":"https:\/\/vieassociative.be\/actualites\/wp-json\/wp\/v2\/users\/1"}],"replies":[{"embeddable":true,"href":"https:\/\/vieassociative.be\/actualites\/wp-json\/wp\/v2\/comments?post=10839"}],"version-history":[{"count":0,"href":"https:\/\/vieassociative.be\/actualites\/wp-json\/wp\/v2\/posts\/10839\/revisions"}],"wp:featuredmedia":[{"embeddable":true,"href":"https:\/\/vieassociative.be\/actualites\/wp-json\/wp\/v2\/media\/10840"}],"wp:attachment":[{"href":"https:\/\/vieassociative.be\/actualites\/wp-json\/wp\/v2\/media?parent=10839"}],"wp:term":[{"taxonomy":"category","embeddable":true,"href":"https:\/\/vieassociative.be\/actualites\/wp-json\/wp\/v2\/categories?post=10839"},{"taxonomy":"post_tag","embeddable":true,"href":"https:\/\/vieassociative.be\/actualites\/wp-json\/wp\/v2\/tags?post=10839"}],"curies":[{"name":"wp","href":"https:\/\/api.w.org\/{rel}","templated":true}]}}