{"id":10835,"date":"2025-10-22T22:17:05","date_gmt":"2025-10-22T20:17:05","guid":{"rendered":"https:\/\/vieassociative.be\/actualites\/lentraineur-kompany-a-prolonge-anticipe-son-contrat-avec-le-fc-bayern\/"},"modified":"2025-10-22T22:17:05","modified_gmt":"2025-10-22T20:17:05","slug":"lentraineur-kompany-a-prolonge-anticipe-son-contrat-avec-le-fc-bayern","status":"publish","type":"post","link":"https:\/\/vieassociative.be\/actualites\/lentraineur-kompany-a-prolonge-anticipe-son-contrat-avec-le-fc-bayern\/","title":{"rendered":"L&rsquo;entra\u00eeneur Kompany a prolong\u00e9 anticip\u00e9 son contrat avec le FC Bayern"},"content":{"rendered":"<p><strong>D\u00e8s sa premi\u00e8re saison, Vincent Kompany remporte le titre de champion avec le FC Bayern. Nous avons d\u00e9sormais un d\u00e9but de saison parfait et cela est r\u00e9compens\u00e9.<\/strong><\/p>\n<p><span id=\"more-427723\"><\/span>Le FC Bayern Munich a prolong\u00e9 le contrat de son entra\u00eeneur \u00e0 succ\u00e8s Vincent Kompany jusqu&rsquo;au 30 juin 2029. Les champions allemands du record de football l&rsquo;ont annonc\u00e9 trois jours apr\u00e8s la victoire 2-1 contre le Borussia Dortmund. Le pr\u00e9c\u00e9dent contrat du Belge \u00e9tait valable jusqu&rsquo;\u00e0 l&rsquo;\u00e9t\u00e9 2027.<\/p>\n<p>\u00ab\u00a0La prolongation du contrat avec Vincent Kompany est une forte marque de confiance du club apr\u00e8s son excellent travail jusqu&rsquo;\u00e0 pr\u00e9sent, et aussi un signe clair de continuit\u00e9 et de stabilit\u00e9 au FC Bayern\u00a0\u00bb, a d\u00e9clar\u00e9 le pr\u00e9sident Herbert Hainer dans un communiqu\u00e9 du club.<\/p>\n<div id=\"attachment_400124\" class=\"wp-caption alignleft\" style=\"max-width: 300px\"><img fetchpriority=\"high\" decoding=\"async\" class=\"wp-image-400124 size-medium\" src=\"https:\/\/vieassociative.be\/actualites\/wp-content\/uploads\/2025\/10\/Lentraineur-Kompany-a-prolonge-anticipe-son-contrat-avec-le-FC.jpg\" alt=\"\" width=\"300\" height=\"216\"><\/div>\n<p>\u00ab\u00a0Vincent Kompany est tr\u00e8s appr\u00e9ci\u00e9 des joueurs, de la direction du club et des supporters\u00a0\u00bb, a d\u00e9clar\u00e9 Hainer. L&rsquo;\u00e9quipe munichoise a r\u00e9alis\u00e9 un d\u00e9but de saison parfait avec sept victoires en championnat.<\/p>\n<p>Selon le PDG Jan-Christian Dreesen, Kompany \u00ab a ramen\u00e9 le plaisir au FC Bayern \u2013 et l\u2019\u00e9tincelle s\u2019est vraiment allum\u00e9e \u00bb. Le directeur sportif Max Eberl a d\u00e9clar\u00e9 \u00e0 propos de l&rsquo;entra\u00eeneur-chef : \u00ab\u00a0C&rsquo;est une figure d&rsquo;identification qui unit les joueurs, les supporters et tout le monde dans le club, et nous voulons d\u00e9velopper quelque chose avec lui \u00e0 long terme.\u00a0\u00bb<\/p>\n<p>Kompany est arriv\u00e9 \u00e0 la S\u00e4bener Stra\u00dfe en provenance du FC Burnley en Angleterre pour la saison 2024\/25 et n&rsquo;\u00e9tait pas consid\u00e9r\u00e9 \u00e0 l&rsquo;\u00e9poque comme la meilleure solution pour le poste d&rsquo;entra\u00eeneur-chef. Mais l&rsquo;ancien professionnel a c\u00e9l\u00e9br\u00e9 le titre de champion d\u00e8s sa premi\u00e8re saison et a impressionn\u00e9 par son objectif et sa bonne technique.<\/p>\n<div id=\"attachment_426370\" class=\"wp-caption alignleft\" style=\"max-width: 300px\"><img decoding=\"async\" class=\"wp-image-426370 size-medium\" src=\"https:\/\/vieassociative.be\/actualites\/wp-content\/uploads\/2025\/10\/1761164225_574_Lentraineur-Kompany-a-prolonge-anticipe-son-contrat-avec-le-FC.jpg\" alt=\"\" width=\"300\" height=\"200\"  ><\/div>\n<p>\u00ab\u00a0Je suis reconnaissant, je me sens honor\u00e9 et je voudrais remercier le FC Bayern pour la confiance et l&rsquo;environnement de travail qu&rsquo;il m&rsquo;a offert d\u00e8s le premier jour\u00a0\u00bb, a d\u00e9clar\u00e9 Kompany : \u00ab\u00a0Jusqu&rsquo;\u00e0 pr\u00e9sent, cela a \u00e9t\u00e9 une exp\u00e9rience formidable, nous avons commenc\u00e9 un merveilleux voyage. Continuons \u00e0 travailler dur et c\u00e9l\u00e9brons de nombreux autres succ\u00e8s.\u00a0\u00bb<\/p>\n<p>Ce mercredi (21h00 \/ en direct sur RTL Club et Proximus Pickx), il y aura un match sp\u00e9cial pour Kompany, car alors l&rsquo;international belge aux 89 reprises et son \u00e9quipe affronteront le FC Bruges, qu&rsquo;il a affront\u00e9 \u00e0 plusieurs reprises dans le pass\u00e9, \u00e0 la fois en tant que joueur puis en tant qu&rsquo;entra\u00eeneur du RSC Anderlecht.<\/p>\n<p>En janvier 2026, l&rsquo;Union Saint-Gilloise, championne de Belgique, se rendra \u00e9galement \u00e0 Munich pour la phase de championnat de la Ligue des champions. Si Saint-Gilloise avait eu l&rsquo;avantage du terrain pour cette rencontre, le match aurait \u00e9t\u00e9 encore plus \u00e9mouvant pour Kompany, puisque les champions de Belgique disputent leurs matchs \u00e0 domicile en premi\u00e8re classe au stade du RSC Anderlecht, le club m\u00e8re de Kompany, o\u00f9 sa grande carri\u00e8re a d\u00e9but\u00e9 en tant que joueur et entra\u00eeneur. (dpa\/cr\u00e9)<\/p>\n","protected":false},"excerpt":{"rendered":"<p>D\u00e8s sa premi\u00e8re saison, Vincent Kompany remporte le titre de champion avec le FC Bayern. Nous avons d\u00e9sormais un d\u00e9but de saison parfait et cela<\/p>\n","protected":false},"author":1,"featured_media":10836,"comment_status":"","ping_status":"","sticky":false,"template":"","format":"standard","meta":{"footnotes":""},"categories":[298],"tags":[2120,61,2298,1970,4024,3314,799,800],"class_list":["post-10835","post","type-post","status-publish","format-standard","has-post-thumbnail","hentry","category-belgique","tag-anticipe","tag-avec","tag-bayern","tag-contrat","tag-kompany","tag-lentraineur","tag-prolonge","tag-son","generate-columns","tablet-grid-50","mobile-grid-100","grid-parent","grid-33"],"yoast_head":"<!-- This site is optimized with the Yoast SEO plugin v24.0 - https:\/\/yoast.com\/wordpress\/plugins\/seo\/ -->\n<title>L&#039;entra\u00eeneur Kompany a prolong\u00e9 anticip\u00e9 son contrat avec le FC Bayern | Vie Associative<\/title>\n<meta name=\"robots\" content=\"index, follow, max-snippet:-1, max-image-preview:large, max-video-preview:-1\" \/>\n<link rel=\"canonical\" href=\"https:\/\/vieassociative.be\/actualites\/lentraineur-kompany-a-prolonge-anticipe-son-contrat-avec-le-fc-bayern\/\" \/>\n<meta property=\"og:locale\" content=\"fr_FR\" \/>\n<meta property=\"og:type\" content=\"article\" \/>\n<meta property=\"og:title\" content=\"L&#039;entra\u00eeneur Kompany a prolong\u00e9 anticip\u00e9 son contrat avec le FC Bayern | Vie Associative\" \/>\n<meta property=\"og:description\" content=\"D\u00e8s sa premi\u00e8re saison, Vincent Kompany remporte le titre de champion avec le FC Bayern. Nous avons d\u00e9sormais un d\u00e9but de saison parfait et cela\" \/>\n<meta property=\"og:url\" content=\"https:\/\/vieassociative.be\/actualites\/lentraineur-kompany-a-prolonge-anticipe-son-contrat-avec-le-fc-bayern\/\" \/>\n<meta property=\"og:site_name\" content=\"Vie Associative\" \/>\n<meta property=\"article:published_time\" content=\"2025-10-22T20:17:05+00:00\" \/>\n<meta property=\"og:image\" content=\"https:\/\/vieassociative.be\/actualites\/wp-content\/uploads\/2024\/09\/header_backgroundk-01-e1726694325946.png\" \/>\n\t<meta property=\"og:image:width\" content=\"279\" \/>\n\t<meta property=\"og:image:height\" content=\"92\" \/>\n\t<meta property=\"og:image:type\" content=\"image\/png\" \/>\n<meta name=\"author\" content=\"Julien\" \/>\n<meta name=\"twitter:card\" content=\"summary_large_image\" \/>\n<meta name=\"twitter:label1\" content=\"\u00c9crit par\" \/>\n\t<meta name=\"twitter:data1\" content=\"Julien\" \/>\n\t<meta name=\"twitter:label2\" content=\"Dur\u00e9e de lecture est.\" \/>\n\t<meta name=\"twitter:data2\" content=\"2 minutes\" \/>\n<script type=\"application\/ld+json\" class=\"yoast-schema-graph\">{\"@context\":\"https:\/\/schema.org\",\"@graph\":[{\"@type\":\"Article\",\"@id\":\"https:\/\/vieassociative.be\/actualites\/lentraineur-kompany-a-prolonge-anticipe-son-contrat-avec-le-fc-bayern\/#article\",\"isPartOf\":{\"@id\":\"https:\/\/vieassociative.be\/actualites\/lentraineur-kompany-a-prolonge-anticipe-son-contrat-avec-le-fc-bayern\/\"},\"author\":{\"name\":\"Julien\",\"@id\":\"https:\/\/vieassociative.be\/actualites\/#\/schema\/person\/b87ac4f82f9d4e7b7cec7395b679edc4\"},\"headline\":\"L&rsquo;entra\u00eeneur Kompany a prolong\u00e9 anticip\u00e9 son contrat avec le FC Bayern\",\"datePublished\":\"2025-10-22T20:17:05+00:00\",\"dateModified\":\"2025-10-22T20:17:05+00:00\",\"mainEntityOfPage\":{\"@id\":\"https:\/\/vieassociative.be\/actualites\/lentraineur-kompany-a-prolonge-anticipe-son-contrat-avec-le-fc-bayern\/\"},\"wordCount\":517,\"publisher\":{\"@id\":\"https:\/\/vieassociative.be\/actualites\/#organization\"},\"image\":{\"@id\":\"https:\/\/vieassociative.be\/actualites\/lentraineur-kompany-a-prolonge-anticipe-son-contrat-avec-le-fc-bayern\/#primaryimage\"},\"thumbnailUrl\":\"https:\/\/vieassociative.be\/actualites\/wp-content\/uploads\/2025\/10\/1761164226_Lentraineur-Kompany-a-prolonge-anticipe-son-contrat-avec-le-FC.jpg\",\"keywords\":[\"anticip\u00e9\",\"avec\",\"Bayern\",\"contrat\",\"Kompany\",\"lentra\u00eeneur\",\"prolonge\",\"son\"],\"articleSection\":[\"Belgique\"],\"inLanguage\":\"fr-BE\"},{\"@type\":\"WebPage\",\"@id\":\"https:\/\/vieassociative.be\/actualites\/lentraineur-kompany-a-prolonge-anticipe-son-contrat-avec-le-fc-bayern\/\",\"url\":\"https:\/\/vieassociative.be\/actualites\/lentraineur-kompany-a-prolonge-anticipe-son-contrat-avec-le-fc-bayern\/\",\"name\":\"L'entra\u00eeneur Kompany a prolong\u00e9 anticip\u00e9 son contrat avec le FC Bayern | Vie Associative\",\"isPartOf\":{\"@id\":\"https:\/\/vieassociative.be\/actualites\/#website\"},\"primaryImageOfPage\":{\"@id\":\"https:\/\/vieassociative.be\/actualites\/lentraineur-kompany-a-prolonge-anticipe-son-contrat-avec-le-fc-bayern\/#primaryimage\"},\"image\":{\"@id\":\"https:\/\/vieassociative.be\/actualites\/lentraineur-kompany-a-prolonge-anticipe-son-contrat-avec-le-fc-bayern\/#primaryimage\"},\"thumbnailUrl\":\"https:\/\/vieassociative.be\/actualites\/wp-content\/uploads\/2025\/10\/1761164226_Lentraineur-Kompany-a-prolonge-anticipe-son-contrat-avec-le-FC.jpg\",\"datePublished\":\"2025-10-22T20:17:05+00:00\",\"dateModified\":\"2025-10-22T20:17:05+00:00\",\"breadcrumb\":{\"@id\":\"https:\/\/vieassociative.be\/actualites\/lentraineur-kompany-a-prolonge-anticipe-son-contrat-avec-le-fc-bayern\/#breadcrumb\"},\"inLanguage\":\"fr-BE\",\"potentialAction\":[{\"@type\":\"ReadAction\",\"target\":[\"https:\/\/vieassociative.be\/actualites\/lentraineur-kompany-a-prolonge-anticipe-son-contrat-avec-le-fc-bayern\/\"]}]},{\"@type\":\"ImageObject\",\"inLanguage\":\"fr-BE\",\"@id\":\"https:\/\/vieassociative.be\/actualites\/lentraineur-kompany-a-prolonge-anticipe-son-contrat-avec-le-fc-bayern\/#primaryimage\",\"url\":\"https:\/\/vieassociative.be\/actualites\/wp-content\/uploads\/2025\/10\/1761164226_Lentraineur-Kompany-a-prolonge-anticipe-son-contrat-avec-le-FC.jpg\",\"contentUrl\":\"https:\/\/vieassociative.be\/actualites\/wp-content\/uploads\/2025\/10\/1761164226_Lentraineur-Kompany-a-prolonge-anticipe-son-contrat-avec-le-FC.jpg\",\"width\":1200,\"height\":781,\"caption\":\"L'entra\u00eeneur Kompany a prolong\u00e9 anticip\u00e9 son contrat avec le FC Bayern\"},{\"@type\":\"BreadcrumbList\",\"@id\":\"https:\/\/vieassociative.be\/actualites\/lentraineur-kompany-a-prolonge-anticipe-son-contrat-avec-le-fc-bayern\/#breadcrumb\",\"itemListElement\":[{\"@type\":\"ListItem\",\"position\":1,\"name\":\"Accueil\",\"item\":\"https:\/\/vieassociative.be\/actualites\/\"},{\"@type\":\"ListItem\",\"position\":2,\"name\":\"L&rsquo;entra\u00eeneur Kompany a prolong\u00e9 anticip\u00e9 son contrat avec le FC Bayern\"}]},{\"@type\":\"WebSite\",\"@id\":\"https:\/\/vieassociative.be\/actualites\/#website\",\"url\":\"https:\/\/vieassociative.be\/actualites\/\",\"name\":\"Vie Associative\",\"description\":\"\",\"publisher\":{\"@id\":\"https:\/\/vieassociative.be\/actualites\/#organization\"},\"potentialAction\":[{\"@type\":\"SearchAction\",\"target\":{\"@type\":\"EntryPoint\",\"urlTemplate\":\"https:\/\/vieassociative.be\/actualites\/?s={search_term_string}\"},\"query-input\":{\"@type\":\"PropertyValueSpecification\",\"valueRequired\":true,\"valueName\":\"search_term_string\"}}],\"inLanguage\":\"fr-BE\"},{\"@type\":\"Organization\",\"@id\":\"https:\/\/vieassociative.be\/actualites\/#organization\",\"name\":\"Vie Associative\",\"url\":\"https:\/\/vieassociative.be\/actualites\/\",\"logo\":{\"@type\":\"ImageObject\",\"inLanguage\":\"fr-BE\",\"@id\":\"https:\/\/vieassociative.be\/actualites\/#\/schema\/logo\/image\/\",\"url\":\"https:\/\/vieassociative.be\/actualites\/wp-content\/uploads\/2024\/09\/cropped-vieassociative_favicon.ico.png\",\"contentUrl\":\"https:\/\/vieassociative.be\/actualites\/wp-content\/uploads\/2024\/09\/cropped-vieassociative_favicon.ico.png\",\"width\":512,\"height\":512,\"caption\":\"Vie Associative\"},\"image\":{\"@id\":\"https:\/\/vieassociative.be\/actualites\/#\/schema\/logo\/image\/\"}},{\"@type\":\"Person\",\"@id\":\"https:\/\/vieassociative.be\/actualites\/#\/schema\/person\/b87ac4f82f9d4e7b7cec7395b679edc4\",\"name\":\"Julien\",\"image\":{\"@type\":\"ImageObject\",\"inLanguage\":\"fr-BE\",\"@id\":\"https:\/\/vieassociative.be\/actualites\/#\/schema\/person\/image\/\",\"url\":\"https:\/\/vieassociative.be\/actualites\/wp-content\/uploads\/2024\/09\/vie-associative-1-150x150.jpg\",\"contentUrl\":\"https:\/\/vieassociative.be\/actualites\/wp-content\/uploads\/2024\/09\/vie-associative-1-150x150.jpg\",\"caption\":\"Julien\"},\"description\":\"Je suis Julien, r\u00e9dacteur pour Vie Associative. Passionn\u00e9 par le monde associatif depuis plus de 10 ans, j'ai \u00e0 c\u0153ur de partager des histoires inspirantes et de mettre en lumi\u00e8re les initiatives locales. Mon objectif est de sensibiliser et d'encourager l'engagement communautaire \u00e0 travers mes articles.\",\"sameAs\":[\"https:\/\/vieassociative.be\/\"]}]}<\/script>\n<!-- \/ Yoast SEO plugin. -->","yoast_head_json":{"title":"L'entra\u00eeneur Kompany a prolong\u00e9 anticip\u00e9 son contrat avec le FC Bayern | Vie Associative","robots":{"index":"index","follow":"follow","max-snippet":"max-snippet:-1","max-image-preview":"max-image-preview:large","max-video-preview":"max-video-preview:-1"},"canonical":"https:\/\/vieassociative.be\/actualites\/lentraineur-kompany-a-prolonge-anticipe-son-contrat-avec-le-fc-bayern\/","og_locale":"fr_FR","og_type":"article","og_title":"L'entra\u00eeneur Kompany a prolong\u00e9 anticip\u00e9 son contrat avec le FC Bayern | Vie Associative","og_description":"D\u00e8s sa premi\u00e8re saison, Vincent Kompany remporte le titre de champion avec le FC Bayern. Nous avons d\u00e9sormais un d\u00e9but de saison parfait et cela","og_url":"https:\/\/vieassociative.be\/actualites\/lentraineur-kompany-a-prolonge-anticipe-son-contrat-avec-le-fc-bayern\/","og_site_name":"Vie Associative","article_published_time":"2025-10-22T20:17:05+00:00","og_image":[{"width":279,"height":92,"url":"https:\/\/vieassociative.be\/actualites\/wp-content\/uploads\/2024\/09\/header_backgroundk-01-e1726694325946.png","type":"image\/png"}],"author":"Julien","twitter_card":"summary_large_image","twitter_misc":{"\u00c9crit par":"Julien","Dur\u00e9e de lecture est.":"2 minutes"},"schema":{"@context":"https:\/\/schema.org","@graph":[{"@type":"Article","@id":"https:\/\/vieassociative.be\/actualites\/lentraineur-kompany-a-prolonge-anticipe-son-contrat-avec-le-fc-bayern\/#article","isPartOf":{"@id":"https:\/\/vieassociative.be\/actualites\/lentraineur-kompany-a-prolonge-anticipe-son-contrat-avec-le-fc-bayern\/"},"author":{"name":"Julien","@id":"https:\/\/vieassociative.be\/actualites\/#\/schema\/person\/b87ac4f82f9d4e7b7cec7395b679edc4"},"headline":"L&rsquo;entra\u00eeneur Kompany a prolong\u00e9 anticip\u00e9 son contrat avec le FC Bayern","datePublished":"2025-10-22T20:17:05+00:00","dateModified":"2025-10-22T20:17:05+00:00","mainEntityOfPage":{"@id":"https:\/\/vieassociative.be\/actualites\/lentraineur-kompany-a-prolonge-anticipe-son-contrat-avec-le-fc-bayern\/"},"wordCount":517,"publisher":{"@id":"https:\/\/vieassociative.be\/actualites\/#organization"},"image":{"@id":"https:\/\/vieassociative.be\/actualites\/lentraineur-kompany-a-prolonge-anticipe-son-contrat-avec-le-fc-bayern\/#primaryimage"},"thumbnailUrl":"https:\/\/vieassociative.be\/actualites\/wp-content\/uploads\/2025\/10\/1761164226_Lentraineur-Kompany-a-prolonge-anticipe-son-contrat-avec-le-FC.jpg","keywords":["anticip\u00e9","avec","Bayern","contrat","Kompany","lentra\u00eeneur","prolonge","son"],"articleSection":["Belgique"],"inLanguage":"fr-BE"},{"@type":"WebPage","@id":"https:\/\/vieassociative.be\/actualites\/lentraineur-kompany-a-prolonge-anticipe-son-contrat-avec-le-fc-bayern\/","url":"https:\/\/vieassociative.be\/actualites\/lentraineur-kompany-a-prolonge-anticipe-son-contrat-avec-le-fc-bayern\/","name":"L'entra\u00eeneur Kompany a prolong\u00e9 anticip\u00e9 son contrat avec le FC Bayern | Vie Associative","isPartOf":{"@id":"https:\/\/vieassociative.be\/actualites\/#website"},"primaryImageOfPage":{"@id":"https:\/\/vieassociative.be\/actualites\/lentraineur-kompany-a-prolonge-anticipe-son-contrat-avec-le-fc-bayern\/#primaryimage"},"image":{"@id":"https:\/\/vieassociative.be\/actualites\/lentraineur-kompany-a-prolonge-anticipe-son-contrat-avec-le-fc-bayern\/#primaryimage"},"thumbnailUrl":"https:\/\/vieassociative.be\/actualites\/wp-content\/uploads\/2025\/10\/1761164226_Lentraineur-Kompany-a-prolonge-anticipe-son-contrat-avec-le-FC.jpg","datePublished":"2025-10-22T20:17:05+00:00","dateModified":"2025-10-22T20:17:05+00:00","breadcrumb":{"@id":"https:\/\/vieassociative.be\/actualites\/lentraineur-kompany-a-prolonge-anticipe-son-contrat-avec-le-fc-bayern\/#breadcrumb"},"inLanguage":"fr-BE","potentialAction":[{"@type":"ReadAction","target":["https:\/\/vieassociative.be\/actualites\/lentraineur-kompany-a-prolonge-anticipe-son-contrat-avec-le-fc-bayern\/"]}]},{"@type":"ImageObject","inLanguage":"fr-BE","@id":"https:\/\/vieassociative.be\/actualites\/lentraineur-kompany-a-prolonge-anticipe-son-contrat-avec-le-fc-bayern\/#primaryimage","url":"https:\/\/vieassociative.be\/actualites\/wp-content\/uploads\/2025\/10\/1761164226_Lentraineur-Kompany-a-prolonge-anticipe-son-contrat-avec-le-FC.jpg","contentUrl":"https:\/\/vieassociative.be\/actualites\/wp-content\/uploads\/2025\/10\/1761164226_Lentraineur-Kompany-a-prolonge-anticipe-son-contrat-avec-le-FC.jpg","width":1200,"height":781,"caption":"L'entra\u00eeneur Kompany a prolong\u00e9 anticip\u00e9 son contrat avec le FC Bayern"},{"@type":"BreadcrumbList","@id":"https:\/\/vieassociative.be\/actualites\/lentraineur-kompany-a-prolonge-anticipe-son-contrat-avec-le-fc-bayern\/#breadcrumb","itemListElement":[{"@type":"ListItem","position":1,"name":"Accueil","item":"https:\/\/vieassociative.be\/actualites\/"},{"@type":"ListItem","position":2,"name":"L&rsquo;entra\u00eeneur Kompany a prolong\u00e9 anticip\u00e9 son contrat avec le FC Bayern"}]},{"@type":"WebSite","@id":"https:\/\/vieassociative.be\/actualites\/#website","url":"https:\/\/vieassociative.be\/actualites\/","name":"Vie Associative","description":"","publisher":{"@id":"https:\/\/vieassociative.be\/actualites\/#organization"},"potentialAction":[{"@type":"SearchAction","target":{"@type":"EntryPoint","urlTemplate":"https:\/\/vieassociative.be\/actualites\/?s={search_term_string}"},"query-input":{"@type":"PropertyValueSpecification","valueRequired":true,"valueName":"search_term_string"}}],"inLanguage":"fr-BE"},{"@type":"Organization","@id":"https:\/\/vieassociative.be\/actualites\/#organization","name":"Vie Associative","url":"https:\/\/vieassociative.be\/actualites\/","logo":{"@type":"ImageObject","inLanguage":"fr-BE","@id":"https:\/\/vieassociative.be\/actualites\/#\/schema\/logo\/image\/","url":"https:\/\/vieassociative.be\/actualites\/wp-content\/uploads\/2024\/09\/cropped-vieassociative_favicon.ico.png","contentUrl":"https:\/\/vieassociative.be\/actualites\/wp-content\/uploads\/2024\/09\/cropped-vieassociative_favicon.ico.png","width":512,"height":512,"caption":"Vie Associative"},"image":{"@id":"https:\/\/vieassociative.be\/actualites\/#\/schema\/logo\/image\/"}},{"@type":"Person","@id":"https:\/\/vieassociative.be\/actualites\/#\/schema\/person\/b87ac4f82f9d4e7b7cec7395b679edc4","name":"Julien","image":{"@type":"ImageObject","inLanguage":"fr-BE","@id":"https:\/\/vieassociative.be\/actualites\/#\/schema\/person\/image\/","url":"https:\/\/vieassociative.be\/actualites\/wp-content\/uploads\/2024\/09\/vie-associative-1-150x150.jpg","contentUrl":"https:\/\/vieassociative.be\/actualites\/wp-content\/uploads\/2024\/09\/vie-associative-1-150x150.jpg","caption":"Julien"},"description":"Je suis Julien, r\u00e9dacteur pour Vie Associative. Passionn\u00e9 par le monde associatif depuis plus de 10 ans, j'ai \u00e0 c\u0153ur de partager des histoires inspirantes et de mettre en lumi\u00e8re les initiatives locales. Mon objectif est de sensibiliser et d'encourager l'engagement communautaire \u00e0 travers mes articles.","sameAs":["https:\/\/vieassociative.be\/"]}]}},"_links":{"self":[{"href":"https:\/\/vieassociative.be\/actualites\/wp-json\/wp\/v2\/posts\/10835"}],"collection":[{"href":"https:\/\/vieassociative.be\/actualites\/wp-json\/wp\/v2\/posts"}],"about":[{"href":"https:\/\/vieassociative.be\/actualites\/wp-json\/wp\/v2\/types\/post"}],"author":[{"embeddable":true,"href":"https:\/\/vieassociative.be\/actualites\/wp-json\/wp\/v2\/users\/1"}],"replies":[{"embeddable":true,"href":"https:\/\/vieassociative.be\/actualites\/wp-json\/wp\/v2\/comments?post=10835"}],"version-history":[{"count":0,"href":"https:\/\/vieassociative.be\/actualites\/wp-json\/wp\/v2\/posts\/10835\/revisions"}],"wp:featuredmedia":[{"embeddable":true,"href":"https:\/\/vieassociative.be\/actualites\/wp-json\/wp\/v2\/media\/10836"}],"wp:attachment":[{"href":"https:\/\/vieassociative.be\/actualites\/wp-json\/wp\/v2\/media?parent=10835"}],"wp:term":[{"taxonomy":"category","embeddable":true,"href":"https:\/\/vieassociative.be\/actualites\/wp-json\/wp\/v2\/categories?post=10835"},{"taxonomy":"post_tag","embeddable":true,"href":"https:\/\/vieassociative.be\/actualites\/wp-json\/wp\/v2\/tags?post=10835"}],"curies":[{"name":"wp","href":"https:\/\/api.w.org\/{rel}","templated":true}]}}