{"id":10830,"date":"2025-10-22T19:19:41","date_gmt":"2025-10-22T17:19:41","guid":{"rendered":"https:\/\/vieassociative.be\/actualites\/le-prochain-boox-palma-est-un-mini-carnet-numerique\/"},"modified":"2025-10-22T19:19:41","modified_gmt":"2025-10-22T17:19:41","slug":"le-prochain-boox-palma-est-un-mini-carnet-numerique","status":"publish","type":"post","link":"https:\/\/vieassociative.be\/actualites\/le-prochain-boox-palma-est-un-mini-carnet-numerique\/","title":{"rendered":"Le prochain Boox Palma est un mini carnet num\u00e9rique"},"content":{"rendered":"<div class=\"mt-4 leading-6 md:mb-8\">L&rsquo;appareil en forme de t\u00e9l\u00e9phone prend en charge les donn\u00e9es mobiles et un stylet.<\/div>\n<p><\/p>\n<p>Depuis sa sortie en 2023, la liseuse Boox Palma \u2013 et son successeur, la Palma 2 \u2013 s\u00e8me la confusion. Il a la m\u00eame taille et la m\u00eame forme qu&rsquo;un t\u00e9l\u00e9phone portable et il poss\u00e8de un \u00e9cran e-ink, mais ce n&rsquo;est pas un t\u00e9l\u00e9phone e-ink, car il n&rsquo;a pas d&#8217;emplacement pour carte SIM ni eSIM. Eh bien, aujourd&rsquo;hui, la soci\u00e9t\u00e9 m\u00e8re de Boox, le fabricant d&rsquo;appareils chinois Onyx International, a annonc\u00e9 le nouveau Palma 2 Pro, et les choses ne deviennent pas moins opaques.<\/p>\n<p>Comme je l&rsquo;ai \u00e9crit le mois dernier lors de la premi\u00e8re rumeur concernant le nouvel appareil, le Palma 2 Pro dispose d&rsquo;un emplacement pour carte SIM, mais ce n&rsquo;est toujours pas vraiment un t\u00e9l\u00e9phone. Bien qu&rsquo;il puisse g\u00e9rer les donn\u00e9es mobiles (c&rsquo;est-\u00e0-dire naviguer sur Internet, diffuser des vid\u00e9os, lire des e-mails ou t\u00e9l\u00e9charger des livres et d&rsquo;autres m\u00e9dias), il ne peut toujours pas prendre d&rsquo;appels comme un t\u00e9l\u00e9phone Android traditionnel. (Vous pouvez t\u00e9l\u00e9charger une application de voix sur Internet comme Google Voice ou WhatsApp, mais ce n&rsquo;est pas vraiment la m\u00eame chose.)<\/p>\n<p>Cela dit, le Palma 2 Pro propose quelques mises \u00e0 niveau de choix qui m\u00e9ritent d&rsquo;\u00eatre discut\u00e9es, tout comme le Boox Note Air 5C, le prochain de la gamme d&rsquo;ordinateurs portables \u00e0 encre \u00e9lectronique couleur \u00e0 part enti\u00e8re de la soci\u00e9t\u00e9. <\/p>\n<div class=\"mx-auto mb-12 mt-5 w-full max-w-3xl rounded-md border-2 border-gray-100 p-3 shadow-md md:px-7 md:pb-7 md:pt-5\" id=\"related-video\">\n<div class=\"mb-3 flex items-center md:mb-5\">\n        <img decoding=\"async\" class=\"mr-4 mt-0 h-10 w-10 md:mr-5 md:h-12 md:w-12\" src=\"https:\/\/vieassociative.be\/actualites\/wp-content\/uploads\/2025\/09\/1757726237_608_Meta-pourrait-devoiler-une-montre-intelligente-pour-controler-ses-lunettes.jpg\" alt=\"Logo du pirate de la vie\"><\/p><\/div>\n<div class=\"aspect-video w-full overflow-hidden rounded-md\">\n<div id=\"video-container-01K86CCV9Z3ZPNCDFF6QFR1M0K\"><\/div>\n<\/p><\/div>\n<\/div>\n<div class=\"mx-auto mt-8 w-full max-w-4xl aspect-video\">\n<div id=\"video-container-01K86CCV9Z3ZPNCDFF6QFR1M0M\"><\/div>\n<\/div>\n<h2 id=\"the-palma-2-pro-adds-a-color-screen-and-stylus-support\">Le Palma 2 Pro ajoute un \u00e9cran couleur et un support de stylet<\/h2>\n<p>Si la capacit\u00e9 d&rsquo;appel \u00e9tait la fonctionnalit\u00e9 Palma la plus demand\u00e9e sur le subreddit Boox, alors un \u00e9cran couleur et la prise en charge de la prise de notes \u00e9taient \u00e0 \u00e9galit\u00e9 en deuxi\u00e8me position, et le nouveau Palma aura les deux, le transformant en un mini cahier num\u00e9rique sur le mod\u00e8le du remarquable Paper Pro Move. <\/p>\n<p>Dans sa vid\u00e9o d&rsquo;annonce, Boox a r\u00e9v\u00e9l\u00e9 que l&rsquo;appareil ajoutera la m\u00eame technologie d&rsquo;encre \u00e9lectronique couleur Kaleido 3 que celle du Boox Go Color 7 (Gen II) sorti l&rsquo;ann\u00e9e derni\u00e8re et, comme cet appareil, il prendra \u00e9galement en charge l&rsquo;\u00e9criture sur l&rsquo;\u00e9cran. Alors que le Go Color 7 pouvait \u00eatre achet\u00e9 avec le stylet \u00ab InkSense \u00bb de Boox \u2013 un stylo USI 2.0 que j\u2019ai trouv\u00e9 plut\u00f4t d\u00e9cevant lorsque je l\u2019ai test\u00e9 l\u2019ann\u00e9e derni\u00e8re \u2013 un porte-parole de Boox a promis une exp\u00e9rience d\u2019\u00e9criture am\u00e9lior\u00e9e par rapport au \u00ab InkSense Pro \u00bb du Palma 2 Pro. (Compte tenu de ma r\u00e9action mitig\u00e9e aux stylets USI 2.0 sur d&rsquo;autres appareils que j&rsquo;ai test\u00e9s, je retiens mon jugement.)<\/p>\n<p>Bien que ce soient les principaux changements, le Palma 2 Pro propose quelques mises \u00e0 niveau d\u00e9centes, voire spectaculaires (ce qui explique probablement pourquoi la soci\u00e9t\u00e9 ne l&rsquo;appelle pas Palma 3). Il est toujours disponible en noir ou en blanc, mais il fonctionne sous Android 15 (contre Android 13 du Palma 2) et dispose de 8 Go de RAM sur les 6 Go du Palma 2. Sinon, il a le m\u00eame facteur de forme de base (le nouvel appareil est 0,8 mm plus \u00e9pais et 5 g de plus) et les m\u00eames fonctionnalit\u00e9s (y compris une cam\u00e9ra arri\u00e8re de 16 m\u00e9gapixels, 128 Go de stockage, un \u00e9clairage avant r\u00e9glable et un d\u00e9verrouillage par empreinte digitale), mais il n&rsquo;est toujours pas enti\u00e8rement \u00e9tanche. <\/p>\n<h3>Une grosse augmentation de prix<\/h3>\n<p>Toutes ces mises \u00e0 niveau ont un co\u00fbt important : le Palma 2 Pro co\u00fbte 399,99 $ aux \u00c9tats-Unis, soit 100 $ de plus que le Palma 2, d\u00e9j\u00e0 cher pour une liseuse. On ne sait pas exactement dans quelle mesure l&rsquo;augmentation des prix peut \u00eatre attribu\u00e9e aux droits de douane sur les produits fabriqu\u00e9s en Chine, mais pour ce que \u00e7a vaut, l&rsquo;appareil sera vendu 20 $ de moins dans d&rsquo;autres parties du monde. <\/p>\n<p>Le Palma 2 Pro est disponible en pr\u00e9commande d\u00e8s maintenant sur le site Web de Boox, avec une date d&rsquo;exp\u00e9dition pr\u00e9vue le 7 novembre. <\/p>\n<h2 id=\"the-boox-note-air-5c-is-a-less-dramatic-upgrade\">Le Boox Note Air 5C est une mise \u00e0 niveau moins spectaculaire<\/h2>\n<p>Le Palma 2 Pro n&rsquo;\u00e9tait pas le seul produit annonc\u00e9 par Boox aujourd&rsquo;hui. Les \u00c9tats-Unis re\u00e7oivent \u00e9galement la prochaine it\u00e9ration du Boox Note Air, bien qu\u2019il s\u2019agisse d\u2019une mise \u00e0 niveau beaucoup moins tape-\u00e0-l\u2019\u0153il. En fait, les fonctionnalit\u00e9s et sp\u00e9cifications r\u00e9pertori\u00e9es sur la page produit de Boox sont une copie virtuelle de celles du Note Air 4C sorti en 2024. Il a le m\u00eame aspect et le m\u00eame facteur de forme (\u00e0 1 mm pr\u00e8s, selon les sp\u00e9cifications sur le site Web de Boox), le m\u00eame \u00e9cran couleur Kaleido 3, les m\u00eames 6 Go de RAM et 64 Go de stockage, et pratiquement le m\u00eame poids.<\/p>\n<p>Mis \u00e0 part une mise \u00e0 niveau similaire d&rsquo;Android 13 vers Android 15 pour le syst\u00e8me d&rsquo;exploitation, la plus grande diff\u00e9rence semble \u00eatre l&rsquo;ajout de broches pogo pour prendre en charge le nouveau couvercle de clavier magn\u00e9tique de Boox, qui transforme l&rsquo;appareil en quelque chose qui ressemble \u00e0 un ordinateur portable \u00e0 encre \u00e9lectronique. (Boox fabrique \u00e9galement une housse de clavier pour ses plus grandes tablettes Note Max et Tab XC, et j&rsquo;en ai \u00e9t\u00e9 tr\u00e8s satisfait.) Il est \u00e9galement livr\u00e9 avec un stylet Boox Pen3 am\u00e9lior\u00e9, que je n&rsquo;ai pas encore essay\u00e9.<\/p>\n<h3>Le m\u00eame prix que le Note Air 4C<\/h3>\n<p>Conform\u00e9ment aux mises \u00e0 niveau minimales, le prix du Note Air 5C reste de 530 $ aux \u00c9tats-Unis, le m\u00eame que celui du mod\u00e8le de l&rsquo;ann\u00e9e derni\u00e8re, et vous pouvez d\u00e9j\u00e0 le commander sur Amazon.<\/p>\n<h2 id=\"a-good-time-for-discounts-on-older-boox-devices\">Le bon moment pour b\u00e9n\u00e9ficier de r\u00e9ductions sur les anciens appareils Boox<\/h2>\n<div class=\"shadow-b-2 mb-12 mt-10 rounded-md border-2 border-(#F0F0F0) px-6 py-2 shadow-lg md:px-12\" role=\"region\" aria-label=\"Products List\" x-data=\"{ showMore: false }\">\n<div class=\"flex w-full gap-x-5\">\n<div class=\"flex w-full flex-col flex-nowrap justify-center gap-2 text-black no-underline md:order-2 md:gap-y-6\">\n<div class=\"flex flex-col justify-between gap-y-2 md:w-full md:gap-y-1\">\n<div class=\"block w-fit cursor-pointer font-akshar text-lg font-medium leading-5 text-brand-green duration-200 ease-in-out hover:text-brand-green-700 md:text-xl md:leading-6\">\n<p>                            Boox Palma2\n                        <\/p><\/div>\n<\/p><\/div>\n<div class=\"hidden md:flex md:justify-between md:gap-x-4\">\n<div class=\"w-full mb-0 md:flex md:flex-col md:justify-center font-sans leading-4 text-black\">\n<div class=\"flex flex-wrap items-center justify-center gap-1 md:justify-start\">\n        <span class=\"font-bold\"><\/p>\n<p>            269,99\u00a0$<br \/>\n                            <span class=\"font-medium\">chez Amazon<\/span><br \/>\n                    <\/span>\n            <\/div>\n<div class=\"flex items-center justify-center gap-x-1 font-bold md:justify-start\">\n            <span class=\"text-sm line-through\">299,99\u00a0$<\/span><br \/>\n            <span class=\"text-sm text-brand-green\">\u00c9conomisez 30,00\u00a0$<\/span>\n        <\/div>\n<\/p><\/div>\n<p>                            <button class=\"flex justify-center items-center w-full bg-brand-green text-white text-base font-sans font-medium rounded-md hover:bg-brand-green-700 hover:cursor-pointer md:text-sm hidden self-end h-12 max-w-(10rem) duration-200 ease-in-out hover:bg-brand-green-700 md:flex md:h-10\"><\/p>\n<p>    Achetez maintenant<br \/>\n<\/button>\n                        <\/div>\n<\/p><\/div>\n<div class=\"flex aspect-video h-(90px) shrink-0 items-center justify-center self-center md:order-1\">\n                        <img decoding=\"async\" class=\"m-0 max-h-full max-w-full rounded-md\" src=\"https:\/\/vieassociative.be\/actualites\/wp-content\/uploads\/2025\/05\/Cette-lecture-electronique-de-la-taille-dun-telephone-ma-aide.jpg\" alt=\"BOOX Palma2 Mobile ePaper eBook Reader Reconnaissance d'empreintes digitales Bouton intelligent Double microphone Blanc cass\u00e9\" width=\"auto\" height=\"auto\" loading=\"lazy\">\n                    <\/div>\n<\/p><\/div>\n<p>                            <button class=\"flex justify-center items-center w-full bg-brand-green text-white text-base font-sans font-medium rounded-md hover:bg-brand-green-700 hover:cursor-pointer md:text-sm w-full h-12 duration-200 ease-in-out hover:bg-brand-green-700 md:hidden md:h-10\"><\/p>\n<p>    Achetez maintenant<br \/>\n<\/button><\/p>\n<div class=\"flex flex-col items-center w-full md:hidden font-sans leading-4 text-black\">\n<div class=\"flex flex-wrap items-center justify-center gap-1 md:justify-start\">\n        <span class=\"font-bold\"><\/p>\n<p>            269,99\u00a0$<br \/>\n                            <span class=\"font-medium\">chez Amazon<\/span><br \/>\n                    <\/span>\n            <\/div>\n<div class=\"flex items-center justify-center gap-x-1 font-bold md:justify-start\">\n            <span class=\"text-sm line-through\">299,99\u00a0$<\/span><br \/>\n            <span class=\"text-sm text-brand-green\">\u00c9conomisez 30,00\u00a0$<\/span>\n        <\/div>\n<\/p><\/div>\n<div class=\"flex w-full gap-x-5\">\n<div class=\"flex w-full flex-col flex-nowrap justify-center gap-2 text-black no-underline md:order-2 md:gap-y-6\">\n<div class=\"flex flex-col justify-between gap-y-2 md:w-full md:gap-y-1\">\n<div class=\"block w-fit cursor-pointer font-akshar text-lg font-medium leading-5 text-brand-green duration-200 ease-in-out hover:text-brand-green-700 md:text-xl md:leading-6\">\n<p>                            Boox Note Air 4C\n                        <\/p><\/div>\n<\/p><\/div>\n<div class=\"hidden md:flex md:justify-between md:gap-x-4\">\n<div class=\"w-full mb-0 md:flex md:flex-col md:justify-center font-sans leading-4 text-black\">\n<div class=\"flex flex-wrap items-center justify-center gap-1 md:justify-start\">\n        <span class=\"font-bold\"><\/p>\n<p>            499,99\u00a0$<br \/>\n                            <span class=\"font-medium\">chez Amazon<\/span><br \/>\n                    <\/span>\n            <\/div>\n<div class=\"flex items-center justify-center gap-x-1 font-bold md:justify-start\">\n            <span class=\"text-sm line-through\">529,99\u00a0$<\/span><br \/>\n            <span class=\"text-sm text-brand-green\">\u00c9conomisez 30,00\u00a0$<\/span>\n        <\/div>\n<\/p><\/div>\n<p>                            <button class=\"flex justify-center items-center w-full bg-brand-green text-white text-base font-sans font-medium rounded-md hover:bg-brand-green-700 hover:cursor-pointer md:text-sm hidden self-end h-12 max-w-(10rem) duration-200 ease-in-out hover:bg-brand-green-700 md:flex md:h-10\"><\/p>\n<p>    Achetez maintenant<br \/>\n<\/button>\n                        <\/div>\n<\/p><\/div>\n<div class=\"flex aspect-video h-(90px) shrink-0 items-center justify-center self-center md:order-1\">\n                        <img decoding=\"async\" class=\"m-0 max-h-full max-w-full rounded-md\" src=\"https:\/\/vieassociative.be\/actualites\/wp-content\/uploads\/2025\/07\/Je-nai-jamais-vu-le-BOOX-Note-Air-4C-etre.jpg\" alt=\"BOOX Tablet Note Air 4C 6G 64G E Ink Tablette Couleur ePaper Notebook\" width=\"auto\" height=\"auto\" loading=\"lazy\">\n                    <\/div>\n<\/p><\/div>\n<p>                            <button class=\"flex justify-center items-center w-full bg-brand-green text-white text-base font-sans font-medium rounded-md hover:bg-brand-green-700 hover:cursor-pointer md:text-sm w-full h-12 duration-200 ease-in-out hover:bg-brand-green-700 md:hidden md:h-10\"><\/p>\n<p>    Achetez maintenant<br \/>\n<\/button><\/p>\n<div class=\"flex flex-col items-center w-full md:hidden font-sans leading-4 text-black\">\n<div class=\"flex flex-wrap items-center justify-center gap-1 md:justify-start\">\n        <span class=\"font-bold\"><\/p>\n<p>            499,99\u00a0$<br \/>\n                            <span class=\"font-medium\">chez Amazon<\/span><br \/>\n                    <\/span>\n            <\/div>\n<div class=\"flex items-center justify-center gap-x-1 font-bold md:justify-start\">\n            <span class=\"text-sm line-through\">529,99\u00a0$<\/span><br \/>\n            <span class=\"text-sm text-brand-green\">\u00c9conomisez 30,00\u00a0$<\/span>\n        <\/div>\n<\/p><\/div>\n<\/div>\n<p>Pour \u00eatre honn\u00eate, ces annonces de nouveaux produits ne correspondent pas exactement \u00e0 ce que j\u2019esp\u00e9rais. Le Note Air 5C est \u00e0 peine une mise \u00e0 niveau, et \u00e9tant donn\u00e9 \u00e0 quel point il a r\u00e9ussi \u00e0 m&rsquo;aider \u00e0 r\u00e9duire mon utilisation d&rsquo;applications de m\u00e9dias sociaux enrageantes et addictives, j&rsquo;aimerais vraiment que le Palma puisse remplacer mon t\u00e9l\u00e9phone. De plus, je ne trouve pas l&rsquo;ajout d&rsquo;un \u00e9cran couleur convaincant, car l&rsquo;encre \u00e9lectronique couleur rend le mat\u00e9riau noir et blanc pire, et je pense que l&rsquo;\u00e9cran de 6,13 pouces du Palma est trop petit pour \u00e9crire confortablement (m\u00eame le reMarkable Paper Pro Move de 7,3 pouces le pousse \u00e0 cet \u00e9gard). <\/p>\n<p>Du c\u00f4t\u00e9 positif, le lancement de nouveaux mod\u00e8les signifie des remises d\u00e9centes sur les anciennes versions : vous pouvez d\u00e9sormais vous procurer le Palma 2 pour 270 $, soit 30 $ de moins que le prix pr\u00e9c\u00e9dent et le m\u00eame prix bas atteint lors des r\u00e9centes ventes Prime Day. Pendant ce temps, le Note Air 4C co\u00fbte 500 $, soit une r\u00e9duction de 30 $.<\/p>\n","protected":false},"excerpt":{"rendered":"<p>L&rsquo;appareil en forme de t\u00e9l\u00e9phone prend en charge les donn\u00e9es mobiles et un stylet. Depuis sa sortie en 2023, la liseuse Boox Palma \u2013 et<\/p>\n","protected":false},"author":1,"featured_media":10831,"comment_status":"","ping_status":"","sticky":false,"template":"","format":"standard","meta":{"footnotes":""},"categories":[13],"tags":[5136,9006,76,1529,651,7829,1109],"class_list":["post-10830","post","type-post","status-publish","format-standard","has-post-thumbnail","hentry","category-technologie","tag-boox","tag-carnet","tag-est","tag-mini","tag-numerique","tag-palma","tag-prochain","generate-columns","tablet-grid-50","mobile-grid-100","grid-parent","grid-33"],"yoast_head":"<!-- This site is optimized with the Yoast SEO plugin v24.0 - https:\/\/yoast.com\/wordpress\/plugins\/seo\/ -->\n<title>Le prochain Boox Palma est un mini carnet num\u00e9rique | Vie Associative<\/title>\n<meta name=\"robots\" content=\"index, follow, max-snippet:-1, max-image-preview:large, max-video-preview:-1\" \/>\n<link rel=\"canonical\" href=\"https:\/\/vieassociative.be\/actualites\/le-prochain-boox-palma-est-un-mini-carnet-numerique\/\" \/>\n<meta property=\"og:locale\" content=\"fr_FR\" \/>\n<meta property=\"og:type\" content=\"article\" \/>\n<meta property=\"og:title\" content=\"Le prochain Boox Palma est un mini carnet num\u00e9rique | Vie Associative\" \/>\n<meta property=\"og:description\" content=\"L&rsquo;appareil en forme de t\u00e9l\u00e9phone prend en charge les donn\u00e9es mobiles et un stylet. Depuis sa sortie en 2023, la liseuse Boox Palma \u2013 et\" \/>\n<meta property=\"og:url\" content=\"https:\/\/vieassociative.be\/actualites\/le-prochain-boox-palma-est-un-mini-carnet-numerique\/\" \/>\n<meta property=\"og:site_name\" content=\"Vie Associative\" \/>\n<meta property=\"article:published_time\" content=\"2025-10-22T17:19:41+00:00\" \/>\n<meta property=\"og:image\" content=\"https:\/\/vieassociative.be\/actualites\/wp-content\/uploads\/2025\/09\/1757726237_608_Meta-pourrait-devoiler-une-montre-intelligente-pour-controler-ses-lunettes.jpg\" \/>\n<meta name=\"author\" content=\"Julien\" \/>\n<meta name=\"twitter:card\" content=\"summary_large_image\" \/>\n<meta name=\"twitter:label1\" content=\"\u00c9crit par\" \/>\n\t<meta name=\"twitter:data1\" content=\"Julien\" \/>\n\t<meta name=\"twitter:label2\" content=\"Dur\u00e9e de lecture est.\" \/>\n\t<meta name=\"twitter:data2\" content=\"6 minutes\" \/>\n<script type=\"application\/ld+json\" class=\"yoast-schema-graph\">{\"@context\":\"https:\/\/schema.org\",\"@graph\":[{\"@type\":\"Article\",\"@id\":\"https:\/\/vieassociative.be\/actualites\/le-prochain-boox-palma-est-un-mini-carnet-numerique\/#article\",\"isPartOf\":{\"@id\":\"https:\/\/vieassociative.be\/actualites\/le-prochain-boox-palma-est-un-mini-carnet-numerique\/\"},\"author\":{\"name\":\"Julien\",\"@id\":\"https:\/\/vieassociative.be\/actualites\/#\/schema\/person\/b87ac4f82f9d4e7b7cec7395b679edc4\"},\"headline\":\"Le prochain Boox Palma est un mini carnet num\u00e9rique\",\"datePublished\":\"2025-10-22T17:19:41+00:00\",\"dateModified\":\"2025-10-22T17:19:41+00:00\",\"mainEntityOfPage\":{\"@id\":\"https:\/\/vieassociative.be\/actualites\/le-prochain-boox-palma-est-un-mini-carnet-numerique\/\"},\"wordCount\":1212,\"publisher\":{\"@id\":\"https:\/\/vieassociative.be\/actualites\/#organization\"},\"image\":{\"@id\":\"https:\/\/vieassociative.be\/actualites\/le-prochain-boox-palma-est-un-mini-carnet-numerique\/#primaryimage\"},\"thumbnailUrl\":\"https:\/\/vieassociative.be\/actualites\/wp-content\/uploads\/2025\/10\/Le-prochain-Boox-Palma-est-un-mini-carnet-numerique.png\",\"keywords\":[\"Boox\",\"carnet\",\"est\",\"Mini\",\"num\u00e9rique\",\"Palma\",\"prochain\"],\"articleSection\":[\"Technologie\"],\"inLanguage\":\"fr-BE\"},{\"@type\":\"WebPage\",\"@id\":\"https:\/\/vieassociative.be\/actualites\/le-prochain-boox-palma-est-un-mini-carnet-numerique\/\",\"url\":\"https:\/\/vieassociative.be\/actualites\/le-prochain-boox-palma-est-un-mini-carnet-numerique\/\",\"name\":\"Le prochain Boox Palma est un mini carnet num\u00e9rique | Vie Associative\",\"isPartOf\":{\"@id\":\"https:\/\/vieassociative.be\/actualites\/#website\"},\"primaryImageOfPage\":{\"@id\":\"https:\/\/vieassociative.be\/actualites\/le-prochain-boox-palma-est-un-mini-carnet-numerique\/#primaryimage\"},\"image\":{\"@id\":\"https:\/\/vieassociative.be\/actualites\/le-prochain-boox-palma-est-un-mini-carnet-numerique\/#primaryimage\"},\"thumbnailUrl\":\"https:\/\/vieassociative.be\/actualites\/wp-content\/uploads\/2025\/10\/Le-prochain-Boox-Palma-est-un-mini-carnet-numerique.png\",\"datePublished\":\"2025-10-22T17:19:41+00:00\",\"dateModified\":\"2025-10-22T17:19:41+00:00\",\"breadcrumb\":{\"@id\":\"https:\/\/vieassociative.be\/actualites\/le-prochain-boox-palma-est-un-mini-carnet-numerique\/#breadcrumb\"},\"inLanguage\":\"fr-BE\",\"potentialAction\":[{\"@type\":\"ReadAction\",\"target\":[\"https:\/\/vieassociative.be\/actualites\/le-prochain-boox-palma-est-un-mini-carnet-numerique\/\"]}]},{\"@type\":\"ImageObject\",\"inLanguage\":\"fr-BE\",\"@id\":\"https:\/\/vieassociative.be\/actualites\/le-prochain-boox-palma-est-un-mini-carnet-numerique\/#primaryimage\",\"url\":\"https:\/\/vieassociative.be\/actualites\/wp-content\/uploads\/2025\/10\/Le-prochain-Boox-Palma-est-un-mini-carnet-numerique.png\",\"contentUrl\":\"https:\/\/vieassociative.be\/actualites\/wp-content\/uploads\/2025\/10\/Le-prochain-Boox-Palma-est-un-mini-carnet-numerique.png\",\"width\":1200,\"height\":675,\"caption\":\"Le prochain Boox Palma est un mini carnet num\u00e9rique\"},{\"@type\":\"BreadcrumbList\",\"@id\":\"https:\/\/vieassociative.be\/actualites\/le-prochain-boox-palma-est-un-mini-carnet-numerique\/#breadcrumb\",\"itemListElement\":[{\"@type\":\"ListItem\",\"position\":1,\"name\":\"Accueil\",\"item\":\"https:\/\/vieassociative.be\/actualites\/\"},{\"@type\":\"ListItem\",\"position\":2,\"name\":\"Le prochain Boox Palma est un mini carnet num\u00e9rique\"}]},{\"@type\":\"WebSite\",\"@id\":\"https:\/\/vieassociative.be\/actualites\/#website\",\"url\":\"https:\/\/vieassociative.be\/actualites\/\",\"name\":\"Vie Associative\",\"description\":\"\",\"publisher\":{\"@id\":\"https:\/\/vieassociative.be\/actualites\/#organization\"},\"potentialAction\":[{\"@type\":\"SearchAction\",\"target\":{\"@type\":\"EntryPoint\",\"urlTemplate\":\"https:\/\/vieassociative.be\/actualites\/?s={search_term_string}\"},\"query-input\":{\"@type\":\"PropertyValueSpecification\",\"valueRequired\":true,\"valueName\":\"search_term_string\"}}],\"inLanguage\":\"fr-BE\"},{\"@type\":\"Organization\",\"@id\":\"https:\/\/vieassociative.be\/actualites\/#organization\",\"name\":\"Vie Associative\",\"url\":\"https:\/\/vieassociative.be\/actualites\/\",\"logo\":{\"@type\":\"ImageObject\",\"inLanguage\":\"fr-BE\",\"@id\":\"https:\/\/vieassociative.be\/actualites\/#\/schema\/logo\/image\/\",\"url\":\"https:\/\/vieassociative.be\/actualites\/wp-content\/uploads\/2024\/09\/cropped-vieassociative_favicon.ico.png\",\"contentUrl\":\"https:\/\/vieassociative.be\/actualites\/wp-content\/uploads\/2024\/09\/cropped-vieassociative_favicon.ico.png\",\"width\":512,\"height\":512,\"caption\":\"Vie Associative\"},\"image\":{\"@id\":\"https:\/\/vieassociative.be\/actualites\/#\/schema\/logo\/image\/\"}},{\"@type\":\"Person\",\"@id\":\"https:\/\/vieassociative.be\/actualites\/#\/schema\/person\/b87ac4f82f9d4e7b7cec7395b679edc4\",\"name\":\"Julien\",\"image\":{\"@type\":\"ImageObject\",\"inLanguage\":\"fr-BE\",\"@id\":\"https:\/\/vieassociative.be\/actualites\/#\/schema\/person\/image\/\",\"url\":\"https:\/\/vieassociative.be\/actualites\/wp-content\/uploads\/2024\/09\/vie-associative-1-150x150.jpg\",\"contentUrl\":\"https:\/\/vieassociative.be\/actualites\/wp-content\/uploads\/2024\/09\/vie-associative-1-150x150.jpg\",\"caption\":\"Julien\"},\"description\":\"Je suis Julien, r\u00e9dacteur pour Vie Associative. Passionn\u00e9 par le monde associatif depuis plus de 10 ans, j'ai \u00e0 c\u0153ur de partager des histoires inspirantes et de mettre en lumi\u00e8re les initiatives locales. Mon objectif est de sensibiliser et d'encourager l'engagement communautaire \u00e0 travers mes articles.\",\"sameAs\":[\"https:\/\/vieassociative.be\/\"]}]}<\/script>\n<!-- \/ Yoast SEO plugin. -->","yoast_head_json":{"title":"Le prochain Boox Palma est un mini carnet num\u00e9rique | Vie Associative","robots":{"index":"index","follow":"follow","max-snippet":"max-snippet:-1","max-image-preview":"max-image-preview:large","max-video-preview":"max-video-preview:-1"},"canonical":"https:\/\/vieassociative.be\/actualites\/le-prochain-boox-palma-est-un-mini-carnet-numerique\/","og_locale":"fr_FR","og_type":"article","og_title":"Le prochain Boox Palma est un mini carnet num\u00e9rique | Vie Associative","og_description":"L&rsquo;appareil en forme de t\u00e9l\u00e9phone prend en charge les donn\u00e9es mobiles et un stylet. Depuis sa sortie en 2023, la liseuse Boox Palma \u2013 et","og_url":"https:\/\/vieassociative.be\/actualites\/le-prochain-boox-palma-est-un-mini-carnet-numerique\/","og_site_name":"Vie Associative","article_published_time":"2025-10-22T17:19:41+00:00","og_image":[{"url":"https:\/\/vieassociative.be\/actualites\/wp-content\/uploads\/2025\/09\/1757726237_608_Meta-pourrait-devoiler-une-montre-intelligente-pour-controler-ses-lunettes.jpg","type":"","width":"","height":""}],"author":"Julien","twitter_card":"summary_large_image","twitter_misc":{"\u00c9crit par":"Julien","Dur\u00e9e de lecture est.":"6 minutes"},"schema":{"@context":"https:\/\/schema.org","@graph":[{"@type":"Article","@id":"https:\/\/vieassociative.be\/actualites\/le-prochain-boox-palma-est-un-mini-carnet-numerique\/#article","isPartOf":{"@id":"https:\/\/vieassociative.be\/actualites\/le-prochain-boox-palma-est-un-mini-carnet-numerique\/"},"author":{"name":"Julien","@id":"https:\/\/vieassociative.be\/actualites\/#\/schema\/person\/b87ac4f82f9d4e7b7cec7395b679edc4"},"headline":"Le prochain Boox Palma est un mini carnet num\u00e9rique","datePublished":"2025-10-22T17:19:41+00:00","dateModified":"2025-10-22T17:19:41+00:00","mainEntityOfPage":{"@id":"https:\/\/vieassociative.be\/actualites\/le-prochain-boox-palma-est-un-mini-carnet-numerique\/"},"wordCount":1212,"publisher":{"@id":"https:\/\/vieassociative.be\/actualites\/#organization"},"image":{"@id":"https:\/\/vieassociative.be\/actualites\/le-prochain-boox-palma-est-un-mini-carnet-numerique\/#primaryimage"},"thumbnailUrl":"https:\/\/vieassociative.be\/actualites\/wp-content\/uploads\/2025\/10\/Le-prochain-Boox-Palma-est-un-mini-carnet-numerique.png","keywords":["Boox","carnet","est","Mini","num\u00e9rique","Palma","prochain"],"articleSection":["Technologie"],"inLanguage":"fr-BE"},{"@type":"WebPage","@id":"https:\/\/vieassociative.be\/actualites\/le-prochain-boox-palma-est-un-mini-carnet-numerique\/","url":"https:\/\/vieassociative.be\/actualites\/le-prochain-boox-palma-est-un-mini-carnet-numerique\/","name":"Le prochain Boox Palma est un mini carnet num\u00e9rique | Vie Associative","isPartOf":{"@id":"https:\/\/vieassociative.be\/actualites\/#website"},"primaryImageOfPage":{"@id":"https:\/\/vieassociative.be\/actualites\/le-prochain-boox-palma-est-un-mini-carnet-numerique\/#primaryimage"},"image":{"@id":"https:\/\/vieassociative.be\/actualites\/le-prochain-boox-palma-est-un-mini-carnet-numerique\/#primaryimage"},"thumbnailUrl":"https:\/\/vieassociative.be\/actualites\/wp-content\/uploads\/2025\/10\/Le-prochain-Boox-Palma-est-un-mini-carnet-numerique.png","datePublished":"2025-10-22T17:19:41+00:00","dateModified":"2025-10-22T17:19:41+00:00","breadcrumb":{"@id":"https:\/\/vieassociative.be\/actualites\/le-prochain-boox-palma-est-un-mini-carnet-numerique\/#breadcrumb"},"inLanguage":"fr-BE","potentialAction":[{"@type":"ReadAction","target":["https:\/\/vieassociative.be\/actualites\/le-prochain-boox-palma-est-un-mini-carnet-numerique\/"]}]},{"@type":"ImageObject","inLanguage":"fr-BE","@id":"https:\/\/vieassociative.be\/actualites\/le-prochain-boox-palma-est-un-mini-carnet-numerique\/#primaryimage","url":"https:\/\/vieassociative.be\/actualites\/wp-content\/uploads\/2025\/10\/Le-prochain-Boox-Palma-est-un-mini-carnet-numerique.png","contentUrl":"https:\/\/vieassociative.be\/actualites\/wp-content\/uploads\/2025\/10\/Le-prochain-Boox-Palma-est-un-mini-carnet-numerique.png","width":1200,"height":675,"caption":"Le prochain Boox Palma est un mini carnet num\u00e9rique"},{"@type":"BreadcrumbList","@id":"https:\/\/vieassociative.be\/actualites\/le-prochain-boox-palma-est-un-mini-carnet-numerique\/#breadcrumb","itemListElement":[{"@type":"ListItem","position":1,"name":"Accueil","item":"https:\/\/vieassociative.be\/actualites\/"},{"@type":"ListItem","position":2,"name":"Le prochain Boox Palma est un mini carnet num\u00e9rique"}]},{"@type":"WebSite","@id":"https:\/\/vieassociative.be\/actualites\/#website","url":"https:\/\/vieassociative.be\/actualites\/","name":"Vie Associative","description":"","publisher":{"@id":"https:\/\/vieassociative.be\/actualites\/#organization"},"potentialAction":[{"@type":"SearchAction","target":{"@type":"EntryPoint","urlTemplate":"https:\/\/vieassociative.be\/actualites\/?s={search_term_string}"},"query-input":{"@type":"PropertyValueSpecification","valueRequired":true,"valueName":"search_term_string"}}],"inLanguage":"fr-BE"},{"@type":"Organization","@id":"https:\/\/vieassociative.be\/actualites\/#organization","name":"Vie Associative","url":"https:\/\/vieassociative.be\/actualites\/","logo":{"@type":"ImageObject","inLanguage":"fr-BE","@id":"https:\/\/vieassociative.be\/actualites\/#\/schema\/logo\/image\/","url":"https:\/\/vieassociative.be\/actualites\/wp-content\/uploads\/2024\/09\/cropped-vieassociative_favicon.ico.png","contentUrl":"https:\/\/vieassociative.be\/actualites\/wp-content\/uploads\/2024\/09\/cropped-vieassociative_favicon.ico.png","width":512,"height":512,"caption":"Vie Associative"},"image":{"@id":"https:\/\/vieassociative.be\/actualites\/#\/schema\/logo\/image\/"}},{"@type":"Person","@id":"https:\/\/vieassociative.be\/actualites\/#\/schema\/person\/b87ac4f82f9d4e7b7cec7395b679edc4","name":"Julien","image":{"@type":"ImageObject","inLanguage":"fr-BE","@id":"https:\/\/vieassociative.be\/actualites\/#\/schema\/person\/image\/","url":"https:\/\/vieassociative.be\/actualites\/wp-content\/uploads\/2024\/09\/vie-associative-1-150x150.jpg","contentUrl":"https:\/\/vieassociative.be\/actualites\/wp-content\/uploads\/2024\/09\/vie-associative-1-150x150.jpg","caption":"Julien"},"description":"Je suis Julien, r\u00e9dacteur pour Vie Associative. Passionn\u00e9 par le monde associatif depuis plus de 10 ans, j'ai \u00e0 c\u0153ur de partager des histoires inspirantes et de mettre en lumi\u00e8re les initiatives locales. Mon objectif est de sensibiliser et d'encourager l'engagement communautaire \u00e0 travers mes articles.","sameAs":["https:\/\/vieassociative.be\/"]}]}},"_links":{"self":[{"href":"https:\/\/vieassociative.be\/actualites\/wp-json\/wp\/v2\/posts\/10830"}],"collection":[{"href":"https:\/\/vieassociative.be\/actualites\/wp-json\/wp\/v2\/posts"}],"about":[{"href":"https:\/\/vieassociative.be\/actualites\/wp-json\/wp\/v2\/types\/post"}],"author":[{"embeddable":true,"href":"https:\/\/vieassociative.be\/actualites\/wp-json\/wp\/v2\/users\/1"}],"replies":[{"embeddable":true,"href":"https:\/\/vieassociative.be\/actualites\/wp-json\/wp\/v2\/comments?post=10830"}],"version-history":[{"count":0,"href":"https:\/\/vieassociative.be\/actualites\/wp-json\/wp\/v2\/posts\/10830\/revisions"}],"wp:featuredmedia":[{"embeddable":true,"href":"https:\/\/vieassociative.be\/actualites\/wp-json\/wp\/v2\/media\/10831"}],"wp:attachment":[{"href":"https:\/\/vieassociative.be\/actualites\/wp-json\/wp\/v2\/media?parent=10830"}],"wp:term":[{"taxonomy":"category","embeddable":true,"href":"https:\/\/vieassociative.be\/actualites\/wp-json\/wp\/v2\/categories?post=10830"},{"taxonomy":"post_tag","embeddable":true,"href":"https:\/\/vieassociative.be\/actualites\/wp-json\/wp\/v2\/tags?post=10830"}],"curies":[{"name":"wp","href":"https:\/\/api.w.org\/{rel}","templated":true}]}}