{"id":10828,"date":"2025-10-22T16:17:17","date_gmt":"2025-10-22T14:17:17","guid":{"rendered":"https:\/\/vieassociative.be\/actualites\/la-presse-critique-les-syndicats-greve-de-trois-jours-en-novembre-contre-productive-et-trois-fois-stupide\/"},"modified":"2025-10-22T16:17:17","modified_gmt":"2025-10-22T14:17:17","slug":"la-presse-critique-les-syndicats-greve-de-trois-jours-en-novembre-contre-productive-et-trois-fois-stupide","status":"publish","type":"post","link":"https:\/\/vieassociative.be\/actualites\/la-presse-critique-les-syndicats-greve-de-trois-jours-en-novembre-contre-productive-et-trois-fois-stupide\/","title":{"rendered":"La presse critique les syndicats : gr\u00e8ve de trois jours en novembre \u00ab contre-productive \u00bb et \u00ab trois fois stupide \u00bb"},"content":{"rendered":"<p><strong>A la suite du grand rassemblement national auquel ont particip\u00e9 entre 80 000 et 140 000 personnes, les syndicats ont annonc\u00e9 mardi une gr\u00e8ve de trois jours, du 24 au 26 novembre. L&rsquo;annonce a \u00e9t\u00e9 vivement critiqu\u00e9e dans les journaux belges,<\/strong><\/p>\n<p><span id=\"more-427826\"><\/span>Plusieurs journaux ont d\u00e9nonc\u00e9 mercredi une action contre-productive, mal cibl\u00e9e et sans rapport avec les priorit\u00e9s \u00e9conomiques du pays.<\/p>\n<p>\u00ab\u00a0Trois fois stupide\u00a0\u00bb, titre sans d\u00e9tour \u00ab\u00a0Het Nieuwsblad\u00a0\u00bb mercredi. Le journal flamand n&rsquo;est pas le seul \u00e0 exprimer sa col\u00e8re face \u00e0 cette nouvelle mobilisation. Il y a aussi des critiques dans la partie francophone du pays. Cette gr\u00e8ve touche en priorit\u00e9 ceux que les syndicats sont cens\u00e9s d\u00e9fendre : les travailleurs pr\u00e9caires, les familles sans voiture, les \u00e9tudiants sans moyens financiers ou les salari\u00e9s au temps fractionn\u00e9.<\/p>\n<\/p>\n<div id=\"attachment_352171\" class=\"wp-caption alignleft\" style=\"max-width: 300px\"><img fetchpriority=\"high\" decoding=\"async\" class=\"wp-image-352171 size-medium\" src=\"https:\/\/vieassociative.be\/actualites\/wp-content\/uploads\/2025\/10\/La-presse-critique-les-syndicats-greve-de-trois-jours.jpeg\" alt=\"\" width=\"300\" height=\"200\"  ><\/div>\n<p>\u00ab\u00a0Trois jours de gr\u00e8ve, c&rsquo;est trois jours sans transports en commun, sans cr\u00e8che et avec une administration quasiment paralys\u00e9e\u00a0\u00bb, estime La Libre.<\/p>\n<p>\u00ab\u00a0Les syndicats cens\u00e9s prot\u00e9ger les plus fragiles finissent par les discriminer\u00a0\u00bb, fustige \u00ab\u00a0La Libre\u00a0\u00bb et conclut : \u00ab\u00a0Quand on brandit constamment le drapeau de la justice sociale, on oublie parfois qui tient le m\u00e2t.\u00a0\u00bb Le pays n\u2019a pas besoin d\u2019une lutte de pouvoir, mais plut\u00f4t d\u2019un nouveau d\u00e9part.<\/p>\n<p>Autre argument souvent repris dans la presse : le pays n\u2019a plus le choix. La dette nationale catastrophique rend les \u00e9conomies in\u00e9vitables.<\/p>\n<p>Le \u00ab Gazet van Antwerpen \u00bb s\u2019interroge : \u00ab Pouvons-nous enfin commencer \u00e0 faire des \u00e9conomies ? De Standaard rappelle que les travailleurs ne sont pas aussi durement touch\u00e9s que le pr\u00e9tendent les syndicats. M\u00eame si les questions des retraites et des emplois flexibles restent sensibles, des compromis sont n\u00e9cessaires et la situation budg\u00e9taire exige des d\u00e9cisions courageuses. \u00ab\u00a0Il n&rsquo;y a pas d&rsquo;autre choix.\u00a0\u00bb<\/p>\n<p>Le journal \u00ab L&rsquo;\u00c9cho \u00bb met en garde contre une polarisation st\u00e9rile. Personne ne sortira gagnant de ce blocus : \u00ab Ni les syndicats, ni le gouvernement et surtout pas le pays \u00bb.<\/p>\n<div id=\"attachment_320920\" class=\"wp-caption alignleft\" style=\"max-width: 300px\"><img decoding=\"async\" class=\"wp-image-320920 size-medium\" src=\"https:\/\/vieassociative.be\/actualites\/wp-content\/uploads\/2025\/10\/1761142637_677_La-presse-critique-les-syndicats-greve-de-trois-jours.jpeg\" alt=\"\" width=\"300\" height=\"200\"><\/div>\n<p>De son c\u00f4t\u00e9, \u00ab De Standaard \u00bb rappelle la v\u00e9ritable t\u00e2che des syndicats : \u00ab Leur r\u00f4le n&rsquo;est pas de remplir les rues de foules, mais de d\u00e9fendre les int\u00e9r\u00eats de leurs membres de mani\u00e8re prudente. \u00bb Une bonne gestion des finances publiques b\u00e9n\u00e9ficierait \u00e0 tous les Belges, y compris aux syndicalistes eux-m\u00eames.<\/p>\n<p>\u00ab Mais pourquoi les syndicats lancent-ils cette nouvelle gr\u00e8ve, malgr\u00e9 les critiques et le risque de perdre le soutien de la population ? s&rsquo;interroge la RTBF. \u00ab Het Nieuwsblad \u00bb donne une explication : les syndicats ont perdu une partie de leur influence et tentent de justifier leur r\u00f4le par des actions spectaculaires. \u00ab Les syndicats vivent dans leur propre monde nostalgique \u00bb, \u00e9crit le journal. \u00ab\u00a0Quand ils pr\u00e9tendent organiser ces actions pour le peuple, les gens n&rsquo;y croient tout simplement plus.\u00a0\u00bb<\/p>\n<p>Conclusion de Het Nieuwsblad : \u00ab\u00a0Les syndicats sont et restent n\u00e9cessaires pour corriger les exc\u00e8s de la politique. Mais il est regrettable qu&rsquo;ils gaspillent autant d&rsquo;\u00e9nergie dans une gr\u00e8ve dont personne ne profite r\u00e9ellement &#8211; sauf peut-\u00eatre eux-m\u00eames, dans une vaine tentative de prouver leur utilit\u00e9.\u00a0\u00bb (cr\u00e9er)<\/p>\n","protected":false},"excerpt":{"rendered":"<p>A la suite du grand rassemblement national auquel ont particip\u00e9 entre 80 000 et 140 000 personnes, les syndicats ont annonc\u00e9 mardi une gr\u00e8ve de<\/p>\n","protected":false},"author":1,"featured_media":10829,"comment_status":"","ping_status":"","sticky":false,"template":"","format":"standard","meta":{"footnotes":""},"categories":[298],"tags":[9005,3364,774,3095,937,14,1894,4842,6094,9004,771],"class_list":["post-10828","post","type-post","status-publish","format-standard","has-post-thumbnail","hentry","category-belgique","tag-contreproductive","tag-critique","tag-fois","tag-greve","tag-jours","tag-les","tag-novembre","tag-presse","tag-stupide","tag-syndicats","tag-trois","generate-columns","tablet-grid-50","mobile-grid-100","grid-parent","grid-33"],"yoast_head":"<!-- This site is optimized with the Yoast SEO plugin v24.0 - https:\/\/yoast.com\/wordpress\/plugins\/seo\/ -->\n<title>La presse critique les syndicats : gr\u00e8ve de trois jours en novembre \u00ab contre-productive \u00bb et \u00ab trois fois stupide \u00bb | Vie Associative<\/title>\n<meta name=\"robots\" content=\"index, follow, max-snippet:-1, max-image-preview:large, max-video-preview:-1\" \/>\n<link rel=\"canonical\" href=\"https:\/\/vieassociative.be\/actualites\/la-presse-critique-les-syndicats-greve-de-trois-jours-en-novembre-contre-productive-et-trois-fois-stupide\/\" \/>\n<meta property=\"og:locale\" content=\"fr_FR\" \/>\n<meta property=\"og:type\" content=\"article\" \/>\n<meta property=\"og:title\" content=\"La presse critique les syndicats : gr\u00e8ve de trois jours en novembre \u00ab contre-productive \u00bb et \u00ab trois fois stupide \u00bb | Vie Associative\" \/>\n<meta property=\"og:description\" content=\"A la suite du grand rassemblement national auquel ont particip\u00e9 entre 80 000 et 140 000 personnes, les syndicats ont annonc\u00e9 mardi une gr\u00e8ve de\" \/>\n<meta property=\"og:url\" content=\"https:\/\/vieassociative.be\/actualites\/la-presse-critique-les-syndicats-greve-de-trois-jours-en-novembre-contre-productive-et-trois-fois-stupide\/\" \/>\n<meta property=\"og:site_name\" content=\"Vie Associative\" \/>\n<meta property=\"article:published_time\" content=\"2025-10-22T14:17:17+00:00\" \/>\n<meta property=\"og:image\" content=\"https:\/\/vieassociative.be\/actualites\/wp-content\/uploads\/2024\/09\/header_backgroundk-01-e1726694325946.png\" \/>\n\t<meta property=\"og:image:width\" content=\"279\" \/>\n\t<meta property=\"og:image:height\" content=\"92\" \/>\n\t<meta property=\"og:image:type\" content=\"image\/png\" \/>\n<meta name=\"author\" content=\"Julien\" \/>\n<meta name=\"twitter:card\" content=\"summary_large_image\" \/>\n<meta name=\"twitter:label1\" content=\"\u00c9crit par\" \/>\n\t<meta name=\"twitter:data1\" content=\"Julien\" \/>\n\t<meta name=\"twitter:label2\" content=\"Dur\u00e9e de lecture est.\" \/>\n\t<meta name=\"twitter:data2\" content=\"3 minutes\" \/>\n<script type=\"application\/ld+json\" class=\"yoast-schema-graph\">{\"@context\":\"https:\/\/schema.org\",\"@graph\":[{\"@type\":\"Article\",\"@id\":\"https:\/\/vieassociative.be\/actualites\/la-presse-critique-les-syndicats-greve-de-trois-jours-en-novembre-contre-productive-et-trois-fois-stupide\/#article\",\"isPartOf\":{\"@id\":\"https:\/\/vieassociative.be\/actualites\/la-presse-critique-les-syndicats-greve-de-trois-jours-en-novembre-contre-productive-et-trois-fois-stupide\/\"},\"author\":{\"name\":\"Julien\",\"@id\":\"https:\/\/vieassociative.be\/actualites\/#\/schema\/person\/b87ac4f82f9d4e7b7cec7395b679edc4\"},\"headline\":\"La presse critique les syndicats : gr\u00e8ve de trois jours en novembre \u00ab contre-productive \u00bb et \u00ab trois fois stupide \u00bb\",\"datePublished\":\"2025-10-22T14:17:17+00:00\",\"dateModified\":\"2025-10-22T14:17:17+00:00\",\"mainEntityOfPage\":{\"@id\":\"https:\/\/vieassociative.be\/actualites\/la-presse-critique-les-syndicats-greve-de-trois-jours-en-novembre-contre-productive-et-trois-fois-stupide\/\"},\"wordCount\":545,\"publisher\":{\"@id\":\"https:\/\/vieassociative.be\/actualites\/#organization\"},\"image\":{\"@id\":\"https:\/\/vieassociative.be\/actualites\/la-presse-critique-les-syndicats-greve-de-trois-jours-en-novembre-contre-productive-et-trois-fois-stupide\/#primaryimage\"},\"thumbnailUrl\":\"https:\/\/vieassociative.be\/actualites\/wp-content\/uploads\/2025\/10\/La-presse-critique-les-syndicats-greve-de-trois-jours.jpg\",\"keywords\":[\"contreproductive\",\"critique\",\"fois\",\"gr\u00e8ve\",\"jours\",\"Les\",\"novembre\",\"presse\",\"stupide\",\"syndicats\",\"trois\"],\"articleSection\":[\"Belgique\"],\"inLanguage\":\"fr-BE\"},{\"@type\":\"WebPage\",\"@id\":\"https:\/\/vieassociative.be\/actualites\/la-presse-critique-les-syndicats-greve-de-trois-jours-en-novembre-contre-productive-et-trois-fois-stupide\/\",\"url\":\"https:\/\/vieassociative.be\/actualites\/la-presse-critique-les-syndicats-greve-de-trois-jours-en-novembre-contre-productive-et-trois-fois-stupide\/\",\"name\":\"La presse critique les syndicats : gr\u00e8ve de trois jours en novembre \u00ab contre-productive \u00bb et \u00ab trois fois stupide \u00bb | Vie Associative\",\"isPartOf\":{\"@id\":\"https:\/\/vieassociative.be\/actualites\/#website\"},\"primaryImageOfPage\":{\"@id\":\"https:\/\/vieassociative.be\/actualites\/la-presse-critique-les-syndicats-greve-de-trois-jours-en-novembre-contre-productive-et-trois-fois-stupide\/#primaryimage\"},\"image\":{\"@id\":\"https:\/\/vieassociative.be\/actualites\/la-presse-critique-les-syndicats-greve-de-trois-jours-en-novembre-contre-productive-et-trois-fois-stupide\/#primaryimage\"},\"thumbnailUrl\":\"https:\/\/vieassociative.be\/actualites\/wp-content\/uploads\/2025\/10\/La-presse-critique-les-syndicats-greve-de-trois-jours.jpg\",\"datePublished\":\"2025-10-22T14:17:17+00:00\",\"dateModified\":\"2025-10-22T14:17:17+00:00\",\"breadcrumb\":{\"@id\":\"https:\/\/vieassociative.be\/actualites\/la-presse-critique-les-syndicats-greve-de-trois-jours-en-novembre-contre-productive-et-trois-fois-stupide\/#breadcrumb\"},\"inLanguage\":\"fr-BE\",\"potentialAction\":[{\"@type\":\"ReadAction\",\"target\":[\"https:\/\/vieassociative.be\/actualites\/la-presse-critique-les-syndicats-greve-de-trois-jours-en-novembre-contre-productive-et-trois-fois-stupide\/\"]}]},{\"@type\":\"ImageObject\",\"inLanguage\":\"fr-BE\",\"@id\":\"https:\/\/vieassociative.be\/actualites\/la-presse-critique-les-syndicats-greve-de-trois-jours-en-novembre-contre-productive-et-trois-fois-stupide\/#primaryimage\",\"url\":\"https:\/\/vieassociative.be\/actualites\/wp-content\/uploads\/2025\/10\/La-presse-critique-les-syndicats-greve-de-trois-jours.jpg\",\"contentUrl\":\"https:\/\/vieassociative.be\/actualites\/wp-content\/uploads\/2025\/10\/La-presse-critique-les-syndicats-greve-de-trois-jours.jpg\",\"width\":900,\"height\":602,\"caption\":\"La presse critique les syndicats : gr\u00e8ve de trois jours en novembre \u00ab contre-productive \u00bb et \u00ab trois fois stupide \u00bb\"},{\"@type\":\"BreadcrumbList\",\"@id\":\"https:\/\/vieassociative.be\/actualites\/la-presse-critique-les-syndicats-greve-de-trois-jours-en-novembre-contre-productive-et-trois-fois-stupide\/#breadcrumb\",\"itemListElement\":[{\"@type\":\"ListItem\",\"position\":1,\"name\":\"Accueil\",\"item\":\"https:\/\/vieassociative.be\/actualites\/\"},{\"@type\":\"ListItem\",\"position\":2,\"name\":\"La presse critique les syndicats : gr\u00e8ve de trois jours en novembre \u00ab contre-productive \u00bb et \u00ab trois fois stupide \u00bb\"}]},{\"@type\":\"WebSite\",\"@id\":\"https:\/\/vieassociative.be\/actualites\/#website\",\"url\":\"https:\/\/vieassociative.be\/actualites\/\",\"name\":\"Vie Associative\",\"description\":\"\",\"publisher\":{\"@id\":\"https:\/\/vieassociative.be\/actualites\/#organization\"},\"potentialAction\":[{\"@type\":\"SearchAction\",\"target\":{\"@type\":\"EntryPoint\",\"urlTemplate\":\"https:\/\/vieassociative.be\/actualites\/?s={search_term_string}\"},\"query-input\":{\"@type\":\"PropertyValueSpecification\",\"valueRequired\":true,\"valueName\":\"search_term_string\"}}],\"inLanguage\":\"fr-BE\"},{\"@type\":\"Organization\",\"@id\":\"https:\/\/vieassociative.be\/actualites\/#organization\",\"name\":\"Vie Associative\",\"url\":\"https:\/\/vieassociative.be\/actualites\/\",\"logo\":{\"@type\":\"ImageObject\",\"inLanguage\":\"fr-BE\",\"@id\":\"https:\/\/vieassociative.be\/actualites\/#\/schema\/logo\/image\/\",\"url\":\"https:\/\/vieassociative.be\/actualites\/wp-content\/uploads\/2024\/09\/cropped-vieassociative_favicon.ico.png\",\"contentUrl\":\"https:\/\/vieassociative.be\/actualites\/wp-content\/uploads\/2024\/09\/cropped-vieassociative_favicon.ico.png\",\"width\":512,\"height\":512,\"caption\":\"Vie Associative\"},\"image\":{\"@id\":\"https:\/\/vieassociative.be\/actualites\/#\/schema\/logo\/image\/\"}},{\"@type\":\"Person\",\"@id\":\"https:\/\/vieassociative.be\/actualites\/#\/schema\/person\/b87ac4f82f9d4e7b7cec7395b679edc4\",\"name\":\"Julien\",\"image\":{\"@type\":\"ImageObject\",\"inLanguage\":\"fr-BE\",\"@id\":\"https:\/\/vieassociative.be\/actualites\/#\/schema\/person\/image\/\",\"url\":\"https:\/\/vieassociative.be\/actualites\/wp-content\/uploads\/2024\/09\/vie-associative-1-150x150.jpg\",\"contentUrl\":\"https:\/\/vieassociative.be\/actualites\/wp-content\/uploads\/2024\/09\/vie-associative-1-150x150.jpg\",\"caption\":\"Julien\"},\"description\":\"Je suis Julien, r\u00e9dacteur pour Vie Associative. Passionn\u00e9 par le monde associatif depuis plus de 10 ans, j'ai \u00e0 c\u0153ur de partager des histoires inspirantes et de mettre en lumi\u00e8re les initiatives locales. Mon objectif est de sensibiliser et d'encourager l'engagement communautaire \u00e0 travers mes articles.\",\"sameAs\":[\"https:\/\/vieassociative.be\/\"]}]}<\/script>\n<!-- \/ Yoast SEO plugin. -->","yoast_head_json":{"title":"La presse critique les syndicats : gr\u00e8ve de trois jours en novembre \u00ab contre-productive \u00bb et \u00ab trois fois stupide \u00bb | Vie Associative","robots":{"index":"index","follow":"follow","max-snippet":"max-snippet:-1","max-image-preview":"max-image-preview:large","max-video-preview":"max-video-preview:-1"},"canonical":"https:\/\/vieassociative.be\/actualites\/la-presse-critique-les-syndicats-greve-de-trois-jours-en-novembre-contre-productive-et-trois-fois-stupide\/","og_locale":"fr_FR","og_type":"article","og_title":"La presse critique les syndicats : gr\u00e8ve de trois jours en novembre \u00ab contre-productive \u00bb et \u00ab trois fois stupide \u00bb | Vie Associative","og_description":"A la suite du grand rassemblement national auquel ont particip\u00e9 entre 80 000 et 140 000 personnes, les syndicats ont annonc\u00e9 mardi une gr\u00e8ve de","og_url":"https:\/\/vieassociative.be\/actualites\/la-presse-critique-les-syndicats-greve-de-trois-jours-en-novembre-contre-productive-et-trois-fois-stupide\/","og_site_name":"Vie Associative","article_published_time":"2025-10-22T14:17:17+00:00","og_image":[{"width":279,"height":92,"url":"https:\/\/vieassociative.be\/actualites\/wp-content\/uploads\/2024\/09\/header_backgroundk-01-e1726694325946.png","type":"image\/png"}],"author":"Julien","twitter_card":"summary_large_image","twitter_misc":{"\u00c9crit par":"Julien","Dur\u00e9e de lecture est.":"3 minutes"},"schema":{"@context":"https:\/\/schema.org","@graph":[{"@type":"Article","@id":"https:\/\/vieassociative.be\/actualites\/la-presse-critique-les-syndicats-greve-de-trois-jours-en-novembre-contre-productive-et-trois-fois-stupide\/#article","isPartOf":{"@id":"https:\/\/vieassociative.be\/actualites\/la-presse-critique-les-syndicats-greve-de-trois-jours-en-novembre-contre-productive-et-trois-fois-stupide\/"},"author":{"name":"Julien","@id":"https:\/\/vieassociative.be\/actualites\/#\/schema\/person\/b87ac4f82f9d4e7b7cec7395b679edc4"},"headline":"La presse critique les syndicats : gr\u00e8ve de trois jours en novembre \u00ab contre-productive \u00bb et \u00ab trois fois stupide \u00bb","datePublished":"2025-10-22T14:17:17+00:00","dateModified":"2025-10-22T14:17:17+00:00","mainEntityOfPage":{"@id":"https:\/\/vieassociative.be\/actualites\/la-presse-critique-les-syndicats-greve-de-trois-jours-en-novembre-contre-productive-et-trois-fois-stupide\/"},"wordCount":545,"publisher":{"@id":"https:\/\/vieassociative.be\/actualites\/#organization"},"image":{"@id":"https:\/\/vieassociative.be\/actualites\/la-presse-critique-les-syndicats-greve-de-trois-jours-en-novembre-contre-productive-et-trois-fois-stupide\/#primaryimage"},"thumbnailUrl":"https:\/\/vieassociative.be\/actualites\/wp-content\/uploads\/2025\/10\/La-presse-critique-les-syndicats-greve-de-trois-jours.jpg","keywords":["contreproductive","critique","fois","gr\u00e8ve","jours","Les","novembre","presse","stupide","syndicats","trois"],"articleSection":["Belgique"],"inLanguage":"fr-BE"},{"@type":"WebPage","@id":"https:\/\/vieassociative.be\/actualites\/la-presse-critique-les-syndicats-greve-de-trois-jours-en-novembre-contre-productive-et-trois-fois-stupide\/","url":"https:\/\/vieassociative.be\/actualites\/la-presse-critique-les-syndicats-greve-de-trois-jours-en-novembre-contre-productive-et-trois-fois-stupide\/","name":"La presse critique les syndicats : gr\u00e8ve de trois jours en novembre \u00ab contre-productive \u00bb et \u00ab trois fois stupide \u00bb | Vie Associative","isPartOf":{"@id":"https:\/\/vieassociative.be\/actualites\/#website"},"primaryImageOfPage":{"@id":"https:\/\/vieassociative.be\/actualites\/la-presse-critique-les-syndicats-greve-de-trois-jours-en-novembre-contre-productive-et-trois-fois-stupide\/#primaryimage"},"image":{"@id":"https:\/\/vieassociative.be\/actualites\/la-presse-critique-les-syndicats-greve-de-trois-jours-en-novembre-contre-productive-et-trois-fois-stupide\/#primaryimage"},"thumbnailUrl":"https:\/\/vieassociative.be\/actualites\/wp-content\/uploads\/2025\/10\/La-presse-critique-les-syndicats-greve-de-trois-jours.jpg","datePublished":"2025-10-22T14:17:17+00:00","dateModified":"2025-10-22T14:17:17+00:00","breadcrumb":{"@id":"https:\/\/vieassociative.be\/actualites\/la-presse-critique-les-syndicats-greve-de-trois-jours-en-novembre-contre-productive-et-trois-fois-stupide\/#breadcrumb"},"inLanguage":"fr-BE","potentialAction":[{"@type":"ReadAction","target":["https:\/\/vieassociative.be\/actualites\/la-presse-critique-les-syndicats-greve-de-trois-jours-en-novembre-contre-productive-et-trois-fois-stupide\/"]}]},{"@type":"ImageObject","inLanguage":"fr-BE","@id":"https:\/\/vieassociative.be\/actualites\/la-presse-critique-les-syndicats-greve-de-trois-jours-en-novembre-contre-productive-et-trois-fois-stupide\/#primaryimage","url":"https:\/\/vieassociative.be\/actualites\/wp-content\/uploads\/2025\/10\/La-presse-critique-les-syndicats-greve-de-trois-jours.jpg","contentUrl":"https:\/\/vieassociative.be\/actualites\/wp-content\/uploads\/2025\/10\/La-presse-critique-les-syndicats-greve-de-trois-jours.jpg","width":900,"height":602,"caption":"La presse critique les syndicats : gr\u00e8ve de trois jours en novembre \u00ab contre-productive \u00bb et \u00ab trois fois stupide \u00bb"},{"@type":"BreadcrumbList","@id":"https:\/\/vieassociative.be\/actualites\/la-presse-critique-les-syndicats-greve-de-trois-jours-en-novembre-contre-productive-et-trois-fois-stupide\/#breadcrumb","itemListElement":[{"@type":"ListItem","position":1,"name":"Accueil","item":"https:\/\/vieassociative.be\/actualites\/"},{"@type":"ListItem","position":2,"name":"La presse critique les syndicats : gr\u00e8ve de trois jours en novembre \u00ab contre-productive \u00bb et \u00ab trois fois stupide \u00bb"}]},{"@type":"WebSite","@id":"https:\/\/vieassociative.be\/actualites\/#website","url":"https:\/\/vieassociative.be\/actualites\/","name":"Vie Associative","description":"","publisher":{"@id":"https:\/\/vieassociative.be\/actualites\/#organization"},"potentialAction":[{"@type":"SearchAction","target":{"@type":"EntryPoint","urlTemplate":"https:\/\/vieassociative.be\/actualites\/?s={search_term_string}"},"query-input":{"@type":"PropertyValueSpecification","valueRequired":true,"valueName":"search_term_string"}}],"inLanguage":"fr-BE"},{"@type":"Organization","@id":"https:\/\/vieassociative.be\/actualites\/#organization","name":"Vie Associative","url":"https:\/\/vieassociative.be\/actualites\/","logo":{"@type":"ImageObject","inLanguage":"fr-BE","@id":"https:\/\/vieassociative.be\/actualites\/#\/schema\/logo\/image\/","url":"https:\/\/vieassociative.be\/actualites\/wp-content\/uploads\/2024\/09\/cropped-vieassociative_favicon.ico.png","contentUrl":"https:\/\/vieassociative.be\/actualites\/wp-content\/uploads\/2024\/09\/cropped-vieassociative_favicon.ico.png","width":512,"height":512,"caption":"Vie Associative"},"image":{"@id":"https:\/\/vieassociative.be\/actualites\/#\/schema\/logo\/image\/"}},{"@type":"Person","@id":"https:\/\/vieassociative.be\/actualites\/#\/schema\/person\/b87ac4f82f9d4e7b7cec7395b679edc4","name":"Julien","image":{"@type":"ImageObject","inLanguage":"fr-BE","@id":"https:\/\/vieassociative.be\/actualites\/#\/schema\/person\/image\/","url":"https:\/\/vieassociative.be\/actualites\/wp-content\/uploads\/2024\/09\/vie-associative-1-150x150.jpg","contentUrl":"https:\/\/vieassociative.be\/actualites\/wp-content\/uploads\/2024\/09\/vie-associative-1-150x150.jpg","caption":"Julien"},"description":"Je suis Julien, r\u00e9dacteur pour Vie Associative. Passionn\u00e9 par le monde associatif depuis plus de 10 ans, j'ai \u00e0 c\u0153ur de partager des histoires inspirantes et de mettre en lumi\u00e8re les initiatives locales. Mon objectif est de sensibiliser et d'encourager l'engagement communautaire \u00e0 travers mes articles.","sameAs":["https:\/\/vieassociative.be\/"]}]}},"_links":{"self":[{"href":"https:\/\/vieassociative.be\/actualites\/wp-json\/wp\/v2\/posts\/10828"}],"collection":[{"href":"https:\/\/vieassociative.be\/actualites\/wp-json\/wp\/v2\/posts"}],"about":[{"href":"https:\/\/vieassociative.be\/actualites\/wp-json\/wp\/v2\/types\/post"}],"author":[{"embeddable":true,"href":"https:\/\/vieassociative.be\/actualites\/wp-json\/wp\/v2\/users\/1"}],"replies":[{"embeddable":true,"href":"https:\/\/vieassociative.be\/actualites\/wp-json\/wp\/v2\/comments?post=10828"}],"version-history":[{"count":0,"href":"https:\/\/vieassociative.be\/actualites\/wp-json\/wp\/v2\/posts\/10828\/revisions"}],"wp:featuredmedia":[{"embeddable":true,"href":"https:\/\/vieassociative.be\/actualites\/wp-json\/wp\/v2\/media\/10829"}],"wp:attachment":[{"href":"https:\/\/vieassociative.be\/actualites\/wp-json\/wp\/v2\/media?parent=10828"}],"wp:term":[{"taxonomy":"category","embeddable":true,"href":"https:\/\/vieassociative.be\/actualites\/wp-json\/wp\/v2\/categories?post=10828"},{"taxonomy":"post_tag","embeddable":true,"href":"https:\/\/vieassociative.be\/actualites\/wp-json\/wp\/v2\/tags?post=10828"}],"curies":[{"name":"wp","href":"https:\/\/api.w.org\/{rel}","templated":true}]}}