{"id":10820,"date":"2025-10-22T10:17:03","date_gmt":"2025-10-22T08:17:03","guid":{"rendered":"https:\/\/vieassociative.be\/actualites\/allemagne-merz-sous-pression-a-cause-du-paysage-urbain-la-chanceliere-est-accusee-de-rhetorique-de-lafd\/"},"modified":"2025-10-22T10:17:03","modified_gmt":"2025-10-22T08:17:03","slug":"allemagne-merz-sous-pression-a-cause-du-paysage-urbain-la-chanceliere-est-accusee-de-rhetorique-de-lafd","status":"publish","type":"post","link":"https:\/\/vieassociative.be\/actualites\/allemagne-merz-sous-pression-a-cause-du-paysage-urbain-la-chanceliere-est-accusee-de-rhetorique-de-lafd\/","title":{"rendered":"Allemagne : Merz sous pression \u00e0 cause du \u00ab paysage urbain \u00bb \u2013 La chanceli\u00e8re est accus\u00e9e de \u00ab rh\u00e9torique de l\u2019AfD \u00bb."},"content":{"rendered":"<p><strong>Dans notre soci\u00e9t\u00e9 extr\u00eamement irritable, un simple mot peut d\u00e9clencher un tsunami. C\u2019est ce qui s\u2019est pass\u00e9 en Allemagne, o\u00f9 le chancelier Friedrich Merz continue de subir d\u2019\u00e9normes pressions \u00e0 cause de ses commentaires sur le \u00ab paysage urbain \u00bb.<\/strong><\/p>\n<p><span id=\"more-427805\"><\/span>Lors d&rsquo;une conf\u00e9rence de presse \u00e0 Potsdam la semaine derni\u00e8re, Merz, interrog\u00e9 sur le renforcement de l&rsquo;AfD, a d\u00e9clar\u00e9, entre autres, que les \u00e9checs pr\u00e9c\u00e9dents de la politique migratoire \u00e9taient en train d&rsquo;\u00eatre corrig\u00e9s et que des progr\u00e8s \u00e9taient r\u00e9alis\u00e9s. \u00ab\u00a0Mais bien s\u00fbr, nous avons toujours ce probl\u00e8me dans le paysage urbain, et c&rsquo;est pourquoi le ministre f\u00e9d\u00e9ral de l&rsquo;Int\u00e9rieur est en train de permettre et de r\u00e9aliser des retours \u00e0 tr\u00e8s grande \u00e9chelle.\u00a0\u00bb Lundi, Merz a maintenu sa position et a d\u00e9clar\u00e9 : \u00ab\u00a0Demandez \u00e0 vos filles ce que j&rsquo;aurais pu vouloir dire par l\u00e0. Je pense que vous obtiendrez une r\u00e9ponse assez claire et pr\u00e9cise. Je n&rsquo;ai rien \u00e0 retirer.\u00a0\u00bb<\/p>\n<div id=\"attachment_427812\" class=\"wp-caption alignleft\" style=\"max-width: 300px\"><img fetchpriority=\"high\" decoding=\"async\" class=\"wp-image-427812 size-medium\" src=\"https:\/\/vieassociative.be\/actualites\/wp-content\/uploads\/2025\/10\/Allemagne-Merz-sous-pression-a-cause-du-paysage.jpg\" alt=\"\" width=\"300\" height=\"200\"><\/div>\n<p>Le SPD accuse Merz de provoquer des troubles sociaux. La gauche et les Verts ont accus\u00e9 le leader de la CDU de racisme et de discours de l&rsquo;AfD. Merz a re\u00e7u beaucoup de soutien au sein de son propre parti, mais il y a aussi des voix critiques et un d\u00e9sir de clarification. Mardi soir, des milliers de personnes ont exprim\u00e9 leur m\u00e9contentement contre Merz devant le si\u00e8ge de la CDU \u00e0 Berlin.<\/p>\n<p>L\u2019ancien candidat \u00e0 la chancellerie de l\u2019Union, Armin Laschet (CDU), estime que la d\u00e9claration sur le \u00ab paysage urbain \u00bb est \u00ab trop n\u00e9buleuse \u00bb. L&rsquo;AfD pourrait utiliser \u00e0 son avantage l&rsquo;ambigu\u00eft\u00e9 de ce que Merz entendait par l\u00e0, a d\u00e9clar\u00e9 l&rsquo;actuel pr\u00e9sident de la commission des affaires \u00e9trang\u00e8res du Bundestag \u00e0 D\u00fcsseldorf. Lors des prochaines \u00e9lections f\u00e9d\u00e9rales, l\u2019AfD se demandera bien s\u00fbr si le \u00ab paysage urbain \u00bb s\u2019est am\u00e9lior\u00e9, a d\u00e9clar\u00e9 Laschet.<\/p>\n<p>Merz aurait pu formuler plus clairement ce qu\u2019il voulait dire, a d\u00e9clar\u00e9 Laschet. Le paysage urbain n\u2019est pas seulement une question de migration. Le paysage urbain comprenait \u00e9galement des seringues de drogue jet\u00e9es dans les parcs par des toxicomanes allemands, des antis\u00e9mites criant des slogans du Hamas et des radicaux de droite d\u00e9filant dans les rues.<\/p>\n<p>Le chef de l&rsquo;aile sociale de la CDU, Dennis Radtke, a \u00e9galement critiqu\u00e9 le choix des mots de Merz. Cependant, de nombreux membres de l\u2019Union ont soutenu le leader de la CDU.<\/p>\n<p><strong>\u2013 Accusation de rh\u00e9torique de l\u2019AfD :<\/strong> La gauche et les Verts sont compl\u00e8tement diff\u00e9rents. La chef du parti de gauche Heidi Reichinnek a accus\u00e9 Merz d&rsquo;exploiter les femmes pour un \u00ab racisme flagrant \u00bb. \u00ab\u00a0Quand les femmes rentrent seules chez elles le soir, elles n&rsquo;ont pas peur des migrants, elles ont peur des hommes. Le probl\u00e8me, c&rsquo;est la masculinit\u00e9 violente et transfrontali\u00e8re\u00a0\u00bb, a d\u00e9clar\u00e9 Reichinnek au r\u00e9seau \u00e9ditorial Allemagne (RND). L\u2019endroit le plus dangereux pour les femmes est leur propre maison. Si Merz souhaitait prot\u00e9ger les femmes contre la violence, il devrait assurer le financement de refuges pour femmes et de centres de conseil et investir dans la pr\u00e9vention de la violence, a d\u00e9clar\u00e9 Reichinnek.<\/p>\n<div id=\"attachment_427814\" class=\"wp-caption alignleft\" style=\"max-width: 300px\"><img decoding=\"async\" class=\"wp-image-427814 size-medium\" src=\"https:\/\/vieassociative.be\/actualites\/wp-content\/uploads\/2025\/10\/1761121023_494_Allemagne-Merz-sous-pression-a-cause-du-paysage.jpg\" alt=\"\" width=\"300\" height=\"200\"><\/div>\n<p>Le vice-pr\u00e9sident du groupe parlementaire des Verts, Misbah Khan, a critiqu\u00e9 : \u00ab Merz adopte un ton que nous entendons habituellement de la part de l&rsquo;AfD. \u00bb \u00ab\u00a0De telles d\u00e9clarations sont indignes d&rsquo;un chancelier\u00a0\u00bb, a d\u00e9clar\u00e9 Khan \u00e0 l&rsquo;agence de presse allemande. Au lieu de jeter des ponts, Merz divise la soci\u00e9t\u00e9 et alimente le feu de la propagande de droite. Comme Reichinnek, l\u2019homme politique vert a \u00e9galement soulign\u00e9 : \u00ab L\u2019endroit le plus dangereux pour les femmes est leur propre maison. \u00bb Il manque 12 000 places dans les centres d&rsquo;accueil pour femmes, mais malheureusement nous n&rsquo;en avons pas entendu parler de la chanceli\u00e8re, s&rsquo;est plaint Khan.<\/p>\n<p>Le d\u00e9put\u00e9 SPD Ralf Stegner a \u00e9galement vivement attaqu\u00e9 Merz : \u00ab\u00a0Avec ses d\u00e9clarations sur le paysage urbain, le chancelier change de ton. Il r\u00e9pond \u00e0 un sentiment d&rsquo;exclusion des \u00e9trangers, ne propose aucune solution et provoque ainsi des troubles sociaux\u00a0\u00bb, a d\u00e9clar\u00e9 Stegner au \u00ab\u00a0Tagesspiegel\u00a0\u00bb. Les d\u00e9clarations de Merz \u00ab\u00a0ne contribuent pas non plus \u00e0 am\u00e9liorer l&rsquo;ambiance au sein de la coalition\u00a0\u00bb. De nombreuses personnes \u00e0 la base du SPD sont \u00ab horrifi\u00e9es par les paroles de la chanceli\u00e8re \u00bb.<\/p>\n<p>Dans le m\u00eame temps, Stegner a soulign\u00e9 : \u00ab\u00a0Personne ne nie qu&rsquo;il y a des probl\u00e8mes dans les villes et que les gens ne se sentent souvent pas en s\u00e9curit\u00e9, surtout le soir lorsqu&rsquo;ils rencontrent de grands groupes de jeunes hommes, par exemple. Nous, y compris le SPD, devons r\u00e9soudre ces probl\u00e8mes.\u00a0\u00bb<\/p>\n<p>Selon la police, environ 2 000 personnes ont manifest\u00e9 mardi soir devant le si\u00e8ge de la CDU \u00e0 Berlin sous le slogan \u00ab Rassemblement f\u00e9ministe : nous sommes les filles \u00bb. Les organisateurs parlent de 7.500 participants. \u00c9taient \u00e9galement pr\u00e9sentes Katharina Dr\u00f6ge, co-leader du Parti vert, et Ricarda Lang, ancienne chef du Parti vert. Il y aura \u00e9galement une manifestation \u00e0 Kiel mercredi, organis\u00e9e par Fridays for Future. (dpa)<\/p>\n","protected":false},"excerpt":{"rendered":"<p>Dans notre soci\u00e9t\u00e9 extr\u00eamement irritable, un simple mot peut d\u00e9clencher un tsunami. C\u2019est ce qui s\u2019est pass\u00e9 en Allemagne, o\u00f9 le chancelier Friedrich Merz continue<\/p>\n","protected":false},"author":1,"featured_media":10821,"comment_status":"","ping_status":"","sticky":false,"template":"","format":"standard","meta":{"footnotes":""},"categories":[298],"tags":[8999,2864,2371,76,3439,4061,8997,2551,9000,467,8998],"class_list":["post-10820","post","type-post","status-publish","format-standard","has-post-thumbnail","hentry","category-belgique","tag-accusee","tag-allemagne","tag-chanceliere","tag-est","tag-lafd","tag-merz","tag-paysage","tag-pression","tag-rhetorique","tag-sous","tag-urbain","generate-columns","tablet-grid-50","mobile-grid-100","grid-parent","grid-33"],"yoast_head":"<!-- This site is optimized with the Yoast SEO plugin v24.0 - https:\/\/yoast.com\/wordpress\/plugins\/seo\/ -->\n<title>Allemagne : Merz sous pression \u00e0 cause du \u00ab paysage urbain \u00bb \u2013 La chanceli\u00e8re est accus\u00e9e de \u00ab rh\u00e9torique de l\u2019AfD \u00bb. | Vie Associative<\/title>\n<meta name=\"robots\" content=\"index, follow, max-snippet:-1, max-image-preview:large, max-video-preview:-1\" \/>\n<link rel=\"canonical\" href=\"https:\/\/vieassociative.be\/actualites\/allemagne-merz-sous-pression-a-cause-du-paysage-urbain-la-chanceliere-est-accusee-de-rhetorique-de-lafd\/\" \/>\n<meta property=\"og:locale\" content=\"fr_FR\" \/>\n<meta property=\"og:type\" content=\"article\" \/>\n<meta property=\"og:title\" content=\"Allemagne : Merz sous pression \u00e0 cause du \u00ab paysage urbain \u00bb \u2013 La chanceli\u00e8re est accus\u00e9e de \u00ab rh\u00e9torique de l\u2019AfD \u00bb. | Vie Associative\" \/>\n<meta property=\"og:description\" content=\"Dans notre soci\u00e9t\u00e9 extr\u00eamement irritable, un simple mot peut d\u00e9clencher un tsunami. C\u2019est ce qui s\u2019est pass\u00e9 en Allemagne, o\u00f9 le chancelier Friedrich Merz continue\" \/>\n<meta property=\"og:url\" content=\"https:\/\/vieassociative.be\/actualites\/allemagne-merz-sous-pression-a-cause-du-paysage-urbain-la-chanceliere-est-accusee-de-rhetorique-de-lafd\/\" \/>\n<meta property=\"og:site_name\" content=\"Vie Associative\" \/>\n<meta property=\"article:published_time\" content=\"2025-10-22T08:17:03+00:00\" \/>\n<meta property=\"og:image\" content=\"https:\/\/vieassociative.be\/actualites\/wp-content\/uploads\/2024\/09\/header_backgroundk-01-e1726694325946.png\" \/>\n\t<meta property=\"og:image:width\" content=\"279\" \/>\n\t<meta property=\"og:image:height\" content=\"92\" \/>\n\t<meta property=\"og:image:type\" content=\"image\/png\" \/>\n<meta name=\"author\" content=\"Julien\" \/>\n<meta name=\"twitter:card\" content=\"summary_large_image\" \/>\n<meta name=\"twitter:label1\" content=\"\u00c9crit par\" \/>\n\t<meta name=\"twitter:data1\" content=\"Julien\" \/>\n\t<meta name=\"twitter:label2\" content=\"Dur\u00e9e de lecture est.\" \/>\n\t<meta name=\"twitter:data2\" content=\"4 minutes\" \/>\n<script type=\"application\/ld+json\" class=\"yoast-schema-graph\">{\"@context\":\"https:\/\/schema.org\",\"@graph\":[{\"@type\":\"Article\",\"@id\":\"https:\/\/vieassociative.be\/actualites\/allemagne-merz-sous-pression-a-cause-du-paysage-urbain-la-chanceliere-est-accusee-de-rhetorique-de-lafd\/#article\",\"isPartOf\":{\"@id\":\"https:\/\/vieassociative.be\/actualites\/allemagne-merz-sous-pression-a-cause-du-paysage-urbain-la-chanceliere-est-accusee-de-rhetorique-de-lafd\/\"},\"author\":{\"name\":\"Julien\",\"@id\":\"https:\/\/vieassociative.be\/actualites\/#\/schema\/person\/b87ac4f82f9d4e7b7cec7395b679edc4\"},\"headline\":\"Allemagne : Merz sous pression \u00e0 cause du \u00ab paysage urbain \u00bb \u2013 La chanceli\u00e8re est accus\u00e9e de \u00ab rh\u00e9torique de l\u2019AfD \u00bb.\",\"datePublished\":\"2025-10-22T08:17:03+00:00\",\"dateModified\":\"2025-10-22T08:17:03+00:00\",\"mainEntityOfPage\":{\"@id\":\"https:\/\/vieassociative.be\/actualites\/allemagne-merz-sous-pression-a-cause-du-paysage-urbain-la-chanceliere-est-accusee-de-rhetorique-de-lafd\/\"},\"wordCount\":901,\"publisher\":{\"@id\":\"https:\/\/vieassociative.be\/actualites\/#organization\"},\"image\":{\"@id\":\"https:\/\/vieassociative.be\/actualites\/allemagne-merz-sous-pression-a-cause-du-paysage-urbain-la-chanceliere-est-accusee-de-rhetorique-de-lafd\/#primaryimage\"},\"thumbnailUrl\":\"https:\/\/vieassociative.be\/actualites\/wp-content\/uploads\/2025\/10\/1761121024_Allemagne-Merz-sous-pression-a-cause-du-paysage.jpg\",\"keywords\":[\"accus\u00e9e\",\"Allemagne\",\"chanceli\u00e8re\",\"est\",\"lAfD\",\"Merz\",\"paysage\",\"pression\",\"rh\u00e9torique\",\"sous\",\"urbain\"],\"articleSection\":[\"Belgique\"],\"inLanguage\":\"fr-BE\"},{\"@type\":\"WebPage\",\"@id\":\"https:\/\/vieassociative.be\/actualites\/allemagne-merz-sous-pression-a-cause-du-paysage-urbain-la-chanceliere-est-accusee-de-rhetorique-de-lafd\/\",\"url\":\"https:\/\/vieassociative.be\/actualites\/allemagne-merz-sous-pression-a-cause-du-paysage-urbain-la-chanceliere-est-accusee-de-rhetorique-de-lafd\/\",\"name\":\"Allemagne : Merz sous pression \u00e0 cause du \u00ab paysage urbain \u00bb \u2013 La chanceli\u00e8re est accus\u00e9e de \u00ab rh\u00e9torique de l\u2019AfD \u00bb. | Vie Associative\",\"isPartOf\":{\"@id\":\"https:\/\/vieassociative.be\/actualites\/#website\"},\"primaryImageOfPage\":{\"@id\":\"https:\/\/vieassociative.be\/actualites\/allemagne-merz-sous-pression-a-cause-du-paysage-urbain-la-chanceliere-est-accusee-de-rhetorique-de-lafd\/#primaryimage\"},\"image\":{\"@id\":\"https:\/\/vieassociative.be\/actualites\/allemagne-merz-sous-pression-a-cause-du-paysage-urbain-la-chanceliere-est-accusee-de-rhetorique-de-lafd\/#primaryimage\"},\"thumbnailUrl\":\"https:\/\/vieassociative.be\/actualites\/wp-content\/uploads\/2025\/10\/1761121024_Allemagne-Merz-sous-pression-a-cause-du-paysage.jpg\",\"datePublished\":\"2025-10-22T08:17:03+00:00\",\"dateModified\":\"2025-10-22T08:17:03+00:00\",\"breadcrumb\":{\"@id\":\"https:\/\/vieassociative.be\/actualites\/allemagne-merz-sous-pression-a-cause-du-paysage-urbain-la-chanceliere-est-accusee-de-rhetorique-de-lafd\/#breadcrumb\"},\"inLanguage\":\"fr-BE\",\"potentialAction\":[{\"@type\":\"ReadAction\",\"target\":[\"https:\/\/vieassociative.be\/actualites\/allemagne-merz-sous-pression-a-cause-du-paysage-urbain-la-chanceliere-est-accusee-de-rhetorique-de-lafd\/\"]}]},{\"@type\":\"ImageObject\",\"inLanguage\":\"fr-BE\",\"@id\":\"https:\/\/vieassociative.be\/actualites\/allemagne-merz-sous-pression-a-cause-du-paysage-urbain-la-chanceliere-est-accusee-de-rhetorique-de-lafd\/#primaryimage\",\"url\":\"https:\/\/vieassociative.be\/actualites\/wp-content\/uploads\/2025\/10\/1761121024_Allemagne-Merz-sous-pression-a-cause-du-paysage.jpg\",\"contentUrl\":\"https:\/\/vieassociative.be\/actualites\/wp-content\/uploads\/2025\/10\/1761121024_Allemagne-Merz-sous-pression-a-cause-du-paysage.jpg\",\"width\":1200,\"height\":800,\"caption\":\"Allemagne : Merz sous pression \u00e0 cause du \u00ab paysage urbain \u00bb \u2013 La chanceli\u00e8re est accus\u00e9e de \u00ab rh\u00e9torique de l\u2019AfD \u00bb.\"},{\"@type\":\"BreadcrumbList\",\"@id\":\"https:\/\/vieassociative.be\/actualites\/allemagne-merz-sous-pression-a-cause-du-paysage-urbain-la-chanceliere-est-accusee-de-rhetorique-de-lafd\/#breadcrumb\",\"itemListElement\":[{\"@type\":\"ListItem\",\"position\":1,\"name\":\"Accueil\",\"item\":\"https:\/\/vieassociative.be\/actualites\/\"},{\"@type\":\"ListItem\",\"position\":2,\"name\":\"Allemagne : Merz sous pression \u00e0 cause du \u00ab paysage urbain \u00bb \u2013 La chanceli\u00e8re est accus\u00e9e de \u00ab rh\u00e9torique de l\u2019AfD \u00bb.\"}]},{\"@type\":\"WebSite\",\"@id\":\"https:\/\/vieassociative.be\/actualites\/#website\",\"url\":\"https:\/\/vieassociative.be\/actualites\/\",\"name\":\"Vie Associative\",\"description\":\"\",\"publisher\":{\"@id\":\"https:\/\/vieassociative.be\/actualites\/#organization\"},\"potentialAction\":[{\"@type\":\"SearchAction\",\"target\":{\"@type\":\"EntryPoint\",\"urlTemplate\":\"https:\/\/vieassociative.be\/actualites\/?s={search_term_string}\"},\"query-input\":{\"@type\":\"PropertyValueSpecification\",\"valueRequired\":true,\"valueName\":\"search_term_string\"}}],\"inLanguage\":\"fr-BE\"},{\"@type\":\"Organization\",\"@id\":\"https:\/\/vieassociative.be\/actualites\/#organization\",\"name\":\"Vie Associative\",\"url\":\"https:\/\/vieassociative.be\/actualites\/\",\"logo\":{\"@type\":\"ImageObject\",\"inLanguage\":\"fr-BE\",\"@id\":\"https:\/\/vieassociative.be\/actualites\/#\/schema\/logo\/image\/\",\"url\":\"https:\/\/vieassociative.be\/actualites\/wp-content\/uploads\/2024\/09\/cropped-vieassociative_favicon.ico.png\",\"contentUrl\":\"https:\/\/vieassociative.be\/actualites\/wp-content\/uploads\/2024\/09\/cropped-vieassociative_favicon.ico.png\",\"width\":512,\"height\":512,\"caption\":\"Vie Associative\"},\"image\":{\"@id\":\"https:\/\/vieassociative.be\/actualites\/#\/schema\/logo\/image\/\"}},{\"@type\":\"Person\",\"@id\":\"https:\/\/vieassociative.be\/actualites\/#\/schema\/person\/b87ac4f82f9d4e7b7cec7395b679edc4\",\"name\":\"Julien\",\"image\":{\"@type\":\"ImageObject\",\"inLanguage\":\"fr-BE\",\"@id\":\"https:\/\/vieassociative.be\/actualites\/#\/schema\/person\/image\/\",\"url\":\"https:\/\/vieassociative.be\/actualites\/wp-content\/uploads\/2024\/09\/vie-associative-1-150x150.jpg\",\"contentUrl\":\"https:\/\/vieassociative.be\/actualites\/wp-content\/uploads\/2024\/09\/vie-associative-1-150x150.jpg\",\"caption\":\"Julien\"},\"description\":\"Je suis Julien, r\u00e9dacteur pour Vie Associative. Passionn\u00e9 par le monde associatif depuis plus de 10 ans, j'ai \u00e0 c\u0153ur de partager des histoires inspirantes et de mettre en lumi\u00e8re les initiatives locales. Mon objectif est de sensibiliser et d'encourager l'engagement communautaire \u00e0 travers mes articles.\",\"sameAs\":[\"https:\/\/vieassociative.be\/\"]}]}<\/script>\n<!-- \/ Yoast SEO plugin. -->","yoast_head_json":{"title":"Allemagne : Merz sous pression \u00e0 cause du \u00ab paysage urbain \u00bb \u2013 La chanceli\u00e8re est accus\u00e9e de \u00ab rh\u00e9torique de l\u2019AfD \u00bb. | Vie Associative","robots":{"index":"index","follow":"follow","max-snippet":"max-snippet:-1","max-image-preview":"max-image-preview:large","max-video-preview":"max-video-preview:-1"},"canonical":"https:\/\/vieassociative.be\/actualites\/allemagne-merz-sous-pression-a-cause-du-paysage-urbain-la-chanceliere-est-accusee-de-rhetorique-de-lafd\/","og_locale":"fr_FR","og_type":"article","og_title":"Allemagne : Merz sous pression \u00e0 cause du \u00ab paysage urbain \u00bb \u2013 La chanceli\u00e8re est accus\u00e9e de \u00ab rh\u00e9torique de l\u2019AfD \u00bb. | Vie Associative","og_description":"Dans notre soci\u00e9t\u00e9 extr\u00eamement irritable, un simple mot peut d\u00e9clencher un tsunami. C\u2019est ce qui s\u2019est pass\u00e9 en Allemagne, o\u00f9 le chancelier Friedrich Merz continue","og_url":"https:\/\/vieassociative.be\/actualites\/allemagne-merz-sous-pression-a-cause-du-paysage-urbain-la-chanceliere-est-accusee-de-rhetorique-de-lafd\/","og_site_name":"Vie Associative","article_published_time":"2025-10-22T08:17:03+00:00","og_image":[{"width":279,"height":92,"url":"https:\/\/vieassociative.be\/actualites\/wp-content\/uploads\/2024\/09\/header_backgroundk-01-e1726694325946.png","type":"image\/png"}],"author":"Julien","twitter_card":"summary_large_image","twitter_misc":{"\u00c9crit par":"Julien","Dur\u00e9e de lecture est.":"4 minutes"},"schema":{"@context":"https:\/\/schema.org","@graph":[{"@type":"Article","@id":"https:\/\/vieassociative.be\/actualites\/allemagne-merz-sous-pression-a-cause-du-paysage-urbain-la-chanceliere-est-accusee-de-rhetorique-de-lafd\/#article","isPartOf":{"@id":"https:\/\/vieassociative.be\/actualites\/allemagne-merz-sous-pression-a-cause-du-paysage-urbain-la-chanceliere-est-accusee-de-rhetorique-de-lafd\/"},"author":{"name":"Julien","@id":"https:\/\/vieassociative.be\/actualites\/#\/schema\/person\/b87ac4f82f9d4e7b7cec7395b679edc4"},"headline":"Allemagne : Merz sous pression \u00e0 cause du \u00ab paysage urbain \u00bb \u2013 La chanceli\u00e8re est accus\u00e9e de \u00ab rh\u00e9torique de l\u2019AfD \u00bb.","datePublished":"2025-10-22T08:17:03+00:00","dateModified":"2025-10-22T08:17:03+00:00","mainEntityOfPage":{"@id":"https:\/\/vieassociative.be\/actualites\/allemagne-merz-sous-pression-a-cause-du-paysage-urbain-la-chanceliere-est-accusee-de-rhetorique-de-lafd\/"},"wordCount":901,"publisher":{"@id":"https:\/\/vieassociative.be\/actualites\/#organization"},"image":{"@id":"https:\/\/vieassociative.be\/actualites\/allemagne-merz-sous-pression-a-cause-du-paysage-urbain-la-chanceliere-est-accusee-de-rhetorique-de-lafd\/#primaryimage"},"thumbnailUrl":"https:\/\/vieassociative.be\/actualites\/wp-content\/uploads\/2025\/10\/1761121024_Allemagne-Merz-sous-pression-a-cause-du-paysage.jpg","keywords":["accus\u00e9e","Allemagne","chanceli\u00e8re","est","lAfD","Merz","paysage","pression","rh\u00e9torique","sous","urbain"],"articleSection":["Belgique"],"inLanguage":"fr-BE"},{"@type":"WebPage","@id":"https:\/\/vieassociative.be\/actualites\/allemagne-merz-sous-pression-a-cause-du-paysage-urbain-la-chanceliere-est-accusee-de-rhetorique-de-lafd\/","url":"https:\/\/vieassociative.be\/actualites\/allemagne-merz-sous-pression-a-cause-du-paysage-urbain-la-chanceliere-est-accusee-de-rhetorique-de-lafd\/","name":"Allemagne : Merz sous pression \u00e0 cause du \u00ab paysage urbain \u00bb \u2013 La chanceli\u00e8re est accus\u00e9e de \u00ab rh\u00e9torique de l\u2019AfD \u00bb. | Vie Associative","isPartOf":{"@id":"https:\/\/vieassociative.be\/actualites\/#website"},"primaryImageOfPage":{"@id":"https:\/\/vieassociative.be\/actualites\/allemagne-merz-sous-pression-a-cause-du-paysage-urbain-la-chanceliere-est-accusee-de-rhetorique-de-lafd\/#primaryimage"},"image":{"@id":"https:\/\/vieassociative.be\/actualites\/allemagne-merz-sous-pression-a-cause-du-paysage-urbain-la-chanceliere-est-accusee-de-rhetorique-de-lafd\/#primaryimage"},"thumbnailUrl":"https:\/\/vieassociative.be\/actualites\/wp-content\/uploads\/2025\/10\/1761121024_Allemagne-Merz-sous-pression-a-cause-du-paysage.jpg","datePublished":"2025-10-22T08:17:03+00:00","dateModified":"2025-10-22T08:17:03+00:00","breadcrumb":{"@id":"https:\/\/vieassociative.be\/actualites\/allemagne-merz-sous-pression-a-cause-du-paysage-urbain-la-chanceliere-est-accusee-de-rhetorique-de-lafd\/#breadcrumb"},"inLanguage":"fr-BE","potentialAction":[{"@type":"ReadAction","target":["https:\/\/vieassociative.be\/actualites\/allemagne-merz-sous-pression-a-cause-du-paysage-urbain-la-chanceliere-est-accusee-de-rhetorique-de-lafd\/"]}]},{"@type":"ImageObject","inLanguage":"fr-BE","@id":"https:\/\/vieassociative.be\/actualites\/allemagne-merz-sous-pression-a-cause-du-paysage-urbain-la-chanceliere-est-accusee-de-rhetorique-de-lafd\/#primaryimage","url":"https:\/\/vieassociative.be\/actualites\/wp-content\/uploads\/2025\/10\/1761121024_Allemagne-Merz-sous-pression-a-cause-du-paysage.jpg","contentUrl":"https:\/\/vieassociative.be\/actualites\/wp-content\/uploads\/2025\/10\/1761121024_Allemagne-Merz-sous-pression-a-cause-du-paysage.jpg","width":1200,"height":800,"caption":"Allemagne : Merz sous pression \u00e0 cause du \u00ab paysage urbain \u00bb \u2013 La chanceli\u00e8re est accus\u00e9e de \u00ab rh\u00e9torique de l\u2019AfD \u00bb."},{"@type":"BreadcrumbList","@id":"https:\/\/vieassociative.be\/actualites\/allemagne-merz-sous-pression-a-cause-du-paysage-urbain-la-chanceliere-est-accusee-de-rhetorique-de-lafd\/#breadcrumb","itemListElement":[{"@type":"ListItem","position":1,"name":"Accueil","item":"https:\/\/vieassociative.be\/actualites\/"},{"@type":"ListItem","position":2,"name":"Allemagne : Merz sous pression \u00e0 cause du \u00ab paysage urbain \u00bb \u2013 La chanceli\u00e8re est accus\u00e9e de \u00ab rh\u00e9torique de l\u2019AfD \u00bb."}]},{"@type":"WebSite","@id":"https:\/\/vieassociative.be\/actualites\/#website","url":"https:\/\/vieassociative.be\/actualites\/","name":"Vie Associative","description":"","publisher":{"@id":"https:\/\/vieassociative.be\/actualites\/#organization"},"potentialAction":[{"@type":"SearchAction","target":{"@type":"EntryPoint","urlTemplate":"https:\/\/vieassociative.be\/actualites\/?s={search_term_string}"},"query-input":{"@type":"PropertyValueSpecification","valueRequired":true,"valueName":"search_term_string"}}],"inLanguage":"fr-BE"},{"@type":"Organization","@id":"https:\/\/vieassociative.be\/actualites\/#organization","name":"Vie Associative","url":"https:\/\/vieassociative.be\/actualites\/","logo":{"@type":"ImageObject","inLanguage":"fr-BE","@id":"https:\/\/vieassociative.be\/actualites\/#\/schema\/logo\/image\/","url":"https:\/\/vieassociative.be\/actualites\/wp-content\/uploads\/2024\/09\/cropped-vieassociative_favicon.ico.png","contentUrl":"https:\/\/vieassociative.be\/actualites\/wp-content\/uploads\/2024\/09\/cropped-vieassociative_favicon.ico.png","width":512,"height":512,"caption":"Vie Associative"},"image":{"@id":"https:\/\/vieassociative.be\/actualites\/#\/schema\/logo\/image\/"}},{"@type":"Person","@id":"https:\/\/vieassociative.be\/actualites\/#\/schema\/person\/b87ac4f82f9d4e7b7cec7395b679edc4","name":"Julien","image":{"@type":"ImageObject","inLanguage":"fr-BE","@id":"https:\/\/vieassociative.be\/actualites\/#\/schema\/person\/image\/","url":"https:\/\/vieassociative.be\/actualites\/wp-content\/uploads\/2024\/09\/vie-associative-1-150x150.jpg","contentUrl":"https:\/\/vieassociative.be\/actualites\/wp-content\/uploads\/2024\/09\/vie-associative-1-150x150.jpg","caption":"Julien"},"description":"Je suis Julien, r\u00e9dacteur pour Vie Associative. Passionn\u00e9 par le monde associatif depuis plus de 10 ans, j'ai \u00e0 c\u0153ur de partager des histoires inspirantes et de mettre en lumi\u00e8re les initiatives locales. Mon objectif est de sensibiliser et d'encourager l'engagement communautaire \u00e0 travers mes articles.","sameAs":["https:\/\/vieassociative.be\/"]}]}},"_links":{"self":[{"href":"https:\/\/vieassociative.be\/actualites\/wp-json\/wp\/v2\/posts\/10820"}],"collection":[{"href":"https:\/\/vieassociative.be\/actualites\/wp-json\/wp\/v2\/posts"}],"about":[{"href":"https:\/\/vieassociative.be\/actualites\/wp-json\/wp\/v2\/types\/post"}],"author":[{"embeddable":true,"href":"https:\/\/vieassociative.be\/actualites\/wp-json\/wp\/v2\/users\/1"}],"replies":[{"embeddable":true,"href":"https:\/\/vieassociative.be\/actualites\/wp-json\/wp\/v2\/comments?post=10820"}],"version-history":[{"count":0,"href":"https:\/\/vieassociative.be\/actualites\/wp-json\/wp\/v2\/posts\/10820\/revisions"}],"wp:featuredmedia":[{"embeddable":true,"href":"https:\/\/vieassociative.be\/actualites\/wp-json\/wp\/v2\/media\/10821"}],"wp:attachment":[{"href":"https:\/\/vieassociative.be\/actualites\/wp-json\/wp\/v2\/media?parent=10820"}],"wp:term":[{"taxonomy":"category","embeddable":true,"href":"https:\/\/vieassociative.be\/actualites\/wp-json\/wp\/v2\/categories?post=10820"},{"taxonomy":"post_tag","embeddable":true,"href":"https:\/\/vieassociative.be\/actualites\/wp-json\/wp\/v2\/tags?post=10820"}],"curies":[{"name":"wp","href":"https:\/\/api.w.org\/{rel}","templated":true}]}}