{"id":10818,"date":"2025-10-22T09:17:11","date_gmt":"2025-10-22T07:17:11","guid":{"rendered":"https:\/\/vieassociative.be\/actualites\/aws-nest-pas-la-seule-entreprise-a-bloquer-internet\/"},"modified":"2025-10-22T09:17:11","modified_gmt":"2025-10-22T07:17:11","slug":"aws-nest-pas-la-seule-entreprise-a-bloquer-internet","status":"publish","type":"post","link":"https:\/\/vieassociative.be\/actualites\/aws-nest-pas-la-seule-entreprise-a-bloquer-internet\/","title":{"rendered":"AWS n&rsquo;est pas la seule entreprise \u00e0 bloquer Internet"},"content":{"rendered":"<div class=\"mt-4 leading-6 md:mb-8\">De nombreuses entreprises s&rsquo;appuient sur l&rsquo;informatique bas\u00e9e sur le cloud, mais Amazon n&rsquo;est pas le seul fournisseur.<\/div>\n<p><\/p>\n<p>Pour beaucoup d&rsquo;entre nous, lundi \u00e9tait un jour de travail d\u00e9fini par la panne d&rsquo;AWS. Amazon Web Services a connu des probl\u00e8mes intermittents, plongeant une grande partie d&rsquo;Internet dans le chaos, alors que les sites et les services qui y \u00e9taient construits tombaient en panne ou cessaient compl\u00e8tement de fonctionner. <\/p>\n<p>C&rsquo;\u00e9tait un triste rappel qu&rsquo;un <em>parcelle<\/em> du monde s&rsquo;appuie sur AWS pour la mise en r\u00e9seau, l&rsquo;informatique et le stockage de donn\u00e9es. \u00c0 vrai dire, j\u2019ai \u00e9t\u00e9 surpris d\u2019apprendre \u00e0 quel point nous sommes vraiment propri\u00e9taires, surtout apr\u00e8s qu\u2019un certain nombre de mes applications professionnelles ont rencontr\u00e9 des probl\u00e8mes. En fait, plus de quatre millions d&rsquo;entreprises disposant d&rsquo;une adresse physique utilisent AWS pour leurs besoins en mati\u00e8re de cloud computing. Il s\u2019agit du plus grand fournisseur de services d\u2019infrastructure cloud au monde, avec une part de march\u00e9 de 30 %. C&rsquo;est pourquoi, lorsqu&rsquo;une panne mondiale comme celle-ci se produit, il est impossible de l&rsquo;ignorer\u00a0: <em>Donc<\/em> de nombreuses entreprises et produits sont concern\u00e9s, des plateformes de streaming comme Prime Video aux sites de m\u00e9dias sociaux comme Facebook, et presque tous ceux qui se connectent en ligne subiront la perturbation.<\/p>\n<p>Mais 30 % n\u2019est pas 100 %. AWS est peut-\u00eatre le leader du march\u00e9, mais il ne repr\u00e9sente pas l&rsquo;ensemble du march\u00e9. Il existe de nombreuses autres soci\u00e9t\u00e9s d&rsquo;infrastructure cloud proposant des services similaires et posant des risques similaires en cas de panne. <\/p>\n<div class=\"mx-auto mb-12 mt-5 w-full max-w-3xl rounded-md border-2 border-gray-100 p-3 shadow-md md:px-7 md:pb-7 md:pt-5\" id=\"related-video\">\n<div class=\"mb-3 flex items-center md:mb-5\">\n        <img decoding=\"async\" class=\"mr-4 mt-0 h-10 w-10 md:mr-5 md:h-12 md:w-12\" src=\"https:\/\/vieassociative.be\/actualites\/wp-content\/uploads\/2025\/09\/1757726237_608_Meta-pourrait-devoiler-une-montre-intelligente-pour-controler-ses-lunettes.jpg\" alt=\"Logo du pirate de la vie\"><\/p><\/div>\n<div class=\"aspect-video w-full overflow-hidden rounded-md\">\n<div id=\"video-container-01K85B827MQ2VC8KMVNMSBVTXP\"><\/div>\n<\/p><\/div>\n<\/div>\n<h2 id=\"why-use-a-cloud-infrastructure-company\">Pourquoi faire appel \u00e0 une soci\u00e9t\u00e9 d&rsquo;infrastructure cloud\u00a0?<\/h2>\n<p>Ce n&rsquo;est pas n\u00e9cessairement une mauvaise chose pour les entreprises qui se tournent vers AWS pour leurs besoins informatiques. Il est tout simplement beaucoup plus rentable d&rsquo;externaliser les ressources n\u00e9cessaires \u00e0 l&rsquo;ex\u00e9cution des programmes, au stockage des donn\u00e9es et \u00e0 l&rsquo;h\u00e9bergement du trafic, d&rsquo;autant plus que les entreprises se d\u00e9veloppent et \u00e9voluent rapidement. Plut\u00f4t que de consacrer du temps et de l\u2019argent \u00e0 l\u2019achat et \u00e0 la mise \u00e0 niveau constants du mat\u00e9riel sur site, les entreprises peuvent payer les serveurs au fur et \u00e0 mesure. Des entreprises comme AWS augmenteront ou diminueront leur volume selon les besoins, sans interruption du service, jusqu&rsquo;\u00e0 ce qu&rsquo;il y ait bien s\u00fbr une interruption des services.<\/p>\n<p>Ces entreprises peuvent proposer une multitude de services et d&rsquo;outils bas\u00e9s sur le cloud, notamment le calcul, les bases de donn\u00e9es, l&rsquo;apprentissage automatique, la mise en r\u00e9seau, la s\u00e9curit\u00e9 et le stockage. Il se trouve qu&rsquo;AWS est le plus important du groupe, mais de nombreuses entreprises choisissent d&rsquo;autres options d&rsquo;infrastructure cloud pour leurs besoins.<\/p>\n<h2 id=\"aws-alternatives\">Alternatives \u00e0 AWS<\/h2>\n<p>Il existe de nombreuses autres soci\u00e9t\u00e9s proposant les m\u00eames services qu&rsquo;AWS, mais pour nos besoins, je vais \u00e9num\u00e9rer sept des plus populaires, en commen\u00e7ant par les principaux concurrents d&rsquo;AWS\u00a0: <\/p>\n<ul>\n<li>\n<p><strong>Microsoft Azure<\/strong>: Les services de cloud computing de Microsoft sont juste derri\u00e8re AWS en termes de part de march\u00e9 mondiale. Microsoft utilise \u00e9videmment sa propre infrastructure cloud, mais de nombreuses autres entreprises le font \u00e9galement, notamment Ralph Laruen, Best Buy, Procter &#038; Gamble, Coca Cola, Abercrombie &#038; Fitch et m\u00eame les gouvernements locaux, \u00e9tatiques et f\u00e9d\u00e9raux.<\/p>\n<\/li>\n<li>\n<p><strong>Google\u00a0Cloud<\/strong>: Google Cloud est le troisi\u00e8me acteur dans ce domaine, avec des soci\u00e9t\u00e9s comme Lowe&rsquo;s, Wendy&rsquo;s, EA, Fox Sports, Bayer et McLaren utilisant toutes ses services. <\/p>\n<\/li>\n<li>\n<p><strong>Alibaba Nuage<\/strong>: Alibaba Cloud d\u00e9tient une part importante du march\u00e9 du cloud computing et est utilis\u00e9 par des soci\u00e9t\u00e9s comme Air Asia, Zara, Lenovo Group et JNE Express. <\/p>\n<\/li>\n<li>\n<p><strong>Oracle\u00a0Cloud<\/strong>: Oracle Cloud comprend des clients comme Quest Diagnostics, Baylor University, Smeg, Northwell Health, DHL et MEO.<\/p>\n<\/li>\n<li>\n<p><strong>Force de vente<\/strong>: Des entreprises comme Pacers Sports, Indeed, F1 et The Adecco Group utilisent les services cloud de donn\u00e9es de Salesforce.   <\/p>\n<\/li>\n<li>\n<p><strong>IBM-Cloud<\/strong>: Deloitte, Pfizer, Harvard, Vodafone et m\u00eame l&rsquo;US Open ach\u00e8tent des produits cloud aupr\u00e8s d&rsquo;IBM Cloud.<\/p>\n<\/li>\n<li>\n<p><strong>Tencent Cloud<\/strong>: Vous connaissez peut-\u00eatre Tencent en particulier gr\u00e2ce \u00e0 sa division de jeux massive, mais ses services cloud ont \u00e9galement une vaste port\u00e9e. Ils comprennent des services pour des entreprises comme L&rsquo;Or\u00e9al Paris, Tim Hortons et Dell, ainsi que pour ses propres filiales comme Supercell et DouYu. <\/p>\n<\/li>\n<\/ul>\n<p>S\u2019il y a un c\u00f4t\u00e9 positif ici, c\u2019est qu\u2019il existe plus de deux ou trois soci\u00e9t\u00e9s qui alimentent des sites et des services dans le monde entier, et nous n\u2019en sommes pas encore au point o\u00f9 <em>chaque <\/em>L&rsquo;entreprise connect\u00e9e \u00e0 Internet s&rsquo;appuie sur AWS, Azure et Google Cloud. Ce niveau de centralisation poserait des risques encore plus importants que ceux avec lesquels nous vivons actuellement.<\/p>\n<p>Pourtant, les circonstances actuelles restent assez risqu\u00e9es. AWS d\u00e9tient 30 % des parts de march\u00e9, Azure 20 % et Google Cloud 12 %. Ensemble, ces trois soci\u00e9t\u00e9s repr\u00e9sentent 62 % de toutes les soci\u00e9t\u00e9s d\u2019infrastructure cloud dans le monde. Oui, c&rsquo;est bien, les 38 % restants sont r\u00e9partis entre un ensemble d&rsquo;autres acteurs, mais le risque d&rsquo;une autre panne de type AWS est \u00e9lev\u00e9. Esp\u00e9rons qu&rsquo;apr\u00e8s la d\u00e9b\u00e2cle de lundi, des efforts soient actuellement d\u00e9ploy\u00e9s pour emp\u00eacher qu&rsquo;une telle chose ne se reproduise, mais c&rsquo;est optimiste.<\/p>\n","protected":false},"excerpt":{"rendered":"<p>De nombreuses entreprises s&rsquo;appuient sur l&rsquo;informatique bas\u00e9e sur le cloud, mais Amazon n&rsquo;est pas le seul fournisseur. Pour beaucoup d&rsquo;entre nous, lundi \u00e9tait un jour<\/p>\n","protected":false},"author":1,"featured_media":10819,"comment_status":"","ping_status":"","sticky":false,"template":"","format":"standard","meta":{"footnotes":""},"categories":[13],"tags":[8996,2825,6445,4066,1082,126,2294],"class_list":["post-10818","post","type-post","status-publish","format-standard","has-post-thumbnail","hentry","category-technologie","tag-aws","tag-bloquer","tag-entreprise","tag-internet","tag-nest","tag-pas","tag-seule","generate-columns","tablet-grid-50","mobile-grid-100","grid-parent","grid-33"],"yoast_head":"<!-- This site is optimized with the Yoast SEO plugin v24.0 - https:\/\/yoast.com\/wordpress\/plugins\/seo\/ -->\n<title>AWS n&#039;est pas la seule entreprise \u00e0 bloquer Internet | Vie Associative<\/title>\n<meta name=\"robots\" content=\"index, follow, max-snippet:-1, max-image-preview:large, max-video-preview:-1\" \/>\n<link rel=\"canonical\" href=\"https:\/\/vieassociative.be\/actualites\/aws-nest-pas-la-seule-entreprise-a-bloquer-internet\/\" \/>\n<meta property=\"og:locale\" content=\"fr_FR\" \/>\n<meta property=\"og:type\" content=\"article\" \/>\n<meta property=\"og:title\" content=\"AWS n&#039;est pas la seule entreprise \u00e0 bloquer Internet | Vie Associative\" \/>\n<meta property=\"og:description\" content=\"De nombreuses entreprises s&rsquo;appuient sur l&rsquo;informatique bas\u00e9e sur le cloud, mais Amazon n&rsquo;est pas le seul fournisseur. Pour beaucoup d&rsquo;entre nous, lundi \u00e9tait un jour\" \/>\n<meta property=\"og:url\" content=\"https:\/\/vieassociative.be\/actualites\/aws-nest-pas-la-seule-entreprise-a-bloquer-internet\/\" \/>\n<meta property=\"og:site_name\" content=\"Vie Associative\" \/>\n<meta property=\"article:published_time\" content=\"2025-10-22T07:17:11+00:00\" \/>\n<meta property=\"og:image\" content=\"https:\/\/vieassociative.be\/actualites\/wp-content\/uploads\/2025\/09\/1757726237_608_Meta-pourrait-devoiler-une-montre-intelligente-pour-controler-ses-lunettes.jpg\" \/>\n<meta name=\"author\" content=\"Julien\" \/>\n<meta name=\"twitter:card\" content=\"summary_large_image\" \/>\n<meta name=\"twitter:label1\" content=\"\u00c9crit par\" \/>\n\t<meta name=\"twitter:data1\" content=\"Julien\" \/>\n\t<meta name=\"twitter:label2\" content=\"Dur\u00e9e de lecture est.\" \/>\n\t<meta name=\"twitter:data2\" content=\"4 minutes\" \/>\n<script type=\"application\/ld+json\" class=\"yoast-schema-graph\">{\"@context\":\"https:\/\/schema.org\",\"@graph\":[{\"@type\":\"Article\",\"@id\":\"https:\/\/vieassociative.be\/actualites\/aws-nest-pas-la-seule-entreprise-a-bloquer-internet\/#article\",\"isPartOf\":{\"@id\":\"https:\/\/vieassociative.be\/actualites\/aws-nest-pas-la-seule-entreprise-a-bloquer-internet\/\"},\"author\":{\"name\":\"Julien\",\"@id\":\"https:\/\/vieassociative.be\/actualites\/#\/schema\/person\/b87ac4f82f9d4e7b7cec7395b679edc4\"},\"headline\":\"AWS n&rsquo;est pas la seule entreprise \u00e0 bloquer Internet\",\"datePublished\":\"2025-10-22T07:17:11+00:00\",\"dateModified\":\"2025-10-22T07:17:11+00:00\",\"mainEntityOfPage\":{\"@id\":\"https:\/\/vieassociative.be\/actualites\/aws-nest-pas-la-seule-entreprise-a-bloquer-internet\/\"},\"wordCount\":929,\"publisher\":{\"@id\":\"https:\/\/vieassociative.be\/actualites\/#organization\"},\"image\":{\"@id\":\"https:\/\/vieassociative.be\/actualites\/aws-nest-pas-la-seule-entreprise-a-bloquer-internet\/#primaryimage\"},\"thumbnailUrl\":\"https:\/\/vieassociative.be\/actualites\/wp-content\/uploads\/2025\/10\/AWS-nest-pas-la-seule-entreprise-a-bloquer-Internet.jpg\",\"keywords\":[\"AWS\",\"bloquer\",\"entreprise\",\"Internet\",\"nest\",\"pas\",\"seule\"],\"articleSection\":[\"Technologie\"],\"inLanguage\":\"fr-BE\"},{\"@type\":\"WebPage\",\"@id\":\"https:\/\/vieassociative.be\/actualites\/aws-nest-pas-la-seule-entreprise-a-bloquer-internet\/\",\"url\":\"https:\/\/vieassociative.be\/actualites\/aws-nest-pas-la-seule-entreprise-a-bloquer-internet\/\",\"name\":\"AWS n'est pas la seule entreprise \u00e0 bloquer Internet | Vie Associative\",\"isPartOf\":{\"@id\":\"https:\/\/vieassociative.be\/actualites\/#website\"},\"primaryImageOfPage\":{\"@id\":\"https:\/\/vieassociative.be\/actualites\/aws-nest-pas-la-seule-entreprise-a-bloquer-internet\/#primaryimage\"},\"image\":{\"@id\":\"https:\/\/vieassociative.be\/actualites\/aws-nest-pas-la-seule-entreprise-a-bloquer-internet\/#primaryimage\"},\"thumbnailUrl\":\"https:\/\/vieassociative.be\/actualites\/wp-content\/uploads\/2025\/10\/AWS-nest-pas-la-seule-entreprise-a-bloquer-Internet.jpg\",\"datePublished\":\"2025-10-22T07:17:11+00:00\",\"dateModified\":\"2025-10-22T07:17:11+00:00\",\"breadcrumb\":{\"@id\":\"https:\/\/vieassociative.be\/actualites\/aws-nest-pas-la-seule-entreprise-a-bloquer-internet\/#breadcrumb\"},\"inLanguage\":\"fr-BE\",\"potentialAction\":[{\"@type\":\"ReadAction\",\"target\":[\"https:\/\/vieassociative.be\/actualites\/aws-nest-pas-la-seule-entreprise-a-bloquer-internet\/\"]}]},{\"@type\":\"ImageObject\",\"inLanguage\":\"fr-BE\",\"@id\":\"https:\/\/vieassociative.be\/actualites\/aws-nest-pas-la-seule-entreprise-a-bloquer-internet\/#primaryimage\",\"url\":\"https:\/\/vieassociative.be\/actualites\/wp-content\/uploads\/2025\/10\/AWS-nest-pas-la-seule-entreprise-a-bloquer-Internet.jpg\",\"contentUrl\":\"https:\/\/vieassociative.be\/actualites\/wp-content\/uploads\/2025\/10\/AWS-nest-pas-la-seule-entreprise-a-bloquer-Internet.jpg\",\"width\":1200,\"height\":675,\"caption\":\"AWS n'est pas la seule entreprise \u00e0 bloquer Internet\"},{\"@type\":\"BreadcrumbList\",\"@id\":\"https:\/\/vieassociative.be\/actualites\/aws-nest-pas-la-seule-entreprise-a-bloquer-internet\/#breadcrumb\",\"itemListElement\":[{\"@type\":\"ListItem\",\"position\":1,\"name\":\"Accueil\",\"item\":\"https:\/\/vieassociative.be\/actualites\/\"},{\"@type\":\"ListItem\",\"position\":2,\"name\":\"AWS n&rsquo;est pas la seule entreprise \u00e0 bloquer Internet\"}]},{\"@type\":\"WebSite\",\"@id\":\"https:\/\/vieassociative.be\/actualites\/#website\",\"url\":\"https:\/\/vieassociative.be\/actualites\/\",\"name\":\"Vie Associative\",\"description\":\"\",\"publisher\":{\"@id\":\"https:\/\/vieassociative.be\/actualites\/#organization\"},\"potentialAction\":[{\"@type\":\"SearchAction\",\"target\":{\"@type\":\"EntryPoint\",\"urlTemplate\":\"https:\/\/vieassociative.be\/actualites\/?s={search_term_string}\"},\"query-input\":{\"@type\":\"PropertyValueSpecification\",\"valueRequired\":true,\"valueName\":\"search_term_string\"}}],\"inLanguage\":\"fr-BE\"},{\"@type\":\"Organization\",\"@id\":\"https:\/\/vieassociative.be\/actualites\/#organization\",\"name\":\"Vie Associative\",\"url\":\"https:\/\/vieassociative.be\/actualites\/\",\"logo\":{\"@type\":\"ImageObject\",\"inLanguage\":\"fr-BE\",\"@id\":\"https:\/\/vieassociative.be\/actualites\/#\/schema\/logo\/image\/\",\"url\":\"https:\/\/vieassociative.be\/actualites\/wp-content\/uploads\/2024\/09\/cropped-vieassociative_favicon.ico.png\",\"contentUrl\":\"https:\/\/vieassociative.be\/actualites\/wp-content\/uploads\/2024\/09\/cropped-vieassociative_favicon.ico.png\",\"width\":512,\"height\":512,\"caption\":\"Vie Associative\"},\"image\":{\"@id\":\"https:\/\/vieassociative.be\/actualites\/#\/schema\/logo\/image\/\"}},{\"@type\":\"Person\",\"@id\":\"https:\/\/vieassociative.be\/actualites\/#\/schema\/person\/b87ac4f82f9d4e7b7cec7395b679edc4\",\"name\":\"Julien\",\"image\":{\"@type\":\"ImageObject\",\"inLanguage\":\"fr-BE\",\"@id\":\"https:\/\/vieassociative.be\/actualites\/#\/schema\/person\/image\/\",\"url\":\"https:\/\/vieassociative.be\/actualites\/wp-content\/uploads\/2024\/09\/vie-associative-1-150x150.jpg\",\"contentUrl\":\"https:\/\/vieassociative.be\/actualites\/wp-content\/uploads\/2024\/09\/vie-associative-1-150x150.jpg\",\"caption\":\"Julien\"},\"description\":\"Je suis Julien, r\u00e9dacteur pour Vie Associative. Passionn\u00e9 par le monde associatif depuis plus de 10 ans, j'ai \u00e0 c\u0153ur de partager des histoires inspirantes et de mettre en lumi\u00e8re les initiatives locales. Mon objectif est de sensibiliser et d'encourager l'engagement communautaire \u00e0 travers mes articles.\",\"sameAs\":[\"https:\/\/vieassociative.be\/\"]}]}<\/script>\n<!-- \/ Yoast SEO plugin. -->","yoast_head_json":{"title":"AWS n'est pas la seule entreprise \u00e0 bloquer Internet | Vie Associative","robots":{"index":"index","follow":"follow","max-snippet":"max-snippet:-1","max-image-preview":"max-image-preview:large","max-video-preview":"max-video-preview:-1"},"canonical":"https:\/\/vieassociative.be\/actualites\/aws-nest-pas-la-seule-entreprise-a-bloquer-internet\/","og_locale":"fr_FR","og_type":"article","og_title":"AWS n'est pas la seule entreprise \u00e0 bloquer Internet | Vie Associative","og_description":"De nombreuses entreprises s&rsquo;appuient sur l&rsquo;informatique bas\u00e9e sur le cloud, mais Amazon n&rsquo;est pas le seul fournisseur. Pour beaucoup d&rsquo;entre nous, lundi \u00e9tait un jour","og_url":"https:\/\/vieassociative.be\/actualites\/aws-nest-pas-la-seule-entreprise-a-bloquer-internet\/","og_site_name":"Vie Associative","article_published_time":"2025-10-22T07:17:11+00:00","og_image":[{"url":"https:\/\/vieassociative.be\/actualites\/wp-content\/uploads\/2025\/09\/1757726237_608_Meta-pourrait-devoiler-une-montre-intelligente-pour-controler-ses-lunettes.jpg","type":"","width":"","height":""}],"author":"Julien","twitter_card":"summary_large_image","twitter_misc":{"\u00c9crit par":"Julien","Dur\u00e9e de lecture est.":"4 minutes"},"schema":{"@context":"https:\/\/schema.org","@graph":[{"@type":"Article","@id":"https:\/\/vieassociative.be\/actualites\/aws-nest-pas-la-seule-entreprise-a-bloquer-internet\/#article","isPartOf":{"@id":"https:\/\/vieassociative.be\/actualites\/aws-nest-pas-la-seule-entreprise-a-bloquer-internet\/"},"author":{"name":"Julien","@id":"https:\/\/vieassociative.be\/actualites\/#\/schema\/person\/b87ac4f82f9d4e7b7cec7395b679edc4"},"headline":"AWS n&rsquo;est pas la seule entreprise \u00e0 bloquer Internet","datePublished":"2025-10-22T07:17:11+00:00","dateModified":"2025-10-22T07:17:11+00:00","mainEntityOfPage":{"@id":"https:\/\/vieassociative.be\/actualites\/aws-nest-pas-la-seule-entreprise-a-bloquer-internet\/"},"wordCount":929,"publisher":{"@id":"https:\/\/vieassociative.be\/actualites\/#organization"},"image":{"@id":"https:\/\/vieassociative.be\/actualites\/aws-nest-pas-la-seule-entreprise-a-bloquer-internet\/#primaryimage"},"thumbnailUrl":"https:\/\/vieassociative.be\/actualites\/wp-content\/uploads\/2025\/10\/AWS-nest-pas-la-seule-entreprise-a-bloquer-Internet.jpg","keywords":["AWS","bloquer","entreprise","Internet","nest","pas","seule"],"articleSection":["Technologie"],"inLanguage":"fr-BE"},{"@type":"WebPage","@id":"https:\/\/vieassociative.be\/actualites\/aws-nest-pas-la-seule-entreprise-a-bloquer-internet\/","url":"https:\/\/vieassociative.be\/actualites\/aws-nest-pas-la-seule-entreprise-a-bloquer-internet\/","name":"AWS n'est pas la seule entreprise \u00e0 bloquer Internet | Vie Associative","isPartOf":{"@id":"https:\/\/vieassociative.be\/actualites\/#website"},"primaryImageOfPage":{"@id":"https:\/\/vieassociative.be\/actualites\/aws-nest-pas-la-seule-entreprise-a-bloquer-internet\/#primaryimage"},"image":{"@id":"https:\/\/vieassociative.be\/actualites\/aws-nest-pas-la-seule-entreprise-a-bloquer-internet\/#primaryimage"},"thumbnailUrl":"https:\/\/vieassociative.be\/actualites\/wp-content\/uploads\/2025\/10\/AWS-nest-pas-la-seule-entreprise-a-bloquer-Internet.jpg","datePublished":"2025-10-22T07:17:11+00:00","dateModified":"2025-10-22T07:17:11+00:00","breadcrumb":{"@id":"https:\/\/vieassociative.be\/actualites\/aws-nest-pas-la-seule-entreprise-a-bloquer-internet\/#breadcrumb"},"inLanguage":"fr-BE","potentialAction":[{"@type":"ReadAction","target":["https:\/\/vieassociative.be\/actualites\/aws-nest-pas-la-seule-entreprise-a-bloquer-internet\/"]}]},{"@type":"ImageObject","inLanguage":"fr-BE","@id":"https:\/\/vieassociative.be\/actualites\/aws-nest-pas-la-seule-entreprise-a-bloquer-internet\/#primaryimage","url":"https:\/\/vieassociative.be\/actualites\/wp-content\/uploads\/2025\/10\/AWS-nest-pas-la-seule-entreprise-a-bloquer-Internet.jpg","contentUrl":"https:\/\/vieassociative.be\/actualites\/wp-content\/uploads\/2025\/10\/AWS-nest-pas-la-seule-entreprise-a-bloquer-Internet.jpg","width":1200,"height":675,"caption":"AWS n'est pas la seule entreprise \u00e0 bloquer Internet"},{"@type":"BreadcrumbList","@id":"https:\/\/vieassociative.be\/actualites\/aws-nest-pas-la-seule-entreprise-a-bloquer-internet\/#breadcrumb","itemListElement":[{"@type":"ListItem","position":1,"name":"Accueil","item":"https:\/\/vieassociative.be\/actualites\/"},{"@type":"ListItem","position":2,"name":"AWS n&rsquo;est pas la seule entreprise \u00e0 bloquer Internet"}]},{"@type":"WebSite","@id":"https:\/\/vieassociative.be\/actualites\/#website","url":"https:\/\/vieassociative.be\/actualites\/","name":"Vie Associative","description":"","publisher":{"@id":"https:\/\/vieassociative.be\/actualites\/#organization"},"potentialAction":[{"@type":"SearchAction","target":{"@type":"EntryPoint","urlTemplate":"https:\/\/vieassociative.be\/actualites\/?s={search_term_string}"},"query-input":{"@type":"PropertyValueSpecification","valueRequired":true,"valueName":"search_term_string"}}],"inLanguage":"fr-BE"},{"@type":"Organization","@id":"https:\/\/vieassociative.be\/actualites\/#organization","name":"Vie Associative","url":"https:\/\/vieassociative.be\/actualites\/","logo":{"@type":"ImageObject","inLanguage":"fr-BE","@id":"https:\/\/vieassociative.be\/actualites\/#\/schema\/logo\/image\/","url":"https:\/\/vieassociative.be\/actualites\/wp-content\/uploads\/2024\/09\/cropped-vieassociative_favicon.ico.png","contentUrl":"https:\/\/vieassociative.be\/actualites\/wp-content\/uploads\/2024\/09\/cropped-vieassociative_favicon.ico.png","width":512,"height":512,"caption":"Vie Associative"},"image":{"@id":"https:\/\/vieassociative.be\/actualites\/#\/schema\/logo\/image\/"}},{"@type":"Person","@id":"https:\/\/vieassociative.be\/actualites\/#\/schema\/person\/b87ac4f82f9d4e7b7cec7395b679edc4","name":"Julien","image":{"@type":"ImageObject","inLanguage":"fr-BE","@id":"https:\/\/vieassociative.be\/actualites\/#\/schema\/person\/image\/","url":"https:\/\/vieassociative.be\/actualites\/wp-content\/uploads\/2024\/09\/vie-associative-1-150x150.jpg","contentUrl":"https:\/\/vieassociative.be\/actualites\/wp-content\/uploads\/2024\/09\/vie-associative-1-150x150.jpg","caption":"Julien"},"description":"Je suis Julien, r\u00e9dacteur pour Vie Associative. Passionn\u00e9 par le monde associatif depuis plus de 10 ans, j'ai \u00e0 c\u0153ur de partager des histoires inspirantes et de mettre en lumi\u00e8re les initiatives locales. Mon objectif est de sensibiliser et d'encourager l'engagement communautaire \u00e0 travers mes articles.","sameAs":["https:\/\/vieassociative.be\/"]}]}},"_links":{"self":[{"href":"https:\/\/vieassociative.be\/actualites\/wp-json\/wp\/v2\/posts\/10818"}],"collection":[{"href":"https:\/\/vieassociative.be\/actualites\/wp-json\/wp\/v2\/posts"}],"about":[{"href":"https:\/\/vieassociative.be\/actualites\/wp-json\/wp\/v2\/types\/post"}],"author":[{"embeddable":true,"href":"https:\/\/vieassociative.be\/actualites\/wp-json\/wp\/v2\/users\/1"}],"replies":[{"embeddable":true,"href":"https:\/\/vieassociative.be\/actualites\/wp-json\/wp\/v2\/comments?post=10818"}],"version-history":[{"count":0,"href":"https:\/\/vieassociative.be\/actualites\/wp-json\/wp\/v2\/posts\/10818\/revisions"}],"wp:featuredmedia":[{"embeddable":true,"href":"https:\/\/vieassociative.be\/actualites\/wp-json\/wp\/v2\/media\/10819"}],"wp:attachment":[{"href":"https:\/\/vieassociative.be\/actualites\/wp-json\/wp\/v2\/media?parent=10818"}],"wp:term":[{"taxonomy":"category","embeddable":true,"href":"https:\/\/vieassociative.be\/actualites\/wp-json\/wp\/v2\/categories?post=10818"},{"taxonomy":"post_tag","embeddable":true,"href":"https:\/\/vieassociative.be\/actualites\/wp-json\/wp\/v2\/tags?post=10818"}],"curies":[{"name":"wp","href":"https:\/\/api.w.org\/{rel}","templated":true}]}}