{"id":10815,"date":"2025-10-22T04:19:14","date_gmt":"2025-10-22T02:19:14","guid":{"rendered":"https:\/\/vieassociative.be\/actualites\/04-contre-linter-milan-lunion-saint-gilloise-ne-parvient-pas-a-marquer-dans-un-premier-temps-et-est-ensuite-severement-sanctionnee\/"},"modified":"2025-10-22T04:19:14","modified_gmt":"2025-10-22T02:19:14","slug":"04-contre-linter-milan-lunion-saint-gilloise-ne-parvient-pas-a-marquer-dans-un-premier-temps-et-est-ensuite-severement-sanctionnee","status":"publish","type":"post","link":"https:\/\/vieassociative.be\/actualites\/04-contre-linter-milan-lunion-saint-gilloise-ne-parvient-pas-a-marquer-dans-un-premier-temps-et-est-ensuite-severement-sanctionnee\/","title":{"rendered":"0:4 contre l&rsquo;Inter Milan : l&rsquo;Union Saint-Gilloise ne parvient pas \u00e0 marquer dans un premier temps et est ensuite s\u00e9v\u00e8rement sanctionn\u00e9e"},"content":{"rendered":"<p><strong>Apr\u00e8s la d\u00e9faite 4-0 face \u00e0 Newcastle United, l&rsquo;Union Saint-Gilloise a elle aussi d\u00fb retenir la le\u00e7on lors de la 3e journ\u00e9e de la phase de championnat de Ligue des Champions. Les champions de Belgique ont perdu 4-0 contre l&rsquo;Inter Milan mardi au Lotto Park d&rsquo;Anderlecht. L&rsquo;\u00e9quipe bruxelloise a rat\u00e9 plusieurs occasions claires de marquer d\u00e8s le d\u00e9but.<\/strong><\/p>\n<p><span id=\"more-427776\"><\/span>Deuxi\u00e8me match \u00e0 domicile, m\u00eame conclusion et m\u00eame r\u00e9sultat pour l&rsquo;Union Saint-Gilloise. Trois semaines apr\u00e8s la d\u00e9faite 4-0 face \u00e0 Newcastle, l&rsquo;\u00e9quipe bruxelloise esp\u00e9rait montrer un autre visage face \u00e0 l&rsquo;Inter. Ils n&rsquo;ont pas r\u00e9ussi. Malgr\u00e9 un d\u00e9but brillant, le nouvel entra\u00eeneur de l&rsquo;Union David Hubert et ses joueurs ont montr\u00e9 les m\u00eames faiblesses face aux finalistes de la saison derni\u00e8re. Avec le m\u00eame r\u00e9sultat.<\/p>\n<p><strong>\u2013 Un d\u00e9but de match presque parfait :<\/strong> Il existe cependant une diff\u00e9rence entre ces deux rencontres. Union a r\u00e9ussi \u00e0 rendre ce jeu passionnant, du moins au d\u00e9but. De toute fa\u00e7on.<\/p>\n<div id=\"attachment_427801\" class=\"wp-caption alignleft\" style=\"max-width: 300px\"><img fetchpriority=\"high\" decoding=\"async\" class=\"wp-image-427801 size-medium\" src=\"https:\/\/vieassociative.be\/actualites\/wp-content\/uploads\/2025\/10\/04-contre-lInter-Milan-lUnion-Saint-Gilloise-ne-parvient-pas.jpg\" alt=\"\" width=\"300\" height=\"200\"><\/div>\n<p>Dans les premi\u00e8res minutes du match, l&rsquo;Union a eu quatre occasions de marquer d&rsquo;affil\u00e9e. David a pr\u00e9valu contre De Vrij et a \u00e9chou\u00e9 \u00e0 cause de Sommer. Sur le corner suivant, Burgess et Rasmussen mettent \u00e0 nouveau le gardien milanais sous pression avant que Van De Perre ne tente \u00e9galement sa chance apr\u00e8s un autre corner bloqu\u00e9.<\/p>\n<p>L&rsquo;Union avait donn\u00e9 le ton et \u00e9tait plus qu&rsquo;\u00e9gale aux vice-champions d&rsquo;Europe en titre pendant pr\u00e8s de 35 minutes. Mais dans le football, et surtout dans les matches europ\u00e9ens, le dicton bien connu s&rsquo;applique : si vous ne marquez pas de but, vous serez puni lors de la contre-attaque.<\/p>\n<p>Les Bruxellois ont d\u00fb (encore) l\u2019apprendre \u00e0 leurs d\u00e9pens. Zorgane perd son duel contre Bisseck sur corner. Le rapide Dumfries en a profit\u00e9 et a marqu\u00e9 le premier but dans la surface de r\u00e9paration. Quelques instants plus tard, Leysen manquait sa passe en retour et envoyait Mart\u00ednez en profondeur. Cependant, cela a \u00e9chou\u00e9 \u00e0 cause de Scherpen, qui \u00e9tait content du ballon.<\/p>\n<p>Mais l&rsquo;Argentin n&rsquo;a pas tard\u00e9 \u00e0 attendre dans les arr\u00eats de jeu lorsqu&rsquo;Esposito lui a id\u00e9alement pass\u00e9 un ballon de Dumfries. L&rsquo;attaquant de l&rsquo;Inter a envoy\u00e9 le ballon exactement dans le coin. Les visiteurs entraient \u00e0 la pause avec deux buts d&rsquo;avance.<\/p>\n<p><strong>\u2013 Calhanoglu met fin \u00e0 la tension :<\/strong> En seconde p\u00e9riode, l&rsquo;Union n&rsquo;a pas vraiment r\u00e9ussi \u00e0 cr\u00e9er de surprises. Le deuxi\u00e8me but avant la pause coupe le vent aux voiles bruxelloises.<\/p>\n<div id=\"attachment_427802\" class=\"wp-caption alignleft\" style=\"max-width: 300px\"><img decoding=\"async\" class=\"wp-image-427802 size-medium\" src=\"https:\/\/vieassociative.be\/actualites\/wp-content\/uploads\/2025\/10\/1761099554_564_04-contre-lInter-Milan-lUnion-Saint-Gilloise-ne-parvient-pas.jpg\" alt=\"\" width=\"300\" height=\"200\"><\/div>\n<p>Le troisi\u00e8me but met fin \u00e0 la tension : apr\u00e8s un centre, Lautaro Mart\u00ednez s&rsquo;\u00e9l\u00e8ve une nouvelle fois plus haut que MacAllister, qui le pousse avec son bras. Apr\u00e8s une rediffusion au ralenti et un examen VAR, Calhanoglu a converti le penalty, mettant fin \u00e0 tout espoir de retour.<\/p>\n<p>Apr\u00e8s cela, les Italiens ont fait ce qu&rsquo;ils font de mieux : g\u00e9rer le r\u00e9sultat. Ils ont attendu tranquillement leurs adversaires, sans aucune pression.<\/p>\n<p>Les Milanais ont jou\u00e9 sans complexes et auraient pu augmenter le r\u00e9sultat plus t\u00f4t. Esposito a d&rsquo;abord rat\u00e9 une chance de 100 pour cent \u00e0 deux m\u00e8tres. Cependant, un quart d&rsquo;heure avant la fin, il a r\u00e9par\u00e9 son erreur en transformant une passe d\u00e9cisive de Bony, 0:4.<\/p>\n<p>Apr\u00e8s avoir remport\u00e9 le match d&rsquo;ouverture contre le PSV, Union est revenue sur terre apr\u00e8s les deux duels contre Newcastle et l&rsquo;Inter Milan. Lors du prochain match, les champions se rendront \u00e0 l&rsquo;Atl\u00e9tico Madrid. Encore une mission dangereuse avant de continuer \u00e0 Istanbul contre Galatasaray et \u00e0 domicile contre Marseille. Finir parmi les 24 meilleures \u00e9quipes \u00e0 l&rsquo;issue de la phase de championnat sera tr\u00e8s difficile pour la Saint-Gilloise.<\/p>\n<p>Le FC Bruges sera \u00e9galement un outsider flagrant lors du d\u00e9placement du Bayern Munich mercredi (21h \/ en direct sur Club RTL et Proximus Pickx). (cr\u00e9er)<\/p><\/p>\n","protected":false},"excerpt":{"rendered":"<p>Apr\u00e8s la d\u00e9faite 4-0 face \u00e0 Newcastle United, l&rsquo;Union Saint-Gilloise a elle aussi d\u00fb retenir la le\u00e7on lors de la 3e journ\u00e9e de la phase<\/p>\n","protected":false},"author":1,"featured_media":10816,"comment_status":"","ping_status":"","sticky":false,"template":"","format":"standard","meta":{"footnotes":""},"categories":[298],"tags":[796,166,4466,76,5811,1143,8993,6267,3820,126,443,2502,8995,8994,790],"class_list":["post-10815","post","type-post","status-publish","format-standard","has-post-thumbnail","hentry","category-belgique","tag-contre","tag-dans","tag-ensuite","tag-est","tag-linter","tag-lunion","tag-marquer","tag-milan","tag-parvient","tag-pas","tag-premier","tag-saintgilloise","tag-sanctionnee","tag-severement","tag-temps","generate-columns","tablet-grid-50","mobile-grid-100","grid-parent","grid-33"],"yoast_head":"<!-- This site is optimized with the Yoast SEO plugin v24.0 - https:\/\/yoast.com\/wordpress\/plugins\/seo\/ -->\n<title>0:4 contre l&#039;Inter Milan : l&#039;Union Saint-Gilloise ne parvient pas \u00e0 marquer dans un premier temps et est ensuite s\u00e9v\u00e8rement sanctionn\u00e9e | Vie Associative<\/title>\n<meta name=\"robots\" content=\"index, follow, max-snippet:-1, max-image-preview:large, max-video-preview:-1\" \/>\n<link rel=\"canonical\" href=\"https:\/\/vieassociative.be\/actualites\/04-contre-linter-milan-lunion-saint-gilloise-ne-parvient-pas-a-marquer-dans-un-premier-temps-et-est-ensuite-severement-sanctionnee\/\" \/>\n<meta property=\"og:locale\" content=\"fr_FR\" \/>\n<meta property=\"og:type\" content=\"article\" \/>\n<meta property=\"og:title\" content=\"0:4 contre l&#039;Inter Milan : l&#039;Union Saint-Gilloise ne parvient pas \u00e0 marquer dans un premier temps et est ensuite s\u00e9v\u00e8rement sanctionn\u00e9e | Vie Associative\" \/>\n<meta property=\"og:description\" content=\"Apr\u00e8s la d\u00e9faite 4-0 face \u00e0 Newcastle United, l&rsquo;Union Saint-Gilloise a elle aussi d\u00fb retenir la le\u00e7on lors de la 3e journ\u00e9e de la phase\" \/>\n<meta property=\"og:url\" content=\"https:\/\/vieassociative.be\/actualites\/04-contre-linter-milan-lunion-saint-gilloise-ne-parvient-pas-a-marquer-dans-un-premier-temps-et-est-ensuite-severement-sanctionnee\/\" \/>\n<meta property=\"og:site_name\" content=\"Vie Associative\" \/>\n<meta property=\"article:published_time\" content=\"2025-10-22T02:19:14+00:00\" \/>\n<meta property=\"og:image\" content=\"https:\/\/vieassociative.be\/actualites\/wp-content\/uploads\/2024\/09\/header_backgroundk-01-e1726694325946.png\" \/>\n\t<meta property=\"og:image:width\" content=\"279\" \/>\n\t<meta property=\"og:image:height\" content=\"92\" \/>\n\t<meta property=\"og:image:type\" content=\"image\/png\" \/>\n<meta name=\"author\" content=\"Julien\" \/>\n<meta name=\"twitter:card\" content=\"summary_large_image\" \/>\n<meta name=\"twitter:label1\" content=\"\u00c9crit par\" \/>\n\t<meta name=\"twitter:data1\" content=\"Julien\" \/>\n\t<meta name=\"twitter:label2\" content=\"Dur\u00e9e de lecture est.\" \/>\n\t<meta name=\"twitter:data2\" content=\"3 minutes\" \/>\n<script type=\"application\/ld+json\" class=\"yoast-schema-graph\">{\"@context\":\"https:\/\/schema.org\",\"@graph\":[{\"@type\":\"Article\",\"@id\":\"https:\/\/vieassociative.be\/actualites\/04-contre-linter-milan-lunion-saint-gilloise-ne-parvient-pas-a-marquer-dans-un-premier-temps-et-est-ensuite-severement-sanctionnee\/#article\",\"isPartOf\":{\"@id\":\"https:\/\/vieassociative.be\/actualites\/04-contre-linter-milan-lunion-saint-gilloise-ne-parvient-pas-a-marquer-dans-un-premier-temps-et-est-ensuite-severement-sanctionnee\/\"},\"author\":{\"name\":\"Julien\",\"@id\":\"https:\/\/vieassociative.be\/actualites\/#\/schema\/person\/b87ac4f82f9d4e7b7cec7395b679edc4\"},\"headline\":\"0:4 contre l&rsquo;Inter Milan : l&rsquo;Union Saint-Gilloise ne parvient pas \u00e0 marquer dans un premier temps et est ensuite s\u00e9v\u00e8rement sanctionn\u00e9e\",\"datePublished\":\"2025-10-22T02:19:14+00:00\",\"dateModified\":\"2025-10-22T02:19:14+00:00\",\"mainEntityOfPage\":{\"@id\":\"https:\/\/vieassociative.be\/actualites\/04-contre-linter-milan-lunion-saint-gilloise-ne-parvient-pas-a-marquer-dans-un-premier-temps-et-est-ensuite-severement-sanctionnee\/\"},\"wordCount\":694,\"publisher\":{\"@id\":\"https:\/\/vieassociative.be\/actualites\/#organization\"},\"image\":{\"@id\":\"https:\/\/vieassociative.be\/actualites\/04-contre-linter-milan-lunion-saint-gilloise-ne-parvient-pas-a-marquer-dans-un-premier-temps-et-est-ensuite-severement-sanctionnee\/#primaryimage\"},\"thumbnailUrl\":\"https:\/\/vieassociative.be\/actualites\/wp-content\/uploads\/2025\/10\/1761099555_04-contre-lInter-Milan-lUnion-Saint-Gilloise-ne-parvient-pas.jpg\",\"keywords\":[\"contre\",\"dans\",\"ensuite\",\"est\",\"lInter\",\"lUnion\",\"marquer\",\"Milan\",\"parvient\",\"pas\",\"premier\",\"SaintGilloise\",\"sanctionn\u00e9e\",\"s\u00e9v\u00e8rement\",\"temps\"],\"articleSection\":[\"Belgique\"],\"inLanguage\":\"fr-BE\"},{\"@type\":\"WebPage\",\"@id\":\"https:\/\/vieassociative.be\/actualites\/04-contre-linter-milan-lunion-saint-gilloise-ne-parvient-pas-a-marquer-dans-un-premier-temps-et-est-ensuite-severement-sanctionnee\/\",\"url\":\"https:\/\/vieassociative.be\/actualites\/04-contre-linter-milan-lunion-saint-gilloise-ne-parvient-pas-a-marquer-dans-un-premier-temps-et-est-ensuite-severement-sanctionnee\/\",\"name\":\"0:4 contre l'Inter Milan : l'Union Saint-Gilloise ne parvient pas \u00e0 marquer dans un premier temps et est ensuite s\u00e9v\u00e8rement sanctionn\u00e9e | Vie Associative\",\"isPartOf\":{\"@id\":\"https:\/\/vieassociative.be\/actualites\/#website\"},\"primaryImageOfPage\":{\"@id\":\"https:\/\/vieassociative.be\/actualites\/04-contre-linter-milan-lunion-saint-gilloise-ne-parvient-pas-a-marquer-dans-un-premier-temps-et-est-ensuite-severement-sanctionnee\/#primaryimage\"},\"image\":{\"@id\":\"https:\/\/vieassociative.be\/actualites\/04-contre-linter-milan-lunion-saint-gilloise-ne-parvient-pas-a-marquer-dans-un-premier-temps-et-est-ensuite-severement-sanctionnee\/#primaryimage\"},\"thumbnailUrl\":\"https:\/\/vieassociative.be\/actualites\/wp-content\/uploads\/2025\/10\/1761099555_04-contre-lInter-Milan-lUnion-Saint-Gilloise-ne-parvient-pas.jpg\",\"datePublished\":\"2025-10-22T02:19:14+00:00\",\"dateModified\":\"2025-10-22T02:19:14+00:00\",\"breadcrumb\":{\"@id\":\"https:\/\/vieassociative.be\/actualites\/04-contre-linter-milan-lunion-saint-gilloise-ne-parvient-pas-a-marquer-dans-un-premier-temps-et-est-ensuite-severement-sanctionnee\/#breadcrumb\"},\"inLanguage\":\"fr-BE\",\"potentialAction\":[{\"@type\":\"ReadAction\",\"target\":[\"https:\/\/vieassociative.be\/actualites\/04-contre-linter-milan-lunion-saint-gilloise-ne-parvient-pas-a-marquer-dans-un-premier-temps-et-est-ensuite-severement-sanctionnee\/\"]}]},{\"@type\":\"ImageObject\",\"inLanguage\":\"fr-BE\",\"@id\":\"https:\/\/vieassociative.be\/actualites\/04-contre-linter-milan-lunion-saint-gilloise-ne-parvient-pas-a-marquer-dans-un-premier-temps-et-est-ensuite-severement-sanctionnee\/#primaryimage\",\"url\":\"https:\/\/vieassociative.be\/actualites\/wp-content\/uploads\/2025\/10\/1761099555_04-contre-lInter-Milan-lUnion-Saint-Gilloise-ne-parvient-pas.jpg\",\"contentUrl\":\"https:\/\/vieassociative.be\/actualites\/wp-content\/uploads\/2025\/10\/1761099555_04-contre-lInter-Milan-lUnion-Saint-Gilloise-ne-parvient-pas.jpg\",\"width\":1200,\"height\":800,\"caption\":\"0:4 contre l'Inter Milan : l'Union Saint-Gilloise ne parvient pas \u00e0 marquer dans un premier temps et est ensuite s\u00e9v\u00e8rement sanctionn\u00e9e\"},{\"@type\":\"BreadcrumbList\",\"@id\":\"https:\/\/vieassociative.be\/actualites\/04-contre-linter-milan-lunion-saint-gilloise-ne-parvient-pas-a-marquer-dans-un-premier-temps-et-est-ensuite-severement-sanctionnee\/#breadcrumb\",\"itemListElement\":[{\"@type\":\"ListItem\",\"position\":1,\"name\":\"Accueil\",\"item\":\"https:\/\/vieassociative.be\/actualites\/\"},{\"@type\":\"ListItem\",\"position\":2,\"name\":\"0:4 contre l&rsquo;Inter Milan : l&rsquo;Union Saint-Gilloise ne parvient pas \u00e0 marquer dans un premier temps et est ensuite s\u00e9v\u00e8rement sanctionn\u00e9e\"}]},{\"@type\":\"WebSite\",\"@id\":\"https:\/\/vieassociative.be\/actualites\/#website\",\"url\":\"https:\/\/vieassociative.be\/actualites\/\",\"name\":\"Vie Associative\",\"description\":\"\",\"publisher\":{\"@id\":\"https:\/\/vieassociative.be\/actualites\/#organization\"},\"potentialAction\":[{\"@type\":\"SearchAction\",\"target\":{\"@type\":\"EntryPoint\",\"urlTemplate\":\"https:\/\/vieassociative.be\/actualites\/?s={search_term_string}\"},\"query-input\":{\"@type\":\"PropertyValueSpecification\",\"valueRequired\":true,\"valueName\":\"search_term_string\"}}],\"inLanguage\":\"fr-BE\"},{\"@type\":\"Organization\",\"@id\":\"https:\/\/vieassociative.be\/actualites\/#organization\",\"name\":\"Vie Associative\",\"url\":\"https:\/\/vieassociative.be\/actualites\/\",\"logo\":{\"@type\":\"ImageObject\",\"inLanguage\":\"fr-BE\",\"@id\":\"https:\/\/vieassociative.be\/actualites\/#\/schema\/logo\/image\/\",\"url\":\"https:\/\/vieassociative.be\/actualites\/wp-content\/uploads\/2024\/09\/cropped-vieassociative_favicon.ico.png\",\"contentUrl\":\"https:\/\/vieassociative.be\/actualites\/wp-content\/uploads\/2024\/09\/cropped-vieassociative_favicon.ico.png\",\"width\":512,\"height\":512,\"caption\":\"Vie Associative\"},\"image\":{\"@id\":\"https:\/\/vieassociative.be\/actualites\/#\/schema\/logo\/image\/\"}},{\"@type\":\"Person\",\"@id\":\"https:\/\/vieassociative.be\/actualites\/#\/schema\/person\/b87ac4f82f9d4e7b7cec7395b679edc4\",\"name\":\"Julien\",\"image\":{\"@type\":\"ImageObject\",\"inLanguage\":\"fr-BE\",\"@id\":\"https:\/\/vieassociative.be\/actualites\/#\/schema\/person\/image\/\",\"url\":\"https:\/\/vieassociative.be\/actualites\/wp-content\/uploads\/2024\/09\/vie-associative-1-150x150.jpg\",\"contentUrl\":\"https:\/\/vieassociative.be\/actualites\/wp-content\/uploads\/2024\/09\/vie-associative-1-150x150.jpg\",\"caption\":\"Julien\"},\"description\":\"Je suis Julien, r\u00e9dacteur pour Vie Associative. Passionn\u00e9 par le monde associatif depuis plus de 10 ans, j'ai \u00e0 c\u0153ur de partager des histoires inspirantes et de mettre en lumi\u00e8re les initiatives locales. Mon objectif est de sensibiliser et d'encourager l'engagement communautaire \u00e0 travers mes articles.\",\"sameAs\":[\"https:\/\/vieassociative.be\/\"]}]}<\/script>\n<!-- \/ Yoast SEO plugin. -->","yoast_head_json":{"title":"0:4 contre l'Inter Milan : l'Union Saint-Gilloise ne parvient pas \u00e0 marquer dans un premier temps et est ensuite s\u00e9v\u00e8rement sanctionn\u00e9e | Vie Associative","robots":{"index":"index","follow":"follow","max-snippet":"max-snippet:-1","max-image-preview":"max-image-preview:large","max-video-preview":"max-video-preview:-1"},"canonical":"https:\/\/vieassociative.be\/actualites\/04-contre-linter-milan-lunion-saint-gilloise-ne-parvient-pas-a-marquer-dans-un-premier-temps-et-est-ensuite-severement-sanctionnee\/","og_locale":"fr_FR","og_type":"article","og_title":"0:4 contre l'Inter Milan : l'Union Saint-Gilloise ne parvient pas \u00e0 marquer dans un premier temps et est ensuite s\u00e9v\u00e8rement sanctionn\u00e9e | Vie Associative","og_description":"Apr\u00e8s la d\u00e9faite 4-0 face \u00e0 Newcastle United, l&rsquo;Union Saint-Gilloise a elle aussi d\u00fb retenir la le\u00e7on lors de la 3e journ\u00e9e de la phase","og_url":"https:\/\/vieassociative.be\/actualites\/04-contre-linter-milan-lunion-saint-gilloise-ne-parvient-pas-a-marquer-dans-un-premier-temps-et-est-ensuite-severement-sanctionnee\/","og_site_name":"Vie Associative","article_published_time":"2025-10-22T02:19:14+00:00","og_image":[{"width":279,"height":92,"url":"https:\/\/vieassociative.be\/actualites\/wp-content\/uploads\/2024\/09\/header_backgroundk-01-e1726694325946.png","type":"image\/png"}],"author":"Julien","twitter_card":"summary_large_image","twitter_misc":{"\u00c9crit par":"Julien","Dur\u00e9e de lecture est.":"3 minutes"},"schema":{"@context":"https:\/\/schema.org","@graph":[{"@type":"Article","@id":"https:\/\/vieassociative.be\/actualites\/04-contre-linter-milan-lunion-saint-gilloise-ne-parvient-pas-a-marquer-dans-un-premier-temps-et-est-ensuite-severement-sanctionnee\/#article","isPartOf":{"@id":"https:\/\/vieassociative.be\/actualites\/04-contre-linter-milan-lunion-saint-gilloise-ne-parvient-pas-a-marquer-dans-un-premier-temps-et-est-ensuite-severement-sanctionnee\/"},"author":{"name":"Julien","@id":"https:\/\/vieassociative.be\/actualites\/#\/schema\/person\/b87ac4f82f9d4e7b7cec7395b679edc4"},"headline":"0:4 contre l&rsquo;Inter Milan : l&rsquo;Union Saint-Gilloise ne parvient pas \u00e0 marquer dans un premier temps et est ensuite s\u00e9v\u00e8rement sanctionn\u00e9e","datePublished":"2025-10-22T02:19:14+00:00","dateModified":"2025-10-22T02:19:14+00:00","mainEntityOfPage":{"@id":"https:\/\/vieassociative.be\/actualites\/04-contre-linter-milan-lunion-saint-gilloise-ne-parvient-pas-a-marquer-dans-un-premier-temps-et-est-ensuite-severement-sanctionnee\/"},"wordCount":694,"publisher":{"@id":"https:\/\/vieassociative.be\/actualites\/#organization"},"image":{"@id":"https:\/\/vieassociative.be\/actualites\/04-contre-linter-milan-lunion-saint-gilloise-ne-parvient-pas-a-marquer-dans-un-premier-temps-et-est-ensuite-severement-sanctionnee\/#primaryimage"},"thumbnailUrl":"https:\/\/vieassociative.be\/actualites\/wp-content\/uploads\/2025\/10\/1761099555_04-contre-lInter-Milan-lUnion-Saint-Gilloise-ne-parvient-pas.jpg","keywords":["contre","dans","ensuite","est","lInter","lUnion","marquer","Milan","parvient","pas","premier","SaintGilloise","sanctionn\u00e9e","s\u00e9v\u00e8rement","temps"],"articleSection":["Belgique"],"inLanguage":"fr-BE"},{"@type":"WebPage","@id":"https:\/\/vieassociative.be\/actualites\/04-contre-linter-milan-lunion-saint-gilloise-ne-parvient-pas-a-marquer-dans-un-premier-temps-et-est-ensuite-severement-sanctionnee\/","url":"https:\/\/vieassociative.be\/actualites\/04-contre-linter-milan-lunion-saint-gilloise-ne-parvient-pas-a-marquer-dans-un-premier-temps-et-est-ensuite-severement-sanctionnee\/","name":"0:4 contre l'Inter Milan : l'Union Saint-Gilloise ne parvient pas \u00e0 marquer dans un premier temps et est ensuite s\u00e9v\u00e8rement sanctionn\u00e9e | Vie Associative","isPartOf":{"@id":"https:\/\/vieassociative.be\/actualites\/#website"},"primaryImageOfPage":{"@id":"https:\/\/vieassociative.be\/actualites\/04-contre-linter-milan-lunion-saint-gilloise-ne-parvient-pas-a-marquer-dans-un-premier-temps-et-est-ensuite-severement-sanctionnee\/#primaryimage"},"image":{"@id":"https:\/\/vieassociative.be\/actualites\/04-contre-linter-milan-lunion-saint-gilloise-ne-parvient-pas-a-marquer-dans-un-premier-temps-et-est-ensuite-severement-sanctionnee\/#primaryimage"},"thumbnailUrl":"https:\/\/vieassociative.be\/actualites\/wp-content\/uploads\/2025\/10\/1761099555_04-contre-lInter-Milan-lUnion-Saint-Gilloise-ne-parvient-pas.jpg","datePublished":"2025-10-22T02:19:14+00:00","dateModified":"2025-10-22T02:19:14+00:00","breadcrumb":{"@id":"https:\/\/vieassociative.be\/actualites\/04-contre-linter-milan-lunion-saint-gilloise-ne-parvient-pas-a-marquer-dans-un-premier-temps-et-est-ensuite-severement-sanctionnee\/#breadcrumb"},"inLanguage":"fr-BE","potentialAction":[{"@type":"ReadAction","target":["https:\/\/vieassociative.be\/actualites\/04-contre-linter-milan-lunion-saint-gilloise-ne-parvient-pas-a-marquer-dans-un-premier-temps-et-est-ensuite-severement-sanctionnee\/"]}]},{"@type":"ImageObject","inLanguage":"fr-BE","@id":"https:\/\/vieassociative.be\/actualites\/04-contre-linter-milan-lunion-saint-gilloise-ne-parvient-pas-a-marquer-dans-un-premier-temps-et-est-ensuite-severement-sanctionnee\/#primaryimage","url":"https:\/\/vieassociative.be\/actualites\/wp-content\/uploads\/2025\/10\/1761099555_04-contre-lInter-Milan-lUnion-Saint-Gilloise-ne-parvient-pas.jpg","contentUrl":"https:\/\/vieassociative.be\/actualites\/wp-content\/uploads\/2025\/10\/1761099555_04-contre-lInter-Milan-lUnion-Saint-Gilloise-ne-parvient-pas.jpg","width":1200,"height":800,"caption":"0:4 contre l'Inter Milan : l'Union Saint-Gilloise ne parvient pas \u00e0 marquer dans un premier temps et est ensuite s\u00e9v\u00e8rement sanctionn\u00e9e"},{"@type":"BreadcrumbList","@id":"https:\/\/vieassociative.be\/actualites\/04-contre-linter-milan-lunion-saint-gilloise-ne-parvient-pas-a-marquer-dans-un-premier-temps-et-est-ensuite-severement-sanctionnee\/#breadcrumb","itemListElement":[{"@type":"ListItem","position":1,"name":"Accueil","item":"https:\/\/vieassociative.be\/actualites\/"},{"@type":"ListItem","position":2,"name":"0:4 contre l&rsquo;Inter Milan : l&rsquo;Union Saint-Gilloise ne parvient pas \u00e0 marquer dans un premier temps et est ensuite s\u00e9v\u00e8rement sanctionn\u00e9e"}]},{"@type":"WebSite","@id":"https:\/\/vieassociative.be\/actualites\/#website","url":"https:\/\/vieassociative.be\/actualites\/","name":"Vie Associative","description":"","publisher":{"@id":"https:\/\/vieassociative.be\/actualites\/#organization"},"potentialAction":[{"@type":"SearchAction","target":{"@type":"EntryPoint","urlTemplate":"https:\/\/vieassociative.be\/actualites\/?s={search_term_string}"},"query-input":{"@type":"PropertyValueSpecification","valueRequired":true,"valueName":"search_term_string"}}],"inLanguage":"fr-BE"},{"@type":"Organization","@id":"https:\/\/vieassociative.be\/actualites\/#organization","name":"Vie Associative","url":"https:\/\/vieassociative.be\/actualites\/","logo":{"@type":"ImageObject","inLanguage":"fr-BE","@id":"https:\/\/vieassociative.be\/actualites\/#\/schema\/logo\/image\/","url":"https:\/\/vieassociative.be\/actualites\/wp-content\/uploads\/2024\/09\/cropped-vieassociative_favicon.ico.png","contentUrl":"https:\/\/vieassociative.be\/actualites\/wp-content\/uploads\/2024\/09\/cropped-vieassociative_favicon.ico.png","width":512,"height":512,"caption":"Vie Associative"},"image":{"@id":"https:\/\/vieassociative.be\/actualites\/#\/schema\/logo\/image\/"}},{"@type":"Person","@id":"https:\/\/vieassociative.be\/actualites\/#\/schema\/person\/b87ac4f82f9d4e7b7cec7395b679edc4","name":"Julien","image":{"@type":"ImageObject","inLanguage":"fr-BE","@id":"https:\/\/vieassociative.be\/actualites\/#\/schema\/person\/image\/","url":"https:\/\/vieassociative.be\/actualites\/wp-content\/uploads\/2024\/09\/vie-associative-1-150x150.jpg","contentUrl":"https:\/\/vieassociative.be\/actualites\/wp-content\/uploads\/2024\/09\/vie-associative-1-150x150.jpg","caption":"Julien"},"description":"Je suis Julien, r\u00e9dacteur pour Vie Associative. Passionn\u00e9 par le monde associatif depuis plus de 10 ans, j'ai \u00e0 c\u0153ur de partager des histoires inspirantes et de mettre en lumi\u00e8re les initiatives locales. Mon objectif est de sensibiliser et d'encourager l'engagement communautaire \u00e0 travers mes articles.","sameAs":["https:\/\/vieassociative.be\/"]}]}},"_links":{"self":[{"href":"https:\/\/vieassociative.be\/actualites\/wp-json\/wp\/v2\/posts\/10815"}],"collection":[{"href":"https:\/\/vieassociative.be\/actualites\/wp-json\/wp\/v2\/posts"}],"about":[{"href":"https:\/\/vieassociative.be\/actualites\/wp-json\/wp\/v2\/types\/post"}],"author":[{"embeddable":true,"href":"https:\/\/vieassociative.be\/actualites\/wp-json\/wp\/v2\/users\/1"}],"replies":[{"embeddable":true,"href":"https:\/\/vieassociative.be\/actualites\/wp-json\/wp\/v2\/comments?post=10815"}],"version-history":[{"count":0,"href":"https:\/\/vieassociative.be\/actualites\/wp-json\/wp\/v2\/posts\/10815\/revisions"}],"wp:featuredmedia":[{"embeddable":true,"href":"https:\/\/vieassociative.be\/actualites\/wp-json\/wp\/v2\/media\/10816"}],"wp:attachment":[{"href":"https:\/\/vieassociative.be\/actualites\/wp-json\/wp\/v2\/media?parent=10815"}],"wp:term":[{"taxonomy":"category","embeddable":true,"href":"https:\/\/vieassociative.be\/actualites\/wp-json\/wp\/v2\/categories?post=10815"},{"taxonomy":"post_tag","embeddable":true,"href":"https:\/\/vieassociative.be\/actualites\/wp-json\/wp\/v2\/tags?post=10815"}],"curies":[{"name":"wp","href":"https:\/\/api.w.org\/{rel}","templated":true}]}}