{"id":10811,"date":"2025-10-22T02:17:29","date_gmt":"2025-10-22T00:17:29","guid":{"rendered":"https:\/\/vieassociative.be\/actualites\/pourquoi-tout-ce-bien-etre-vous-fait-vous-sentir-encore-plus-epuise\/"},"modified":"2025-10-22T02:17:29","modified_gmt":"2025-10-22T00:17:29","slug":"pourquoi-tout-ce-bien-etre-vous-fait-vous-sentir-encore-plus-epuise","status":"publish","type":"post","link":"https:\/\/vieassociative.be\/actualites\/pourquoi-tout-ce-bien-etre-vous-fait-vous-sentir-encore-plus-epuise\/","title":{"rendered":"Pourquoi tout ce \u00ab\u00a0bien-\u00eatre\u00a0\u00bb vous fait vous sentir encore plus \u00e9puis\u00e9"},"content":{"rendered":"<div class=\"mt-4 leading-6 md:mb-8\">Pourquoi la m\u00e9ditation me rend-elle si stress\u00e9e ?<\/div>\n<p><\/p>\n<p>L&rsquo;expression \u00ab\u00a0pr\u00e9parez-vous avec moi\u00a0!\u00a0\u00bb \u00e7a me donne des frissons dans le dos. Quelque part entre le journal de gratitude et le septi\u00e8me suppl\u00e9ment du matin, le \u00ab\u00a0bien-\u00eatre\u00a0\u00bb a cess\u00e9 d&rsquo;\u00eatre un refuge et est devenu un \u00e9l\u00e9ment suppl\u00e9mentaire sur une liste de t\u00e2ches impossibles \u00e0 faire. Et lorsque je n\u2019accomplis pas les \u00e9l\u00e9ments de ma liste de choses \u00e0 faire, j\u2019ai introduit une nouvelle fa\u00e7on de ressentir l\u2019\u00e9chec dans ma vie quotidienne. Je m&rsquo;\u00e9puise en essayant de pr\u00e9venir l&rsquo;\u00e9puisement professionnel\u00a0; J&rsquo;ai peur de ne pas faire suffisamment de pratiques de r\u00e9duction de l&rsquo;anxi\u00e9t\u00e9\u00a0; Je suis fatigu\u00e9e de tous mes protocoles \u00ab booster d&rsquo;\u00e9nergie \u00bb. Tous les soins personnels qui sont cens\u00e9s me laisser \u00ab\u00a0restaur\u00e9\u00a0\u00bb m&rsquo;\u00e9puisent compl\u00e8tement. J&rsquo;ai atteint un paradoxe de la culture du bien-\u00eatre et je ne peux pas \u00eatre seul. <\/p>\n<h2 id=\"the-surveillance-state-of-self-care\">L\u2019\u00e9tat de surveillance des soins personnels<\/h2>\n<p>Emily Austen, auteur de <em>Plus intelligent\u00a0:\u00a010 le\u00e7ons pour une vie plus productive et moins stressante<\/em>a \u00e9t\u00e9 t\u00e9moin de cette transformation. Elle d\u00e9crit comment le bien-\u00eatre est devenu \u00ab le nouveau th\u00e9\u00e2tre de la productivit\u00e9 \u00bb, o\u00f9 les gens se retrouvent \u00ab noy\u00e9s dans des listes de contr\u00f4le pour s&rsquo;am\u00e9liorer\u00a0: journalisation, respiration, 10 000 pas, m\u00e9ditation, suppl\u00e9ments, soins de la peau, et toujours se connecter \u00e9puis\u00e9s\u00a0\u00bb. La culture du bien-\u00eatre est un spectacle \u00e0 part enti\u00e8re, avec son propre ensemble de costumes.<\/p>\n<p>Ce qui est particuli\u00e8rement insidieux, c\u2019est la mani\u00e8re dont les soins personnels ont \u00e9t\u00e9 int\u00e9gr\u00e9s dans un autre indicateur de r\u00e9ussite. Austen souligne que cela \u00ab s&rsquo;est transform\u00e9 en une autre forme d&rsquo;auto-surveillance : quelque chose que nous effectuons, publions et mesurons \u00bb. Nous ne nous contentons pas de suivre nos pas et nos cycles de sommeil : nous organisons des preuves de notre bien-\u00eatre pour un public, r\u00e9el ou imaginaire.<\/p>\n<div class=\"mx-auto mb-12 mt-5 w-full max-w-3xl rounded-md border-2 border-gray-100 p-3 shadow-md md:px-7 md:pb-7 md:pt-5\" id=\"related-video\">\n<div class=\"mb-3 flex items-center md:mb-5\">\n        <img decoding=\"async\" class=\"mr-4 mt-0 h-10 w-10 md:mr-5 md:h-12 md:w-12\" src=\"https:\/\/vieassociative.be\/actualites\/wp-content\/uploads\/2025\/09\/1757726237_608_Meta-pourrait-devoiler-une-montre-intelligente-pour-controler-ses-lunettes.jpg\" alt=\"Logo du pirate de la vie\"><\/p><\/div>\n<div class=\"aspect-video w-full overflow-hidden rounded-md\">\n<div id=\"video-container-01K84KMT8D23E7Z8881PG74GM3\"><\/div>\n<\/p><\/div>\n<\/div>\n<p>Et c\u2019est ici que nous atteignons le paradoxe des soins personnels. Nous savons que la culture de l&rsquo;agitation est bris\u00e9e, mais on nous vend le bien-\u00eatre comme la solution\u2026 gr\u00e2ce \u00e0 plus d&rsquo;agitation. Les marques capitalisent sur notre \u00e9puisement, vendant de l&rsquo;espoir sous la forme d&rsquo;adaptog\u00e8nes et de routines matinales, promettant un soulagement pour notre \u00ab syst\u00e8me nerveux grill\u00e9 \u00bb.<\/p>\n<p>Que vous qualifiiez ou non votre syst\u00e8me nerveux de \u00ab grill\u00e9 \u00bb, la majorit\u00e9 d&rsquo;entre nous se sentent \u00e9puis\u00e9s d&rsquo;une mani\u00e8re ou d&rsquo;une autre. Et comme nous le rappelle Austen, la plupart d\u2019entre nous \u00ab n\u2019ont pas le luxe de prendre six mois de cong\u00e9 pour r\u00e9cup\u00e9rer \u00bb. Les syst\u00e8mes que nous construisons doivent fonctionner en parall\u00e8le avec nos vies r\u00e9elles, et non dans une version id\u00e9alis\u00e9e de celles-ci. Sinon, ce ne sont que des bandages co\u00fbteux sur une plaie qui n\u00e9cessite des points de suture.<\/p>\n<h2 id=\"the-myth-of-the-perfect-routine\">Le mythe de la routine parfaite<\/h2>\n<p>Alexis Haselberger, coach en gestion du temps et productivit\u00e9, rencontre constamment cette mythologie du bien-\u00eatre dans sa pratique. Il existe une croyance r\u00e9pandue selon laquelle \u00ab prendre soin de soi est un ensemble d\u2019activit\u00e9s (yoga, m\u00e9ditation, pages du matin, etc.) et si vous ne les faites pas, vous ne prenez pas soin de vous \u00bb.<\/p>\n<p>Elle se souvient d&rsquo;un client qui, apr\u00e8s un exercice de suivi du temps, avait conclu qu&rsquo;il ne buvait pas assez d&rsquo;eau. Sa r\u00e9ponse ? \u00ab\u00a0<em>Comment savez-vous?<\/em>\u00a0\u00bb La conversation qui a suivi a r\u00e9v\u00e9l\u00e9 l&rsquo;absurdit\u00e9 de suivre des r\u00e8gles arbitraires, comme les fameux huit verres d&rsquo;eau, sans v\u00e9rifier son corps r\u00e9el. \u00a0\u00bb Vous sentez-vous d\u00e9shydrat\u00e9 ? Votre pipi est-il jaune fonc\u00e9 ? As-tu soif tout le temps ? Non? Eh bien, votre consommation d&rsquo;eau est probablement tr\u00e8s bonne.\u00a0\u00bb<\/p>\n<p>Plus r\u00e9v\u00e9lateur encore est le ph\u00e9nom\u00e8ne de personnes qui luttent contre leur chronotype naturel, essayant de devenir des gens du matin juste pour se glisser dans des rituels de bien-\u00eatre avant le travail. Haselberger voit \u00ab beaucoup, beaucoup de gens \u00bb tenter cette transformation, poursuivant la routine digne d&rsquo;Instagram de 5 heures du matin lorsque leurs corps sont enti\u00e8rement programm\u00e9s pour des rythmes diff\u00e9rents.<\/p>\n<p>Comment en sommes-nous arriv\u00e9s \u00e0 cet endroit \u00e9puisant ? Haselberger accuse \u00ab\u00a0une machine \u00e0 contenu dystopique\u00a0\u00bb qui nous inonde d&rsquo;affirmations selon lesquelles une activit\u00e9 de bien-\u00eatre suppl\u00e9mentaire fera toute la diff\u00e9rence. \u00ab\u00a0Les gens sont d\u00e9j\u00e0 stress\u00e9s, alors ils recherchent la solution magique.\u00a0\u00bb<\/p>\n<p>Au lieu de cela, les v\u00e9ritables soins personnels consistent souvent \u00e0 soustraire et non \u00e0 ajouter. \u00ab\u00a0Aucun bain moussant ou s\u00e9ance de journalisation ne r\u00e9soudra l&rsquo;\u00e9puisement professionnel\u00a0\u00bb, d\u00e9clare Haselberger. Il s&rsquo;agit plut\u00f4t de supprimer ce qui ne vous sert pas, et non d&rsquo;accumuler <em>plus<\/em> obligations. Concentrez-vous sur la protection de vos limites, sur la conservation de votre environnement et sur le fait de savoir quand arr\u00eater.<\/p>\n<h2 id=\"the-simplest-solution\">La solution la plus simple<\/h2>\n<p>Katherine Morgan Schafler, th\u00e9rapeute et auteur de<em> Le guide du perfectionniste pour perdre le contr\u00f4le<\/em><em>, <\/em>offre une issue \u00e0 ce pi\u00e8ge : simplicit\u00e9 et durabilit\u00e9. Avant d\u2019adopter une quelconque pratique de bien-\u00eatre, posez-vous deux questions : Est-ce simple ? Est-ce durable ?<\/p>\n<p>Prenons l&rsquo;exercice comme exemple. Au lieu de vous engager dans une routine de gym complexe, pourriez-vous faire une promenade ? Faire des sauts avec \u00e9cart dans votre salon ? Schafler sugg\u00e8re de se demander ce que vous pourriez vous imaginer faire \u00ab pour le reste de votre vie \u00bb, et non ce que vous pourriez endurer pendant six mois dans une \u00ab explosion insoutenable qui m\u00e8ne \u00e0 l&rsquo;\u00e9puisement professionnel \u00bb.<\/p>\n<p>Et voici la permission dont nous avons tous besoin : \u00ab Vous \u00eates cens\u00e9 faire ce qu&rsquo;on appelle \u00ab profiter de votre vie \u00bb. \u00bb Le plaisir et le plaisir ne sont pas frivoles : ils sont essentiels au bien-\u00eatre mental. \u00ab\u00a0Les routines de bien-\u00eatre formelles qui se prennent trop au s\u00e9rieux et sont d\u00e9pourvues de plaisir pourraient ne pas vous \u00eatre utiles\u00a0\u00bb, explique Schafler. \u00ab\u00a0Faites confiance \u00e0 ce qui vous fait du bien\u00a0; si vous ne l&rsquo;appr\u00e9ciez pas \u00e0 un certain niveau, ne le faites pas.\u00a0\u00bb<\/p>\n<p>L\u2019acte de soins personnels le plus radical n\u2019est peut-\u00eatre pas d\u2019ajouter un autre suppl\u00e9ment \u00e0 votre pile matinale ou de vous r\u00e9veiller plus t\u00f4t pour m\u00e9diter. C&rsquo;est peut-\u00eatre la permission de faire moins. Faites confiance \u00e0 votre corps plut\u00f4t qu&rsquo;aux conseils des influenceurs, prot\u00e9gez votre temps au lieu de l&rsquo;optimiser et privil\u00e9giez le repos r\u00e9el plut\u00f4t que l&rsquo;optimisation. <em>performance<\/em> de repos.<\/p>\n<p>Le bien-\u00eatre doit restaurer et non \u00e9puiser. Si votre routine de soins personnels ressemble \u00e0 un autre travail, il ne s\u2019agit pas de soins, mais de conformit\u00e9. Et vous \u00eates autoris\u00e9 \u00e0 arr\u00eater.<\/p>\n<p><script async src=\"\/\/www.tiktok.com\/embed.js\"><\/script><\/p>\n","protected":false},"excerpt":{"rendered":"<p>Pourquoi la m\u00e9ditation me rend-elle si stress\u00e9e ? L&rsquo;expression \u00ab\u00a0pr\u00e9parez-vous avec moi\u00a0!\u00a0\u00bb \u00e7a me donne des frissons dans le dos. Quelque part entre le journal<\/p>\n","protected":false},"author":1,"featured_media":10812,"comment_status":"","ping_status":"","sticky":false,"template":"","format":"standard","meta":{"footnotes":""},"categories":[38],"tags":[5860,592,3331,635,734,164,236,4],"class_list":["post-10811","post","type-post","status-publish","format-standard","has-post-thumbnail","hentry","category-sante","tag-bienetre","tag-encore","tag-epuise","tag-fait","tag-pourquoi","tag-sentir","tag-tout","tag-vous","generate-columns","tablet-grid-50","mobile-grid-100","grid-parent","grid-33"],"yoast_head":"<!-- This site is optimized with the Yoast SEO plugin v24.0 - https:\/\/yoast.com\/wordpress\/plugins\/seo\/ -->\n<title>Pourquoi tout ce \u00ab\u00a0bien-\u00eatre\u00a0\u00bb vous fait vous sentir encore plus \u00e9puis\u00e9 | Vie Associative<\/title>\n<meta name=\"robots\" content=\"index, follow, max-snippet:-1, max-image-preview:large, max-video-preview:-1\" \/>\n<link rel=\"canonical\" href=\"https:\/\/vieassociative.be\/actualites\/pourquoi-tout-ce-bien-etre-vous-fait-vous-sentir-encore-plus-epuise\/\" \/>\n<meta property=\"og:locale\" content=\"fr_FR\" \/>\n<meta property=\"og:type\" content=\"article\" \/>\n<meta property=\"og:title\" content=\"Pourquoi tout ce \u00ab\u00a0bien-\u00eatre\u00a0\u00bb vous fait vous sentir encore plus \u00e9puis\u00e9 | Vie Associative\" \/>\n<meta property=\"og:description\" content=\"Pourquoi la m\u00e9ditation me rend-elle si stress\u00e9e ? L&rsquo;expression \u00ab\u00a0pr\u00e9parez-vous avec moi\u00a0!\u00a0\u00bb \u00e7a me donne des frissons dans le dos. Quelque part entre le journal\" \/>\n<meta property=\"og:url\" content=\"https:\/\/vieassociative.be\/actualites\/pourquoi-tout-ce-bien-etre-vous-fait-vous-sentir-encore-plus-epuise\/\" \/>\n<meta property=\"og:site_name\" content=\"Vie Associative\" \/>\n<meta property=\"article:published_time\" content=\"2025-10-22T00:17:29+00:00\" \/>\n<meta property=\"og:image\" content=\"https:\/\/vieassociative.be\/actualites\/wp-content\/uploads\/2025\/09\/1757726237_608_Meta-pourrait-devoiler-une-montre-intelligente-pour-controler-ses-lunettes.jpg\" \/>\n<meta name=\"author\" content=\"Julien\" \/>\n<meta name=\"twitter:card\" content=\"summary_large_image\" \/>\n<meta name=\"twitter:label1\" content=\"\u00c9crit par\" \/>\n\t<meta name=\"twitter:data1\" content=\"Julien\" \/>\n\t<meta name=\"twitter:label2\" content=\"Dur\u00e9e de lecture est.\" \/>\n\t<meta name=\"twitter:data2\" content=\"6 minutes\" \/>\n<script type=\"application\/ld+json\" class=\"yoast-schema-graph\">{\"@context\":\"https:\/\/schema.org\",\"@graph\":[{\"@type\":\"Article\",\"@id\":\"https:\/\/vieassociative.be\/actualites\/pourquoi-tout-ce-bien-etre-vous-fait-vous-sentir-encore-plus-epuise\/#article\",\"isPartOf\":{\"@id\":\"https:\/\/vieassociative.be\/actualites\/pourquoi-tout-ce-bien-etre-vous-fait-vous-sentir-encore-plus-epuise\/\"},\"author\":{\"name\":\"Julien\",\"@id\":\"https:\/\/vieassociative.be\/actualites\/#\/schema\/person\/b87ac4f82f9d4e7b7cec7395b679edc4\"},\"headline\":\"Pourquoi tout ce \u00ab\u00a0bien-\u00eatre\u00a0\u00bb vous fait vous sentir encore plus \u00e9puis\u00e9\",\"datePublished\":\"2025-10-22T00:17:29+00:00\",\"dateModified\":\"2025-10-22T00:17:29+00:00\",\"mainEntityOfPage\":{\"@id\":\"https:\/\/vieassociative.be\/actualites\/pourquoi-tout-ce-bien-etre-vous-fait-vous-sentir-encore-plus-epuise\/\"},\"wordCount\":1167,\"publisher\":{\"@id\":\"https:\/\/vieassociative.be\/actualites\/#organization\"},\"image\":{\"@id\":\"https:\/\/vieassociative.be\/actualites\/pourquoi-tout-ce-bien-etre-vous-fait-vous-sentir-encore-plus-epuise\/#primaryimage\"},\"thumbnailUrl\":\"https:\/\/vieassociative.be\/actualites\/wp-content\/uploads\/2025\/10\/Pourquoi-tout-ce-bien-etre-vous-fait-vous-sentir-encore-plus.jpg\",\"keywords\":[\"bien\u00eatre\",\"encore\",\"\u00e9puis\u00e9\",\"fait\",\"Pourquoi\",\"sentir\",\"tout\",\"Vous\"],\"articleSection\":[\"Sant\u00e9\"],\"inLanguage\":\"fr-BE\"},{\"@type\":\"WebPage\",\"@id\":\"https:\/\/vieassociative.be\/actualites\/pourquoi-tout-ce-bien-etre-vous-fait-vous-sentir-encore-plus-epuise\/\",\"url\":\"https:\/\/vieassociative.be\/actualites\/pourquoi-tout-ce-bien-etre-vous-fait-vous-sentir-encore-plus-epuise\/\",\"name\":\"Pourquoi tout ce \u00ab\u00a0bien-\u00eatre\u00a0\u00bb vous fait vous sentir encore plus \u00e9puis\u00e9 | Vie Associative\",\"isPartOf\":{\"@id\":\"https:\/\/vieassociative.be\/actualites\/#website\"},\"primaryImageOfPage\":{\"@id\":\"https:\/\/vieassociative.be\/actualites\/pourquoi-tout-ce-bien-etre-vous-fait-vous-sentir-encore-plus-epuise\/#primaryimage\"},\"image\":{\"@id\":\"https:\/\/vieassociative.be\/actualites\/pourquoi-tout-ce-bien-etre-vous-fait-vous-sentir-encore-plus-epuise\/#primaryimage\"},\"thumbnailUrl\":\"https:\/\/vieassociative.be\/actualites\/wp-content\/uploads\/2025\/10\/Pourquoi-tout-ce-bien-etre-vous-fait-vous-sentir-encore-plus.jpg\",\"datePublished\":\"2025-10-22T00:17:29+00:00\",\"dateModified\":\"2025-10-22T00:17:29+00:00\",\"breadcrumb\":{\"@id\":\"https:\/\/vieassociative.be\/actualites\/pourquoi-tout-ce-bien-etre-vous-fait-vous-sentir-encore-plus-epuise\/#breadcrumb\"},\"inLanguage\":\"fr-BE\",\"potentialAction\":[{\"@type\":\"ReadAction\",\"target\":[\"https:\/\/vieassociative.be\/actualites\/pourquoi-tout-ce-bien-etre-vous-fait-vous-sentir-encore-plus-epuise\/\"]}]},{\"@type\":\"ImageObject\",\"inLanguage\":\"fr-BE\",\"@id\":\"https:\/\/vieassociative.be\/actualites\/pourquoi-tout-ce-bien-etre-vous-fait-vous-sentir-encore-plus-epuise\/#primaryimage\",\"url\":\"https:\/\/vieassociative.be\/actualites\/wp-content\/uploads\/2025\/10\/Pourquoi-tout-ce-bien-etre-vous-fait-vous-sentir-encore-plus.jpg\",\"contentUrl\":\"https:\/\/vieassociative.be\/actualites\/wp-content\/uploads\/2025\/10\/Pourquoi-tout-ce-bien-etre-vous-fait-vous-sentir-encore-plus.jpg\",\"width\":1200,\"height\":675,\"caption\":\"Pourquoi tout ce \u00ab\u00a0bien-\u00eatre\u00a0\u00bb vous fait vous sentir encore plus \u00e9puis\u00e9\"},{\"@type\":\"BreadcrumbList\",\"@id\":\"https:\/\/vieassociative.be\/actualites\/pourquoi-tout-ce-bien-etre-vous-fait-vous-sentir-encore-plus-epuise\/#breadcrumb\",\"itemListElement\":[{\"@type\":\"ListItem\",\"position\":1,\"name\":\"Accueil\",\"item\":\"https:\/\/vieassociative.be\/actualites\/\"},{\"@type\":\"ListItem\",\"position\":2,\"name\":\"Pourquoi tout ce \u00ab\u00a0bien-\u00eatre\u00a0\u00bb vous fait vous sentir encore plus \u00e9puis\u00e9\"}]},{\"@type\":\"WebSite\",\"@id\":\"https:\/\/vieassociative.be\/actualites\/#website\",\"url\":\"https:\/\/vieassociative.be\/actualites\/\",\"name\":\"Vie Associative\",\"description\":\"\",\"publisher\":{\"@id\":\"https:\/\/vieassociative.be\/actualites\/#organization\"},\"potentialAction\":[{\"@type\":\"SearchAction\",\"target\":{\"@type\":\"EntryPoint\",\"urlTemplate\":\"https:\/\/vieassociative.be\/actualites\/?s={search_term_string}\"},\"query-input\":{\"@type\":\"PropertyValueSpecification\",\"valueRequired\":true,\"valueName\":\"search_term_string\"}}],\"inLanguage\":\"fr-BE\"},{\"@type\":\"Organization\",\"@id\":\"https:\/\/vieassociative.be\/actualites\/#organization\",\"name\":\"Vie Associative\",\"url\":\"https:\/\/vieassociative.be\/actualites\/\",\"logo\":{\"@type\":\"ImageObject\",\"inLanguage\":\"fr-BE\",\"@id\":\"https:\/\/vieassociative.be\/actualites\/#\/schema\/logo\/image\/\",\"url\":\"https:\/\/vieassociative.be\/actualites\/wp-content\/uploads\/2024\/09\/cropped-vieassociative_favicon.ico.png\",\"contentUrl\":\"https:\/\/vieassociative.be\/actualites\/wp-content\/uploads\/2024\/09\/cropped-vieassociative_favicon.ico.png\",\"width\":512,\"height\":512,\"caption\":\"Vie Associative\"},\"image\":{\"@id\":\"https:\/\/vieassociative.be\/actualites\/#\/schema\/logo\/image\/\"}},{\"@type\":\"Person\",\"@id\":\"https:\/\/vieassociative.be\/actualites\/#\/schema\/person\/b87ac4f82f9d4e7b7cec7395b679edc4\",\"name\":\"Julien\",\"image\":{\"@type\":\"ImageObject\",\"inLanguage\":\"fr-BE\",\"@id\":\"https:\/\/vieassociative.be\/actualites\/#\/schema\/person\/image\/\",\"url\":\"https:\/\/vieassociative.be\/actualites\/wp-content\/uploads\/2024\/09\/vie-associative-1-150x150.jpg\",\"contentUrl\":\"https:\/\/vieassociative.be\/actualites\/wp-content\/uploads\/2024\/09\/vie-associative-1-150x150.jpg\",\"caption\":\"Julien\"},\"description\":\"Je suis Julien, r\u00e9dacteur pour Vie Associative. Passionn\u00e9 par le monde associatif depuis plus de 10 ans, j'ai \u00e0 c\u0153ur de partager des histoires inspirantes et de mettre en lumi\u00e8re les initiatives locales. Mon objectif est de sensibiliser et d'encourager l'engagement communautaire \u00e0 travers mes articles.\",\"sameAs\":[\"https:\/\/vieassociative.be\/\"]}]}<\/script>\n<!-- \/ Yoast SEO plugin. -->","yoast_head_json":{"title":"Pourquoi tout ce \u00ab\u00a0bien-\u00eatre\u00a0\u00bb vous fait vous sentir encore plus \u00e9puis\u00e9 | Vie Associative","robots":{"index":"index","follow":"follow","max-snippet":"max-snippet:-1","max-image-preview":"max-image-preview:large","max-video-preview":"max-video-preview:-1"},"canonical":"https:\/\/vieassociative.be\/actualites\/pourquoi-tout-ce-bien-etre-vous-fait-vous-sentir-encore-plus-epuise\/","og_locale":"fr_FR","og_type":"article","og_title":"Pourquoi tout ce \u00ab\u00a0bien-\u00eatre\u00a0\u00bb vous fait vous sentir encore plus \u00e9puis\u00e9 | Vie Associative","og_description":"Pourquoi la m\u00e9ditation me rend-elle si stress\u00e9e ? L&rsquo;expression \u00ab\u00a0pr\u00e9parez-vous avec moi\u00a0!\u00a0\u00bb \u00e7a me donne des frissons dans le dos. Quelque part entre le journal","og_url":"https:\/\/vieassociative.be\/actualites\/pourquoi-tout-ce-bien-etre-vous-fait-vous-sentir-encore-plus-epuise\/","og_site_name":"Vie Associative","article_published_time":"2025-10-22T00:17:29+00:00","og_image":[{"url":"https:\/\/vieassociative.be\/actualites\/wp-content\/uploads\/2025\/09\/1757726237_608_Meta-pourrait-devoiler-une-montre-intelligente-pour-controler-ses-lunettes.jpg","type":"","width":"","height":""}],"author":"Julien","twitter_card":"summary_large_image","twitter_misc":{"\u00c9crit par":"Julien","Dur\u00e9e de lecture est.":"6 minutes"},"schema":{"@context":"https:\/\/schema.org","@graph":[{"@type":"Article","@id":"https:\/\/vieassociative.be\/actualites\/pourquoi-tout-ce-bien-etre-vous-fait-vous-sentir-encore-plus-epuise\/#article","isPartOf":{"@id":"https:\/\/vieassociative.be\/actualites\/pourquoi-tout-ce-bien-etre-vous-fait-vous-sentir-encore-plus-epuise\/"},"author":{"name":"Julien","@id":"https:\/\/vieassociative.be\/actualites\/#\/schema\/person\/b87ac4f82f9d4e7b7cec7395b679edc4"},"headline":"Pourquoi tout ce \u00ab\u00a0bien-\u00eatre\u00a0\u00bb vous fait vous sentir encore plus \u00e9puis\u00e9","datePublished":"2025-10-22T00:17:29+00:00","dateModified":"2025-10-22T00:17:29+00:00","mainEntityOfPage":{"@id":"https:\/\/vieassociative.be\/actualites\/pourquoi-tout-ce-bien-etre-vous-fait-vous-sentir-encore-plus-epuise\/"},"wordCount":1167,"publisher":{"@id":"https:\/\/vieassociative.be\/actualites\/#organization"},"image":{"@id":"https:\/\/vieassociative.be\/actualites\/pourquoi-tout-ce-bien-etre-vous-fait-vous-sentir-encore-plus-epuise\/#primaryimage"},"thumbnailUrl":"https:\/\/vieassociative.be\/actualites\/wp-content\/uploads\/2025\/10\/Pourquoi-tout-ce-bien-etre-vous-fait-vous-sentir-encore-plus.jpg","keywords":["bien\u00eatre","encore","\u00e9puis\u00e9","fait","Pourquoi","sentir","tout","Vous"],"articleSection":["Sant\u00e9"],"inLanguage":"fr-BE"},{"@type":"WebPage","@id":"https:\/\/vieassociative.be\/actualites\/pourquoi-tout-ce-bien-etre-vous-fait-vous-sentir-encore-plus-epuise\/","url":"https:\/\/vieassociative.be\/actualites\/pourquoi-tout-ce-bien-etre-vous-fait-vous-sentir-encore-plus-epuise\/","name":"Pourquoi tout ce \u00ab\u00a0bien-\u00eatre\u00a0\u00bb vous fait vous sentir encore plus \u00e9puis\u00e9 | Vie Associative","isPartOf":{"@id":"https:\/\/vieassociative.be\/actualites\/#website"},"primaryImageOfPage":{"@id":"https:\/\/vieassociative.be\/actualites\/pourquoi-tout-ce-bien-etre-vous-fait-vous-sentir-encore-plus-epuise\/#primaryimage"},"image":{"@id":"https:\/\/vieassociative.be\/actualites\/pourquoi-tout-ce-bien-etre-vous-fait-vous-sentir-encore-plus-epuise\/#primaryimage"},"thumbnailUrl":"https:\/\/vieassociative.be\/actualites\/wp-content\/uploads\/2025\/10\/Pourquoi-tout-ce-bien-etre-vous-fait-vous-sentir-encore-plus.jpg","datePublished":"2025-10-22T00:17:29+00:00","dateModified":"2025-10-22T00:17:29+00:00","breadcrumb":{"@id":"https:\/\/vieassociative.be\/actualites\/pourquoi-tout-ce-bien-etre-vous-fait-vous-sentir-encore-plus-epuise\/#breadcrumb"},"inLanguage":"fr-BE","potentialAction":[{"@type":"ReadAction","target":["https:\/\/vieassociative.be\/actualites\/pourquoi-tout-ce-bien-etre-vous-fait-vous-sentir-encore-plus-epuise\/"]}]},{"@type":"ImageObject","inLanguage":"fr-BE","@id":"https:\/\/vieassociative.be\/actualites\/pourquoi-tout-ce-bien-etre-vous-fait-vous-sentir-encore-plus-epuise\/#primaryimage","url":"https:\/\/vieassociative.be\/actualites\/wp-content\/uploads\/2025\/10\/Pourquoi-tout-ce-bien-etre-vous-fait-vous-sentir-encore-plus.jpg","contentUrl":"https:\/\/vieassociative.be\/actualites\/wp-content\/uploads\/2025\/10\/Pourquoi-tout-ce-bien-etre-vous-fait-vous-sentir-encore-plus.jpg","width":1200,"height":675,"caption":"Pourquoi tout ce \u00ab\u00a0bien-\u00eatre\u00a0\u00bb vous fait vous sentir encore plus \u00e9puis\u00e9"},{"@type":"BreadcrumbList","@id":"https:\/\/vieassociative.be\/actualites\/pourquoi-tout-ce-bien-etre-vous-fait-vous-sentir-encore-plus-epuise\/#breadcrumb","itemListElement":[{"@type":"ListItem","position":1,"name":"Accueil","item":"https:\/\/vieassociative.be\/actualites\/"},{"@type":"ListItem","position":2,"name":"Pourquoi tout ce \u00ab\u00a0bien-\u00eatre\u00a0\u00bb vous fait vous sentir encore plus \u00e9puis\u00e9"}]},{"@type":"WebSite","@id":"https:\/\/vieassociative.be\/actualites\/#website","url":"https:\/\/vieassociative.be\/actualites\/","name":"Vie Associative","description":"","publisher":{"@id":"https:\/\/vieassociative.be\/actualites\/#organization"},"potentialAction":[{"@type":"SearchAction","target":{"@type":"EntryPoint","urlTemplate":"https:\/\/vieassociative.be\/actualites\/?s={search_term_string}"},"query-input":{"@type":"PropertyValueSpecification","valueRequired":true,"valueName":"search_term_string"}}],"inLanguage":"fr-BE"},{"@type":"Organization","@id":"https:\/\/vieassociative.be\/actualites\/#organization","name":"Vie Associative","url":"https:\/\/vieassociative.be\/actualites\/","logo":{"@type":"ImageObject","inLanguage":"fr-BE","@id":"https:\/\/vieassociative.be\/actualites\/#\/schema\/logo\/image\/","url":"https:\/\/vieassociative.be\/actualites\/wp-content\/uploads\/2024\/09\/cropped-vieassociative_favicon.ico.png","contentUrl":"https:\/\/vieassociative.be\/actualites\/wp-content\/uploads\/2024\/09\/cropped-vieassociative_favicon.ico.png","width":512,"height":512,"caption":"Vie Associative"},"image":{"@id":"https:\/\/vieassociative.be\/actualites\/#\/schema\/logo\/image\/"}},{"@type":"Person","@id":"https:\/\/vieassociative.be\/actualites\/#\/schema\/person\/b87ac4f82f9d4e7b7cec7395b679edc4","name":"Julien","image":{"@type":"ImageObject","inLanguage":"fr-BE","@id":"https:\/\/vieassociative.be\/actualites\/#\/schema\/person\/image\/","url":"https:\/\/vieassociative.be\/actualites\/wp-content\/uploads\/2024\/09\/vie-associative-1-150x150.jpg","contentUrl":"https:\/\/vieassociative.be\/actualites\/wp-content\/uploads\/2024\/09\/vie-associative-1-150x150.jpg","caption":"Julien"},"description":"Je suis Julien, r\u00e9dacteur pour Vie Associative. Passionn\u00e9 par le monde associatif depuis plus de 10 ans, j'ai \u00e0 c\u0153ur de partager des histoires inspirantes et de mettre en lumi\u00e8re les initiatives locales. Mon objectif est de sensibiliser et d'encourager l'engagement communautaire \u00e0 travers mes articles.","sameAs":["https:\/\/vieassociative.be\/"]}]}},"_links":{"self":[{"href":"https:\/\/vieassociative.be\/actualites\/wp-json\/wp\/v2\/posts\/10811"}],"collection":[{"href":"https:\/\/vieassociative.be\/actualites\/wp-json\/wp\/v2\/posts"}],"about":[{"href":"https:\/\/vieassociative.be\/actualites\/wp-json\/wp\/v2\/types\/post"}],"author":[{"embeddable":true,"href":"https:\/\/vieassociative.be\/actualites\/wp-json\/wp\/v2\/users\/1"}],"replies":[{"embeddable":true,"href":"https:\/\/vieassociative.be\/actualites\/wp-json\/wp\/v2\/comments?post=10811"}],"version-history":[{"count":0,"href":"https:\/\/vieassociative.be\/actualites\/wp-json\/wp\/v2\/posts\/10811\/revisions"}],"wp:featuredmedia":[{"embeddable":true,"href":"https:\/\/vieassociative.be\/actualites\/wp-json\/wp\/v2\/media\/10812"}],"wp:attachment":[{"href":"https:\/\/vieassociative.be\/actualites\/wp-json\/wp\/v2\/media?parent=10811"}],"wp:term":[{"taxonomy":"category","embeddable":true,"href":"https:\/\/vieassociative.be\/actualites\/wp-json\/wp\/v2\/categories?post=10811"},{"taxonomy":"post_tag","embeddable":true,"href":"https:\/\/vieassociative.be\/actualites\/wp-json\/wp\/v2\/tags?post=10811"}],"curies":[{"name":"wp","href":"https:\/\/api.w.org\/{rel}","templated":true}]}}