{"id":10809,"date":"2025-10-21T22:17:25","date_gmt":"2025-10-21T20:17:25","guid":{"rendered":"https:\/\/vieassociative.be\/actualites\/laurenz-rex-dintermarche-a-soudal-quick-step\/"},"modified":"2025-10-21T22:17:25","modified_gmt":"2025-10-21T20:17:25","slug":"laurenz-rex-dintermarche-a-soudal-quick-step","status":"publish","type":"post","link":"https:\/\/vieassociative.be\/actualites\/laurenz-rex-dintermarche-a-soudal-quick-step\/","title":{"rendered":"Laurenz Rex d&rsquo;Intermarch\u00e9 \u00e0 Soudal-Quick Step"},"content":{"rendered":"<p><strong>La p\u00e9riode des transferts bat son plein dans le cyclisme professionnel. Un changement de moteur est not\u00e9 avec un int\u00e9r\u00eat particulier dans l&rsquo;Est de la Belgique. Comme le rapporte Sporza, Laurenz Rex, originaire de Raeren, passe \u00e0 Soudal-Quick Step.<\/strong><\/p>\n<p><span id=\"more-427763\"><\/span>Le transfert a \u00e9t\u00e9 rendu possible par Edward Planckaert qui a renonc\u00e9 au transfert d\u00e9j\u00e0 d\u00e9cid\u00e9 d&rsquo;Alpecin-Deceuninck \u00e0 Soudal-Quick Step. Cela a lib\u00e9r\u00e9 une place dans l&rsquo;ancienne \u00e9quipe de course de Remco Evenepoel, qui pilotera d\u00e9sormais pour Red Bull-Bora-hansgrohe. Soudal-Quick Step a recrut\u00e9 Laurent Rex comme 30e pilote pour la saison prochaine \u00e0 la derni\u00e8re minute.<\/p>\n<p>Rex avait encore un contrat avec Intermarch\u00e9-Wanty jusqu&rsquo;\u00e0 fin 2026. Mais comme la fusion avec Lotto est en pr\u00e9paration, le joueur de 25 ans \u00e9tait libre de chercher une nouvelle \u00e9quipe apr\u00e8s la date limite du 15 octobre 2025. Soudal Quick-Step sera l&rsquo;une des meilleures \u00e9quipes m\u00eame sans Evenepoel et visera probablement plus le succ\u00e8s dans les classiques de printemps que dans les ann\u00e9es avec Evenepoel. (cr\u00e9er)<\/p>\n","protected":false},"excerpt":{"rendered":"<p>La p\u00e9riode des transferts bat son plein dans le cyclisme professionnel. Un changement de moteur est not\u00e9 avec un int\u00e9r\u00eat particulier dans l&rsquo;Est de la<\/p>\n","protected":false},"author":1,"featured_media":10810,"comment_status":"","ping_status":"","sticky":false,"template":"","format":"standard","meta":{"footnotes":""},"categories":[298],"tags":[8988,6368,6369,8989,8990],"class_list":["post-10809","post","type-post","status-publish","format-standard","has-post-thumbnail","hentry","category-belgique","tag-dintermarche","tag-laurenz","tag-rex","tag-soudalquick","tag-step","generate-columns","tablet-grid-50","mobile-grid-100","grid-parent","grid-33"],"yoast_head":"<!-- This site is optimized with the Yoast SEO plugin v24.0 - https:\/\/yoast.com\/wordpress\/plugins\/seo\/ -->\n<title>Laurenz Rex d&#039;Intermarch\u00e9 \u00e0 Soudal-Quick Step | Vie Associative<\/title>\n<meta name=\"robots\" content=\"index, follow, max-snippet:-1, max-image-preview:large, max-video-preview:-1\" \/>\n<link rel=\"canonical\" href=\"https:\/\/vieassociative.be\/actualites\/laurenz-rex-dintermarche-a-soudal-quick-step\/\" \/>\n<meta property=\"og:locale\" content=\"fr_FR\" \/>\n<meta property=\"og:type\" content=\"article\" \/>\n<meta property=\"og:title\" content=\"Laurenz Rex d&#039;Intermarch\u00e9 \u00e0 Soudal-Quick Step | Vie Associative\" \/>\n<meta property=\"og:description\" content=\"La p\u00e9riode des transferts bat son plein dans le cyclisme professionnel. Un changement de moteur est not\u00e9 avec un int\u00e9r\u00eat particulier dans l&rsquo;Est de la\" \/>\n<meta property=\"og:url\" content=\"https:\/\/vieassociative.be\/actualites\/laurenz-rex-dintermarche-a-soudal-quick-step\/\" \/>\n<meta property=\"og:site_name\" content=\"Vie Associative\" \/>\n<meta property=\"article:published_time\" content=\"2025-10-21T20:17:25+00:00\" \/>\n<meta property=\"og:image\" content=\"https:\/\/vieassociative.be\/actualites\/wp-content\/uploads\/2024\/09\/header_backgroundk-01-e1726694325946.png\" \/>\n\t<meta property=\"og:image:width\" content=\"279\" \/>\n\t<meta property=\"og:image:height\" content=\"92\" \/>\n\t<meta property=\"og:image:type\" content=\"image\/png\" \/>\n<meta name=\"author\" content=\"Julien\" \/>\n<meta name=\"twitter:card\" content=\"summary_large_image\" \/>\n<meta name=\"twitter:label1\" content=\"\u00c9crit par\" \/>\n\t<meta name=\"twitter:data1\" content=\"Julien\" \/>\n\t<meta name=\"twitter:label2\" content=\"Dur\u00e9e de lecture est.\" \/>\n\t<meta name=\"twitter:data2\" content=\"1 minute\" \/>\n<script type=\"application\/ld+json\" class=\"yoast-schema-graph\">{\"@context\":\"https:\/\/schema.org\",\"@graph\":[{\"@type\":\"Article\",\"@id\":\"https:\/\/vieassociative.be\/actualites\/laurenz-rex-dintermarche-a-soudal-quick-step\/#article\",\"isPartOf\":{\"@id\":\"https:\/\/vieassociative.be\/actualites\/laurenz-rex-dintermarche-a-soudal-quick-step\/\"},\"author\":{\"name\":\"Julien\",\"@id\":\"https:\/\/vieassociative.be\/actualites\/#\/schema\/person\/b87ac4f82f9d4e7b7cec7395b679edc4\"},\"headline\":\"Laurenz Rex d&rsquo;Intermarch\u00e9 \u00e0 Soudal-Quick Step\",\"datePublished\":\"2025-10-21T20:17:25+00:00\",\"dateModified\":\"2025-10-21T20:17:25+00:00\",\"mainEntityOfPage\":{\"@id\":\"https:\/\/vieassociative.be\/actualites\/laurenz-rex-dintermarche-a-soudal-quick-step\/\"},\"wordCount\":180,\"publisher\":{\"@id\":\"https:\/\/vieassociative.be\/actualites\/#organization\"},\"image\":{\"@id\":\"https:\/\/vieassociative.be\/actualites\/laurenz-rex-dintermarche-a-soudal-quick-step\/#primaryimage\"},\"thumbnailUrl\":\"https:\/\/vieassociative.be\/actualites\/wp-content\/uploads\/2025\/10\/Laurenz-Rex-dIntermarche-a-Soudal-Quick-Step.jpeg\",\"keywords\":[\"dIntermarch\u00e9\",\"Laurenz\",\"Rex\",\"SoudalQuick\",\"Step\"],\"articleSection\":[\"Belgique\"],\"inLanguage\":\"fr-BE\"},{\"@type\":\"WebPage\",\"@id\":\"https:\/\/vieassociative.be\/actualites\/laurenz-rex-dintermarche-a-soudal-quick-step\/\",\"url\":\"https:\/\/vieassociative.be\/actualites\/laurenz-rex-dintermarche-a-soudal-quick-step\/\",\"name\":\"Laurenz Rex d'Intermarch\u00e9 \u00e0 Soudal-Quick Step | Vie Associative\",\"isPartOf\":{\"@id\":\"https:\/\/vieassociative.be\/actualites\/#website\"},\"primaryImageOfPage\":{\"@id\":\"https:\/\/vieassociative.be\/actualites\/laurenz-rex-dintermarche-a-soudal-quick-step\/#primaryimage\"},\"image\":{\"@id\":\"https:\/\/vieassociative.be\/actualites\/laurenz-rex-dintermarche-a-soudal-quick-step\/#primaryimage\"},\"thumbnailUrl\":\"https:\/\/vieassociative.be\/actualites\/wp-content\/uploads\/2025\/10\/Laurenz-Rex-dIntermarche-a-Soudal-Quick-Step.jpeg\",\"datePublished\":\"2025-10-21T20:17:25+00:00\",\"dateModified\":\"2025-10-21T20:17:25+00:00\",\"breadcrumb\":{\"@id\":\"https:\/\/vieassociative.be\/actualites\/laurenz-rex-dintermarche-a-soudal-quick-step\/#breadcrumb\"},\"inLanguage\":\"fr-BE\",\"potentialAction\":[{\"@type\":\"ReadAction\",\"target\":[\"https:\/\/vieassociative.be\/actualites\/laurenz-rex-dintermarche-a-soudal-quick-step\/\"]}]},{\"@type\":\"ImageObject\",\"inLanguage\":\"fr-BE\",\"@id\":\"https:\/\/vieassociative.be\/actualites\/laurenz-rex-dintermarche-a-soudal-quick-step\/#primaryimage\",\"url\":\"https:\/\/vieassociative.be\/actualites\/wp-content\/uploads\/2025\/10\/Laurenz-Rex-dIntermarche-a-Soudal-Quick-Step.jpeg\",\"contentUrl\":\"https:\/\/vieassociative.be\/actualites\/wp-content\/uploads\/2025\/10\/Laurenz-Rex-dIntermarche-a-Soudal-Quick-Step.jpeg\",\"width\":1200,\"height\":800,\"caption\":\"Laurenz Rex d'Intermarch\u00e9 \u00e0 Soudal-Quick Step\"},{\"@type\":\"BreadcrumbList\",\"@id\":\"https:\/\/vieassociative.be\/actualites\/laurenz-rex-dintermarche-a-soudal-quick-step\/#breadcrumb\",\"itemListElement\":[{\"@type\":\"ListItem\",\"position\":1,\"name\":\"Accueil\",\"item\":\"https:\/\/vieassociative.be\/actualites\/\"},{\"@type\":\"ListItem\",\"position\":2,\"name\":\"Laurenz Rex d&rsquo;Intermarch\u00e9 \u00e0 Soudal-Quick Step\"}]},{\"@type\":\"WebSite\",\"@id\":\"https:\/\/vieassociative.be\/actualites\/#website\",\"url\":\"https:\/\/vieassociative.be\/actualites\/\",\"name\":\"Vie Associative\",\"description\":\"\",\"publisher\":{\"@id\":\"https:\/\/vieassociative.be\/actualites\/#organization\"},\"potentialAction\":[{\"@type\":\"SearchAction\",\"target\":{\"@type\":\"EntryPoint\",\"urlTemplate\":\"https:\/\/vieassociative.be\/actualites\/?s={search_term_string}\"},\"query-input\":{\"@type\":\"PropertyValueSpecification\",\"valueRequired\":true,\"valueName\":\"search_term_string\"}}],\"inLanguage\":\"fr-BE\"},{\"@type\":\"Organization\",\"@id\":\"https:\/\/vieassociative.be\/actualites\/#organization\",\"name\":\"Vie Associative\",\"url\":\"https:\/\/vieassociative.be\/actualites\/\",\"logo\":{\"@type\":\"ImageObject\",\"inLanguage\":\"fr-BE\",\"@id\":\"https:\/\/vieassociative.be\/actualites\/#\/schema\/logo\/image\/\",\"url\":\"https:\/\/vieassociative.be\/actualites\/wp-content\/uploads\/2024\/09\/cropped-vieassociative_favicon.ico.png\",\"contentUrl\":\"https:\/\/vieassociative.be\/actualites\/wp-content\/uploads\/2024\/09\/cropped-vieassociative_favicon.ico.png\",\"width\":512,\"height\":512,\"caption\":\"Vie Associative\"},\"image\":{\"@id\":\"https:\/\/vieassociative.be\/actualites\/#\/schema\/logo\/image\/\"}},{\"@type\":\"Person\",\"@id\":\"https:\/\/vieassociative.be\/actualites\/#\/schema\/person\/b87ac4f82f9d4e7b7cec7395b679edc4\",\"name\":\"Julien\",\"image\":{\"@type\":\"ImageObject\",\"inLanguage\":\"fr-BE\",\"@id\":\"https:\/\/vieassociative.be\/actualites\/#\/schema\/person\/image\/\",\"url\":\"https:\/\/vieassociative.be\/actualites\/wp-content\/uploads\/2024\/09\/vie-associative-1-150x150.jpg\",\"contentUrl\":\"https:\/\/vieassociative.be\/actualites\/wp-content\/uploads\/2024\/09\/vie-associative-1-150x150.jpg\",\"caption\":\"Julien\"},\"description\":\"Je suis Julien, r\u00e9dacteur pour Vie Associative. Passionn\u00e9 par le monde associatif depuis plus de 10 ans, j'ai \u00e0 c\u0153ur de partager des histoires inspirantes et de mettre en lumi\u00e8re les initiatives locales. Mon objectif est de sensibiliser et d'encourager l'engagement communautaire \u00e0 travers mes articles.\",\"sameAs\":[\"https:\/\/vieassociative.be\/\"]}]}<\/script>\n<!-- \/ Yoast SEO plugin. -->","yoast_head_json":{"title":"Laurenz Rex d'Intermarch\u00e9 \u00e0 Soudal-Quick Step | Vie Associative","robots":{"index":"index","follow":"follow","max-snippet":"max-snippet:-1","max-image-preview":"max-image-preview:large","max-video-preview":"max-video-preview:-1"},"canonical":"https:\/\/vieassociative.be\/actualites\/laurenz-rex-dintermarche-a-soudal-quick-step\/","og_locale":"fr_FR","og_type":"article","og_title":"Laurenz Rex d'Intermarch\u00e9 \u00e0 Soudal-Quick Step | Vie Associative","og_description":"La p\u00e9riode des transferts bat son plein dans le cyclisme professionnel. Un changement de moteur est not\u00e9 avec un int\u00e9r\u00eat particulier dans l&rsquo;Est de la","og_url":"https:\/\/vieassociative.be\/actualites\/laurenz-rex-dintermarche-a-soudal-quick-step\/","og_site_name":"Vie Associative","article_published_time":"2025-10-21T20:17:25+00:00","og_image":[{"width":279,"height":92,"url":"https:\/\/vieassociative.be\/actualites\/wp-content\/uploads\/2024\/09\/header_backgroundk-01-e1726694325946.png","type":"image\/png"}],"author":"Julien","twitter_card":"summary_large_image","twitter_misc":{"\u00c9crit par":"Julien","Dur\u00e9e de lecture est.":"1 minute"},"schema":{"@context":"https:\/\/schema.org","@graph":[{"@type":"Article","@id":"https:\/\/vieassociative.be\/actualites\/laurenz-rex-dintermarche-a-soudal-quick-step\/#article","isPartOf":{"@id":"https:\/\/vieassociative.be\/actualites\/laurenz-rex-dintermarche-a-soudal-quick-step\/"},"author":{"name":"Julien","@id":"https:\/\/vieassociative.be\/actualites\/#\/schema\/person\/b87ac4f82f9d4e7b7cec7395b679edc4"},"headline":"Laurenz Rex d&rsquo;Intermarch\u00e9 \u00e0 Soudal-Quick Step","datePublished":"2025-10-21T20:17:25+00:00","dateModified":"2025-10-21T20:17:25+00:00","mainEntityOfPage":{"@id":"https:\/\/vieassociative.be\/actualites\/laurenz-rex-dintermarche-a-soudal-quick-step\/"},"wordCount":180,"publisher":{"@id":"https:\/\/vieassociative.be\/actualites\/#organization"},"image":{"@id":"https:\/\/vieassociative.be\/actualites\/laurenz-rex-dintermarche-a-soudal-quick-step\/#primaryimage"},"thumbnailUrl":"https:\/\/vieassociative.be\/actualites\/wp-content\/uploads\/2025\/10\/Laurenz-Rex-dIntermarche-a-Soudal-Quick-Step.jpeg","keywords":["dIntermarch\u00e9","Laurenz","Rex","SoudalQuick","Step"],"articleSection":["Belgique"],"inLanguage":"fr-BE"},{"@type":"WebPage","@id":"https:\/\/vieassociative.be\/actualites\/laurenz-rex-dintermarche-a-soudal-quick-step\/","url":"https:\/\/vieassociative.be\/actualites\/laurenz-rex-dintermarche-a-soudal-quick-step\/","name":"Laurenz Rex d'Intermarch\u00e9 \u00e0 Soudal-Quick Step | Vie Associative","isPartOf":{"@id":"https:\/\/vieassociative.be\/actualites\/#website"},"primaryImageOfPage":{"@id":"https:\/\/vieassociative.be\/actualites\/laurenz-rex-dintermarche-a-soudal-quick-step\/#primaryimage"},"image":{"@id":"https:\/\/vieassociative.be\/actualites\/laurenz-rex-dintermarche-a-soudal-quick-step\/#primaryimage"},"thumbnailUrl":"https:\/\/vieassociative.be\/actualites\/wp-content\/uploads\/2025\/10\/Laurenz-Rex-dIntermarche-a-Soudal-Quick-Step.jpeg","datePublished":"2025-10-21T20:17:25+00:00","dateModified":"2025-10-21T20:17:25+00:00","breadcrumb":{"@id":"https:\/\/vieassociative.be\/actualites\/laurenz-rex-dintermarche-a-soudal-quick-step\/#breadcrumb"},"inLanguage":"fr-BE","potentialAction":[{"@type":"ReadAction","target":["https:\/\/vieassociative.be\/actualites\/laurenz-rex-dintermarche-a-soudal-quick-step\/"]}]},{"@type":"ImageObject","inLanguage":"fr-BE","@id":"https:\/\/vieassociative.be\/actualites\/laurenz-rex-dintermarche-a-soudal-quick-step\/#primaryimage","url":"https:\/\/vieassociative.be\/actualites\/wp-content\/uploads\/2025\/10\/Laurenz-Rex-dIntermarche-a-Soudal-Quick-Step.jpeg","contentUrl":"https:\/\/vieassociative.be\/actualites\/wp-content\/uploads\/2025\/10\/Laurenz-Rex-dIntermarche-a-Soudal-Quick-Step.jpeg","width":1200,"height":800,"caption":"Laurenz Rex d'Intermarch\u00e9 \u00e0 Soudal-Quick Step"},{"@type":"BreadcrumbList","@id":"https:\/\/vieassociative.be\/actualites\/laurenz-rex-dintermarche-a-soudal-quick-step\/#breadcrumb","itemListElement":[{"@type":"ListItem","position":1,"name":"Accueil","item":"https:\/\/vieassociative.be\/actualites\/"},{"@type":"ListItem","position":2,"name":"Laurenz Rex d&rsquo;Intermarch\u00e9 \u00e0 Soudal-Quick Step"}]},{"@type":"WebSite","@id":"https:\/\/vieassociative.be\/actualites\/#website","url":"https:\/\/vieassociative.be\/actualites\/","name":"Vie Associative","description":"","publisher":{"@id":"https:\/\/vieassociative.be\/actualites\/#organization"},"potentialAction":[{"@type":"SearchAction","target":{"@type":"EntryPoint","urlTemplate":"https:\/\/vieassociative.be\/actualites\/?s={search_term_string}"},"query-input":{"@type":"PropertyValueSpecification","valueRequired":true,"valueName":"search_term_string"}}],"inLanguage":"fr-BE"},{"@type":"Organization","@id":"https:\/\/vieassociative.be\/actualites\/#organization","name":"Vie Associative","url":"https:\/\/vieassociative.be\/actualites\/","logo":{"@type":"ImageObject","inLanguage":"fr-BE","@id":"https:\/\/vieassociative.be\/actualites\/#\/schema\/logo\/image\/","url":"https:\/\/vieassociative.be\/actualites\/wp-content\/uploads\/2024\/09\/cropped-vieassociative_favicon.ico.png","contentUrl":"https:\/\/vieassociative.be\/actualites\/wp-content\/uploads\/2024\/09\/cropped-vieassociative_favicon.ico.png","width":512,"height":512,"caption":"Vie Associative"},"image":{"@id":"https:\/\/vieassociative.be\/actualites\/#\/schema\/logo\/image\/"}},{"@type":"Person","@id":"https:\/\/vieassociative.be\/actualites\/#\/schema\/person\/b87ac4f82f9d4e7b7cec7395b679edc4","name":"Julien","image":{"@type":"ImageObject","inLanguage":"fr-BE","@id":"https:\/\/vieassociative.be\/actualites\/#\/schema\/person\/image\/","url":"https:\/\/vieassociative.be\/actualites\/wp-content\/uploads\/2024\/09\/vie-associative-1-150x150.jpg","contentUrl":"https:\/\/vieassociative.be\/actualites\/wp-content\/uploads\/2024\/09\/vie-associative-1-150x150.jpg","caption":"Julien"},"description":"Je suis Julien, r\u00e9dacteur pour Vie Associative. Passionn\u00e9 par le monde associatif depuis plus de 10 ans, j'ai \u00e0 c\u0153ur de partager des histoires inspirantes et de mettre en lumi\u00e8re les initiatives locales. Mon objectif est de sensibiliser et d'encourager l'engagement communautaire \u00e0 travers mes articles.","sameAs":["https:\/\/vieassociative.be\/"]}]}},"_links":{"self":[{"href":"https:\/\/vieassociative.be\/actualites\/wp-json\/wp\/v2\/posts\/10809"}],"collection":[{"href":"https:\/\/vieassociative.be\/actualites\/wp-json\/wp\/v2\/posts"}],"about":[{"href":"https:\/\/vieassociative.be\/actualites\/wp-json\/wp\/v2\/types\/post"}],"author":[{"embeddable":true,"href":"https:\/\/vieassociative.be\/actualites\/wp-json\/wp\/v2\/users\/1"}],"replies":[{"embeddable":true,"href":"https:\/\/vieassociative.be\/actualites\/wp-json\/wp\/v2\/comments?post=10809"}],"version-history":[{"count":0,"href":"https:\/\/vieassociative.be\/actualites\/wp-json\/wp\/v2\/posts\/10809\/revisions"}],"wp:featuredmedia":[{"embeddable":true,"href":"https:\/\/vieassociative.be\/actualites\/wp-json\/wp\/v2\/media\/10810"}],"wp:attachment":[{"href":"https:\/\/vieassociative.be\/actualites\/wp-json\/wp\/v2\/media?parent=10809"}],"wp:term":[{"taxonomy":"category","embeddable":true,"href":"https:\/\/vieassociative.be\/actualites\/wp-json\/wp\/v2\/categories?post=10809"},{"taxonomy":"post_tag","embeddable":true,"href":"https:\/\/vieassociative.be\/actualites\/wp-json\/wp\/v2\/tags?post=10809"}],"curies":[{"name":"wp","href":"https:\/\/api.w.org\/{rel}","templated":true}]}}