{"id":10807,"date":"2025-10-21T21:17:06","date_gmt":"2025-10-21T19:17:06","guid":{"rendered":"https:\/\/vieassociative.be\/actualites\/mon-offre-amazon-preferee-du-jour-ce-televiseur-intelligent-toshiba-c350-de-75-pouces\/"},"modified":"2025-10-21T21:17:06","modified_gmt":"2025-10-21T19:17:06","slug":"mon-offre-amazon-preferee-du-jour-ce-televiseur-intelligent-toshiba-c350-de-75-pouces","status":"publish","type":"post","link":"https:\/\/vieassociative.be\/actualites\/mon-offre-amazon-preferee-du-jour-ce-televiseur-intelligent-toshiba-c350-de-75-pouces\/","title":{"rendered":"Mon offre Amazon pr\u00e9f\u00e9r\u00e9e du jour : ce t\u00e9l\u00e9viseur intelligent Toshiba C350 de 75 pouces"},"content":{"rendered":"<div class=\"mt-4 leading-6 md:mb-8\">Le t\u00e9l\u00e9viseur intelligent Toshiba C350 est actuellement \u00e0 45\u00a0% de r\u00e9duction, atteignant son prix le plus bas jamais vu.<\/div>\n<p><\/p>\n<p>Il n&rsquo;est pas tr\u00e8s courant de voir un t\u00e9l\u00e9viseur intelligent de 75 pouces \u00e0 petit budget pour 400 $, mais c&rsquo;est ce que propose actuellement Amazon avec le t\u00e9l\u00e9viseur intelligent Toshiba C350 pour <strong>399,99\u00a0$<\/strong> (\u00e0 l\u2019origine 729,99 $), le prix le plus bas jamais enregistr\u00e9, selon les outils de suivi des prix. Si vous recherchez un t\u00e9l\u00e9viseur \u00e0 petit budget et abordable qui ne vous ruinera pas, c&rsquo;est votre meilleur pari en ce moment.<\/p>\n<div class=\"pogoClear mb-12 mt-10 rounded-md border-2 border-gray-100 py-7 shadow-xl md:py-6\">\n<div class=\"flex flex-wrap justify-between px-7 text-black no-underline md:flex-nowrap md:px-8\">\n<div class=\"order-1 mx-auto flex flex-col justify-center md:order-2 md:ml-4 md:w-full md:grow\">\n<div class=\"block cursor-pointer text-center font-akshar text-2xl font-medium leading-7 text-brand-green duration-200 ease-in-out hover:text-brand-green-700 md:text-left md:text-xl md:leading-6\">TOSHIBA T\u00e9l\u00e9viseur intelligent Fire LED 4K UHD classe C350 de 75 pouces avec t\u00e9l\u00e9commande vocale et Alexa (75C350NU)\n                <\/div>\n<div class=\"mt-4 hidden md:flex md:justify-between\">\n<div class=\"self-end\">\n<div class=\"mb-0 h-11 md:flex md:flex-col md:justify-center\">\n<div class=\" font-sans leading-4 text-black\">\n<div class=\"flex flex-wrap items-center justify-center gap-1 md:justify-start\">\n        <span class=\"font-bold\"><\/p>\n<p>            399,99\u00a0$<br \/>\n                            <span class=\"font-medium\">chez Amazon<\/span><br \/>\n                    <\/span>\n            <\/div>\n<div class=\"flex items-center justify-center gap-x-1 font-bold md:justify-start\">\n            <span class=\"text-sm line-through\">729,99\u00a0$<\/span><br \/>\n            <span class=\"text-sm text-brand-green\">\u00c9conomisez 330,00\u00a0$<\/span>\n        <\/div>\n<\/p><\/div>\n<\/p><\/div>\n<\/p><\/div>\n<div class=\"w-44 self-end\">\n                            <button class=\"flex justify-center items-center w-full bg-brand-green text-white text-base font-sans font-medium rounded-md hover:bg-brand-green-700 hover:cursor-pointer md:text-sm h-11\"><\/p>\n<p>    Obtenez une offre<br \/>\n<\/button>\n                        <\/div>\n<\/p><\/div>\n<\/p><\/div>\n<div class=\"order-2 mt-5 h-auto w-full md:order-1 md:mt-0 md:hidden\">\n<div class=\"flex aspect-video items-center justify-center\">\n                                            <img decoding=\"async\" class=\"m-0 max-h-full max-w-full rounded-md\" src=\"https:\/\/vieassociative.be\/actualites\/wp-content\/uploads\/2025\/10\/Mon-offre-Amazon-preferee-du-jour-ce-televiseur-intelligent.jpg\" alt=\"TOSHIBA T\u00e9l\u00e9viseur intelligent Fire LED 4K UHD classe C350 de 75 pouces avec t\u00e9l\u00e9commande vocale et Alexa (75C350NU)\" width=\"auto\" height=\"auto\" loading=\"lazy\">\n                                    <\/div>\n<\/p><\/div>\n<div class=\"order-2 ml-2 hidden w-32 shrink-0 items-center md:order-1 md:ml-0 md:flex\">\n<div class=\"flex aspect-video items-center justify-center\">\n                                            <img decoding=\"async\" class=\"m-0 max-h-full max-w-full rounded-md\" src=\"https:\/\/vieassociative.be\/actualites\/wp-content\/uploads\/2025\/10\/Mon-offre-Amazon-preferee-du-jour-ce-televiseur-intelligent.jpg\" alt=\"TOSHIBA T\u00e9l\u00e9viseur intelligent Fire LED 4K UHD classe C350 de 75 pouces avec t\u00e9l\u00e9commande vocale et Alexa (75C350NU)\" width=\"auto\" height=\"auto\" loading=\"lazy\">\n                                    <\/div>\n<\/p><\/div>\n<div class=\"order-3 flex grow flex-wrap md:hidden md:grow-0\">\n<div class=\"mt-4 w-full\">\n                        <button class=\"flex justify-center items-center w-full bg-brand-green text-white text-base font-sans font-medium rounded-md hover:bg-brand-green-700 hover:cursor-pointer md:text-sm h-11\"><\/p>\n<p>    Obtenez une offre<br \/>\n<\/button>\n                    <\/div>\n<div class=\"mx-2 mt-4 w-full\">\n<div class=\" font-sans leading-4 text-black\">\n<div class=\"flex flex-wrap items-center justify-center gap-1 md:justify-start\">\n        <span class=\"font-bold\"><\/p>\n<p>            399,99\u00a0$<br \/>\n                            <span class=\"font-medium\">chez Amazon<\/span><br \/>\n                    <\/span>\n            <\/div>\n<div class=\"flex items-center justify-center gap-x-1 font-bold md:justify-start\">\n            <span class=\"text-sm line-through\">729,99\u00a0$<\/span><br \/>\n            <span class=\"text-sm text-brand-green\">\u00c9conomisez 330,00\u00a0$<\/span>\n        <\/div>\n<\/p><\/div>\n<\/p><\/div>\n<\/p><\/div>\n<\/p><\/div>\n<\/div>\n<p>Le t\u00e9l\u00e9viseur intelligent Toshiba C350 ne remportera aucun prix ni ne figurera sur la liste des meilleurs t\u00e9l\u00e9viseurs de 2025, mais il r\u00e9pond \u00e0 un objectif pour les personnes qui recherchent de la taille \u00e0 un prix abordable. Cette s\u00e9rie t\u00e9l\u00e9vis\u00e9e existe depuis de nombreuses ann\u00e9es et est mise \u00e0 jour tous les deux ans. Il s&rsquo;agit de la version 2025, qui comporte de nouvelles fonctionnalit\u00e9s, telles que la compatibilit\u00e9 Apple AirPlay, afin que vous puissiez diffuser en toute transparence vos m\u00e9dias depuis votre iPhone.<\/p>\n<p>Il s&rsquo;agit d&rsquo;un t\u00e9l\u00e9viseur LED 4K avec Fire TV comme syst\u00e8me d&rsquo;exploitation, ce qui signifie que vous pourrez installer Kodi pour diffuser virtuellement tout ce que vous voulez gratuitement. Il a un taux de rafra\u00eechissement de 60 Hz et 300 nits de luminosit\u00e9 ; ni l\u2019un ni l\u2019autre n\u2019est impressionnant, mais c\u2019est un t\u00e9l\u00e9viseur \u00e9conomique apr\u00e8s tout. L&rsquo;angle de vision est de 178 degr\u00e9s, ce qui est parfait pour un si grand t\u00e9l\u00e9viseur, donc une soir\u00e9e sportive entre amis et en famille autour du t\u00e9l\u00e9viseur ne devrait pas poser de probl\u00e8me. Il existe le HDR10, donc les services de streaming compatibles devraient bien para\u00eetre. La t\u00e9l\u00e9commande est une t\u00e9l\u00e9commande vocale Alexa, ce qui facilite grandement les recherches et la navigation. Il existe \u00e9galement trois ports HDMI, vous pouvez donc installer une cl\u00e9 de streaming diff\u00e9rente, une barre de son et une console de jeux vid\u00e9o en m\u00eame temps si vous le souhaitez. <\/p>\n<p>C&rsquo;est une bonne affaire pour tous ceux qui recherchent un t\u00e9l\u00e9viseur tendance dans un grand salon \u00e0 un prix \u00e9conomique. Obtenir des t\u00e9l\u00e9viseurs de 75 pouces de tout calibre co\u00fbte g\u00e9n\u00e9ralement bien plus de 400 $, donc obtenir le t\u00e9l\u00e9viseur intelligent Toshiba C350 pour 399,99 $ est une bonne affaire.<\/p>\n<hr>\n","protected":false},"excerpt":{"rendered":"<p>Le t\u00e9l\u00e9viseur intelligent Toshiba C350 est actuellement \u00e0 45\u00a0% de r\u00e9duction, atteignant son prix le plus bas jamais vu. Il n&rsquo;est pas tr\u00e8s courant de<\/p>\n","protected":false},"author":1,"featured_media":10808,"comment_status":"","ping_status":"","sticky":false,"template":"","format":"standard","meta":{"footnotes":""},"categories":[13],"tags":[51,8987,3557,53,49,50,1980,52,1978,8986],"class_list":["post-10807","post","type-post","status-publish","format-standard","has-post-thumbnail","hentry","category-technologie","tag-amazon","tag-c350","tag-intelligent","tag-jour","tag-mon","tag-offre","tag-pouces","tag-preferee","tag-televiseur","tag-toshiba","generate-columns","tablet-grid-50","mobile-grid-100","grid-parent","grid-33"],"yoast_head":"<!-- This site is optimized with the Yoast SEO plugin v24.0 - https:\/\/yoast.com\/wordpress\/plugins\/seo\/ -->\n<title>Mon offre Amazon pr\u00e9f\u00e9r\u00e9e du jour : ce t\u00e9l\u00e9viseur intelligent Toshiba C350 de 75 pouces | Vie Associative<\/title>\n<meta name=\"robots\" content=\"index, follow, max-snippet:-1, max-image-preview:large, max-video-preview:-1\" \/>\n<link rel=\"canonical\" href=\"https:\/\/vieassociative.be\/actualites\/mon-offre-amazon-preferee-du-jour-ce-televiseur-intelligent-toshiba-c350-de-75-pouces\/\" \/>\n<meta property=\"og:locale\" content=\"fr_FR\" \/>\n<meta property=\"og:type\" content=\"article\" \/>\n<meta property=\"og:title\" content=\"Mon offre Amazon pr\u00e9f\u00e9r\u00e9e du jour : ce t\u00e9l\u00e9viseur intelligent Toshiba C350 de 75 pouces | Vie Associative\" \/>\n<meta property=\"og:description\" content=\"Le t\u00e9l\u00e9viseur intelligent Toshiba C350 est actuellement \u00e0 45\u00a0% de r\u00e9duction, atteignant son prix le plus bas jamais vu. Il n&rsquo;est pas tr\u00e8s courant de\" \/>\n<meta property=\"og:url\" content=\"https:\/\/vieassociative.be\/actualites\/mon-offre-amazon-preferee-du-jour-ce-televiseur-intelligent-toshiba-c350-de-75-pouces\/\" \/>\n<meta property=\"og:site_name\" content=\"Vie Associative\" \/>\n<meta property=\"article:published_time\" content=\"2025-10-21T19:17:06+00:00\" \/>\n<meta property=\"og:image\" content=\"https:\/\/vieassociative.be\/actualites\/wp-content\/uploads\/2025\/10\/Mon-offre-Amazon-preferee-du-jour-ce-televiseur-intelligent.jpg\" \/>\n<meta name=\"author\" content=\"Julien\" \/>\n<meta name=\"twitter:card\" content=\"summary_large_image\" \/>\n<meta name=\"twitter:label1\" content=\"\u00c9crit par\" \/>\n\t<meta name=\"twitter:data1\" content=\"Julien\" \/>\n\t<meta name=\"twitter:label2\" content=\"Dur\u00e9e de lecture est.\" \/>\n\t<meta name=\"twitter:data2\" content=\"2 minutes\" \/>\n<script type=\"application\/ld+json\" class=\"yoast-schema-graph\">{\"@context\":\"https:\/\/schema.org\",\"@graph\":[{\"@type\":\"Article\",\"@id\":\"https:\/\/vieassociative.be\/actualites\/mon-offre-amazon-preferee-du-jour-ce-televiseur-intelligent-toshiba-c350-de-75-pouces\/#article\",\"isPartOf\":{\"@id\":\"https:\/\/vieassociative.be\/actualites\/mon-offre-amazon-preferee-du-jour-ce-televiseur-intelligent-toshiba-c350-de-75-pouces\/\"},\"author\":{\"name\":\"Julien\",\"@id\":\"https:\/\/vieassociative.be\/actualites\/#\/schema\/person\/b87ac4f82f9d4e7b7cec7395b679edc4\"},\"headline\":\"Mon offre Amazon pr\u00e9f\u00e9r\u00e9e du jour : ce t\u00e9l\u00e9viseur intelligent Toshiba C350 de 75 pouces\",\"datePublished\":\"2025-10-21T19:17:06+00:00\",\"dateModified\":\"2025-10-21T19:17:06+00:00\",\"mainEntityOfPage\":{\"@id\":\"https:\/\/vieassociative.be\/actualites\/mon-offre-amazon-preferee-du-jour-ce-televiseur-intelligent-toshiba-c350-de-75-pouces\/\"},\"wordCount\":473,\"publisher\":{\"@id\":\"https:\/\/vieassociative.be\/actualites\/#organization\"},\"image\":{\"@id\":\"https:\/\/vieassociative.be\/actualites\/mon-offre-amazon-preferee-du-jour-ce-televiseur-intelligent-toshiba-c350-de-75-pouces\/#primaryimage\"},\"thumbnailUrl\":\"https:\/\/vieassociative.be\/actualites\/wp-content\/uploads\/2025\/10\/Mon-offre-Amazon-preferee-du-jour-ce-televiseur-intelligent.png\",\"keywords\":[\"Amazon\",\"C350\",\"intelligent\",\"jour\",\"Mon\",\"offre\",\"pouces\",\"pr\u00e9f\u00e9r\u00e9e\",\"t\u00e9l\u00e9viseur\",\"Toshiba\"],\"articleSection\":[\"Technologie\"],\"inLanguage\":\"fr-BE\"},{\"@type\":\"WebPage\",\"@id\":\"https:\/\/vieassociative.be\/actualites\/mon-offre-amazon-preferee-du-jour-ce-televiseur-intelligent-toshiba-c350-de-75-pouces\/\",\"url\":\"https:\/\/vieassociative.be\/actualites\/mon-offre-amazon-preferee-du-jour-ce-televiseur-intelligent-toshiba-c350-de-75-pouces\/\",\"name\":\"Mon offre Amazon pr\u00e9f\u00e9r\u00e9e du jour : ce t\u00e9l\u00e9viseur intelligent Toshiba C350 de 75 pouces | Vie Associative\",\"isPartOf\":{\"@id\":\"https:\/\/vieassociative.be\/actualites\/#website\"},\"primaryImageOfPage\":{\"@id\":\"https:\/\/vieassociative.be\/actualites\/mon-offre-amazon-preferee-du-jour-ce-televiseur-intelligent-toshiba-c350-de-75-pouces\/#primaryimage\"},\"image\":{\"@id\":\"https:\/\/vieassociative.be\/actualites\/mon-offre-amazon-preferee-du-jour-ce-televiseur-intelligent-toshiba-c350-de-75-pouces\/#primaryimage\"},\"thumbnailUrl\":\"https:\/\/vieassociative.be\/actualites\/wp-content\/uploads\/2025\/10\/Mon-offre-Amazon-preferee-du-jour-ce-televiseur-intelligent.png\",\"datePublished\":\"2025-10-21T19:17:06+00:00\",\"dateModified\":\"2025-10-21T19:17:06+00:00\",\"breadcrumb\":{\"@id\":\"https:\/\/vieassociative.be\/actualites\/mon-offre-amazon-preferee-du-jour-ce-televiseur-intelligent-toshiba-c350-de-75-pouces\/#breadcrumb\"},\"inLanguage\":\"fr-BE\",\"potentialAction\":[{\"@type\":\"ReadAction\",\"target\":[\"https:\/\/vieassociative.be\/actualites\/mon-offre-amazon-preferee-du-jour-ce-televiseur-intelligent-toshiba-c350-de-75-pouces\/\"]}]},{\"@type\":\"ImageObject\",\"inLanguage\":\"fr-BE\",\"@id\":\"https:\/\/vieassociative.be\/actualites\/mon-offre-amazon-preferee-du-jour-ce-televiseur-intelligent-toshiba-c350-de-75-pouces\/#primaryimage\",\"url\":\"https:\/\/vieassociative.be\/actualites\/wp-content\/uploads\/2025\/10\/Mon-offre-Amazon-preferee-du-jour-ce-televiseur-intelligent.png\",\"contentUrl\":\"https:\/\/vieassociative.be\/actualites\/wp-content\/uploads\/2025\/10\/Mon-offre-Amazon-preferee-du-jour-ce-televiseur-intelligent.png\",\"width\":1200,\"height\":675,\"caption\":\"Mon offre Amazon pr\u00e9f\u00e9r\u00e9e du jour : ce t\u00e9l\u00e9viseur intelligent Toshiba C350 de 75 pouces\"},{\"@type\":\"BreadcrumbList\",\"@id\":\"https:\/\/vieassociative.be\/actualites\/mon-offre-amazon-preferee-du-jour-ce-televiseur-intelligent-toshiba-c350-de-75-pouces\/#breadcrumb\",\"itemListElement\":[{\"@type\":\"ListItem\",\"position\":1,\"name\":\"Accueil\",\"item\":\"https:\/\/vieassociative.be\/actualites\/\"},{\"@type\":\"ListItem\",\"position\":2,\"name\":\"Mon offre Amazon pr\u00e9f\u00e9r\u00e9e du jour : ce t\u00e9l\u00e9viseur intelligent Toshiba C350 de 75 pouces\"}]},{\"@type\":\"WebSite\",\"@id\":\"https:\/\/vieassociative.be\/actualites\/#website\",\"url\":\"https:\/\/vieassociative.be\/actualites\/\",\"name\":\"Vie Associative\",\"description\":\"\",\"publisher\":{\"@id\":\"https:\/\/vieassociative.be\/actualites\/#organization\"},\"potentialAction\":[{\"@type\":\"SearchAction\",\"target\":{\"@type\":\"EntryPoint\",\"urlTemplate\":\"https:\/\/vieassociative.be\/actualites\/?s={search_term_string}\"},\"query-input\":{\"@type\":\"PropertyValueSpecification\",\"valueRequired\":true,\"valueName\":\"search_term_string\"}}],\"inLanguage\":\"fr-BE\"},{\"@type\":\"Organization\",\"@id\":\"https:\/\/vieassociative.be\/actualites\/#organization\",\"name\":\"Vie Associative\",\"url\":\"https:\/\/vieassociative.be\/actualites\/\",\"logo\":{\"@type\":\"ImageObject\",\"inLanguage\":\"fr-BE\",\"@id\":\"https:\/\/vieassociative.be\/actualites\/#\/schema\/logo\/image\/\",\"url\":\"https:\/\/vieassociative.be\/actualites\/wp-content\/uploads\/2024\/09\/cropped-vieassociative_favicon.ico.png\",\"contentUrl\":\"https:\/\/vieassociative.be\/actualites\/wp-content\/uploads\/2024\/09\/cropped-vieassociative_favicon.ico.png\",\"width\":512,\"height\":512,\"caption\":\"Vie Associative\"},\"image\":{\"@id\":\"https:\/\/vieassociative.be\/actualites\/#\/schema\/logo\/image\/\"}},{\"@type\":\"Person\",\"@id\":\"https:\/\/vieassociative.be\/actualites\/#\/schema\/person\/b87ac4f82f9d4e7b7cec7395b679edc4\",\"name\":\"Julien\",\"image\":{\"@type\":\"ImageObject\",\"inLanguage\":\"fr-BE\",\"@id\":\"https:\/\/vieassociative.be\/actualites\/#\/schema\/person\/image\/\",\"url\":\"https:\/\/vieassociative.be\/actualites\/wp-content\/uploads\/2024\/09\/vie-associative-1-150x150.jpg\",\"contentUrl\":\"https:\/\/vieassociative.be\/actualites\/wp-content\/uploads\/2024\/09\/vie-associative-1-150x150.jpg\",\"caption\":\"Julien\"},\"description\":\"Je suis Julien, r\u00e9dacteur pour Vie Associative. Passionn\u00e9 par le monde associatif depuis plus de 10 ans, j'ai \u00e0 c\u0153ur de partager des histoires inspirantes et de mettre en lumi\u00e8re les initiatives locales. Mon objectif est de sensibiliser et d'encourager l'engagement communautaire \u00e0 travers mes articles.\",\"sameAs\":[\"https:\/\/vieassociative.be\/\"]}]}<\/script>\n<!-- \/ Yoast SEO plugin. -->","yoast_head_json":{"title":"Mon offre Amazon pr\u00e9f\u00e9r\u00e9e du jour : ce t\u00e9l\u00e9viseur intelligent Toshiba C350 de 75 pouces | Vie Associative","robots":{"index":"index","follow":"follow","max-snippet":"max-snippet:-1","max-image-preview":"max-image-preview:large","max-video-preview":"max-video-preview:-1"},"canonical":"https:\/\/vieassociative.be\/actualites\/mon-offre-amazon-preferee-du-jour-ce-televiseur-intelligent-toshiba-c350-de-75-pouces\/","og_locale":"fr_FR","og_type":"article","og_title":"Mon offre Amazon pr\u00e9f\u00e9r\u00e9e du jour : ce t\u00e9l\u00e9viseur intelligent Toshiba C350 de 75 pouces | Vie Associative","og_description":"Le t\u00e9l\u00e9viseur intelligent Toshiba C350 est actuellement \u00e0 45\u00a0% de r\u00e9duction, atteignant son prix le plus bas jamais vu. Il n&rsquo;est pas tr\u00e8s courant de","og_url":"https:\/\/vieassociative.be\/actualites\/mon-offre-amazon-preferee-du-jour-ce-televiseur-intelligent-toshiba-c350-de-75-pouces\/","og_site_name":"Vie Associative","article_published_time":"2025-10-21T19:17:06+00:00","og_image":[{"url":"https:\/\/vieassociative.be\/actualites\/wp-content\/uploads\/2025\/10\/Mon-offre-Amazon-preferee-du-jour-ce-televiseur-intelligent.jpg","type":"","width":"","height":""}],"author":"Julien","twitter_card":"summary_large_image","twitter_misc":{"\u00c9crit par":"Julien","Dur\u00e9e de lecture est.":"2 minutes"},"schema":{"@context":"https:\/\/schema.org","@graph":[{"@type":"Article","@id":"https:\/\/vieassociative.be\/actualites\/mon-offre-amazon-preferee-du-jour-ce-televiseur-intelligent-toshiba-c350-de-75-pouces\/#article","isPartOf":{"@id":"https:\/\/vieassociative.be\/actualites\/mon-offre-amazon-preferee-du-jour-ce-televiseur-intelligent-toshiba-c350-de-75-pouces\/"},"author":{"name":"Julien","@id":"https:\/\/vieassociative.be\/actualites\/#\/schema\/person\/b87ac4f82f9d4e7b7cec7395b679edc4"},"headline":"Mon offre Amazon pr\u00e9f\u00e9r\u00e9e du jour : ce t\u00e9l\u00e9viseur intelligent Toshiba C350 de 75 pouces","datePublished":"2025-10-21T19:17:06+00:00","dateModified":"2025-10-21T19:17:06+00:00","mainEntityOfPage":{"@id":"https:\/\/vieassociative.be\/actualites\/mon-offre-amazon-preferee-du-jour-ce-televiseur-intelligent-toshiba-c350-de-75-pouces\/"},"wordCount":473,"publisher":{"@id":"https:\/\/vieassociative.be\/actualites\/#organization"},"image":{"@id":"https:\/\/vieassociative.be\/actualites\/mon-offre-amazon-preferee-du-jour-ce-televiseur-intelligent-toshiba-c350-de-75-pouces\/#primaryimage"},"thumbnailUrl":"https:\/\/vieassociative.be\/actualites\/wp-content\/uploads\/2025\/10\/Mon-offre-Amazon-preferee-du-jour-ce-televiseur-intelligent.png","keywords":["Amazon","C350","intelligent","jour","Mon","offre","pouces","pr\u00e9f\u00e9r\u00e9e","t\u00e9l\u00e9viseur","Toshiba"],"articleSection":["Technologie"],"inLanguage":"fr-BE"},{"@type":"WebPage","@id":"https:\/\/vieassociative.be\/actualites\/mon-offre-amazon-preferee-du-jour-ce-televiseur-intelligent-toshiba-c350-de-75-pouces\/","url":"https:\/\/vieassociative.be\/actualites\/mon-offre-amazon-preferee-du-jour-ce-televiseur-intelligent-toshiba-c350-de-75-pouces\/","name":"Mon offre Amazon pr\u00e9f\u00e9r\u00e9e du jour : ce t\u00e9l\u00e9viseur intelligent Toshiba C350 de 75 pouces | Vie Associative","isPartOf":{"@id":"https:\/\/vieassociative.be\/actualites\/#website"},"primaryImageOfPage":{"@id":"https:\/\/vieassociative.be\/actualites\/mon-offre-amazon-preferee-du-jour-ce-televiseur-intelligent-toshiba-c350-de-75-pouces\/#primaryimage"},"image":{"@id":"https:\/\/vieassociative.be\/actualites\/mon-offre-amazon-preferee-du-jour-ce-televiseur-intelligent-toshiba-c350-de-75-pouces\/#primaryimage"},"thumbnailUrl":"https:\/\/vieassociative.be\/actualites\/wp-content\/uploads\/2025\/10\/Mon-offre-Amazon-preferee-du-jour-ce-televiseur-intelligent.png","datePublished":"2025-10-21T19:17:06+00:00","dateModified":"2025-10-21T19:17:06+00:00","breadcrumb":{"@id":"https:\/\/vieassociative.be\/actualites\/mon-offre-amazon-preferee-du-jour-ce-televiseur-intelligent-toshiba-c350-de-75-pouces\/#breadcrumb"},"inLanguage":"fr-BE","potentialAction":[{"@type":"ReadAction","target":["https:\/\/vieassociative.be\/actualites\/mon-offre-amazon-preferee-du-jour-ce-televiseur-intelligent-toshiba-c350-de-75-pouces\/"]}]},{"@type":"ImageObject","inLanguage":"fr-BE","@id":"https:\/\/vieassociative.be\/actualites\/mon-offre-amazon-preferee-du-jour-ce-televiseur-intelligent-toshiba-c350-de-75-pouces\/#primaryimage","url":"https:\/\/vieassociative.be\/actualites\/wp-content\/uploads\/2025\/10\/Mon-offre-Amazon-preferee-du-jour-ce-televiseur-intelligent.png","contentUrl":"https:\/\/vieassociative.be\/actualites\/wp-content\/uploads\/2025\/10\/Mon-offre-Amazon-preferee-du-jour-ce-televiseur-intelligent.png","width":1200,"height":675,"caption":"Mon offre Amazon pr\u00e9f\u00e9r\u00e9e du jour : ce t\u00e9l\u00e9viseur intelligent Toshiba C350 de 75 pouces"},{"@type":"BreadcrumbList","@id":"https:\/\/vieassociative.be\/actualites\/mon-offre-amazon-preferee-du-jour-ce-televiseur-intelligent-toshiba-c350-de-75-pouces\/#breadcrumb","itemListElement":[{"@type":"ListItem","position":1,"name":"Accueil","item":"https:\/\/vieassociative.be\/actualites\/"},{"@type":"ListItem","position":2,"name":"Mon offre Amazon pr\u00e9f\u00e9r\u00e9e du jour : ce t\u00e9l\u00e9viseur intelligent Toshiba C350 de 75 pouces"}]},{"@type":"WebSite","@id":"https:\/\/vieassociative.be\/actualites\/#website","url":"https:\/\/vieassociative.be\/actualites\/","name":"Vie Associative","description":"","publisher":{"@id":"https:\/\/vieassociative.be\/actualites\/#organization"},"potentialAction":[{"@type":"SearchAction","target":{"@type":"EntryPoint","urlTemplate":"https:\/\/vieassociative.be\/actualites\/?s={search_term_string}"},"query-input":{"@type":"PropertyValueSpecification","valueRequired":true,"valueName":"search_term_string"}}],"inLanguage":"fr-BE"},{"@type":"Organization","@id":"https:\/\/vieassociative.be\/actualites\/#organization","name":"Vie Associative","url":"https:\/\/vieassociative.be\/actualites\/","logo":{"@type":"ImageObject","inLanguage":"fr-BE","@id":"https:\/\/vieassociative.be\/actualites\/#\/schema\/logo\/image\/","url":"https:\/\/vieassociative.be\/actualites\/wp-content\/uploads\/2024\/09\/cropped-vieassociative_favicon.ico.png","contentUrl":"https:\/\/vieassociative.be\/actualites\/wp-content\/uploads\/2024\/09\/cropped-vieassociative_favicon.ico.png","width":512,"height":512,"caption":"Vie Associative"},"image":{"@id":"https:\/\/vieassociative.be\/actualites\/#\/schema\/logo\/image\/"}},{"@type":"Person","@id":"https:\/\/vieassociative.be\/actualites\/#\/schema\/person\/b87ac4f82f9d4e7b7cec7395b679edc4","name":"Julien","image":{"@type":"ImageObject","inLanguage":"fr-BE","@id":"https:\/\/vieassociative.be\/actualites\/#\/schema\/person\/image\/","url":"https:\/\/vieassociative.be\/actualites\/wp-content\/uploads\/2024\/09\/vie-associative-1-150x150.jpg","contentUrl":"https:\/\/vieassociative.be\/actualites\/wp-content\/uploads\/2024\/09\/vie-associative-1-150x150.jpg","caption":"Julien"},"description":"Je suis Julien, r\u00e9dacteur pour Vie Associative. Passionn\u00e9 par le monde associatif depuis plus de 10 ans, j'ai \u00e0 c\u0153ur de partager des histoires inspirantes et de mettre en lumi\u00e8re les initiatives locales. Mon objectif est de sensibiliser et d'encourager l'engagement communautaire \u00e0 travers mes articles.","sameAs":["https:\/\/vieassociative.be\/"]}]}},"_links":{"self":[{"href":"https:\/\/vieassociative.be\/actualites\/wp-json\/wp\/v2\/posts\/10807"}],"collection":[{"href":"https:\/\/vieassociative.be\/actualites\/wp-json\/wp\/v2\/posts"}],"about":[{"href":"https:\/\/vieassociative.be\/actualites\/wp-json\/wp\/v2\/types\/post"}],"author":[{"embeddable":true,"href":"https:\/\/vieassociative.be\/actualites\/wp-json\/wp\/v2\/users\/1"}],"replies":[{"embeddable":true,"href":"https:\/\/vieassociative.be\/actualites\/wp-json\/wp\/v2\/comments?post=10807"}],"version-history":[{"count":0,"href":"https:\/\/vieassociative.be\/actualites\/wp-json\/wp\/v2\/posts\/10807\/revisions"}],"wp:featuredmedia":[{"embeddable":true,"href":"https:\/\/vieassociative.be\/actualites\/wp-json\/wp\/v2\/media\/10808"}],"wp:attachment":[{"href":"https:\/\/vieassociative.be\/actualites\/wp-json\/wp\/v2\/media?parent=10807"}],"wp:term":[{"taxonomy":"category","embeddable":true,"href":"https:\/\/vieassociative.be\/actualites\/wp-json\/wp\/v2\/categories?post=10807"},{"taxonomy":"post_tag","embeddable":true,"href":"https:\/\/vieassociative.be\/actualites\/wp-json\/wp\/v2\/tags?post=10807"}],"curies":[{"name":"wp","href":"https:\/\/api.w.org\/{rel}","templated":true}]}}