{"id":10805,"date":"2025-10-21T20:17:20","date_gmt":"2025-10-21T18:17:20","guid":{"rendered":"https:\/\/vieassociative.be\/actualites\/amazon-a-discretement-supprime-son-avertissement-concernant-lencre-electronique-couleur\/"},"modified":"2025-10-21T20:17:20","modified_gmt":"2025-10-21T18:17:20","slug":"amazon-a-discretement-supprime-son-avertissement-concernant-lencre-electronique-couleur","status":"publish","type":"post","link":"https:\/\/vieassociative.be\/actualites\/amazon-a-discretement-supprime-son-avertissement-concernant-lencre-electronique-couleur\/","title":{"rendered":"Amazon a discr\u00e8tement supprim\u00e9 son avertissement concernant l&rsquo;encre \u00e9lectronique couleur"},"content":{"rendered":"<div class=\"mt-4 leading-6 md:mb-8\">Amazon recommande bri\u00e8vement le Kindle Paperwhite plut\u00f4t que le Colorsoft pour lire du contenu en noir et blanc.<\/div>\n<p><\/p>\n<p>Le Kindle Colorsoft est la liseuse \u00e9lectronique la plus ch\u00e8re d&rsquo;Amazon (techniquement, la Kindle Scribe est plut\u00f4t une note \u00e9lectronique), mais cela n&rsquo;en fait pas automatiquement le meilleur Kindle. En fait, si vous utilisez principalement votre Kindle pour des romans ou m\u00eame des mangas en noir et blanc plut\u00f4t que pour des bandes dessin\u00e9es en couleur ou des livres d&rsquo;images, Colorsoft rendra activement ce contenu pire. Bien que je parle des liseuses \u00e9lectroniques couleur depuis un certain temps, vous n&rsquo;\u00eates pas oblig\u00e9 de me croire sur parole : Amazon avait \u00e9galement l&rsquo;habitude d&rsquo;avertir les acheteurs \u00e0 ce sujet, mais a depuis retir\u00e9 cet avertissement.<\/p>\n<p>D\u00e8s f\u00e9vrier, selon une page enregistr\u00e9e par The Internet Archive, la FAQ d&rsquo;Amazon pour le Kindle Colorsoft comprenait le commentaire franc suivant sur les d\u00e9fauts de l&rsquo;appareil :<\/p>\n<blockquote>\n<p>\u00ab\u00a0L&rsquo;\u00e9cran Colorsoft est distinct de l&rsquo;\u00e9cran Paperwhite. Le Kindle Colorsoft est con\u00e7u pour offrir une exp\u00e9rience de lecture de haute qualit\u00e9 en couleur et en noir et blanc. Vous remarquerez peut-\u00eatre que la texture ou la luminosit\u00e9 de l&rsquo;\u00e9cran est diff\u00e9rente de celle de l&rsquo;\u00e9cran Kindle Paperwhite. Cela est d\u00fb \u00e0 la couche de filtre de couleur qui cr\u00e9e une exp\u00e9rience de lecture des couleurs agr\u00e9able pour les yeux sur Kindle Colorsoft. Si vous recherchez une exp\u00e9rience de lecture en noir et blanc l\u00e9g\u00e8rement plus nette, vous pouvez consulter Kindle Paperwhite, qui offre les pages les plus rapides et le taux de contraste le plus \u00e9lev\u00e9 de tous les appareils Kindle 2024. \u00bb<\/p>\n<\/blockquote>\n<p>Bien qu&rsquo;elle ne soit pas totalement d\u00e9sobligeante \u00e0 l&rsquo;\u00e9gard des produits couleur de l&rsquo;entreprise, l&rsquo;explication est remarquable dans la mesure o\u00f9 elle admet que le Kindle Paperwhite, bien qu&rsquo;il soit moins cher, offre une exp\u00e9rience noir et blanc plus nette. (Pourquoi ? Parce que le filtre de couleur de Colorsoft, qui est pr\u00e9sent qu&rsquo;il soit activement affich\u00e9 ou non, r\u00e9duit le contraste et peut ajouter une texture et une brillance ind\u00e9sirables au texte m\u00eame lorsque vous lisez du contenu en noir et blanc).<\/p>\n<div class=\"mx-auto mb-12 mt-5 w-full max-w-3xl rounded-md border-2 border-gray-100 p-3 shadow-md md:px-7 md:pb-7 md:pt-5\" id=\"related-video\">\n<div class=\"mb-3 flex items-center md:mb-5\">\n        <img decoding=\"async\" class=\"mr-4 mt-0 h-10 w-10 md:mr-5 md:h-12 md:w-12\" src=\"https:\/\/vieassociative.be\/actualites\/wp-content\/uploads\/2025\/09\/1757726237_608_Meta-pourrait-devoiler-une-montre-intelligente-pour-controler-ses-lunettes.jpg\" alt=\"Logo du pirate de la vie\"><\/p><\/div>\n<div class=\"aspect-video w-full overflow-hidden rounded-md\">\n<div id=\"video-container-01K83YY764GBH0943NEH9QF91T\"><\/div>\n<\/p><\/div>\n<\/div>\n<p>Apparemment, quelqu&rsquo;un au sein de l&rsquo;entreprise Amazon a pens\u00e9 qu&rsquo;il \u00e9tait temps de changer, et ce au d\u00e9triment des acheteurs potentiels. Au cours du week-end, la soci\u00e9t\u00e9 a encore une fois modifi\u00e9 la FAQ Colorsoft, et elle se lit d\u00e9sormais comme suit\u00a0:<\/p>\n<blockquote>\n<p>L&rsquo;\u00e9cran Colorsoft est distinct de l&rsquo;\u00e9cran Paperwhite et comprend une pile d&rsquo;affichage enti\u00e8rement optimis\u00e9e pour offrir une lecture des couleurs de haute qualit\u00e9. La r\u00e9solution noir et blanc (300ppi) est la m\u00eame sur tous les appareils.<\/p>\n<\/blockquote>\n<p>C&rsquo;est beaucoup moins clair. Sans mentir purement et simplement, la nouvelle clause de non-responsabilit\u00e9 contourne les d\u00e9fauts de l&rsquo;appareil, reconnaissant simplement que le Colorsoft offre une exp\u00e9rience couleur de \u00ab haute qualit\u00e9 \u00bb tout en \u00e9voquant une note sans rapport sur la r\u00e9solution en noir et blanc. C&rsquo;est une erreur : les probl\u00e8mes de contraste et d&rsquo;artefacts du Colorsoft persistent, malgr\u00e9 la correspondance avec le Paperwhite en r\u00e9solution noir et blanc, comme le montre l&rsquo;image ci-dessous.<\/p>\n<div class=\"eloquent-imagery-image\">\n<div class=\"flex justify-center\">\n                    <img decoding=\"async\" class=\"border border-gray-100\" src=\"https:\/\/vieassociative.be\/actualites\/wp-content\/uploads\/2025\/10\/Amazon-a-discretement-supprime-son-avertissement-concernant-lencre-electronique-couleur.jpg\" alt=\"\" dune on the kindle colorsoft vs. paperwhite width=\"2000\" height=\"1125\" loading=\"lazy\"  >\n            <\/div>\n<\/p><\/div>\n<p>C&rsquo;est une d\u00e9cision compr\u00e9hensible d&rsquo;un point de vue marketing, mais aussi une suppression d\u00e9cevante d&rsquo;un rare moment d&rsquo;honn\u00eatet\u00e9 de la part d&rsquo;une grande marque, tout en soulignant l&rsquo;anxi\u00e9t\u00e9 plus grande derri\u00e8re la couleur e-Ink. (J&rsquo;ai contact\u00e9 Amazon pour obtenir des commentaires et je mettrai \u00e0 jour cette histoire si j&rsquo;ai une r\u00e9ponse.)<\/p>\n<h2 id=\"color-e-ink-isnt-really-ready-for-the-market\">L&rsquo;encre \u00e9lectronique couleur n&rsquo;est pas vraiment pr\u00eate pour le march\u00e9<\/h2>\n<p>Franchement, je ne pense pas que la plupart des adultes aient besoin d\u2019encre \u00e9lectronique couleur. \u00c0 moins que vous ne soyez un grand lecteur de bandes dessin\u00e9es, il y a de fortes chances que ce que vous lisez sur votre Kindle soit en noir et blanc. Et si tel est le cas, vous obtiendrez une meilleure exp\u00e9rience en payant moins cher pour un appareil sans filtre de couleur. Je comprends pourquoi Amazon serait prudent \u00e0 ce sujet.<\/p>\n<div class=\"eloquent-imagery-image\">\n<div class=\"flex justify-center\">\n                    <img decoding=\"async\" class=\"border border-gray-100\" src=\"https:\/\/vieassociative.be\/actualites\/wp-content\/uploads\/2025\/10\/Amazon-a-discretement-supprime-son-avertissement-concernant-lencre-electronique-couleur.png\" alt=\"Tableau des prix Kindle\" width=\"2000\" height=\"1331\" loading=\"lazy\"  >\n            <\/div>\n<\/p><\/div>\n<p>Mais avec des graphiques et des prix comme ceux ci-dessus, ce n&rsquo;est pas strictement intuitif, et c&rsquo;est pourquoi j&rsquo;ai tant appr\u00e9ci\u00e9 la clarification fournie sur l&rsquo;ancienne page FAQ, notamment parce qu&rsquo;elle \u00e9tait pr\u00eate \u00e0 orienter les utilisateurs \u00e0 la recherche d&rsquo;une exp\u00e9rience sp\u00e9cifique vers un meilleur produit pour eux, m\u00eame au d\u00e9triment du profit pour Amazon. <\/p>\n<p>La nouvelle description semble plut\u00f4t con\u00e7ue sur mesure pour donner l&rsquo;impression que Paperwhite et Colorsoft sont \u00e0 peu pr\u00e8s \u00e0 \u00e9galit\u00e9 pour le contenu en noir et blanc, mais que Colorsoft a \u00e9galement de la couleur, ce qui n&rsquo;est tout simplement pas vrai. C&rsquo;est en fait l&rsquo;id\u00e9e fausse que je corrige toujours en premier lorsque j&rsquo;\u00e9cris sur cette cat\u00e9gorie de produits, et je suis d\u00e9\u00e7u de voir Amazon modifier son message pour le diffuser. Bien que l\u2019encre \u00e9lectronique couleur ait un attrait de niche, la tromperie et l\u2019obscurcissement ne sont pas le moyen de la vendre.<\/p>\n","protected":false},"excerpt":{"rendered":"<p>Amazon recommande bri\u00e8vement le Kindle Paperwhite plut\u00f4t que le Colorsoft pour lire du contenu en noir et blanc. Le Kindle Colorsoft est la liseuse \u00e9lectronique<\/p>\n","protected":false},"author":1,"featured_media":10806,"comment_status":"","ping_status":"","sticky":false,"template":"","format":"standard","meta":{"footnotes":""},"categories":[13],"tags":[51,3297,3886,1527,8984,2384,8985,800,1191],"class_list":["post-10805","post","type-post","status-publish","format-standard","has-post-thumbnail","hentry","category-technologie","tag-amazon","tag-avertissement","tag-concernant","tag-couleur","tag-discretement","tag-electronique","tag-lencre","tag-son","tag-supprime","generate-columns","tablet-grid-50","mobile-grid-100","grid-parent","grid-33"],"yoast_head":"<!-- This site is optimized with the Yoast SEO plugin v24.0 - https:\/\/yoast.com\/wordpress\/plugins\/seo\/ -->\n<title>Amazon a discr\u00e8tement supprim\u00e9 son avertissement concernant l&#039;encre \u00e9lectronique couleur | Vie Associative<\/title>\n<meta name=\"robots\" content=\"index, follow, max-snippet:-1, max-image-preview:large, max-video-preview:-1\" \/>\n<link rel=\"canonical\" href=\"https:\/\/vieassociative.be\/actualites\/amazon-a-discretement-supprime-son-avertissement-concernant-lencre-electronique-couleur\/\" \/>\n<meta property=\"og:locale\" content=\"fr_FR\" \/>\n<meta property=\"og:type\" content=\"article\" \/>\n<meta property=\"og:title\" content=\"Amazon a discr\u00e8tement supprim\u00e9 son avertissement concernant l&#039;encre \u00e9lectronique couleur | Vie Associative\" \/>\n<meta property=\"og:description\" content=\"Amazon recommande bri\u00e8vement le Kindle Paperwhite plut\u00f4t que le Colorsoft pour lire du contenu en noir et blanc. Le Kindle Colorsoft est la liseuse \u00e9lectronique\" \/>\n<meta property=\"og:url\" content=\"https:\/\/vieassociative.be\/actualites\/amazon-a-discretement-supprime-son-avertissement-concernant-lencre-electronique-couleur\/\" \/>\n<meta property=\"og:site_name\" content=\"Vie Associative\" \/>\n<meta property=\"article:published_time\" content=\"2025-10-21T18:17:20+00:00\" \/>\n<meta property=\"og:image\" content=\"https:\/\/vieassociative.be\/actualites\/wp-content\/uploads\/2025\/09\/1757726237_608_Meta-pourrait-devoiler-une-montre-intelligente-pour-controler-ses-lunettes.jpg\" \/>\n<meta name=\"author\" content=\"Julien\" \/>\n<meta name=\"twitter:card\" content=\"summary_large_image\" \/>\n<meta name=\"twitter:label1\" content=\"\u00c9crit par\" \/>\n\t<meta name=\"twitter:data1\" content=\"Julien\" \/>\n\t<meta name=\"twitter:label2\" content=\"Dur\u00e9e de lecture est.\" \/>\n\t<meta name=\"twitter:data2\" content=\"4 minutes\" \/>\n<script type=\"application\/ld+json\" class=\"yoast-schema-graph\">{\"@context\":\"https:\/\/schema.org\",\"@graph\":[{\"@type\":\"Article\",\"@id\":\"https:\/\/vieassociative.be\/actualites\/amazon-a-discretement-supprime-son-avertissement-concernant-lencre-electronique-couleur\/#article\",\"isPartOf\":{\"@id\":\"https:\/\/vieassociative.be\/actualites\/amazon-a-discretement-supprime-son-avertissement-concernant-lencre-electronique-couleur\/\"},\"author\":{\"name\":\"Julien\",\"@id\":\"https:\/\/vieassociative.be\/actualites\/#\/schema\/person\/b87ac4f82f9d4e7b7cec7395b679edc4\"},\"headline\":\"Amazon a discr\u00e8tement supprim\u00e9 son avertissement concernant l&rsquo;encre \u00e9lectronique couleur\",\"datePublished\":\"2025-10-21T18:17:20+00:00\",\"dateModified\":\"2025-10-21T18:17:20+00:00\",\"mainEntityOfPage\":{\"@id\":\"https:\/\/vieassociative.be\/actualites\/amazon-a-discretement-supprime-son-avertissement-concernant-lencre-electronique-couleur\/\"},\"wordCount\":899,\"publisher\":{\"@id\":\"https:\/\/vieassociative.be\/actualites\/#organization\"},\"image\":{\"@id\":\"https:\/\/vieassociative.be\/actualites\/amazon-a-discretement-supprime-son-avertissement-concernant-lencre-electronique-couleur\/#primaryimage\"},\"thumbnailUrl\":\"https:\/\/vieassociative.be\/actualites\/wp-content\/uploads\/2025\/10\/1761070640_Amazon-a-discretement-supprime-son-avertissement-concernant-lencre-electronique-couleur.jpg\",\"keywords\":[\"Amazon\",\"avertissement\",\"concernant\",\"couleur\",\"discr\u00e8tement\",\"\u00e9lectronique\",\"lencre\",\"son\",\"supprime\"],\"articleSection\":[\"Technologie\"],\"inLanguage\":\"fr-BE\"},{\"@type\":\"WebPage\",\"@id\":\"https:\/\/vieassociative.be\/actualites\/amazon-a-discretement-supprime-son-avertissement-concernant-lencre-electronique-couleur\/\",\"url\":\"https:\/\/vieassociative.be\/actualites\/amazon-a-discretement-supprime-son-avertissement-concernant-lencre-electronique-couleur\/\",\"name\":\"Amazon a discr\u00e8tement supprim\u00e9 son avertissement concernant l'encre \u00e9lectronique couleur | Vie Associative\",\"isPartOf\":{\"@id\":\"https:\/\/vieassociative.be\/actualites\/#website\"},\"primaryImageOfPage\":{\"@id\":\"https:\/\/vieassociative.be\/actualites\/amazon-a-discretement-supprime-son-avertissement-concernant-lencre-electronique-couleur\/#primaryimage\"},\"image\":{\"@id\":\"https:\/\/vieassociative.be\/actualites\/amazon-a-discretement-supprime-son-avertissement-concernant-lencre-electronique-couleur\/#primaryimage\"},\"thumbnailUrl\":\"https:\/\/vieassociative.be\/actualites\/wp-content\/uploads\/2025\/10\/1761070640_Amazon-a-discretement-supprime-son-avertissement-concernant-lencre-electronique-couleur.jpg\",\"datePublished\":\"2025-10-21T18:17:20+00:00\",\"dateModified\":\"2025-10-21T18:17:20+00:00\",\"breadcrumb\":{\"@id\":\"https:\/\/vieassociative.be\/actualites\/amazon-a-discretement-supprime-son-avertissement-concernant-lencre-electronique-couleur\/#breadcrumb\"},\"inLanguage\":\"fr-BE\",\"potentialAction\":[{\"@type\":\"ReadAction\",\"target\":[\"https:\/\/vieassociative.be\/actualites\/amazon-a-discretement-supprime-son-avertissement-concernant-lencre-electronique-couleur\/\"]}]},{\"@type\":\"ImageObject\",\"inLanguage\":\"fr-BE\",\"@id\":\"https:\/\/vieassociative.be\/actualites\/amazon-a-discretement-supprime-son-avertissement-concernant-lencre-electronique-couleur\/#primaryimage\",\"url\":\"https:\/\/vieassociative.be\/actualites\/wp-content\/uploads\/2025\/10\/1761070640_Amazon-a-discretement-supprime-son-avertissement-concernant-lencre-electronique-couleur.jpg\",\"contentUrl\":\"https:\/\/vieassociative.be\/actualites\/wp-content\/uploads\/2025\/10\/1761070640_Amazon-a-discretement-supprime-son-avertissement-concernant-lencre-electronique-couleur.jpg\",\"width\":1200,\"height\":675,\"caption\":\"Amazon a discr\u00e8tement supprim\u00e9 son avertissement concernant l'encre \u00e9lectronique couleur\"},{\"@type\":\"BreadcrumbList\",\"@id\":\"https:\/\/vieassociative.be\/actualites\/amazon-a-discretement-supprime-son-avertissement-concernant-lencre-electronique-couleur\/#breadcrumb\",\"itemListElement\":[{\"@type\":\"ListItem\",\"position\":1,\"name\":\"Accueil\",\"item\":\"https:\/\/vieassociative.be\/actualites\/\"},{\"@type\":\"ListItem\",\"position\":2,\"name\":\"Amazon a discr\u00e8tement supprim\u00e9 son avertissement concernant l&rsquo;encre \u00e9lectronique couleur\"}]},{\"@type\":\"WebSite\",\"@id\":\"https:\/\/vieassociative.be\/actualites\/#website\",\"url\":\"https:\/\/vieassociative.be\/actualites\/\",\"name\":\"Vie Associative\",\"description\":\"\",\"publisher\":{\"@id\":\"https:\/\/vieassociative.be\/actualites\/#organization\"},\"potentialAction\":[{\"@type\":\"SearchAction\",\"target\":{\"@type\":\"EntryPoint\",\"urlTemplate\":\"https:\/\/vieassociative.be\/actualites\/?s={search_term_string}\"},\"query-input\":{\"@type\":\"PropertyValueSpecification\",\"valueRequired\":true,\"valueName\":\"search_term_string\"}}],\"inLanguage\":\"fr-BE\"},{\"@type\":\"Organization\",\"@id\":\"https:\/\/vieassociative.be\/actualites\/#organization\",\"name\":\"Vie Associative\",\"url\":\"https:\/\/vieassociative.be\/actualites\/\",\"logo\":{\"@type\":\"ImageObject\",\"inLanguage\":\"fr-BE\",\"@id\":\"https:\/\/vieassociative.be\/actualites\/#\/schema\/logo\/image\/\",\"url\":\"https:\/\/vieassociative.be\/actualites\/wp-content\/uploads\/2024\/09\/cropped-vieassociative_favicon.ico.png\",\"contentUrl\":\"https:\/\/vieassociative.be\/actualites\/wp-content\/uploads\/2024\/09\/cropped-vieassociative_favicon.ico.png\",\"width\":512,\"height\":512,\"caption\":\"Vie Associative\"},\"image\":{\"@id\":\"https:\/\/vieassociative.be\/actualites\/#\/schema\/logo\/image\/\"}},{\"@type\":\"Person\",\"@id\":\"https:\/\/vieassociative.be\/actualites\/#\/schema\/person\/b87ac4f82f9d4e7b7cec7395b679edc4\",\"name\":\"Julien\",\"image\":{\"@type\":\"ImageObject\",\"inLanguage\":\"fr-BE\",\"@id\":\"https:\/\/vieassociative.be\/actualites\/#\/schema\/person\/image\/\",\"url\":\"https:\/\/vieassociative.be\/actualites\/wp-content\/uploads\/2024\/09\/vie-associative-1-150x150.jpg\",\"contentUrl\":\"https:\/\/vieassociative.be\/actualites\/wp-content\/uploads\/2024\/09\/vie-associative-1-150x150.jpg\",\"caption\":\"Julien\"},\"description\":\"Je suis Julien, r\u00e9dacteur pour Vie Associative. Passionn\u00e9 par le monde associatif depuis plus de 10 ans, j'ai \u00e0 c\u0153ur de partager des histoires inspirantes et de mettre en lumi\u00e8re les initiatives locales. Mon objectif est de sensibiliser et d'encourager l'engagement communautaire \u00e0 travers mes articles.\",\"sameAs\":[\"https:\/\/vieassociative.be\/\"]}]}<\/script>\n<!-- \/ Yoast SEO plugin. -->","yoast_head_json":{"title":"Amazon a discr\u00e8tement supprim\u00e9 son avertissement concernant l'encre \u00e9lectronique couleur | Vie Associative","robots":{"index":"index","follow":"follow","max-snippet":"max-snippet:-1","max-image-preview":"max-image-preview:large","max-video-preview":"max-video-preview:-1"},"canonical":"https:\/\/vieassociative.be\/actualites\/amazon-a-discretement-supprime-son-avertissement-concernant-lencre-electronique-couleur\/","og_locale":"fr_FR","og_type":"article","og_title":"Amazon a discr\u00e8tement supprim\u00e9 son avertissement concernant l'encre \u00e9lectronique couleur | Vie Associative","og_description":"Amazon recommande bri\u00e8vement le Kindle Paperwhite plut\u00f4t que le Colorsoft pour lire du contenu en noir et blanc. Le Kindle Colorsoft est la liseuse \u00e9lectronique","og_url":"https:\/\/vieassociative.be\/actualites\/amazon-a-discretement-supprime-son-avertissement-concernant-lencre-electronique-couleur\/","og_site_name":"Vie Associative","article_published_time":"2025-10-21T18:17:20+00:00","og_image":[{"url":"https:\/\/vieassociative.be\/actualites\/wp-content\/uploads\/2025\/09\/1757726237_608_Meta-pourrait-devoiler-une-montre-intelligente-pour-controler-ses-lunettes.jpg","type":"","width":"","height":""}],"author":"Julien","twitter_card":"summary_large_image","twitter_misc":{"\u00c9crit par":"Julien","Dur\u00e9e de lecture est.":"4 minutes"},"schema":{"@context":"https:\/\/schema.org","@graph":[{"@type":"Article","@id":"https:\/\/vieassociative.be\/actualites\/amazon-a-discretement-supprime-son-avertissement-concernant-lencre-electronique-couleur\/#article","isPartOf":{"@id":"https:\/\/vieassociative.be\/actualites\/amazon-a-discretement-supprime-son-avertissement-concernant-lencre-electronique-couleur\/"},"author":{"name":"Julien","@id":"https:\/\/vieassociative.be\/actualites\/#\/schema\/person\/b87ac4f82f9d4e7b7cec7395b679edc4"},"headline":"Amazon a discr\u00e8tement supprim\u00e9 son avertissement concernant l&rsquo;encre \u00e9lectronique couleur","datePublished":"2025-10-21T18:17:20+00:00","dateModified":"2025-10-21T18:17:20+00:00","mainEntityOfPage":{"@id":"https:\/\/vieassociative.be\/actualites\/amazon-a-discretement-supprime-son-avertissement-concernant-lencre-electronique-couleur\/"},"wordCount":899,"publisher":{"@id":"https:\/\/vieassociative.be\/actualites\/#organization"},"image":{"@id":"https:\/\/vieassociative.be\/actualites\/amazon-a-discretement-supprime-son-avertissement-concernant-lencre-electronique-couleur\/#primaryimage"},"thumbnailUrl":"https:\/\/vieassociative.be\/actualites\/wp-content\/uploads\/2025\/10\/1761070640_Amazon-a-discretement-supprime-son-avertissement-concernant-lencre-electronique-couleur.jpg","keywords":["Amazon","avertissement","concernant","couleur","discr\u00e8tement","\u00e9lectronique","lencre","son","supprime"],"articleSection":["Technologie"],"inLanguage":"fr-BE"},{"@type":"WebPage","@id":"https:\/\/vieassociative.be\/actualites\/amazon-a-discretement-supprime-son-avertissement-concernant-lencre-electronique-couleur\/","url":"https:\/\/vieassociative.be\/actualites\/amazon-a-discretement-supprime-son-avertissement-concernant-lencre-electronique-couleur\/","name":"Amazon a discr\u00e8tement supprim\u00e9 son avertissement concernant l'encre \u00e9lectronique couleur | Vie Associative","isPartOf":{"@id":"https:\/\/vieassociative.be\/actualites\/#website"},"primaryImageOfPage":{"@id":"https:\/\/vieassociative.be\/actualites\/amazon-a-discretement-supprime-son-avertissement-concernant-lencre-electronique-couleur\/#primaryimage"},"image":{"@id":"https:\/\/vieassociative.be\/actualites\/amazon-a-discretement-supprime-son-avertissement-concernant-lencre-electronique-couleur\/#primaryimage"},"thumbnailUrl":"https:\/\/vieassociative.be\/actualites\/wp-content\/uploads\/2025\/10\/1761070640_Amazon-a-discretement-supprime-son-avertissement-concernant-lencre-electronique-couleur.jpg","datePublished":"2025-10-21T18:17:20+00:00","dateModified":"2025-10-21T18:17:20+00:00","breadcrumb":{"@id":"https:\/\/vieassociative.be\/actualites\/amazon-a-discretement-supprime-son-avertissement-concernant-lencre-electronique-couleur\/#breadcrumb"},"inLanguage":"fr-BE","potentialAction":[{"@type":"ReadAction","target":["https:\/\/vieassociative.be\/actualites\/amazon-a-discretement-supprime-son-avertissement-concernant-lencre-electronique-couleur\/"]}]},{"@type":"ImageObject","inLanguage":"fr-BE","@id":"https:\/\/vieassociative.be\/actualites\/amazon-a-discretement-supprime-son-avertissement-concernant-lencre-electronique-couleur\/#primaryimage","url":"https:\/\/vieassociative.be\/actualites\/wp-content\/uploads\/2025\/10\/1761070640_Amazon-a-discretement-supprime-son-avertissement-concernant-lencre-electronique-couleur.jpg","contentUrl":"https:\/\/vieassociative.be\/actualites\/wp-content\/uploads\/2025\/10\/1761070640_Amazon-a-discretement-supprime-son-avertissement-concernant-lencre-electronique-couleur.jpg","width":1200,"height":675,"caption":"Amazon a discr\u00e8tement supprim\u00e9 son avertissement concernant l'encre \u00e9lectronique couleur"},{"@type":"BreadcrumbList","@id":"https:\/\/vieassociative.be\/actualites\/amazon-a-discretement-supprime-son-avertissement-concernant-lencre-electronique-couleur\/#breadcrumb","itemListElement":[{"@type":"ListItem","position":1,"name":"Accueil","item":"https:\/\/vieassociative.be\/actualites\/"},{"@type":"ListItem","position":2,"name":"Amazon a discr\u00e8tement supprim\u00e9 son avertissement concernant l&rsquo;encre \u00e9lectronique couleur"}]},{"@type":"WebSite","@id":"https:\/\/vieassociative.be\/actualites\/#website","url":"https:\/\/vieassociative.be\/actualites\/","name":"Vie Associative","description":"","publisher":{"@id":"https:\/\/vieassociative.be\/actualites\/#organization"},"potentialAction":[{"@type":"SearchAction","target":{"@type":"EntryPoint","urlTemplate":"https:\/\/vieassociative.be\/actualites\/?s={search_term_string}"},"query-input":{"@type":"PropertyValueSpecification","valueRequired":true,"valueName":"search_term_string"}}],"inLanguage":"fr-BE"},{"@type":"Organization","@id":"https:\/\/vieassociative.be\/actualites\/#organization","name":"Vie Associative","url":"https:\/\/vieassociative.be\/actualites\/","logo":{"@type":"ImageObject","inLanguage":"fr-BE","@id":"https:\/\/vieassociative.be\/actualites\/#\/schema\/logo\/image\/","url":"https:\/\/vieassociative.be\/actualites\/wp-content\/uploads\/2024\/09\/cropped-vieassociative_favicon.ico.png","contentUrl":"https:\/\/vieassociative.be\/actualites\/wp-content\/uploads\/2024\/09\/cropped-vieassociative_favicon.ico.png","width":512,"height":512,"caption":"Vie Associative"},"image":{"@id":"https:\/\/vieassociative.be\/actualites\/#\/schema\/logo\/image\/"}},{"@type":"Person","@id":"https:\/\/vieassociative.be\/actualites\/#\/schema\/person\/b87ac4f82f9d4e7b7cec7395b679edc4","name":"Julien","image":{"@type":"ImageObject","inLanguage":"fr-BE","@id":"https:\/\/vieassociative.be\/actualites\/#\/schema\/person\/image\/","url":"https:\/\/vieassociative.be\/actualites\/wp-content\/uploads\/2024\/09\/vie-associative-1-150x150.jpg","contentUrl":"https:\/\/vieassociative.be\/actualites\/wp-content\/uploads\/2024\/09\/vie-associative-1-150x150.jpg","caption":"Julien"},"description":"Je suis Julien, r\u00e9dacteur pour Vie Associative. Passionn\u00e9 par le monde associatif depuis plus de 10 ans, j'ai \u00e0 c\u0153ur de partager des histoires inspirantes et de mettre en lumi\u00e8re les initiatives locales. Mon objectif est de sensibiliser et d'encourager l'engagement communautaire \u00e0 travers mes articles.","sameAs":["https:\/\/vieassociative.be\/"]}]}},"_links":{"self":[{"href":"https:\/\/vieassociative.be\/actualites\/wp-json\/wp\/v2\/posts\/10805"}],"collection":[{"href":"https:\/\/vieassociative.be\/actualites\/wp-json\/wp\/v2\/posts"}],"about":[{"href":"https:\/\/vieassociative.be\/actualites\/wp-json\/wp\/v2\/types\/post"}],"author":[{"embeddable":true,"href":"https:\/\/vieassociative.be\/actualites\/wp-json\/wp\/v2\/users\/1"}],"replies":[{"embeddable":true,"href":"https:\/\/vieassociative.be\/actualites\/wp-json\/wp\/v2\/comments?post=10805"}],"version-history":[{"count":0,"href":"https:\/\/vieassociative.be\/actualites\/wp-json\/wp\/v2\/posts\/10805\/revisions"}],"wp:featuredmedia":[{"embeddable":true,"href":"https:\/\/vieassociative.be\/actualites\/wp-json\/wp\/v2\/media\/10806"}],"wp:attachment":[{"href":"https:\/\/vieassociative.be\/actualites\/wp-json\/wp\/v2\/media?parent=10805"}],"wp:term":[{"taxonomy":"category","embeddable":true,"href":"https:\/\/vieassociative.be\/actualites\/wp-json\/wp\/v2\/categories?post=10805"},{"taxonomy":"post_tag","embeddable":true,"href":"https:\/\/vieassociative.be\/actualites\/wp-json\/wp\/v2\/tags?post=10805"}],"curies":[{"name":"wp","href":"https:\/\/api.w.org\/{rel}","templated":true}]}}