{"id":10797,"date":"2025-10-21T09:22:24","date_gmt":"2025-10-21T07:22:24","guid":{"rendered":"https:\/\/vieassociative.be\/actualites\/la-veritable-histoire-dhalloween\/"},"modified":"2025-10-21T09:22:24","modified_gmt":"2025-10-21T07:22:24","slug":"la-veritable-histoire-dhalloween","status":"publish","type":"post","link":"https:\/\/vieassociative.be\/actualites\/la-veritable-histoire-dhalloween\/","title":{"rendered":"La v\u00e9ritable histoire d&rsquo;Halloween"},"content":{"rendered":"<div class=\"mt-4 leading-6 md:mb-8\">Il est effrayant de voir \u00e0 quel point nous savons peu de choses sur la fa\u00e7on dont nos traditions effrayantes ont commenc\u00e9.<\/div>\n<p><\/p>\n<p>Si vous n&rsquo;aimez pas Halloween, nous ne pouvons pas \u00eatre amis. Peu m&rsquo;importe que vous c\u00e9l\u00e9briez avec une f\u00eate costum\u00e9e ivre, une sculpture de citrouilles, une mendicit\u00e9 de bonbons en porte-\u00e0-porte ou une observance plus personnelle comme regarder des films d&rsquo;horreur seul, mais le respect doit \u00eatre rendu \u00e0 la plus g\u00e9niale de toutes les vacances. Mais d\u2019o\u00f9 vient Halloween et comment a-t-elle fini par ressembler \u00e0 la f\u00eate moderne que nous c\u00e9l\u00e9brons aujourd\u2019hui ?<\/p>\n<p>Les origines d\u2019Halloween sont \u00e9tonnamment glissantes. Le 31 octobre est \u00e0 c\u00f4t\u00e9<em> <\/em>\u00e0 une f\u00eate religieuse chr\u00e9tienne, et c&rsquo;est autour du \u00ab temps des moissons \u00bb, ce qui pourrait g\u00e9n\u00e9ralement expliquer la date, mais personne ne sait vraiment pourquoi nous mettons des costumes et mendions des bonbons. Il existe une tonne de th\u00e9ories d\u00e9crivant comment les pratiques modernes d&rsquo;Halloween auraient pu d\u00e9couler de diverses traditions anciennes, de rites religieux ou de pratiques folkloriques, mais la premi\u00e8re preuve directe de quelque chose qui ressemble \u00e0 \u00ab Halloween \u00bb moderne ne date pas des ann\u00e9es 1800, et m\u00eame alors, cela n&rsquo;a pas vraiment d\u00e9coll\u00e9 avant 100 ans. <\/p>\n<p>En termes succincts, l\u2019histoire d\u2019Halloween telle que nous la connaissons est un ensemble boueux et d\u00e9routant de pratiques qui doivent probablement plus aux bandes dessin\u00e9es Peanuts publi\u00e9es dans les ann\u00e9es 1950 qu\u2019au catholicisme m\u00e9di\u00e9val ou aux rites pa\u00efens.<\/p>\n<div class=\"mx-auto mb-12 mt-5 w-full max-w-3xl rounded-md border-2 border-gray-100 p-3 shadow-md md:px-7 md:pb-7 md:pt-5\" id=\"related-video\">\n<div class=\"mb-3 flex items-center md:mb-5\">\n        <img decoding=\"async\" class=\"mr-4 mt-0 h-10 w-10 md:mr-5 md:h-12 md:w-12\" src=\"https:\/\/vieassociative.be\/actualites\/wp-content\/uploads\/2025\/09\/1757726237_608_Meta-pourrait-devoiler-une-montre-intelligente-pour-controler-ses-lunettes.jpg\" alt=\"Logo du pirate de la vie\"><\/p><\/div>\n<div class=\"aspect-video w-full overflow-hidden rounded-md\">\n<div id=\"video-container-01K82QWJH5SY6P876KWH6KZGH1\"><\/div>\n<\/p><\/div>\n<\/div>\n<h2 id=\"the-theoretical-history-of-halloween\">L&rsquo;histoire th\u00e9orique d&rsquo;Halloween<\/h2>\n<p>L&rsquo;histoire d&rsquo;origine d&rsquo;Halloween la plus souvent r\u00e9p\u00e9t\u00e9e dit que la f\u00eate a commenc\u00e9 avec les c\u00e9l\u00e9brations de Samhain (prononc\u00e9 sah-win ou sow-in) des Celtes en Irlande, en Angleterre et dans le nord de la France. La date du 1er novembre ou du 31 octobre se situe \u00e0 peu pr\u00e8s \u00e0 mi-chemin entre l&rsquo;\u00e9quinoxe d&rsquo;automne et le solstice d&rsquo;hiver, et la litt\u00e9rature irlandaise du IXe si\u00e8cle d\u00e9crit des rassemblements et des f\u00eates marquant Samhain, le jour o\u00f9 les anciens tumulus ont \u00e9t\u00e9 ouverts, et avec eux, les portails vers l&rsquo;Autre Monde, le pays des Dieux et des morts. Plus tard, selon la th\u00e9orie, ces pratiques ont \u00e9t\u00e9 christianis\u00e9es, rebaptis\u00e9es \u00ab All Hallow&rsquo;s Day \u00bb et \u00ab All Hallow&rsquo;s Eve \u00bb par l&rsquo;\u00c9glise primitive, et c&rsquo;est l\u00e0 que nous obtenons Halloween. Cela semble assez plausible&#8230;<\/p>\n<p>&#8230; mais ce n&rsquo;est probablement pas ce qui s&rsquo;est pass\u00e9. L&rsquo;id\u00e9e selon laquelle Halloween vient de rituels pa\u00efens usurp\u00e9s par les chr\u00e9tiens est n\u00e9e de l&rsquo;\u00e9rudit gallois Sir John Rh\u0177s, et il n&rsquo;a pas \u00e9tay\u00e9 sa th\u00e9orie par une tonne de preuves. Certains historiens modernes soutiennent que les liens entre les c\u00e9l\u00e9brations celtiques et les premi\u00e8res pratiques chr\u00e9tiennes sont t\u00e9nus, et que les f\u00eates chr\u00e9tiennes m\u00e9di\u00e9vales fournissent le <em>r\u00e9el<\/em> plan pour les vacances. Les chr\u00e9tiens m\u00e9di\u00e9vaux c\u00e9l\u00e9braient les jours de la Toussaint et de toutes les \u00e2mes lors de la c\u00e9l\u00e9bration de Allhallowtide &#8211; la p\u00e9riode de l&rsquo;ann\u00e9e liturgique d\u00e9di\u00e9e au souvenir des morts &#8211; en organisant des f\u00eates communautaires, en mettant l&rsquo;accent sur les \u00e2mes mortes et en d\u00e9corant des squelettes. Mais ils n\u2019ont pas obtenu cela des Celtes, du moins selon la th\u00e9orie.<\/p>\n<p>Quoi qu\u2019il en soit, All Souls Day et Samhain ont probablement des racines plus profondes que les documents historiques \u00e9crits. Les f\u00eates des r\u00e9coltes \u00e9taient courantes dans de nombreux endroits, et peut-\u00eatre ressemblaient-elles \u00e0<em> <\/em>Des f\u00eates d&rsquo;Halloween, mais peut-\u00eatre que ce n&rsquo;\u00e9tait pas le cas. Nous ne le savons pas. La f\u00eate a lieu \u00e0 la fin de la saison des r\u00e9coltes et au d\u00e9but de l\u2019hiver, une p\u00e9riode entre la vie et la mort, o\u00f9 les esprits pa\u00efens et chr\u00e9tiens se tournent vers la fin in\u00e9vitable des choses. Les traditions d&rsquo;Halloween semblent rendre hommage \u00e0 ce lieu \u00ab interm\u00e9diaire \u00bb, et m\u00eame si nous ne savons pas \u00e0 quel point les anciens c\u00e9l\u00e9braient \u00ab \u00e0 mi-chemin entre le solstice et l&rsquo;\u00e9quinoxe \u00bb, ce n&rsquo;\u00e9tait probablement pas en se d\u00e9guisant et en mendiant des friandises. <\/p>\n<h2 id=\"verified-halloween-history\">Historique v\u00e9rifi\u00e9 d&rsquo;Halloween<\/h2>\n<p>Peu importe o\u00f9 cela a commenc\u00e9, en 835 apr\u00e8s JC, la Toussaint (1er novembre) est devenue un jour d&rsquo;obligation catholique officiel, et les pratiques d&rsquo;Allhallowtide comme faire sonner les cloches des \u00e9glises pour les \u00e2mes du purgatoire et des crieurs v\u00eatus de noir descendre dans les rues pour rappeler aux gens de penser aux morts sont un <em>petit<\/em> Comme Halloween. Si vous louchez.<\/p>\n<p>Une autre tradition de l\u2019\u00e9poque consistait \u00e0 pr\u00e9parer des \u00ab g\u00e2teaux d\u2019\u00e2me \u00bb \u00e0 la m\u00e9moire des morts. Cela a conduit au \u00ab souling \u00bb, o\u00f9 des groupes d\u2019enfants voyageaient de maison en maison pour demander des g\u00e2teaux en \u00e9change de pri\u00e8res pour les morts. Plus tard, les \u00e2mes portaient \u00e9galement des lanternes sculpt\u00e9es faites de navets \u00e9vid\u00e9s. Est-ce l&rsquo;origine du \u00ab Trick or Treat \u00bb et des Jack o&rsquo; Lanterns ? Peut-\u00eatre&#8230; mais encore une fois, probablement pas. Il ne semble pas que les enfants souleurs portaient des costumes, m\u00eame si le \u00ab\u00a0guising\u00a0\u00bb ou le \u00ab\u00a0mumming\u00a0\u00bb (s&rsquo;habiller avec des costumes et d\u00e9ranger ses voisins pour des friandises et\/ou de l&rsquo;argent) \u00e9tait pratiqu\u00e9 dans divers endroits en Europe au cours de cette p\u00e9riode. <em>autre<\/em> vacances, notamment autour de No\u00ebl.<\/p>\n<p>Une autre th\u00e9orie sur l&rsquo;origine des costumes d&rsquo;Halloween trouve son origine dans la tradition fran\u00e7aise de la fin du Moyen \u00c2ge. <em>Danse macabre<\/em>\u2013 la danse de la mort. Peut-\u00eatre qu\u2019en r\u00e9ponse \u00e0 la peste noire qui ravageait l\u2019Europe, les artistes du XIVe si\u00e8cle auraient repr\u00e9sent\u00e9 la personnification de la mort entour\u00e9e des figures d\u2019un pape, d\u2019un empereur, d\u2019un roi, d\u2019un enfant et d\u2019un ouvrier \u2013 des gens de tous les niveaux de la soci\u00e9t\u00e9 \u2013 dansant vers la tombe. Des versions live de la Danse Macabre ont \u00e9t\u00e9 jou\u00e9es lors de spectacles de village, sans aucun doute pour le plus grand plaisir et l&rsquo;horreur de tous. Le spectacle grotesque mais comique a rappel\u00e9 aux gens que la mort viendrait pour tout le monde, mais aussi que nous devrions nous amuser le plus possible avant l&rsquo;in\u00e9vitable, et qu&rsquo;il n&rsquo;y a rien de plus \u00ab Halloween \u00bb que cela. Mais encore une fois, ce n&rsquo;est qu&rsquo;une th\u00e9orie. <\/p>\n<h2 id=\"the-origins-of-halloween-in-america\">Les origines d&rsquo;Halloween en Am\u00e9rique<\/h2>\n<p>Dans l\u2019Am\u00e9rique coloniale, Halloween n\u2019\u00e9tait pas largement observ\u00e9e. Alors que les puritains de la Nouvelle-Angleterre d\u00e9sapprouvaient g\u00e9n\u00e9ralement tout ce qui \u00e9tait amusant comme porter des costumes, danser avec la mort ou sculpter des citrouilles, des colons plus lib\u00e9raux de New York, du Maryland et plus au sud ont peut-\u00eatre amen\u00e9 des activit\u00e9s de type Halloween au-dessus de l&rsquo;oc\u00e9an depuis leurs villages d&rsquo;Allemagne ou d&rsquo;Irlande. Nous ne le savons pas vraiment, mais \u00e0 part quelques groupes d&rsquo;irr\u00e9ductibles, peut-\u00eatre que c\u00e9l\u00e9brer Halloween n&rsquo;\u00e9tait pas une chose aux \u00c9tats-Unis ou en Europe avant la fin des ann\u00e9es 1800.<\/p>\n<p>La premi\u00e8re expression am\u00e9ricaine des activit\u00e9s de type Halloween organis\u00e9es fin octobre ou d\u00e9but novembre s&rsquo;est manifest\u00e9e sous la forme de \u00ab parties de jeu \u00bb, ou festivals d&rsquo;automne, pour c\u00e9l\u00e9brer la r\u00e9colte. Ces rassemblements, immortalis\u00e9s dans le conte d&rsquo;horreur de Washington Irving <em>La l\u00e9gende de Sleepy Hollow<\/em>incluaient souvent des histoires de fant\u00f4mes, des tentatives de divination, des pommes qui bougent, des farces et des tentatives pour effrayer les gens \u2013 des activit\u00e9s proto-Halloween, o\u00f9 vous pouvez voir les vacances prendre forme. <\/p>\n<p>Ce n&rsquo;est qu&rsquo;avec l&rsquo;immigration massive irlandaise du 19\u00e8me si\u00e8cle que nous avons vu des c\u00e9l\u00e9brations d&rsquo;Halloween \u00e9tiquet\u00e9es comme telles. \u00c0 partir des ann\u00e9es 1850, des immigrants irlandais fuyant la famine des pommes de terre sont descendus dans le pays. Ces immigrants ont amen\u00e9 les c\u00e9l\u00e9brations d&rsquo;Halloween aux \u00c9tats-Unis, mais il ne semble pas qu&rsquo;ils aient apport\u00e9 des costumes d&rsquo;Halloween ou des friandises. <\/p>\n<h2 id=\"the-possible-origins-of-trick-or-treating\">Les origines possibles du trick-or-treat<\/h2>\n<p>Toutes nos id\u00e9es modernes selon lesquelles les traditions d&rsquo;Halloween proviennent de telle ou telle pratique ancienne pourraient \u00eatre des exemples de donn\u00e9es tri\u00e9es sur le volet pour \u00e9tayer la conclusion selon laquelle nos traditions d&rsquo;Halloween modernes <em>avoir<\/em> une lign\u00e9e profonde en premier lieu. Mais que se passe-t-il s\u2019ils ne le font pas ? <\/p>\n<p>La f\u00eate d&rsquo;Halloween est l&rsquo;expression la plus connue de l&rsquo;Halloween, mais, malgr\u00e9 des exemples historiques de f\u00eatards costum\u00e9s et\/ou de personnes faisant du porte-\u00e0-porte pour mendier des friandises pendant les vacances, il ne semble pas y avoir d&rsquo;\u00e9v\u00e9nement. <em>direct<\/em> lien entre ces pratiques anciennes et le traitement moderne. Oui, c&rsquo;est un peu comme le souling, mais personne en Am\u00e9rique ne semble avoir jamais pratiqu\u00e9 le souling. Il n&rsquo;y a aucune preuve que quelqu&rsquo;un ait port\u00e9 des costumes pour Halloween aux \u00c9tats-Unis, au Royaume-Uni ou en Irlande avant 1900, ce qui a conduit certains sp\u00e9cialistes de l&rsquo;Halloween \u00e0 sugg\u00e9rer que les enfants am\u00e9ricains ont d\u00e9velopp\u00e9 le port de costumes. <em>ind\u00e9pendamment<\/em> de toute tradition plus ancienne. C\u2019est en fait la th\u00e9orie la plus cool : des enfants am\u00e9ricains ont invent\u00e9 Halloween \u00e0 partir de rien.<\/p>\n<p>La premi\u00e8re mention de la collecte de bonbons d&rsquo;Halloween en costume vient d&rsquo;un journal de Kingston, en Ontario, en 1911, mais la pratique est rest\u00e9e suffisamment obscure pour qu&rsquo;il n&rsquo;y ait aucune mention de quelque chose de semblable dans l&rsquo;histoire de la f\u00eate de Ruth Edna Kelley en 1919, <em>Le livre d&rsquo;Halloween<\/em><em>, <\/em>et aucune des nombreuses cartes postales d&rsquo;Halloween imprim\u00e9es dans les ann\u00e9es 1920 ne contient de friandises. La pratique ne semble pas avoir \u00e9t\u00e9 r\u00e9pandue avant la fin des ann\u00e9es 1930, lorsque les premi\u00e8res mentions en sont faites dans une publication nationale, et elle n&rsquo;a vraiment pris son essor qu&rsquo;au d\u00e9but des ann\u00e9es 50, lorsqu&rsquo;elle est apparue dans une bande dessin\u00e9e Peanuts et un dessin anim\u00e9 de Disney. <\/p>\n<p>\u00c0 partir de l\u00e0, tout ce que nous appelons \u00ab Halloween \u00bb entre en sc\u00e8ne : les fant\u00f4mes, les f\u00eates, les frayeurs, les bonbons, tout cela \u00e9voluant \u00e0 partir de bandes dessin\u00e9es, de films, de campagnes publicitaires d&rsquo;entreprises de confiserie et de gens ordinaires qui semblent vraiment aimer se d\u00e9guiser en costumes.<\/p>\n<h2 id=\"halloween-the-peoples-holiday\">Halloween : la f\u00eate du peuple<\/h2>\n<p>En fin de compte, nous ne savons pas grand-chose sur l&rsquo;origine d&rsquo;Halloween, car sa signification et la mani\u00e8re dont nous la c\u00e9l\u00e9brons changent constamment : c&rsquo;\u00e9tait autrefois un jour de f\u00eate c\u00e9l\u00e9brant la r\u00e9colte, au cours duquel les gens se lisaient mutuellement la bonne aventure ; puis c&rsquo;est devenu un jour pour les enfants d&rsquo;aller faire des bonbons ou des friandises\u00a0; puis les adultes ont commenc\u00e9 \u00e0 l&rsquo;utiliser comme excuse pour s&rsquo;habiller avec des costumes sexy de Martha Washington et se saouler. Les parents ont peur des lames de rasoir dans les bonbons et inventent \u00ab le coffre ou le traitement \u00bb\u00a0; des banlieusards trop ambitieux ont commenc\u00e9 \u00e0 transformer leurs maisons en maisons fant\u00f4mes \u00e9labor\u00e9es\u00a0; et ainsi de suite. Aucun ancien rituel pa\u00efen n\u2019est n\u00e9cessaire, il suffit que les gens d\u00e9couvrent ce qui fonctionne pour eux. <\/p>\n<p>De nombreuses autres f\u00eates majeures sont enracin\u00e9es dans la religion ou destin\u00e9es \u00e0 comm\u00e9morer un \u00e9v\u00e9nement historique sp\u00e9cifique\u00a0: ce sont des f\u00eates impos\u00e9es par le haut, o\u00f9 le pape ou le gouvernement a d\u00e9cr\u00e9t\u00e9 que tout le monde aurait un jour de cong\u00e9 \u00e0 une date pr\u00e9cise et l&rsquo;observerait de cette mani\u00e8re sp\u00e9cifique. Mais Halloween est le <em>des gens<\/em> vacances, donc il n&rsquo;y a pas de liste officielle de r\u00e8gles nous disant comment nous allons <em>cens\u00e9<\/em> pour le comm\u00e9morer, ou m\u00eame pour toute raison pour laquelle nous <em>devrait<\/em> je vais le c\u00e9l\u00e9brer. Mais chaque ann\u00e9e, nous le faisons quand m\u00eame, peut-\u00eatre en raison d&rsquo;un d\u00e9sir collectif d&rsquo;acheter des bonbons ou de faire quelque chose de sorcier avant qu&rsquo;il ne fasse trop froid pour sortir. <\/p>\n<p><script async src=\"\/\/www.instagram.com\/embed.js\"><\/script><\/p>\n","protected":false},"excerpt":{"rendered":"<p>Il est effrayant de voir \u00e0 quel point nous savons peu de choses sur la fa\u00e7on dont nos traditions effrayantes ont commenc\u00e9. Si vous n&rsquo;aimez<\/p>\n","protected":false},"author":1,"featured_media":10798,"comment_status":"","ping_status":"","sticky":false,"template":"","format":"standard","meta":{"footnotes":""},"categories":[36],"tags":[1887,2133,3463],"class_list":["post-10797","post","type-post","status-publish","format-standard","has-post-thumbnail","hentry","category-divertissement","tag-dhalloween","tag-histoire","tag-veritable","generate-columns","tablet-grid-50","mobile-grid-100","grid-parent","grid-33"],"yoast_head":"<!-- This site is optimized with the Yoast SEO plugin v24.0 - https:\/\/yoast.com\/wordpress\/plugins\/seo\/ -->\n<title>La v\u00e9ritable histoire d&#039;Halloween | Vie Associative<\/title>\n<meta name=\"robots\" content=\"index, follow, max-snippet:-1, max-image-preview:large, max-video-preview:-1\" \/>\n<link rel=\"canonical\" href=\"https:\/\/vieassociative.be\/actualites\/la-veritable-histoire-dhalloween\/\" \/>\n<meta property=\"og:locale\" content=\"fr_FR\" \/>\n<meta property=\"og:type\" content=\"article\" \/>\n<meta property=\"og:title\" content=\"La v\u00e9ritable histoire d&#039;Halloween | Vie Associative\" \/>\n<meta property=\"og:description\" content=\"Il est effrayant de voir \u00e0 quel point nous savons peu de choses sur la fa\u00e7on dont nos traditions effrayantes ont commenc\u00e9. Si vous n&rsquo;aimez\" \/>\n<meta property=\"og:url\" content=\"https:\/\/vieassociative.be\/actualites\/la-veritable-histoire-dhalloween\/\" \/>\n<meta property=\"og:site_name\" content=\"Vie Associative\" \/>\n<meta property=\"article:published_time\" content=\"2025-10-21T07:22:24+00:00\" \/>\n<meta property=\"og:image\" content=\"https:\/\/vieassociative.be\/actualites\/wp-content\/uploads\/2025\/09\/1757726237_608_Meta-pourrait-devoiler-une-montre-intelligente-pour-controler-ses-lunettes.jpg\" \/>\n<meta name=\"author\" content=\"Julien\" \/>\n<meta name=\"twitter:card\" content=\"summary_large_image\" \/>\n<meta name=\"twitter:label1\" content=\"\u00c9crit par\" \/>\n\t<meta name=\"twitter:data1\" content=\"Julien\" \/>\n\t<meta name=\"twitter:label2\" content=\"Dur\u00e9e de lecture est.\" \/>\n\t<meta name=\"twitter:data2\" content=\"10 minutes\" \/>\n<script type=\"application\/ld+json\" class=\"yoast-schema-graph\">{\"@context\":\"https:\/\/schema.org\",\"@graph\":[{\"@type\":\"Article\",\"@id\":\"https:\/\/vieassociative.be\/actualites\/la-veritable-histoire-dhalloween\/#article\",\"isPartOf\":{\"@id\":\"https:\/\/vieassociative.be\/actualites\/la-veritable-histoire-dhalloween\/\"},\"author\":{\"name\":\"Julien\",\"@id\":\"https:\/\/vieassociative.be\/actualites\/#\/schema\/person\/b87ac4f82f9d4e7b7cec7395b679edc4\"},\"headline\":\"La v\u00e9ritable histoire d&rsquo;Halloween\",\"datePublished\":\"2025-10-21T07:22:24+00:00\",\"dateModified\":\"2025-10-21T07:22:24+00:00\",\"mainEntityOfPage\":{\"@id\":\"https:\/\/vieassociative.be\/actualites\/la-veritable-histoire-dhalloween\/\"},\"wordCount\":2138,\"publisher\":{\"@id\":\"https:\/\/vieassociative.be\/actualites\/#organization\"},\"image\":{\"@id\":\"https:\/\/vieassociative.be\/actualites\/la-veritable-histoire-dhalloween\/#primaryimage\"},\"thumbnailUrl\":\"https:\/\/vieassociative.be\/actualites\/wp-content\/uploads\/2025\/10\/La-veritable-histoire-dHalloween.png\",\"keywords\":[\"dHalloween\",\"histoire\",\"v\u00e9ritable\"],\"articleSection\":[\"Divertissement\"],\"inLanguage\":\"fr-BE\"},{\"@type\":\"WebPage\",\"@id\":\"https:\/\/vieassociative.be\/actualites\/la-veritable-histoire-dhalloween\/\",\"url\":\"https:\/\/vieassociative.be\/actualites\/la-veritable-histoire-dhalloween\/\",\"name\":\"La v\u00e9ritable histoire d'Halloween | Vie Associative\",\"isPartOf\":{\"@id\":\"https:\/\/vieassociative.be\/actualites\/#website\"},\"primaryImageOfPage\":{\"@id\":\"https:\/\/vieassociative.be\/actualites\/la-veritable-histoire-dhalloween\/#primaryimage\"},\"image\":{\"@id\":\"https:\/\/vieassociative.be\/actualites\/la-veritable-histoire-dhalloween\/#primaryimage\"},\"thumbnailUrl\":\"https:\/\/vieassociative.be\/actualites\/wp-content\/uploads\/2025\/10\/La-veritable-histoire-dHalloween.png\",\"datePublished\":\"2025-10-21T07:22:24+00:00\",\"dateModified\":\"2025-10-21T07:22:24+00:00\",\"breadcrumb\":{\"@id\":\"https:\/\/vieassociative.be\/actualites\/la-veritable-histoire-dhalloween\/#breadcrumb\"},\"inLanguage\":\"fr-BE\",\"potentialAction\":[{\"@type\":\"ReadAction\",\"target\":[\"https:\/\/vieassociative.be\/actualites\/la-veritable-histoire-dhalloween\/\"]}]},{\"@type\":\"ImageObject\",\"inLanguage\":\"fr-BE\",\"@id\":\"https:\/\/vieassociative.be\/actualites\/la-veritable-histoire-dhalloween\/#primaryimage\",\"url\":\"https:\/\/vieassociative.be\/actualites\/wp-content\/uploads\/2025\/10\/La-veritable-histoire-dHalloween.png\",\"contentUrl\":\"https:\/\/vieassociative.be\/actualites\/wp-content\/uploads\/2025\/10\/La-veritable-histoire-dHalloween.png\",\"width\":1200,\"height\":675,\"caption\":\"La v\u00e9ritable histoire d'Halloween\"},{\"@type\":\"BreadcrumbList\",\"@id\":\"https:\/\/vieassociative.be\/actualites\/la-veritable-histoire-dhalloween\/#breadcrumb\",\"itemListElement\":[{\"@type\":\"ListItem\",\"position\":1,\"name\":\"Accueil\",\"item\":\"https:\/\/vieassociative.be\/actualites\/\"},{\"@type\":\"ListItem\",\"position\":2,\"name\":\"La v\u00e9ritable histoire d&rsquo;Halloween\"}]},{\"@type\":\"WebSite\",\"@id\":\"https:\/\/vieassociative.be\/actualites\/#website\",\"url\":\"https:\/\/vieassociative.be\/actualites\/\",\"name\":\"Vie Associative\",\"description\":\"\",\"publisher\":{\"@id\":\"https:\/\/vieassociative.be\/actualites\/#organization\"},\"potentialAction\":[{\"@type\":\"SearchAction\",\"target\":{\"@type\":\"EntryPoint\",\"urlTemplate\":\"https:\/\/vieassociative.be\/actualites\/?s={search_term_string}\"},\"query-input\":{\"@type\":\"PropertyValueSpecification\",\"valueRequired\":true,\"valueName\":\"search_term_string\"}}],\"inLanguage\":\"fr-BE\"},{\"@type\":\"Organization\",\"@id\":\"https:\/\/vieassociative.be\/actualites\/#organization\",\"name\":\"Vie Associative\",\"url\":\"https:\/\/vieassociative.be\/actualites\/\",\"logo\":{\"@type\":\"ImageObject\",\"inLanguage\":\"fr-BE\",\"@id\":\"https:\/\/vieassociative.be\/actualites\/#\/schema\/logo\/image\/\",\"url\":\"https:\/\/vieassociative.be\/actualites\/wp-content\/uploads\/2024\/09\/cropped-vieassociative_favicon.ico.png\",\"contentUrl\":\"https:\/\/vieassociative.be\/actualites\/wp-content\/uploads\/2024\/09\/cropped-vieassociative_favicon.ico.png\",\"width\":512,\"height\":512,\"caption\":\"Vie Associative\"},\"image\":{\"@id\":\"https:\/\/vieassociative.be\/actualites\/#\/schema\/logo\/image\/\"}},{\"@type\":\"Person\",\"@id\":\"https:\/\/vieassociative.be\/actualites\/#\/schema\/person\/b87ac4f82f9d4e7b7cec7395b679edc4\",\"name\":\"Julien\",\"image\":{\"@type\":\"ImageObject\",\"inLanguage\":\"fr-BE\",\"@id\":\"https:\/\/vieassociative.be\/actualites\/#\/schema\/person\/image\/\",\"url\":\"https:\/\/vieassociative.be\/actualites\/wp-content\/uploads\/2024\/09\/vie-associative-1-150x150.jpg\",\"contentUrl\":\"https:\/\/vieassociative.be\/actualites\/wp-content\/uploads\/2024\/09\/vie-associative-1-150x150.jpg\",\"caption\":\"Julien\"},\"description\":\"Je suis Julien, r\u00e9dacteur pour Vie Associative. Passionn\u00e9 par le monde associatif depuis plus de 10 ans, j'ai \u00e0 c\u0153ur de partager des histoires inspirantes et de mettre en lumi\u00e8re les initiatives locales. Mon objectif est de sensibiliser et d'encourager l'engagement communautaire \u00e0 travers mes articles.\",\"sameAs\":[\"https:\/\/vieassociative.be\/\"]}]}<\/script>\n<!-- \/ Yoast SEO plugin. -->","yoast_head_json":{"title":"La v\u00e9ritable histoire d'Halloween | Vie Associative","robots":{"index":"index","follow":"follow","max-snippet":"max-snippet:-1","max-image-preview":"max-image-preview:large","max-video-preview":"max-video-preview:-1"},"canonical":"https:\/\/vieassociative.be\/actualites\/la-veritable-histoire-dhalloween\/","og_locale":"fr_FR","og_type":"article","og_title":"La v\u00e9ritable histoire d'Halloween | Vie Associative","og_description":"Il est effrayant de voir \u00e0 quel point nous savons peu de choses sur la fa\u00e7on dont nos traditions effrayantes ont commenc\u00e9. Si vous n&rsquo;aimez","og_url":"https:\/\/vieassociative.be\/actualites\/la-veritable-histoire-dhalloween\/","og_site_name":"Vie Associative","article_published_time":"2025-10-21T07:22:24+00:00","og_image":[{"url":"https:\/\/vieassociative.be\/actualites\/wp-content\/uploads\/2025\/09\/1757726237_608_Meta-pourrait-devoiler-une-montre-intelligente-pour-controler-ses-lunettes.jpg","type":"","width":"","height":""}],"author":"Julien","twitter_card":"summary_large_image","twitter_misc":{"\u00c9crit par":"Julien","Dur\u00e9e de lecture est.":"10 minutes"},"schema":{"@context":"https:\/\/schema.org","@graph":[{"@type":"Article","@id":"https:\/\/vieassociative.be\/actualites\/la-veritable-histoire-dhalloween\/#article","isPartOf":{"@id":"https:\/\/vieassociative.be\/actualites\/la-veritable-histoire-dhalloween\/"},"author":{"name":"Julien","@id":"https:\/\/vieassociative.be\/actualites\/#\/schema\/person\/b87ac4f82f9d4e7b7cec7395b679edc4"},"headline":"La v\u00e9ritable histoire d&rsquo;Halloween","datePublished":"2025-10-21T07:22:24+00:00","dateModified":"2025-10-21T07:22:24+00:00","mainEntityOfPage":{"@id":"https:\/\/vieassociative.be\/actualites\/la-veritable-histoire-dhalloween\/"},"wordCount":2138,"publisher":{"@id":"https:\/\/vieassociative.be\/actualites\/#organization"},"image":{"@id":"https:\/\/vieassociative.be\/actualites\/la-veritable-histoire-dhalloween\/#primaryimage"},"thumbnailUrl":"https:\/\/vieassociative.be\/actualites\/wp-content\/uploads\/2025\/10\/La-veritable-histoire-dHalloween.png","keywords":["dHalloween","histoire","v\u00e9ritable"],"articleSection":["Divertissement"],"inLanguage":"fr-BE"},{"@type":"WebPage","@id":"https:\/\/vieassociative.be\/actualites\/la-veritable-histoire-dhalloween\/","url":"https:\/\/vieassociative.be\/actualites\/la-veritable-histoire-dhalloween\/","name":"La v\u00e9ritable histoire d'Halloween | Vie Associative","isPartOf":{"@id":"https:\/\/vieassociative.be\/actualites\/#website"},"primaryImageOfPage":{"@id":"https:\/\/vieassociative.be\/actualites\/la-veritable-histoire-dhalloween\/#primaryimage"},"image":{"@id":"https:\/\/vieassociative.be\/actualites\/la-veritable-histoire-dhalloween\/#primaryimage"},"thumbnailUrl":"https:\/\/vieassociative.be\/actualites\/wp-content\/uploads\/2025\/10\/La-veritable-histoire-dHalloween.png","datePublished":"2025-10-21T07:22:24+00:00","dateModified":"2025-10-21T07:22:24+00:00","breadcrumb":{"@id":"https:\/\/vieassociative.be\/actualites\/la-veritable-histoire-dhalloween\/#breadcrumb"},"inLanguage":"fr-BE","potentialAction":[{"@type":"ReadAction","target":["https:\/\/vieassociative.be\/actualites\/la-veritable-histoire-dhalloween\/"]}]},{"@type":"ImageObject","inLanguage":"fr-BE","@id":"https:\/\/vieassociative.be\/actualites\/la-veritable-histoire-dhalloween\/#primaryimage","url":"https:\/\/vieassociative.be\/actualites\/wp-content\/uploads\/2025\/10\/La-veritable-histoire-dHalloween.png","contentUrl":"https:\/\/vieassociative.be\/actualites\/wp-content\/uploads\/2025\/10\/La-veritable-histoire-dHalloween.png","width":1200,"height":675,"caption":"La v\u00e9ritable histoire d'Halloween"},{"@type":"BreadcrumbList","@id":"https:\/\/vieassociative.be\/actualites\/la-veritable-histoire-dhalloween\/#breadcrumb","itemListElement":[{"@type":"ListItem","position":1,"name":"Accueil","item":"https:\/\/vieassociative.be\/actualites\/"},{"@type":"ListItem","position":2,"name":"La v\u00e9ritable histoire d&rsquo;Halloween"}]},{"@type":"WebSite","@id":"https:\/\/vieassociative.be\/actualites\/#website","url":"https:\/\/vieassociative.be\/actualites\/","name":"Vie Associative","description":"","publisher":{"@id":"https:\/\/vieassociative.be\/actualites\/#organization"},"potentialAction":[{"@type":"SearchAction","target":{"@type":"EntryPoint","urlTemplate":"https:\/\/vieassociative.be\/actualites\/?s={search_term_string}"},"query-input":{"@type":"PropertyValueSpecification","valueRequired":true,"valueName":"search_term_string"}}],"inLanguage":"fr-BE"},{"@type":"Organization","@id":"https:\/\/vieassociative.be\/actualites\/#organization","name":"Vie Associative","url":"https:\/\/vieassociative.be\/actualites\/","logo":{"@type":"ImageObject","inLanguage":"fr-BE","@id":"https:\/\/vieassociative.be\/actualites\/#\/schema\/logo\/image\/","url":"https:\/\/vieassociative.be\/actualites\/wp-content\/uploads\/2024\/09\/cropped-vieassociative_favicon.ico.png","contentUrl":"https:\/\/vieassociative.be\/actualites\/wp-content\/uploads\/2024\/09\/cropped-vieassociative_favicon.ico.png","width":512,"height":512,"caption":"Vie Associative"},"image":{"@id":"https:\/\/vieassociative.be\/actualites\/#\/schema\/logo\/image\/"}},{"@type":"Person","@id":"https:\/\/vieassociative.be\/actualites\/#\/schema\/person\/b87ac4f82f9d4e7b7cec7395b679edc4","name":"Julien","image":{"@type":"ImageObject","inLanguage":"fr-BE","@id":"https:\/\/vieassociative.be\/actualites\/#\/schema\/person\/image\/","url":"https:\/\/vieassociative.be\/actualites\/wp-content\/uploads\/2024\/09\/vie-associative-1-150x150.jpg","contentUrl":"https:\/\/vieassociative.be\/actualites\/wp-content\/uploads\/2024\/09\/vie-associative-1-150x150.jpg","caption":"Julien"},"description":"Je suis Julien, r\u00e9dacteur pour Vie Associative. Passionn\u00e9 par le monde associatif depuis plus de 10 ans, j'ai \u00e0 c\u0153ur de partager des histoires inspirantes et de mettre en lumi\u00e8re les initiatives locales. Mon objectif est de sensibiliser et d'encourager l'engagement communautaire \u00e0 travers mes articles.","sameAs":["https:\/\/vieassociative.be\/"]}]}},"_links":{"self":[{"href":"https:\/\/vieassociative.be\/actualites\/wp-json\/wp\/v2\/posts\/10797"}],"collection":[{"href":"https:\/\/vieassociative.be\/actualites\/wp-json\/wp\/v2\/posts"}],"about":[{"href":"https:\/\/vieassociative.be\/actualites\/wp-json\/wp\/v2\/types\/post"}],"author":[{"embeddable":true,"href":"https:\/\/vieassociative.be\/actualites\/wp-json\/wp\/v2\/users\/1"}],"replies":[{"embeddable":true,"href":"https:\/\/vieassociative.be\/actualites\/wp-json\/wp\/v2\/comments?post=10797"}],"version-history":[{"count":0,"href":"https:\/\/vieassociative.be\/actualites\/wp-json\/wp\/v2\/posts\/10797\/revisions"}],"wp:featuredmedia":[{"embeddable":true,"href":"https:\/\/vieassociative.be\/actualites\/wp-json\/wp\/v2\/media\/10798"}],"wp:attachment":[{"href":"https:\/\/vieassociative.be\/actualites\/wp-json\/wp\/v2\/media?parent=10797"}],"wp:term":[{"taxonomy":"category","embeddable":true,"href":"https:\/\/vieassociative.be\/actualites\/wp-json\/wp\/v2\/categories?post=10797"},{"taxonomy":"post_tag","embeddable":true,"href":"https:\/\/vieassociative.be\/actualites\/wp-json\/wp\/v2\/tags?post=10797"}],"curies":[{"name":"wp","href":"https:\/\/api.w.org\/{rel}","templated":true}]}}